{"id":193049,"date":"2023-12-15T07:31:40","date_gmt":"2023-12-15T11:31:40","guid":{"rendered":"https:\/\/www.eldiario.net\/portal\/?p=193049"},"modified":"2023-12-15T07:31:40","modified_gmt":"2023-12-15T11:31:40","slug":"copernico-darwin-freud-y-marx-grandes-revoluciones-de-la-humanidad-2","status":"publish","type":"post","link":"https:\/\/www.eldiario.net\/portal\/2023\/12\/15\/copernico-darwin-freud-y-marx-grandes-revoluciones-de-la-humanidad-2\/","title":{"rendered":"Cop\u00e9rnico, Darwin, Freud y Marx Grandes revoluciones de la humanidad"},"content":{"rendered":"<p><strong>Por: Equipo editor<\/strong><\/p>\n<p>&nbsp;<\/p>\n<ol start=\"3\">\n<li><strong> Psicoan\u00e1lisis, formaci\u00f3n de la personalidad y educaci\u00f3n<\/strong><\/li>\n<\/ol>\n<p>&nbsp;<\/p>\n<p>Sigmund Freud naci\u00f3 en Freiberg, en la antigua Moravia (Checoslovaquia) el 6 de mayo de 1856. Su padre fue un comerciante que ten\u00eda cuarenta a\u00f1os, cuando naci\u00f3 Freud, su madre era veinte a\u00f1os m\u00e1s joven que su padre. Seg\u00fan Freud el aspecto que lo llevo a sentir inter\u00e9s, curiosidad para desarrollar su inteligencia fue la situaci\u00f3n familiar, en la cual se desarroll\u00f3 como individuo.<\/p>\n<p>&nbsp;<\/p>\n<p>Su inter\u00e9s cient\u00edfico como investigador se centr\u00f3 en el campo de la neurolog\u00eda, derivando posteriormente sus investigaciones hacia la psicol\u00f3gica. Estudi\u00f3 en Par\u00eds sobre las aplicaciones de la hipnosis en el tratamiento de la histeria, con el neur\u00f3logo franc\u00e9s Jean-Martin Charcot. Al retornar a Viena y en colaboraci\u00f3n con Josef Breuer desarroll\u00f3 \u201cel m\u00e9todo cat\u00e1rtico\u201d, estos estudios fueron remplazados paulatinamente por la asociaci\u00f3n libre y la interpretaci\u00f3n de los sue\u00f1os. De igual modo, la b\u00fasqueda inicial de los traumas psic\u00f3genos como productores de s\u00edntomas fue abriendo paso al desarrollo de la teor\u00eda etiol\u00f3gica de la neurosis m\u00e1s diferenciada.<\/p>\n<p>&nbsp;<\/p>\n<p><strong>3.1 Los estudios de Freud<\/strong><\/p>\n<p>&nbsp;<\/p>\n<p>Freud en 1873 finaliz\u00f3 sus estudios secundarios con excelentes calificaciones, luego comenz\u00f3 a estudiar medicina movido por su inter\u00e9s de conocer la condici\u00f3n humana, pero a la mitad de la carrera se dedic\u00f3 a la investigaci\u00f3n biol\u00f3gica. En los a\u00f1os 1876 a 1882 trabaj\u00f3 en el laboratorio del fisi\u00f3logo Ernst von Br\u00fccke, donde se interes\u00f3 en algunas estructuras nerviosas de los animales y en la anatom\u00eda del cerebro humano.<\/p>\n<p>&nbsp;<\/p>\n<p>En 1882 conoci\u00f3 a su futura esposa Martha Bernays, quien era hija de una familia de intelectuales jud\u00edos, el deseo de contraer matrimonio lo llevo a renunciar a su carrera de investigador y se decidi\u00f3 a ganarse la vida como m\u00e9dico, t\u00edtulo que hab\u00eda obtenido el a\u00f1o 1881. Obtuvo una beca para estudiar en Par\u00eds, donde trabaj\u00f3 durante cuatro meses y medio en el servicio de neurolog\u00eda de la Salp\u00eatri\u00e8re que se encontraba bajo la direcci\u00f3n de Jean Mart\u00edn Charcot.<\/p>\n<p>&nbsp;<\/p>\n<p>All\u00ed tuvo la oportunidad de observar las manifestaciones de la histeria, los efectos de la hipnosis y la sugesti\u00f3n en el tratamiento de la misma. En 1895 se convirti\u00f3 en psicoanalista infantil. Su amistad con Breuer dio paso a una colaboraci\u00f3n estrecha, que madurar\u00eda en la creaci\u00f3n del psicoan\u00e1lisis. En 1886, luego de haber comprobado en Par\u00eds la operatividad de la hipnosis, Freud oblig\u00f3 a Breuer para un libro sobre la histeria surgida en el a\u00f1o 1895, es as\u00ed que Freud desarroll\u00f3 sus primeras ideas sobre el psicoan\u00e1lisis.<\/p>\n<p>&nbsp;<\/p>\n<p>En 1896 Freud empez\u00f3 a transformar la metodolog\u00eda terap\u00e9utica denominada como \u201ccatarsis\u201d, basada en la hipnosis, en lo que \u00e9l mismo denomin\u00f3 el m\u00e9todo del \u201clibre asociaci\u00f3n\u201d, el tratamiento de sus pacientes lo llev\u00f3 a concebir los elementos esenciales para los conceptos psicoanal\u00edticos de \u201cinconsciente\u201d, \u201crepresi\u00f3n\u201d y \u201ctransferencia\u201d. En 1899 dio origen a su obra \u201cLa interpretaci\u00f3n de los sue\u00f1os\u201d.<\/p>\n<p>&nbsp;<\/p>\n<p><strong>3.2 Las fases de la obra de Freud<\/strong><\/p>\n<p>&nbsp;<\/p>\n<ol>\n<li>Primera fase se encuentra comprendida entre los a\u00f1os 1895 a 1914 y 1895 a 1900, donde se descubri\u00f3 el psicoan\u00e1lisis. En los a\u00f1os 1900 a 1914 se present\u00f3 la afirmaci\u00f3n del psicoan\u00e1lisis y la construcci\u00f3n de una sociedad de psicoanalistas.<\/li>\n<\/ol>\n<p>&nbsp;<\/p>\n<ol start=\"2\">\n<li>Segunda fase se da entre los a\u00f1os 1914 a 1934, comprende el triunfo del psicoan\u00e1lisis en un cierto n\u00famero de sectores y donde Freud va desarrollando la teor\u00eda sobre la estructura de la personalidad.<\/li>\n<\/ol>\n<p>&nbsp;<\/p>\n<ol start=\"3\">\n<li>\u00daltima fase comprendida entre 1934 a 1939, en este periodo a Freud se le detecta un c\u00e1ncer en la mand\u00edbula, por el cual muere. Tambi\u00e9n se presenta el problema del racismo ya que los nazis env\u00edan sus tropas a Viena, provocando que Freud y algunos de sus amigos deban pagar un monto muy elevado a los nazis para poder abandonar el pa\u00eds.<\/li>\n<\/ol>\n<p>&nbsp;<\/p>\n<p>En la primera fase, Freud en su experiencia como terapeuta descubre la realidad del psiquismo inconsciente, llegando a la hip\u00f3tesis del inconsciente, a partir de los s\u00edntomas neur\u00f3ticos, de los sue\u00f1os y de los actos fallidos. Freud desecha la hip\u00f3tesis de la existencia de un psiquismo inconsciente consider\u00e1ndolo m\u00e1s importante que el psiquismo consciente. Descubri\u00f3 que el contenido del psiquismo inconsciente es sexual; es decir, est\u00e1 ligado a los estados de una vida sexual, que comienza en el nacimiento y no en la pubertad.<\/p>\n<p>&nbsp;<\/p>\n<p><strong>3.3 La teor\u00eda de Freud<\/strong><\/p>\n<p>&nbsp;<\/p>\n<p>El punto de partida para Freud es la noci\u00f3n de \u201cinconsciente psicol\u00f3gico\u201d, para que haya un orden psicol\u00f3gico es fundamental la zona inconsciente, el cual es din\u00e1mico y ejerce una presi\u00f3n constante sobre el plano consciente en la conducta de la persona. El inconsciente est\u00e1 compuesto por instintos, bajo la acci\u00f3n del mundo exterior y sufre transformaciones por parte de la conciencia, que es una fuerza capaz de oponerse a los impulsos del inconsciente.<\/p>\n<p>&nbsp;<\/p>\n<p>Entre la conciencia y el inconsciente existe el \u201cpre-consciente\u201d, que es un intermediario, est\u00e1 constituido por fen\u00f3menos inconscientes que integran la actividad de la conciencia, los cuales son susceptibles de hacerse conscientes, para que esto suceda deben sufrir una serie de operaciones deformadoras.<\/p>\n<p>&nbsp;<\/p>\n<p>Una parte del pre-consciente es la censura, la cual se la adquiere por la acci\u00f3n del medio exterior, bajo la influencia de la educaci\u00f3n. El inconsciente, la conciencia y la censura fueron denominados por Freud como \u201cello\u201d, \u201cyo\u201d y el \u201cs\u00faperyo\u201d, que constituyen las tres fuerzas fundamentales del psiquismo. Entre estas existen relaciones din\u00e1micas y de su combinaci\u00f3n resulta la personalidad total o el aparato an\u00edmico.<\/p>\n<div id='gallery-1' class='gallery galleryid-193049 gallery-columns-3 gallery-size-medium'><figure class='gallery-item'>\n\t\t\t<div class='gallery-icon portrait'>\n\t\t\t\t<a href='https:\/\/www.eldiario.net\/portal\/2023\/12\/15\/copernico-darwin-freud-y-marx-grandes-revoluciones-de-la-humanidad-2\/socio-freud\/'><img loading=\"lazy\" decoding=\"async\" width=\"258\" height=\"300\" src=\"https:\/\/www.eldiario.net\/portal\/wp-content\/uploads\/2023\/12\/Socio-Freud-258x300.jpg\" class=\"attachment-medium size-medium\" alt=\"\" srcset=\"https:\/\/www.eldiario.net\/portal\/wp-content\/uploads\/2023\/12\/Socio-Freud-258x300.jpg 258w, https:\/\/www.eldiario.net\/portal\/wp-content\/uploads\/2023\/12\/Socio-Freud-879x1024.jpg 879w, https:\/\/www.eldiario.net\/portal\/wp-content\/uploads\/2023\/12\/Socio-Freud-768x895.jpg 768w, https:\/\/www.eldiario.net\/portal\/wp-content\/uploads\/2023\/12\/Socio-Freud-696x811.jpg 696w, https:\/\/www.eldiario.net\/portal\/wp-content\/uploads\/2023\/12\/Socio-Freud.jpg 1024w\" sizes=\"auto, (max-width: 258px) 100vw, 258px\" \/><\/a>\n\t\t\t<\/div><\/figure><figure class='gallery-item'>\n\t\t\t<div class='gallery-icon landscape'>\n\t\t\t\t<a href='https:\/\/www.eldiario.net\/portal\/2023\/12\/15\/copernico-darwin-freud-y-marx-grandes-revoluciones-de-la-humanidad-2\/socio-psicoanalisis\/'><img loading=\"lazy\" decoding=\"async\" width=\"300\" height=\"228\" src=\"https:\/\/www.eldiario.net\/portal\/wp-content\/uploads\/2023\/12\/Socio-Psicoanalisis-300x228.jpg\" class=\"attachment-medium size-medium\" alt=\"\" srcset=\"https:\/\/www.eldiario.net\/portal\/wp-content\/uploads\/2023\/12\/Socio-Psicoanalisis-300x228.jpg 300w, https:\/\/www.eldiario.net\/portal\/wp-content\/uploads\/2023\/12\/Socio-Psicoanalisis.jpg 474w\" sizes=\"auto, (max-width: 300px) 100vw, 300px\" \/><\/a>\n\t\t\t<\/div><\/figure>\n\t\t<\/div>\n\n","protected":false},"excerpt":{"rendered":"<p>Por: Equipo editor &nbsp; Psicoan\u00e1lisis, formaci\u00f3n de la personalidad y educaci\u00f3n &nbsp; Sigmund Freud naci\u00f3 en Freiberg, en la antigua Moravia (Checoslovaquia) el 6 de mayo de 1856. Su padre fue un comerciante que ten\u00eda cuarenta a\u00f1os, cuando naci\u00f3 Freud, su madre era veinte a\u00f1os m\u00e1s joven que su padre. Seg\u00fan Freud el aspecto que [&hellip;]<\/p>\n","protected":false},"author":1,"featured_media":193051,"comment_status":"closed","ping_status":"open","sticky":false,"template":"","format":"standard","meta":{"_acf_changed":false,"footnotes":""},"categories":[43],"tags":[],"class_list":["post-193049","post","type-post","status-publish","format-standard","has-post-thumbnail","category-nuevos-horizontes"],"acf":{"antetitulo":""},"yoast_head":"<!-- This site is optimized with the Yoast SEO plugin v28.3 - https:\/\/yoast.com\/product\/yoast-seo-wordpress\/ -->\n<title>Cop\u00e9rnico, Darwin, Freud y Marx Grandes revoluciones de la humanidad - El Diario - Bolivia<\/title>\n<meta name=\"robots\" content=\"index, follow, max-snippet:-1, max-image-preview:large, max-video-preview:-1\" \/>\n<link rel=\"canonical\" href=\"https:\/\/www.eldiario.net\/portal\/2023\/12\/15\/copernico-darwin-freud-y-marx-grandes-revoluciones-de-la-humanidad-2\/\" \/>\n<meta property=\"og:locale\" content=\"es_ES\" \/>\n<meta property=\"og:type\" content=\"article\" \/>\n<meta property=\"og:title\" content=\"Cop\u00e9rnico, Darwin, Freud y Marx Grandes revoluciones de la humanidad - El Diario - Bolivia\" \/>\n<meta property=\"og:description\" content=\"Por: Equipo editor &nbsp; Psicoan\u00e1lisis, formaci\u00f3n de la personalidad y educaci\u00f3n &nbsp; Sigmund Freud naci\u00f3 en Freiberg, en la antigua Moravia (Checoslovaquia) el 6 de mayo de 1856. Su padre fue un comerciante que ten\u00eda cuarenta a\u00f1os, cuando naci\u00f3 Freud, su madre era veinte a\u00f1os m\u00e1s joven que su padre. Seg\u00fan Freud el aspecto que [&hellip;]\" \/>\n<meta property=\"og:url\" content=\"https:\/\/www.eldiario.net\/portal\/2023\/12\/15\/copernico-darwin-freud-y-marx-grandes-revoluciones-de-la-humanidad-2\/\" \/>\n<meta property=\"og:site_name\" content=\"El Diario - Bolivia\" \/>\n<meta property=\"article:publisher\" content=\"https:\/\/www.facebook.com\/eldiario.bolivia\/\" \/>\n<meta property=\"article:published_time\" content=\"2023-12-15T11:31:40+00:00\" \/>\n<meta property=\"og:image\" content=\"https:\/\/www.eldiario.net\/portal\/wp-content\/uploads\/2023\/12\/Socio-Psicoanalisis.jpg\" \/>\n\t<meta property=\"og:image:width\" content=\"474\" \/>\n\t<meta property=\"og:image:height\" content=\"361\" \/>\n\t<meta property=\"og:image:type\" content=\"image\/jpeg\" \/>\n<meta name=\"author\" content=\"Jeanette\" \/>\n<meta name=\"twitter:card\" content=\"summary_large_image\" \/>\n<meta name=\"twitter:creator\" content=\"@eldiario_net\" \/>\n<meta name=\"twitter:site\" content=\"@eldiario_net\" \/>\n<meta name=\"twitter:label1\" content=\"Escrito por\" \/>\n\t<meta name=\"twitter:data1\" content=\"Jeanette\" \/>\n\t<meta name=\"twitter:label2\" content=\"Tiempo de lectura\" \/>\n\t<meta name=\"twitter:data2\" content=\"5 minutos\" \/>\n<script type=\"application\/ld+json\" class=\"yoast-schema-graph\">{\"@context\":\"https:\\\/\\\/schema.org\",\"@graph\":[{\"@type\":\"Article\",\"@id\":\"https:\\\/\\\/www.eldiario.net\\\/portal\\\/2023\\\/12\\\/15\\\/copernico-darwin-freud-y-marx-grandes-revoluciones-de-la-humanidad-2\\\/#article\",\"isPartOf\":{\"@id\":\"https:\\\/\\\/www.eldiario.net\\\/portal\\\/2023\\\/12\\\/15\\\/copernico-darwin-freud-y-marx-grandes-revoluciones-de-la-humanidad-2\\\/\"},\"author\":{\"name\":\"Jeanette\",\"@id\":\"https:\\\/\\\/www.eldiario.net\\\/portal\\\/#\\\/schema\\\/person\\\/f46445640444750d7d753ccd04ae01b7\"},\"headline\":\"Cop\u00e9rnico, Darwin, Freud y Marx Grandes revoluciones de la humanidad\",\"datePublished\":\"2023-12-15T11:31:40+00:00\",\"mainEntityOfPage\":{\"@id\":\"https:\\\/\\\/www.eldiario.net\\\/portal\\\/2023\\\/12\\\/15\\\/copernico-darwin-freud-y-marx-grandes-revoluciones-de-la-humanidad-2\\\/\"},\"wordCount\":997,\"publisher\":{\"@id\":\"https:\\\/\\\/www.eldiario.net\\\/portal\\\/#organization\"},\"image\":{\"@id\":\"https:\\\/\\\/www.eldiario.net\\\/portal\\\/2023\\\/12\\\/15\\\/copernico-darwin-freud-y-marx-grandes-revoluciones-de-la-humanidad-2\\\/#primaryimage\"},\"thumbnailUrl\":\"https:\\\/\\\/www.eldiario.net\\\/portal\\\/wp-content\\\/uploads\\\/2023\\\/12\\\/Socio-Psicoanalisis.jpg\",\"articleSection\":[\"Nuevos Horizontes\"],\"inLanguage\":\"es\"},{\"@type\":\"WebPage\",\"@id\":\"https:\\\/\\\/www.eldiario.net\\\/portal\\\/2023\\\/12\\\/15\\\/copernico-darwin-freud-y-marx-grandes-revoluciones-de-la-humanidad-2\\\/\",\"url\":\"https:\\\/\\\/www.eldiario.net\\\/portal\\\/2023\\\/12\\\/15\\\/copernico-darwin-freud-y-marx-grandes-revoluciones-de-la-humanidad-2\\\/\",\"name\":\"Cop\u00e9rnico, Darwin, Freud y Marx Grandes revoluciones de la humanidad - El Diario - Bolivia\",\"isPartOf\":{\"@id\":\"https:\\\/\\\/www.eldiario.net\\\/portal\\\/#website\"},\"primaryImageOfPage\":{\"@id\":\"https:\\\/\\\/www.eldiario.net\\\/portal\\\/2023\\\/12\\\/15\\\/copernico-darwin-freud-y-marx-grandes-revoluciones-de-la-humanidad-2\\\/#primaryimage\"},\"image\":{\"@id\":\"https:\\\/\\\/www.eldiario.net\\\/portal\\\/2023\\\/12\\\/15\\\/copernico-darwin-freud-y-marx-grandes-revoluciones-de-la-humanidad-2\\\/#primaryimage\"},\"thumbnailUrl\":\"https:\\\/\\\/www.eldiario.net\\\/portal\\\/wp-content\\\/uploads\\\/2023\\\/12\\\/Socio-Psicoanalisis.jpg\",\"datePublished\":\"2023-12-15T11:31:40+00:00\",\"breadcrumb\":{\"@id\":\"https:\\\/\\\/www.eldiario.net\\\/portal\\\/2023\\\/12\\\/15\\\/copernico-darwin-freud-y-marx-grandes-revoluciones-de-la-humanidad-2\\\/#breadcrumb\"},\"inLanguage\":\"es\",\"potentialAction\":[{\"@type\":\"ReadAction\",\"target\":[\"https:\\\/\\\/www.eldiario.net\\\/portal\\\/2023\\\/12\\\/15\\\/copernico-darwin-freud-y-marx-grandes-revoluciones-de-la-humanidad-2\\\/\"]}]},{\"@type\":\"ImageObject\",\"inLanguage\":\"es\",\"@id\":\"https:\\\/\\\/www.eldiario.net\\\/portal\\\/2023\\\/12\\\/15\\\/copernico-darwin-freud-y-marx-grandes-revoluciones-de-la-humanidad-2\\\/#primaryimage\",\"url\":\"https:\\\/\\\/www.eldiario.net\\\/portal\\\/wp-content\\\/uploads\\\/2023\\\/12\\\/Socio-Psicoanalisis.jpg\",\"contentUrl\":\"https:\\\/\\\/www.eldiario.net\\\/portal\\\/wp-content\\\/uploads\\\/2023\\\/12\\\/Socio-Psicoanalisis.jpg\",\"width\":474,\"height\":361},{\"@type\":\"BreadcrumbList\",\"@id\":\"https:\\\/\\\/www.eldiario.net\\\/portal\\\/2023\\\/12\\\/15\\\/copernico-darwin-freud-y-marx-grandes-revoluciones-de-la-humanidad-2\\\/#breadcrumb\",\"itemListElement\":[{\"@type\":\"ListItem\",\"position\":1,\"name\":\"Portada\",\"item\":\"https:\\\/\\\/www.eldiario.net\\\/portal\\\/\"},{\"@type\":\"ListItem\",\"position\":2,\"name\":\"Cop\u00e9rnico, Darwin, Freud y Marx Grandes revoluciones de la humanidad\"}]},{\"@type\":\"WebSite\",\"@id\":\"https:\\\/\\\/www.eldiario.net\\\/portal\\\/#website\",\"url\":\"https:\\\/\\\/www.eldiario.net\\\/portal\\\/\",\"name\":\"El Diario - Decano de la prensa nacional\",\"description\":\"El Diario - Decano de la prensa nacional\",\"publisher\":{\"@id\":\"https:\\\/\\\/www.eldiario.net\\\/portal\\\/#organization\"},\"potentialAction\":[{\"@type\":\"SearchAction\",\"target\":{\"@type\":\"EntryPoint\",\"urlTemplate\":\"https:\\\/\\\/www.eldiario.net\\\/portal\\\/?s={search_term_string}\"},\"query-input\":{\"@type\":\"PropertyValueSpecification\",\"valueRequired\":true,\"valueName\":\"search_term_string\"}}],\"inLanguage\":\"es\"},{\"@type\":\"Organization\",\"@id\":\"https:\\\/\\\/www.eldiario.net\\\/portal\\\/#organization\",\"name\":\"El Diario - Decano de la prensa nacional\",\"url\":\"https:\\\/\\\/www.eldiario.net\\\/portal\\\/\",\"logo\":{\"@type\":\"ImageObject\",\"inLanguage\":\"es\",\"@id\":\"https:\\\/\\\/www.eldiario.net\\\/portal\\\/#\\\/schema\\\/logo\\\/image\\\/\",\"url\":\"https:\\\/\\\/www.eldiario.net\\\/portal\\\/wp-content\\\/uploads\\\/2023\\\/07\\\/logo_ED.jpg\",\"contentUrl\":\"https:\\\/\\\/www.eldiario.net\\\/portal\\\/wp-content\\\/uploads\\\/2023\\\/07\\\/logo_ED.jpg\",\"width\":272,\"height\":52,\"caption\":\"El Diario - Decano de la prensa nacional\"},\"image\":{\"@id\":\"https:\\\/\\\/www.eldiario.net\\\/portal\\\/#\\\/schema\\\/logo\\\/image\\\/\"},\"sameAs\":[\"https:\\\/\\\/www.facebook.com\\\/eldiario.bolivia\\\/\",\"https:\\\/\\\/x.com\\\/eldiario_net\"]},{\"@type\":\"Person\",\"@id\":\"https:\\\/\\\/www.eldiario.net\\\/portal\\\/#\\\/schema\\\/person\\\/f46445640444750d7d753ccd04ae01b7\",\"name\":\"Jeanette\",\"image\":{\"@type\":\"ImageObject\",\"inLanguage\":\"es\",\"@id\":\"https:\\\/\\\/secure.gravatar.com\\\/avatar\\\/3ea2118a5f7dad2b7138b1187a6b7ee55f160b9968b66013c3a3ef39dd7e5798?s=96&d=mm&r=g\",\"url\":\"https:\\\/\\\/secure.gravatar.com\\\/avatar\\\/3ea2118a5f7dad2b7138b1187a6b7ee55f160b9968b66013c3a3ef39dd7e5798?s=96&d=mm&r=g\",\"contentUrl\":\"https:\\\/\\\/secure.gravatar.com\\\/avatar\\\/3ea2118a5f7dad2b7138b1187a6b7ee55f160b9968b66013c3a3ef39dd7e5798?s=96&d=mm&r=g\",\"caption\":\"Jeanette\"},\"sameAs\":[\"https:\\\/\\\/www.eldiario.net\\\/portal\"],\"url\":\"https:\\\/\\\/www.eldiario.net\\\/portal\\\/author\\\/jeanette\\\/\"}]}<\/script>\n<!-- \/ Yoast SEO plugin. -->","yoast_head_json":{"title":"Cop\u00e9rnico, Darwin, Freud y Marx Grandes revoluciones de la humanidad - El Diario - Bolivia","robots":{"index":"index","follow":"follow","max-snippet":"max-snippet:-1","max-image-preview":"max-image-preview:large","max-video-preview":"max-video-preview:-1"},"canonical":"https:\/\/www.eldiario.net\/portal\/2023\/12\/15\/copernico-darwin-freud-y-marx-grandes-revoluciones-de-la-humanidad-2\/","og_locale":"es_ES","og_type":"article","og_title":"Cop\u00e9rnico, Darwin, Freud y Marx Grandes revoluciones de la humanidad - El Diario - Bolivia","og_description":"Por: Equipo editor &nbsp; Psicoan\u00e1lisis, formaci\u00f3n de la personalidad y educaci\u00f3n &nbsp; Sigmund Freud naci\u00f3 en Freiberg, en la antigua Moravia (Checoslovaquia) el 6 de mayo de 1856. Su padre fue un comerciante que ten\u00eda cuarenta a\u00f1os, cuando naci\u00f3 Freud, su madre era veinte a\u00f1os m\u00e1s joven que su padre. Seg\u00fan Freud el aspecto que [&hellip;]","og_url":"https:\/\/www.eldiario.net\/portal\/2023\/12\/15\/copernico-darwin-freud-y-marx-grandes-revoluciones-de-la-humanidad-2\/","og_site_name":"El Diario - Bolivia","article_publisher":"https:\/\/www.facebook.com\/eldiario.bolivia\/","article_published_time":"2023-12-15T11:31:40+00:00","og_image":[{"width":474,"height":361,"url":"https:\/\/www.eldiario.net\/portal\/wp-content\/uploads\/2023\/12\/Socio-Psicoanalisis.jpg","type":"image\/jpeg"}],"author":"Jeanette","twitter_card":"summary_large_image","twitter_creator":"@eldiario_net","twitter_site":"@eldiario_net","twitter_misc":{"Escrito por":"Jeanette","Tiempo de lectura":"5 minutos"},"schema":{"@context":"https:\/\/schema.org","@graph":[{"@type":"Article","@id":"https:\/\/www.eldiario.net\/portal\/2023\/12\/15\/copernico-darwin-freud-y-marx-grandes-revoluciones-de-la-humanidad-2\/#article","isPartOf":{"@id":"https:\/\/www.eldiario.net\/portal\/2023\/12\/15\/copernico-darwin-freud-y-marx-grandes-revoluciones-de-la-humanidad-2\/"},"author":{"name":"Jeanette","@id":"https:\/\/www.eldiario.net\/portal\/#\/schema\/person\/f46445640444750d7d753ccd04ae01b7"},"headline":"Cop\u00e9rnico, Darwin, Freud y Marx Grandes revoluciones de la humanidad","datePublished":"2023-12-15T11:31:40+00:00","mainEntityOfPage":{"@id":"https:\/\/www.eldiario.net\/portal\/2023\/12\/15\/copernico-darwin-freud-y-marx-grandes-revoluciones-de-la-humanidad-2\/"},"wordCount":997,"publisher":{"@id":"https:\/\/www.eldiario.net\/portal\/#organization"},"image":{"@id":"https:\/\/www.eldiario.net\/portal\/2023\/12\/15\/copernico-darwin-freud-y-marx-grandes-revoluciones-de-la-humanidad-2\/#primaryimage"},"thumbnailUrl":"https:\/\/www.eldiario.net\/portal\/wp-content\/uploads\/2023\/12\/Socio-Psicoanalisis.jpg","articleSection":["Nuevos Horizontes"],"inLanguage":"es"},{"@type":"WebPage","@id":"https:\/\/www.eldiario.net\/portal\/2023\/12\/15\/copernico-darwin-freud-y-marx-grandes-revoluciones-de-la-humanidad-2\/","url":"https:\/\/www.eldiario.net\/portal\/2023\/12\/15\/copernico-darwin-freud-y-marx-grandes-revoluciones-de-la-humanidad-2\/","name":"Cop\u00e9rnico, Darwin, Freud y Marx Grandes revoluciones de la humanidad - El Diario - Bolivia","isPartOf":{"@id":"https:\/\/www.eldiario.net\/portal\/#website"},"primaryImageOfPage":{"@id":"https:\/\/www.eldiario.net\/portal\/2023\/12\/15\/copernico-darwin-freud-y-marx-grandes-revoluciones-de-la-humanidad-2\/#primaryimage"},"image":{"@id":"https:\/\/www.eldiario.net\/portal\/2023\/12\/15\/copernico-darwin-freud-y-marx-grandes-revoluciones-de-la-humanidad-2\/#primaryimage"},"thumbnailUrl":"https:\/\/www.eldiario.net\/portal\/wp-content\/uploads\/2023\/12\/Socio-Psicoanalisis.jpg","datePublished":"2023-12-15T11:31:40+00:00","breadcrumb":{"@id":"https:\/\/www.eldiario.net\/portal\/2023\/12\/15\/copernico-darwin-freud-y-marx-grandes-revoluciones-de-la-humanidad-2\/#breadcrumb"},"inLanguage":"es","potentialAction":[{"@type":"ReadAction","target":["https:\/\/www.eldiario.net\/portal\/2023\/12\/15\/copernico-darwin-freud-y-marx-grandes-revoluciones-de-la-humanidad-2\/"]}]},{"@type":"ImageObject","inLanguage":"es","@id":"https:\/\/www.eldiario.net\/portal\/2023\/12\/15\/copernico-darwin-freud-y-marx-grandes-revoluciones-de-la-humanidad-2\/#primaryimage","url":"https:\/\/www.eldiario.net\/portal\/wp-content\/uploads\/2023\/12\/Socio-Psicoanalisis.jpg","contentUrl":"https:\/\/www.eldiario.net\/portal\/wp-content\/uploads\/2023\/12\/Socio-Psicoanalisis.jpg","width":474,"height":361},{"@type":"BreadcrumbList","@id":"https:\/\/www.eldiario.net\/portal\/2023\/12\/15\/copernico-darwin-freud-y-marx-grandes-revoluciones-de-la-humanidad-2\/#breadcrumb","itemListElement":[{"@type":"ListItem","position":1,"name":"Portada","item":"https:\/\/www.eldiario.net\/portal\/"},{"@type":"ListItem","position":2,"name":"Cop\u00e9rnico, Darwin, Freud y Marx Grandes revoluciones de la humanidad"}]},{"@type":"WebSite","@id":"https:\/\/www.eldiario.net\/portal\/#website","url":"https:\/\/www.eldiario.net\/portal\/","name":"El Diario - Decano de la prensa nacional","description":"El Diario - Decano de la prensa nacional","publisher":{"@id":"https:\/\/www.eldiario.net\/portal\/#organization"},"potentialAction":[{"@type":"SearchAction","target":{"@type":"EntryPoint","urlTemplate":"https:\/\/www.eldiario.net\/portal\/?s={search_term_string}"},"query-input":{"@type":"PropertyValueSpecification","valueRequired":true,"valueName":"search_term_string"}}],"inLanguage":"es"},{"@type":"Organization","@id":"https:\/\/www.eldiario.net\/portal\/#organization","name":"El Diario - Decano de la prensa nacional","url":"https:\/\/www.eldiario.net\/portal\/","logo":{"@type":"ImageObject","inLanguage":"es","@id":"https:\/\/www.eldiario.net\/portal\/#\/schema\/logo\/image\/","url":"https:\/\/www.eldiario.net\/portal\/wp-content\/uploads\/2023\/07\/logo_ED.jpg","contentUrl":"https:\/\/www.eldiario.net\/portal\/wp-content\/uploads\/2023\/07\/logo_ED.jpg","width":272,"height":52,"caption":"El Diario - Decano de la prensa nacional"},"image":{"@id":"https:\/\/www.eldiario.net\/portal\/#\/schema\/logo\/image\/"},"sameAs":["https:\/\/www.facebook.com\/eldiario.bolivia\/","https:\/\/x.com\/eldiario_net"]},{"@type":"Person","@id":"https:\/\/www.eldiario.net\/portal\/#\/schema\/person\/f46445640444750d7d753ccd04ae01b7","name":"Jeanette","image":{"@type":"ImageObject","inLanguage":"es","@id":"https:\/\/secure.gravatar.com\/avatar\/3ea2118a5f7dad2b7138b1187a6b7ee55f160b9968b66013c3a3ef39dd7e5798?s=96&d=mm&r=g","url":"https:\/\/secure.gravatar.com\/avatar\/3ea2118a5f7dad2b7138b1187a6b7ee55f160b9968b66013c3a3ef39dd7e5798?s=96&d=mm&r=g","contentUrl":"https:\/\/secure.gravatar.com\/avatar\/3ea2118a5f7dad2b7138b1187a6b7ee55f160b9968b66013c3a3ef39dd7e5798?s=96&d=mm&r=g","caption":"Jeanette"},"sameAs":["https:\/\/www.eldiario.net\/portal"],"url":"https:\/\/www.eldiario.net\/portal\/author\/jeanette\/"}]}},"_links":{"self":[{"href":"https:\/\/www.eldiario.net\/portal\/wp-json\/wp\/v2\/posts\/193049","targetHints":{"allow":["GET"]}}],"collection":[{"href":"https:\/\/www.eldiario.net\/portal\/wp-json\/wp\/v2\/posts"}],"about":[{"href":"https:\/\/www.eldiario.net\/portal\/wp-json\/wp\/v2\/types\/post"}],"author":[{"embeddable":true,"href":"https:\/\/www.eldiario.net\/portal\/wp-json\/wp\/v2\/users\/1"}],"replies":[{"embeddable":true,"href":"https:\/\/www.eldiario.net\/portal\/wp-json\/wp\/v2\/comments?post=193049"}],"version-history":[{"count":0,"href":"https:\/\/www.eldiario.net\/portal\/wp-json\/wp\/v2\/posts\/193049\/revisions"}],"wp:featuredmedia":[{"embeddable":true,"href":"https:\/\/www.eldiario.net\/portal\/wp-json\/wp\/v2\/media\/193051"}],"wp:attachment":[{"href":"https:\/\/www.eldiario.net\/portal\/wp-json\/wp\/v2\/media?parent=193049"}],"wp:term":[{"taxonomy":"category","embeddable":true,"href":"https:\/\/www.eldiario.net\/portal\/wp-json\/wp\/v2\/categories?post=193049"},{"taxonomy":"post_tag","embeddable":true,"href":"https:\/\/www.eldiario.net\/portal\/wp-json\/wp\/v2\/tags?post=193049"}],"curies":[{"name":"wp","href":"https:\/\/api.w.org\/{rel}","templated":true}]}}