{"id":193042,"date":"2023-12-15T07:29:48","date_gmt":"2023-12-15T11:29:48","guid":{"rendered":"https:\/\/www.eldiario.net\/portal\/?p=193042"},"modified":"2023-12-15T07:29:48","modified_gmt":"2023-12-15T11:29:48","slug":"fernando-rivero-me-gustaria-que-me-recuerden-como-el-cantante-del-pueblo","status":"publish","type":"post","link":"https:\/\/www.eldiario.net\/portal\/2023\/12\/15\/fernando-rivero-me-gustaria-que-me-recuerden-como-el-cantante-del-pueblo\/","title":{"rendered":"FERNANDO RIVERO \u201cMe gustar\u00eda que me recuerden como el cantante del pueblo\u00bb"},"content":{"rendered":"<p><strong>Nombre:<\/strong> Fernando Rivero G\u00f3ngora.<\/p>\n<p><strong>Fecha y lugar de nacimiento:<\/strong> 10 de abril de 1989, en Riberalta, Beni, Bolivia.<\/p>\n<p><strong>Estudios:<\/strong> Mec\u00e1nica automotriz y comunicaci\u00f3n social.<\/p>\n<p><strong>Estado civil:<\/strong> Casado, felizmente casado.<\/p>\n<p><strong>\u00bfA qu\u00e9 te dedicas hoy?:<\/strong> Hoy solamente estoy ejerciendo lo que es la m\u00fasica, el canto.<\/p>\n<p>&nbsp;<\/p>\n<p><strong>LG: \u00bfQu\u00e9 es lo que el p\u00fablico no sabe de ti?<\/strong><\/p>\n<p>F: Uy, yo creo que el p\u00fablico, mi p\u00fablico que me conoce, sabe todo.<\/p>\n<p><strong>LG: \u00bfCu\u00e1l es tu mayor virtud?<\/strong><\/p>\n<p>F: A veces soy muy desprendido, soy muy confiado, conf\u00edo mucho en la gente y la gente no me responde igual\u2026 a veces doy mucho y nada recibo.<\/p>\n<p><strong>LG: \u00bfY tu peor defecto?<\/strong><\/p>\n<p>F: No s\u00e9, eso tendr\u00eda que decirte alguien que conviva conmigo (sonr\u00ede).<\/p>\n<p><strong>LG: Si volvieras a nacer, \u00bfqu\u00e9 cambiar\u00edas de tu vida?<\/strong><\/p>\n<p>F: Vivo la vida que me toc\u00f3 y lucho porque vengo de una cuna humilde. Creo que, as\u00ed como me toc\u00f3 una vida dura, me ense\u00f1\u00f3 tambi\u00e9n a vivir, me ense\u00f1\u00f3 a valorar, me ha ense\u00f1ado m\u00e1s que todo y lo m\u00e1s importante, a conocer a Dios y temerle\u2026 realmente al que tengo miedo es a Dios.<\/p>\n<p><strong>LG: \u00bfQu\u00e9 es lo mejor que han dicho de Fernando Rivero?<\/strong><\/p>\n<p>F: Yo creo que la solidaridad.<\/p>\n<p><strong>LG: \u00bfY lo peor?<\/strong><\/p>\n<p>F: \u00bfLo peor? Bueno, por alguna vez que, como todos, uno tiene un lapsus en su vida, te tildan hasta de lo que uno no es.<\/p>\n<p><strong>LG: \u00bfQu\u00e9 haces en tu tiempo libre?<\/strong><\/p>\n<p>F: En mi tiempo libre estoy dedicado a mis hijos, a mi familia y a viajar, me encanta viajar mucho y estar en el campo.<\/p>\n<p><strong>LG: \u00bfCu\u00e1l fue la etapa m\u00e1s dif\u00edcil de tu vida?<\/strong><\/p>\n<p>F: Mi ni\u00f1ez. Ha sido dif\u00edcil, porque cuando me fui a estudiar, me tuve que separar de mi mam\u00e1, de mi familia\u2026 y lo m\u00e1s dif\u00edcil ha sido irme de mi tierra, porque me fui a un lugar que no conoc\u00eda, donde no ten\u00eda familia, donde ten\u00eda que luchar\u2026 Fue dif\u00edcil dejar mis costumbres, mi comida, mi tierra, mi familia y todo eso, pero iba con un objetivo. En primer lugar, mi objetivo era estudiar y ser alguien en la vida. Una de las cosas que me gustaba much\u00edsimo era hacer periodismo, pero no me fue bien. Despu\u00e9s intent\u00e9 en la m\u00fasica y la primera vez que me fui a La Paz no me fue tampoco bien. Tuve que volver a mi tierra de nuevo y ya despu\u00e9s, cuando volv\u00ed otra vez, ah\u00ed se me abrieron las puertas.<\/p>\n<p><strong>LG: \u00bfY cu\u00e1l el mejor momento?<\/strong><\/p>\n<p>F: El mejor momento\u2026 fue cuando pude hacer realidad el sue\u00f1o de mi mam\u00e1, que era tener su casa\u2026 esa fue para m\u00ed la satisfacci\u00f3n m\u00e1s linda que tuve en mi vida, tener feliz a mi madre con su casa.<\/p>\n<p><strong>LG: \u00bfUna frustraci\u00f3n?<\/strong><\/p>\n<p>F: No tengo. Todo lo que so\u00f1aba se me est\u00e1 cumpliendo.<\/p>\n<p><strong>LG: \u00bfUn sue\u00f1o realizado?<\/strong><\/p>\n<p>F: Ser cantante (sonr\u00ede).<\/p>\n<p><strong>LG: \u00bfQu\u00e9 haces cuando reniegas?<\/strong><\/p>\n<p>F: Cuando reniego me voy, hasta que se me pase la rabia. Soy de las personas que lo apaga todo y se va. Me voy al campo, me voy a alg\u00fan lugar alejadito y me encuentro conmigo.<\/p>\n<p><strong>LG: \u00bfC\u00f3mo te gustar\u00eda que te recuerden?<\/strong><\/p>\n<p>F: Como el cantante del pueblo.<\/p>\n<p><strong>LG: Si alguien no te cae bien, \u00bfse lo dices de frente?<\/strong><\/p>\n<p>F: Prefiero evitar a esa persona que no me cae bien. A alguien que no me hace bien, prefiero evitarlo, pero si hay la oportunidad, s\u00ed se lo digo.<\/p>\n<p><strong>LG: Si tuvieras una varita m\u00e1gica, \u00bfqu\u00e9 har\u00edas en este momento?<\/strong><\/p>\n<p>F: Si tuviera una varita m\u00e1gica en este momento me reunir\u00eda con mi madre y que est\u00e9 ah\u00ed conmigo, para siempre.<\/p>\n<p><strong>LG: \u00bfQui\u00e9n es hoy Fernando Rivero?<\/strong><\/p>\n<p>F: Hoy Fernando Rivero es un padre de familia que lucha por dar lo mejor a sus hijos, como cualquier pap\u00e1, o a su familia, porque ahora ya no es Fernando Rivero el cantante, que lucha por sus sue\u00f1os, sino por dar lo mejor a los hijos y no solamente en lo material sino como ejemplo de vida, para una mejor calidad de vida. Y dar lo mejor como pap\u00e1, como persona, que es lo m\u00e1s importante para m\u00ed, primero est\u00e1 la persona, que el artista.<\/p>\n<p><strong>LG: \u00bfQu\u00e9 signific\u00f3 cumplir 12 a\u00f1os al frente de C\u00f3digo Fher?<\/strong><\/p>\n<p>F: Doce a\u00f1os significa, primero, que todav\u00eda hay C\u00f3digo para m\u00e1s rato, que reci\u00e9n estamos, como se dice, adolescentes en la m\u00fasica, pero de todas maneras con el sue\u00f1o intacto de seguir creciendo. Qu\u00e9 son 12 a\u00f1os, poco, pero creo que son muy bendecidos. Han sido muy bendecidos. He conocido gente buena, pero tambi\u00e9n gente que me ha querido hacer da\u00f1o, pero han vuelto por lo menos para darme una disculpa. En el camino hubo gente que me ha querido hundir, como se dice, pero ha sido m\u00e1s fuerte el compromiso de salir adelante\u2026 me fortalec\u00eda cuando me quer\u00edan hacer da\u00f1o.<\/p>\n<p><strong>LG: \u00bfQu\u00e9 se viene para C\u00f3digo Fher?<\/strong><\/p>\n<p>LG: Nuevamente vamos a apostar por las canciones in\u00e9ditas, ya que se ha perdido mucho eso, en Bolivia no hay casi artistas que propongan, sino que ahorita es fuerte el tema del cover y todo eso. (Nosotros) vamos a retomar lo que hac\u00edamos antes, cuando present\u00e1bamos, proyect\u00e1bamos y apost\u00e1bamos por las canciones in\u00e9ditas, nuevas.<\/p>\n<p><strong>LG: De no estar en la m\u00fasica, \u00bfa qu\u00e9 te dedicar\u00edas?<\/strong><\/p>\n<p>F: A la ganader\u00eda, mi sue\u00f1o es ser ganadero, bueno, ahora estoy empezando, como se dice, pero mi sue\u00f1o en adelante es ser ganadero. Yo creo que de aqu\u00ed a unos buenos a\u00f1os voy a estar viviendo en el campo con mi ganado, mi caballo, que es lo que m\u00e1s me encanta.<\/p>\n<p><strong>LG: \u00bfQu\u00e9 representa para ti tu familia?<\/strong><\/p>\n<p>F: Mi familia es mi todo, es mi motor, mi motivo, mi impulso, mi cable a tierra, por lo que me levanto, por lo que me duermo pensado en ella. Incluso para hacer una canci\u00f3n pienso en ellos, porque digo, pucha, si funciona esta canci\u00f3n, me a servir para mi familia.<\/p>\n<p><strong>LG: \u00bfA qui\u00e9n desear\u00edas abrazar en este momento?<\/strong><\/p>\n<p>F: A mi hermano, porque est\u00e1 pasando un momento malo, mi hermanito menor, el que me sigue, a \u00e9l quisiera abrazarlo y decirle que todo puede ser mejor.<\/p>\n<div id='gallery-1' class='gallery galleryid-193042 gallery-columns-3 gallery-size-medium'><figure class='gallery-item'>\n\t\t\t<div class='gallery-icon landscape'>\n\t\t\t\t<a href='https:\/\/www.eldiario.net\/portal\/2023\/12\/15\/fernando-rivero-me-gustaria-que-me-recuerden-como-el-cantante-del-pueblo\/fher-1principal-2\/'><img loading=\"lazy\" decoding=\"async\" width=\"300\" height=\"150\" src=\"https:\/\/www.eldiario.net\/portal\/wp-content\/uploads\/2023\/12\/fher-1PRINCIPAL-1-300x150.jpg\" class=\"attachment-medium size-medium\" alt=\"\" srcset=\"https:\/\/www.eldiario.net\/portal\/wp-content\/uploads\/2023\/12\/fher-1PRINCIPAL-1-300x150.jpg 300w, https:\/\/www.eldiario.net\/portal\/wp-content\/uploads\/2023\/12\/fher-1PRINCIPAL-1-1024x512.jpg 1024w, https:\/\/www.eldiario.net\/portal\/wp-content\/uploads\/2023\/12\/fher-1PRINCIPAL-1-768x384.jpg 768w, https:\/\/www.eldiario.net\/portal\/wp-content\/uploads\/2023\/12\/fher-1PRINCIPAL-1-1536x768.jpg 1536w, https:\/\/www.eldiario.net\/portal\/wp-content\/uploads\/2023\/12\/fher-1PRINCIPAL-1-696x348.jpg 696w, https:\/\/www.eldiario.net\/portal\/wp-content\/uploads\/2023\/12\/fher-1PRINCIPAL-1-1068x534.jpg 1068w, https:\/\/www.eldiario.net\/portal\/wp-content\/uploads\/2023\/12\/fher-1PRINCIPAL-1.jpg 1575w\" sizes=\"auto, (max-width: 300px) 100vw, 300px\" \/><\/a>\n\t\t\t<\/div><\/figure><figure class='gallery-item'>\n\t\t\t<div class='gallery-icon landscape'>\n\t\t\t\t<a href='https:\/\/www.eldiario.net\/portal\/2023\/12\/15\/fernando-rivero-me-gustaria-que-me-recuerden-como-el-cantante-del-pueblo\/fher-2-2\/'><img loading=\"lazy\" decoding=\"async\" width=\"300\" height=\"200\" src=\"https:\/\/www.eldiario.net\/portal\/wp-content\/uploads\/2023\/12\/fher-2-1-300x200.jpeg\" class=\"attachment-medium size-medium\" alt=\"\" srcset=\"https:\/\/www.eldiario.net\/portal\/wp-content\/uploads\/2023\/12\/fher-2-1-300x200.jpeg 300w, https:\/\/www.eldiario.net\/portal\/wp-content\/uploads\/2023\/12\/fher-2-1-696x464.jpeg 696w, https:\/\/www.eldiario.net\/portal\/wp-content\/uploads\/2023\/12\/fher-2-1.jpeg 720w\" sizes=\"auto, (max-width: 300px) 100vw, 300px\" \/><\/a>\n\t\t\t<\/div><\/figure><figure class='gallery-item'>\n\t\t\t<div class='gallery-icon landscape'>\n\t\t\t\t<a href='https:\/\/www.eldiario.net\/portal\/2023\/12\/15\/fernando-rivero-me-gustaria-que-me-recuerden-como-el-cantante-del-pueblo\/fher-3-2\/'><img loading=\"lazy\" decoding=\"async\" width=\"300\" height=\"169\" src=\"https:\/\/www.eldiario.net\/portal\/wp-content\/uploads\/2023\/12\/fher-3-1-300x169.jpeg\" class=\"attachment-medium size-medium\" alt=\"\" srcset=\"https:\/\/www.eldiario.net\/portal\/wp-content\/uploads\/2023\/12\/fher-3-1-300x169.jpeg 300w, https:\/\/www.eldiario.net\/portal\/wp-content\/uploads\/2023\/12\/fher-3-1-1024x576.jpeg 1024w, https:\/\/www.eldiario.net\/portal\/wp-content\/uploads\/2023\/12\/fher-3-1-768x432.jpeg 768w, https:\/\/www.eldiario.net\/portal\/wp-content\/uploads\/2023\/12\/fher-3-1-1536x864.jpeg 1536w, https:\/\/www.eldiario.net\/portal\/wp-content\/uploads\/2023\/12\/fher-3-1-696x392.jpeg 696w, https:\/\/www.eldiario.net\/portal\/wp-content\/uploads\/2023\/12\/fher-3-1-1068x601.jpeg 1068w, https:\/\/www.eldiario.net\/portal\/wp-content\/uploads\/2023\/12\/fher-3-1.jpeg 1575w\" sizes=\"auto, (max-width: 300px) 100vw, 300px\" \/><\/a>\n\t\t\t<\/div><\/figure><figure class='gallery-item'>\n\t\t\t<div class='gallery-icon landscape'>\n\t\t\t\t<a href='https:\/\/www.eldiario.net\/portal\/2023\/12\/15\/fernando-rivero-me-gustaria-que-me-recuerden-como-el-cantante-del-pueblo\/fher-4-2\/'><img loading=\"lazy\" decoding=\"async\" width=\"300\" height=\"210\" src=\"https:\/\/www.eldiario.net\/portal\/wp-content\/uploads\/2023\/12\/fher-4-1-300x210.jpg\" class=\"attachment-medium size-medium\" alt=\"\" srcset=\"https:\/\/www.eldiario.net\/portal\/wp-content\/uploads\/2023\/12\/fher-4-1-300x210.jpg 300w, https:\/\/www.eldiario.net\/portal\/wp-content\/uploads\/2023\/12\/fher-4-1-1024x715.jpg 1024w, https:\/\/www.eldiario.net\/portal\/wp-content\/uploads\/2023\/12\/fher-4-1-768x536.jpg 768w, https:\/\/www.eldiario.net\/portal\/wp-content\/uploads\/2023\/12\/fher-4-1-1536x1073.jpg 1536w, https:\/\/www.eldiario.net\/portal\/wp-content\/uploads\/2023\/12\/fher-4-1-696x486.jpg 696w, https:\/\/www.eldiario.net\/portal\/wp-content\/uploads\/2023\/12\/fher-4-1-1068x746.jpg 1068w, https:\/\/www.eldiario.net\/portal\/wp-content\/uploads\/2023\/12\/fher-4-1.jpg 1575w\" sizes=\"auto, (max-width: 300px) 100vw, 300px\" \/><\/a>\n\t\t\t<\/div><\/figure><figure class='gallery-item'>\n\t\t\t<div class='gallery-icon landscape'>\n\t\t\t\t<a href='https:\/\/www.eldiario.net\/portal\/2023\/12\/15\/fernando-rivero-me-gustaria-que-me-recuerden-como-el-cantante-del-pueblo\/fher-5-2\/'><img loading=\"lazy\" decoding=\"async\" width=\"300\" height=\"225\" src=\"https:\/\/www.eldiario.net\/portal\/wp-content\/uploads\/2023\/12\/fher-5-1-300x225.jpeg\" class=\"attachment-medium size-medium\" alt=\"\" srcset=\"https:\/\/www.eldiario.net\/portal\/wp-content\/uploads\/2023\/12\/fher-5-1-300x225.jpeg 300w, https:\/\/www.eldiario.net\/portal\/wp-content\/uploads\/2023\/12\/fher-5-1-1024x768.jpeg 1024w, https:\/\/www.eldiario.net\/portal\/wp-content\/uploads\/2023\/12\/fher-5-1-768x576.jpeg 768w, https:\/\/www.eldiario.net\/portal\/wp-content\/uploads\/2023\/12\/fher-5-1-1536x1152.jpeg 1536w, https:\/\/www.eldiario.net\/portal\/wp-content\/uploads\/2023\/12\/fher-5-1-696x522.jpeg 696w, https:\/\/www.eldiario.net\/portal\/wp-content\/uploads\/2023\/12\/fher-5-1-1068x801.jpeg 1068w, https:\/\/www.eldiario.net\/portal\/wp-content\/uploads\/2023\/12\/fher-5-1.jpeg 1575w\" sizes=\"auto, (max-width: 300px) 100vw, 300px\" \/><\/a>\n\t\t\t<\/div><\/figure>\n\t\t<\/div>\n\n","protected":false},"excerpt":{"rendered":"<p>Nombre: Fernando Rivero G\u00f3ngora. Fecha y lugar de nacimiento: 10 de abril de 1989, en Riberalta, Beni, Bolivia. Estudios: Mec\u00e1nica automotriz y comunicaci\u00f3n social. Estado civil: Casado, felizmente casado. \u00bfA qu\u00e9 te dedicas hoy?: Hoy solamente estoy ejerciendo lo que es la m\u00fasica, el canto. &nbsp; LG: \u00bfQu\u00e9 es lo que el p\u00fablico no sabe [&hellip;]<\/p>\n","protected":false},"author":1,"featured_media":193043,"comment_status":"closed","ping_status":"open","sticky":false,"template":"","format":"standard","meta":{"_acf_changed":false,"footnotes":""},"categories":[41],"tags":[],"class_list":["post-193042","post","type-post","status-publish","format-standard","has-post-thumbnail","category-la-guia"],"acf":{"antetitulo":""},"yoast_head":"<!-- This site is optimized with the Yoast SEO plugin v28.3 - https:\/\/yoast.com\/product\/yoast-seo-wordpress\/ -->\n<title>FERNANDO RIVERO \u201cMe gustar\u00eda que me recuerden como el cantante del pueblo&quot; - El Diario - Bolivia<\/title>\n<meta name=\"robots\" content=\"index, follow, max-snippet:-1, max-image-preview:large, max-video-preview:-1\" \/>\n<link rel=\"canonical\" href=\"https:\/\/www.eldiario.net\/portal\/2023\/12\/15\/fernando-rivero-me-gustaria-que-me-recuerden-como-el-cantante-del-pueblo\/\" \/>\n<meta property=\"og:locale\" content=\"es_ES\" \/>\n<meta property=\"og:type\" content=\"article\" \/>\n<meta property=\"og:title\" content=\"FERNANDO RIVERO \u201cMe gustar\u00eda que me recuerden como el cantante del pueblo&quot; - El Diario - Bolivia\" \/>\n<meta property=\"og:description\" content=\"Nombre: Fernando Rivero G\u00f3ngora. Fecha y lugar de nacimiento: 10 de abril de 1989, en Riberalta, Beni, Bolivia. Estudios: Mec\u00e1nica automotriz y comunicaci\u00f3n social. Estado civil: Casado, felizmente casado. \u00bfA qu\u00e9 te dedicas hoy?: Hoy solamente estoy ejerciendo lo que es la m\u00fasica, el canto. &nbsp; LG: \u00bfQu\u00e9 es lo que el p\u00fablico no sabe [&hellip;]\" \/>\n<meta property=\"og:url\" content=\"https:\/\/www.eldiario.net\/portal\/2023\/12\/15\/fernando-rivero-me-gustaria-que-me-recuerden-como-el-cantante-del-pueblo\/\" \/>\n<meta property=\"og:site_name\" content=\"El Diario - Bolivia\" \/>\n<meta property=\"article:publisher\" content=\"https:\/\/www.facebook.com\/eldiario.bolivia\/\" \/>\n<meta property=\"article:published_time\" content=\"2023-12-15T11:29:48+00:00\" \/>\n<meta property=\"og:image\" content=\"https:\/\/www.eldiario.net\/portal\/wp-content\/uploads\/2023\/12\/fher-1PRINCIPAL-1.jpg\" \/>\n\t<meta property=\"og:image:width\" content=\"1575\" \/>\n\t<meta property=\"og:image:height\" content=\"787\" \/>\n\t<meta property=\"og:image:type\" content=\"image\/jpeg\" \/>\n<meta name=\"author\" content=\"Jeanette\" \/>\n<meta name=\"twitter:card\" content=\"summary_large_image\" \/>\n<meta name=\"twitter:creator\" content=\"@eldiario_net\" \/>\n<meta name=\"twitter:site\" content=\"@eldiario_net\" \/>\n<meta name=\"twitter:label1\" content=\"Escrito por\" \/>\n\t<meta name=\"twitter:data1\" content=\"Jeanette\" \/>\n\t<meta name=\"twitter:label2\" content=\"Tiempo de lectura\" \/>\n\t<meta name=\"twitter:data2\" content=\"5 minutos\" \/>\n<script type=\"application\/ld+json\" class=\"yoast-schema-graph\">{\"@context\":\"https:\\\/\\\/schema.org\",\"@graph\":[{\"@type\":\"Article\",\"@id\":\"https:\\\/\\\/www.eldiario.net\\\/portal\\\/2023\\\/12\\\/15\\\/fernando-rivero-me-gustaria-que-me-recuerden-como-el-cantante-del-pueblo\\\/#article\",\"isPartOf\":{\"@id\":\"https:\\\/\\\/www.eldiario.net\\\/portal\\\/2023\\\/12\\\/15\\\/fernando-rivero-me-gustaria-que-me-recuerden-como-el-cantante-del-pueblo\\\/\"},\"author\":{\"name\":\"Jeanette\",\"@id\":\"https:\\\/\\\/www.eldiario.net\\\/portal\\\/#\\\/schema\\\/person\\\/f46445640444750d7d753ccd04ae01b7\"},\"headline\":\"FERNANDO RIVERO \u201cMe gustar\u00eda que me recuerden como el cantante del pueblo\u00bb\",\"datePublished\":\"2023-12-15T11:29:48+00:00\",\"mainEntityOfPage\":{\"@id\":\"https:\\\/\\\/www.eldiario.net\\\/portal\\\/2023\\\/12\\\/15\\\/fernando-rivero-me-gustaria-que-me-recuerden-como-el-cantante-del-pueblo\\\/\"},\"wordCount\":1130,\"publisher\":{\"@id\":\"https:\\\/\\\/www.eldiario.net\\\/portal\\\/#organization\"},\"image\":{\"@id\":\"https:\\\/\\\/www.eldiario.net\\\/portal\\\/2023\\\/12\\\/15\\\/fernando-rivero-me-gustaria-que-me-recuerden-como-el-cantante-del-pueblo\\\/#primaryimage\"},\"thumbnailUrl\":\"https:\\\/\\\/www.eldiario.net\\\/portal\\\/wp-content\\\/uploads\\\/2023\\\/12\\\/fher-1PRINCIPAL-1.jpg\",\"articleSection\":[\"La Gu\u00eda\"],\"inLanguage\":\"es\"},{\"@type\":\"WebPage\",\"@id\":\"https:\\\/\\\/www.eldiario.net\\\/portal\\\/2023\\\/12\\\/15\\\/fernando-rivero-me-gustaria-que-me-recuerden-como-el-cantante-del-pueblo\\\/\",\"url\":\"https:\\\/\\\/www.eldiario.net\\\/portal\\\/2023\\\/12\\\/15\\\/fernando-rivero-me-gustaria-que-me-recuerden-como-el-cantante-del-pueblo\\\/\",\"name\":\"FERNANDO RIVERO \u201cMe gustar\u00eda que me recuerden como el cantante del pueblo\\\" - El Diario - Bolivia\",\"isPartOf\":{\"@id\":\"https:\\\/\\\/www.eldiario.net\\\/portal\\\/#website\"},\"primaryImageOfPage\":{\"@id\":\"https:\\\/\\\/www.eldiario.net\\\/portal\\\/2023\\\/12\\\/15\\\/fernando-rivero-me-gustaria-que-me-recuerden-como-el-cantante-del-pueblo\\\/#primaryimage\"},\"image\":{\"@id\":\"https:\\\/\\\/www.eldiario.net\\\/portal\\\/2023\\\/12\\\/15\\\/fernando-rivero-me-gustaria-que-me-recuerden-como-el-cantante-del-pueblo\\\/#primaryimage\"},\"thumbnailUrl\":\"https:\\\/\\\/www.eldiario.net\\\/portal\\\/wp-content\\\/uploads\\\/2023\\\/12\\\/fher-1PRINCIPAL-1.jpg\",\"datePublished\":\"2023-12-15T11:29:48+00:00\",\"breadcrumb\":{\"@id\":\"https:\\\/\\\/www.eldiario.net\\\/portal\\\/2023\\\/12\\\/15\\\/fernando-rivero-me-gustaria-que-me-recuerden-como-el-cantante-del-pueblo\\\/#breadcrumb\"},\"inLanguage\":\"es\",\"potentialAction\":[{\"@type\":\"ReadAction\",\"target\":[\"https:\\\/\\\/www.eldiario.net\\\/portal\\\/2023\\\/12\\\/15\\\/fernando-rivero-me-gustaria-que-me-recuerden-como-el-cantante-del-pueblo\\\/\"]}]},{\"@type\":\"ImageObject\",\"inLanguage\":\"es\",\"@id\":\"https:\\\/\\\/www.eldiario.net\\\/portal\\\/2023\\\/12\\\/15\\\/fernando-rivero-me-gustaria-que-me-recuerden-como-el-cantante-del-pueblo\\\/#primaryimage\",\"url\":\"https:\\\/\\\/www.eldiario.net\\\/portal\\\/wp-content\\\/uploads\\\/2023\\\/12\\\/fher-1PRINCIPAL-1.jpg\",\"contentUrl\":\"https:\\\/\\\/www.eldiario.net\\\/portal\\\/wp-content\\\/uploads\\\/2023\\\/12\\\/fher-1PRINCIPAL-1.jpg\",\"width\":1575,\"height\":787},{\"@type\":\"BreadcrumbList\",\"@id\":\"https:\\\/\\\/www.eldiario.net\\\/portal\\\/2023\\\/12\\\/15\\\/fernando-rivero-me-gustaria-que-me-recuerden-como-el-cantante-del-pueblo\\\/#breadcrumb\",\"itemListElement\":[{\"@type\":\"ListItem\",\"position\":1,\"name\":\"Portada\",\"item\":\"https:\\\/\\\/www.eldiario.net\\\/portal\\\/\"},{\"@type\":\"ListItem\",\"position\":2,\"name\":\"FERNANDO RIVERO \u201cMe gustar\u00eda que me recuerden como el cantante del pueblo\u00bb\"}]},{\"@type\":\"WebSite\",\"@id\":\"https:\\\/\\\/www.eldiario.net\\\/portal\\\/#website\",\"url\":\"https:\\\/\\\/www.eldiario.net\\\/portal\\\/\",\"name\":\"El Diario - Decano de la prensa nacional\",\"description\":\"El Diario - Decano de la prensa nacional\",\"publisher\":{\"@id\":\"https:\\\/\\\/www.eldiario.net\\\/portal\\\/#organization\"},\"potentialAction\":[{\"@type\":\"SearchAction\",\"target\":{\"@type\":\"EntryPoint\",\"urlTemplate\":\"https:\\\/\\\/www.eldiario.net\\\/portal\\\/?s={search_term_string}\"},\"query-input\":{\"@type\":\"PropertyValueSpecification\",\"valueRequired\":true,\"valueName\":\"search_term_string\"}}],\"inLanguage\":\"es\"},{\"@type\":\"Organization\",\"@id\":\"https:\\\/\\\/www.eldiario.net\\\/portal\\\/#organization\",\"name\":\"El Diario - Decano de la prensa nacional\",\"url\":\"https:\\\/\\\/www.eldiario.net\\\/portal\\\/\",\"logo\":{\"@type\":\"ImageObject\",\"inLanguage\":\"es\",\"@id\":\"https:\\\/\\\/www.eldiario.net\\\/portal\\\/#\\\/schema\\\/logo\\\/image\\\/\",\"url\":\"https:\\\/\\\/www.eldiario.net\\\/portal\\\/wp-content\\\/uploads\\\/2023\\\/07\\\/logo_ED.jpg\",\"contentUrl\":\"https:\\\/\\\/www.eldiario.net\\\/portal\\\/wp-content\\\/uploads\\\/2023\\\/07\\\/logo_ED.jpg\",\"width\":272,\"height\":52,\"caption\":\"El Diario - Decano de la prensa nacional\"},\"image\":{\"@id\":\"https:\\\/\\\/www.eldiario.net\\\/portal\\\/#\\\/schema\\\/logo\\\/image\\\/\"},\"sameAs\":[\"https:\\\/\\\/www.facebook.com\\\/eldiario.bolivia\\\/\",\"https:\\\/\\\/x.com\\\/eldiario_net\"]},{\"@type\":\"Person\",\"@id\":\"https:\\\/\\\/www.eldiario.net\\\/portal\\\/#\\\/schema\\\/person\\\/f46445640444750d7d753ccd04ae01b7\",\"name\":\"Jeanette\",\"image\":{\"@type\":\"ImageObject\",\"inLanguage\":\"es\",\"@id\":\"https:\\\/\\\/secure.gravatar.com\\\/avatar\\\/3ea2118a5f7dad2b7138b1187a6b7ee55f160b9968b66013c3a3ef39dd7e5798?s=96&d=mm&r=g\",\"url\":\"https:\\\/\\\/secure.gravatar.com\\\/avatar\\\/3ea2118a5f7dad2b7138b1187a6b7ee55f160b9968b66013c3a3ef39dd7e5798?s=96&d=mm&r=g\",\"contentUrl\":\"https:\\\/\\\/secure.gravatar.com\\\/avatar\\\/3ea2118a5f7dad2b7138b1187a6b7ee55f160b9968b66013c3a3ef39dd7e5798?s=96&d=mm&r=g\",\"caption\":\"Jeanette\"},\"sameAs\":[\"https:\\\/\\\/www.eldiario.net\\\/portal\"],\"url\":\"https:\\\/\\\/www.eldiario.net\\\/portal\\\/author\\\/jeanette\\\/\"}]}<\/script>\n<!-- \/ Yoast SEO plugin. -->","yoast_head_json":{"title":"FERNANDO RIVERO \u201cMe gustar\u00eda que me recuerden como el cantante del pueblo\" - El Diario - Bolivia","robots":{"index":"index","follow":"follow","max-snippet":"max-snippet:-1","max-image-preview":"max-image-preview:large","max-video-preview":"max-video-preview:-1"},"canonical":"https:\/\/www.eldiario.net\/portal\/2023\/12\/15\/fernando-rivero-me-gustaria-que-me-recuerden-como-el-cantante-del-pueblo\/","og_locale":"es_ES","og_type":"article","og_title":"FERNANDO RIVERO \u201cMe gustar\u00eda que me recuerden como el cantante del pueblo\" - El Diario - Bolivia","og_description":"Nombre: Fernando Rivero G\u00f3ngora. Fecha y lugar de nacimiento: 10 de abril de 1989, en Riberalta, Beni, Bolivia. Estudios: Mec\u00e1nica automotriz y comunicaci\u00f3n social. Estado civil: Casado, felizmente casado. \u00bfA qu\u00e9 te dedicas hoy?: Hoy solamente estoy ejerciendo lo que es la m\u00fasica, el canto. &nbsp; LG: \u00bfQu\u00e9 es lo que el p\u00fablico no sabe [&hellip;]","og_url":"https:\/\/www.eldiario.net\/portal\/2023\/12\/15\/fernando-rivero-me-gustaria-que-me-recuerden-como-el-cantante-del-pueblo\/","og_site_name":"El Diario - Bolivia","article_publisher":"https:\/\/www.facebook.com\/eldiario.bolivia\/","article_published_time":"2023-12-15T11:29:48+00:00","og_image":[{"width":1575,"height":787,"url":"https:\/\/www.eldiario.net\/portal\/wp-content\/uploads\/2023\/12\/fher-1PRINCIPAL-1.jpg","type":"image\/jpeg"}],"author":"Jeanette","twitter_card":"summary_large_image","twitter_creator":"@eldiario_net","twitter_site":"@eldiario_net","twitter_misc":{"Escrito por":"Jeanette","Tiempo de lectura":"5 minutos"},"schema":{"@context":"https:\/\/schema.org","@graph":[{"@type":"Article","@id":"https:\/\/www.eldiario.net\/portal\/2023\/12\/15\/fernando-rivero-me-gustaria-que-me-recuerden-como-el-cantante-del-pueblo\/#article","isPartOf":{"@id":"https:\/\/www.eldiario.net\/portal\/2023\/12\/15\/fernando-rivero-me-gustaria-que-me-recuerden-como-el-cantante-del-pueblo\/"},"author":{"name":"Jeanette","@id":"https:\/\/www.eldiario.net\/portal\/#\/schema\/person\/f46445640444750d7d753ccd04ae01b7"},"headline":"FERNANDO RIVERO \u201cMe gustar\u00eda que me recuerden como el cantante del pueblo\u00bb","datePublished":"2023-12-15T11:29:48+00:00","mainEntityOfPage":{"@id":"https:\/\/www.eldiario.net\/portal\/2023\/12\/15\/fernando-rivero-me-gustaria-que-me-recuerden-como-el-cantante-del-pueblo\/"},"wordCount":1130,"publisher":{"@id":"https:\/\/www.eldiario.net\/portal\/#organization"},"image":{"@id":"https:\/\/www.eldiario.net\/portal\/2023\/12\/15\/fernando-rivero-me-gustaria-que-me-recuerden-como-el-cantante-del-pueblo\/#primaryimage"},"thumbnailUrl":"https:\/\/www.eldiario.net\/portal\/wp-content\/uploads\/2023\/12\/fher-1PRINCIPAL-1.jpg","articleSection":["La Gu\u00eda"],"inLanguage":"es"},{"@type":"WebPage","@id":"https:\/\/www.eldiario.net\/portal\/2023\/12\/15\/fernando-rivero-me-gustaria-que-me-recuerden-como-el-cantante-del-pueblo\/","url":"https:\/\/www.eldiario.net\/portal\/2023\/12\/15\/fernando-rivero-me-gustaria-que-me-recuerden-como-el-cantante-del-pueblo\/","name":"FERNANDO RIVERO \u201cMe gustar\u00eda que me recuerden como el cantante del pueblo\" - El Diario - Bolivia","isPartOf":{"@id":"https:\/\/www.eldiario.net\/portal\/#website"},"primaryImageOfPage":{"@id":"https:\/\/www.eldiario.net\/portal\/2023\/12\/15\/fernando-rivero-me-gustaria-que-me-recuerden-como-el-cantante-del-pueblo\/#primaryimage"},"image":{"@id":"https:\/\/www.eldiario.net\/portal\/2023\/12\/15\/fernando-rivero-me-gustaria-que-me-recuerden-como-el-cantante-del-pueblo\/#primaryimage"},"thumbnailUrl":"https:\/\/www.eldiario.net\/portal\/wp-content\/uploads\/2023\/12\/fher-1PRINCIPAL-1.jpg","datePublished":"2023-12-15T11:29:48+00:00","breadcrumb":{"@id":"https:\/\/www.eldiario.net\/portal\/2023\/12\/15\/fernando-rivero-me-gustaria-que-me-recuerden-como-el-cantante-del-pueblo\/#breadcrumb"},"inLanguage":"es","potentialAction":[{"@type":"ReadAction","target":["https:\/\/www.eldiario.net\/portal\/2023\/12\/15\/fernando-rivero-me-gustaria-que-me-recuerden-como-el-cantante-del-pueblo\/"]}]},{"@type":"ImageObject","inLanguage":"es","@id":"https:\/\/www.eldiario.net\/portal\/2023\/12\/15\/fernando-rivero-me-gustaria-que-me-recuerden-como-el-cantante-del-pueblo\/#primaryimage","url":"https:\/\/www.eldiario.net\/portal\/wp-content\/uploads\/2023\/12\/fher-1PRINCIPAL-1.jpg","contentUrl":"https:\/\/www.eldiario.net\/portal\/wp-content\/uploads\/2023\/12\/fher-1PRINCIPAL-1.jpg","width":1575,"height":787},{"@type":"BreadcrumbList","@id":"https:\/\/www.eldiario.net\/portal\/2023\/12\/15\/fernando-rivero-me-gustaria-que-me-recuerden-como-el-cantante-del-pueblo\/#breadcrumb","itemListElement":[{"@type":"ListItem","position":1,"name":"Portada","item":"https:\/\/www.eldiario.net\/portal\/"},{"@type":"ListItem","position":2,"name":"FERNANDO RIVERO \u201cMe gustar\u00eda que me recuerden como el cantante del pueblo\u00bb"}]},{"@type":"WebSite","@id":"https:\/\/www.eldiario.net\/portal\/#website","url":"https:\/\/www.eldiario.net\/portal\/","name":"El Diario - Decano de la prensa nacional","description":"El Diario - Decano de la prensa nacional","publisher":{"@id":"https:\/\/www.eldiario.net\/portal\/#organization"},"potentialAction":[{"@type":"SearchAction","target":{"@type":"EntryPoint","urlTemplate":"https:\/\/www.eldiario.net\/portal\/?s={search_term_string}"},"query-input":{"@type":"PropertyValueSpecification","valueRequired":true,"valueName":"search_term_string"}}],"inLanguage":"es"},{"@type":"Organization","@id":"https:\/\/www.eldiario.net\/portal\/#organization","name":"El Diario - Decano de la prensa nacional","url":"https:\/\/www.eldiario.net\/portal\/","logo":{"@type":"ImageObject","inLanguage":"es","@id":"https:\/\/www.eldiario.net\/portal\/#\/schema\/logo\/image\/","url":"https:\/\/www.eldiario.net\/portal\/wp-content\/uploads\/2023\/07\/logo_ED.jpg","contentUrl":"https:\/\/www.eldiario.net\/portal\/wp-content\/uploads\/2023\/07\/logo_ED.jpg","width":272,"height":52,"caption":"El Diario - Decano de la prensa nacional"},"image":{"@id":"https:\/\/www.eldiario.net\/portal\/#\/schema\/logo\/image\/"},"sameAs":["https:\/\/www.facebook.com\/eldiario.bolivia\/","https:\/\/x.com\/eldiario_net"]},{"@type":"Person","@id":"https:\/\/www.eldiario.net\/portal\/#\/schema\/person\/f46445640444750d7d753ccd04ae01b7","name":"Jeanette","image":{"@type":"ImageObject","inLanguage":"es","@id":"https:\/\/secure.gravatar.com\/avatar\/3ea2118a5f7dad2b7138b1187a6b7ee55f160b9968b66013c3a3ef39dd7e5798?s=96&d=mm&r=g","url":"https:\/\/secure.gravatar.com\/avatar\/3ea2118a5f7dad2b7138b1187a6b7ee55f160b9968b66013c3a3ef39dd7e5798?s=96&d=mm&r=g","contentUrl":"https:\/\/secure.gravatar.com\/avatar\/3ea2118a5f7dad2b7138b1187a6b7ee55f160b9968b66013c3a3ef39dd7e5798?s=96&d=mm&r=g","caption":"Jeanette"},"sameAs":["https:\/\/www.eldiario.net\/portal"],"url":"https:\/\/www.eldiario.net\/portal\/author\/jeanette\/"}]}},"_links":{"self":[{"href":"https:\/\/www.eldiario.net\/portal\/wp-json\/wp\/v2\/posts\/193042","targetHints":{"allow":["GET"]}}],"collection":[{"href":"https:\/\/www.eldiario.net\/portal\/wp-json\/wp\/v2\/posts"}],"about":[{"href":"https:\/\/www.eldiario.net\/portal\/wp-json\/wp\/v2\/types\/post"}],"author":[{"embeddable":true,"href":"https:\/\/www.eldiario.net\/portal\/wp-json\/wp\/v2\/users\/1"}],"replies":[{"embeddable":true,"href":"https:\/\/www.eldiario.net\/portal\/wp-json\/wp\/v2\/comments?post=193042"}],"version-history":[{"count":0,"href":"https:\/\/www.eldiario.net\/portal\/wp-json\/wp\/v2\/posts\/193042\/revisions"}],"wp:featuredmedia":[{"embeddable":true,"href":"https:\/\/www.eldiario.net\/portal\/wp-json\/wp\/v2\/media\/193043"}],"wp:attachment":[{"href":"https:\/\/www.eldiario.net\/portal\/wp-json\/wp\/v2\/media?parent=193042"}],"wp:term":[{"taxonomy":"category","embeddable":true,"href":"https:\/\/www.eldiario.net\/portal\/wp-json\/wp\/v2\/categories?post=193042"},{"taxonomy":"post_tag","embeddable":true,"href":"https:\/\/www.eldiario.net\/portal\/wp-json\/wp\/v2\/tags?post=193042"}],"curies":[{"name":"wp","href":"https:\/\/api.w.org\/{rel}","templated":true}]}}