{"id":193029,"date":"2023-12-15T07:27:52","date_gmt":"2023-12-15T11:27:52","guid":{"rendered":"https:\/\/www.eldiario.net\/portal\/?p=193029"},"modified":"2023-12-15T07:27:52","modified_gmt":"2023-12-15T11:27:52","slug":"lanzamiento-de-patos-en-el-lago-titicaca","status":"publish","type":"post","link":"https:\/\/www.eldiario.net\/portal\/2023\/12\/15\/lanzamiento-de-patos-en-el-lago-titicaca\/","title":{"rendered":"Lanzamiento de \u00a1Patos! en el lago Titicaca"},"content":{"rendered":"<p>\u00a1Patos! (Migration), la nueva producci\u00f3n animada de Illumination, creadores de The Super Mario Bros y de las famosas franquicias Minions, Mi Villano Favorito y La Vida Secreta de tus Mascotas, entre otros \u00e9xitos de taquilla, se estren\u00f3 ayer en todos los cines del pa\u00eds, sin embargo el lanzamiento latinoamericano de la pel\u00edcula tuvo como escenario el lago Titicaca, situado a 3.812 msnm.<br \/>\nEn el singular evento se vio a la adorable patita Swen, la protagonista m\u00e1s querida y carism\u00e1tica de la cinta animada, personificada en una imponente inflable de aproximadamente 6 metros de alto, el cual naveg\u00f3 por el lago m\u00e1s alto del mundo ante la emocionada mirada de m\u00e1s de 30 reconocidos influencers y periodistas de Latinoam\u00e9rica, adem\u00e1s de altos ejecutivos de Universal Pictures y Andes Films.<br \/>\nLos afortunados visitantes vivieron la experiencia \u00a1Patos! en dos jornadas repletas de actividades relacionadas a las escenas que ofrece la entretenida pel\u00edcula.<br \/>\nRituales de bienvenida, paseos en balsas de totora y en catamar\u00e1n, exhibici\u00f3n de bailes folcl\u00f3ricos, clases de salsa, Master Class de cocina dictada por la chef peruana Guiliana Zabaleta, muestras de yoga, dictada por Gustavo D\u00edez de Medina y visita a la impresionante Isla del Sol, son algunas de las actividades que cautivaron y enamoraron a los selectos invitados internacionales y nacionales.<br \/>\nMichel Gonz\u00e1lez, Dir. Regional de MKT de Universal Pictures en Latinoam\u00e9rica, dijo que se decidi\u00f3 realizar el lanzamiento en el lago m\u00e1s alto del mundo porque conecta directamente el lugar m\u00edtico con los valores y la tem\u00e1tica de la pel\u00edcula, que es salir de la zona de confort y explorar nuevos lugares.<\/p>\n<div id='gallery-1' class='gallery galleryid-193029 gallery-columns-3 gallery-size-medium'><figure class='gallery-item'>\n\t\t\t<div class='gallery-icon landscape'>\n\t\t\t\t<a href='https:\/\/www.eldiario.net\/portal\/2023\/12\/15\/lanzamiento-de-patos-en-el-lago-titicaca\/gwen-en-el-lago-titicaca\/'><img loading=\"lazy\" decoding=\"async\" width=\"300\" height=\"200\" src=\"https:\/\/www.eldiario.net\/portal\/wp-content\/uploads\/2023\/12\/Gwen-en-el-Lago-Titicaca-300x200.jpg\" class=\"attachment-medium size-medium\" alt=\"\" aria-describedby=\"gallery-1-193030\" srcset=\"https:\/\/www.eldiario.net\/portal\/wp-content\/uploads\/2023\/12\/Gwen-en-el-Lago-Titicaca-300x200.jpg 300w, https:\/\/www.eldiario.net\/portal\/wp-content\/uploads\/2023\/12\/Gwen-en-el-Lago-Titicaca-768x512.jpg 768w, https:\/\/www.eldiario.net\/portal\/wp-content\/uploads\/2023\/12\/Gwen-en-el-Lago-Titicaca-696x464.jpg 696w, https:\/\/www.eldiario.net\/portal\/wp-content\/uploads\/2023\/12\/Gwen-en-el-Lago-Titicaca.jpg 1000w\" sizes=\"auto, (max-width: 300px) 100vw, 300px\" \/><\/a>\n\t\t\t<\/div>\n\t\t\t\t<figcaption class='wp-caption-text gallery-caption' id='gallery-1-193030'>\n\t\t\t\tGWEN EN EL LAGO TITICACA.\n\t\t\t\t<\/figcaption><\/figure><figure class='gallery-item'>\n\t\t\t<div class='gallery-icon landscape'>\n\t\t\t\t<a href='https:\/\/www.eldiario.net\/portal\/2023\/12\/15\/lanzamiento-de-patos-en-el-lago-titicaca\/jose-andres-chiluiza-ecu-ricardo-la-torre-pe-merelissa-him-pty-victoria-fuentes-cri-y-jorge-roig-ven\/'><img loading=\"lazy\" decoding=\"async\" width=\"300\" height=\"200\" src=\"https:\/\/www.eldiario.net\/portal\/wp-content\/uploads\/2023\/12\/Jose-Andres-Chiluiza-Ecu-Ricardo-La-Torre-Pe-Merelissa-Him-PTy-Victoria-Fuentes-CRi-y-Jorge-Roig-Ven-300x200.jpg\" class=\"attachment-medium size-medium\" alt=\"\" aria-describedby=\"gallery-1-193031\" srcset=\"https:\/\/www.eldiario.net\/portal\/wp-content\/uploads\/2023\/12\/Jose-Andres-Chiluiza-Ecu-Ricardo-La-Torre-Pe-Merelissa-Him-PTy-Victoria-Fuentes-CRi-y-Jorge-Roig-Ven-300x200.jpg 300w, https:\/\/www.eldiario.net\/portal\/wp-content\/uploads\/2023\/12\/Jose-Andres-Chiluiza-Ecu-Ricardo-La-Torre-Pe-Merelissa-Him-PTy-Victoria-Fuentes-CRi-y-Jorge-Roig-Ven-768x512.jpg 768w, https:\/\/www.eldiario.net\/portal\/wp-content\/uploads\/2023\/12\/Jose-Andres-Chiluiza-Ecu-Ricardo-La-Torre-Pe-Merelissa-Him-PTy-Victoria-Fuentes-CRi-y-Jorge-Roig-Ven-696x464.jpg 696w, https:\/\/www.eldiario.net\/portal\/wp-content\/uploads\/2023\/12\/Jose-Andres-Chiluiza-Ecu-Ricardo-La-Torre-Pe-Merelissa-Him-PTy-Victoria-Fuentes-CRi-y-Jorge-Roig-Ven.jpg 1000w\" sizes=\"auto, (max-width: 300px) 100vw, 300px\" \/><\/a>\n\t\t\t<\/div>\n\t\t\t\t<figcaption class='wp-caption-text gallery-caption' id='gallery-1-193031'>\n\t\t\t\tJOSE ANDR\u00c9S CHILUIZA (ECUADOR), RICARDO LA TORRE (PER\u00da), MERELISSA HIM (PANAM\u00c1), VICTORIA FUENTES (COSTA RICA) Y JORGE ROIG (VENEZUELA).\n\t\t\t\t<\/figcaption><\/figure><figure class='gallery-item'>\n\t\t\t<div class='gallery-icon landscape'>\n\t\t\t\t<a href='https:\/\/www.eldiario.net\/portal\/2023\/12\/15\/lanzamiento-de-patos-en-el-lago-titicaca\/michel-gonzalez-dir-regional-de-mkt-universal-pictures-latam-y-sandra-cortez-gte-de-mkt-andes-films-bolivia\/'><img loading=\"lazy\" decoding=\"async\" width=\"300\" height=\"200\" src=\"https:\/\/www.eldiario.net\/portal\/wp-content\/uploads\/2023\/12\/Michel-Gonzalez-Dir.-Regional-de-Mkt-Universal-Pictures-Latam-y-Sandra-Cortez-Gte.-de-Mkt-Andes-Films-Bolivia-300x200.jpg\" class=\"attachment-medium size-medium\" alt=\"\" aria-describedby=\"gallery-1-193032\" srcset=\"https:\/\/www.eldiario.net\/portal\/wp-content\/uploads\/2023\/12\/Michel-Gonzalez-Dir.-Regional-de-Mkt-Universal-Pictures-Latam-y-Sandra-Cortez-Gte.-de-Mkt-Andes-Films-Bolivia-300x200.jpg 300w, https:\/\/www.eldiario.net\/portal\/wp-content\/uploads\/2023\/12\/Michel-Gonzalez-Dir.-Regional-de-Mkt-Universal-Pictures-Latam-y-Sandra-Cortez-Gte.-de-Mkt-Andes-Films-Bolivia-768x512.jpg 768w, https:\/\/www.eldiario.net\/portal\/wp-content\/uploads\/2023\/12\/Michel-Gonzalez-Dir.-Regional-de-Mkt-Universal-Pictures-Latam-y-Sandra-Cortez-Gte.-de-Mkt-Andes-Films-Bolivia-696x464.jpg 696w, https:\/\/www.eldiario.net\/portal\/wp-content\/uploads\/2023\/12\/Michel-Gonzalez-Dir.-Regional-de-Mkt-Universal-Pictures-Latam-y-Sandra-Cortez-Gte.-de-Mkt-Andes-Films-Bolivia.jpg 1000w\" sizes=\"auto, (max-width: 300px) 100vw, 300px\" \/><\/a>\n\t\t\t<\/div>\n\t\t\t\t<figcaption class='wp-caption-text gallery-caption' id='gallery-1-193032'>\n\t\t\t\tMICHEL GONZ\u00c1LEZ, DIR. REGIONAL DE MKT UNIVERSAL PICTURES LATAM Y SANDRA CORTEZ, GTE. DE MKT ANDES FILMS BOLIVIA.\n\t\t\t\t<\/figcaption><\/figure><figure class='gallery-item'>\n\t\t\t<div class='gallery-icon portrait'>\n\t\t\t\t<a href='https:\/\/www.eldiario.net\/portal\/2023\/12\/15\/lanzamiento-de-patos-en-el-lago-titicaca\/miguel-mallet-mkteting-director-latam\/'><img loading=\"lazy\" decoding=\"async\" width=\"200\" height=\"300\" src=\"https:\/\/www.eldiario.net\/portal\/wp-content\/uploads\/2023\/12\/Miguel-Mallet-Mkteting-Director-Latam-200x300.jpg\" class=\"attachment-medium size-medium\" alt=\"\" aria-describedby=\"gallery-1-193033\" srcset=\"https:\/\/www.eldiario.net\/portal\/wp-content\/uploads\/2023\/12\/Miguel-Mallet-Mkteting-Director-Latam-200x300.jpg 200w, https:\/\/www.eldiario.net\/portal\/wp-content\/uploads\/2023\/12\/Miguel-Mallet-Mkteting-Director-Latam-683x1024.jpg 683w, https:\/\/www.eldiario.net\/portal\/wp-content\/uploads\/2023\/12\/Miguel-Mallet-Mkteting-Director-Latam-768x1152.jpg 768w, https:\/\/www.eldiario.net\/portal\/wp-content\/uploads\/2023\/12\/Miguel-Mallet-Mkteting-Director-Latam-696x1044.jpg 696w, https:\/\/www.eldiario.net\/portal\/wp-content\/uploads\/2023\/12\/Miguel-Mallet-Mkteting-Director-Latam.jpg 1000w\" sizes=\"auto, (max-width: 200px) 100vw, 200px\" \/><\/a>\n\t\t\t<\/div>\n\t\t\t\t<figcaption class='wp-caption-text gallery-caption' id='gallery-1-193033'>\n\t\t\t\t Miguel Mallet, Mkteting Director Latam.\n\t\t\t\t<\/figcaption><\/figure><figure class='gallery-item'>\n\t\t\t<div class='gallery-icon landscape'>\n\t\t\t\t<a href='https:\/\/www.eldiario.net\/portal\/2023\/12\/15\/lanzamiento-de-patos-en-el-lago-titicaca\/andrea-tovar-col-heydi-gutierrez-y-ximena-zalzer-bol\/'><img loading=\"lazy\" decoding=\"async\" width=\"300\" height=\"200\" src=\"https:\/\/www.eldiario.net\/portal\/wp-content\/uploads\/2023\/12\/Andrea-Tovar-Col-Heydi-Gutierrez-y-Ximena-Zalzer-Bol-300x200.jpg\" class=\"attachment-medium size-medium\" alt=\"\" aria-describedby=\"gallery-1-193034\" srcset=\"https:\/\/www.eldiario.net\/portal\/wp-content\/uploads\/2023\/12\/Andrea-Tovar-Col-Heydi-Gutierrez-y-Ximena-Zalzer-Bol-300x200.jpg 300w, https:\/\/www.eldiario.net\/portal\/wp-content\/uploads\/2023\/12\/Andrea-Tovar-Col-Heydi-Gutierrez-y-Ximena-Zalzer-Bol-768x512.jpg 768w, https:\/\/www.eldiario.net\/portal\/wp-content\/uploads\/2023\/12\/Andrea-Tovar-Col-Heydi-Gutierrez-y-Ximena-Zalzer-Bol-696x464.jpg 696w, https:\/\/www.eldiario.net\/portal\/wp-content\/uploads\/2023\/12\/Andrea-Tovar-Col-Heydi-Gutierrez-y-Ximena-Zalzer-Bol.jpg 1000w\" sizes=\"auto, (max-width: 300px) 100vw, 300px\" \/><\/a>\n\t\t\t<\/div>\n\t\t\t\t<figcaption class='wp-caption-text gallery-caption' id='gallery-1-193034'>\n\t\t\t\tAndrea Tovar (Colombia), Heydi Guti\u00e9rrez y Ximena Zalzer (Bolivia).\n\t\t\t\t<\/figcaption><\/figure><figure class='gallery-item'>\n\t\t\t<div class='gallery-icon landscape'>\n\t\t\t\t<a href='https:\/\/www.eldiario.net\/portal\/2023\/12\/15\/lanzamiento-de-patos-en-el-lago-titicaca\/periodistas-bolivianos-y-ejecutivos-de-cine-center-modificada\/'><img loading=\"lazy\" decoding=\"async\" width=\"300\" height=\"169\" src=\"https:\/\/www.eldiario.net\/portal\/wp-content\/uploads\/2023\/12\/Periodistas-Bolivianos-y-ejecutivos-de-Cine-Center-modificada-300x169.jpg\" class=\"attachment-medium size-medium\" alt=\"\" aria-describedby=\"gallery-1-193035\" srcset=\"https:\/\/www.eldiario.net\/portal\/wp-content\/uploads\/2023\/12\/Periodistas-Bolivianos-y-ejecutivos-de-Cine-Center-modificada-300x169.jpg 300w, https:\/\/www.eldiario.net\/portal\/wp-content\/uploads\/2023\/12\/Periodistas-Bolivianos-y-ejecutivos-de-Cine-Center-modificada-768x432.jpg 768w, https:\/\/www.eldiario.net\/portal\/wp-content\/uploads\/2023\/12\/Periodistas-Bolivianos-y-ejecutivos-de-Cine-Center-modificada-696x392.jpg 696w, https:\/\/www.eldiario.net\/portal\/wp-content\/uploads\/2023\/12\/Periodistas-Bolivianos-y-ejecutivos-de-Cine-Center-modificada.jpg 1000w\" sizes=\"auto, (max-width: 300px) 100vw, 300px\" \/><\/a>\n\t\t\t<\/div>\n\t\t\t\t<figcaption class='wp-caption-text gallery-caption' id='gallery-1-193035'>\n\t\t\t\tPERIODISTAS BOLIVIANOS Y EJECUTIVOS DE CINE CENTER.\n\t\t\t\t<\/figcaption><\/figure><figure class='gallery-item'>\n\t\t\t<div class='gallery-icon landscape'>\n\t\t\t\t<a href='https:\/\/www.eldiario.net\/portal\/2023\/12\/15\/lanzamiento-de-patos-en-el-lago-titicaca\/daniela-jeijoo-ecuador-vale-llanos-chile-y-la-cholita-lu-peru\/'><img loading=\"lazy\" decoding=\"async\" width=\"300\" height=\"200\" src=\"https:\/\/www.eldiario.net\/portal\/wp-content\/uploads\/2023\/12\/Daniela-Jeijoo-Ecuador-Vale-Llanos-Chile-y-La-Cholita-Lu-Peru-300x200.jpg\" class=\"attachment-medium size-medium\" alt=\"\" aria-describedby=\"gallery-1-193036\" srcset=\"https:\/\/www.eldiario.net\/portal\/wp-content\/uploads\/2023\/12\/Daniela-Jeijoo-Ecuador-Vale-Llanos-Chile-y-La-Cholita-Lu-Peru-300x200.jpg 300w, https:\/\/www.eldiario.net\/portal\/wp-content\/uploads\/2023\/12\/Daniela-Jeijoo-Ecuador-Vale-Llanos-Chile-y-La-Cholita-Lu-Peru-768x512.jpg 768w, https:\/\/www.eldiario.net\/portal\/wp-content\/uploads\/2023\/12\/Daniela-Jeijoo-Ecuador-Vale-Llanos-Chile-y-La-Cholita-Lu-Peru-696x464.jpg 696w, https:\/\/www.eldiario.net\/portal\/wp-content\/uploads\/2023\/12\/Daniela-Jeijoo-Ecuador-Vale-Llanos-Chile-y-La-Cholita-Lu-Peru.jpg 1000w\" sizes=\"auto, (max-width: 300px) 100vw, 300px\" \/><\/a>\n\t\t\t<\/div>\n\t\t\t\t<figcaption class='wp-caption-text gallery-caption' id='gallery-1-193036'>\n\t\t\t\tDANIELA JEIJOO (ECUADOR), VALE LLANOS (CHILE) Y LA CHOLITA LU (PER\u00da)\n\t\t\t\t<\/figcaption><\/figure><figure class='gallery-item'>\n\t\t\t<div class='gallery-icon landscape'>\n\t\t\t\t<a href='https:\/\/www.eldiario.net\/portal\/2023\/12\/15\/lanzamiento-de-patos-en-el-lago-titicaca\/despues-del-curso-de-yoga-posaron-en-la-isla-del-sol\/'><img loading=\"lazy\" decoding=\"async\" width=\"300\" height=\"200\" src=\"https:\/\/www.eldiario.net\/portal\/wp-content\/uploads\/2023\/12\/Despues-del-curso-de-Yoga-posaron-en-la-Isla-del-Sol-300x200.jpg\" class=\"attachment-medium size-medium\" alt=\"\" aria-describedby=\"gallery-1-193037\" srcset=\"https:\/\/www.eldiario.net\/portal\/wp-content\/uploads\/2023\/12\/Despues-del-curso-de-Yoga-posaron-en-la-Isla-del-Sol-300x200.jpg 300w, https:\/\/www.eldiario.net\/portal\/wp-content\/uploads\/2023\/12\/Despues-del-curso-de-Yoga-posaron-en-la-Isla-del-Sol-768x512.jpg 768w, https:\/\/www.eldiario.net\/portal\/wp-content\/uploads\/2023\/12\/Despues-del-curso-de-Yoga-posaron-en-la-Isla-del-Sol-696x464.jpg 696w, https:\/\/www.eldiario.net\/portal\/wp-content\/uploads\/2023\/12\/Despues-del-curso-de-Yoga-posaron-en-la-Isla-del-Sol.jpg 1000w\" sizes=\"auto, (max-width: 300px) 100vw, 300px\" \/><\/a>\n\t\t\t<\/div>\n\t\t\t\t<figcaption class='wp-caption-text gallery-caption' id='gallery-1-193037'>\n\t\t\t\tDESPU\u00c9S DEL CURSO DE YOGA  EN LA ISLA DEL SOL\n\t\t\t\t<\/figcaption><\/figure><figure class='gallery-item'>\n\t\t\t<div class='gallery-icon landscape'>\n\t\t\t\t<a href='https:\/\/www.eldiario.net\/portal\/2023\/12\/15\/lanzamiento-de-patos-en-el-lago-titicaca\/generadores-de-contenido-compartieron-en-el-lago-titicaca\/'><img loading=\"lazy\" decoding=\"async\" width=\"300\" height=\"169\" src=\"https:\/\/www.eldiario.net\/portal\/wp-content\/uploads\/2023\/12\/Generadores-de-contenido-compartieron-en-el-lago-Titicaca-300x169.jpg\" class=\"attachment-medium size-medium\" alt=\"\" aria-describedby=\"gallery-1-193038\" srcset=\"https:\/\/www.eldiario.net\/portal\/wp-content\/uploads\/2023\/12\/Generadores-de-contenido-compartieron-en-el-lago-Titicaca-300x169.jpg 300w, https:\/\/www.eldiario.net\/portal\/wp-content\/uploads\/2023\/12\/Generadores-de-contenido-compartieron-en-el-lago-Titicaca-768x432.jpg 768w, https:\/\/www.eldiario.net\/portal\/wp-content\/uploads\/2023\/12\/Generadores-de-contenido-compartieron-en-el-lago-Titicaca-696x392.jpg 696w, https:\/\/www.eldiario.net\/portal\/wp-content\/uploads\/2023\/12\/Generadores-de-contenido-compartieron-en-el-lago-Titicaca.jpg 1000w\" sizes=\"auto, (max-width: 300px) 100vw, 300px\" \/><\/a>\n\t\t\t<\/div>\n\t\t\t\t<figcaption class='wp-caption-text gallery-caption' id='gallery-1-193038'>\n\t\t\t\tGENERADORES DE CONTENIDO EN EL LAGO TITICACA.\n\t\t\t\t<\/figcaption><\/figure><figure class='gallery-item'>\n\t\t\t<div class='gallery-icon landscape'>\n\t\t\t\t<a href='https:\/\/www.eldiario.net\/portal\/2023\/12\/15\/lanzamiento-de-patos-en-el-lago-titicaca\/gino-zeta-gte-comercial-andes-films-dubby-estremadoiro-y-gianni-gentillo\/'><img loading=\"lazy\" decoding=\"async\" width=\"300\" height=\"200\" src=\"https:\/\/www.eldiario.net\/portal\/wp-content\/uploads\/2023\/12\/Gino-Zeta-Gte.-Comercial-Andes-Films-Dubby-Estremadoiro-y-Gianni-Gentillo-300x200.jpg\" class=\"attachment-medium size-medium\" alt=\"\" aria-describedby=\"gallery-1-193039\" srcset=\"https:\/\/www.eldiario.net\/portal\/wp-content\/uploads\/2023\/12\/Gino-Zeta-Gte.-Comercial-Andes-Films-Dubby-Estremadoiro-y-Gianni-Gentillo-300x200.jpg 300w, https:\/\/www.eldiario.net\/portal\/wp-content\/uploads\/2023\/12\/Gino-Zeta-Gte.-Comercial-Andes-Films-Dubby-Estremadoiro-y-Gianni-Gentillo-768x512.jpg 768w, https:\/\/www.eldiario.net\/portal\/wp-content\/uploads\/2023\/12\/Gino-Zeta-Gte.-Comercial-Andes-Films-Dubby-Estremadoiro-y-Gianni-Gentillo-696x464.jpg 696w, https:\/\/www.eldiario.net\/portal\/wp-content\/uploads\/2023\/12\/Gino-Zeta-Gte.-Comercial-Andes-Films-Dubby-Estremadoiro-y-Gianni-Gentillo.jpg 1000w\" sizes=\"auto, (max-width: 300px) 100vw, 300px\" \/><\/a>\n\t\t\t<\/div>\n\t\t\t\t<figcaption class='wp-caption-text gallery-caption' id='gallery-1-193039'>\n\t\t\t\tGINO ZETA, GTE. COMERCIAL ANDES FILMS, DUBBY ESTREMADOIRO Y GIANNI GENTILLO.\n\t\t\t\t<\/figcaption><\/figure><figure class='gallery-item'>\n\t\t\t<div class='gallery-icon landscape'>\n\t\t\t\t<a href='https:\/\/www.eldiario.net\/portal\/2023\/12\/15\/lanzamiento-de-patos-en-el-lago-titicaca\/giuliana-zavaleta-per-cielo-anais-andreida-de-negri-y-mariana-echeverria-mex\/'><img loading=\"lazy\" decoding=\"async\" width=\"300\" height=\"169\" src=\"https:\/\/www.eldiario.net\/portal\/wp-content\/uploads\/2023\/12\/Giuliana-Zavaleta-Per-Cielo-Anais-Andreida-De-Negri-y-Mariana-Echeverria-Mex-300x169.jpg\" class=\"attachment-medium size-medium\" alt=\"\" aria-describedby=\"gallery-1-193040\" srcset=\"https:\/\/www.eldiario.net\/portal\/wp-content\/uploads\/2023\/12\/Giuliana-Zavaleta-Per-Cielo-Anais-Andreida-De-Negri-y-Mariana-Echeverria-Mex-300x169.jpg 300w, https:\/\/www.eldiario.net\/portal\/wp-content\/uploads\/2023\/12\/Giuliana-Zavaleta-Per-Cielo-Anais-Andreida-De-Negri-y-Mariana-Echeverria-Mex-768x432.jpg 768w, https:\/\/www.eldiario.net\/portal\/wp-content\/uploads\/2023\/12\/Giuliana-Zavaleta-Per-Cielo-Anais-Andreida-De-Negri-y-Mariana-Echeverria-Mex-696x392.jpg 696w, https:\/\/www.eldiario.net\/portal\/wp-content\/uploads\/2023\/12\/Giuliana-Zavaleta-Per-Cielo-Anais-Andreida-De-Negri-y-Mariana-Echeverria-Mex.jpg 1000w\" sizes=\"auto, (max-width: 300px) 100vw, 300px\" \/><\/a>\n\t\t\t<\/div>\n\t\t\t\t<figcaption class='wp-caption-text gallery-caption' id='gallery-1-193040'>\n\t\t\t\tGIULIANA ZAVALETA (PER\u00da), CIELO ANAIS, ANDREIDA DE NEGRI Y MARIANA ECHEVERR\u00cdA (M\u00c9XICO).\n\t\t\t\t<\/figcaption><\/figure>\n\t\t<\/div>\n\n","protected":false},"excerpt":{"rendered":"<p>\u00a1Patos! (Migration), la nueva producci\u00f3n animada de Illumination, creadores de The Super Mario Bros y de las famosas franquicias Minions, Mi Villano Favorito y La Vida Secreta de tus Mascotas, entre otros \u00e9xitos de taquilla, se estren\u00f3 ayer en todos los cines del pa\u00eds, sin embargo el lanzamiento latinoamericano de la pel\u00edcula tuvo como escenario [&hellip;]<\/p>\n","protected":false},"author":1,"featured_media":193037,"comment_status":"closed","ping_status":"open","sticky":false,"template":"","format":"standard","meta":{"_acf_changed":false,"footnotes":""},"categories":[40],"tags":[],"class_list":["post-193029","post","type-post","status-publish","format-standard","has-post-thumbnail","category-sociales"],"acf":{"antetitulo":""},"yoast_head":"<!-- This site is optimized with the Yoast SEO plugin v28.3 - https:\/\/yoast.com\/product\/yoast-seo-wordpress\/ -->\n<title>Lanzamiento de \u00a1Patos! en el lago Titicaca - El Diario - Bolivia<\/title>\n<meta name=\"robots\" content=\"index, follow, max-snippet:-1, max-image-preview:large, max-video-preview:-1\" \/>\n<link rel=\"canonical\" href=\"https:\/\/www.eldiario.net\/portal\/2023\/12\/15\/lanzamiento-de-patos-en-el-lago-titicaca\/\" \/>\n<meta property=\"og:locale\" content=\"es_ES\" \/>\n<meta property=\"og:type\" content=\"article\" \/>\n<meta property=\"og:title\" content=\"Lanzamiento de \u00a1Patos! en el lago Titicaca - El Diario - Bolivia\" \/>\n<meta property=\"og:description\" content=\"\u00a1Patos! (Migration), la nueva producci\u00f3n animada de Illumination, creadores de The Super Mario Bros y de las famosas franquicias Minions, Mi Villano Favorito y La Vida Secreta de tus Mascotas, entre otros \u00e9xitos de taquilla, se estren\u00f3 ayer en todos los cines del pa\u00eds, sin embargo el lanzamiento latinoamericano de la pel\u00edcula tuvo como escenario [&hellip;]\" \/>\n<meta property=\"og:url\" content=\"https:\/\/www.eldiario.net\/portal\/2023\/12\/15\/lanzamiento-de-patos-en-el-lago-titicaca\/\" \/>\n<meta property=\"og:site_name\" content=\"El Diario - Bolivia\" \/>\n<meta property=\"article:publisher\" content=\"https:\/\/www.facebook.com\/eldiario.bolivia\/\" \/>\n<meta property=\"article:published_time\" content=\"2023-12-15T11:27:52+00:00\" \/>\n<meta property=\"og:image\" content=\"https:\/\/www.eldiario.net\/portal\/wp-content\/uploads\/2023\/12\/Despues-del-curso-de-Yoga-posaron-en-la-Isla-del-Sol.jpg\" \/>\n\t<meta property=\"og:image:width\" content=\"1000\" \/>\n\t<meta property=\"og:image:height\" content=\"667\" \/>\n\t<meta property=\"og:image:type\" content=\"image\/jpeg\" \/>\n<meta name=\"author\" content=\"Jeanette\" \/>\n<meta name=\"twitter:card\" content=\"summary_large_image\" \/>\n<meta name=\"twitter:creator\" content=\"@eldiario_net\" \/>\n<meta name=\"twitter:site\" content=\"@eldiario_net\" \/>\n<meta name=\"twitter:label1\" content=\"Escrito por\" \/>\n\t<meta name=\"twitter:data1\" content=\"Jeanette\" \/>\n\t<meta name=\"twitter:label2\" content=\"Tiempo de lectura\" \/>\n\t<meta name=\"twitter:data2\" content=\"2 minutos\" \/>\n<script type=\"application\/ld+json\" class=\"yoast-schema-graph\">{\"@context\":\"https:\\\/\\\/schema.org\",\"@graph\":[{\"@type\":\"Article\",\"@id\":\"https:\\\/\\\/www.eldiario.net\\\/portal\\\/2023\\\/12\\\/15\\\/lanzamiento-de-patos-en-el-lago-titicaca\\\/#article\",\"isPartOf\":{\"@id\":\"https:\\\/\\\/www.eldiario.net\\\/portal\\\/2023\\\/12\\\/15\\\/lanzamiento-de-patos-en-el-lago-titicaca\\\/\"},\"author\":{\"name\":\"Jeanette\",\"@id\":\"https:\\\/\\\/www.eldiario.net\\\/portal\\\/#\\\/schema\\\/person\\\/f46445640444750d7d753ccd04ae01b7\"},\"headline\":\"Lanzamiento de \u00a1Patos! en el lago Titicaca\",\"datePublished\":\"2023-12-15T11:27:52+00:00\",\"mainEntityOfPage\":{\"@id\":\"https:\\\/\\\/www.eldiario.net\\\/portal\\\/2023\\\/12\\\/15\\\/lanzamiento-de-patos-en-el-lago-titicaca\\\/\"},\"wordCount\":292,\"publisher\":{\"@id\":\"https:\\\/\\\/www.eldiario.net\\\/portal\\\/#organization\"},\"image\":{\"@id\":\"https:\\\/\\\/www.eldiario.net\\\/portal\\\/2023\\\/12\\\/15\\\/lanzamiento-de-patos-en-el-lago-titicaca\\\/#primaryimage\"},\"thumbnailUrl\":\"https:\\\/\\\/www.eldiario.net\\\/portal\\\/wp-content\\\/uploads\\\/2023\\\/12\\\/Despues-del-curso-de-Yoga-posaron-en-la-Isla-del-Sol.jpg\",\"articleSection\":[\"Sociales\"],\"inLanguage\":\"es\"},{\"@type\":\"WebPage\",\"@id\":\"https:\\\/\\\/www.eldiario.net\\\/portal\\\/2023\\\/12\\\/15\\\/lanzamiento-de-patos-en-el-lago-titicaca\\\/\",\"url\":\"https:\\\/\\\/www.eldiario.net\\\/portal\\\/2023\\\/12\\\/15\\\/lanzamiento-de-patos-en-el-lago-titicaca\\\/\",\"name\":\"Lanzamiento de \u00a1Patos! en el lago Titicaca - El Diario - Bolivia\",\"isPartOf\":{\"@id\":\"https:\\\/\\\/www.eldiario.net\\\/portal\\\/#website\"},\"primaryImageOfPage\":{\"@id\":\"https:\\\/\\\/www.eldiario.net\\\/portal\\\/2023\\\/12\\\/15\\\/lanzamiento-de-patos-en-el-lago-titicaca\\\/#primaryimage\"},\"image\":{\"@id\":\"https:\\\/\\\/www.eldiario.net\\\/portal\\\/2023\\\/12\\\/15\\\/lanzamiento-de-patos-en-el-lago-titicaca\\\/#primaryimage\"},\"thumbnailUrl\":\"https:\\\/\\\/www.eldiario.net\\\/portal\\\/wp-content\\\/uploads\\\/2023\\\/12\\\/Despues-del-curso-de-Yoga-posaron-en-la-Isla-del-Sol.jpg\",\"datePublished\":\"2023-12-15T11:27:52+00:00\",\"breadcrumb\":{\"@id\":\"https:\\\/\\\/www.eldiario.net\\\/portal\\\/2023\\\/12\\\/15\\\/lanzamiento-de-patos-en-el-lago-titicaca\\\/#breadcrumb\"},\"inLanguage\":\"es\",\"potentialAction\":[{\"@type\":\"ReadAction\",\"target\":[\"https:\\\/\\\/www.eldiario.net\\\/portal\\\/2023\\\/12\\\/15\\\/lanzamiento-de-patos-en-el-lago-titicaca\\\/\"]}]},{\"@type\":\"ImageObject\",\"inLanguage\":\"es\",\"@id\":\"https:\\\/\\\/www.eldiario.net\\\/portal\\\/2023\\\/12\\\/15\\\/lanzamiento-de-patos-en-el-lago-titicaca\\\/#primaryimage\",\"url\":\"https:\\\/\\\/www.eldiario.net\\\/portal\\\/wp-content\\\/uploads\\\/2023\\\/12\\\/Despues-del-curso-de-Yoga-posaron-en-la-Isla-del-Sol.jpg\",\"contentUrl\":\"https:\\\/\\\/www.eldiario.net\\\/portal\\\/wp-content\\\/uploads\\\/2023\\\/12\\\/Despues-del-curso-de-Yoga-posaron-en-la-Isla-del-Sol.jpg\",\"width\":1000,\"height\":667,\"caption\":\"DESPU\u00c9S DEL CURSO DE YOGA EN LA ISLA DEL SOL\"},{\"@type\":\"BreadcrumbList\",\"@id\":\"https:\\\/\\\/www.eldiario.net\\\/portal\\\/2023\\\/12\\\/15\\\/lanzamiento-de-patos-en-el-lago-titicaca\\\/#breadcrumb\",\"itemListElement\":[{\"@type\":\"ListItem\",\"position\":1,\"name\":\"Portada\",\"item\":\"https:\\\/\\\/www.eldiario.net\\\/portal\\\/\"},{\"@type\":\"ListItem\",\"position\":2,\"name\":\"Lanzamiento de \u00a1Patos! en el lago Titicaca\"}]},{\"@type\":\"WebSite\",\"@id\":\"https:\\\/\\\/www.eldiario.net\\\/portal\\\/#website\",\"url\":\"https:\\\/\\\/www.eldiario.net\\\/portal\\\/\",\"name\":\"El Diario - Decano de la prensa nacional\",\"description\":\"El Diario - Decano de la prensa nacional\",\"publisher\":{\"@id\":\"https:\\\/\\\/www.eldiario.net\\\/portal\\\/#organization\"},\"potentialAction\":[{\"@type\":\"SearchAction\",\"target\":{\"@type\":\"EntryPoint\",\"urlTemplate\":\"https:\\\/\\\/www.eldiario.net\\\/portal\\\/?s={search_term_string}\"},\"query-input\":{\"@type\":\"PropertyValueSpecification\",\"valueRequired\":true,\"valueName\":\"search_term_string\"}}],\"inLanguage\":\"es\"},{\"@type\":\"Organization\",\"@id\":\"https:\\\/\\\/www.eldiario.net\\\/portal\\\/#organization\",\"name\":\"El Diario - Decano de la prensa nacional\",\"url\":\"https:\\\/\\\/www.eldiario.net\\\/portal\\\/\",\"logo\":{\"@type\":\"ImageObject\",\"inLanguage\":\"es\",\"@id\":\"https:\\\/\\\/www.eldiario.net\\\/portal\\\/#\\\/schema\\\/logo\\\/image\\\/\",\"url\":\"https:\\\/\\\/www.eldiario.net\\\/portal\\\/wp-content\\\/uploads\\\/2023\\\/07\\\/logo_ED.jpg\",\"contentUrl\":\"https:\\\/\\\/www.eldiario.net\\\/portal\\\/wp-content\\\/uploads\\\/2023\\\/07\\\/logo_ED.jpg\",\"width\":272,\"height\":52,\"caption\":\"El Diario - Decano de la prensa nacional\"},\"image\":{\"@id\":\"https:\\\/\\\/www.eldiario.net\\\/portal\\\/#\\\/schema\\\/logo\\\/image\\\/\"},\"sameAs\":[\"https:\\\/\\\/www.facebook.com\\\/eldiario.bolivia\\\/\",\"https:\\\/\\\/x.com\\\/eldiario_net\"]},{\"@type\":\"Person\",\"@id\":\"https:\\\/\\\/www.eldiario.net\\\/portal\\\/#\\\/schema\\\/person\\\/f46445640444750d7d753ccd04ae01b7\",\"name\":\"Jeanette\",\"image\":{\"@type\":\"ImageObject\",\"inLanguage\":\"es\",\"@id\":\"https:\\\/\\\/secure.gravatar.com\\\/avatar\\\/3ea2118a5f7dad2b7138b1187a6b7ee55f160b9968b66013c3a3ef39dd7e5798?s=96&d=mm&r=g\",\"url\":\"https:\\\/\\\/secure.gravatar.com\\\/avatar\\\/3ea2118a5f7dad2b7138b1187a6b7ee55f160b9968b66013c3a3ef39dd7e5798?s=96&d=mm&r=g\",\"contentUrl\":\"https:\\\/\\\/secure.gravatar.com\\\/avatar\\\/3ea2118a5f7dad2b7138b1187a6b7ee55f160b9968b66013c3a3ef39dd7e5798?s=96&d=mm&r=g\",\"caption\":\"Jeanette\"},\"sameAs\":[\"https:\\\/\\\/www.eldiario.net\\\/portal\"],\"url\":\"https:\\\/\\\/www.eldiario.net\\\/portal\\\/author\\\/jeanette\\\/\"}]}<\/script>\n<!-- \/ Yoast SEO plugin. -->","yoast_head_json":{"title":"Lanzamiento de \u00a1Patos! en el lago Titicaca - El Diario - Bolivia","robots":{"index":"index","follow":"follow","max-snippet":"max-snippet:-1","max-image-preview":"max-image-preview:large","max-video-preview":"max-video-preview:-1"},"canonical":"https:\/\/www.eldiario.net\/portal\/2023\/12\/15\/lanzamiento-de-patos-en-el-lago-titicaca\/","og_locale":"es_ES","og_type":"article","og_title":"Lanzamiento de \u00a1Patos! en el lago Titicaca - El Diario - Bolivia","og_description":"\u00a1Patos! (Migration), la nueva producci\u00f3n animada de Illumination, creadores de The Super Mario Bros y de las famosas franquicias Minions, Mi Villano Favorito y La Vida Secreta de tus Mascotas, entre otros \u00e9xitos de taquilla, se estren\u00f3 ayer en todos los cines del pa\u00eds, sin embargo el lanzamiento latinoamericano de la pel\u00edcula tuvo como escenario [&hellip;]","og_url":"https:\/\/www.eldiario.net\/portal\/2023\/12\/15\/lanzamiento-de-patos-en-el-lago-titicaca\/","og_site_name":"El Diario - Bolivia","article_publisher":"https:\/\/www.facebook.com\/eldiario.bolivia\/","article_published_time":"2023-12-15T11:27:52+00:00","og_image":[{"width":1000,"height":667,"url":"https:\/\/www.eldiario.net\/portal\/wp-content\/uploads\/2023\/12\/Despues-del-curso-de-Yoga-posaron-en-la-Isla-del-Sol.jpg","type":"image\/jpeg"}],"author":"Jeanette","twitter_card":"summary_large_image","twitter_creator":"@eldiario_net","twitter_site":"@eldiario_net","twitter_misc":{"Escrito por":"Jeanette","Tiempo de lectura":"2 minutos"},"schema":{"@context":"https:\/\/schema.org","@graph":[{"@type":"Article","@id":"https:\/\/www.eldiario.net\/portal\/2023\/12\/15\/lanzamiento-de-patos-en-el-lago-titicaca\/#article","isPartOf":{"@id":"https:\/\/www.eldiario.net\/portal\/2023\/12\/15\/lanzamiento-de-patos-en-el-lago-titicaca\/"},"author":{"name":"Jeanette","@id":"https:\/\/www.eldiario.net\/portal\/#\/schema\/person\/f46445640444750d7d753ccd04ae01b7"},"headline":"Lanzamiento de \u00a1Patos! en el lago Titicaca","datePublished":"2023-12-15T11:27:52+00:00","mainEntityOfPage":{"@id":"https:\/\/www.eldiario.net\/portal\/2023\/12\/15\/lanzamiento-de-patos-en-el-lago-titicaca\/"},"wordCount":292,"publisher":{"@id":"https:\/\/www.eldiario.net\/portal\/#organization"},"image":{"@id":"https:\/\/www.eldiario.net\/portal\/2023\/12\/15\/lanzamiento-de-patos-en-el-lago-titicaca\/#primaryimage"},"thumbnailUrl":"https:\/\/www.eldiario.net\/portal\/wp-content\/uploads\/2023\/12\/Despues-del-curso-de-Yoga-posaron-en-la-Isla-del-Sol.jpg","articleSection":["Sociales"],"inLanguage":"es"},{"@type":"WebPage","@id":"https:\/\/www.eldiario.net\/portal\/2023\/12\/15\/lanzamiento-de-patos-en-el-lago-titicaca\/","url":"https:\/\/www.eldiario.net\/portal\/2023\/12\/15\/lanzamiento-de-patos-en-el-lago-titicaca\/","name":"Lanzamiento de \u00a1Patos! en el lago Titicaca - El Diario - Bolivia","isPartOf":{"@id":"https:\/\/www.eldiario.net\/portal\/#website"},"primaryImageOfPage":{"@id":"https:\/\/www.eldiario.net\/portal\/2023\/12\/15\/lanzamiento-de-patos-en-el-lago-titicaca\/#primaryimage"},"image":{"@id":"https:\/\/www.eldiario.net\/portal\/2023\/12\/15\/lanzamiento-de-patos-en-el-lago-titicaca\/#primaryimage"},"thumbnailUrl":"https:\/\/www.eldiario.net\/portal\/wp-content\/uploads\/2023\/12\/Despues-del-curso-de-Yoga-posaron-en-la-Isla-del-Sol.jpg","datePublished":"2023-12-15T11:27:52+00:00","breadcrumb":{"@id":"https:\/\/www.eldiario.net\/portal\/2023\/12\/15\/lanzamiento-de-patos-en-el-lago-titicaca\/#breadcrumb"},"inLanguage":"es","potentialAction":[{"@type":"ReadAction","target":["https:\/\/www.eldiario.net\/portal\/2023\/12\/15\/lanzamiento-de-patos-en-el-lago-titicaca\/"]}]},{"@type":"ImageObject","inLanguage":"es","@id":"https:\/\/www.eldiario.net\/portal\/2023\/12\/15\/lanzamiento-de-patos-en-el-lago-titicaca\/#primaryimage","url":"https:\/\/www.eldiario.net\/portal\/wp-content\/uploads\/2023\/12\/Despues-del-curso-de-Yoga-posaron-en-la-Isla-del-Sol.jpg","contentUrl":"https:\/\/www.eldiario.net\/portal\/wp-content\/uploads\/2023\/12\/Despues-del-curso-de-Yoga-posaron-en-la-Isla-del-Sol.jpg","width":1000,"height":667,"caption":"DESPU\u00c9S DEL CURSO DE YOGA EN LA ISLA DEL SOL"},{"@type":"BreadcrumbList","@id":"https:\/\/www.eldiario.net\/portal\/2023\/12\/15\/lanzamiento-de-patos-en-el-lago-titicaca\/#breadcrumb","itemListElement":[{"@type":"ListItem","position":1,"name":"Portada","item":"https:\/\/www.eldiario.net\/portal\/"},{"@type":"ListItem","position":2,"name":"Lanzamiento de \u00a1Patos! en el lago Titicaca"}]},{"@type":"WebSite","@id":"https:\/\/www.eldiario.net\/portal\/#website","url":"https:\/\/www.eldiario.net\/portal\/","name":"El Diario - Decano de la prensa nacional","description":"El Diario - Decano de la prensa nacional","publisher":{"@id":"https:\/\/www.eldiario.net\/portal\/#organization"},"potentialAction":[{"@type":"SearchAction","target":{"@type":"EntryPoint","urlTemplate":"https:\/\/www.eldiario.net\/portal\/?s={search_term_string}"},"query-input":{"@type":"PropertyValueSpecification","valueRequired":true,"valueName":"search_term_string"}}],"inLanguage":"es"},{"@type":"Organization","@id":"https:\/\/www.eldiario.net\/portal\/#organization","name":"El Diario - Decano de la prensa nacional","url":"https:\/\/www.eldiario.net\/portal\/","logo":{"@type":"ImageObject","inLanguage":"es","@id":"https:\/\/www.eldiario.net\/portal\/#\/schema\/logo\/image\/","url":"https:\/\/www.eldiario.net\/portal\/wp-content\/uploads\/2023\/07\/logo_ED.jpg","contentUrl":"https:\/\/www.eldiario.net\/portal\/wp-content\/uploads\/2023\/07\/logo_ED.jpg","width":272,"height":52,"caption":"El Diario - Decano de la prensa nacional"},"image":{"@id":"https:\/\/www.eldiario.net\/portal\/#\/schema\/logo\/image\/"},"sameAs":["https:\/\/www.facebook.com\/eldiario.bolivia\/","https:\/\/x.com\/eldiario_net"]},{"@type":"Person","@id":"https:\/\/www.eldiario.net\/portal\/#\/schema\/person\/f46445640444750d7d753ccd04ae01b7","name":"Jeanette","image":{"@type":"ImageObject","inLanguage":"es","@id":"https:\/\/secure.gravatar.com\/avatar\/3ea2118a5f7dad2b7138b1187a6b7ee55f160b9968b66013c3a3ef39dd7e5798?s=96&d=mm&r=g","url":"https:\/\/secure.gravatar.com\/avatar\/3ea2118a5f7dad2b7138b1187a6b7ee55f160b9968b66013c3a3ef39dd7e5798?s=96&d=mm&r=g","contentUrl":"https:\/\/secure.gravatar.com\/avatar\/3ea2118a5f7dad2b7138b1187a6b7ee55f160b9968b66013c3a3ef39dd7e5798?s=96&d=mm&r=g","caption":"Jeanette"},"sameAs":["https:\/\/www.eldiario.net\/portal"],"url":"https:\/\/www.eldiario.net\/portal\/author\/jeanette\/"}]}},"_links":{"self":[{"href":"https:\/\/www.eldiario.net\/portal\/wp-json\/wp\/v2\/posts\/193029","targetHints":{"allow":["GET"]}}],"collection":[{"href":"https:\/\/www.eldiario.net\/portal\/wp-json\/wp\/v2\/posts"}],"about":[{"href":"https:\/\/www.eldiario.net\/portal\/wp-json\/wp\/v2\/types\/post"}],"author":[{"embeddable":true,"href":"https:\/\/www.eldiario.net\/portal\/wp-json\/wp\/v2\/users\/1"}],"replies":[{"embeddable":true,"href":"https:\/\/www.eldiario.net\/portal\/wp-json\/wp\/v2\/comments?post=193029"}],"version-history":[{"count":0,"href":"https:\/\/www.eldiario.net\/portal\/wp-json\/wp\/v2\/posts\/193029\/revisions"}],"wp:featuredmedia":[{"embeddable":true,"href":"https:\/\/www.eldiario.net\/portal\/wp-json\/wp\/v2\/media\/193037"}],"wp:attachment":[{"href":"https:\/\/www.eldiario.net\/portal\/wp-json\/wp\/v2\/media?parent=193029"}],"wp:term":[{"taxonomy":"category","embeddable":true,"href":"https:\/\/www.eldiario.net\/portal\/wp-json\/wp\/v2\/categories?post=193029"},{"taxonomy":"post_tag","embeddable":true,"href":"https:\/\/www.eldiario.net\/portal\/wp-json\/wp\/v2\/tags?post=193029"}],"curies":[{"name":"wp","href":"https:\/\/api.w.org\/{rel}","templated":true}]}}