{"id":192933,"date":"2023-12-15T06:46:04","date_gmt":"2023-12-15T10:46:04","guid":{"rendered":"https:\/\/www.eldiario.net\/portal\/?p=192933"},"modified":"2023-12-15T06:46:04","modified_gmt":"2023-12-15T10:46:04","slug":"nasa-filmo-regreso-a-la-tierra-de-artemis-i","status":"publish","type":"post","link":"https:\/\/www.eldiario.net\/portal\/2023\/12\/15\/nasa-filmo-regreso-a-la-tierra-de-artemis-i\/","title":{"rendered":"NASA film\u00f3 regreso a  la Tierra de Artemis I"},"content":{"rendered":"<p>La NASA hizo p\u00fablico un v\u00eddeo de 25 minutos grabado durante el regreso a la Tierra de la c\u00e1psula Ori\u00f3n de Artemis I, cuando se cumple un a\u00f1o de aquella misi\u00f3n no tripulada a la \u00f3rbita de la Luna.<br \/>\nLas im\u00e1genes que fueron tomadas por una c\u00e1mara instalada en la parte superior de la c\u00e1psula y reproducen el final del camino recorrido por la nave el 11 de diciembre de 2022 desde el espacio hasta el suelo a trav\u00e9s de la atm\u00f3sfera terrestre, tras un viaje de 25 d\u00edas en el que recorri\u00f3 2,25 millones de kil\u00f3metros.<br \/>\nPuede apreciarse primero la oscuridad total del espacio, despu\u00e9s la curvatura de la Tierra, seguido del efecto del calor intenso por la fricci\u00f3n en el reingreso en la atm\u00f3sfera, finalmente el azul del cielo y los paraca\u00eddas desplegados antes de llegar al suelo.<br \/>\nArtemis I aterriz\u00f3 cerca de la Isla Guadalupe frente a la costa de Baja California. Justo antes de la reentrada en la atm\u00f3sfera, el m\u00f3dulo tripulable y el de servicio se separaron y solo el primero regres\u00f3 a la Tierra, mientras que el m\u00f3dulo de servicio se desintegr\u00f3 en la atm\u00f3sfera terrestre. Aplicando una nueva t\u00e9cnica, el m\u00f3dulo de tripulaci\u00f3n se sumergi\u00f3 en la parte superior de la atm\u00f3sfera de la Tierra y us\u00f3 esa atm\u00f3sfera, junto con el ascenso de la c\u00e1psula, para salir de nuevo de la atm\u00f3sfera, luego volver a entrar para el descenso final en paraca\u00eddas y amerizar.<br \/>\nOri\u00f3n ingres\u00f3 a la atm\u00f3sfera de nuestro planeta viajando a 40.000 kil\u00f3metros por hora y con temperaturas de aproximadamente 2.760 grados Celsius, que soport\u00f3 gracias al mayor escudo t\u00e9rmico jam\u00e1s construido. La atm\u00f3sfera inicialmente redujo la velocidad de la nave espacial a 523 km\/h y luego los paraca\u00eddas redujeron la velocidad a medida que la nave descendi\u00f3 a trav\u00e9s de la atm\u00f3sfera de la Tierra.<br \/>\nEl despliegue del paraca\u00eddas comenz\u00f3 a una altitud de unos 8 kil\u00f3metros, con tres peque\u00f1os paraca\u00eddas que despojaron las cubiertas delanteras de la nave. Una vez separada la cubierta delantera de la nave, dos paraca\u00eddas flotantes redujeron la velocidad y estabilizaron al m\u00f3dulo de tripulaci\u00f3n para el despliegue del paraca\u00eddas principal.<br \/>\nA una altitud de menos de 3.000 metros con una velocidad de la nave espacial de 210 km\/h, tres paraca\u00eddas piloto levantaron y desplegaron los paraca\u00eddas principales. Esos paraca\u00eddas de 35 metros de di\u00e1metro de tela de nailon, redujeron la velocidad del m\u00f3dulo de tripulaci\u00f3n de Ori\u00f3n a una velocidad de amerizaje de solo unos 30 km\/h.<br \/>\nUna vez en el agua, los equipos de rescate procedieron para recuperar la c\u00e1psula y todo el hardware posible desechado durante el aterrizaje, incluida la cubierta delantera de la nave y tres paraca\u00eddas principales. (Europa Press)<\/p>\n","protected":false},"excerpt":{"rendered":"<p>La NASA hizo p\u00fablico un v\u00eddeo de 25 minutos grabado durante el regreso a la Tierra de la c\u00e1psula Ori\u00f3n de Artemis I, cuando se cumple un a\u00f1o de aquella misi\u00f3n no tripulada a la \u00f3rbita de la Luna. Las im\u00e1genes que fueron tomadas por una c\u00e1mara instalada en la parte superior de la c\u00e1psula [&hellip;]<\/p>\n","protected":false},"author":1,"featured_media":0,"comment_status":"closed","ping_status":"open","sticky":false,"template":"","format":"standard","meta":{"_acf_changed":false,"footnotes":""},"categories":[3],"tags":[],"class_list":["post-192933","post","type-post","status-publish","format-standard","category-internacional"],"acf":{"antetitulo":""},"yoast_head":"<!-- This site is optimized with the Yoast SEO plugin v28.3 - https:\/\/yoast.com\/product\/yoast-seo-wordpress\/ -->\n<title>NASA film\u00f3 regreso a la Tierra de Artemis I - El Diario - Bolivia<\/title>\n<meta name=\"robots\" content=\"index, follow, max-snippet:-1, max-image-preview:large, max-video-preview:-1\" \/>\n<link rel=\"canonical\" href=\"https:\/\/www.eldiario.net\/portal\/2023\/12\/15\/nasa-filmo-regreso-a-la-tierra-de-artemis-i\/\" \/>\n<meta property=\"og:locale\" content=\"es_ES\" \/>\n<meta property=\"og:type\" content=\"article\" \/>\n<meta property=\"og:title\" content=\"NASA film\u00f3 regreso a la Tierra de Artemis I - El Diario - Bolivia\" \/>\n<meta property=\"og:description\" content=\"La NASA hizo p\u00fablico un v\u00eddeo de 25 minutos grabado durante el regreso a la Tierra de la c\u00e1psula Ori\u00f3n de Artemis I, cuando se cumple un a\u00f1o de aquella misi\u00f3n no tripulada a la \u00f3rbita de la Luna. Las im\u00e1genes que fueron tomadas por una c\u00e1mara instalada en la parte superior de la c\u00e1psula [&hellip;]\" \/>\n<meta property=\"og:url\" content=\"https:\/\/www.eldiario.net\/portal\/2023\/12\/15\/nasa-filmo-regreso-a-la-tierra-de-artemis-i\/\" \/>\n<meta property=\"og:site_name\" content=\"El Diario - Bolivia\" \/>\n<meta property=\"article:publisher\" content=\"https:\/\/www.facebook.com\/eldiario.bolivia\/\" \/>\n<meta property=\"article:published_time\" content=\"2023-12-15T10:46:04+00:00\" \/>\n<meta name=\"author\" content=\"Jeanette\" \/>\n<meta name=\"twitter:card\" content=\"summary_large_image\" \/>\n<meta name=\"twitter:creator\" content=\"@eldiario_net\" \/>\n<meta name=\"twitter:site\" content=\"@eldiario_net\" \/>\n<meta name=\"twitter:label1\" content=\"Escrito por\" \/>\n\t<meta name=\"twitter:data1\" content=\"Jeanette\" \/>\n\t<meta name=\"twitter:label2\" content=\"Tiempo de lectura\" \/>\n\t<meta name=\"twitter:data2\" content=\"3 minutos\" \/>\n<script type=\"application\/ld+json\" class=\"yoast-schema-graph\">{\"@context\":\"https:\\\/\\\/schema.org\",\"@graph\":[{\"@type\":\"Article\",\"@id\":\"https:\\\/\\\/www.eldiario.net\\\/portal\\\/2023\\\/12\\\/15\\\/nasa-filmo-regreso-a-la-tierra-de-artemis-i\\\/#article\",\"isPartOf\":{\"@id\":\"https:\\\/\\\/www.eldiario.net\\\/portal\\\/2023\\\/12\\\/15\\\/nasa-filmo-regreso-a-la-tierra-de-artemis-i\\\/\"},\"author\":{\"name\":\"Jeanette\",\"@id\":\"https:\\\/\\\/www.eldiario.net\\\/portal\\\/#\\\/schema\\\/person\\\/f46445640444750d7d753ccd04ae01b7\"},\"headline\":\"NASA film\u00f3 regreso a la Tierra de Artemis I\",\"datePublished\":\"2023-12-15T10:46:04+00:00\",\"mainEntityOfPage\":{\"@id\":\"https:\\\/\\\/www.eldiario.net\\\/portal\\\/2023\\\/12\\\/15\\\/nasa-filmo-regreso-a-la-tierra-de-artemis-i\\\/\"},\"wordCount\":505,\"publisher\":{\"@id\":\"https:\\\/\\\/www.eldiario.net\\\/portal\\\/#organization\"},\"articleSection\":[\"Internacional\"],\"inLanguage\":\"es\"},{\"@type\":\"WebPage\",\"@id\":\"https:\\\/\\\/www.eldiario.net\\\/portal\\\/2023\\\/12\\\/15\\\/nasa-filmo-regreso-a-la-tierra-de-artemis-i\\\/\",\"url\":\"https:\\\/\\\/www.eldiario.net\\\/portal\\\/2023\\\/12\\\/15\\\/nasa-filmo-regreso-a-la-tierra-de-artemis-i\\\/\",\"name\":\"NASA film\u00f3 regreso a la Tierra de Artemis I - El Diario - Bolivia\",\"isPartOf\":{\"@id\":\"https:\\\/\\\/www.eldiario.net\\\/portal\\\/#website\"},\"datePublished\":\"2023-12-15T10:46:04+00:00\",\"breadcrumb\":{\"@id\":\"https:\\\/\\\/www.eldiario.net\\\/portal\\\/2023\\\/12\\\/15\\\/nasa-filmo-regreso-a-la-tierra-de-artemis-i\\\/#breadcrumb\"},\"inLanguage\":\"es\",\"potentialAction\":[{\"@type\":\"ReadAction\",\"target\":[\"https:\\\/\\\/www.eldiario.net\\\/portal\\\/2023\\\/12\\\/15\\\/nasa-filmo-regreso-a-la-tierra-de-artemis-i\\\/\"]}]},{\"@type\":\"BreadcrumbList\",\"@id\":\"https:\\\/\\\/www.eldiario.net\\\/portal\\\/2023\\\/12\\\/15\\\/nasa-filmo-regreso-a-la-tierra-de-artemis-i\\\/#breadcrumb\",\"itemListElement\":[{\"@type\":\"ListItem\",\"position\":1,\"name\":\"Portada\",\"item\":\"https:\\\/\\\/www.eldiario.net\\\/portal\\\/\"},{\"@type\":\"ListItem\",\"position\":2,\"name\":\"NASA film\u00f3 regreso a la Tierra de Artemis I\"}]},{\"@type\":\"WebSite\",\"@id\":\"https:\\\/\\\/www.eldiario.net\\\/portal\\\/#website\",\"url\":\"https:\\\/\\\/www.eldiario.net\\\/portal\\\/\",\"name\":\"El Diario - Decano de la prensa nacional\",\"description\":\"El Diario - Decano de la prensa nacional\",\"publisher\":{\"@id\":\"https:\\\/\\\/www.eldiario.net\\\/portal\\\/#organization\"},\"potentialAction\":[{\"@type\":\"SearchAction\",\"target\":{\"@type\":\"EntryPoint\",\"urlTemplate\":\"https:\\\/\\\/www.eldiario.net\\\/portal\\\/?s={search_term_string}\"},\"query-input\":{\"@type\":\"PropertyValueSpecification\",\"valueRequired\":true,\"valueName\":\"search_term_string\"}}],\"inLanguage\":\"es\"},{\"@type\":\"Organization\",\"@id\":\"https:\\\/\\\/www.eldiario.net\\\/portal\\\/#organization\",\"name\":\"El Diario - Decano de la prensa nacional\",\"url\":\"https:\\\/\\\/www.eldiario.net\\\/portal\\\/\",\"logo\":{\"@type\":\"ImageObject\",\"inLanguage\":\"es\",\"@id\":\"https:\\\/\\\/www.eldiario.net\\\/portal\\\/#\\\/schema\\\/logo\\\/image\\\/\",\"url\":\"https:\\\/\\\/www.eldiario.net\\\/portal\\\/wp-content\\\/uploads\\\/2023\\\/07\\\/logo_ED.jpg\",\"contentUrl\":\"https:\\\/\\\/www.eldiario.net\\\/portal\\\/wp-content\\\/uploads\\\/2023\\\/07\\\/logo_ED.jpg\",\"width\":272,\"height\":52,\"caption\":\"El Diario - Decano de la prensa nacional\"},\"image\":{\"@id\":\"https:\\\/\\\/www.eldiario.net\\\/portal\\\/#\\\/schema\\\/logo\\\/image\\\/\"},\"sameAs\":[\"https:\\\/\\\/www.facebook.com\\\/eldiario.bolivia\\\/\",\"https:\\\/\\\/x.com\\\/eldiario_net\"]},{\"@type\":\"Person\",\"@id\":\"https:\\\/\\\/www.eldiario.net\\\/portal\\\/#\\\/schema\\\/person\\\/f46445640444750d7d753ccd04ae01b7\",\"name\":\"Jeanette\",\"image\":{\"@type\":\"ImageObject\",\"inLanguage\":\"es\",\"@id\":\"https:\\\/\\\/secure.gravatar.com\\\/avatar\\\/3ea2118a5f7dad2b7138b1187a6b7ee55f160b9968b66013c3a3ef39dd7e5798?s=96&d=mm&r=g\",\"url\":\"https:\\\/\\\/secure.gravatar.com\\\/avatar\\\/3ea2118a5f7dad2b7138b1187a6b7ee55f160b9968b66013c3a3ef39dd7e5798?s=96&d=mm&r=g\",\"contentUrl\":\"https:\\\/\\\/secure.gravatar.com\\\/avatar\\\/3ea2118a5f7dad2b7138b1187a6b7ee55f160b9968b66013c3a3ef39dd7e5798?s=96&d=mm&r=g\",\"caption\":\"Jeanette\"},\"sameAs\":[\"https:\\\/\\\/www.eldiario.net\\\/portal\"],\"url\":\"https:\\\/\\\/www.eldiario.net\\\/portal\\\/author\\\/jeanette\\\/\"}]}<\/script>\n<!-- \/ Yoast SEO plugin. -->","yoast_head_json":{"title":"NASA film\u00f3 regreso a la Tierra de Artemis I - El Diario - Bolivia","robots":{"index":"index","follow":"follow","max-snippet":"max-snippet:-1","max-image-preview":"max-image-preview:large","max-video-preview":"max-video-preview:-1"},"canonical":"https:\/\/www.eldiario.net\/portal\/2023\/12\/15\/nasa-filmo-regreso-a-la-tierra-de-artemis-i\/","og_locale":"es_ES","og_type":"article","og_title":"NASA film\u00f3 regreso a la Tierra de Artemis I - El Diario - Bolivia","og_description":"La NASA hizo p\u00fablico un v\u00eddeo de 25 minutos grabado durante el regreso a la Tierra de la c\u00e1psula Ori\u00f3n de Artemis I, cuando se cumple un a\u00f1o de aquella misi\u00f3n no tripulada a la \u00f3rbita de la Luna. Las im\u00e1genes que fueron tomadas por una c\u00e1mara instalada en la parte superior de la c\u00e1psula [&hellip;]","og_url":"https:\/\/www.eldiario.net\/portal\/2023\/12\/15\/nasa-filmo-regreso-a-la-tierra-de-artemis-i\/","og_site_name":"El Diario - Bolivia","article_publisher":"https:\/\/www.facebook.com\/eldiario.bolivia\/","article_published_time":"2023-12-15T10:46:04+00:00","author":"Jeanette","twitter_card":"summary_large_image","twitter_creator":"@eldiario_net","twitter_site":"@eldiario_net","twitter_misc":{"Escrito por":"Jeanette","Tiempo de lectura":"3 minutos"},"schema":{"@context":"https:\/\/schema.org","@graph":[{"@type":"Article","@id":"https:\/\/www.eldiario.net\/portal\/2023\/12\/15\/nasa-filmo-regreso-a-la-tierra-de-artemis-i\/#article","isPartOf":{"@id":"https:\/\/www.eldiario.net\/portal\/2023\/12\/15\/nasa-filmo-regreso-a-la-tierra-de-artemis-i\/"},"author":{"name":"Jeanette","@id":"https:\/\/www.eldiario.net\/portal\/#\/schema\/person\/f46445640444750d7d753ccd04ae01b7"},"headline":"NASA film\u00f3 regreso a la Tierra de Artemis I","datePublished":"2023-12-15T10:46:04+00:00","mainEntityOfPage":{"@id":"https:\/\/www.eldiario.net\/portal\/2023\/12\/15\/nasa-filmo-regreso-a-la-tierra-de-artemis-i\/"},"wordCount":505,"publisher":{"@id":"https:\/\/www.eldiario.net\/portal\/#organization"},"articleSection":["Internacional"],"inLanguage":"es"},{"@type":"WebPage","@id":"https:\/\/www.eldiario.net\/portal\/2023\/12\/15\/nasa-filmo-regreso-a-la-tierra-de-artemis-i\/","url":"https:\/\/www.eldiario.net\/portal\/2023\/12\/15\/nasa-filmo-regreso-a-la-tierra-de-artemis-i\/","name":"NASA film\u00f3 regreso a la Tierra de Artemis I - El Diario - Bolivia","isPartOf":{"@id":"https:\/\/www.eldiario.net\/portal\/#website"},"datePublished":"2023-12-15T10:46:04+00:00","breadcrumb":{"@id":"https:\/\/www.eldiario.net\/portal\/2023\/12\/15\/nasa-filmo-regreso-a-la-tierra-de-artemis-i\/#breadcrumb"},"inLanguage":"es","potentialAction":[{"@type":"ReadAction","target":["https:\/\/www.eldiario.net\/portal\/2023\/12\/15\/nasa-filmo-regreso-a-la-tierra-de-artemis-i\/"]}]},{"@type":"BreadcrumbList","@id":"https:\/\/www.eldiario.net\/portal\/2023\/12\/15\/nasa-filmo-regreso-a-la-tierra-de-artemis-i\/#breadcrumb","itemListElement":[{"@type":"ListItem","position":1,"name":"Portada","item":"https:\/\/www.eldiario.net\/portal\/"},{"@type":"ListItem","position":2,"name":"NASA film\u00f3 regreso a la Tierra de Artemis I"}]},{"@type":"WebSite","@id":"https:\/\/www.eldiario.net\/portal\/#website","url":"https:\/\/www.eldiario.net\/portal\/","name":"El Diario - Decano de la prensa nacional","description":"El Diario - Decano de la prensa nacional","publisher":{"@id":"https:\/\/www.eldiario.net\/portal\/#organization"},"potentialAction":[{"@type":"SearchAction","target":{"@type":"EntryPoint","urlTemplate":"https:\/\/www.eldiario.net\/portal\/?s={search_term_string}"},"query-input":{"@type":"PropertyValueSpecification","valueRequired":true,"valueName":"search_term_string"}}],"inLanguage":"es"},{"@type":"Organization","@id":"https:\/\/www.eldiario.net\/portal\/#organization","name":"El Diario - Decano de la prensa nacional","url":"https:\/\/www.eldiario.net\/portal\/","logo":{"@type":"ImageObject","inLanguage":"es","@id":"https:\/\/www.eldiario.net\/portal\/#\/schema\/logo\/image\/","url":"https:\/\/www.eldiario.net\/portal\/wp-content\/uploads\/2023\/07\/logo_ED.jpg","contentUrl":"https:\/\/www.eldiario.net\/portal\/wp-content\/uploads\/2023\/07\/logo_ED.jpg","width":272,"height":52,"caption":"El Diario - Decano de la prensa nacional"},"image":{"@id":"https:\/\/www.eldiario.net\/portal\/#\/schema\/logo\/image\/"},"sameAs":["https:\/\/www.facebook.com\/eldiario.bolivia\/","https:\/\/x.com\/eldiario_net"]},{"@type":"Person","@id":"https:\/\/www.eldiario.net\/portal\/#\/schema\/person\/f46445640444750d7d753ccd04ae01b7","name":"Jeanette","image":{"@type":"ImageObject","inLanguage":"es","@id":"https:\/\/secure.gravatar.com\/avatar\/3ea2118a5f7dad2b7138b1187a6b7ee55f160b9968b66013c3a3ef39dd7e5798?s=96&d=mm&r=g","url":"https:\/\/secure.gravatar.com\/avatar\/3ea2118a5f7dad2b7138b1187a6b7ee55f160b9968b66013c3a3ef39dd7e5798?s=96&d=mm&r=g","contentUrl":"https:\/\/secure.gravatar.com\/avatar\/3ea2118a5f7dad2b7138b1187a6b7ee55f160b9968b66013c3a3ef39dd7e5798?s=96&d=mm&r=g","caption":"Jeanette"},"sameAs":["https:\/\/www.eldiario.net\/portal"],"url":"https:\/\/www.eldiario.net\/portal\/author\/jeanette\/"}]}},"_links":{"self":[{"href":"https:\/\/www.eldiario.net\/portal\/wp-json\/wp\/v2\/posts\/192933","targetHints":{"allow":["GET"]}}],"collection":[{"href":"https:\/\/www.eldiario.net\/portal\/wp-json\/wp\/v2\/posts"}],"about":[{"href":"https:\/\/www.eldiario.net\/portal\/wp-json\/wp\/v2\/types\/post"}],"author":[{"embeddable":true,"href":"https:\/\/www.eldiario.net\/portal\/wp-json\/wp\/v2\/users\/1"}],"replies":[{"embeddable":true,"href":"https:\/\/www.eldiario.net\/portal\/wp-json\/wp\/v2\/comments?post=192933"}],"version-history":[{"count":0,"href":"https:\/\/www.eldiario.net\/portal\/wp-json\/wp\/v2\/posts\/192933\/revisions"}],"wp:attachment":[{"href":"https:\/\/www.eldiario.net\/portal\/wp-json\/wp\/v2\/media?parent=192933"}],"wp:term":[{"taxonomy":"category","embeddable":true,"href":"https:\/\/www.eldiario.net\/portal\/wp-json\/wp\/v2\/categories?post=192933"},{"taxonomy":"post_tag","embeddable":true,"href":"https:\/\/www.eldiario.net\/portal\/wp-json\/wp\/v2\/tags?post=192933"}],"curies":[{"name":"wp","href":"https:\/\/api.w.org\/{rel}","templated":true}]}}