{"id":192053,"date":"2023-12-10T05:59:20","date_gmt":"2023-12-10T09:59:20","guid":{"rendered":"https:\/\/www.eldiario.net\/portal\/?p=192053"},"modified":"2023-12-10T05:59:20","modified_gmt":"2023-12-10T09:59:20","slug":"azerbaiyan-albergara-la-cumbre-cop29-de-2024","status":"publish","type":"post","link":"https:\/\/www.eldiario.net\/portal\/2023\/12\/10\/azerbaiyan-albergara-la-cumbre-cop29-de-2024\/","title":{"rendered":"Azerbaiy\u00e1n albergar\u00e1 la cumbre COP29 de 2024"},"content":{"rendered":"<p>La conferencia clim\u00e1tica de Naciones Unidas del pr\u00f3ximo a\u00f1o, la COP29, se celebrar\u00e1 finalmente en Azerbaiy\u00e1n, otro Estado productor de petr\u00f3leo, mientras las conversaciones que se realizan actualmente en Dub\u00e1i se acercan a su fin.<br \/>\n\u201cEstoy encantado de anunciar que existe un apoyo general a la candidatura de Azerbaiy\u00e1n para albergar la COP29\u201d, declar\u00f3 el ministro de Medio Ambiente de Azerbaiy\u00e1n, Mujtar Babayev, en la sesi\u00f3n plenaria.<br \/>\nEl pa\u00eds anfitri\u00f3n de la COP normalmente rota entre los cinco grupos regionales de Naciones Unidas, a saber, el Grupo Africano, el Grupo de Asia y el Pac\u00edfico, el Grupo de Europa Oriental, el Grupo de Am\u00e9rica Latina y el Caribe y el Grupo de Europa Occidental y otros.<br \/>\nRusia acogi\u00f3 con satisfacci\u00f3n el acuerdo sobre Azerbaiy\u00e1n, tras prestar su respaldo a la candidatura.<br \/>\nSin embargo, la organizaci\u00f3n ecologista Germanwatch critic\u00f3 la decisi\u00f3n. \u201cEl hecho de que Azerbaiy\u00e1n, despu\u00e9s de Egipto y los Emiratos \u00c1rabes Unidos, sea otro Estado petrolero que lidere las negociaciones sobre el clima es muy problem\u00e1tico\u201d, afirm\u00f3 el director pol\u00edtico Christoph Bals, quien tambi\u00e9n se refiri\u00f3 a problemas de corrupci\u00f3n en el pa\u00eds. (Europa Press)<\/p>\n","protected":false},"excerpt":{"rendered":"<p>La conferencia clim\u00e1tica de Naciones Unidas del pr\u00f3ximo a\u00f1o, la COP29, se celebrar\u00e1 finalmente en Azerbaiy\u00e1n, otro Estado productor de petr\u00f3leo, mientras las conversaciones que se realizan actualmente en Dub\u00e1i se acercan a su fin. \u201cEstoy encantado de anunciar que existe un apoyo general a la candidatura de Azerbaiy\u00e1n para albergar la COP29\u201d, declar\u00f3 el [&hellip;]<\/p>\n","protected":false},"author":1,"featured_media":0,"comment_status":"closed","ping_status":"open","sticky":false,"template":"","format":"standard","meta":{"_acf_changed":false,"footnotes":""},"categories":[3],"tags":[],"class_list":["post-192053","post","type-post","status-publish","format-standard","category-internacional"],"acf":{"antetitulo":""},"yoast_head":"<!-- This site is optimized with the Yoast SEO plugin v28.3 - https:\/\/yoast.com\/product\/yoast-seo-wordpress\/ -->\n<title>Azerbaiy\u00e1n albergar\u00e1 la cumbre COP29 de 2024 - El Diario - Bolivia<\/title>\n<meta name=\"robots\" content=\"index, follow, max-snippet:-1, max-image-preview:large, max-video-preview:-1\" \/>\n<link rel=\"canonical\" href=\"https:\/\/www.eldiario.net\/portal\/2023\/12\/10\/azerbaiyan-albergara-la-cumbre-cop29-de-2024\/\" \/>\n<meta property=\"og:locale\" content=\"es_ES\" \/>\n<meta property=\"og:type\" content=\"article\" \/>\n<meta property=\"og:title\" content=\"Azerbaiy\u00e1n albergar\u00e1 la cumbre COP29 de 2024 - El Diario - Bolivia\" \/>\n<meta property=\"og:description\" content=\"La conferencia clim\u00e1tica de Naciones Unidas del pr\u00f3ximo a\u00f1o, la COP29, se celebrar\u00e1 finalmente en Azerbaiy\u00e1n, otro Estado productor de petr\u00f3leo, mientras las conversaciones que se realizan actualmente en Dub\u00e1i se acercan a su fin. \u201cEstoy encantado de anunciar que existe un apoyo general a la candidatura de Azerbaiy\u00e1n para albergar la COP29\u201d, declar\u00f3 el [&hellip;]\" \/>\n<meta property=\"og:url\" content=\"https:\/\/www.eldiario.net\/portal\/2023\/12\/10\/azerbaiyan-albergara-la-cumbre-cop29-de-2024\/\" \/>\n<meta property=\"og:site_name\" content=\"El Diario - Bolivia\" \/>\n<meta property=\"article:publisher\" content=\"https:\/\/www.facebook.com\/eldiario.bolivia\/\" \/>\n<meta property=\"article:published_time\" content=\"2023-12-10T09:59:20+00:00\" \/>\n<meta name=\"author\" content=\"Jeanette\" \/>\n<meta name=\"twitter:card\" content=\"summary_large_image\" \/>\n<meta name=\"twitter:creator\" content=\"@eldiario_net\" \/>\n<meta name=\"twitter:site\" content=\"@eldiario_net\" \/>\n<meta name=\"twitter:label1\" content=\"Escrito por\" \/>\n\t<meta name=\"twitter:data1\" content=\"Jeanette\" \/>\n\t<meta name=\"twitter:label2\" content=\"Tiempo de lectura\" \/>\n\t<meta name=\"twitter:data2\" content=\"1 minuto\" \/>\n<script type=\"application\/ld+json\" class=\"yoast-schema-graph\">{\"@context\":\"https:\\\/\\\/schema.org\",\"@graph\":[{\"@type\":\"Article\",\"@id\":\"https:\\\/\\\/www.eldiario.net\\\/portal\\\/2023\\\/12\\\/10\\\/azerbaiyan-albergara-la-cumbre-cop29-de-2024\\\/#article\",\"isPartOf\":{\"@id\":\"https:\\\/\\\/www.eldiario.net\\\/portal\\\/2023\\\/12\\\/10\\\/azerbaiyan-albergara-la-cumbre-cop29-de-2024\\\/\"},\"author\":{\"name\":\"Jeanette\",\"@id\":\"https:\\\/\\\/www.eldiario.net\\\/portal\\\/#\\\/schema\\\/person\\\/f46445640444750d7d753ccd04ae01b7\"},\"headline\":\"Azerbaiy\u00e1n albergar\u00e1 la cumbre COP29 de 2024\",\"datePublished\":\"2023-12-10T09:59:20+00:00\",\"mainEntityOfPage\":{\"@id\":\"https:\\\/\\\/www.eldiario.net\\\/portal\\\/2023\\\/12\\\/10\\\/azerbaiyan-albergara-la-cumbre-cop29-de-2024\\\/\"},\"wordCount\":217,\"publisher\":{\"@id\":\"https:\\\/\\\/www.eldiario.net\\\/portal\\\/#organization\"},\"articleSection\":[\"Internacional\"],\"inLanguage\":\"es\"},{\"@type\":\"WebPage\",\"@id\":\"https:\\\/\\\/www.eldiario.net\\\/portal\\\/2023\\\/12\\\/10\\\/azerbaiyan-albergara-la-cumbre-cop29-de-2024\\\/\",\"url\":\"https:\\\/\\\/www.eldiario.net\\\/portal\\\/2023\\\/12\\\/10\\\/azerbaiyan-albergara-la-cumbre-cop29-de-2024\\\/\",\"name\":\"Azerbaiy\u00e1n albergar\u00e1 la cumbre COP29 de 2024 - El Diario - Bolivia\",\"isPartOf\":{\"@id\":\"https:\\\/\\\/www.eldiario.net\\\/portal\\\/#website\"},\"datePublished\":\"2023-12-10T09:59:20+00:00\",\"breadcrumb\":{\"@id\":\"https:\\\/\\\/www.eldiario.net\\\/portal\\\/2023\\\/12\\\/10\\\/azerbaiyan-albergara-la-cumbre-cop29-de-2024\\\/#breadcrumb\"},\"inLanguage\":\"es\",\"potentialAction\":[{\"@type\":\"ReadAction\",\"target\":[\"https:\\\/\\\/www.eldiario.net\\\/portal\\\/2023\\\/12\\\/10\\\/azerbaiyan-albergara-la-cumbre-cop29-de-2024\\\/\"]}]},{\"@type\":\"BreadcrumbList\",\"@id\":\"https:\\\/\\\/www.eldiario.net\\\/portal\\\/2023\\\/12\\\/10\\\/azerbaiyan-albergara-la-cumbre-cop29-de-2024\\\/#breadcrumb\",\"itemListElement\":[{\"@type\":\"ListItem\",\"position\":1,\"name\":\"Portada\",\"item\":\"https:\\\/\\\/www.eldiario.net\\\/portal\\\/\"},{\"@type\":\"ListItem\",\"position\":2,\"name\":\"Azerbaiy\u00e1n albergar\u00e1 la cumbre COP29 de 2024\"}]},{\"@type\":\"WebSite\",\"@id\":\"https:\\\/\\\/www.eldiario.net\\\/portal\\\/#website\",\"url\":\"https:\\\/\\\/www.eldiario.net\\\/portal\\\/\",\"name\":\"El Diario - Decano de la prensa nacional\",\"description\":\"El Diario - Decano de la prensa nacional\",\"publisher\":{\"@id\":\"https:\\\/\\\/www.eldiario.net\\\/portal\\\/#organization\"},\"potentialAction\":[{\"@type\":\"SearchAction\",\"target\":{\"@type\":\"EntryPoint\",\"urlTemplate\":\"https:\\\/\\\/www.eldiario.net\\\/portal\\\/?s={search_term_string}\"},\"query-input\":{\"@type\":\"PropertyValueSpecification\",\"valueRequired\":true,\"valueName\":\"search_term_string\"}}],\"inLanguage\":\"es\"},{\"@type\":\"Organization\",\"@id\":\"https:\\\/\\\/www.eldiario.net\\\/portal\\\/#organization\",\"name\":\"El Diario - Decano de la prensa nacional\",\"url\":\"https:\\\/\\\/www.eldiario.net\\\/portal\\\/\",\"logo\":{\"@type\":\"ImageObject\",\"inLanguage\":\"es\",\"@id\":\"https:\\\/\\\/www.eldiario.net\\\/portal\\\/#\\\/schema\\\/logo\\\/image\\\/\",\"url\":\"https:\\\/\\\/www.eldiario.net\\\/portal\\\/wp-content\\\/uploads\\\/2023\\\/07\\\/logo_ED.jpg\",\"contentUrl\":\"https:\\\/\\\/www.eldiario.net\\\/portal\\\/wp-content\\\/uploads\\\/2023\\\/07\\\/logo_ED.jpg\",\"width\":272,\"height\":52,\"caption\":\"El Diario - Decano de la prensa nacional\"},\"image\":{\"@id\":\"https:\\\/\\\/www.eldiario.net\\\/portal\\\/#\\\/schema\\\/logo\\\/image\\\/\"},\"sameAs\":[\"https:\\\/\\\/www.facebook.com\\\/eldiario.bolivia\\\/\",\"https:\\\/\\\/x.com\\\/eldiario_net\"]},{\"@type\":\"Person\",\"@id\":\"https:\\\/\\\/www.eldiario.net\\\/portal\\\/#\\\/schema\\\/person\\\/f46445640444750d7d753ccd04ae01b7\",\"name\":\"Jeanette\",\"image\":{\"@type\":\"ImageObject\",\"inLanguage\":\"es\",\"@id\":\"https:\\\/\\\/secure.gravatar.com\\\/avatar\\\/3ea2118a5f7dad2b7138b1187a6b7ee55f160b9968b66013c3a3ef39dd7e5798?s=96&d=mm&r=g\",\"url\":\"https:\\\/\\\/secure.gravatar.com\\\/avatar\\\/3ea2118a5f7dad2b7138b1187a6b7ee55f160b9968b66013c3a3ef39dd7e5798?s=96&d=mm&r=g\",\"contentUrl\":\"https:\\\/\\\/secure.gravatar.com\\\/avatar\\\/3ea2118a5f7dad2b7138b1187a6b7ee55f160b9968b66013c3a3ef39dd7e5798?s=96&d=mm&r=g\",\"caption\":\"Jeanette\"},\"sameAs\":[\"https:\\\/\\\/www.eldiario.net\\\/portal\"],\"url\":\"https:\\\/\\\/www.eldiario.net\\\/portal\\\/author\\\/jeanette\\\/\"}]}<\/script>\n<!-- \/ Yoast SEO plugin. -->","yoast_head_json":{"title":"Azerbaiy\u00e1n albergar\u00e1 la cumbre COP29 de 2024 - El Diario - Bolivia","robots":{"index":"index","follow":"follow","max-snippet":"max-snippet:-1","max-image-preview":"max-image-preview:large","max-video-preview":"max-video-preview:-1"},"canonical":"https:\/\/www.eldiario.net\/portal\/2023\/12\/10\/azerbaiyan-albergara-la-cumbre-cop29-de-2024\/","og_locale":"es_ES","og_type":"article","og_title":"Azerbaiy\u00e1n albergar\u00e1 la cumbre COP29 de 2024 - El Diario - Bolivia","og_description":"La conferencia clim\u00e1tica de Naciones Unidas del pr\u00f3ximo a\u00f1o, la COP29, se celebrar\u00e1 finalmente en Azerbaiy\u00e1n, otro Estado productor de petr\u00f3leo, mientras las conversaciones que se realizan actualmente en Dub\u00e1i se acercan a su fin. \u201cEstoy encantado de anunciar que existe un apoyo general a la candidatura de Azerbaiy\u00e1n para albergar la COP29\u201d, declar\u00f3 el [&hellip;]","og_url":"https:\/\/www.eldiario.net\/portal\/2023\/12\/10\/azerbaiyan-albergara-la-cumbre-cop29-de-2024\/","og_site_name":"El Diario - Bolivia","article_publisher":"https:\/\/www.facebook.com\/eldiario.bolivia\/","article_published_time":"2023-12-10T09:59:20+00:00","author":"Jeanette","twitter_card":"summary_large_image","twitter_creator":"@eldiario_net","twitter_site":"@eldiario_net","twitter_misc":{"Escrito por":"Jeanette","Tiempo de lectura":"1 minuto"},"schema":{"@context":"https:\/\/schema.org","@graph":[{"@type":"Article","@id":"https:\/\/www.eldiario.net\/portal\/2023\/12\/10\/azerbaiyan-albergara-la-cumbre-cop29-de-2024\/#article","isPartOf":{"@id":"https:\/\/www.eldiario.net\/portal\/2023\/12\/10\/azerbaiyan-albergara-la-cumbre-cop29-de-2024\/"},"author":{"name":"Jeanette","@id":"https:\/\/www.eldiario.net\/portal\/#\/schema\/person\/f46445640444750d7d753ccd04ae01b7"},"headline":"Azerbaiy\u00e1n albergar\u00e1 la cumbre COP29 de 2024","datePublished":"2023-12-10T09:59:20+00:00","mainEntityOfPage":{"@id":"https:\/\/www.eldiario.net\/portal\/2023\/12\/10\/azerbaiyan-albergara-la-cumbre-cop29-de-2024\/"},"wordCount":217,"publisher":{"@id":"https:\/\/www.eldiario.net\/portal\/#organization"},"articleSection":["Internacional"],"inLanguage":"es"},{"@type":"WebPage","@id":"https:\/\/www.eldiario.net\/portal\/2023\/12\/10\/azerbaiyan-albergara-la-cumbre-cop29-de-2024\/","url":"https:\/\/www.eldiario.net\/portal\/2023\/12\/10\/azerbaiyan-albergara-la-cumbre-cop29-de-2024\/","name":"Azerbaiy\u00e1n albergar\u00e1 la cumbre COP29 de 2024 - El Diario - Bolivia","isPartOf":{"@id":"https:\/\/www.eldiario.net\/portal\/#website"},"datePublished":"2023-12-10T09:59:20+00:00","breadcrumb":{"@id":"https:\/\/www.eldiario.net\/portal\/2023\/12\/10\/azerbaiyan-albergara-la-cumbre-cop29-de-2024\/#breadcrumb"},"inLanguage":"es","potentialAction":[{"@type":"ReadAction","target":["https:\/\/www.eldiario.net\/portal\/2023\/12\/10\/azerbaiyan-albergara-la-cumbre-cop29-de-2024\/"]}]},{"@type":"BreadcrumbList","@id":"https:\/\/www.eldiario.net\/portal\/2023\/12\/10\/azerbaiyan-albergara-la-cumbre-cop29-de-2024\/#breadcrumb","itemListElement":[{"@type":"ListItem","position":1,"name":"Portada","item":"https:\/\/www.eldiario.net\/portal\/"},{"@type":"ListItem","position":2,"name":"Azerbaiy\u00e1n albergar\u00e1 la cumbre COP29 de 2024"}]},{"@type":"WebSite","@id":"https:\/\/www.eldiario.net\/portal\/#website","url":"https:\/\/www.eldiario.net\/portal\/","name":"El Diario - Decano de la prensa nacional","description":"El Diario - Decano de la prensa nacional","publisher":{"@id":"https:\/\/www.eldiario.net\/portal\/#organization"},"potentialAction":[{"@type":"SearchAction","target":{"@type":"EntryPoint","urlTemplate":"https:\/\/www.eldiario.net\/portal\/?s={search_term_string}"},"query-input":{"@type":"PropertyValueSpecification","valueRequired":true,"valueName":"search_term_string"}}],"inLanguage":"es"},{"@type":"Organization","@id":"https:\/\/www.eldiario.net\/portal\/#organization","name":"El Diario - Decano de la prensa nacional","url":"https:\/\/www.eldiario.net\/portal\/","logo":{"@type":"ImageObject","inLanguage":"es","@id":"https:\/\/www.eldiario.net\/portal\/#\/schema\/logo\/image\/","url":"https:\/\/www.eldiario.net\/portal\/wp-content\/uploads\/2023\/07\/logo_ED.jpg","contentUrl":"https:\/\/www.eldiario.net\/portal\/wp-content\/uploads\/2023\/07\/logo_ED.jpg","width":272,"height":52,"caption":"El Diario - Decano de la prensa nacional"},"image":{"@id":"https:\/\/www.eldiario.net\/portal\/#\/schema\/logo\/image\/"},"sameAs":["https:\/\/www.facebook.com\/eldiario.bolivia\/","https:\/\/x.com\/eldiario_net"]},{"@type":"Person","@id":"https:\/\/www.eldiario.net\/portal\/#\/schema\/person\/f46445640444750d7d753ccd04ae01b7","name":"Jeanette","image":{"@type":"ImageObject","inLanguage":"es","@id":"https:\/\/secure.gravatar.com\/avatar\/3ea2118a5f7dad2b7138b1187a6b7ee55f160b9968b66013c3a3ef39dd7e5798?s=96&d=mm&r=g","url":"https:\/\/secure.gravatar.com\/avatar\/3ea2118a5f7dad2b7138b1187a6b7ee55f160b9968b66013c3a3ef39dd7e5798?s=96&d=mm&r=g","contentUrl":"https:\/\/secure.gravatar.com\/avatar\/3ea2118a5f7dad2b7138b1187a6b7ee55f160b9968b66013c3a3ef39dd7e5798?s=96&d=mm&r=g","caption":"Jeanette"},"sameAs":["https:\/\/www.eldiario.net\/portal"],"url":"https:\/\/www.eldiario.net\/portal\/author\/jeanette\/"}]}},"_links":{"self":[{"href":"https:\/\/www.eldiario.net\/portal\/wp-json\/wp\/v2\/posts\/192053","targetHints":{"allow":["GET"]}}],"collection":[{"href":"https:\/\/www.eldiario.net\/portal\/wp-json\/wp\/v2\/posts"}],"about":[{"href":"https:\/\/www.eldiario.net\/portal\/wp-json\/wp\/v2\/types\/post"}],"author":[{"embeddable":true,"href":"https:\/\/www.eldiario.net\/portal\/wp-json\/wp\/v2\/users\/1"}],"replies":[{"embeddable":true,"href":"https:\/\/www.eldiario.net\/portal\/wp-json\/wp\/v2\/comments?post=192053"}],"version-history":[{"count":0,"href":"https:\/\/www.eldiario.net\/portal\/wp-json\/wp\/v2\/posts\/192053\/revisions"}],"wp:attachment":[{"href":"https:\/\/www.eldiario.net\/portal\/wp-json\/wp\/v2\/media?parent=192053"}],"wp:term":[{"taxonomy":"category","embeddable":true,"href":"https:\/\/www.eldiario.net\/portal\/wp-json\/wp\/v2\/categories?post=192053"},{"taxonomy":"post_tag","embeddable":true,"href":"https:\/\/www.eldiario.net\/portal\/wp-json\/wp\/v2\/tags?post=192053"}],"curies":[{"name":"wp","href":"https:\/\/api.w.org\/{rel}","templated":true}]}}