{"id":191250,"date":"2023-12-05T05:53:11","date_gmt":"2023-12-05T09:53:11","guid":{"rendered":"https:\/\/www.eldiario.net\/portal\/?p=191250"},"modified":"2023-12-05T05:53:11","modified_gmt":"2023-12-05T09:53:11","slug":"lamentan-que-gobierno-no-sea-coherente-con-discursos","status":"publish","type":"post","link":"https:\/\/www.eldiario.net\/portal\/2023\/12\/05\/lamentan-que-gobierno-no-sea-coherente-con-discursos\/","title":{"rendered":"Lamentan que Gobierno no  sea coherente con discursos"},"content":{"rendered":"<p>Cuestionando que el Gobierno no mantenga coherencia entre los discursos de defensa al medio ambiente que plantea en cumbres internacionales relacionadas al tema y la realidad interna del pa\u00eds, la senadora Cecilia Requena, de Comunidad Ciudadana (CC), lament\u00f3 que en territorio nacional se mantenga una pol\u00edtica destinada a da\u00f1ar a la Madre Tierra, mientras se critica \u201cal norte\u201d en instancias internacionales.<\/p>\n<p>Desde sus redes sociales, Requena reproch\u00f3 que todas y cada una de las cr\u00edticas y acusaciones expresadas por el Vicepresidente, David Choquehuanca, en la Cumbre del Clima COP28, describan a la perfecci\u00f3n la visi\u00f3n y acciones del Movimiento al Socialismo y su base social en el pa\u00eds.<\/p>\n<p>En ese sentido, cuestion\u00f3 que autoridades del gobierno boliviano no mantengan coherencia discursiva entre lo que se declara ante el mundo y lo que se permite en territorio nacional.<\/p>\n<p>\u201cLos pa\u00edses deben mantener coherencia entre lo que sus gobernantes dicen en estas cumbres internacionales y lo que hacen internamente. No es el caso de Bolivia, donde sus propias autoridades viabilizan la destrucci\u00f3n de la Madre Tierra, colonizando, violentando, envenenando y deforestando\u201d, sostuvo la asamble\u00edsta pace\u00f1a.<\/p>\n<p>Durante su intervenci\u00f3n ante Jefes de Estado y de Gobierno de la Cumbre Mundial de Acci\u00f3n Clim\u00e1tica, celebrada en Dub\u00e1i, el vicepresidente, David Choquehuanca, culpo a los pa\u00edses del Norte Global por generar la actual crisis clim\u00e1tica con pr\u00e1cticas capitalistas y coloniales, llamando a los pueblos originarios del mundo a \u201csalvar la madre tierra\u201d.<\/p>\n<p>\u201cEl Norte se otorga derechos que contravienen los derechos del Sur, el Norte arguye que no tiene dinero, pero gastan dinero en la industria armament\u00edstica, en guerras como las de Ucrania y Palestina\u00bb, sostuvo Choquehuanca insistiendo en que el sacrificio del Sur Global conduce al mundo hacia su autodestrucci\u00f3n.<\/p>\n","protected":false},"excerpt":{"rendered":"<p>Cuestionando que el Gobierno no mantenga coherencia entre los discursos de defensa al medio ambiente que plantea en cumbres internacionales relacionadas al tema y la realidad interna del pa\u00eds, la senadora Cecilia Requena, de Comunidad Ciudadana (CC), lament\u00f3 que en territorio nacional se mantenga una pol\u00edtica destinada a da\u00f1ar a la Madre Tierra, mientras se [&hellip;]<\/p>\n","protected":false},"author":1,"featured_media":191251,"comment_status":"closed","ping_status":"open","sticky":false,"template":"","format":"standard","meta":{"_acf_changed":false,"footnotes":""},"categories":[14],"tags":[],"class_list":["post-191250","post","type-post","status-publish","format-standard","has-post-thumbnail","category-politica"],"acf":{"antetitulo":""},"yoast_head":"<!-- This site is optimized with the Yoast SEO plugin v28.4 - https:\/\/yoast.com\/product\/yoast-seo-wordpress\/ -->\n<title>Lamentan que Gobierno no sea coherente con discursos - El Diario - Bolivia<\/title>\n<meta name=\"robots\" content=\"index, follow, max-snippet:-1, max-image-preview:large, max-video-preview:-1\" \/>\n<link rel=\"canonical\" href=\"https:\/\/www.eldiario.net\/portal\/2023\/12\/05\/lamentan-que-gobierno-no-sea-coherente-con-discursos\/\" \/>\n<meta property=\"og:locale\" content=\"es_ES\" \/>\n<meta property=\"og:type\" content=\"article\" \/>\n<meta property=\"og:title\" content=\"Lamentan que Gobierno no sea coherente con discursos - El Diario - Bolivia\" \/>\n<meta property=\"og:description\" content=\"Cuestionando que el Gobierno no mantenga coherencia entre los discursos de defensa al medio ambiente que plantea en cumbres internacionales relacionadas al tema y la realidad interna del pa\u00eds, la senadora Cecilia Requena, de Comunidad Ciudadana (CC), lament\u00f3 que en territorio nacional se mantenga una pol\u00edtica destinada a da\u00f1ar a la Madre Tierra, mientras se [&hellip;]\" \/>\n<meta property=\"og:url\" content=\"https:\/\/www.eldiario.net\/portal\/2023\/12\/05\/lamentan-que-gobierno-no-sea-coherente-con-discursos\/\" \/>\n<meta property=\"og:site_name\" content=\"El Diario - Bolivia\" \/>\n<meta property=\"article:publisher\" content=\"https:\/\/www.facebook.com\/eldiario.bolivia\/\" \/>\n<meta property=\"article:published_time\" content=\"2023-12-05T09:53:11+00:00\" \/>\n<meta property=\"og:image\" content=\"https:\/\/www.eldiario.net\/portal\/wp-content\/uploads\/2023\/12\/COHERENTE-foto.jpg\" \/>\n\t<meta property=\"og:image:width\" content=\"2000\" \/>\n\t<meta property=\"og:image:height\" content=\"2000\" \/>\n\t<meta property=\"og:image:type\" content=\"image\/jpeg\" \/>\n<meta name=\"author\" content=\"Jeanette\" \/>\n<meta name=\"twitter:card\" content=\"summary_large_image\" \/>\n<meta name=\"twitter:creator\" content=\"@eldiario_net\" \/>\n<meta name=\"twitter:site\" content=\"@eldiario_net\" \/>\n<meta name=\"twitter:label1\" content=\"Escrito por\" \/>\n\t<meta name=\"twitter:data1\" content=\"Jeanette\" \/>\n\t<meta name=\"twitter:label2\" content=\"Tiempo de lectura\" \/>\n\t<meta name=\"twitter:data2\" content=\"2 minutos\" \/>\n<script type=\"application\/ld+json\" class=\"yoast-schema-graph\">{\"@context\":\"https:\\\/\\\/schema.org\",\"@graph\":[{\"@type\":\"Article\",\"@id\":\"https:\\\/\\\/www.eldiario.net\\\/portal\\\/2023\\\/12\\\/05\\\/lamentan-que-gobierno-no-sea-coherente-con-discursos\\\/#article\",\"isPartOf\":{\"@id\":\"https:\\\/\\\/www.eldiario.net\\\/portal\\\/2023\\\/12\\\/05\\\/lamentan-que-gobierno-no-sea-coherente-con-discursos\\\/\"},\"author\":{\"name\":\"Jeanette\",\"@id\":\"https:\\\/\\\/www.eldiario.net\\\/portal\\\/#\\\/schema\\\/person\\\/2c57cf2b7a7ae032e449e4c9b1019eac\"},\"headline\":\"Lamentan que Gobierno no sea coherente con discursos\",\"datePublished\":\"2023-12-05T09:53:11+00:00\",\"mainEntityOfPage\":{\"@id\":\"https:\\\/\\\/www.eldiario.net\\\/portal\\\/2023\\\/12\\\/05\\\/lamentan-que-gobierno-no-sea-coherente-con-discursos\\\/\"},\"wordCount\":314,\"publisher\":{\"@id\":\"https:\\\/\\\/www.eldiario.net\\\/portal\\\/#organization\"},\"image\":{\"@id\":\"https:\\\/\\\/www.eldiario.net\\\/portal\\\/2023\\\/12\\\/05\\\/lamentan-que-gobierno-no-sea-coherente-con-discursos\\\/#primaryimage\"},\"thumbnailUrl\":\"https:\\\/\\\/www.eldiario.net\\\/portal\\\/wp-content\\\/uploads\\\/2023\\\/12\\\/COHERENTE-foto.jpg\",\"articleSection\":[\"Pol\u00edtica\"],\"inLanguage\":\"es\"},{\"@type\":\"WebPage\",\"@id\":\"https:\\\/\\\/www.eldiario.net\\\/portal\\\/2023\\\/12\\\/05\\\/lamentan-que-gobierno-no-sea-coherente-con-discursos\\\/\",\"url\":\"https:\\\/\\\/www.eldiario.net\\\/portal\\\/2023\\\/12\\\/05\\\/lamentan-que-gobierno-no-sea-coherente-con-discursos\\\/\",\"name\":\"Lamentan que Gobierno no sea coherente con discursos - El Diario - Bolivia\",\"isPartOf\":{\"@id\":\"https:\\\/\\\/www.eldiario.net\\\/portal\\\/#website\"},\"primaryImageOfPage\":{\"@id\":\"https:\\\/\\\/www.eldiario.net\\\/portal\\\/2023\\\/12\\\/05\\\/lamentan-que-gobierno-no-sea-coherente-con-discursos\\\/#primaryimage\"},\"image\":{\"@id\":\"https:\\\/\\\/www.eldiario.net\\\/portal\\\/2023\\\/12\\\/05\\\/lamentan-que-gobierno-no-sea-coherente-con-discursos\\\/#primaryimage\"},\"thumbnailUrl\":\"https:\\\/\\\/www.eldiario.net\\\/portal\\\/wp-content\\\/uploads\\\/2023\\\/12\\\/COHERENTE-foto.jpg\",\"datePublished\":\"2023-12-05T09:53:11+00:00\",\"breadcrumb\":{\"@id\":\"https:\\\/\\\/www.eldiario.net\\\/portal\\\/2023\\\/12\\\/05\\\/lamentan-que-gobierno-no-sea-coherente-con-discursos\\\/#breadcrumb\"},\"inLanguage\":\"es\",\"potentialAction\":[{\"@type\":\"ReadAction\",\"target\":[\"https:\\\/\\\/www.eldiario.net\\\/portal\\\/2023\\\/12\\\/05\\\/lamentan-que-gobierno-no-sea-coherente-con-discursos\\\/\"]}]},{\"@type\":\"ImageObject\",\"inLanguage\":\"es\",\"@id\":\"https:\\\/\\\/www.eldiario.net\\\/portal\\\/2023\\\/12\\\/05\\\/lamentan-que-gobierno-no-sea-coherente-con-discursos\\\/#primaryimage\",\"url\":\"https:\\\/\\\/www.eldiario.net\\\/portal\\\/wp-content\\\/uploads\\\/2023\\\/12\\\/COHERENTE-foto.jpg\",\"contentUrl\":\"https:\\\/\\\/www.eldiario.net\\\/portal\\\/wp-content\\\/uploads\\\/2023\\\/12\\\/COHERENTE-foto.jpg\",\"width\":2000,\"height\":2000,\"caption\":\"Senadora Cecilia Requena (CC) CREDITOS \\\/ RRSS\"},{\"@type\":\"BreadcrumbList\",\"@id\":\"https:\\\/\\\/www.eldiario.net\\\/portal\\\/2023\\\/12\\\/05\\\/lamentan-que-gobierno-no-sea-coherente-con-discursos\\\/#breadcrumb\",\"itemListElement\":[{\"@type\":\"ListItem\",\"position\":1,\"name\":\"Portada\",\"item\":\"https:\\\/\\\/www.eldiario.net\\\/portal\\\/\"},{\"@type\":\"ListItem\",\"position\":2,\"name\":\"Lamentan que Gobierno no sea coherente con discursos\"}]},{\"@type\":\"WebSite\",\"@id\":\"https:\\\/\\\/www.eldiario.net\\\/portal\\\/#website\",\"url\":\"https:\\\/\\\/www.eldiario.net\\\/portal\\\/\",\"name\":\"El Diario - Decano de la prensa nacional\",\"description\":\"El Diario - Decano de la prensa nacional\",\"publisher\":{\"@id\":\"https:\\\/\\\/www.eldiario.net\\\/portal\\\/#organization\"},\"potentialAction\":[{\"@type\":\"SearchAction\",\"target\":{\"@type\":\"EntryPoint\",\"urlTemplate\":\"https:\\\/\\\/www.eldiario.net\\\/portal\\\/?s={search_term_string}\"},\"query-input\":{\"@type\":\"PropertyValueSpecification\",\"valueRequired\":true,\"valueName\":\"search_term_string\"}}],\"inLanguage\":\"es\"},{\"@type\":\"Organization\",\"@id\":\"https:\\\/\\\/www.eldiario.net\\\/portal\\\/#organization\",\"name\":\"El Diario - Decano de la prensa nacional\",\"url\":\"https:\\\/\\\/www.eldiario.net\\\/portal\\\/\",\"logo\":{\"@type\":\"ImageObject\",\"inLanguage\":\"es\",\"@id\":\"https:\\\/\\\/www.eldiario.net\\\/portal\\\/#\\\/schema\\\/logo\\\/image\\\/\",\"url\":\"https:\\\/\\\/www.eldiario.net\\\/portal\\\/wp-content\\\/uploads\\\/2023\\\/07\\\/logo_ED.jpg\",\"contentUrl\":\"https:\\\/\\\/www.eldiario.net\\\/portal\\\/wp-content\\\/uploads\\\/2023\\\/07\\\/logo_ED.jpg\",\"width\":272,\"height\":52,\"caption\":\"El Diario - Decano de la prensa nacional\"},\"image\":{\"@id\":\"https:\\\/\\\/www.eldiario.net\\\/portal\\\/#\\\/schema\\\/logo\\\/image\\\/\"},\"sameAs\":[\"https:\\\/\\\/www.facebook.com\\\/eldiario.bolivia\\\/\",\"https:\\\/\\\/x.com\\\/eldiario_net\"]},{\"@type\":\"Person\",\"@id\":\"https:\\\/\\\/www.eldiario.net\\\/portal\\\/#\\\/schema\\\/person\\\/2c57cf2b7a7ae032e449e4c9b1019eac\",\"name\":\"Jeanette\",\"image\":{\"@type\":\"ImageObject\",\"inLanguage\":\"es\",\"@id\":\"https:\\\/\\\/secure.gravatar.com\\\/avatar\\\/3ea2118a5f7dad2b7138b1187a6b7ee55f160b9968b66013c3a3ef39dd7e5798?s=96&d=mm&r=g\",\"url\":\"https:\\\/\\\/secure.gravatar.com\\\/avatar\\\/3ea2118a5f7dad2b7138b1187a6b7ee55f160b9968b66013c3a3ef39dd7e5798?s=96&d=mm&r=g\",\"contentUrl\":\"https:\\\/\\\/secure.gravatar.com\\\/avatar\\\/3ea2118a5f7dad2b7138b1187a6b7ee55f160b9968b66013c3a3ef39dd7e5798?s=96&d=mm&r=g\",\"caption\":\"Jeanette\"},\"sameAs\":[\"https:\\\/\\\/www.eldiario.net\\\/portal\"],\"url\":\"https:\\\/\\\/www.eldiario.net\\\/portal\\\/author\\\/jeanette\\\/\"}]}<\/script>\n<!-- \/ Yoast SEO plugin. -->","yoast_head_json":{"title":"Lamentan que Gobierno no sea coherente con discursos - El Diario - Bolivia","robots":{"index":"index","follow":"follow","max-snippet":"max-snippet:-1","max-image-preview":"max-image-preview:large","max-video-preview":"max-video-preview:-1"},"canonical":"https:\/\/www.eldiario.net\/portal\/2023\/12\/05\/lamentan-que-gobierno-no-sea-coherente-con-discursos\/","og_locale":"es_ES","og_type":"article","og_title":"Lamentan que Gobierno no sea coherente con discursos - El Diario - Bolivia","og_description":"Cuestionando que el Gobierno no mantenga coherencia entre los discursos de defensa al medio ambiente que plantea en cumbres internacionales relacionadas al tema y la realidad interna del pa\u00eds, la senadora Cecilia Requena, de Comunidad Ciudadana (CC), lament\u00f3 que en territorio nacional se mantenga una pol\u00edtica destinada a da\u00f1ar a la Madre Tierra, mientras se [&hellip;]","og_url":"https:\/\/www.eldiario.net\/portal\/2023\/12\/05\/lamentan-que-gobierno-no-sea-coherente-con-discursos\/","og_site_name":"El Diario - Bolivia","article_publisher":"https:\/\/www.facebook.com\/eldiario.bolivia\/","article_published_time":"2023-12-05T09:53:11+00:00","og_image":[{"width":2000,"height":2000,"url":"https:\/\/www.eldiario.net\/portal\/wp-content\/uploads\/2023\/12\/COHERENTE-foto.jpg","type":"image\/jpeg"}],"author":"Jeanette","twitter_card":"summary_large_image","twitter_creator":"@eldiario_net","twitter_site":"@eldiario_net","twitter_misc":{"Escrito por":"Jeanette","Tiempo de lectura":"2 minutos"},"schema":{"@context":"https:\/\/schema.org","@graph":[{"@type":"Article","@id":"https:\/\/www.eldiario.net\/portal\/2023\/12\/05\/lamentan-que-gobierno-no-sea-coherente-con-discursos\/#article","isPartOf":{"@id":"https:\/\/www.eldiario.net\/portal\/2023\/12\/05\/lamentan-que-gobierno-no-sea-coherente-con-discursos\/"},"author":{"name":"Jeanette","@id":"https:\/\/www.eldiario.net\/portal\/#\/schema\/person\/2c57cf2b7a7ae032e449e4c9b1019eac"},"headline":"Lamentan que Gobierno no sea coherente con discursos","datePublished":"2023-12-05T09:53:11+00:00","mainEntityOfPage":{"@id":"https:\/\/www.eldiario.net\/portal\/2023\/12\/05\/lamentan-que-gobierno-no-sea-coherente-con-discursos\/"},"wordCount":314,"publisher":{"@id":"https:\/\/www.eldiario.net\/portal\/#organization"},"image":{"@id":"https:\/\/www.eldiario.net\/portal\/2023\/12\/05\/lamentan-que-gobierno-no-sea-coherente-con-discursos\/#primaryimage"},"thumbnailUrl":"https:\/\/www.eldiario.net\/portal\/wp-content\/uploads\/2023\/12\/COHERENTE-foto.jpg","articleSection":["Pol\u00edtica"],"inLanguage":"es"},{"@type":"WebPage","@id":"https:\/\/www.eldiario.net\/portal\/2023\/12\/05\/lamentan-que-gobierno-no-sea-coherente-con-discursos\/","url":"https:\/\/www.eldiario.net\/portal\/2023\/12\/05\/lamentan-que-gobierno-no-sea-coherente-con-discursos\/","name":"Lamentan que Gobierno no sea coherente con discursos - El Diario - Bolivia","isPartOf":{"@id":"https:\/\/www.eldiario.net\/portal\/#website"},"primaryImageOfPage":{"@id":"https:\/\/www.eldiario.net\/portal\/2023\/12\/05\/lamentan-que-gobierno-no-sea-coherente-con-discursos\/#primaryimage"},"image":{"@id":"https:\/\/www.eldiario.net\/portal\/2023\/12\/05\/lamentan-que-gobierno-no-sea-coherente-con-discursos\/#primaryimage"},"thumbnailUrl":"https:\/\/www.eldiario.net\/portal\/wp-content\/uploads\/2023\/12\/COHERENTE-foto.jpg","datePublished":"2023-12-05T09:53:11+00:00","breadcrumb":{"@id":"https:\/\/www.eldiario.net\/portal\/2023\/12\/05\/lamentan-que-gobierno-no-sea-coherente-con-discursos\/#breadcrumb"},"inLanguage":"es","potentialAction":[{"@type":"ReadAction","target":["https:\/\/www.eldiario.net\/portal\/2023\/12\/05\/lamentan-que-gobierno-no-sea-coherente-con-discursos\/"]}]},{"@type":"ImageObject","inLanguage":"es","@id":"https:\/\/www.eldiario.net\/portal\/2023\/12\/05\/lamentan-que-gobierno-no-sea-coherente-con-discursos\/#primaryimage","url":"https:\/\/www.eldiario.net\/portal\/wp-content\/uploads\/2023\/12\/COHERENTE-foto.jpg","contentUrl":"https:\/\/www.eldiario.net\/portal\/wp-content\/uploads\/2023\/12\/COHERENTE-foto.jpg","width":2000,"height":2000,"caption":"Senadora Cecilia Requena (CC) CREDITOS \/ RRSS"},{"@type":"BreadcrumbList","@id":"https:\/\/www.eldiario.net\/portal\/2023\/12\/05\/lamentan-que-gobierno-no-sea-coherente-con-discursos\/#breadcrumb","itemListElement":[{"@type":"ListItem","position":1,"name":"Portada","item":"https:\/\/www.eldiario.net\/portal\/"},{"@type":"ListItem","position":2,"name":"Lamentan que Gobierno no sea coherente con discursos"}]},{"@type":"WebSite","@id":"https:\/\/www.eldiario.net\/portal\/#website","url":"https:\/\/www.eldiario.net\/portal\/","name":"El Diario - Decano de la prensa nacional","description":"El Diario - Decano de la prensa nacional","publisher":{"@id":"https:\/\/www.eldiario.net\/portal\/#organization"},"potentialAction":[{"@type":"SearchAction","target":{"@type":"EntryPoint","urlTemplate":"https:\/\/www.eldiario.net\/portal\/?s={search_term_string}"},"query-input":{"@type":"PropertyValueSpecification","valueRequired":true,"valueName":"search_term_string"}}],"inLanguage":"es"},{"@type":"Organization","@id":"https:\/\/www.eldiario.net\/portal\/#organization","name":"El Diario - Decano de la prensa nacional","url":"https:\/\/www.eldiario.net\/portal\/","logo":{"@type":"ImageObject","inLanguage":"es","@id":"https:\/\/www.eldiario.net\/portal\/#\/schema\/logo\/image\/","url":"https:\/\/www.eldiario.net\/portal\/wp-content\/uploads\/2023\/07\/logo_ED.jpg","contentUrl":"https:\/\/www.eldiario.net\/portal\/wp-content\/uploads\/2023\/07\/logo_ED.jpg","width":272,"height":52,"caption":"El Diario - Decano de la prensa nacional"},"image":{"@id":"https:\/\/www.eldiario.net\/portal\/#\/schema\/logo\/image\/"},"sameAs":["https:\/\/www.facebook.com\/eldiario.bolivia\/","https:\/\/x.com\/eldiario_net"]},{"@type":"Person","@id":"https:\/\/www.eldiario.net\/portal\/#\/schema\/person\/2c57cf2b7a7ae032e449e4c9b1019eac","name":"Jeanette","image":{"@type":"ImageObject","inLanguage":"es","@id":"https:\/\/secure.gravatar.com\/avatar\/3ea2118a5f7dad2b7138b1187a6b7ee55f160b9968b66013c3a3ef39dd7e5798?s=96&d=mm&r=g","url":"https:\/\/secure.gravatar.com\/avatar\/3ea2118a5f7dad2b7138b1187a6b7ee55f160b9968b66013c3a3ef39dd7e5798?s=96&d=mm&r=g","contentUrl":"https:\/\/secure.gravatar.com\/avatar\/3ea2118a5f7dad2b7138b1187a6b7ee55f160b9968b66013c3a3ef39dd7e5798?s=96&d=mm&r=g","caption":"Jeanette"},"sameAs":["https:\/\/www.eldiario.net\/portal"],"url":"https:\/\/www.eldiario.net\/portal\/author\/jeanette\/"}]}},"_links":{"self":[{"href":"https:\/\/www.eldiario.net\/portal\/wp-json\/wp\/v2\/posts\/191250","targetHints":{"allow":["GET"]}}],"collection":[{"href":"https:\/\/www.eldiario.net\/portal\/wp-json\/wp\/v2\/posts"}],"about":[{"href":"https:\/\/www.eldiario.net\/portal\/wp-json\/wp\/v2\/types\/post"}],"author":[{"embeddable":true,"href":"https:\/\/www.eldiario.net\/portal\/wp-json\/wp\/v2\/users\/1"}],"replies":[{"embeddable":true,"href":"https:\/\/www.eldiario.net\/portal\/wp-json\/wp\/v2\/comments?post=191250"}],"version-history":[{"count":0,"href":"https:\/\/www.eldiario.net\/portal\/wp-json\/wp\/v2\/posts\/191250\/revisions"}],"wp:featuredmedia":[{"embeddable":true,"href":"https:\/\/www.eldiario.net\/portal\/wp-json\/wp\/v2\/media\/191251"}],"wp:attachment":[{"href":"https:\/\/www.eldiario.net\/portal\/wp-json\/wp\/v2\/media?parent=191250"}],"wp:term":[{"taxonomy":"category","embeddable":true,"href":"https:\/\/www.eldiario.net\/portal\/wp-json\/wp\/v2\/categories?post=191250"},{"taxonomy":"post_tag","embeddable":true,"href":"https:\/\/www.eldiario.net\/portal\/wp-json\/wp\/v2\/tags?post=191250"}],"curies":[{"name":"wp","href":"https:\/\/api.w.org\/{rel}","templated":true}]}}