{"id":191244,"date":"2023-12-05T05:51:14","date_gmt":"2023-12-05T09:51:14","guid":{"rendered":"https:\/\/www.eldiario.net\/portal\/?p=191244"},"modified":"2023-12-05T05:51:14","modified_gmt":"2023-12-05T09:51:14","slug":"autoprorroga-de-magistrados-mediante-decreto-seria-inconstitucional","status":"publish","type":"post","link":"https:\/\/www.eldiario.net\/portal\/2023\/12\/05\/autoprorroga-de-magistrados-mediante-decreto-seria-inconstitucional\/","title":{"rendered":"Autopr\u00f3rroga de magistrados mediante  decreto ser\u00eda inconstitucional"},"content":{"rendered":"<p>\u201cEstamos en una situaci\u00f3n altamente compleja respecto al destino de la administraci\u00f3n de la justicia en las altas magistraturas por lo cual expreso mi profunda preocupaci\u00f3n\u201d, dijo anoche el presidente en ejercicio, Andr\u00f3nico Rodr\u00edguez, al referirse a la falta del tratamiento del proyecto de Ley de las Elecciones Judiciales en la Asamblea Legislativa.<\/p>\n<p>Andr\u00f3nico, que recibi\u00f3 el bast\u00f3n de mando ante el viaje de Luis Arce y David Choquehuanca, record\u00f3 que ya se est\u00e1 a menos de un mes de la conclusi\u00f3n del a\u00f1o y que tambi\u00e9n est\u00e1 concluyendo la gesti\u00f3n de los magistrados del \u00f3rgano judicial.<\/p>\n<p>Al respecto, dej\u00f3 por sentado que \u201ces importante aclarar ante el pueblo boliviano que la pr\u00f3rroga, autopr\u00f3rroga o designaci\u00f3n interina mediante un decreto se constituir\u00edan en un procedimiento totalmente inconstitucional\u201d por tanto \u201cel Tribunal Constitucional Plurinacional no puede emitir ninguna sentencia que quiebre de la constituci\u00f3n constitucional\u201d.<\/p>\n<p>En ese sentido, apunt\u00f3 que la responsabilidad pol\u00edtica y constitucional es de la Asamblea Legislativa por tanto \u201cconvoco a las tres fuerzas pol\u00edticas a deponer actitudes particulares y empezar a discutir, y debatir de intereses comunes, como es el tema de la justicia\u201d.<\/p>\n<p>El proceso est\u00e1 paralizado desde el 13 de abril de 2023 en que la Sala Constitucional de Beni concedi\u00f3 la tutela en un amparo constitucional dejando sin efecto el Reglamento y convocatoria para la preselecci\u00f3n de candidatas y candidatos para Elecciones Judiciales 2023 aprobado por la Asamblea Legislativa Plurinacional.<\/p>\n<p>\u201cConvocamos a las fuerzas pol\u00edticas a demostrar actitudes amplias en el debate sobre temas de inter\u00e9s com\u00fan, como es el tema de la justicia, que no va a ser resuelto con una elecci\u00f3n o con el tratamiento de una ley para la preselecci\u00f3n\u201d, dijo Andr\u00f3nico este lunes por la noche, en conferencia de prensa.<\/p>\n<p>Acot\u00f3 que se sabe que el \u201cproblema de la Justicia es mucho m\u00e1s profundo\u201d por lo que \u201cexhortamos a la estructura org\u00e1nica y funcional del estado a fortalecer el resguardo de la institucionalidad democr\u00e1tica en el pa\u00eds\u201d. (Agencias)<\/p>\n","protected":false},"excerpt":{"rendered":"<p>\u201cEstamos en una situaci\u00f3n altamente compleja respecto al destino de la administraci\u00f3n de la justicia en las altas magistraturas por lo cual expreso mi profunda preocupaci\u00f3n\u201d, dijo anoche el presidente en ejercicio, Andr\u00f3nico Rodr\u00edguez, al referirse a la falta del tratamiento del proyecto de Ley de las Elecciones Judiciales en la Asamblea Legislativa. Andr\u00f3nico, que [&hellip;]<\/p>\n","protected":false},"author":1,"featured_media":191245,"comment_status":"closed","ping_status":"open","sticky":false,"template":"","format":"standard","meta":{"_acf_changed":false,"footnotes":""},"categories":[14],"tags":[],"class_list":["post-191244","post","type-post","status-publish","format-standard","has-post-thumbnail","category-politica"],"acf":{"antetitulo":""},"yoast_head":"<!-- This site is optimized with the Yoast SEO plugin v28.4 - https:\/\/yoast.com\/product\/yoast-seo-wordpress\/ -->\n<title>Autopr\u00f3rroga de magistrados mediante decreto ser\u00eda inconstitucional - El Diario - Bolivia<\/title>\n<meta name=\"robots\" content=\"index, follow, max-snippet:-1, max-image-preview:large, max-video-preview:-1\" \/>\n<link rel=\"canonical\" href=\"https:\/\/www.eldiario.net\/portal\/2023\/12\/05\/autoprorroga-de-magistrados-mediante-decreto-seria-inconstitucional\/\" \/>\n<meta property=\"og:locale\" content=\"es_ES\" \/>\n<meta property=\"og:type\" content=\"article\" \/>\n<meta property=\"og:title\" content=\"Autopr\u00f3rroga de magistrados mediante decreto ser\u00eda inconstitucional - El Diario - Bolivia\" \/>\n<meta property=\"og:description\" content=\"\u201cEstamos en una situaci\u00f3n altamente compleja respecto al destino de la administraci\u00f3n de la justicia en las altas magistraturas por lo cual expreso mi profunda preocupaci\u00f3n\u201d, dijo anoche el presidente en ejercicio, Andr\u00f3nico Rodr\u00edguez, al referirse a la falta del tratamiento del proyecto de Ley de las Elecciones Judiciales en la Asamblea Legislativa. Andr\u00f3nico, que [&hellip;]\" \/>\n<meta property=\"og:url\" content=\"https:\/\/www.eldiario.net\/portal\/2023\/12\/05\/autoprorroga-de-magistrados-mediante-decreto-seria-inconstitucional\/\" \/>\n<meta property=\"og:site_name\" content=\"El Diario - Bolivia\" \/>\n<meta property=\"article:publisher\" content=\"https:\/\/www.facebook.com\/eldiario.bolivia\/\" \/>\n<meta property=\"article:published_time\" content=\"2023-12-05T09:51:14+00:00\" \/>\n<meta property=\"og:image\" content=\"https:\/\/www.eldiario.net\/portal\/wp-content\/uploads\/2023\/12\/ANDRONICO-FOTO.jpg\" \/>\n\t<meta property=\"og:image:width\" content=\"1024\" \/>\n\t<meta property=\"og:image:height\" content=\"512\" \/>\n\t<meta property=\"og:image:type\" content=\"image\/jpeg\" \/>\n<meta name=\"author\" content=\"Jeanette\" \/>\n<meta name=\"twitter:card\" content=\"summary_large_image\" \/>\n<meta name=\"twitter:creator\" content=\"@eldiario_net\" \/>\n<meta name=\"twitter:site\" content=\"@eldiario_net\" \/>\n<meta name=\"twitter:label1\" content=\"Escrito por\" \/>\n\t<meta name=\"twitter:data1\" content=\"Jeanette\" \/>\n\t<meta name=\"twitter:label2\" content=\"Tiempo de lectura\" \/>\n\t<meta name=\"twitter:data2\" content=\"2 minutos\" \/>\n<script type=\"application\/ld+json\" class=\"yoast-schema-graph\">{\"@context\":\"https:\\\/\\\/schema.org\",\"@graph\":[{\"@type\":\"Article\",\"@id\":\"https:\\\/\\\/www.eldiario.net\\\/portal\\\/2023\\\/12\\\/05\\\/autoprorroga-de-magistrados-mediante-decreto-seria-inconstitucional\\\/#article\",\"isPartOf\":{\"@id\":\"https:\\\/\\\/www.eldiario.net\\\/portal\\\/2023\\\/12\\\/05\\\/autoprorroga-de-magistrados-mediante-decreto-seria-inconstitucional\\\/\"},\"author\":{\"name\":\"Jeanette\",\"@id\":\"https:\\\/\\\/www.eldiario.net\\\/portal\\\/#\\\/schema\\\/person\\\/2c57cf2b7a7ae032e449e4c9b1019eac\"},\"headline\":\"Autopr\u00f3rroga de magistrados mediante decreto ser\u00eda inconstitucional\",\"datePublished\":\"2023-12-05T09:51:14+00:00\",\"mainEntityOfPage\":{\"@id\":\"https:\\\/\\\/www.eldiario.net\\\/portal\\\/2023\\\/12\\\/05\\\/autoprorroga-de-magistrados-mediante-decreto-seria-inconstitucional\\\/\"},\"wordCount\":363,\"publisher\":{\"@id\":\"https:\\\/\\\/www.eldiario.net\\\/portal\\\/#organization\"},\"image\":{\"@id\":\"https:\\\/\\\/www.eldiario.net\\\/portal\\\/2023\\\/12\\\/05\\\/autoprorroga-de-magistrados-mediante-decreto-seria-inconstitucional\\\/#primaryimage\"},\"thumbnailUrl\":\"https:\\\/\\\/www.eldiario.net\\\/portal\\\/wp-content\\\/uploads\\\/2023\\\/12\\\/ANDRONICO-FOTO.jpg\",\"articleSection\":[\"Pol\u00edtica\"],\"inLanguage\":\"es\"},{\"@type\":\"WebPage\",\"@id\":\"https:\\\/\\\/www.eldiario.net\\\/portal\\\/2023\\\/12\\\/05\\\/autoprorroga-de-magistrados-mediante-decreto-seria-inconstitucional\\\/\",\"url\":\"https:\\\/\\\/www.eldiario.net\\\/portal\\\/2023\\\/12\\\/05\\\/autoprorroga-de-magistrados-mediante-decreto-seria-inconstitucional\\\/\",\"name\":\"Autopr\u00f3rroga de magistrados mediante decreto ser\u00eda inconstitucional - El Diario - Bolivia\",\"isPartOf\":{\"@id\":\"https:\\\/\\\/www.eldiario.net\\\/portal\\\/#website\"},\"primaryImageOfPage\":{\"@id\":\"https:\\\/\\\/www.eldiario.net\\\/portal\\\/2023\\\/12\\\/05\\\/autoprorroga-de-magistrados-mediante-decreto-seria-inconstitucional\\\/#primaryimage\"},\"image\":{\"@id\":\"https:\\\/\\\/www.eldiario.net\\\/portal\\\/2023\\\/12\\\/05\\\/autoprorroga-de-magistrados-mediante-decreto-seria-inconstitucional\\\/#primaryimage\"},\"thumbnailUrl\":\"https:\\\/\\\/www.eldiario.net\\\/portal\\\/wp-content\\\/uploads\\\/2023\\\/12\\\/ANDRONICO-FOTO.jpg\",\"datePublished\":\"2023-12-05T09:51:14+00:00\",\"breadcrumb\":{\"@id\":\"https:\\\/\\\/www.eldiario.net\\\/portal\\\/2023\\\/12\\\/05\\\/autoprorroga-de-magistrados-mediante-decreto-seria-inconstitucional\\\/#breadcrumb\"},\"inLanguage\":\"es\",\"potentialAction\":[{\"@type\":\"ReadAction\",\"target\":[\"https:\\\/\\\/www.eldiario.net\\\/portal\\\/2023\\\/12\\\/05\\\/autoprorroga-de-magistrados-mediante-decreto-seria-inconstitucional\\\/\"]}]},{\"@type\":\"ImageObject\",\"inLanguage\":\"es\",\"@id\":\"https:\\\/\\\/www.eldiario.net\\\/portal\\\/2023\\\/12\\\/05\\\/autoprorroga-de-magistrados-mediante-decreto-seria-inconstitucional\\\/#primaryimage\",\"url\":\"https:\\\/\\\/www.eldiario.net\\\/portal\\\/wp-content\\\/uploads\\\/2023\\\/12\\\/ANDRONICO-FOTO.jpg\",\"contentUrl\":\"https:\\\/\\\/www.eldiario.net\\\/portal\\\/wp-content\\\/uploads\\\/2023\\\/12\\\/ANDRONICO-FOTO.jpg\",\"width\":1024,\"height\":512,\"caption\":\"Andr\u00f3nico Rodr\u00edguez, presidente en ejercicio del Estado. Foto: APG\"},{\"@type\":\"BreadcrumbList\",\"@id\":\"https:\\\/\\\/www.eldiario.net\\\/portal\\\/2023\\\/12\\\/05\\\/autoprorroga-de-magistrados-mediante-decreto-seria-inconstitucional\\\/#breadcrumb\",\"itemListElement\":[{\"@type\":\"ListItem\",\"position\":1,\"name\":\"Portada\",\"item\":\"https:\\\/\\\/www.eldiario.net\\\/portal\\\/\"},{\"@type\":\"ListItem\",\"position\":2,\"name\":\"Autopr\u00f3rroga de magistrados mediante decreto ser\u00eda inconstitucional\"}]},{\"@type\":\"WebSite\",\"@id\":\"https:\\\/\\\/www.eldiario.net\\\/portal\\\/#website\",\"url\":\"https:\\\/\\\/www.eldiario.net\\\/portal\\\/\",\"name\":\"El Diario - Decano de la prensa nacional\",\"description\":\"El Diario - Decano de la prensa nacional\",\"publisher\":{\"@id\":\"https:\\\/\\\/www.eldiario.net\\\/portal\\\/#organization\"},\"potentialAction\":[{\"@type\":\"SearchAction\",\"target\":{\"@type\":\"EntryPoint\",\"urlTemplate\":\"https:\\\/\\\/www.eldiario.net\\\/portal\\\/?s={search_term_string}\"},\"query-input\":{\"@type\":\"PropertyValueSpecification\",\"valueRequired\":true,\"valueName\":\"search_term_string\"}}],\"inLanguage\":\"es\"},{\"@type\":\"Organization\",\"@id\":\"https:\\\/\\\/www.eldiario.net\\\/portal\\\/#organization\",\"name\":\"El Diario - Decano de la prensa nacional\",\"url\":\"https:\\\/\\\/www.eldiario.net\\\/portal\\\/\",\"logo\":{\"@type\":\"ImageObject\",\"inLanguage\":\"es\",\"@id\":\"https:\\\/\\\/www.eldiario.net\\\/portal\\\/#\\\/schema\\\/logo\\\/image\\\/\",\"url\":\"https:\\\/\\\/www.eldiario.net\\\/portal\\\/wp-content\\\/uploads\\\/2023\\\/07\\\/logo_ED.jpg\",\"contentUrl\":\"https:\\\/\\\/www.eldiario.net\\\/portal\\\/wp-content\\\/uploads\\\/2023\\\/07\\\/logo_ED.jpg\",\"width\":272,\"height\":52,\"caption\":\"El Diario - Decano de la prensa nacional\"},\"image\":{\"@id\":\"https:\\\/\\\/www.eldiario.net\\\/portal\\\/#\\\/schema\\\/logo\\\/image\\\/\"},\"sameAs\":[\"https:\\\/\\\/www.facebook.com\\\/eldiario.bolivia\\\/\",\"https:\\\/\\\/x.com\\\/eldiario_net\"]},{\"@type\":\"Person\",\"@id\":\"https:\\\/\\\/www.eldiario.net\\\/portal\\\/#\\\/schema\\\/person\\\/2c57cf2b7a7ae032e449e4c9b1019eac\",\"name\":\"Jeanette\",\"image\":{\"@type\":\"ImageObject\",\"inLanguage\":\"es\",\"@id\":\"https:\\\/\\\/secure.gravatar.com\\\/avatar\\\/3ea2118a5f7dad2b7138b1187a6b7ee55f160b9968b66013c3a3ef39dd7e5798?s=96&d=mm&r=g\",\"url\":\"https:\\\/\\\/secure.gravatar.com\\\/avatar\\\/3ea2118a5f7dad2b7138b1187a6b7ee55f160b9968b66013c3a3ef39dd7e5798?s=96&d=mm&r=g\",\"contentUrl\":\"https:\\\/\\\/secure.gravatar.com\\\/avatar\\\/3ea2118a5f7dad2b7138b1187a6b7ee55f160b9968b66013c3a3ef39dd7e5798?s=96&d=mm&r=g\",\"caption\":\"Jeanette\"},\"sameAs\":[\"https:\\\/\\\/www.eldiario.net\\\/portal\"],\"url\":\"https:\\\/\\\/www.eldiario.net\\\/portal\\\/author\\\/jeanette\\\/\"}]}<\/script>\n<!-- \/ Yoast SEO plugin. -->","yoast_head_json":{"title":"Autopr\u00f3rroga de magistrados mediante decreto ser\u00eda inconstitucional - El Diario - Bolivia","robots":{"index":"index","follow":"follow","max-snippet":"max-snippet:-1","max-image-preview":"max-image-preview:large","max-video-preview":"max-video-preview:-1"},"canonical":"https:\/\/www.eldiario.net\/portal\/2023\/12\/05\/autoprorroga-de-magistrados-mediante-decreto-seria-inconstitucional\/","og_locale":"es_ES","og_type":"article","og_title":"Autopr\u00f3rroga de magistrados mediante decreto ser\u00eda inconstitucional - El Diario - Bolivia","og_description":"\u201cEstamos en una situaci\u00f3n altamente compleja respecto al destino de la administraci\u00f3n de la justicia en las altas magistraturas por lo cual expreso mi profunda preocupaci\u00f3n\u201d, dijo anoche el presidente en ejercicio, Andr\u00f3nico Rodr\u00edguez, al referirse a la falta del tratamiento del proyecto de Ley de las Elecciones Judiciales en la Asamblea Legislativa. Andr\u00f3nico, que [&hellip;]","og_url":"https:\/\/www.eldiario.net\/portal\/2023\/12\/05\/autoprorroga-de-magistrados-mediante-decreto-seria-inconstitucional\/","og_site_name":"El Diario - Bolivia","article_publisher":"https:\/\/www.facebook.com\/eldiario.bolivia\/","article_published_time":"2023-12-05T09:51:14+00:00","og_image":[{"width":1024,"height":512,"url":"https:\/\/www.eldiario.net\/portal\/wp-content\/uploads\/2023\/12\/ANDRONICO-FOTO.jpg","type":"image\/jpeg"}],"author":"Jeanette","twitter_card":"summary_large_image","twitter_creator":"@eldiario_net","twitter_site":"@eldiario_net","twitter_misc":{"Escrito por":"Jeanette","Tiempo de lectura":"2 minutos"},"schema":{"@context":"https:\/\/schema.org","@graph":[{"@type":"Article","@id":"https:\/\/www.eldiario.net\/portal\/2023\/12\/05\/autoprorroga-de-magistrados-mediante-decreto-seria-inconstitucional\/#article","isPartOf":{"@id":"https:\/\/www.eldiario.net\/portal\/2023\/12\/05\/autoprorroga-de-magistrados-mediante-decreto-seria-inconstitucional\/"},"author":{"name":"Jeanette","@id":"https:\/\/www.eldiario.net\/portal\/#\/schema\/person\/2c57cf2b7a7ae032e449e4c9b1019eac"},"headline":"Autopr\u00f3rroga de magistrados mediante decreto ser\u00eda inconstitucional","datePublished":"2023-12-05T09:51:14+00:00","mainEntityOfPage":{"@id":"https:\/\/www.eldiario.net\/portal\/2023\/12\/05\/autoprorroga-de-magistrados-mediante-decreto-seria-inconstitucional\/"},"wordCount":363,"publisher":{"@id":"https:\/\/www.eldiario.net\/portal\/#organization"},"image":{"@id":"https:\/\/www.eldiario.net\/portal\/2023\/12\/05\/autoprorroga-de-magistrados-mediante-decreto-seria-inconstitucional\/#primaryimage"},"thumbnailUrl":"https:\/\/www.eldiario.net\/portal\/wp-content\/uploads\/2023\/12\/ANDRONICO-FOTO.jpg","articleSection":["Pol\u00edtica"],"inLanguage":"es"},{"@type":"WebPage","@id":"https:\/\/www.eldiario.net\/portal\/2023\/12\/05\/autoprorroga-de-magistrados-mediante-decreto-seria-inconstitucional\/","url":"https:\/\/www.eldiario.net\/portal\/2023\/12\/05\/autoprorroga-de-magistrados-mediante-decreto-seria-inconstitucional\/","name":"Autopr\u00f3rroga de magistrados mediante decreto ser\u00eda inconstitucional - El Diario - Bolivia","isPartOf":{"@id":"https:\/\/www.eldiario.net\/portal\/#website"},"primaryImageOfPage":{"@id":"https:\/\/www.eldiario.net\/portal\/2023\/12\/05\/autoprorroga-de-magistrados-mediante-decreto-seria-inconstitucional\/#primaryimage"},"image":{"@id":"https:\/\/www.eldiario.net\/portal\/2023\/12\/05\/autoprorroga-de-magistrados-mediante-decreto-seria-inconstitucional\/#primaryimage"},"thumbnailUrl":"https:\/\/www.eldiario.net\/portal\/wp-content\/uploads\/2023\/12\/ANDRONICO-FOTO.jpg","datePublished":"2023-12-05T09:51:14+00:00","breadcrumb":{"@id":"https:\/\/www.eldiario.net\/portal\/2023\/12\/05\/autoprorroga-de-magistrados-mediante-decreto-seria-inconstitucional\/#breadcrumb"},"inLanguage":"es","potentialAction":[{"@type":"ReadAction","target":["https:\/\/www.eldiario.net\/portal\/2023\/12\/05\/autoprorroga-de-magistrados-mediante-decreto-seria-inconstitucional\/"]}]},{"@type":"ImageObject","inLanguage":"es","@id":"https:\/\/www.eldiario.net\/portal\/2023\/12\/05\/autoprorroga-de-magistrados-mediante-decreto-seria-inconstitucional\/#primaryimage","url":"https:\/\/www.eldiario.net\/portal\/wp-content\/uploads\/2023\/12\/ANDRONICO-FOTO.jpg","contentUrl":"https:\/\/www.eldiario.net\/portal\/wp-content\/uploads\/2023\/12\/ANDRONICO-FOTO.jpg","width":1024,"height":512,"caption":"Andr\u00f3nico Rodr\u00edguez, presidente en ejercicio del Estado. Foto: APG"},{"@type":"BreadcrumbList","@id":"https:\/\/www.eldiario.net\/portal\/2023\/12\/05\/autoprorroga-de-magistrados-mediante-decreto-seria-inconstitucional\/#breadcrumb","itemListElement":[{"@type":"ListItem","position":1,"name":"Portada","item":"https:\/\/www.eldiario.net\/portal\/"},{"@type":"ListItem","position":2,"name":"Autopr\u00f3rroga de magistrados mediante decreto ser\u00eda inconstitucional"}]},{"@type":"WebSite","@id":"https:\/\/www.eldiario.net\/portal\/#website","url":"https:\/\/www.eldiario.net\/portal\/","name":"El Diario - Decano de la prensa nacional","description":"El Diario - Decano de la prensa nacional","publisher":{"@id":"https:\/\/www.eldiario.net\/portal\/#organization"},"potentialAction":[{"@type":"SearchAction","target":{"@type":"EntryPoint","urlTemplate":"https:\/\/www.eldiario.net\/portal\/?s={search_term_string}"},"query-input":{"@type":"PropertyValueSpecification","valueRequired":true,"valueName":"search_term_string"}}],"inLanguage":"es"},{"@type":"Organization","@id":"https:\/\/www.eldiario.net\/portal\/#organization","name":"El Diario - Decano de la prensa nacional","url":"https:\/\/www.eldiario.net\/portal\/","logo":{"@type":"ImageObject","inLanguage":"es","@id":"https:\/\/www.eldiario.net\/portal\/#\/schema\/logo\/image\/","url":"https:\/\/www.eldiario.net\/portal\/wp-content\/uploads\/2023\/07\/logo_ED.jpg","contentUrl":"https:\/\/www.eldiario.net\/portal\/wp-content\/uploads\/2023\/07\/logo_ED.jpg","width":272,"height":52,"caption":"El Diario - Decano de la prensa nacional"},"image":{"@id":"https:\/\/www.eldiario.net\/portal\/#\/schema\/logo\/image\/"},"sameAs":["https:\/\/www.facebook.com\/eldiario.bolivia\/","https:\/\/x.com\/eldiario_net"]},{"@type":"Person","@id":"https:\/\/www.eldiario.net\/portal\/#\/schema\/person\/2c57cf2b7a7ae032e449e4c9b1019eac","name":"Jeanette","image":{"@type":"ImageObject","inLanguage":"es","@id":"https:\/\/secure.gravatar.com\/avatar\/3ea2118a5f7dad2b7138b1187a6b7ee55f160b9968b66013c3a3ef39dd7e5798?s=96&d=mm&r=g","url":"https:\/\/secure.gravatar.com\/avatar\/3ea2118a5f7dad2b7138b1187a6b7ee55f160b9968b66013c3a3ef39dd7e5798?s=96&d=mm&r=g","contentUrl":"https:\/\/secure.gravatar.com\/avatar\/3ea2118a5f7dad2b7138b1187a6b7ee55f160b9968b66013c3a3ef39dd7e5798?s=96&d=mm&r=g","caption":"Jeanette"},"sameAs":["https:\/\/www.eldiario.net\/portal"],"url":"https:\/\/www.eldiario.net\/portal\/author\/jeanette\/"}]}},"_links":{"self":[{"href":"https:\/\/www.eldiario.net\/portal\/wp-json\/wp\/v2\/posts\/191244","targetHints":{"allow":["GET"]}}],"collection":[{"href":"https:\/\/www.eldiario.net\/portal\/wp-json\/wp\/v2\/posts"}],"about":[{"href":"https:\/\/www.eldiario.net\/portal\/wp-json\/wp\/v2\/types\/post"}],"author":[{"embeddable":true,"href":"https:\/\/www.eldiario.net\/portal\/wp-json\/wp\/v2\/users\/1"}],"replies":[{"embeddable":true,"href":"https:\/\/www.eldiario.net\/portal\/wp-json\/wp\/v2\/comments?post=191244"}],"version-history":[{"count":0,"href":"https:\/\/www.eldiario.net\/portal\/wp-json\/wp\/v2\/posts\/191244\/revisions"}],"wp:featuredmedia":[{"embeddable":true,"href":"https:\/\/www.eldiario.net\/portal\/wp-json\/wp\/v2\/media\/191245"}],"wp:attachment":[{"href":"https:\/\/www.eldiario.net\/portal\/wp-json\/wp\/v2\/media?parent=191244"}],"wp:term":[{"taxonomy":"category","embeddable":true,"href":"https:\/\/www.eldiario.net\/portal\/wp-json\/wp\/v2\/categories?post=191244"},{"taxonomy":"post_tag","embeddable":true,"href":"https:\/\/www.eldiario.net\/portal\/wp-json\/wp\/v2\/tags?post=191244"}],"curies":[{"name":"wp","href":"https:\/\/api.w.org\/{rel}","templated":true}]}}