{"id":191235,"date":"2023-12-05T05:44:21","date_gmt":"2023-12-05T09:44:21","guid":{"rendered":"https:\/\/www.eldiario.net\/portal\/?p=191235"},"modified":"2023-12-05T05:44:21","modified_gmt":"2023-12-05T09:44:21","slug":"expondran-alcances-de-las-leyes-que-fijan-la-tasa-de-bs-10-por-res-faeneada","status":"publish","type":"post","link":"https:\/\/www.eldiario.net\/portal\/2023\/12\/05\/expondran-alcances-de-las-leyes-que-fijan-la-tasa-de-bs-10-por-res-faeneada\/","title":{"rendered":"Expondr\u00e1n alcances de las leyes que  fijan la tasa de Bs 10 por res faeneada"},"content":{"rendered":"<p>El secretario de Desarrollo Econ\u00f3mico de la Gobernaci\u00f3n, Edgar Landivar, confirm\u00f3 para este martes una reuni\u00f3n con Fegasacruz para tratar el tema de la tasa de Bs 10 por res faeneada y comercializada dentro del territorio de Santa Cruz, en el marco de la Ley Departamental 210 y escuchar las observaciones del sector.<\/p>\n<p>La reuni\u00f3n ser\u00e1 hoy a las 08:00 horas en las oficinas en el edificio central del ente departamental y se dar\u00e1 una explicaci\u00f3n sobre los alcances de las leyes departamentales N\u00ba 54, que trata sobre la creaci\u00f3n del Servicio Departamental Agropecuario (Sedacruz) y las diferentes tasas, y la N\u00ba 210 y su reglamento, que fija los Bs 10 por res faeneada y comercializada.<\/p>\n<p>Landivar aprovech\u00f3 para aclarar que nunca se dej\u00f3 de lado el consenso con Fegasacruz, por lo tanto estas leyes fueron aprobadas luego de una previa consulta con los sectores productivos.<\/p>\n<p>Es m\u00e1s, el equipo jur\u00eddico ha revisado las bases de datos de las plataformas de las instituciones judiciales y se ha constatado que no existe ninguna demanda ni solicitud de inconstitucionalidad con respecto a estas dos leyes, raz\u00f3n por la cual no existen motivos para su derogaci\u00f3n y peor a\u00fan la abrogaci\u00f3n de las mismas.<\/p>\n<p>Expuso que esta tasa la paga el ganadero, no los comercializadores ni los frigor\u00edficos, en este sentido, no tiene por qu\u00e9 afectar en el precio de la carne al consumidor final.<\/p>\n<p>Reiter\u00f3 que estos Bs 10 por res benefician al sector ganadero departamental y se destinar\u00e1 el 10% en un fondo de emergencia ante un posible brote de fiebre aftosa, principalmente ahora que ya no es obligatoria la vacunaci\u00f3n contra la enfermedad.<\/p>\n<p>Aparte de ello, el reglamento de la Ley 210, a petici\u00f3n de Fegasacruz, crea la Mesa de Coordinaci\u00f3n Sanitaria con la participaci\u00f3n de dicha instituci\u00f3n, la Gobernaci\u00f3n, el Senasag, el Colegio Veterinario y representantes de los frigor\u00edficos, a fin de controlar que los recursos de esta tasa sean invertidos en el sector. (Santa Cruz, agencias)<\/p>\n","protected":false},"excerpt":{"rendered":"<p>El secretario de Desarrollo Econ\u00f3mico de la Gobernaci\u00f3n, Edgar Landivar, confirm\u00f3 para este martes una reuni\u00f3n con Fegasacruz para tratar el tema de la tasa de Bs 10 por res faeneada y comercializada dentro del territorio de Santa Cruz, en el marco de la Ley Departamental 210 y escuchar las observaciones del sector. La reuni\u00f3n [&hellip;]<\/p>\n","protected":false},"author":1,"featured_media":191236,"comment_status":"closed","ping_status":"open","sticky":false,"template":"","format":"standard","meta":{"_acf_changed":false,"footnotes":""},"categories":[12],"tags":[],"class_list":["post-191235","post","type-post","status-publish","format-standard","has-post-thumbnail","category-nacional"],"acf":{"antetitulo":""},"yoast_head":"<!-- This site is optimized with the Yoast SEO plugin v28.4 - https:\/\/yoast.com\/product\/yoast-seo-wordpress\/ -->\n<title>Expondr\u00e1n alcances de las leyes que fijan la tasa de Bs 10 por res faeneada - El Diario - Bolivia<\/title>\n<meta name=\"robots\" content=\"index, follow, max-snippet:-1, max-image-preview:large, max-video-preview:-1\" \/>\n<link rel=\"canonical\" href=\"https:\/\/www.eldiario.net\/portal\/2023\/12\/05\/expondran-alcances-de-las-leyes-que-fijan-la-tasa-de-bs-10-por-res-faeneada\/\" \/>\n<meta property=\"og:locale\" content=\"es_ES\" \/>\n<meta property=\"og:type\" content=\"article\" \/>\n<meta property=\"og:title\" content=\"Expondr\u00e1n alcances de las leyes que fijan la tasa de Bs 10 por res faeneada - El Diario - Bolivia\" \/>\n<meta property=\"og:description\" content=\"El secretario de Desarrollo Econ\u00f3mico de la Gobernaci\u00f3n, Edgar Landivar, confirm\u00f3 para este martes una reuni\u00f3n con Fegasacruz para tratar el tema de la tasa de Bs 10 por res faeneada y comercializada dentro del territorio de Santa Cruz, en el marco de la Ley Departamental 210 y escuchar las observaciones del sector. La reuni\u00f3n [&hellip;]\" \/>\n<meta property=\"og:url\" content=\"https:\/\/www.eldiario.net\/portal\/2023\/12\/05\/expondran-alcances-de-las-leyes-que-fijan-la-tasa-de-bs-10-por-res-faeneada\/\" \/>\n<meta property=\"og:site_name\" content=\"El Diario - Bolivia\" \/>\n<meta property=\"article:publisher\" content=\"https:\/\/www.facebook.com\/eldiario.bolivia\/\" \/>\n<meta property=\"article:published_time\" content=\"2023-12-05T09:44:21+00:00\" \/>\n<meta property=\"og:image\" content=\"https:\/\/www.eldiario.net\/portal\/wp-content\/uploads\/2023\/12\/EDGAR-FOTO.jpg\" \/>\n\t<meta property=\"og:image:width\" content=\"1024\" \/>\n\t<meta property=\"og:image:height\" content=\"576\" \/>\n\t<meta property=\"og:image:type\" content=\"image\/jpeg\" \/>\n<meta name=\"author\" content=\"Jeanette\" \/>\n<meta name=\"twitter:card\" content=\"summary_large_image\" \/>\n<meta name=\"twitter:creator\" content=\"@eldiario_net\" \/>\n<meta name=\"twitter:site\" content=\"@eldiario_net\" \/>\n<meta name=\"twitter:label1\" content=\"Escrito por\" \/>\n\t<meta name=\"twitter:data1\" content=\"Jeanette\" \/>\n\t<meta name=\"twitter:label2\" content=\"Tiempo de lectura\" \/>\n\t<meta name=\"twitter:data2\" content=\"2 minutos\" \/>\n<script type=\"application\/ld+json\" class=\"yoast-schema-graph\">{\"@context\":\"https:\\\/\\\/schema.org\",\"@graph\":[{\"@type\":\"Article\",\"@id\":\"https:\\\/\\\/www.eldiario.net\\\/portal\\\/2023\\\/12\\\/05\\\/expondran-alcances-de-las-leyes-que-fijan-la-tasa-de-bs-10-por-res-faeneada\\\/#article\",\"isPartOf\":{\"@id\":\"https:\\\/\\\/www.eldiario.net\\\/portal\\\/2023\\\/12\\\/05\\\/expondran-alcances-de-las-leyes-que-fijan-la-tasa-de-bs-10-por-res-faeneada\\\/\"},\"author\":{\"name\":\"Jeanette\",\"@id\":\"https:\\\/\\\/www.eldiario.net\\\/portal\\\/#\\\/schema\\\/person\\\/2c57cf2b7a7ae032e449e4c9b1019eac\"},\"headline\":\"Expondr\u00e1n alcances de las leyes que fijan la tasa de Bs 10 por res faeneada\",\"datePublished\":\"2023-12-05T09:44:21+00:00\",\"mainEntityOfPage\":{\"@id\":\"https:\\\/\\\/www.eldiario.net\\\/portal\\\/2023\\\/12\\\/05\\\/expondran-alcances-de-las-leyes-que-fijan-la-tasa-de-bs-10-por-res-faeneada\\\/\"},\"wordCount\":354,\"publisher\":{\"@id\":\"https:\\\/\\\/www.eldiario.net\\\/portal\\\/#organization\"},\"image\":{\"@id\":\"https:\\\/\\\/www.eldiario.net\\\/portal\\\/2023\\\/12\\\/05\\\/expondran-alcances-de-las-leyes-que-fijan-la-tasa-de-bs-10-por-res-faeneada\\\/#primaryimage\"},\"thumbnailUrl\":\"https:\\\/\\\/www.eldiario.net\\\/portal\\\/wp-content\\\/uploads\\\/2023\\\/12\\\/EDGAR-FOTO.jpg\",\"articleSection\":[\"Nacional\"],\"inLanguage\":\"es\"},{\"@type\":\"WebPage\",\"@id\":\"https:\\\/\\\/www.eldiario.net\\\/portal\\\/2023\\\/12\\\/05\\\/expondran-alcances-de-las-leyes-que-fijan-la-tasa-de-bs-10-por-res-faeneada\\\/\",\"url\":\"https:\\\/\\\/www.eldiario.net\\\/portal\\\/2023\\\/12\\\/05\\\/expondran-alcances-de-las-leyes-que-fijan-la-tasa-de-bs-10-por-res-faeneada\\\/\",\"name\":\"Expondr\u00e1n alcances de las leyes que fijan la tasa de Bs 10 por res faeneada - El Diario - Bolivia\",\"isPartOf\":{\"@id\":\"https:\\\/\\\/www.eldiario.net\\\/portal\\\/#website\"},\"primaryImageOfPage\":{\"@id\":\"https:\\\/\\\/www.eldiario.net\\\/portal\\\/2023\\\/12\\\/05\\\/expondran-alcances-de-las-leyes-que-fijan-la-tasa-de-bs-10-por-res-faeneada\\\/#primaryimage\"},\"image\":{\"@id\":\"https:\\\/\\\/www.eldiario.net\\\/portal\\\/2023\\\/12\\\/05\\\/expondran-alcances-de-las-leyes-que-fijan-la-tasa-de-bs-10-por-res-faeneada\\\/#primaryimage\"},\"thumbnailUrl\":\"https:\\\/\\\/www.eldiario.net\\\/portal\\\/wp-content\\\/uploads\\\/2023\\\/12\\\/EDGAR-FOTO.jpg\",\"datePublished\":\"2023-12-05T09:44:21+00:00\",\"breadcrumb\":{\"@id\":\"https:\\\/\\\/www.eldiario.net\\\/portal\\\/2023\\\/12\\\/05\\\/expondran-alcances-de-las-leyes-que-fijan-la-tasa-de-bs-10-por-res-faeneada\\\/#breadcrumb\"},\"inLanguage\":\"es\",\"potentialAction\":[{\"@type\":\"ReadAction\",\"target\":[\"https:\\\/\\\/www.eldiario.net\\\/portal\\\/2023\\\/12\\\/05\\\/expondran-alcances-de-las-leyes-que-fijan-la-tasa-de-bs-10-por-res-faeneada\\\/\"]}]},{\"@type\":\"ImageObject\",\"inLanguage\":\"es\",\"@id\":\"https:\\\/\\\/www.eldiario.net\\\/portal\\\/2023\\\/12\\\/05\\\/expondran-alcances-de-las-leyes-que-fijan-la-tasa-de-bs-10-por-res-faeneada\\\/#primaryimage\",\"url\":\"https:\\\/\\\/www.eldiario.net\\\/portal\\\/wp-content\\\/uploads\\\/2023\\\/12\\\/EDGAR-FOTO.jpg\",\"contentUrl\":\"https:\\\/\\\/www.eldiario.net\\\/portal\\\/wp-content\\\/uploads\\\/2023\\\/12\\\/EDGAR-FOTO.jpg\",\"width\":1024,\"height\":576,\"caption\":\"EDGAR LANDIVAR. FOTO: GSTC\"},{\"@type\":\"BreadcrumbList\",\"@id\":\"https:\\\/\\\/www.eldiario.net\\\/portal\\\/2023\\\/12\\\/05\\\/expondran-alcances-de-las-leyes-que-fijan-la-tasa-de-bs-10-por-res-faeneada\\\/#breadcrumb\",\"itemListElement\":[{\"@type\":\"ListItem\",\"position\":1,\"name\":\"Portada\",\"item\":\"https:\\\/\\\/www.eldiario.net\\\/portal\\\/\"},{\"@type\":\"ListItem\",\"position\":2,\"name\":\"Expondr\u00e1n alcances de las leyes que fijan la tasa de Bs 10 por res faeneada\"}]},{\"@type\":\"WebSite\",\"@id\":\"https:\\\/\\\/www.eldiario.net\\\/portal\\\/#website\",\"url\":\"https:\\\/\\\/www.eldiario.net\\\/portal\\\/\",\"name\":\"El Diario - Decano de la prensa nacional\",\"description\":\"El Diario - Decano de la prensa nacional\",\"publisher\":{\"@id\":\"https:\\\/\\\/www.eldiario.net\\\/portal\\\/#organization\"},\"potentialAction\":[{\"@type\":\"SearchAction\",\"target\":{\"@type\":\"EntryPoint\",\"urlTemplate\":\"https:\\\/\\\/www.eldiario.net\\\/portal\\\/?s={search_term_string}\"},\"query-input\":{\"@type\":\"PropertyValueSpecification\",\"valueRequired\":true,\"valueName\":\"search_term_string\"}}],\"inLanguage\":\"es\"},{\"@type\":\"Organization\",\"@id\":\"https:\\\/\\\/www.eldiario.net\\\/portal\\\/#organization\",\"name\":\"El Diario - Decano de la prensa nacional\",\"url\":\"https:\\\/\\\/www.eldiario.net\\\/portal\\\/\",\"logo\":{\"@type\":\"ImageObject\",\"inLanguage\":\"es\",\"@id\":\"https:\\\/\\\/www.eldiario.net\\\/portal\\\/#\\\/schema\\\/logo\\\/image\\\/\",\"url\":\"https:\\\/\\\/www.eldiario.net\\\/portal\\\/wp-content\\\/uploads\\\/2023\\\/07\\\/logo_ED.jpg\",\"contentUrl\":\"https:\\\/\\\/www.eldiario.net\\\/portal\\\/wp-content\\\/uploads\\\/2023\\\/07\\\/logo_ED.jpg\",\"width\":272,\"height\":52,\"caption\":\"El Diario - Decano de la prensa nacional\"},\"image\":{\"@id\":\"https:\\\/\\\/www.eldiario.net\\\/portal\\\/#\\\/schema\\\/logo\\\/image\\\/\"},\"sameAs\":[\"https:\\\/\\\/www.facebook.com\\\/eldiario.bolivia\\\/\",\"https:\\\/\\\/x.com\\\/eldiario_net\"]},{\"@type\":\"Person\",\"@id\":\"https:\\\/\\\/www.eldiario.net\\\/portal\\\/#\\\/schema\\\/person\\\/2c57cf2b7a7ae032e449e4c9b1019eac\",\"name\":\"Jeanette\",\"image\":{\"@type\":\"ImageObject\",\"inLanguage\":\"es\",\"@id\":\"https:\\\/\\\/secure.gravatar.com\\\/avatar\\\/3ea2118a5f7dad2b7138b1187a6b7ee55f160b9968b66013c3a3ef39dd7e5798?s=96&d=mm&r=g\",\"url\":\"https:\\\/\\\/secure.gravatar.com\\\/avatar\\\/3ea2118a5f7dad2b7138b1187a6b7ee55f160b9968b66013c3a3ef39dd7e5798?s=96&d=mm&r=g\",\"contentUrl\":\"https:\\\/\\\/secure.gravatar.com\\\/avatar\\\/3ea2118a5f7dad2b7138b1187a6b7ee55f160b9968b66013c3a3ef39dd7e5798?s=96&d=mm&r=g\",\"caption\":\"Jeanette\"},\"sameAs\":[\"https:\\\/\\\/www.eldiario.net\\\/portal\"],\"url\":\"https:\\\/\\\/www.eldiario.net\\\/portal\\\/author\\\/jeanette\\\/\"}]}<\/script>\n<!-- \/ Yoast SEO plugin. -->","yoast_head_json":{"title":"Expondr\u00e1n alcances de las leyes que fijan la tasa de Bs 10 por res faeneada - El Diario - Bolivia","robots":{"index":"index","follow":"follow","max-snippet":"max-snippet:-1","max-image-preview":"max-image-preview:large","max-video-preview":"max-video-preview:-1"},"canonical":"https:\/\/www.eldiario.net\/portal\/2023\/12\/05\/expondran-alcances-de-las-leyes-que-fijan-la-tasa-de-bs-10-por-res-faeneada\/","og_locale":"es_ES","og_type":"article","og_title":"Expondr\u00e1n alcances de las leyes que fijan la tasa de Bs 10 por res faeneada - El Diario - Bolivia","og_description":"El secretario de Desarrollo Econ\u00f3mico de la Gobernaci\u00f3n, Edgar Landivar, confirm\u00f3 para este martes una reuni\u00f3n con Fegasacruz para tratar el tema de la tasa de Bs 10 por res faeneada y comercializada dentro del territorio de Santa Cruz, en el marco de la Ley Departamental 210 y escuchar las observaciones del sector. La reuni\u00f3n [&hellip;]","og_url":"https:\/\/www.eldiario.net\/portal\/2023\/12\/05\/expondran-alcances-de-las-leyes-que-fijan-la-tasa-de-bs-10-por-res-faeneada\/","og_site_name":"El Diario - Bolivia","article_publisher":"https:\/\/www.facebook.com\/eldiario.bolivia\/","article_published_time":"2023-12-05T09:44:21+00:00","og_image":[{"width":1024,"height":576,"url":"https:\/\/www.eldiario.net\/portal\/wp-content\/uploads\/2023\/12\/EDGAR-FOTO.jpg","type":"image\/jpeg"}],"author":"Jeanette","twitter_card":"summary_large_image","twitter_creator":"@eldiario_net","twitter_site":"@eldiario_net","twitter_misc":{"Escrito por":"Jeanette","Tiempo de lectura":"2 minutos"},"schema":{"@context":"https:\/\/schema.org","@graph":[{"@type":"Article","@id":"https:\/\/www.eldiario.net\/portal\/2023\/12\/05\/expondran-alcances-de-las-leyes-que-fijan-la-tasa-de-bs-10-por-res-faeneada\/#article","isPartOf":{"@id":"https:\/\/www.eldiario.net\/portal\/2023\/12\/05\/expondran-alcances-de-las-leyes-que-fijan-la-tasa-de-bs-10-por-res-faeneada\/"},"author":{"name":"Jeanette","@id":"https:\/\/www.eldiario.net\/portal\/#\/schema\/person\/2c57cf2b7a7ae032e449e4c9b1019eac"},"headline":"Expondr\u00e1n alcances de las leyes que fijan la tasa de Bs 10 por res faeneada","datePublished":"2023-12-05T09:44:21+00:00","mainEntityOfPage":{"@id":"https:\/\/www.eldiario.net\/portal\/2023\/12\/05\/expondran-alcances-de-las-leyes-que-fijan-la-tasa-de-bs-10-por-res-faeneada\/"},"wordCount":354,"publisher":{"@id":"https:\/\/www.eldiario.net\/portal\/#organization"},"image":{"@id":"https:\/\/www.eldiario.net\/portal\/2023\/12\/05\/expondran-alcances-de-las-leyes-que-fijan-la-tasa-de-bs-10-por-res-faeneada\/#primaryimage"},"thumbnailUrl":"https:\/\/www.eldiario.net\/portal\/wp-content\/uploads\/2023\/12\/EDGAR-FOTO.jpg","articleSection":["Nacional"],"inLanguage":"es"},{"@type":"WebPage","@id":"https:\/\/www.eldiario.net\/portal\/2023\/12\/05\/expondran-alcances-de-las-leyes-que-fijan-la-tasa-de-bs-10-por-res-faeneada\/","url":"https:\/\/www.eldiario.net\/portal\/2023\/12\/05\/expondran-alcances-de-las-leyes-que-fijan-la-tasa-de-bs-10-por-res-faeneada\/","name":"Expondr\u00e1n alcances de las leyes que fijan la tasa de Bs 10 por res faeneada - El Diario - Bolivia","isPartOf":{"@id":"https:\/\/www.eldiario.net\/portal\/#website"},"primaryImageOfPage":{"@id":"https:\/\/www.eldiario.net\/portal\/2023\/12\/05\/expondran-alcances-de-las-leyes-que-fijan-la-tasa-de-bs-10-por-res-faeneada\/#primaryimage"},"image":{"@id":"https:\/\/www.eldiario.net\/portal\/2023\/12\/05\/expondran-alcances-de-las-leyes-que-fijan-la-tasa-de-bs-10-por-res-faeneada\/#primaryimage"},"thumbnailUrl":"https:\/\/www.eldiario.net\/portal\/wp-content\/uploads\/2023\/12\/EDGAR-FOTO.jpg","datePublished":"2023-12-05T09:44:21+00:00","breadcrumb":{"@id":"https:\/\/www.eldiario.net\/portal\/2023\/12\/05\/expondran-alcances-de-las-leyes-que-fijan-la-tasa-de-bs-10-por-res-faeneada\/#breadcrumb"},"inLanguage":"es","potentialAction":[{"@type":"ReadAction","target":["https:\/\/www.eldiario.net\/portal\/2023\/12\/05\/expondran-alcances-de-las-leyes-que-fijan-la-tasa-de-bs-10-por-res-faeneada\/"]}]},{"@type":"ImageObject","inLanguage":"es","@id":"https:\/\/www.eldiario.net\/portal\/2023\/12\/05\/expondran-alcances-de-las-leyes-que-fijan-la-tasa-de-bs-10-por-res-faeneada\/#primaryimage","url":"https:\/\/www.eldiario.net\/portal\/wp-content\/uploads\/2023\/12\/EDGAR-FOTO.jpg","contentUrl":"https:\/\/www.eldiario.net\/portal\/wp-content\/uploads\/2023\/12\/EDGAR-FOTO.jpg","width":1024,"height":576,"caption":"EDGAR LANDIVAR. FOTO: GSTC"},{"@type":"BreadcrumbList","@id":"https:\/\/www.eldiario.net\/portal\/2023\/12\/05\/expondran-alcances-de-las-leyes-que-fijan-la-tasa-de-bs-10-por-res-faeneada\/#breadcrumb","itemListElement":[{"@type":"ListItem","position":1,"name":"Portada","item":"https:\/\/www.eldiario.net\/portal\/"},{"@type":"ListItem","position":2,"name":"Expondr\u00e1n alcances de las leyes que fijan la tasa de Bs 10 por res faeneada"}]},{"@type":"WebSite","@id":"https:\/\/www.eldiario.net\/portal\/#website","url":"https:\/\/www.eldiario.net\/portal\/","name":"El Diario - Decano de la prensa nacional","description":"El Diario - Decano de la prensa nacional","publisher":{"@id":"https:\/\/www.eldiario.net\/portal\/#organization"},"potentialAction":[{"@type":"SearchAction","target":{"@type":"EntryPoint","urlTemplate":"https:\/\/www.eldiario.net\/portal\/?s={search_term_string}"},"query-input":{"@type":"PropertyValueSpecification","valueRequired":true,"valueName":"search_term_string"}}],"inLanguage":"es"},{"@type":"Organization","@id":"https:\/\/www.eldiario.net\/portal\/#organization","name":"El Diario - Decano de la prensa nacional","url":"https:\/\/www.eldiario.net\/portal\/","logo":{"@type":"ImageObject","inLanguage":"es","@id":"https:\/\/www.eldiario.net\/portal\/#\/schema\/logo\/image\/","url":"https:\/\/www.eldiario.net\/portal\/wp-content\/uploads\/2023\/07\/logo_ED.jpg","contentUrl":"https:\/\/www.eldiario.net\/portal\/wp-content\/uploads\/2023\/07\/logo_ED.jpg","width":272,"height":52,"caption":"El Diario - Decano de la prensa nacional"},"image":{"@id":"https:\/\/www.eldiario.net\/portal\/#\/schema\/logo\/image\/"},"sameAs":["https:\/\/www.facebook.com\/eldiario.bolivia\/","https:\/\/x.com\/eldiario_net"]},{"@type":"Person","@id":"https:\/\/www.eldiario.net\/portal\/#\/schema\/person\/2c57cf2b7a7ae032e449e4c9b1019eac","name":"Jeanette","image":{"@type":"ImageObject","inLanguage":"es","@id":"https:\/\/secure.gravatar.com\/avatar\/3ea2118a5f7dad2b7138b1187a6b7ee55f160b9968b66013c3a3ef39dd7e5798?s=96&d=mm&r=g","url":"https:\/\/secure.gravatar.com\/avatar\/3ea2118a5f7dad2b7138b1187a6b7ee55f160b9968b66013c3a3ef39dd7e5798?s=96&d=mm&r=g","contentUrl":"https:\/\/secure.gravatar.com\/avatar\/3ea2118a5f7dad2b7138b1187a6b7ee55f160b9968b66013c3a3ef39dd7e5798?s=96&d=mm&r=g","caption":"Jeanette"},"sameAs":["https:\/\/www.eldiario.net\/portal"],"url":"https:\/\/www.eldiario.net\/portal\/author\/jeanette\/"}]}},"_links":{"self":[{"href":"https:\/\/www.eldiario.net\/portal\/wp-json\/wp\/v2\/posts\/191235","targetHints":{"allow":["GET"]}}],"collection":[{"href":"https:\/\/www.eldiario.net\/portal\/wp-json\/wp\/v2\/posts"}],"about":[{"href":"https:\/\/www.eldiario.net\/portal\/wp-json\/wp\/v2\/types\/post"}],"author":[{"embeddable":true,"href":"https:\/\/www.eldiario.net\/portal\/wp-json\/wp\/v2\/users\/1"}],"replies":[{"embeddable":true,"href":"https:\/\/www.eldiario.net\/portal\/wp-json\/wp\/v2\/comments?post=191235"}],"version-history":[{"count":0,"href":"https:\/\/www.eldiario.net\/portal\/wp-json\/wp\/v2\/posts\/191235\/revisions"}],"wp:featuredmedia":[{"embeddable":true,"href":"https:\/\/www.eldiario.net\/portal\/wp-json\/wp\/v2\/media\/191236"}],"wp:attachment":[{"href":"https:\/\/www.eldiario.net\/portal\/wp-json\/wp\/v2\/media?parent=191235"}],"wp:term":[{"taxonomy":"category","embeddable":true,"href":"https:\/\/www.eldiario.net\/portal\/wp-json\/wp\/v2\/categories?post=191235"},{"taxonomy":"post_tag","embeddable":true,"href":"https:\/\/www.eldiario.net\/portal\/wp-json\/wp\/v2\/tags?post=191235"}],"curies":[{"name":"wp","href":"https:\/\/api.w.org\/{rel}","templated":true}]}}