{"id":191232,"date":"2023-12-05T05:43:03","date_gmt":"2023-12-05T09:43:03","guid":{"rendered":"https:\/\/www.eldiario.net\/portal\/?p=191232"},"modified":"2023-12-05T05:43:03","modified_gmt":"2023-12-05T09:43:03","slug":"vecinos-rechazan-alza-de-pasaje-diferenciado-en-el-transporte","status":"publish","type":"post","link":"https:\/\/www.eldiario.net\/portal\/2023\/12\/05\/vecinos-rechazan-alza-de-pasaje-diferenciado-en-el-transporte\/","title":{"rendered":"Vecinos rechazan alza de pasaje  diferenciado en el transporte"},"content":{"rendered":"<p>Las Juntas Vecinales de Potos\u00ed rechazaron la eliminaci\u00f3n del pasaje diferenciado para adultos mayores, universitarios, normalistas y escolares. El autotransporte potosino elev\u00f3 la tarifa a Bs 1,50 para ese sector, de forma unilateral, denuncia la Alcald\u00eda, que adem\u00e1s niega una autorizaci\u00f3n.<\/p>\n<p>\u201cEl mi\u00e9rcoles vamos a convocar a una reuni\u00f3n y empezar\u00edamos a marchar si no hay respuesta para hacer respetar (las tarifas)\u201d, declar\u00f3 el presidente de la Federaci\u00f3n Departamental de Juntas Vecinales (Fedjuve) de Potos\u00ed, Carlos Ram\u00edrez.<\/p>\n<p>El dirigente vecinal lament\u00f3 que el sector afectado sean las personas mayores, los ni\u00f1os y los j\u00f3venes. \u201cEl transporte tiene que entender que est\u00e1n vulnerando derechos\u201d.<\/p>\n<p>De la misma forma, la alcaldesa interina Lesly Flores critic\u00f3 la medida del transporte potosino y se\u00f1al\u00f3 que no se autoriz\u00f3 ni se permitir\u00e1 el incremento.<\/p>\n<p>\u201cTodo el pa\u00eds est\u00e1 sufriendo por carburantes, no por eso podemos estar subiendo los precios. Nosotros en ning\u00fan momento hemos hablado de alza de precios\u201d, afirm\u00f3 la autoridad edil.<\/p>\n<p>Flores llam\u00f3 al sector al di\u00e1logo y sostuvo que de existir una nivelaci\u00f3n, \u00e9sta tiene que socializarse y no ejecutarse de inmediato. (Potos\u00ed, agencias)<\/p>\n","protected":false},"excerpt":{"rendered":"<p>Las Juntas Vecinales de Potos\u00ed rechazaron la eliminaci\u00f3n del pasaje diferenciado para adultos mayores, universitarios, normalistas y escolares. El autotransporte potosino elev\u00f3 la tarifa a Bs 1,50 para ese sector, de forma unilateral, denuncia la Alcald\u00eda, que adem\u00e1s niega una autorizaci\u00f3n. \u201cEl mi\u00e9rcoles vamos a convocar a una reuni\u00f3n y empezar\u00edamos a marchar si no [&hellip;]<\/p>\n","protected":false},"author":1,"featured_media":191233,"comment_status":"closed","ping_status":"open","sticky":false,"template":"","format":"standard","meta":{"_acf_changed":false,"footnotes":""},"categories":[12],"tags":[],"class_list":["post-191232","post","type-post","status-publish","format-standard","has-post-thumbnail","category-nacional"],"acf":{"antetitulo":""},"yoast_head":"<!-- This site is optimized with the Yoast SEO plugin v28.4 - https:\/\/yoast.com\/product\/yoast-seo-wordpress\/ -->\n<title>Vecinos rechazan alza de pasaje diferenciado en el transporte - El Diario - Bolivia<\/title>\n<meta name=\"robots\" content=\"index, follow, max-snippet:-1, max-image-preview:large, max-video-preview:-1\" \/>\n<link rel=\"canonical\" href=\"https:\/\/www.eldiario.net\/portal\/2023\/12\/05\/vecinos-rechazan-alza-de-pasaje-diferenciado-en-el-transporte\/\" \/>\n<meta property=\"og:locale\" content=\"es_ES\" \/>\n<meta property=\"og:type\" content=\"article\" \/>\n<meta property=\"og:title\" content=\"Vecinos rechazan alza de pasaje diferenciado en el transporte - El Diario - Bolivia\" \/>\n<meta property=\"og:description\" content=\"Las Juntas Vecinales de Potos\u00ed rechazaron la eliminaci\u00f3n del pasaje diferenciado para adultos mayores, universitarios, normalistas y escolares. El autotransporte potosino elev\u00f3 la tarifa a Bs 1,50 para ese sector, de forma unilateral, denuncia la Alcald\u00eda, que adem\u00e1s niega una autorizaci\u00f3n. \u201cEl mi\u00e9rcoles vamos a convocar a una reuni\u00f3n y empezar\u00edamos a marchar si no [&hellip;]\" \/>\n<meta property=\"og:url\" content=\"https:\/\/www.eldiario.net\/portal\/2023\/12\/05\/vecinos-rechazan-alza-de-pasaje-diferenciado-en-el-transporte\/\" \/>\n<meta property=\"og:site_name\" content=\"El Diario - Bolivia\" \/>\n<meta property=\"article:publisher\" content=\"https:\/\/www.facebook.com\/eldiario.bolivia\/\" \/>\n<meta property=\"article:published_time\" content=\"2023-12-05T09:43:03+00:00\" \/>\n<meta property=\"og:image\" content=\"https:\/\/www.eldiario.net\/portal\/wp-content\/uploads\/2023\/12\/POTOSI-FOTO.jpg\" \/>\n\t<meta property=\"og:image:width\" content=\"1023\" \/>\n\t<meta property=\"og:image:height\" content=\"512\" \/>\n\t<meta property=\"og:image:type\" content=\"image\/jpeg\" \/>\n<meta name=\"author\" content=\"Jeanette\" \/>\n<meta name=\"twitter:card\" content=\"summary_large_image\" \/>\n<meta name=\"twitter:creator\" content=\"@eldiario_net\" \/>\n<meta name=\"twitter:site\" content=\"@eldiario_net\" \/>\n<meta name=\"twitter:label1\" content=\"Escrito por\" \/>\n\t<meta name=\"twitter:data1\" content=\"Jeanette\" \/>\n\t<meta name=\"twitter:label2\" content=\"Tiempo de lectura\" \/>\n\t<meta name=\"twitter:data2\" content=\"1 minuto\" \/>\n<script type=\"application\/ld+json\" class=\"yoast-schema-graph\">{\"@context\":\"https:\\\/\\\/schema.org\",\"@graph\":[{\"@type\":\"Article\",\"@id\":\"https:\\\/\\\/www.eldiario.net\\\/portal\\\/2023\\\/12\\\/05\\\/vecinos-rechazan-alza-de-pasaje-diferenciado-en-el-transporte\\\/#article\",\"isPartOf\":{\"@id\":\"https:\\\/\\\/www.eldiario.net\\\/portal\\\/2023\\\/12\\\/05\\\/vecinos-rechazan-alza-de-pasaje-diferenciado-en-el-transporte\\\/\"},\"author\":{\"name\":\"Jeanette\",\"@id\":\"https:\\\/\\\/www.eldiario.net\\\/portal\\\/#\\\/schema\\\/person\\\/2c57cf2b7a7ae032e449e4c9b1019eac\"},\"headline\":\"Vecinos rechazan alza de pasaje diferenciado en el transporte\",\"datePublished\":\"2023-12-05T09:43:03+00:00\",\"mainEntityOfPage\":{\"@id\":\"https:\\\/\\\/www.eldiario.net\\\/portal\\\/2023\\\/12\\\/05\\\/vecinos-rechazan-alza-de-pasaje-diferenciado-en-el-transporte\\\/\"},\"wordCount\":207,\"publisher\":{\"@id\":\"https:\\\/\\\/www.eldiario.net\\\/portal\\\/#organization\"},\"image\":{\"@id\":\"https:\\\/\\\/www.eldiario.net\\\/portal\\\/2023\\\/12\\\/05\\\/vecinos-rechazan-alza-de-pasaje-diferenciado-en-el-transporte\\\/#primaryimage\"},\"thumbnailUrl\":\"https:\\\/\\\/www.eldiario.net\\\/portal\\\/wp-content\\\/uploads\\\/2023\\\/12\\\/POTOSI-FOTO.jpg\",\"articleSection\":[\"Nacional\"],\"inLanguage\":\"es\"},{\"@type\":\"WebPage\",\"@id\":\"https:\\\/\\\/www.eldiario.net\\\/portal\\\/2023\\\/12\\\/05\\\/vecinos-rechazan-alza-de-pasaje-diferenciado-en-el-transporte\\\/\",\"url\":\"https:\\\/\\\/www.eldiario.net\\\/portal\\\/2023\\\/12\\\/05\\\/vecinos-rechazan-alza-de-pasaje-diferenciado-en-el-transporte\\\/\",\"name\":\"Vecinos rechazan alza de pasaje diferenciado en el transporte - El Diario - Bolivia\",\"isPartOf\":{\"@id\":\"https:\\\/\\\/www.eldiario.net\\\/portal\\\/#website\"},\"primaryImageOfPage\":{\"@id\":\"https:\\\/\\\/www.eldiario.net\\\/portal\\\/2023\\\/12\\\/05\\\/vecinos-rechazan-alza-de-pasaje-diferenciado-en-el-transporte\\\/#primaryimage\"},\"image\":{\"@id\":\"https:\\\/\\\/www.eldiario.net\\\/portal\\\/2023\\\/12\\\/05\\\/vecinos-rechazan-alza-de-pasaje-diferenciado-en-el-transporte\\\/#primaryimage\"},\"thumbnailUrl\":\"https:\\\/\\\/www.eldiario.net\\\/portal\\\/wp-content\\\/uploads\\\/2023\\\/12\\\/POTOSI-FOTO.jpg\",\"datePublished\":\"2023-12-05T09:43:03+00:00\",\"breadcrumb\":{\"@id\":\"https:\\\/\\\/www.eldiario.net\\\/portal\\\/2023\\\/12\\\/05\\\/vecinos-rechazan-alza-de-pasaje-diferenciado-en-el-transporte\\\/#breadcrumb\"},\"inLanguage\":\"es\",\"potentialAction\":[{\"@type\":\"ReadAction\",\"target\":[\"https:\\\/\\\/www.eldiario.net\\\/portal\\\/2023\\\/12\\\/05\\\/vecinos-rechazan-alza-de-pasaje-diferenciado-en-el-transporte\\\/\"]}]},{\"@type\":\"ImageObject\",\"inLanguage\":\"es\",\"@id\":\"https:\\\/\\\/www.eldiario.net\\\/portal\\\/2023\\\/12\\\/05\\\/vecinos-rechazan-alza-de-pasaje-diferenciado-en-el-transporte\\\/#primaryimage\",\"url\":\"https:\\\/\\\/www.eldiario.net\\\/portal\\\/wp-content\\\/uploads\\\/2023\\\/12\\\/POTOSI-FOTO.jpg\",\"contentUrl\":\"https:\\\/\\\/www.eldiario.net\\\/portal\\\/wp-content\\\/uploads\\\/2023\\\/12\\\/POTOSI-FOTO.jpg\",\"width\":1023,\"height\":512,\"caption\":\"UN ANTERIOR BLOQUEO DEL TRANSPORTE EN POTOS\u00cd. FOTO: RRSS\"},{\"@type\":\"BreadcrumbList\",\"@id\":\"https:\\\/\\\/www.eldiario.net\\\/portal\\\/2023\\\/12\\\/05\\\/vecinos-rechazan-alza-de-pasaje-diferenciado-en-el-transporte\\\/#breadcrumb\",\"itemListElement\":[{\"@type\":\"ListItem\",\"position\":1,\"name\":\"Portada\",\"item\":\"https:\\\/\\\/www.eldiario.net\\\/portal\\\/\"},{\"@type\":\"ListItem\",\"position\":2,\"name\":\"Vecinos rechazan alza de pasaje diferenciado en el transporte\"}]},{\"@type\":\"WebSite\",\"@id\":\"https:\\\/\\\/www.eldiario.net\\\/portal\\\/#website\",\"url\":\"https:\\\/\\\/www.eldiario.net\\\/portal\\\/\",\"name\":\"El Diario - Decano de la prensa nacional\",\"description\":\"El Diario - Decano de la prensa nacional\",\"publisher\":{\"@id\":\"https:\\\/\\\/www.eldiario.net\\\/portal\\\/#organization\"},\"potentialAction\":[{\"@type\":\"SearchAction\",\"target\":{\"@type\":\"EntryPoint\",\"urlTemplate\":\"https:\\\/\\\/www.eldiario.net\\\/portal\\\/?s={search_term_string}\"},\"query-input\":{\"@type\":\"PropertyValueSpecification\",\"valueRequired\":true,\"valueName\":\"search_term_string\"}}],\"inLanguage\":\"es\"},{\"@type\":\"Organization\",\"@id\":\"https:\\\/\\\/www.eldiario.net\\\/portal\\\/#organization\",\"name\":\"El Diario - Decano de la prensa nacional\",\"url\":\"https:\\\/\\\/www.eldiario.net\\\/portal\\\/\",\"logo\":{\"@type\":\"ImageObject\",\"inLanguage\":\"es\",\"@id\":\"https:\\\/\\\/www.eldiario.net\\\/portal\\\/#\\\/schema\\\/logo\\\/image\\\/\",\"url\":\"https:\\\/\\\/www.eldiario.net\\\/portal\\\/wp-content\\\/uploads\\\/2023\\\/07\\\/logo_ED.jpg\",\"contentUrl\":\"https:\\\/\\\/www.eldiario.net\\\/portal\\\/wp-content\\\/uploads\\\/2023\\\/07\\\/logo_ED.jpg\",\"width\":272,\"height\":52,\"caption\":\"El Diario - Decano de la prensa nacional\"},\"image\":{\"@id\":\"https:\\\/\\\/www.eldiario.net\\\/portal\\\/#\\\/schema\\\/logo\\\/image\\\/\"},\"sameAs\":[\"https:\\\/\\\/www.facebook.com\\\/eldiario.bolivia\\\/\",\"https:\\\/\\\/x.com\\\/eldiario_net\"]},{\"@type\":\"Person\",\"@id\":\"https:\\\/\\\/www.eldiario.net\\\/portal\\\/#\\\/schema\\\/person\\\/2c57cf2b7a7ae032e449e4c9b1019eac\",\"name\":\"Jeanette\",\"image\":{\"@type\":\"ImageObject\",\"inLanguage\":\"es\",\"@id\":\"https:\\\/\\\/secure.gravatar.com\\\/avatar\\\/3ea2118a5f7dad2b7138b1187a6b7ee55f160b9968b66013c3a3ef39dd7e5798?s=96&d=mm&r=g\",\"url\":\"https:\\\/\\\/secure.gravatar.com\\\/avatar\\\/3ea2118a5f7dad2b7138b1187a6b7ee55f160b9968b66013c3a3ef39dd7e5798?s=96&d=mm&r=g\",\"contentUrl\":\"https:\\\/\\\/secure.gravatar.com\\\/avatar\\\/3ea2118a5f7dad2b7138b1187a6b7ee55f160b9968b66013c3a3ef39dd7e5798?s=96&d=mm&r=g\",\"caption\":\"Jeanette\"},\"sameAs\":[\"https:\\\/\\\/www.eldiario.net\\\/portal\"],\"url\":\"https:\\\/\\\/www.eldiario.net\\\/portal\\\/author\\\/jeanette\\\/\"}]}<\/script>\n<!-- \/ Yoast SEO plugin. -->","yoast_head_json":{"title":"Vecinos rechazan alza de pasaje diferenciado en el transporte - El Diario - Bolivia","robots":{"index":"index","follow":"follow","max-snippet":"max-snippet:-1","max-image-preview":"max-image-preview:large","max-video-preview":"max-video-preview:-1"},"canonical":"https:\/\/www.eldiario.net\/portal\/2023\/12\/05\/vecinos-rechazan-alza-de-pasaje-diferenciado-en-el-transporte\/","og_locale":"es_ES","og_type":"article","og_title":"Vecinos rechazan alza de pasaje diferenciado en el transporte - El Diario - Bolivia","og_description":"Las Juntas Vecinales de Potos\u00ed rechazaron la eliminaci\u00f3n del pasaje diferenciado para adultos mayores, universitarios, normalistas y escolares. El autotransporte potosino elev\u00f3 la tarifa a Bs 1,50 para ese sector, de forma unilateral, denuncia la Alcald\u00eda, que adem\u00e1s niega una autorizaci\u00f3n. \u201cEl mi\u00e9rcoles vamos a convocar a una reuni\u00f3n y empezar\u00edamos a marchar si no [&hellip;]","og_url":"https:\/\/www.eldiario.net\/portal\/2023\/12\/05\/vecinos-rechazan-alza-de-pasaje-diferenciado-en-el-transporte\/","og_site_name":"El Diario - Bolivia","article_publisher":"https:\/\/www.facebook.com\/eldiario.bolivia\/","article_published_time":"2023-12-05T09:43:03+00:00","og_image":[{"width":1023,"height":512,"url":"https:\/\/www.eldiario.net\/portal\/wp-content\/uploads\/2023\/12\/POTOSI-FOTO.jpg","type":"image\/jpeg"}],"author":"Jeanette","twitter_card":"summary_large_image","twitter_creator":"@eldiario_net","twitter_site":"@eldiario_net","twitter_misc":{"Escrito por":"Jeanette","Tiempo de lectura":"1 minuto"},"schema":{"@context":"https:\/\/schema.org","@graph":[{"@type":"Article","@id":"https:\/\/www.eldiario.net\/portal\/2023\/12\/05\/vecinos-rechazan-alza-de-pasaje-diferenciado-en-el-transporte\/#article","isPartOf":{"@id":"https:\/\/www.eldiario.net\/portal\/2023\/12\/05\/vecinos-rechazan-alza-de-pasaje-diferenciado-en-el-transporte\/"},"author":{"name":"Jeanette","@id":"https:\/\/www.eldiario.net\/portal\/#\/schema\/person\/2c57cf2b7a7ae032e449e4c9b1019eac"},"headline":"Vecinos rechazan alza de pasaje diferenciado en el transporte","datePublished":"2023-12-05T09:43:03+00:00","mainEntityOfPage":{"@id":"https:\/\/www.eldiario.net\/portal\/2023\/12\/05\/vecinos-rechazan-alza-de-pasaje-diferenciado-en-el-transporte\/"},"wordCount":207,"publisher":{"@id":"https:\/\/www.eldiario.net\/portal\/#organization"},"image":{"@id":"https:\/\/www.eldiario.net\/portal\/2023\/12\/05\/vecinos-rechazan-alza-de-pasaje-diferenciado-en-el-transporte\/#primaryimage"},"thumbnailUrl":"https:\/\/www.eldiario.net\/portal\/wp-content\/uploads\/2023\/12\/POTOSI-FOTO.jpg","articleSection":["Nacional"],"inLanguage":"es"},{"@type":"WebPage","@id":"https:\/\/www.eldiario.net\/portal\/2023\/12\/05\/vecinos-rechazan-alza-de-pasaje-diferenciado-en-el-transporte\/","url":"https:\/\/www.eldiario.net\/portal\/2023\/12\/05\/vecinos-rechazan-alza-de-pasaje-diferenciado-en-el-transporte\/","name":"Vecinos rechazan alza de pasaje diferenciado en el transporte - El Diario - Bolivia","isPartOf":{"@id":"https:\/\/www.eldiario.net\/portal\/#website"},"primaryImageOfPage":{"@id":"https:\/\/www.eldiario.net\/portal\/2023\/12\/05\/vecinos-rechazan-alza-de-pasaje-diferenciado-en-el-transporte\/#primaryimage"},"image":{"@id":"https:\/\/www.eldiario.net\/portal\/2023\/12\/05\/vecinos-rechazan-alza-de-pasaje-diferenciado-en-el-transporte\/#primaryimage"},"thumbnailUrl":"https:\/\/www.eldiario.net\/portal\/wp-content\/uploads\/2023\/12\/POTOSI-FOTO.jpg","datePublished":"2023-12-05T09:43:03+00:00","breadcrumb":{"@id":"https:\/\/www.eldiario.net\/portal\/2023\/12\/05\/vecinos-rechazan-alza-de-pasaje-diferenciado-en-el-transporte\/#breadcrumb"},"inLanguage":"es","potentialAction":[{"@type":"ReadAction","target":["https:\/\/www.eldiario.net\/portal\/2023\/12\/05\/vecinos-rechazan-alza-de-pasaje-diferenciado-en-el-transporte\/"]}]},{"@type":"ImageObject","inLanguage":"es","@id":"https:\/\/www.eldiario.net\/portal\/2023\/12\/05\/vecinos-rechazan-alza-de-pasaje-diferenciado-en-el-transporte\/#primaryimage","url":"https:\/\/www.eldiario.net\/portal\/wp-content\/uploads\/2023\/12\/POTOSI-FOTO.jpg","contentUrl":"https:\/\/www.eldiario.net\/portal\/wp-content\/uploads\/2023\/12\/POTOSI-FOTO.jpg","width":1023,"height":512,"caption":"UN ANTERIOR BLOQUEO DEL TRANSPORTE EN POTOS\u00cd. FOTO: RRSS"},{"@type":"BreadcrumbList","@id":"https:\/\/www.eldiario.net\/portal\/2023\/12\/05\/vecinos-rechazan-alza-de-pasaje-diferenciado-en-el-transporte\/#breadcrumb","itemListElement":[{"@type":"ListItem","position":1,"name":"Portada","item":"https:\/\/www.eldiario.net\/portal\/"},{"@type":"ListItem","position":2,"name":"Vecinos rechazan alza de pasaje diferenciado en el transporte"}]},{"@type":"WebSite","@id":"https:\/\/www.eldiario.net\/portal\/#website","url":"https:\/\/www.eldiario.net\/portal\/","name":"El Diario - Decano de la prensa nacional","description":"El Diario - Decano de la prensa nacional","publisher":{"@id":"https:\/\/www.eldiario.net\/portal\/#organization"},"potentialAction":[{"@type":"SearchAction","target":{"@type":"EntryPoint","urlTemplate":"https:\/\/www.eldiario.net\/portal\/?s={search_term_string}"},"query-input":{"@type":"PropertyValueSpecification","valueRequired":true,"valueName":"search_term_string"}}],"inLanguage":"es"},{"@type":"Organization","@id":"https:\/\/www.eldiario.net\/portal\/#organization","name":"El Diario - Decano de la prensa nacional","url":"https:\/\/www.eldiario.net\/portal\/","logo":{"@type":"ImageObject","inLanguage":"es","@id":"https:\/\/www.eldiario.net\/portal\/#\/schema\/logo\/image\/","url":"https:\/\/www.eldiario.net\/portal\/wp-content\/uploads\/2023\/07\/logo_ED.jpg","contentUrl":"https:\/\/www.eldiario.net\/portal\/wp-content\/uploads\/2023\/07\/logo_ED.jpg","width":272,"height":52,"caption":"El Diario - Decano de la prensa nacional"},"image":{"@id":"https:\/\/www.eldiario.net\/portal\/#\/schema\/logo\/image\/"},"sameAs":["https:\/\/www.facebook.com\/eldiario.bolivia\/","https:\/\/x.com\/eldiario_net"]},{"@type":"Person","@id":"https:\/\/www.eldiario.net\/portal\/#\/schema\/person\/2c57cf2b7a7ae032e449e4c9b1019eac","name":"Jeanette","image":{"@type":"ImageObject","inLanguage":"es","@id":"https:\/\/secure.gravatar.com\/avatar\/3ea2118a5f7dad2b7138b1187a6b7ee55f160b9968b66013c3a3ef39dd7e5798?s=96&d=mm&r=g","url":"https:\/\/secure.gravatar.com\/avatar\/3ea2118a5f7dad2b7138b1187a6b7ee55f160b9968b66013c3a3ef39dd7e5798?s=96&d=mm&r=g","contentUrl":"https:\/\/secure.gravatar.com\/avatar\/3ea2118a5f7dad2b7138b1187a6b7ee55f160b9968b66013c3a3ef39dd7e5798?s=96&d=mm&r=g","caption":"Jeanette"},"sameAs":["https:\/\/www.eldiario.net\/portal"],"url":"https:\/\/www.eldiario.net\/portal\/author\/jeanette\/"}]}},"_links":{"self":[{"href":"https:\/\/www.eldiario.net\/portal\/wp-json\/wp\/v2\/posts\/191232","targetHints":{"allow":["GET"]}}],"collection":[{"href":"https:\/\/www.eldiario.net\/portal\/wp-json\/wp\/v2\/posts"}],"about":[{"href":"https:\/\/www.eldiario.net\/portal\/wp-json\/wp\/v2\/types\/post"}],"author":[{"embeddable":true,"href":"https:\/\/www.eldiario.net\/portal\/wp-json\/wp\/v2\/users\/1"}],"replies":[{"embeddable":true,"href":"https:\/\/www.eldiario.net\/portal\/wp-json\/wp\/v2\/comments?post=191232"}],"version-history":[{"count":0,"href":"https:\/\/www.eldiario.net\/portal\/wp-json\/wp\/v2\/posts\/191232\/revisions"}],"wp:featuredmedia":[{"embeddable":true,"href":"https:\/\/www.eldiario.net\/portal\/wp-json\/wp\/v2\/media\/191233"}],"wp:attachment":[{"href":"https:\/\/www.eldiario.net\/portal\/wp-json\/wp\/v2\/media?parent=191232"}],"wp:term":[{"taxonomy":"category","embeddable":true,"href":"https:\/\/www.eldiario.net\/portal\/wp-json\/wp\/v2\/categories?post=191232"},{"taxonomy":"post_tag","embeddable":true,"href":"https:\/\/www.eldiario.net\/portal\/wp-json\/wp\/v2\/tags?post=191232"}],"curies":[{"name":"wp","href":"https:\/\/api.w.org\/{rel}","templated":true}]}}