{"id":190794,"date":"2023-12-03T06:45:50","date_gmt":"2023-12-03T10:45:50","guid":{"rendered":"https:\/\/www.eldiario.net\/portal\/?p=190794"},"modified":"2023-12-03T06:45:50","modified_gmt":"2023-12-03T10:45:50","slug":"grupos-armados-impiden-rescate-de-heridos-en-guarayos","status":"publish","type":"post","link":"https:\/\/www.eldiario.net\/portal\/2023\/12\/03\/grupos-armados-impiden-rescate-de-heridos-en-guarayos\/","title":{"rendered":"Grupos armados impiden rescate de heridos en Guarayos"},"content":{"rendered":"<p>El m\u00e9dico de la comunidad San Pedro, C\u00e9sar Menacho, inform\u00f3 que \u201cgrupos armados\u201d en el conflicto en Guarayos, Santa Cruz, no les permitieron ingresar para rescatar a los heridos producto del enfrentamiento. Dos personas fueron auxiliadas y remitidas al hospital de Montero por su estado de salud.<br \/>\nEl m\u00e9dico relat\u00f3 que cerca de las 8:00 horas de ayer sali\u00f3 con personal de salud en direcci\u00f3n de las propiedades desde donde le informaron de enfrentamientos entre dos grupos, uno del municipio de San Pedro y otro de Pail\u00f3n.<br \/>\nEl hecho habr\u00eda sucedido en la madrugada, seg\u00fan los comunarios fueron atacados con personas armadas y que no pudieron salvaguardar a los heridos porque estos grupos tienen controlados los caminos de acceso a las propiedades.<br \/>\n\u201cAl llegar al \u00e1rea afectada encontramos a dos pacientes, uno con trauma maxilar y trauma abdominal, y otro, ten\u00eda perdigones en la espalda y en la pierna\u201d, declar\u00f3 Menacho a la red Unitel. Ambos fueron evacuados, pero trasladados a Montero porque el estado de la persona que ten\u00eda el trauma maxilar era muy delicado.<br \/>\nManifest\u00f3 que aparentemente existen muchos m\u00e1s heridos, incluso mujeres, pero que las personas armadas en el lugar nos les permitieron avanzar para auxiliar a los otros heridos. \u201cQuisimos entrar a recoger a m\u00e1s heridos, pero no nos permitieron los grupos armados\u201d, cont\u00f3.<br \/>\n\u201cNos dijeron \u2018hasta aqu\u00ed nomas\u2019\u201d, sostuvo el galeno, al se\u00f1alar que la persona herida en la parte maxilar probablemente fue golpeada con la cacha de un arma.<br \/>\nNo es la primera vez que se generan estos enfrentamientos en esa regi\u00f3n, todo por la posesi\u00f3n de tierras.<br \/>\nUn comunario dijo que tienen a personas desaparecidas, incluso algunos dirigentes. Pidi\u00f3 a la Polic\u00eda que intervenga.<br \/>\n\u201cSon varios, extra\u00f1amente como regional Guarayos hemos sido sorprendidos por parte de los hermanos interculturales\u201d, indic\u00f3 un comunario que pertenece a la Federaci\u00f3n \u00danica de Trabajadores Campesinos, quien se\u00f1al\u00f3 que los atacantes ser\u00edan de los interculturales de San Juli\u00e1n. (ANF)<\/p>\n","protected":false},"excerpt":{"rendered":"<p>El m\u00e9dico de la comunidad San Pedro, C\u00e9sar Menacho, inform\u00f3 que \u201cgrupos armados\u201d en el conflicto en Guarayos, Santa Cruz, no les permitieron ingresar para rescatar a los heridos producto del enfrentamiento. Dos personas fueron auxiliadas y remitidas al hospital de Montero por su estado de salud. El m\u00e9dico relat\u00f3 que cerca de las 8:00 [&hellip;]<\/p>\n","protected":false},"author":1,"featured_media":190795,"comment_status":"closed","ping_status":"open","sticky":false,"template":"","format":"standard","meta":{"_acf_changed":false,"footnotes":""},"categories":[12],"tags":[],"class_list":["post-190794","post","type-post","status-publish","format-standard","has-post-thumbnail","category-nacional"],"acf":{"antetitulo":""},"yoast_head":"<!-- This site is optimized with the Yoast SEO plugin v28.3 - https:\/\/yoast.com\/product\/yoast-seo-wordpress\/ -->\n<title>Grupos armados impiden rescate de heridos en Guarayos - El Diario - Bolivia<\/title>\n<meta name=\"robots\" content=\"index, follow, max-snippet:-1, max-image-preview:large, max-video-preview:-1\" \/>\n<link rel=\"canonical\" href=\"https:\/\/www.eldiario.net\/portal\/2023\/12\/03\/grupos-armados-impiden-rescate-de-heridos-en-guarayos\/\" \/>\n<meta property=\"og:locale\" content=\"es_ES\" \/>\n<meta property=\"og:type\" content=\"article\" \/>\n<meta property=\"og:title\" content=\"Grupos armados impiden rescate de heridos en Guarayos - El Diario - Bolivia\" \/>\n<meta property=\"og:description\" content=\"El m\u00e9dico de la comunidad San Pedro, C\u00e9sar Menacho, inform\u00f3 que \u201cgrupos armados\u201d en el conflicto en Guarayos, Santa Cruz, no les permitieron ingresar para rescatar a los heridos producto del enfrentamiento. Dos personas fueron auxiliadas y remitidas al hospital de Montero por su estado de salud. El m\u00e9dico relat\u00f3 que cerca de las 8:00 [&hellip;]\" \/>\n<meta property=\"og:url\" content=\"https:\/\/www.eldiario.net\/portal\/2023\/12\/03\/grupos-armados-impiden-rescate-de-heridos-en-guarayos\/\" \/>\n<meta property=\"og:site_name\" content=\"El Diario - Bolivia\" \/>\n<meta property=\"article:publisher\" content=\"https:\/\/www.facebook.com\/eldiario.bolivia\/\" \/>\n<meta property=\"article:published_time\" content=\"2023-12-03T10:45:50+00:00\" \/>\n<meta property=\"og:image\" content=\"https:\/\/www.eldiario.net\/portal\/wp-content\/uploads\/2023\/12\/10-NALCOLOR-1.jpg\" \/>\n\t<meta property=\"og:image:width\" content=\"1024\" \/>\n\t<meta property=\"og:image:height\" content=\"512\" \/>\n\t<meta property=\"og:image:type\" content=\"image\/jpeg\" \/>\n<meta name=\"author\" content=\"Jeanette\" \/>\n<meta name=\"twitter:card\" content=\"summary_large_image\" \/>\n<meta name=\"twitter:creator\" content=\"@eldiario_net\" \/>\n<meta name=\"twitter:site\" content=\"@eldiario_net\" \/>\n<meta name=\"twitter:label1\" content=\"Escrito por\" \/>\n\t<meta name=\"twitter:data1\" content=\"Jeanette\" \/>\n\t<meta name=\"twitter:label2\" content=\"Tiempo de lectura\" \/>\n\t<meta name=\"twitter:data2\" content=\"2 minutos\" \/>\n<script type=\"application\/ld+json\" class=\"yoast-schema-graph\">{\"@context\":\"https:\\\/\\\/schema.org\",\"@graph\":[{\"@type\":\"Article\",\"@id\":\"https:\\\/\\\/www.eldiario.net\\\/portal\\\/2023\\\/12\\\/03\\\/grupos-armados-impiden-rescate-de-heridos-en-guarayos\\\/#article\",\"isPartOf\":{\"@id\":\"https:\\\/\\\/www.eldiario.net\\\/portal\\\/2023\\\/12\\\/03\\\/grupos-armados-impiden-rescate-de-heridos-en-guarayos\\\/\"},\"author\":{\"name\":\"Jeanette\",\"@id\":\"https:\\\/\\\/www.eldiario.net\\\/portal\\\/#\\\/schema\\\/person\\\/f46445640444750d7d753ccd04ae01b7\"},\"headline\":\"Grupos armados impiden rescate de heridos en Guarayos\",\"datePublished\":\"2023-12-03T10:45:50+00:00\",\"mainEntityOfPage\":{\"@id\":\"https:\\\/\\\/www.eldiario.net\\\/portal\\\/2023\\\/12\\\/03\\\/grupos-armados-impiden-rescate-de-heridos-en-guarayos\\\/\"},\"wordCount\":348,\"publisher\":{\"@id\":\"https:\\\/\\\/www.eldiario.net\\\/portal\\\/#organization\"},\"image\":{\"@id\":\"https:\\\/\\\/www.eldiario.net\\\/portal\\\/2023\\\/12\\\/03\\\/grupos-armados-impiden-rescate-de-heridos-en-guarayos\\\/#primaryimage\"},\"thumbnailUrl\":\"https:\\\/\\\/www.eldiario.net\\\/portal\\\/wp-content\\\/uploads\\\/2023\\\/12\\\/10-NALCOLOR-1.jpg\",\"articleSection\":[\"Nacional\"],\"inLanguage\":\"es\"},{\"@type\":\"WebPage\",\"@id\":\"https:\\\/\\\/www.eldiario.net\\\/portal\\\/2023\\\/12\\\/03\\\/grupos-armados-impiden-rescate-de-heridos-en-guarayos\\\/\",\"url\":\"https:\\\/\\\/www.eldiario.net\\\/portal\\\/2023\\\/12\\\/03\\\/grupos-armados-impiden-rescate-de-heridos-en-guarayos\\\/\",\"name\":\"Grupos armados impiden rescate de heridos en Guarayos - El Diario - Bolivia\",\"isPartOf\":{\"@id\":\"https:\\\/\\\/www.eldiario.net\\\/portal\\\/#website\"},\"primaryImageOfPage\":{\"@id\":\"https:\\\/\\\/www.eldiario.net\\\/portal\\\/2023\\\/12\\\/03\\\/grupos-armados-impiden-rescate-de-heridos-en-guarayos\\\/#primaryimage\"},\"image\":{\"@id\":\"https:\\\/\\\/www.eldiario.net\\\/portal\\\/2023\\\/12\\\/03\\\/grupos-armados-impiden-rescate-de-heridos-en-guarayos\\\/#primaryimage\"},\"thumbnailUrl\":\"https:\\\/\\\/www.eldiario.net\\\/portal\\\/wp-content\\\/uploads\\\/2023\\\/12\\\/10-NALCOLOR-1.jpg\",\"datePublished\":\"2023-12-03T10:45:50+00:00\",\"breadcrumb\":{\"@id\":\"https:\\\/\\\/www.eldiario.net\\\/portal\\\/2023\\\/12\\\/03\\\/grupos-armados-impiden-rescate-de-heridos-en-guarayos\\\/#breadcrumb\"},\"inLanguage\":\"es\",\"potentialAction\":[{\"@type\":\"ReadAction\",\"target\":[\"https:\\\/\\\/www.eldiario.net\\\/portal\\\/2023\\\/12\\\/03\\\/grupos-armados-impiden-rescate-de-heridos-en-guarayos\\\/\"]}]},{\"@type\":\"ImageObject\",\"inLanguage\":\"es\",\"@id\":\"https:\\\/\\\/www.eldiario.net\\\/portal\\\/2023\\\/12\\\/03\\\/grupos-armados-impiden-rescate-de-heridos-en-guarayos\\\/#primaryimage\",\"url\":\"https:\\\/\\\/www.eldiario.net\\\/portal\\\/wp-content\\\/uploads\\\/2023\\\/12\\\/10-NALCOLOR-1.jpg\",\"contentUrl\":\"https:\\\/\\\/www.eldiario.net\\\/portal\\\/wp-content\\\/uploads\\\/2023\\\/12\\\/10-NALCOLOR-1.jpg\",\"width\":1024,\"height\":512,\"caption\":\"Vuelve el conflicto en Guarayos, Santa Cruz.\"},{\"@type\":\"BreadcrumbList\",\"@id\":\"https:\\\/\\\/www.eldiario.net\\\/portal\\\/2023\\\/12\\\/03\\\/grupos-armados-impiden-rescate-de-heridos-en-guarayos\\\/#breadcrumb\",\"itemListElement\":[{\"@type\":\"ListItem\",\"position\":1,\"name\":\"Portada\",\"item\":\"https:\\\/\\\/www.eldiario.net\\\/portal\\\/\"},{\"@type\":\"ListItem\",\"position\":2,\"name\":\"Grupos armados impiden rescate de heridos en Guarayos\"}]},{\"@type\":\"WebSite\",\"@id\":\"https:\\\/\\\/www.eldiario.net\\\/portal\\\/#website\",\"url\":\"https:\\\/\\\/www.eldiario.net\\\/portal\\\/\",\"name\":\"El Diario - Decano de la prensa nacional\",\"description\":\"El Diario - Decano de la prensa nacional\",\"publisher\":{\"@id\":\"https:\\\/\\\/www.eldiario.net\\\/portal\\\/#organization\"},\"potentialAction\":[{\"@type\":\"SearchAction\",\"target\":{\"@type\":\"EntryPoint\",\"urlTemplate\":\"https:\\\/\\\/www.eldiario.net\\\/portal\\\/?s={search_term_string}\"},\"query-input\":{\"@type\":\"PropertyValueSpecification\",\"valueRequired\":true,\"valueName\":\"search_term_string\"}}],\"inLanguage\":\"es\"},{\"@type\":\"Organization\",\"@id\":\"https:\\\/\\\/www.eldiario.net\\\/portal\\\/#organization\",\"name\":\"El Diario - Decano de la prensa nacional\",\"url\":\"https:\\\/\\\/www.eldiario.net\\\/portal\\\/\",\"logo\":{\"@type\":\"ImageObject\",\"inLanguage\":\"es\",\"@id\":\"https:\\\/\\\/www.eldiario.net\\\/portal\\\/#\\\/schema\\\/logo\\\/image\\\/\",\"url\":\"https:\\\/\\\/www.eldiario.net\\\/portal\\\/wp-content\\\/uploads\\\/2023\\\/07\\\/logo_ED.jpg\",\"contentUrl\":\"https:\\\/\\\/www.eldiario.net\\\/portal\\\/wp-content\\\/uploads\\\/2023\\\/07\\\/logo_ED.jpg\",\"width\":272,\"height\":52,\"caption\":\"El Diario - Decano de la prensa nacional\"},\"image\":{\"@id\":\"https:\\\/\\\/www.eldiario.net\\\/portal\\\/#\\\/schema\\\/logo\\\/image\\\/\"},\"sameAs\":[\"https:\\\/\\\/www.facebook.com\\\/eldiario.bolivia\\\/\",\"https:\\\/\\\/x.com\\\/eldiario_net\"]},{\"@type\":\"Person\",\"@id\":\"https:\\\/\\\/www.eldiario.net\\\/portal\\\/#\\\/schema\\\/person\\\/f46445640444750d7d753ccd04ae01b7\",\"name\":\"Jeanette\",\"image\":{\"@type\":\"ImageObject\",\"inLanguage\":\"es\",\"@id\":\"https:\\\/\\\/secure.gravatar.com\\\/avatar\\\/3ea2118a5f7dad2b7138b1187a6b7ee55f160b9968b66013c3a3ef39dd7e5798?s=96&d=mm&r=g\",\"url\":\"https:\\\/\\\/secure.gravatar.com\\\/avatar\\\/3ea2118a5f7dad2b7138b1187a6b7ee55f160b9968b66013c3a3ef39dd7e5798?s=96&d=mm&r=g\",\"contentUrl\":\"https:\\\/\\\/secure.gravatar.com\\\/avatar\\\/3ea2118a5f7dad2b7138b1187a6b7ee55f160b9968b66013c3a3ef39dd7e5798?s=96&d=mm&r=g\",\"caption\":\"Jeanette\"},\"sameAs\":[\"https:\\\/\\\/www.eldiario.net\\\/portal\"],\"url\":\"https:\\\/\\\/www.eldiario.net\\\/portal\\\/author\\\/jeanette\\\/\"}]}<\/script>\n<!-- \/ Yoast SEO plugin. -->","yoast_head_json":{"title":"Grupos armados impiden rescate de heridos en Guarayos - El Diario - Bolivia","robots":{"index":"index","follow":"follow","max-snippet":"max-snippet:-1","max-image-preview":"max-image-preview:large","max-video-preview":"max-video-preview:-1"},"canonical":"https:\/\/www.eldiario.net\/portal\/2023\/12\/03\/grupos-armados-impiden-rescate-de-heridos-en-guarayos\/","og_locale":"es_ES","og_type":"article","og_title":"Grupos armados impiden rescate de heridos en Guarayos - El Diario - Bolivia","og_description":"El m\u00e9dico de la comunidad San Pedro, C\u00e9sar Menacho, inform\u00f3 que \u201cgrupos armados\u201d en el conflicto en Guarayos, Santa Cruz, no les permitieron ingresar para rescatar a los heridos producto del enfrentamiento. Dos personas fueron auxiliadas y remitidas al hospital de Montero por su estado de salud. El m\u00e9dico relat\u00f3 que cerca de las 8:00 [&hellip;]","og_url":"https:\/\/www.eldiario.net\/portal\/2023\/12\/03\/grupos-armados-impiden-rescate-de-heridos-en-guarayos\/","og_site_name":"El Diario - Bolivia","article_publisher":"https:\/\/www.facebook.com\/eldiario.bolivia\/","article_published_time":"2023-12-03T10:45:50+00:00","og_image":[{"width":1024,"height":512,"url":"https:\/\/www.eldiario.net\/portal\/wp-content\/uploads\/2023\/12\/10-NALCOLOR-1.jpg","type":"image\/jpeg"}],"author":"Jeanette","twitter_card":"summary_large_image","twitter_creator":"@eldiario_net","twitter_site":"@eldiario_net","twitter_misc":{"Escrito por":"Jeanette","Tiempo de lectura":"2 minutos"},"schema":{"@context":"https:\/\/schema.org","@graph":[{"@type":"Article","@id":"https:\/\/www.eldiario.net\/portal\/2023\/12\/03\/grupos-armados-impiden-rescate-de-heridos-en-guarayos\/#article","isPartOf":{"@id":"https:\/\/www.eldiario.net\/portal\/2023\/12\/03\/grupos-armados-impiden-rescate-de-heridos-en-guarayos\/"},"author":{"name":"Jeanette","@id":"https:\/\/www.eldiario.net\/portal\/#\/schema\/person\/f46445640444750d7d753ccd04ae01b7"},"headline":"Grupos armados impiden rescate de heridos en Guarayos","datePublished":"2023-12-03T10:45:50+00:00","mainEntityOfPage":{"@id":"https:\/\/www.eldiario.net\/portal\/2023\/12\/03\/grupos-armados-impiden-rescate-de-heridos-en-guarayos\/"},"wordCount":348,"publisher":{"@id":"https:\/\/www.eldiario.net\/portal\/#organization"},"image":{"@id":"https:\/\/www.eldiario.net\/portal\/2023\/12\/03\/grupos-armados-impiden-rescate-de-heridos-en-guarayos\/#primaryimage"},"thumbnailUrl":"https:\/\/www.eldiario.net\/portal\/wp-content\/uploads\/2023\/12\/10-NALCOLOR-1.jpg","articleSection":["Nacional"],"inLanguage":"es"},{"@type":"WebPage","@id":"https:\/\/www.eldiario.net\/portal\/2023\/12\/03\/grupos-armados-impiden-rescate-de-heridos-en-guarayos\/","url":"https:\/\/www.eldiario.net\/portal\/2023\/12\/03\/grupos-armados-impiden-rescate-de-heridos-en-guarayos\/","name":"Grupos armados impiden rescate de heridos en Guarayos - El Diario - Bolivia","isPartOf":{"@id":"https:\/\/www.eldiario.net\/portal\/#website"},"primaryImageOfPage":{"@id":"https:\/\/www.eldiario.net\/portal\/2023\/12\/03\/grupos-armados-impiden-rescate-de-heridos-en-guarayos\/#primaryimage"},"image":{"@id":"https:\/\/www.eldiario.net\/portal\/2023\/12\/03\/grupos-armados-impiden-rescate-de-heridos-en-guarayos\/#primaryimage"},"thumbnailUrl":"https:\/\/www.eldiario.net\/portal\/wp-content\/uploads\/2023\/12\/10-NALCOLOR-1.jpg","datePublished":"2023-12-03T10:45:50+00:00","breadcrumb":{"@id":"https:\/\/www.eldiario.net\/portal\/2023\/12\/03\/grupos-armados-impiden-rescate-de-heridos-en-guarayos\/#breadcrumb"},"inLanguage":"es","potentialAction":[{"@type":"ReadAction","target":["https:\/\/www.eldiario.net\/portal\/2023\/12\/03\/grupos-armados-impiden-rescate-de-heridos-en-guarayos\/"]}]},{"@type":"ImageObject","inLanguage":"es","@id":"https:\/\/www.eldiario.net\/portal\/2023\/12\/03\/grupos-armados-impiden-rescate-de-heridos-en-guarayos\/#primaryimage","url":"https:\/\/www.eldiario.net\/portal\/wp-content\/uploads\/2023\/12\/10-NALCOLOR-1.jpg","contentUrl":"https:\/\/www.eldiario.net\/portal\/wp-content\/uploads\/2023\/12\/10-NALCOLOR-1.jpg","width":1024,"height":512,"caption":"Vuelve el conflicto en Guarayos, Santa Cruz."},{"@type":"BreadcrumbList","@id":"https:\/\/www.eldiario.net\/portal\/2023\/12\/03\/grupos-armados-impiden-rescate-de-heridos-en-guarayos\/#breadcrumb","itemListElement":[{"@type":"ListItem","position":1,"name":"Portada","item":"https:\/\/www.eldiario.net\/portal\/"},{"@type":"ListItem","position":2,"name":"Grupos armados impiden rescate de heridos en Guarayos"}]},{"@type":"WebSite","@id":"https:\/\/www.eldiario.net\/portal\/#website","url":"https:\/\/www.eldiario.net\/portal\/","name":"El Diario - Decano de la prensa nacional","description":"El Diario - Decano de la prensa nacional","publisher":{"@id":"https:\/\/www.eldiario.net\/portal\/#organization"},"potentialAction":[{"@type":"SearchAction","target":{"@type":"EntryPoint","urlTemplate":"https:\/\/www.eldiario.net\/portal\/?s={search_term_string}"},"query-input":{"@type":"PropertyValueSpecification","valueRequired":true,"valueName":"search_term_string"}}],"inLanguage":"es"},{"@type":"Organization","@id":"https:\/\/www.eldiario.net\/portal\/#organization","name":"El Diario - Decano de la prensa nacional","url":"https:\/\/www.eldiario.net\/portal\/","logo":{"@type":"ImageObject","inLanguage":"es","@id":"https:\/\/www.eldiario.net\/portal\/#\/schema\/logo\/image\/","url":"https:\/\/www.eldiario.net\/portal\/wp-content\/uploads\/2023\/07\/logo_ED.jpg","contentUrl":"https:\/\/www.eldiario.net\/portal\/wp-content\/uploads\/2023\/07\/logo_ED.jpg","width":272,"height":52,"caption":"El Diario - Decano de la prensa nacional"},"image":{"@id":"https:\/\/www.eldiario.net\/portal\/#\/schema\/logo\/image\/"},"sameAs":["https:\/\/www.facebook.com\/eldiario.bolivia\/","https:\/\/x.com\/eldiario_net"]},{"@type":"Person","@id":"https:\/\/www.eldiario.net\/portal\/#\/schema\/person\/f46445640444750d7d753ccd04ae01b7","name":"Jeanette","image":{"@type":"ImageObject","inLanguage":"es","@id":"https:\/\/secure.gravatar.com\/avatar\/3ea2118a5f7dad2b7138b1187a6b7ee55f160b9968b66013c3a3ef39dd7e5798?s=96&d=mm&r=g","url":"https:\/\/secure.gravatar.com\/avatar\/3ea2118a5f7dad2b7138b1187a6b7ee55f160b9968b66013c3a3ef39dd7e5798?s=96&d=mm&r=g","contentUrl":"https:\/\/secure.gravatar.com\/avatar\/3ea2118a5f7dad2b7138b1187a6b7ee55f160b9968b66013c3a3ef39dd7e5798?s=96&d=mm&r=g","caption":"Jeanette"},"sameAs":["https:\/\/www.eldiario.net\/portal"],"url":"https:\/\/www.eldiario.net\/portal\/author\/jeanette\/"}]}},"_links":{"self":[{"href":"https:\/\/www.eldiario.net\/portal\/wp-json\/wp\/v2\/posts\/190794","targetHints":{"allow":["GET"]}}],"collection":[{"href":"https:\/\/www.eldiario.net\/portal\/wp-json\/wp\/v2\/posts"}],"about":[{"href":"https:\/\/www.eldiario.net\/portal\/wp-json\/wp\/v2\/types\/post"}],"author":[{"embeddable":true,"href":"https:\/\/www.eldiario.net\/portal\/wp-json\/wp\/v2\/users\/1"}],"replies":[{"embeddable":true,"href":"https:\/\/www.eldiario.net\/portal\/wp-json\/wp\/v2\/comments?post=190794"}],"version-history":[{"count":0,"href":"https:\/\/www.eldiario.net\/portal\/wp-json\/wp\/v2\/posts\/190794\/revisions"}],"wp:featuredmedia":[{"embeddable":true,"href":"https:\/\/www.eldiario.net\/portal\/wp-json\/wp\/v2\/media\/190795"}],"wp:attachment":[{"href":"https:\/\/www.eldiario.net\/portal\/wp-json\/wp\/v2\/media?parent=190794"}],"wp:term":[{"taxonomy":"category","embeddable":true,"href":"https:\/\/www.eldiario.net\/portal\/wp-json\/wp\/v2\/categories?post=190794"},{"taxonomy":"post_tag","embeddable":true,"href":"https:\/\/www.eldiario.net\/portal\/wp-json\/wp\/v2\/tags?post=190794"}],"curies":[{"name":"wp","href":"https:\/\/api.w.org\/{rel}","templated":true}]}}