{"id":190791,"date":"2023-12-03T06:45:02","date_gmt":"2023-12-03T10:45:02","guid":{"rendered":"https:\/\/www.eldiario.net\/portal\/?p=190791"},"modified":"2023-12-03T06:45:02","modified_gmt":"2023-12-03T10:45:02","slug":"frutas-y-verduras-corren-riesgo-de-descomposicion","status":"publish","type":"post","link":"https:\/\/www.eldiario.net\/portal\/2023\/12\/03\/frutas-y-verduras-corren-riesgo-de-descomposicion\/","title":{"rendered":"Frutas y verduras corren  riesgo de descomposici\u00f3n"},"content":{"rendered":"<p>El segundo d\u00eda de bloqueo de parte del transporte libre del Tr\u00f3pico de Cochabamba, se registr\u00f3 ayer. La fruta y verdura que se encuentran en camiones corren el riesgo de entrar en estado de descomposici\u00f3n, debido al calor que existe en la zona.<br \/>\nLos bloqueadores cortan la carretera nueva que une el occidente y el oriente del pa\u00eds, la presi\u00f3n provoc\u00f3 que se forme una gran caravana de veh\u00edculos tanto del transporte pesado como liviano, los cuales esperan desde el viernes poder pasar.<br \/>\nEntre los veh\u00edculos varados se encuentran camiones cargados de diferentes productos, los cuales pueden perderse debido a las altas temperaturas que se registran en la zona.<br \/>\nProductos como frutas y verduras, son los que m\u00e1s corren riesgo de da\u00f1arse, por lo que estos deben entregarse en un respectivo tiempo, por lo que los transportistas piden a las autoridades que puedan hallar una soluci\u00f3n al conflicto.<br \/>\n\u201cEstoy llevando verdura a Yapacan\u00ed y all\u00e1 tengo que cargar tambi\u00e9n, el bloqueo est\u00e1 perjudicando, los gobernantes tienen que arreglar\u201d, manifest\u00f3 un transportista.<br \/>\nSolo en uno de los camiones se transportaba 60 gangochos de cebolla y papa el cual es un equivalente a m\u00e1s de Bs 10 mil, capital que puede perderse si la medida no se levanta en las pr\u00f3ximas horas.<br \/>\n\u201cNosotros estamos aqu\u00ed desde la tarde del viernes (ayer), estamos con la verdura y \u00e9sta se da\u00f1a, queremos que nuestras autoridades arreglen los asuntos que piden nuestros compa\u00f1eros\u201d, indic\u00f3 una productora.<br \/>\nLos transportistas del Tr\u00f3pico iniciaron el bloqueo exigiendo el mantenimiento de las carreteras, por lo que denunciaron incumplimiento de parte del Gobierno y la Administradora Boliviana de Carretera (ABC).<br \/>\nLa noche del viernes, el Gobierno invit\u00f3 a una mesa de di\u00e1logo al sector para escuchar sus reclamos sobre los trabajos de conservaci\u00f3n vial, sin embargo, los transportistas no se presentaron, por lo que la medida persiste.<br \/>\nPor su parte, los empresarios de Cochabamba denunciaron que los bloqueos causan p\u00e9rdidas de al menos Bs 40 millones. (Cochabamba, agencias)<\/p>\n","protected":false},"excerpt":{"rendered":"<p>El segundo d\u00eda de bloqueo de parte del transporte libre del Tr\u00f3pico de Cochabamba, se registr\u00f3 ayer. La fruta y verdura que se encuentran en camiones corren el riesgo de entrar en estado de descomposici\u00f3n, debido al calor que existe en la zona. Los bloqueadores cortan la carretera nueva que une el occidente y el [&hellip;]<\/p>\n","protected":false},"author":1,"featured_media":190792,"comment_status":"closed","ping_status":"open","sticky":false,"template":"","format":"standard","meta":{"_acf_changed":false,"footnotes":""},"categories":[12],"tags":[],"class_list":["post-190791","post","type-post","status-publish","format-standard","has-post-thumbnail","category-nacional"],"acf":{"antetitulo":""},"yoast_head":"<!-- This site is optimized with the Yoast SEO plugin v28.3 - https:\/\/yoast.com\/product\/yoast-seo-wordpress\/ -->\n<title>Frutas y verduras corren riesgo de descomposici\u00f3n - El Diario - Bolivia<\/title>\n<meta name=\"robots\" content=\"index, follow, max-snippet:-1, max-image-preview:large, max-video-preview:-1\" \/>\n<link rel=\"canonical\" href=\"https:\/\/www.eldiario.net\/portal\/2023\/12\/03\/frutas-y-verduras-corren-riesgo-de-descomposicion\/\" \/>\n<meta property=\"og:locale\" content=\"es_ES\" \/>\n<meta property=\"og:type\" content=\"article\" \/>\n<meta property=\"og:title\" content=\"Frutas y verduras corren riesgo de descomposici\u00f3n - El Diario - Bolivia\" \/>\n<meta property=\"og:description\" content=\"El segundo d\u00eda de bloqueo de parte del transporte libre del Tr\u00f3pico de Cochabamba, se registr\u00f3 ayer. La fruta y verdura que se encuentran en camiones corren el riesgo de entrar en estado de descomposici\u00f3n, debido al calor que existe en la zona. Los bloqueadores cortan la carretera nueva que une el occidente y el [&hellip;]\" \/>\n<meta property=\"og:url\" content=\"https:\/\/www.eldiario.net\/portal\/2023\/12\/03\/frutas-y-verduras-corren-riesgo-de-descomposicion\/\" \/>\n<meta property=\"og:site_name\" content=\"El Diario - Bolivia\" \/>\n<meta property=\"article:publisher\" content=\"https:\/\/www.facebook.com\/eldiario.bolivia\/\" \/>\n<meta property=\"article:published_time\" content=\"2023-12-03T10:45:02+00:00\" \/>\n<meta property=\"og:image\" content=\"https:\/\/www.eldiario.net\/portal\/wp-content\/uploads\/2023\/12\/11-NALCOLOR.jpg\" \/>\n\t<meta property=\"og:image:width\" content=\"1024\" \/>\n\t<meta property=\"og:image:height\" content=\"512\" \/>\n\t<meta property=\"og:image:type\" content=\"image\/jpeg\" \/>\n<meta name=\"author\" content=\"Jeanette\" \/>\n<meta name=\"twitter:card\" content=\"summary_large_image\" \/>\n<meta name=\"twitter:creator\" content=\"@eldiario_net\" \/>\n<meta name=\"twitter:site\" content=\"@eldiario_net\" \/>\n<meta name=\"twitter:label1\" content=\"Escrito por\" \/>\n\t<meta name=\"twitter:data1\" content=\"Jeanette\" \/>\n\t<meta name=\"twitter:label2\" content=\"Tiempo de lectura\" \/>\n\t<meta name=\"twitter:data2\" content=\"2 minutos\" \/>\n<script type=\"application\/ld+json\" class=\"yoast-schema-graph\">{\"@context\":\"https:\\\/\\\/schema.org\",\"@graph\":[{\"@type\":\"Article\",\"@id\":\"https:\\\/\\\/www.eldiario.net\\\/portal\\\/2023\\\/12\\\/03\\\/frutas-y-verduras-corren-riesgo-de-descomposicion\\\/#article\",\"isPartOf\":{\"@id\":\"https:\\\/\\\/www.eldiario.net\\\/portal\\\/2023\\\/12\\\/03\\\/frutas-y-verduras-corren-riesgo-de-descomposicion\\\/\"},\"author\":{\"name\":\"Jeanette\",\"@id\":\"https:\\\/\\\/www.eldiario.net\\\/portal\\\/#\\\/schema\\\/person\\\/f46445640444750d7d753ccd04ae01b7\"},\"headline\":\"Frutas y verduras corren riesgo de descomposici\u00f3n\",\"datePublished\":\"2023-12-03T10:45:02+00:00\",\"mainEntityOfPage\":{\"@id\":\"https:\\\/\\\/www.eldiario.net\\\/portal\\\/2023\\\/12\\\/03\\\/frutas-y-verduras-corren-riesgo-de-descomposicion\\\/\"},\"wordCount\":352,\"publisher\":{\"@id\":\"https:\\\/\\\/www.eldiario.net\\\/portal\\\/#organization\"},\"image\":{\"@id\":\"https:\\\/\\\/www.eldiario.net\\\/portal\\\/2023\\\/12\\\/03\\\/frutas-y-verduras-corren-riesgo-de-descomposicion\\\/#primaryimage\"},\"thumbnailUrl\":\"https:\\\/\\\/www.eldiario.net\\\/portal\\\/wp-content\\\/uploads\\\/2023\\\/12\\\/11-NALCOLOR.jpg\",\"articleSection\":[\"Nacional\"],\"inLanguage\":\"es\"},{\"@type\":\"WebPage\",\"@id\":\"https:\\\/\\\/www.eldiario.net\\\/portal\\\/2023\\\/12\\\/03\\\/frutas-y-verduras-corren-riesgo-de-descomposicion\\\/\",\"url\":\"https:\\\/\\\/www.eldiario.net\\\/portal\\\/2023\\\/12\\\/03\\\/frutas-y-verduras-corren-riesgo-de-descomposicion\\\/\",\"name\":\"Frutas y verduras corren riesgo de descomposici\u00f3n - El Diario - Bolivia\",\"isPartOf\":{\"@id\":\"https:\\\/\\\/www.eldiario.net\\\/portal\\\/#website\"},\"primaryImageOfPage\":{\"@id\":\"https:\\\/\\\/www.eldiario.net\\\/portal\\\/2023\\\/12\\\/03\\\/frutas-y-verduras-corren-riesgo-de-descomposicion\\\/#primaryimage\"},\"image\":{\"@id\":\"https:\\\/\\\/www.eldiario.net\\\/portal\\\/2023\\\/12\\\/03\\\/frutas-y-verduras-corren-riesgo-de-descomposicion\\\/#primaryimage\"},\"thumbnailUrl\":\"https:\\\/\\\/www.eldiario.net\\\/portal\\\/wp-content\\\/uploads\\\/2023\\\/12\\\/11-NALCOLOR.jpg\",\"datePublished\":\"2023-12-03T10:45:02+00:00\",\"breadcrumb\":{\"@id\":\"https:\\\/\\\/www.eldiario.net\\\/portal\\\/2023\\\/12\\\/03\\\/frutas-y-verduras-corren-riesgo-de-descomposicion\\\/#breadcrumb\"},\"inLanguage\":\"es\",\"potentialAction\":[{\"@type\":\"ReadAction\",\"target\":[\"https:\\\/\\\/www.eldiario.net\\\/portal\\\/2023\\\/12\\\/03\\\/frutas-y-verduras-corren-riesgo-de-descomposicion\\\/\"]}]},{\"@type\":\"ImageObject\",\"inLanguage\":\"es\",\"@id\":\"https:\\\/\\\/www.eldiario.net\\\/portal\\\/2023\\\/12\\\/03\\\/frutas-y-verduras-corren-riesgo-de-descomposicion\\\/#primaryimage\",\"url\":\"https:\\\/\\\/www.eldiario.net\\\/portal\\\/wp-content\\\/uploads\\\/2023\\\/12\\\/11-NALCOLOR.jpg\",\"contentUrl\":\"https:\\\/\\\/www.eldiario.net\\\/portal\\\/wp-content\\\/uploads\\\/2023\\\/12\\\/11-NALCOLOR.jpg\",\"width\":1024,\"height\":512,\"caption\":\"Cargas de cebollas que corren el riesgo de no estar aptas para el consumo debido al intenso calor.\"},{\"@type\":\"BreadcrumbList\",\"@id\":\"https:\\\/\\\/www.eldiario.net\\\/portal\\\/2023\\\/12\\\/03\\\/frutas-y-verduras-corren-riesgo-de-descomposicion\\\/#breadcrumb\",\"itemListElement\":[{\"@type\":\"ListItem\",\"position\":1,\"name\":\"Portada\",\"item\":\"https:\\\/\\\/www.eldiario.net\\\/portal\\\/\"},{\"@type\":\"ListItem\",\"position\":2,\"name\":\"Frutas y verduras corren riesgo de descomposici\u00f3n\"}]},{\"@type\":\"WebSite\",\"@id\":\"https:\\\/\\\/www.eldiario.net\\\/portal\\\/#website\",\"url\":\"https:\\\/\\\/www.eldiario.net\\\/portal\\\/\",\"name\":\"El Diario - Decano de la prensa nacional\",\"description\":\"El Diario - Decano de la prensa nacional\",\"publisher\":{\"@id\":\"https:\\\/\\\/www.eldiario.net\\\/portal\\\/#organization\"},\"potentialAction\":[{\"@type\":\"SearchAction\",\"target\":{\"@type\":\"EntryPoint\",\"urlTemplate\":\"https:\\\/\\\/www.eldiario.net\\\/portal\\\/?s={search_term_string}\"},\"query-input\":{\"@type\":\"PropertyValueSpecification\",\"valueRequired\":true,\"valueName\":\"search_term_string\"}}],\"inLanguage\":\"es\"},{\"@type\":\"Organization\",\"@id\":\"https:\\\/\\\/www.eldiario.net\\\/portal\\\/#organization\",\"name\":\"El Diario - Decano de la prensa nacional\",\"url\":\"https:\\\/\\\/www.eldiario.net\\\/portal\\\/\",\"logo\":{\"@type\":\"ImageObject\",\"inLanguage\":\"es\",\"@id\":\"https:\\\/\\\/www.eldiario.net\\\/portal\\\/#\\\/schema\\\/logo\\\/image\\\/\",\"url\":\"https:\\\/\\\/www.eldiario.net\\\/portal\\\/wp-content\\\/uploads\\\/2023\\\/07\\\/logo_ED.jpg\",\"contentUrl\":\"https:\\\/\\\/www.eldiario.net\\\/portal\\\/wp-content\\\/uploads\\\/2023\\\/07\\\/logo_ED.jpg\",\"width\":272,\"height\":52,\"caption\":\"El Diario - Decano de la prensa nacional\"},\"image\":{\"@id\":\"https:\\\/\\\/www.eldiario.net\\\/portal\\\/#\\\/schema\\\/logo\\\/image\\\/\"},\"sameAs\":[\"https:\\\/\\\/www.facebook.com\\\/eldiario.bolivia\\\/\",\"https:\\\/\\\/x.com\\\/eldiario_net\"]},{\"@type\":\"Person\",\"@id\":\"https:\\\/\\\/www.eldiario.net\\\/portal\\\/#\\\/schema\\\/person\\\/f46445640444750d7d753ccd04ae01b7\",\"name\":\"Jeanette\",\"image\":{\"@type\":\"ImageObject\",\"inLanguage\":\"es\",\"@id\":\"https:\\\/\\\/secure.gravatar.com\\\/avatar\\\/3ea2118a5f7dad2b7138b1187a6b7ee55f160b9968b66013c3a3ef39dd7e5798?s=96&d=mm&r=g\",\"url\":\"https:\\\/\\\/secure.gravatar.com\\\/avatar\\\/3ea2118a5f7dad2b7138b1187a6b7ee55f160b9968b66013c3a3ef39dd7e5798?s=96&d=mm&r=g\",\"contentUrl\":\"https:\\\/\\\/secure.gravatar.com\\\/avatar\\\/3ea2118a5f7dad2b7138b1187a6b7ee55f160b9968b66013c3a3ef39dd7e5798?s=96&d=mm&r=g\",\"caption\":\"Jeanette\"},\"sameAs\":[\"https:\\\/\\\/www.eldiario.net\\\/portal\"],\"url\":\"https:\\\/\\\/www.eldiario.net\\\/portal\\\/author\\\/jeanette\\\/\"}]}<\/script>\n<!-- \/ Yoast SEO plugin. -->","yoast_head_json":{"title":"Frutas y verduras corren riesgo de descomposici\u00f3n - El Diario - Bolivia","robots":{"index":"index","follow":"follow","max-snippet":"max-snippet:-1","max-image-preview":"max-image-preview:large","max-video-preview":"max-video-preview:-1"},"canonical":"https:\/\/www.eldiario.net\/portal\/2023\/12\/03\/frutas-y-verduras-corren-riesgo-de-descomposicion\/","og_locale":"es_ES","og_type":"article","og_title":"Frutas y verduras corren riesgo de descomposici\u00f3n - El Diario - Bolivia","og_description":"El segundo d\u00eda de bloqueo de parte del transporte libre del Tr\u00f3pico de Cochabamba, se registr\u00f3 ayer. La fruta y verdura que se encuentran en camiones corren el riesgo de entrar en estado de descomposici\u00f3n, debido al calor que existe en la zona. Los bloqueadores cortan la carretera nueva que une el occidente y el [&hellip;]","og_url":"https:\/\/www.eldiario.net\/portal\/2023\/12\/03\/frutas-y-verduras-corren-riesgo-de-descomposicion\/","og_site_name":"El Diario - Bolivia","article_publisher":"https:\/\/www.facebook.com\/eldiario.bolivia\/","article_published_time":"2023-12-03T10:45:02+00:00","og_image":[{"width":1024,"height":512,"url":"https:\/\/www.eldiario.net\/portal\/wp-content\/uploads\/2023\/12\/11-NALCOLOR.jpg","type":"image\/jpeg"}],"author":"Jeanette","twitter_card":"summary_large_image","twitter_creator":"@eldiario_net","twitter_site":"@eldiario_net","twitter_misc":{"Escrito por":"Jeanette","Tiempo de lectura":"2 minutos"},"schema":{"@context":"https:\/\/schema.org","@graph":[{"@type":"Article","@id":"https:\/\/www.eldiario.net\/portal\/2023\/12\/03\/frutas-y-verduras-corren-riesgo-de-descomposicion\/#article","isPartOf":{"@id":"https:\/\/www.eldiario.net\/portal\/2023\/12\/03\/frutas-y-verduras-corren-riesgo-de-descomposicion\/"},"author":{"name":"Jeanette","@id":"https:\/\/www.eldiario.net\/portal\/#\/schema\/person\/f46445640444750d7d753ccd04ae01b7"},"headline":"Frutas y verduras corren riesgo de descomposici\u00f3n","datePublished":"2023-12-03T10:45:02+00:00","mainEntityOfPage":{"@id":"https:\/\/www.eldiario.net\/portal\/2023\/12\/03\/frutas-y-verduras-corren-riesgo-de-descomposicion\/"},"wordCount":352,"publisher":{"@id":"https:\/\/www.eldiario.net\/portal\/#organization"},"image":{"@id":"https:\/\/www.eldiario.net\/portal\/2023\/12\/03\/frutas-y-verduras-corren-riesgo-de-descomposicion\/#primaryimage"},"thumbnailUrl":"https:\/\/www.eldiario.net\/portal\/wp-content\/uploads\/2023\/12\/11-NALCOLOR.jpg","articleSection":["Nacional"],"inLanguage":"es"},{"@type":"WebPage","@id":"https:\/\/www.eldiario.net\/portal\/2023\/12\/03\/frutas-y-verduras-corren-riesgo-de-descomposicion\/","url":"https:\/\/www.eldiario.net\/portal\/2023\/12\/03\/frutas-y-verduras-corren-riesgo-de-descomposicion\/","name":"Frutas y verduras corren riesgo de descomposici\u00f3n - El Diario - Bolivia","isPartOf":{"@id":"https:\/\/www.eldiario.net\/portal\/#website"},"primaryImageOfPage":{"@id":"https:\/\/www.eldiario.net\/portal\/2023\/12\/03\/frutas-y-verduras-corren-riesgo-de-descomposicion\/#primaryimage"},"image":{"@id":"https:\/\/www.eldiario.net\/portal\/2023\/12\/03\/frutas-y-verduras-corren-riesgo-de-descomposicion\/#primaryimage"},"thumbnailUrl":"https:\/\/www.eldiario.net\/portal\/wp-content\/uploads\/2023\/12\/11-NALCOLOR.jpg","datePublished":"2023-12-03T10:45:02+00:00","breadcrumb":{"@id":"https:\/\/www.eldiario.net\/portal\/2023\/12\/03\/frutas-y-verduras-corren-riesgo-de-descomposicion\/#breadcrumb"},"inLanguage":"es","potentialAction":[{"@type":"ReadAction","target":["https:\/\/www.eldiario.net\/portal\/2023\/12\/03\/frutas-y-verduras-corren-riesgo-de-descomposicion\/"]}]},{"@type":"ImageObject","inLanguage":"es","@id":"https:\/\/www.eldiario.net\/portal\/2023\/12\/03\/frutas-y-verduras-corren-riesgo-de-descomposicion\/#primaryimage","url":"https:\/\/www.eldiario.net\/portal\/wp-content\/uploads\/2023\/12\/11-NALCOLOR.jpg","contentUrl":"https:\/\/www.eldiario.net\/portal\/wp-content\/uploads\/2023\/12\/11-NALCOLOR.jpg","width":1024,"height":512,"caption":"Cargas de cebollas que corren el riesgo de no estar aptas para el consumo debido al intenso calor."},{"@type":"BreadcrumbList","@id":"https:\/\/www.eldiario.net\/portal\/2023\/12\/03\/frutas-y-verduras-corren-riesgo-de-descomposicion\/#breadcrumb","itemListElement":[{"@type":"ListItem","position":1,"name":"Portada","item":"https:\/\/www.eldiario.net\/portal\/"},{"@type":"ListItem","position":2,"name":"Frutas y verduras corren riesgo de descomposici\u00f3n"}]},{"@type":"WebSite","@id":"https:\/\/www.eldiario.net\/portal\/#website","url":"https:\/\/www.eldiario.net\/portal\/","name":"El Diario - Decano de la prensa nacional","description":"El Diario - Decano de la prensa nacional","publisher":{"@id":"https:\/\/www.eldiario.net\/portal\/#organization"},"potentialAction":[{"@type":"SearchAction","target":{"@type":"EntryPoint","urlTemplate":"https:\/\/www.eldiario.net\/portal\/?s={search_term_string}"},"query-input":{"@type":"PropertyValueSpecification","valueRequired":true,"valueName":"search_term_string"}}],"inLanguage":"es"},{"@type":"Organization","@id":"https:\/\/www.eldiario.net\/portal\/#organization","name":"El Diario - Decano de la prensa nacional","url":"https:\/\/www.eldiario.net\/portal\/","logo":{"@type":"ImageObject","inLanguage":"es","@id":"https:\/\/www.eldiario.net\/portal\/#\/schema\/logo\/image\/","url":"https:\/\/www.eldiario.net\/portal\/wp-content\/uploads\/2023\/07\/logo_ED.jpg","contentUrl":"https:\/\/www.eldiario.net\/portal\/wp-content\/uploads\/2023\/07\/logo_ED.jpg","width":272,"height":52,"caption":"El Diario - Decano de la prensa nacional"},"image":{"@id":"https:\/\/www.eldiario.net\/portal\/#\/schema\/logo\/image\/"},"sameAs":["https:\/\/www.facebook.com\/eldiario.bolivia\/","https:\/\/x.com\/eldiario_net"]},{"@type":"Person","@id":"https:\/\/www.eldiario.net\/portal\/#\/schema\/person\/f46445640444750d7d753ccd04ae01b7","name":"Jeanette","image":{"@type":"ImageObject","inLanguage":"es","@id":"https:\/\/secure.gravatar.com\/avatar\/3ea2118a5f7dad2b7138b1187a6b7ee55f160b9968b66013c3a3ef39dd7e5798?s=96&d=mm&r=g","url":"https:\/\/secure.gravatar.com\/avatar\/3ea2118a5f7dad2b7138b1187a6b7ee55f160b9968b66013c3a3ef39dd7e5798?s=96&d=mm&r=g","contentUrl":"https:\/\/secure.gravatar.com\/avatar\/3ea2118a5f7dad2b7138b1187a6b7ee55f160b9968b66013c3a3ef39dd7e5798?s=96&d=mm&r=g","caption":"Jeanette"},"sameAs":["https:\/\/www.eldiario.net\/portal"],"url":"https:\/\/www.eldiario.net\/portal\/author\/jeanette\/"}]}},"_links":{"self":[{"href":"https:\/\/www.eldiario.net\/portal\/wp-json\/wp\/v2\/posts\/190791","targetHints":{"allow":["GET"]}}],"collection":[{"href":"https:\/\/www.eldiario.net\/portal\/wp-json\/wp\/v2\/posts"}],"about":[{"href":"https:\/\/www.eldiario.net\/portal\/wp-json\/wp\/v2\/types\/post"}],"author":[{"embeddable":true,"href":"https:\/\/www.eldiario.net\/portal\/wp-json\/wp\/v2\/users\/1"}],"replies":[{"embeddable":true,"href":"https:\/\/www.eldiario.net\/portal\/wp-json\/wp\/v2\/comments?post=190791"}],"version-history":[{"count":0,"href":"https:\/\/www.eldiario.net\/portal\/wp-json\/wp\/v2\/posts\/190791\/revisions"}],"wp:featuredmedia":[{"embeddable":true,"href":"https:\/\/www.eldiario.net\/portal\/wp-json\/wp\/v2\/media\/190792"}],"wp:attachment":[{"href":"https:\/\/www.eldiario.net\/portal\/wp-json\/wp\/v2\/media?parent=190791"}],"wp:term":[{"taxonomy":"category","embeddable":true,"href":"https:\/\/www.eldiario.net\/portal\/wp-json\/wp\/v2\/categories?post=190791"},{"taxonomy":"post_tag","embeddable":true,"href":"https:\/\/www.eldiario.net\/portal\/wp-json\/wp\/v2\/tags?post=190791"}],"curies":[{"name":"wp","href":"https:\/\/api.w.org\/{rel}","templated":true}]}}