{"id":190789,"date":"2023-12-03T06:44:07","date_gmt":"2023-12-03T10:44:07","guid":{"rendered":"https:\/\/www.eldiario.net\/portal\/?p=190789"},"modified":"2023-12-03T06:44:07","modified_gmt":"2023-12-03T10:44:07","slug":"politicas-estatales-entregan-el-futuro-de-mineria-boliviana-a-manos-privadas","status":"publish","type":"post","link":"https:\/\/www.eldiario.net\/portal\/2023\/12\/03\/politicas-estatales-entregan-el-futuro-de-mineria-boliviana-a-manos-privadas\/","title":{"rendered":"Pol\u00edticas estatales entregan el futuro  de miner\u00eda boliviana a manos privadas"},"content":{"rendered":"<p>El sobredimensionamiento de las plantas de Vinto y Huanuni es una muestra de la ausencia de pol\u00edticas y planificaci\u00f3n por parte de los gobiernos del Movimiento al Socialismo (MAS) para reactivar la miner\u00eda estatal en Bolivia, lo que deja el futuro del sector en manos privadas, seg\u00fan estudios del Centro de Estudios para el Desarrollo Laboral y Agrario (Cedla).<br \/>\nEl restablecimiento del rol protag\u00f3nica del Estado en la miner\u00eda ha estado desde 2006 en el plan de gobierno del MAS, que a lo largo de sus \u00faltimas gestiones ha asegurado que ese objetivo ha sido cumplido. Sin embargo, esa meta est\u00e1 lejos de ser alcanzada, asegur\u00f3 el investigador del Cedla, Alfredo Zaconeta, durante el ciclo de Di\u00e1logos \u201cPol\u00edticas P\u00fablicas y Desigualdades: Un balance necesario\u201d, organizado por ese centro de estudios en Potos\u00ed.<br \/>\n\u201cEl discurso del Gobierno es que el Estado ha recobrado su rol en el sector minero, pero los datos y la informaci\u00f3n oficial muestran lo contrario\u201d, sostuvo el experto.<br \/>\nUn ejemplo es la participaci\u00f3n del sector estatal en la producci\u00f3n minera del pa\u00eds, que entre 2006 y 2021 apenas aument\u00f3 de 0,8% a 6%, siendo que incluye a importantes empresas como Huanuni, Colquiri y Coro Coro, a las metal\u00fargicas de Karachipampa y Vinto, a la sider\u00fargica del Mut\u00fan y a Yacimientos de Litio Bolivianos, entre otras. El sector cooperativo, por su lado, aument\u00f3 su participaci\u00f3n de 44,9% a 57% y el sector privado la redujo de 54,3% a 36%.<br \/>\nEste resultado no est\u00e1 en consonancia con el Plan Nacional de Desarrollo 2021-2025, que sostiene que en ese per\u00edodo ya se tendr\u00e1 \u201cempresas mineras estatales que han logrado maximizar la producci\u00f3n\u201d.<br \/>\nLa tendencia va en direcci\u00f3n contraria. En 2021, la producci\u00f3n de Colquiri (zinc) se desplom\u00f3 de 17.510 a 9.973 toneladas, la de Huanuni (esta\u00f1o) de 8.928 a 6.378 toneladas y la de Vinto (esta\u00f1o met\u00e1lico) de 12.043 a 10.274 toneladas. Lo mismo sucede en el empleo minero, ya que la estatal increment\u00f3 de 4.726 a 5.786, la mediana creci\u00f3 de 3.850 a 4.780 y la chica baj\u00f3 de 2.550 a 2.086, mientras que el n\u00famero de cooperativistas se expandi\u00f3 de 54.200 a 129.410, una muestra de que el Gobierno \u201ces incapaz\u201d de generar fuentes de trabajo en este sector.<br \/>\n\u201cEl gran problema que tenemos los bolivianos es que estas pol\u00edticas que tienen que dirigirnos hacia otro desarrollo no funcionan\u201d, lament\u00f3 Roxana Graz, presidenta del Comit\u00e9 C\u00edvico Potosinista (Comcipo), organizaci\u00f3n que fue parte del di\u00e1logo en Potos\u00ed.<br \/>\n\u201cSiendo el primer productor de minerales a nivel nacional, Potos\u00ed se encuentra muy desprotegido por las leyes del sector. La corrupci\u00f3n est\u00e1 en su m\u00e1xima expresi\u00f3n, las regal\u00edas son muy bajas y nuestros metales raros salen sin control ni beneficio para el pa\u00eds. Todo esto va en desmedro de que este departamento tenga mejores ingresos\u201d, indic\u00f3. (Erbol con informaci\u00f3n del Cedla)<\/p>\n","protected":false},"excerpt":{"rendered":"<p>El sobredimensionamiento de las plantas de Vinto y Huanuni es una muestra de la ausencia de pol\u00edticas y planificaci\u00f3n por parte de los gobiernos del Movimiento al Socialismo (MAS) para reactivar la miner\u00eda estatal en Bolivia, lo que deja el futuro del sector en manos privadas, seg\u00fan estudios del Centro de Estudios para el Desarrollo [&hellip;]<\/p>\n","protected":false},"author":1,"featured_media":0,"comment_status":"closed","ping_status":"open","sticky":false,"template":"","format":"standard","meta":{"_acf_changed":false,"footnotes":""},"categories":[12],"tags":[],"class_list":["post-190789","post","type-post","status-publish","format-standard","category-nacional"],"acf":{"antetitulo":""},"yoast_head":"<!-- This site is optimized with the Yoast SEO plugin v28.3 - https:\/\/yoast.com\/product\/yoast-seo-wordpress\/ -->\n<title>Pol\u00edticas estatales entregan el futuro de miner\u00eda boliviana a manos privadas - El Diario - Bolivia<\/title>\n<meta name=\"robots\" content=\"index, follow, max-snippet:-1, max-image-preview:large, max-video-preview:-1\" \/>\n<link rel=\"canonical\" href=\"https:\/\/www.eldiario.net\/portal\/2023\/12\/03\/politicas-estatales-entregan-el-futuro-de-mineria-boliviana-a-manos-privadas\/\" \/>\n<meta property=\"og:locale\" content=\"es_ES\" \/>\n<meta property=\"og:type\" content=\"article\" \/>\n<meta property=\"og:title\" content=\"Pol\u00edticas estatales entregan el futuro de miner\u00eda boliviana a manos privadas - El Diario - Bolivia\" \/>\n<meta property=\"og:description\" content=\"El sobredimensionamiento de las plantas de Vinto y Huanuni es una muestra de la ausencia de pol\u00edticas y planificaci\u00f3n por parte de los gobiernos del Movimiento al Socialismo (MAS) para reactivar la miner\u00eda estatal en Bolivia, lo que deja el futuro del sector en manos privadas, seg\u00fan estudios del Centro de Estudios para el Desarrollo [&hellip;]\" \/>\n<meta property=\"og:url\" content=\"https:\/\/www.eldiario.net\/portal\/2023\/12\/03\/politicas-estatales-entregan-el-futuro-de-mineria-boliviana-a-manos-privadas\/\" \/>\n<meta property=\"og:site_name\" content=\"El Diario - Bolivia\" \/>\n<meta property=\"article:publisher\" content=\"https:\/\/www.facebook.com\/eldiario.bolivia\/\" \/>\n<meta property=\"article:published_time\" content=\"2023-12-03T10:44:07+00:00\" \/>\n<meta name=\"author\" content=\"Jeanette\" \/>\n<meta name=\"twitter:card\" content=\"summary_large_image\" \/>\n<meta name=\"twitter:creator\" content=\"@eldiario_net\" \/>\n<meta name=\"twitter:site\" content=\"@eldiario_net\" \/>\n<meta name=\"twitter:label1\" content=\"Escrito por\" \/>\n\t<meta name=\"twitter:data1\" content=\"Jeanette\" \/>\n\t<meta name=\"twitter:label2\" content=\"Tiempo de lectura\" \/>\n\t<meta name=\"twitter:data2\" content=\"3 minutos\" \/>\n<script type=\"application\/ld+json\" class=\"yoast-schema-graph\">{\"@context\":\"https:\\\/\\\/schema.org\",\"@graph\":[{\"@type\":\"Article\",\"@id\":\"https:\\\/\\\/www.eldiario.net\\\/portal\\\/2023\\\/12\\\/03\\\/politicas-estatales-entregan-el-futuro-de-mineria-boliviana-a-manos-privadas\\\/#article\",\"isPartOf\":{\"@id\":\"https:\\\/\\\/www.eldiario.net\\\/portal\\\/2023\\\/12\\\/03\\\/politicas-estatales-entregan-el-futuro-de-mineria-boliviana-a-manos-privadas\\\/\"},\"author\":{\"name\":\"Jeanette\",\"@id\":\"https:\\\/\\\/www.eldiario.net\\\/portal\\\/#\\\/schema\\\/person\\\/f46445640444750d7d753ccd04ae01b7\"},\"headline\":\"Pol\u00edticas estatales entregan el futuro de miner\u00eda boliviana a manos privadas\",\"datePublished\":\"2023-12-03T10:44:07+00:00\",\"mainEntityOfPage\":{\"@id\":\"https:\\\/\\\/www.eldiario.net\\\/portal\\\/2023\\\/12\\\/03\\\/politicas-estatales-entregan-el-futuro-de-mineria-boliviana-a-manos-privadas\\\/\"},\"wordCount\":493,\"publisher\":{\"@id\":\"https:\\\/\\\/www.eldiario.net\\\/portal\\\/#organization\"},\"articleSection\":[\"Nacional\"],\"inLanguage\":\"es\"},{\"@type\":\"WebPage\",\"@id\":\"https:\\\/\\\/www.eldiario.net\\\/portal\\\/2023\\\/12\\\/03\\\/politicas-estatales-entregan-el-futuro-de-mineria-boliviana-a-manos-privadas\\\/\",\"url\":\"https:\\\/\\\/www.eldiario.net\\\/portal\\\/2023\\\/12\\\/03\\\/politicas-estatales-entregan-el-futuro-de-mineria-boliviana-a-manos-privadas\\\/\",\"name\":\"Pol\u00edticas estatales entregan el futuro de miner\u00eda boliviana a manos privadas - El Diario - Bolivia\",\"isPartOf\":{\"@id\":\"https:\\\/\\\/www.eldiario.net\\\/portal\\\/#website\"},\"datePublished\":\"2023-12-03T10:44:07+00:00\",\"breadcrumb\":{\"@id\":\"https:\\\/\\\/www.eldiario.net\\\/portal\\\/2023\\\/12\\\/03\\\/politicas-estatales-entregan-el-futuro-de-mineria-boliviana-a-manos-privadas\\\/#breadcrumb\"},\"inLanguage\":\"es\",\"potentialAction\":[{\"@type\":\"ReadAction\",\"target\":[\"https:\\\/\\\/www.eldiario.net\\\/portal\\\/2023\\\/12\\\/03\\\/politicas-estatales-entregan-el-futuro-de-mineria-boliviana-a-manos-privadas\\\/\"]}]},{\"@type\":\"BreadcrumbList\",\"@id\":\"https:\\\/\\\/www.eldiario.net\\\/portal\\\/2023\\\/12\\\/03\\\/politicas-estatales-entregan-el-futuro-de-mineria-boliviana-a-manos-privadas\\\/#breadcrumb\",\"itemListElement\":[{\"@type\":\"ListItem\",\"position\":1,\"name\":\"Portada\",\"item\":\"https:\\\/\\\/www.eldiario.net\\\/portal\\\/\"},{\"@type\":\"ListItem\",\"position\":2,\"name\":\"Pol\u00edticas estatales entregan el futuro de miner\u00eda boliviana a manos privadas\"}]},{\"@type\":\"WebSite\",\"@id\":\"https:\\\/\\\/www.eldiario.net\\\/portal\\\/#website\",\"url\":\"https:\\\/\\\/www.eldiario.net\\\/portal\\\/\",\"name\":\"El Diario - Decano de la prensa nacional\",\"description\":\"El Diario - Decano de la prensa nacional\",\"publisher\":{\"@id\":\"https:\\\/\\\/www.eldiario.net\\\/portal\\\/#organization\"},\"potentialAction\":[{\"@type\":\"SearchAction\",\"target\":{\"@type\":\"EntryPoint\",\"urlTemplate\":\"https:\\\/\\\/www.eldiario.net\\\/portal\\\/?s={search_term_string}\"},\"query-input\":{\"@type\":\"PropertyValueSpecification\",\"valueRequired\":true,\"valueName\":\"search_term_string\"}}],\"inLanguage\":\"es\"},{\"@type\":\"Organization\",\"@id\":\"https:\\\/\\\/www.eldiario.net\\\/portal\\\/#organization\",\"name\":\"El Diario - Decano de la prensa nacional\",\"url\":\"https:\\\/\\\/www.eldiario.net\\\/portal\\\/\",\"logo\":{\"@type\":\"ImageObject\",\"inLanguage\":\"es\",\"@id\":\"https:\\\/\\\/www.eldiario.net\\\/portal\\\/#\\\/schema\\\/logo\\\/image\\\/\",\"url\":\"https:\\\/\\\/www.eldiario.net\\\/portal\\\/wp-content\\\/uploads\\\/2023\\\/07\\\/logo_ED.jpg\",\"contentUrl\":\"https:\\\/\\\/www.eldiario.net\\\/portal\\\/wp-content\\\/uploads\\\/2023\\\/07\\\/logo_ED.jpg\",\"width\":272,\"height\":52,\"caption\":\"El Diario - Decano de la prensa nacional\"},\"image\":{\"@id\":\"https:\\\/\\\/www.eldiario.net\\\/portal\\\/#\\\/schema\\\/logo\\\/image\\\/\"},\"sameAs\":[\"https:\\\/\\\/www.facebook.com\\\/eldiario.bolivia\\\/\",\"https:\\\/\\\/x.com\\\/eldiario_net\"]},{\"@type\":\"Person\",\"@id\":\"https:\\\/\\\/www.eldiario.net\\\/portal\\\/#\\\/schema\\\/person\\\/f46445640444750d7d753ccd04ae01b7\",\"name\":\"Jeanette\",\"image\":{\"@type\":\"ImageObject\",\"inLanguage\":\"es\",\"@id\":\"https:\\\/\\\/secure.gravatar.com\\\/avatar\\\/3ea2118a5f7dad2b7138b1187a6b7ee55f160b9968b66013c3a3ef39dd7e5798?s=96&d=mm&r=g\",\"url\":\"https:\\\/\\\/secure.gravatar.com\\\/avatar\\\/3ea2118a5f7dad2b7138b1187a6b7ee55f160b9968b66013c3a3ef39dd7e5798?s=96&d=mm&r=g\",\"contentUrl\":\"https:\\\/\\\/secure.gravatar.com\\\/avatar\\\/3ea2118a5f7dad2b7138b1187a6b7ee55f160b9968b66013c3a3ef39dd7e5798?s=96&d=mm&r=g\",\"caption\":\"Jeanette\"},\"sameAs\":[\"https:\\\/\\\/www.eldiario.net\\\/portal\"],\"url\":\"https:\\\/\\\/www.eldiario.net\\\/portal\\\/author\\\/jeanette\\\/\"}]}<\/script>\n<!-- \/ Yoast SEO plugin. -->","yoast_head_json":{"title":"Pol\u00edticas estatales entregan el futuro de miner\u00eda boliviana a manos privadas - El Diario - Bolivia","robots":{"index":"index","follow":"follow","max-snippet":"max-snippet:-1","max-image-preview":"max-image-preview:large","max-video-preview":"max-video-preview:-1"},"canonical":"https:\/\/www.eldiario.net\/portal\/2023\/12\/03\/politicas-estatales-entregan-el-futuro-de-mineria-boliviana-a-manos-privadas\/","og_locale":"es_ES","og_type":"article","og_title":"Pol\u00edticas estatales entregan el futuro de miner\u00eda boliviana a manos privadas - El Diario - Bolivia","og_description":"El sobredimensionamiento de las plantas de Vinto y Huanuni es una muestra de la ausencia de pol\u00edticas y planificaci\u00f3n por parte de los gobiernos del Movimiento al Socialismo (MAS) para reactivar la miner\u00eda estatal en Bolivia, lo que deja el futuro del sector en manos privadas, seg\u00fan estudios del Centro de Estudios para el Desarrollo [&hellip;]","og_url":"https:\/\/www.eldiario.net\/portal\/2023\/12\/03\/politicas-estatales-entregan-el-futuro-de-mineria-boliviana-a-manos-privadas\/","og_site_name":"El Diario - Bolivia","article_publisher":"https:\/\/www.facebook.com\/eldiario.bolivia\/","article_published_time":"2023-12-03T10:44:07+00:00","author":"Jeanette","twitter_card":"summary_large_image","twitter_creator":"@eldiario_net","twitter_site":"@eldiario_net","twitter_misc":{"Escrito por":"Jeanette","Tiempo de lectura":"3 minutos"},"schema":{"@context":"https:\/\/schema.org","@graph":[{"@type":"Article","@id":"https:\/\/www.eldiario.net\/portal\/2023\/12\/03\/politicas-estatales-entregan-el-futuro-de-mineria-boliviana-a-manos-privadas\/#article","isPartOf":{"@id":"https:\/\/www.eldiario.net\/portal\/2023\/12\/03\/politicas-estatales-entregan-el-futuro-de-mineria-boliviana-a-manos-privadas\/"},"author":{"name":"Jeanette","@id":"https:\/\/www.eldiario.net\/portal\/#\/schema\/person\/f46445640444750d7d753ccd04ae01b7"},"headline":"Pol\u00edticas estatales entregan el futuro de miner\u00eda boliviana a manos privadas","datePublished":"2023-12-03T10:44:07+00:00","mainEntityOfPage":{"@id":"https:\/\/www.eldiario.net\/portal\/2023\/12\/03\/politicas-estatales-entregan-el-futuro-de-mineria-boliviana-a-manos-privadas\/"},"wordCount":493,"publisher":{"@id":"https:\/\/www.eldiario.net\/portal\/#organization"},"articleSection":["Nacional"],"inLanguage":"es"},{"@type":"WebPage","@id":"https:\/\/www.eldiario.net\/portal\/2023\/12\/03\/politicas-estatales-entregan-el-futuro-de-mineria-boliviana-a-manos-privadas\/","url":"https:\/\/www.eldiario.net\/portal\/2023\/12\/03\/politicas-estatales-entregan-el-futuro-de-mineria-boliviana-a-manos-privadas\/","name":"Pol\u00edticas estatales entregan el futuro de miner\u00eda boliviana a manos privadas - El Diario - Bolivia","isPartOf":{"@id":"https:\/\/www.eldiario.net\/portal\/#website"},"datePublished":"2023-12-03T10:44:07+00:00","breadcrumb":{"@id":"https:\/\/www.eldiario.net\/portal\/2023\/12\/03\/politicas-estatales-entregan-el-futuro-de-mineria-boliviana-a-manos-privadas\/#breadcrumb"},"inLanguage":"es","potentialAction":[{"@type":"ReadAction","target":["https:\/\/www.eldiario.net\/portal\/2023\/12\/03\/politicas-estatales-entregan-el-futuro-de-mineria-boliviana-a-manos-privadas\/"]}]},{"@type":"BreadcrumbList","@id":"https:\/\/www.eldiario.net\/portal\/2023\/12\/03\/politicas-estatales-entregan-el-futuro-de-mineria-boliviana-a-manos-privadas\/#breadcrumb","itemListElement":[{"@type":"ListItem","position":1,"name":"Portada","item":"https:\/\/www.eldiario.net\/portal\/"},{"@type":"ListItem","position":2,"name":"Pol\u00edticas estatales entregan el futuro de miner\u00eda boliviana a manos privadas"}]},{"@type":"WebSite","@id":"https:\/\/www.eldiario.net\/portal\/#website","url":"https:\/\/www.eldiario.net\/portal\/","name":"El Diario - Decano de la prensa nacional","description":"El Diario - Decano de la prensa nacional","publisher":{"@id":"https:\/\/www.eldiario.net\/portal\/#organization"},"potentialAction":[{"@type":"SearchAction","target":{"@type":"EntryPoint","urlTemplate":"https:\/\/www.eldiario.net\/portal\/?s={search_term_string}"},"query-input":{"@type":"PropertyValueSpecification","valueRequired":true,"valueName":"search_term_string"}}],"inLanguage":"es"},{"@type":"Organization","@id":"https:\/\/www.eldiario.net\/portal\/#organization","name":"El Diario - Decano de la prensa nacional","url":"https:\/\/www.eldiario.net\/portal\/","logo":{"@type":"ImageObject","inLanguage":"es","@id":"https:\/\/www.eldiario.net\/portal\/#\/schema\/logo\/image\/","url":"https:\/\/www.eldiario.net\/portal\/wp-content\/uploads\/2023\/07\/logo_ED.jpg","contentUrl":"https:\/\/www.eldiario.net\/portal\/wp-content\/uploads\/2023\/07\/logo_ED.jpg","width":272,"height":52,"caption":"El Diario - Decano de la prensa nacional"},"image":{"@id":"https:\/\/www.eldiario.net\/portal\/#\/schema\/logo\/image\/"},"sameAs":["https:\/\/www.facebook.com\/eldiario.bolivia\/","https:\/\/x.com\/eldiario_net"]},{"@type":"Person","@id":"https:\/\/www.eldiario.net\/portal\/#\/schema\/person\/f46445640444750d7d753ccd04ae01b7","name":"Jeanette","image":{"@type":"ImageObject","inLanguage":"es","@id":"https:\/\/secure.gravatar.com\/avatar\/3ea2118a5f7dad2b7138b1187a6b7ee55f160b9968b66013c3a3ef39dd7e5798?s=96&d=mm&r=g","url":"https:\/\/secure.gravatar.com\/avatar\/3ea2118a5f7dad2b7138b1187a6b7ee55f160b9968b66013c3a3ef39dd7e5798?s=96&d=mm&r=g","contentUrl":"https:\/\/secure.gravatar.com\/avatar\/3ea2118a5f7dad2b7138b1187a6b7ee55f160b9968b66013c3a3ef39dd7e5798?s=96&d=mm&r=g","caption":"Jeanette"},"sameAs":["https:\/\/www.eldiario.net\/portal"],"url":"https:\/\/www.eldiario.net\/portal\/author\/jeanette\/"}]}},"_links":{"self":[{"href":"https:\/\/www.eldiario.net\/portal\/wp-json\/wp\/v2\/posts\/190789","targetHints":{"allow":["GET"]}}],"collection":[{"href":"https:\/\/www.eldiario.net\/portal\/wp-json\/wp\/v2\/posts"}],"about":[{"href":"https:\/\/www.eldiario.net\/portal\/wp-json\/wp\/v2\/types\/post"}],"author":[{"embeddable":true,"href":"https:\/\/www.eldiario.net\/portal\/wp-json\/wp\/v2\/users\/1"}],"replies":[{"embeddable":true,"href":"https:\/\/www.eldiario.net\/portal\/wp-json\/wp\/v2\/comments?post=190789"}],"version-history":[{"count":0,"href":"https:\/\/www.eldiario.net\/portal\/wp-json\/wp\/v2\/posts\/190789\/revisions"}],"wp:attachment":[{"href":"https:\/\/www.eldiario.net\/portal\/wp-json\/wp\/v2\/media?parent=190789"}],"wp:term":[{"taxonomy":"category","embeddable":true,"href":"https:\/\/www.eldiario.net\/portal\/wp-json\/wp\/v2\/categories?post=190789"},{"taxonomy":"post_tag","embeddable":true,"href":"https:\/\/www.eldiario.net\/portal\/wp-json\/wp\/v2\/tags?post=190789"}],"curies":[{"name":"wp","href":"https:\/\/api.w.org\/{rel}","templated":true}]}}