{"id":190771,"date":"2023-12-03T06:32:23","date_gmt":"2023-12-03T10:32:23","guid":{"rendered":"https:\/\/www.eldiario.net\/portal\/?p=190771"},"modified":"2023-12-03T06:32:23","modified_gmt":"2023-12-03T10:32:23","slug":"avasalladores-atacan-a-comunarios-por-tierras","status":"publish","type":"post","link":"https:\/\/www.eldiario.net\/portal\/2023\/12\/03\/avasalladores-atacan-a-comunarios-por-tierras\/","title":{"rendered":"Avasalladores atacan a  comunarios por tierras"},"content":{"rendered":"<p>Los interculturales volvieron a arremeter contra comunarios de la Sub Central Pailitas en el municipio de Ascensi\u00f3n de Guarayos, durante una emboscada que dej\u00f3 un muerto, cuatro personas heridas por disparos con perdigones y camionetas con los parabrisas quebrados.<br \/>\nAriel N\u00fa\u00f1ez, dirigente de esa comunidad, denunci\u00f3 que a las 5:00 de la madrugada de ayer, los interculturales de San Juli\u00e1n llegaron armados a intentar desalojarlos de sus tierras y se produjo un enfrentamiento, report\u00f3 Noticias Cotoca.<br \/>\n\u201cNos est\u00e1n atacando desde las 05:00 en los predios de la Sub Central Pailitas, pedimos presencia del Estado\u201d, dijo N\u00fa\u00f1ez a tiempo de informar que los heridos fueron evacuados a un centro de salud de Harderman y el segundo a San Pedro. Describi\u00f3 que los interculturales se encuentran armados con escopetas y su intenci\u00f3n es llegar a la comunidad para prender fuego a sus viviendas.<br \/>\nLa comunidad Pailitas alberga 5 comunidades y est\u00e1 ubicada en proximidades al predio Las Londras que en octubre del 2021 fue avasallado por un grupo irregular armado que tom\u00f3 como rehenes a civiles, polic\u00edas y periodistas quienes fueron secuestrados por hombres encapuchados y armados.<br \/>\nEl 27 de julio del a\u00f1o pasado, pobladores de la comunidad Pailitas fueron avasallados por los interculturales. En esa ocasi\u00f3n, secuestraron a ocho personas, cuatro de ellos lograron huir. Las dem\u00e1s personas escaparon por todo lado, porque los avasalladores entraron armados y encapuchados.<br \/>\nAsimismo, aseguran que hay otros afectados que se encuentran en calidad de rehenes, por lo cual no pudieron ser trasladados.<br \/>\nAnte el ataque, autoridades nacionales enviaron un contingente policial que durante meses se mantuvo en la zona, haciendo resguardo en el lugar para evitar nuevos enfrentamientos.<\/p>\n","protected":false},"excerpt":{"rendered":"<p>Los interculturales volvieron a arremeter contra comunarios de la Sub Central Pailitas en el municipio de Ascensi\u00f3n de Guarayos, durante una emboscada que dej\u00f3 un muerto, cuatro personas heridas por disparos con perdigones y camionetas con los parabrisas quebrados. Ariel N\u00fa\u00f1ez, dirigente de esa comunidad, denunci\u00f3 que a las 5:00 de la madrugada de ayer, [&hellip;]<\/p>\n","protected":false},"author":1,"featured_media":190772,"comment_status":"closed","ping_status":"open","sticky":false,"template":"","format":"standard","meta":{"_acf_changed":false,"footnotes":""},"categories":[17],"tags":[],"class_list":["post-190771","post","type-post","status-publish","format-standard","has-post-thumbnail","category-principal"],"acf":{"antetitulo":""},"yoast_head":"<!-- This site is optimized with the Yoast SEO plugin v28.3 - https:\/\/yoast.com\/product\/yoast-seo-wordpress\/ -->\n<title>Avasalladores atacan a comunarios por tierras - El Diario - Bolivia<\/title>\n<meta name=\"robots\" content=\"index, follow, max-snippet:-1, max-image-preview:large, max-video-preview:-1\" \/>\n<link rel=\"canonical\" href=\"https:\/\/www.eldiario.net\/portal\/2023\/12\/03\/avasalladores-atacan-a-comunarios-por-tierras\/\" \/>\n<meta property=\"og:locale\" content=\"es_ES\" \/>\n<meta property=\"og:type\" content=\"article\" \/>\n<meta property=\"og:title\" content=\"Avasalladores atacan a comunarios por tierras - El Diario - Bolivia\" \/>\n<meta property=\"og:description\" content=\"Los interculturales volvieron a arremeter contra comunarios de la Sub Central Pailitas en el municipio de Ascensi\u00f3n de Guarayos, durante una emboscada que dej\u00f3 un muerto, cuatro personas heridas por disparos con perdigones y camionetas con los parabrisas quebrados. Ariel N\u00fa\u00f1ez, dirigente de esa comunidad, denunci\u00f3 que a las 5:00 de la madrugada de ayer, [&hellip;]\" \/>\n<meta property=\"og:url\" content=\"https:\/\/www.eldiario.net\/portal\/2023\/12\/03\/avasalladores-atacan-a-comunarios-por-tierras\/\" \/>\n<meta property=\"og:site_name\" content=\"El Diario - Bolivia\" \/>\n<meta property=\"article:publisher\" content=\"https:\/\/www.facebook.com\/eldiario.bolivia\/\" \/>\n<meta property=\"article:published_time\" content=\"2023-12-03T10:32:23+00:00\" \/>\n<meta property=\"og:image\" content=\"https:\/\/www.eldiario.net\/portal\/wp-content\/uploads\/2023\/12\/P-1-15-cm-x-15-scaled-e1701599532750.jpg\" \/>\n\t<meta property=\"og:image:width\" content=\"1847\" \/>\n\t<meta property=\"og:image:height\" content=\"1787\" \/>\n\t<meta property=\"og:image:type\" content=\"image\/jpeg\" \/>\n<meta name=\"author\" content=\"Jeanette\" \/>\n<meta name=\"twitter:card\" content=\"summary_large_image\" \/>\n<meta name=\"twitter:creator\" content=\"@eldiario_net\" \/>\n<meta name=\"twitter:site\" content=\"@eldiario_net\" \/>\n<meta name=\"twitter:label1\" content=\"Escrito por\" \/>\n\t<meta name=\"twitter:data1\" content=\"Jeanette\" \/>\n\t<meta name=\"twitter:label2\" content=\"Tiempo de lectura\" \/>\n\t<meta name=\"twitter:data2\" content=\"2 minutos\" \/>\n<script type=\"application\/ld+json\" class=\"yoast-schema-graph\">{\"@context\":\"https:\\\/\\\/schema.org\",\"@graph\":[{\"@type\":\"Article\",\"@id\":\"https:\\\/\\\/www.eldiario.net\\\/portal\\\/2023\\\/12\\\/03\\\/avasalladores-atacan-a-comunarios-por-tierras\\\/#article\",\"isPartOf\":{\"@id\":\"https:\\\/\\\/www.eldiario.net\\\/portal\\\/2023\\\/12\\\/03\\\/avasalladores-atacan-a-comunarios-por-tierras\\\/\"},\"author\":{\"name\":\"Jeanette\",\"@id\":\"https:\\\/\\\/www.eldiario.net\\\/portal\\\/#\\\/schema\\\/person\\\/f46445640444750d7d753ccd04ae01b7\"},\"headline\":\"Avasalladores atacan a comunarios por tierras\",\"datePublished\":\"2023-12-03T10:32:23+00:00\",\"mainEntityOfPage\":{\"@id\":\"https:\\\/\\\/www.eldiario.net\\\/portal\\\/2023\\\/12\\\/03\\\/avasalladores-atacan-a-comunarios-por-tierras\\\/\"},\"wordCount\":285,\"publisher\":{\"@id\":\"https:\\\/\\\/www.eldiario.net\\\/portal\\\/#organization\"},\"image\":{\"@id\":\"https:\\\/\\\/www.eldiario.net\\\/portal\\\/2023\\\/12\\\/03\\\/avasalladores-atacan-a-comunarios-por-tierras\\\/#primaryimage\"},\"thumbnailUrl\":\"https:\\\/\\\/www.eldiario.net\\\/portal\\\/wp-content\\\/uploads\\\/2023\\\/12\\\/P-1-15-cm-x-15-scaled-e1701599532750.jpg\",\"articleSection\":[\"Principal\"],\"inLanguage\":\"es\"},{\"@type\":\"WebPage\",\"@id\":\"https:\\\/\\\/www.eldiario.net\\\/portal\\\/2023\\\/12\\\/03\\\/avasalladores-atacan-a-comunarios-por-tierras\\\/\",\"url\":\"https:\\\/\\\/www.eldiario.net\\\/portal\\\/2023\\\/12\\\/03\\\/avasalladores-atacan-a-comunarios-por-tierras\\\/\",\"name\":\"Avasalladores atacan a comunarios por tierras - El Diario - Bolivia\",\"isPartOf\":{\"@id\":\"https:\\\/\\\/www.eldiario.net\\\/portal\\\/#website\"},\"primaryImageOfPage\":{\"@id\":\"https:\\\/\\\/www.eldiario.net\\\/portal\\\/2023\\\/12\\\/03\\\/avasalladores-atacan-a-comunarios-por-tierras\\\/#primaryimage\"},\"image\":{\"@id\":\"https:\\\/\\\/www.eldiario.net\\\/portal\\\/2023\\\/12\\\/03\\\/avasalladores-atacan-a-comunarios-por-tierras\\\/#primaryimage\"},\"thumbnailUrl\":\"https:\\\/\\\/www.eldiario.net\\\/portal\\\/wp-content\\\/uploads\\\/2023\\\/12\\\/P-1-15-cm-x-15-scaled-e1701599532750.jpg\",\"datePublished\":\"2023-12-03T10:32:23+00:00\",\"breadcrumb\":{\"@id\":\"https:\\\/\\\/www.eldiario.net\\\/portal\\\/2023\\\/12\\\/03\\\/avasalladores-atacan-a-comunarios-por-tierras\\\/#breadcrumb\"},\"inLanguage\":\"es\",\"potentialAction\":[{\"@type\":\"ReadAction\",\"target\":[\"https:\\\/\\\/www.eldiario.net\\\/portal\\\/2023\\\/12\\\/03\\\/avasalladores-atacan-a-comunarios-por-tierras\\\/\"]}]},{\"@type\":\"ImageObject\",\"inLanguage\":\"es\",\"@id\":\"https:\\\/\\\/www.eldiario.net\\\/portal\\\/2023\\\/12\\\/03\\\/avasalladores-atacan-a-comunarios-por-tierras\\\/#primaryimage\",\"url\":\"https:\\\/\\\/www.eldiario.net\\\/portal\\\/wp-content\\\/uploads\\\/2023\\\/12\\\/P-1-15-cm-x-15-scaled-e1701599532750.jpg\",\"contentUrl\":\"https:\\\/\\\/www.eldiario.net\\\/portal\\\/wp-content\\\/uploads\\\/2023\\\/12\\\/P-1-15-cm-x-15-scaled-e1701599532750.jpg\",\"width\":1847,\"height\":1787,\"caption\":\"Los conflictos por tierras recrudecen en la Sub Central Pailitas, ya que los interculturales volvieron a generar enfrentamientos.\"},{\"@type\":\"BreadcrumbList\",\"@id\":\"https:\\\/\\\/www.eldiario.net\\\/portal\\\/2023\\\/12\\\/03\\\/avasalladores-atacan-a-comunarios-por-tierras\\\/#breadcrumb\",\"itemListElement\":[{\"@type\":\"ListItem\",\"position\":1,\"name\":\"Portada\",\"item\":\"https:\\\/\\\/www.eldiario.net\\\/portal\\\/\"},{\"@type\":\"ListItem\",\"position\":2,\"name\":\"Avasalladores atacan a comunarios por tierras\"}]},{\"@type\":\"WebSite\",\"@id\":\"https:\\\/\\\/www.eldiario.net\\\/portal\\\/#website\",\"url\":\"https:\\\/\\\/www.eldiario.net\\\/portal\\\/\",\"name\":\"El Diario - Decano de la prensa nacional\",\"description\":\"El Diario - Decano de la prensa nacional\",\"publisher\":{\"@id\":\"https:\\\/\\\/www.eldiario.net\\\/portal\\\/#organization\"},\"potentialAction\":[{\"@type\":\"SearchAction\",\"target\":{\"@type\":\"EntryPoint\",\"urlTemplate\":\"https:\\\/\\\/www.eldiario.net\\\/portal\\\/?s={search_term_string}\"},\"query-input\":{\"@type\":\"PropertyValueSpecification\",\"valueRequired\":true,\"valueName\":\"search_term_string\"}}],\"inLanguage\":\"es\"},{\"@type\":\"Organization\",\"@id\":\"https:\\\/\\\/www.eldiario.net\\\/portal\\\/#organization\",\"name\":\"El Diario - Decano de la prensa nacional\",\"url\":\"https:\\\/\\\/www.eldiario.net\\\/portal\\\/\",\"logo\":{\"@type\":\"ImageObject\",\"inLanguage\":\"es\",\"@id\":\"https:\\\/\\\/www.eldiario.net\\\/portal\\\/#\\\/schema\\\/logo\\\/image\\\/\",\"url\":\"https:\\\/\\\/www.eldiario.net\\\/portal\\\/wp-content\\\/uploads\\\/2023\\\/07\\\/logo_ED.jpg\",\"contentUrl\":\"https:\\\/\\\/www.eldiario.net\\\/portal\\\/wp-content\\\/uploads\\\/2023\\\/07\\\/logo_ED.jpg\",\"width\":272,\"height\":52,\"caption\":\"El Diario - Decano de la prensa nacional\"},\"image\":{\"@id\":\"https:\\\/\\\/www.eldiario.net\\\/portal\\\/#\\\/schema\\\/logo\\\/image\\\/\"},\"sameAs\":[\"https:\\\/\\\/www.facebook.com\\\/eldiario.bolivia\\\/\",\"https:\\\/\\\/x.com\\\/eldiario_net\"]},{\"@type\":\"Person\",\"@id\":\"https:\\\/\\\/www.eldiario.net\\\/portal\\\/#\\\/schema\\\/person\\\/f46445640444750d7d753ccd04ae01b7\",\"name\":\"Jeanette\",\"image\":{\"@type\":\"ImageObject\",\"inLanguage\":\"es\",\"@id\":\"https:\\\/\\\/secure.gravatar.com\\\/avatar\\\/3ea2118a5f7dad2b7138b1187a6b7ee55f160b9968b66013c3a3ef39dd7e5798?s=96&d=mm&r=g\",\"url\":\"https:\\\/\\\/secure.gravatar.com\\\/avatar\\\/3ea2118a5f7dad2b7138b1187a6b7ee55f160b9968b66013c3a3ef39dd7e5798?s=96&d=mm&r=g\",\"contentUrl\":\"https:\\\/\\\/secure.gravatar.com\\\/avatar\\\/3ea2118a5f7dad2b7138b1187a6b7ee55f160b9968b66013c3a3ef39dd7e5798?s=96&d=mm&r=g\",\"caption\":\"Jeanette\"},\"sameAs\":[\"https:\\\/\\\/www.eldiario.net\\\/portal\"],\"url\":\"https:\\\/\\\/www.eldiario.net\\\/portal\\\/author\\\/jeanette\\\/\"}]}<\/script>\n<!-- \/ Yoast SEO plugin. -->","yoast_head_json":{"title":"Avasalladores atacan a comunarios por tierras - El Diario - Bolivia","robots":{"index":"index","follow":"follow","max-snippet":"max-snippet:-1","max-image-preview":"max-image-preview:large","max-video-preview":"max-video-preview:-1"},"canonical":"https:\/\/www.eldiario.net\/portal\/2023\/12\/03\/avasalladores-atacan-a-comunarios-por-tierras\/","og_locale":"es_ES","og_type":"article","og_title":"Avasalladores atacan a comunarios por tierras - El Diario - Bolivia","og_description":"Los interculturales volvieron a arremeter contra comunarios de la Sub Central Pailitas en el municipio de Ascensi\u00f3n de Guarayos, durante una emboscada que dej\u00f3 un muerto, cuatro personas heridas por disparos con perdigones y camionetas con los parabrisas quebrados. Ariel N\u00fa\u00f1ez, dirigente de esa comunidad, denunci\u00f3 que a las 5:00 de la madrugada de ayer, [&hellip;]","og_url":"https:\/\/www.eldiario.net\/portal\/2023\/12\/03\/avasalladores-atacan-a-comunarios-por-tierras\/","og_site_name":"El Diario - Bolivia","article_publisher":"https:\/\/www.facebook.com\/eldiario.bolivia\/","article_published_time":"2023-12-03T10:32:23+00:00","og_image":[{"width":1847,"height":1787,"url":"https:\/\/www.eldiario.net\/portal\/wp-content\/uploads\/2023\/12\/P-1-15-cm-x-15-scaled-e1701599532750.jpg","type":"image\/jpeg"}],"author":"Jeanette","twitter_card":"summary_large_image","twitter_creator":"@eldiario_net","twitter_site":"@eldiario_net","twitter_misc":{"Escrito por":"Jeanette","Tiempo de lectura":"2 minutos"},"schema":{"@context":"https:\/\/schema.org","@graph":[{"@type":"Article","@id":"https:\/\/www.eldiario.net\/portal\/2023\/12\/03\/avasalladores-atacan-a-comunarios-por-tierras\/#article","isPartOf":{"@id":"https:\/\/www.eldiario.net\/portal\/2023\/12\/03\/avasalladores-atacan-a-comunarios-por-tierras\/"},"author":{"name":"Jeanette","@id":"https:\/\/www.eldiario.net\/portal\/#\/schema\/person\/f46445640444750d7d753ccd04ae01b7"},"headline":"Avasalladores atacan a comunarios por tierras","datePublished":"2023-12-03T10:32:23+00:00","mainEntityOfPage":{"@id":"https:\/\/www.eldiario.net\/portal\/2023\/12\/03\/avasalladores-atacan-a-comunarios-por-tierras\/"},"wordCount":285,"publisher":{"@id":"https:\/\/www.eldiario.net\/portal\/#organization"},"image":{"@id":"https:\/\/www.eldiario.net\/portal\/2023\/12\/03\/avasalladores-atacan-a-comunarios-por-tierras\/#primaryimage"},"thumbnailUrl":"https:\/\/www.eldiario.net\/portal\/wp-content\/uploads\/2023\/12\/P-1-15-cm-x-15-scaled-e1701599532750.jpg","articleSection":["Principal"],"inLanguage":"es"},{"@type":"WebPage","@id":"https:\/\/www.eldiario.net\/portal\/2023\/12\/03\/avasalladores-atacan-a-comunarios-por-tierras\/","url":"https:\/\/www.eldiario.net\/portal\/2023\/12\/03\/avasalladores-atacan-a-comunarios-por-tierras\/","name":"Avasalladores atacan a comunarios por tierras - El Diario - Bolivia","isPartOf":{"@id":"https:\/\/www.eldiario.net\/portal\/#website"},"primaryImageOfPage":{"@id":"https:\/\/www.eldiario.net\/portal\/2023\/12\/03\/avasalladores-atacan-a-comunarios-por-tierras\/#primaryimage"},"image":{"@id":"https:\/\/www.eldiario.net\/portal\/2023\/12\/03\/avasalladores-atacan-a-comunarios-por-tierras\/#primaryimage"},"thumbnailUrl":"https:\/\/www.eldiario.net\/portal\/wp-content\/uploads\/2023\/12\/P-1-15-cm-x-15-scaled-e1701599532750.jpg","datePublished":"2023-12-03T10:32:23+00:00","breadcrumb":{"@id":"https:\/\/www.eldiario.net\/portal\/2023\/12\/03\/avasalladores-atacan-a-comunarios-por-tierras\/#breadcrumb"},"inLanguage":"es","potentialAction":[{"@type":"ReadAction","target":["https:\/\/www.eldiario.net\/portal\/2023\/12\/03\/avasalladores-atacan-a-comunarios-por-tierras\/"]}]},{"@type":"ImageObject","inLanguage":"es","@id":"https:\/\/www.eldiario.net\/portal\/2023\/12\/03\/avasalladores-atacan-a-comunarios-por-tierras\/#primaryimage","url":"https:\/\/www.eldiario.net\/portal\/wp-content\/uploads\/2023\/12\/P-1-15-cm-x-15-scaled-e1701599532750.jpg","contentUrl":"https:\/\/www.eldiario.net\/portal\/wp-content\/uploads\/2023\/12\/P-1-15-cm-x-15-scaled-e1701599532750.jpg","width":1847,"height":1787,"caption":"Los conflictos por tierras recrudecen en la Sub Central Pailitas, ya que los interculturales volvieron a generar enfrentamientos."},{"@type":"BreadcrumbList","@id":"https:\/\/www.eldiario.net\/portal\/2023\/12\/03\/avasalladores-atacan-a-comunarios-por-tierras\/#breadcrumb","itemListElement":[{"@type":"ListItem","position":1,"name":"Portada","item":"https:\/\/www.eldiario.net\/portal\/"},{"@type":"ListItem","position":2,"name":"Avasalladores atacan a comunarios por tierras"}]},{"@type":"WebSite","@id":"https:\/\/www.eldiario.net\/portal\/#website","url":"https:\/\/www.eldiario.net\/portal\/","name":"El Diario - Decano de la prensa nacional","description":"El Diario - Decano de la prensa nacional","publisher":{"@id":"https:\/\/www.eldiario.net\/portal\/#organization"},"potentialAction":[{"@type":"SearchAction","target":{"@type":"EntryPoint","urlTemplate":"https:\/\/www.eldiario.net\/portal\/?s={search_term_string}"},"query-input":{"@type":"PropertyValueSpecification","valueRequired":true,"valueName":"search_term_string"}}],"inLanguage":"es"},{"@type":"Organization","@id":"https:\/\/www.eldiario.net\/portal\/#organization","name":"El Diario - Decano de la prensa nacional","url":"https:\/\/www.eldiario.net\/portal\/","logo":{"@type":"ImageObject","inLanguage":"es","@id":"https:\/\/www.eldiario.net\/portal\/#\/schema\/logo\/image\/","url":"https:\/\/www.eldiario.net\/portal\/wp-content\/uploads\/2023\/07\/logo_ED.jpg","contentUrl":"https:\/\/www.eldiario.net\/portal\/wp-content\/uploads\/2023\/07\/logo_ED.jpg","width":272,"height":52,"caption":"El Diario - Decano de la prensa nacional"},"image":{"@id":"https:\/\/www.eldiario.net\/portal\/#\/schema\/logo\/image\/"},"sameAs":["https:\/\/www.facebook.com\/eldiario.bolivia\/","https:\/\/x.com\/eldiario_net"]},{"@type":"Person","@id":"https:\/\/www.eldiario.net\/portal\/#\/schema\/person\/f46445640444750d7d753ccd04ae01b7","name":"Jeanette","image":{"@type":"ImageObject","inLanguage":"es","@id":"https:\/\/secure.gravatar.com\/avatar\/3ea2118a5f7dad2b7138b1187a6b7ee55f160b9968b66013c3a3ef39dd7e5798?s=96&d=mm&r=g","url":"https:\/\/secure.gravatar.com\/avatar\/3ea2118a5f7dad2b7138b1187a6b7ee55f160b9968b66013c3a3ef39dd7e5798?s=96&d=mm&r=g","contentUrl":"https:\/\/secure.gravatar.com\/avatar\/3ea2118a5f7dad2b7138b1187a6b7ee55f160b9968b66013c3a3ef39dd7e5798?s=96&d=mm&r=g","caption":"Jeanette"},"sameAs":["https:\/\/www.eldiario.net\/portal"],"url":"https:\/\/www.eldiario.net\/portal\/author\/jeanette\/"}]}},"_links":{"self":[{"href":"https:\/\/www.eldiario.net\/portal\/wp-json\/wp\/v2\/posts\/190771","targetHints":{"allow":["GET"]}}],"collection":[{"href":"https:\/\/www.eldiario.net\/portal\/wp-json\/wp\/v2\/posts"}],"about":[{"href":"https:\/\/www.eldiario.net\/portal\/wp-json\/wp\/v2\/types\/post"}],"author":[{"embeddable":true,"href":"https:\/\/www.eldiario.net\/portal\/wp-json\/wp\/v2\/users\/1"}],"replies":[{"embeddable":true,"href":"https:\/\/www.eldiario.net\/portal\/wp-json\/wp\/v2\/comments?post=190771"}],"version-history":[{"count":0,"href":"https:\/\/www.eldiario.net\/portal\/wp-json\/wp\/v2\/posts\/190771\/revisions"}],"wp:featuredmedia":[{"embeddable":true,"href":"https:\/\/www.eldiario.net\/portal\/wp-json\/wp\/v2\/media\/190772"}],"wp:attachment":[{"href":"https:\/\/www.eldiario.net\/portal\/wp-json\/wp\/v2\/media?parent=190771"}],"wp:term":[{"taxonomy":"category","embeddable":true,"href":"https:\/\/www.eldiario.net\/portal\/wp-json\/wp\/v2\/categories?post=190771"},{"taxonomy":"post_tag","embeddable":true,"href":"https:\/\/www.eldiario.net\/portal\/wp-json\/wp\/v2\/tags?post=190771"}],"curies":[{"name":"wp","href":"https:\/\/api.w.org\/{rel}","templated":true}]}}