{"id":190098,"date":"2023-11-29T06:27:04","date_gmt":"2023-11-29T10:27:04","guid":{"rendered":"https:\/\/www.eldiario.net\/portal\/?p=190087"},"modified":"2023-11-29T06:27:04","modified_gmt":"2023-11-29T10:27:04","slug":"se-agudiza-la-crisis-economica-en-bolivia-y-existe-riesgo-de-un-default","status":"publish","type":"post","link":"https:\/\/www.eldiario.net\/portal\/2023\/11\/29\/se-agudiza-la-crisis-economica-en-bolivia-y-existe-riesgo-de-un-default\/","title":{"rendered":"Se agudiza la crisis econ\u00f3mica en Bolivia y existe riesgo de un default"},"content":{"rendered":"<p>Actualmente, se ha llegado a una situaci\u00f3n l\u00edmite en la econom\u00eda nacional. El d\u00e9ficit y endeudamiento se tornan insostenibles, con riesgo de default (impago) y las reservas pr\u00e1cticamente se han agotado. El pa\u00eds est\u00e1 nuevamente en riesgo de una crisis de deuda despu\u00e9s de cuatro d\u00e9cadas, de acuerdo a un an\u00e1lisis de la Fundaci\u00f3n Jubileo.<br \/>\nEl endeudamiento creci\u00f3 durante y despu\u00e9s del per\u00edodo de bonanza de los precios altos de la materia prima, en especial del petr\u00f3leo y minerales, y por consiguiente del gas que se vende a pa\u00edses de Brasil y Argentina.<br \/>\nCaen las Reservas Internacionales y sube el endeudamiento. Jubileo se\u00f1ala que las mismas est\u00e1n en 1.800 millones de d\u00f3lares, y la tendencia apunta a seguir reduciendo la cifra, de no cambiar su pol\u00edtica econ\u00f3mica el Gobierno del Movimiento al Socialismo (MAS).<br \/>\nEl pa\u00eds est\u00e1 nuevamente en riesgo de una crisis y podr\u00eda llegar a una situaci\u00f3n de impago (default), advierte Jubileo y agrega que el endeudamiento interno y externo, para financiar el d\u00e9ficit fiscal (continuar expandiendo\/altos gastos) va en aumento.<br \/>\nAsimismo, se\u00f1ala que el endeudamiento externo, que ha permitido parcialmente contener la ca\u00edda de reservas tiene un l\u00edmite. Desde el a\u00f1o 2007 hasta la actualidad, la deuda externa se ha multiplicado por m\u00e1s de 6 veces, llegando a 13.408 millones de d\u00f3lares a septiembre de 2023.<br \/>\nCon relaci\u00f3n a la deuda interna del Tesoro General de la Naci\u00f3n (TGN), esta comenz\u00f3 a crecer significativamente desde 2018, principalmente, otorgada por el Banco Central. Entre 2017 y 2023 -en menos de 6 a\u00f1os- la deuda interna se multiplic\u00f3 al menos tres veces, llegando a 128.115 millones de bolivianos al mes de septiembre.<br \/>\nQuiebra<br \/>\nEl economista Ernesto Sheriff escribi\u00f3 en X (Twitter), @sheriff_ernesto: El Estado boliviano no s\u00f3lo tiene un problema de liquidez (corto plazo), adem\u00e1s tiene un problema de insolvencia (largo plazo). Eso se llama quiebra. La calificaci\u00f3n de riesgo es ben\u00e9vola a\u00fan, ya que no est\u00e1 tomando todas las dimensiones del desastre.<br \/>\nMientras el presidente del Colegio de Economistas de Tarija, Fernando Romero, sobre el informe de la Fundaci\u00f3n Jubileo, indic\u00f3 que es muy factible una crisis de deuda por default, por incapacidad de poder solventar y pagar compromisos a la actual administraci\u00f3n del Estado.<br \/>\nMenciona que las acciones del Gobierno, como la venta de activos estatales, con referencia al oro, la casi liquidaci\u00f3n de los Derechos Especiales de Giro (DEGs) del Fondo Monetario Internacional, son muestras de la falta de divisas para pagar a proveedores, como es el caso de los carburantes.<br \/>\n\u201cTenemos poca elasticidad en t\u00e9rminos de ingreso. La situaci\u00f3n se torna m\u00e1s cr\u00edtica\u201d, dijo a tiempo de indicar que la salida es m\u00e1s significativa que el ingreso de divisas al mercado nacional, que podr\u00eda provocar una crisis de balanza de pagos.<br \/>\nMencion\u00f3 que la ca\u00edda de la calificaci\u00f3n crediticia de Standard &amp; Poor\u00b4s es reflejo de los indicadores negativos que presenta el pa\u00eds; a pesar de que el Gobierno se\u00f1al\u00f3 que, la calificadora, no tom\u00f3 en cuenta la reducci\u00f3n de la desocupaci\u00f3n, la baja inflaci\u00f3n y la estabilidad econ\u00f3mica.<br \/>\nRomero dijo que las reservas cayeron en 80%, mientras que la deuda p\u00fablica es m\u00e1s del 90%, que contempla tanto interna como externa, pero el Gobierno s\u00f3lo toma en cuenta la segunda para seguir prest\u00e1ndose e indicando que tiene todav\u00eda margen para el endeudamiento.<\/p>\n<p>Cambio<br \/>\nRomero coincide con el economista Dante Pino, por separado, de que si el Gobierno no realiza cambios en su modelo econ\u00f3mico de exportador primario, llevar\u00e1 a la econom\u00eda a una situaci\u00f3n irreversible de mayor inflaci\u00f3n y p\u00e9rdida del poder adquisitivo.<br \/>\nY tambi\u00e9n coincidi\u00f3 con Sheriff, por separado, que el Gobierno no s\u00f3lo tiene problemas por la escasez de d\u00f3lares, sino que tambi\u00e9n no puede generar ingresos, por ello se endeuda para pagar la deuda.<\/p>\n<p>Ingresos<br \/>\nPino, en sus redes sociales, se\u00f1al\u00f3 que los ingresos fiscales cayeron. En 2014 estos eran de 51% y a la fecha solo registra 27%, esto debido a la ca\u00edda de la producci\u00f3n de gas natural, que provoc\u00f3 menos env\u00edos a los mercados vecinos y una reducci\u00f3n de divisas.<br \/>\n\u201cEl gas ha llegado a su final\u201d, sentenci\u00f3 a tiempo de indicar que esta situaci\u00f3n ha provocado que el Gobierno solicite cr\u00e9ditos al Banco Central de Bolivia (BCB), y este entregaba en promedio 1.200 millones de d\u00f3lares cada a\u00f1o, por esta acci\u00f3n cayeron las reservas.<br \/>\nAdvierte que, el BCB otorga cr\u00e9dito al Gobierno sin respaldo y la crisis se puede observar en la escasez de combustibles, en las estaciones de servicio a nivel nacional.<br \/>\nPlantea nuevamente lo que otros economistas indicaron, que es hora de eliminar la subvenci\u00f3n, pero se pregunta si podr\u00e1 hacerlo la actual administraci\u00f3n, ya que provocar\u00e1 una inestabilidad social significativa, como se lo hizo en 2010.<\/p>\n<p>Historia<br \/>\nEn un an\u00e1lisis hist\u00f3rico, observando los \u00faltimos 52 a\u00f1os (1970-2022), se han identificado tres per\u00edodos con caracter\u00edsticas particulares, el primero 1970-1981 de gobiernos militares, el segundo per\u00edodo de 1982-2005 de retorno a la democracia y econom\u00eda de mercado; y el tercero entre 2006- 2022, correspondiente al Estado Plurinacional.<br \/>\nSi bien cada per\u00edodo tiene sus caracter\u00edsticas particulares, existen similitudes entre el 1er. y 3er. per\u00edodo, siendo que se beneficiaron de un contexto externo favorable por altos precios internacionales, comenzaron su gesti\u00f3n con niveles bajos de saldo de deuda p\u00fablica total, se registr\u00f3 un mayor gasto p\u00fablico y finalizaron con niveles elevados de saldos de endeudamiento hasta un l\u00edmite dif\u00edcil de sostener que, ineludiblemente, deber\u00edan concluir con programas de ajuste para resolver el problema de inestabilidad econ\u00f3mica, se\u00f1ala el informe de Fundaci\u00f3n Jubileo.<\/p>\n<p>Beneficio<br \/>\nLa deuda que se ha contratado y que se est\u00e1 contratando en los \u00faltimos a\u00f1os no es beneficiosa para el pa\u00eds -no genera retornos- puesto que, en realidad, la inversi\u00f3n ha estado cayendo en los \u00faltimos a\u00f1os.<br \/>\nB\u00e1sicamente est\u00e1 orientada a alimentar un modelo que no funciona. Se contrata deuda interna para sostener gastos altos. Y deuda externa para gastos y para contener parcialmente la ca\u00edda de Reservas Internacionales (crisis de balanza de pagos). Ambos son problemas generados por el modelo actual y, en lugar de solucionarlos, el pa\u00eds se ha seguido endeudado para postergar los problemas, se\u00f1ala Fundaci\u00f3n Jubileo.<br \/>\nDe igual manera, la deuda de las empresas p\u00fablicas es parte de la apuesta del modelo y sin resultados.<br \/>\nPor otra parte, para la presente gesti\u00f3n se proyect\u00f3 un crecimiento de 4,8%, pero en las \u00faltimas semanas modificaron su estimaci\u00f3n las autoridades del sector econ\u00f3mico a 3%, los organismos internacionales se\u00f1alan que podr\u00eda llegar a 2,2% o quiz\u00e1 a 1,8%.<\/p>\n<div id='gallery-1' class='gallery galleryid-190098 gallery-columns-3 gallery-size-medium'><figure class='gallery-item'>\n\t\t\t<div class='gallery-icon landscape'>\n\t\t\t\t<a href='https:\/\/www.eldiario.net\/portal\/2023\/11\/29\/aaps-suspende-anunciado-tarifazo-de-agua-en-el-pais\/director-ejecutivo-de-la-aaps-alejandro-araujo\/'><img loading=\"lazy\" decoding=\"async\" width=\"300\" height=\"194\" src=\"https:\/\/www.eldiario.net\/portal\/wp-content\/uploads\/2023\/11\/P-2-10-cm-x-7-12-scaled-1-300x194.jpg\" class=\"attachment-medium size-medium\" alt=\"\" aria-describedby=\"gallery-1-190088\" srcset=\"https:\/\/www.eldiario.net\/portal\/wp-content\/uploads\/2023\/11\/P-2-10-cm-x-7-12-scaled-1-300x194.jpg 300w, https:\/\/www.eldiario.net\/portal\/wp-content\/uploads\/2023\/11\/P-2-10-cm-x-7-12-scaled-1-1024x662.jpg 1024w, https:\/\/www.eldiario.net\/portal\/wp-content\/uploads\/2023\/11\/P-2-10-cm-x-7-12-scaled-1-768x496.jpg 768w, https:\/\/www.eldiario.net\/portal\/wp-content\/uploads\/2023\/11\/P-2-10-cm-x-7-12-scaled-1-1536x992.jpg 1536w, https:\/\/www.eldiario.net\/portal\/wp-content\/uploads\/2023\/11\/P-2-10-cm-x-7-12-scaled-1-2048x1323.jpg 2048w, https:\/\/www.eldiario.net\/portal\/wp-content\/uploads\/2023\/11\/P-2-10-cm-x-7-12-scaled-1-696x450.jpg 696w, https:\/\/www.eldiario.net\/portal\/wp-content\/uploads\/2023\/11\/P-2-10-cm-x-7-12-scaled-1-1068x690.jpg 1068w, https:\/\/www.eldiario.net\/portal\/wp-content\/uploads\/2023\/11\/P-2-10-cm-x-7-12-scaled-1-1920x1241.jpg 1920w\" sizes=\"auto, (max-width: 300px) 100vw, 300px\" \/><\/a>\n\t\t\t<\/div>\n\t\t\t\t<figcaption class='wp-caption-text gallery-caption' id='gallery-1-190088'>\n\t\t\t\tNuevo director de la AAPS, Alejandro Araujo.\n\n\t\t\t\t<\/figcaption><\/figure>\n\t\t<\/div>\n\n","protected":false},"excerpt":{"rendered":"<p>Actualmente, se ha llegado a una situaci\u00f3n l\u00edmite en la econom\u00eda nacional. El d\u00e9ficit y endeudamiento se tornan insostenibles, con riesgo de default (impago) y las reservas pr\u00e1cticamente se han agotado. El pa\u00eds est\u00e1 nuevamente en riesgo de una crisis de deuda despu\u00e9s de cuatro d\u00e9cadas, de acuerdo a un an\u00e1lisis de la Fundaci\u00f3n Jubileo. [&hellip;]<\/p>\n","protected":false},"author":1,"featured_media":190099,"comment_status":"closed","ping_status":"open","sticky":false,"template":"","format":"standard","meta":{"_acf_changed":false,"footnotes":""},"categories":[7],"tags":[],"class_list":["post-190098","post","type-post","status-publish","format-standard","has-post-thumbnail","category-economia"],"acf":{"antetitulo":""},"yoast_head":"<!-- This site is optimized with the Yoast SEO plugin v28.3 - https:\/\/yoast.com\/product\/yoast-seo-wordpress\/ -->\n<title>Se agudiza la crisis econ\u00f3mica en Bolivia y existe riesgo de un default - El Diario - Bolivia<\/title>\n<meta name=\"robots\" content=\"index, follow, max-snippet:-1, max-image-preview:large, max-video-preview:-1\" \/>\n<link rel=\"canonical\" href=\"https:\/\/www.eldiario.net\/portal\/2023\/11\/29\/se-agudiza-la-crisis-economica-en-bolivia-y-existe-riesgo-de-un-default\/\" \/>\n<meta property=\"og:locale\" content=\"es_ES\" \/>\n<meta property=\"og:type\" content=\"article\" \/>\n<meta property=\"og:title\" content=\"Se agudiza la crisis econ\u00f3mica en Bolivia y existe riesgo de un default - El Diario - Bolivia\" \/>\n<meta property=\"og:description\" content=\"Actualmente, se ha llegado a una situaci\u00f3n l\u00edmite en la econom\u00eda nacional. El d\u00e9ficit y endeudamiento se tornan insostenibles, con riesgo de default (impago) y las reservas pr\u00e1cticamente se han agotado. El pa\u00eds est\u00e1 nuevamente en riesgo de una crisis de deuda despu\u00e9s de cuatro d\u00e9cadas, de acuerdo a un an\u00e1lisis de la Fundaci\u00f3n Jubileo. [&hellip;]\" \/>\n<meta property=\"og:url\" content=\"https:\/\/www.eldiario.net\/portal\/2023\/11\/29\/se-agudiza-la-crisis-economica-en-bolivia-y-existe-riesgo-de-un-default\/\" \/>\n<meta property=\"og:site_name\" content=\"El Diario - Bolivia\" \/>\n<meta property=\"article:publisher\" content=\"https:\/\/www.facebook.com\/eldiario.bolivia\/\" \/>\n<meta property=\"article:published_time\" content=\"2023-11-29T10:27:04+00:00\" \/>\n<meta property=\"og:image\" content=\"https:\/\/www.eldiario.net\/portal\/wp-content\/uploads\/2023\/11\/deuda-1.jpg\" \/>\n\t<meta property=\"og:image:width\" content=\"2362\" \/>\n\t<meta property=\"og:image:height\" content=\"1326\" \/>\n\t<meta property=\"og:image:type\" content=\"image\/jpeg\" \/>\n<meta name=\"author\" content=\"Jeanette\" \/>\n<meta name=\"twitter:card\" content=\"summary_large_image\" \/>\n<meta name=\"twitter:creator\" content=\"@eldiario_net\" \/>\n<meta name=\"twitter:site\" content=\"@eldiario_net\" \/>\n<meta name=\"twitter:label1\" content=\"Escrito por\" \/>\n\t<meta name=\"twitter:data1\" content=\"Jeanette\" \/>\n\t<meta name=\"twitter:label2\" content=\"Tiempo de lectura\" \/>\n\t<meta name=\"twitter:data2\" content=\"5 minutos\" \/>\n<script type=\"application\/ld+json\" class=\"yoast-schema-graph\">{\"@context\":\"https:\\\/\\\/schema.org\",\"@graph\":[{\"@type\":\"Article\",\"@id\":\"https:\\\/\\\/www.eldiario.net\\\/portal\\\/2023\\\/11\\\/29\\\/se-agudiza-la-crisis-economica-en-bolivia-y-existe-riesgo-de-un-default\\\/#article\",\"isPartOf\":{\"@id\":\"https:\\\/\\\/www.eldiario.net\\\/portal\\\/2023\\\/11\\\/29\\\/se-agudiza-la-crisis-economica-en-bolivia-y-existe-riesgo-de-un-default\\\/\"},\"author\":{\"name\":\"Jeanette\",\"@id\":\"https:\\\/\\\/www.eldiario.net\\\/portal\\\/#\\\/schema\\\/person\\\/f46445640444750d7d753ccd04ae01b7\"},\"headline\":\"Se agudiza la crisis econ\u00f3mica en Bolivia y existe riesgo de un default\",\"datePublished\":\"2023-11-29T10:27:04+00:00\",\"mainEntityOfPage\":{\"@id\":\"https:\\\/\\\/www.eldiario.net\\\/portal\\\/2023\\\/11\\\/29\\\/se-agudiza-la-crisis-economica-en-bolivia-y-existe-riesgo-de-un-default\\\/\"},\"wordCount\":1188,\"publisher\":{\"@id\":\"https:\\\/\\\/www.eldiario.net\\\/portal\\\/#organization\"},\"image\":{\"@id\":\"https:\\\/\\\/www.eldiario.net\\\/portal\\\/2023\\\/11\\\/29\\\/se-agudiza-la-crisis-economica-en-bolivia-y-existe-riesgo-de-un-default\\\/#primaryimage\"},\"thumbnailUrl\":\"https:\\\/\\\/www.eldiario.net\\\/portal\\\/wp-content\\\/uploads\\\/2023\\\/11\\\/deuda-1.jpg\",\"articleSection\":[\"Econom\u00eda\"],\"inLanguage\":\"es\"},{\"@type\":\"WebPage\",\"@id\":\"https:\\\/\\\/www.eldiario.net\\\/portal\\\/2023\\\/11\\\/29\\\/se-agudiza-la-crisis-economica-en-bolivia-y-existe-riesgo-de-un-default\\\/\",\"url\":\"https:\\\/\\\/www.eldiario.net\\\/portal\\\/2023\\\/11\\\/29\\\/se-agudiza-la-crisis-economica-en-bolivia-y-existe-riesgo-de-un-default\\\/\",\"name\":\"Se agudiza la crisis econ\u00f3mica en Bolivia y existe riesgo de un default - El Diario - Bolivia\",\"isPartOf\":{\"@id\":\"https:\\\/\\\/www.eldiario.net\\\/portal\\\/#website\"},\"primaryImageOfPage\":{\"@id\":\"https:\\\/\\\/www.eldiario.net\\\/portal\\\/2023\\\/11\\\/29\\\/se-agudiza-la-crisis-economica-en-bolivia-y-existe-riesgo-de-un-default\\\/#primaryimage\"},\"image\":{\"@id\":\"https:\\\/\\\/www.eldiario.net\\\/portal\\\/2023\\\/11\\\/29\\\/se-agudiza-la-crisis-economica-en-bolivia-y-existe-riesgo-de-un-default\\\/#primaryimage\"},\"thumbnailUrl\":\"https:\\\/\\\/www.eldiario.net\\\/portal\\\/wp-content\\\/uploads\\\/2023\\\/11\\\/deuda-1.jpg\",\"datePublished\":\"2023-11-29T10:27:04+00:00\",\"breadcrumb\":{\"@id\":\"https:\\\/\\\/www.eldiario.net\\\/portal\\\/2023\\\/11\\\/29\\\/se-agudiza-la-crisis-economica-en-bolivia-y-existe-riesgo-de-un-default\\\/#breadcrumb\"},\"inLanguage\":\"es\",\"potentialAction\":[{\"@type\":\"ReadAction\",\"target\":[\"https:\\\/\\\/www.eldiario.net\\\/portal\\\/2023\\\/11\\\/29\\\/se-agudiza-la-crisis-economica-en-bolivia-y-existe-riesgo-de-un-default\\\/\"]}]},{\"@type\":\"ImageObject\",\"inLanguage\":\"es\",\"@id\":\"https:\\\/\\\/www.eldiario.net\\\/portal\\\/2023\\\/11\\\/29\\\/se-agudiza-la-crisis-economica-en-bolivia-y-existe-riesgo-de-un-default\\\/#primaryimage\",\"url\":\"https:\\\/\\\/www.eldiario.net\\\/portal\\\/wp-content\\\/uploads\\\/2023\\\/11\\\/deuda-1.jpg\",\"contentUrl\":\"https:\\\/\\\/www.eldiario.net\\\/portal\\\/wp-content\\\/uploads\\\/2023\\\/11\\\/deuda-1.jpg\",\"width\":2362,\"height\":1326},{\"@type\":\"BreadcrumbList\",\"@id\":\"https:\\\/\\\/www.eldiario.net\\\/portal\\\/2023\\\/11\\\/29\\\/se-agudiza-la-crisis-economica-en-bolivia-y-existe-riesgo-de-un-default\\\/#breadcrumb\",\"itemListElement\":[{\"@type\":\"ListItem\",\"position\":1,\"name\":\"Portada\",\"item\":\"https:\\\/\\\/www.eldiario.net\\\/portal\\\/\"},{\"@type\":\"ListItem\",\"position\":2,\"name\":\"Se agudiza la crisis econ\u00f3mica en Bolivia y existe riesgo de un default\"}]},{\"@type\":\"WebSite\",\"@id\":\"https:\\\/\\\/www.eldiario.net\\\/portal\\\/#website\",\"url\":\"https:\\\/\\\/www.eldiario.net\\\/portal\\\/\",\"name\":\"El Diario - Decano de la prensa nacional\",\"description\":\"El Diario - Decano de la prensa nacional\",\"publisher\":{\"@id\":\"https:\\\/\\\/www.eldiario.net\\\/portal\\\/#organization\"},\"potentialAction\":[{\"@type\":\"SearchAction\",\"target\":{\"@type\":\"EntryPoint\",\"urlTemplate\":\"https:\\\/\\\/www.eldiario.net\\\/portal\\\/?s={search_term_string}\"},\"query-input\":{\"@type\":\"PropertyValueSpecification\",\"valueRequired\":true,\"valueName\":\"search_term_string\"}}],\"inLanguage\":\"es\"},{\"@type\":\"Organization\",\"@id\":\"https:\\\/\\\/www.eldiario.net\\\/portal\\\/#organization\",\"name\":\"El Diario - Decano de la prensa nacional\",\"url\":\"https:\\\/\\\/www.eldiario.net\\\/portal\\\/\",\"logo\":{\"@type\":\"ImageObject\",\"inLanguage\":\"es\",\"@id\":\"https:\\\/\\\/www.eldiario.net\\\/portal\\\/#\\\/schema\\\/logo\\\/image\\\/\",\"url\":\"https:\\\/\\\/www.eldiario.net\\\/portal\\\/wp-content\\\/uploads\\\/2023\\\/07\\\/logo_ED.jpg\",\"contentUrl\":\"https:\\\/\\\/www.eldiario.net\\\/portal\\\/wp-content\\\/uploads\\\/2023\\\/07\\\/logo_ED.jpg\",\"width\":272,\"height\":52,\"caption\":\"El Diario - Decano de la prensa nacional\"},\"image\":{\"@id\":\"https:\\\/\\\/www.eldiario.net\\\/portal\\\/#\\\/schema\\\/logo\\\/image\\\/\"},\"sameAs\":[\"https:\\\/\\\/www.facebook.com\\\/eldiario.bolivia\\\/\",\"https:\\\/\\\/x.com\\\/eldiario_net\"]},{\"@type\":\"Person\",\"@id\":\"https:\\\/\\\/www.eldiario.net\\\/portal\\\/#\\\/schema\\\/person\\\/f46445640444750d7d753ccd04ae01b7\",\"name\":\"Jeanette\",\"image\":{\"@type\":\"ImageObject\",\"inLanguage\":\"es\",\"@id\":\"https:\\\/\\\/secure.gravatar.com\\\/avatar\\\/3ea2118a5f7dad2b7138b1187a6b7ee55f160b9968b66013c3a3ef39dd7e5798?s=96&d=mm&r=g\",\"url\":\"https:\\\/\\\/secure.gravatar.com\\\/avatar\\\/3ea2118a5f7dad2b7138b1187a6b7ee55f160b9968b66013c3a3ef39dd7e5798?s=96&d=mm&r=g\",\"contentUrl\":\"https:\\\/\\\/secure.gravatar.com\\\/avatar\\\/3ea2118a5f7dad2b7138b1187a6b7ee55f160b9968b66013c3a3ef39dd7e5798?s=96&d=mm&r=g\",\"caption\":\"Jeanette\"},\"sameAs\":[\"https:\\\/\\\/www.eldiario.net\\\/portal\"],\"url\":\"https:\\\/\\\/www.eldiario.net\\\/portal\\\/author\\\/jeanette\\\/\"}]}<\/script>\n<!-- \/ Yoast SEO plugin. -->","yoast_head_json":{"title":"Se agudiza la crisis econ\u00f3mica en Bolivia y existe riesgo de un default - El Diario - Bolivia","robots":{"index":"index","follow":"follow","max-snippet":"max-snippet:-1","max-image-preview":"max-image-preview:large","max-video-preview":"max-video-preview:-1"},"canonical":"https:\/\/www.eldiario.net\/portal\/2023\/11\/29\/se-agudiza-la-crisis-economica-en-bolivia-y-existe-riesgo-de-un-default\/","og_locale":"es_ES","og_type":"article","og_title":"Se agudiza la crisis econ\u00f3mica en Bolivia y existe riesgo de un default - El Diario - Bolivia","og_description":"Actualmente, se ha llegado a una situaci\u00f3n l\u00edmite en la econom\u00eda nacional. El d\u00e9ficit y endeudamiento se tornan insostenibles, con riesgo de default (impago) y las reservas pr\u00e1cticamente se han agotado. El pa\u00eds est\u00e1 nuevamente en riesgo de una crisis de deuda despu\u00e9s de cuatro d\u00e9cadas, de acuerdo a un an\u00e1lisis de la Fundaci\u00f3n Jubileo. [&hellip;]","og_url":"https:\/\/www.eldiario.net\/portal\/2023\/11\/29\/se-agudiza-la-crisis-economica-en-bolivia-y-existe-riesgo-de-un-default\/","og_site_name":"El Diario - Bolivia","article_publisher":"https:\/\/www.facebook.com\/eldiario.bolivia\/","article_published_time":"2023-11-29T10:27:04+00:00","og_image":[{"width":2362,"height":1326,"url":"https:\/\/www.eldiario.net\/portal\/wp-content\/uploads\/2023\/11\/deuda-1.jpg","type":"image\/jpeg"}],"author":"Jeanette","twitter_card":"summary_large_image","twitter_creator":"@eldiario_net","twitter_site":"@eldiario_net","twitter_misc":{"Escrito por":"Jeanette","Tiempo de lectura":"5 minutos"},"schema":{"@context":"https:\/\/schema.org","@graph":[{"@type":"Article","@id":"https:\/\/www.eldiario.net\/portal\/2023\/11\/29\/se-agudiza-la-crisis-economica-en-bolivia-y-existe-riesgo-de-un-default\/#article","isPartOf":{"@id":"https:\/\/www.eldiario.net\/portal\/2023\/11\/29\/se-agudiza-la-crisis-economica-en-bolivia-y-existe-riesgo-de-un-default\/"},"author":{"name":"Jeanette","@id":"https:\/\/www.eldiario.net\/portal\/#\/schema\/person\/f46445640444750d7d753ccd04ae01b7"},"headline":"Se agudiza la crisis econ\u00f3mica en Bolivia y existe riesgo de un default","datePublished":"2023-11-29T10:27:04+00:00","mainEntityOfPage":{"@id":"https:\/\/www.eldiario.net\/portal\/2023\/11\/29\/se-agudiza-la-crisis-economica-en-bolivia-y-existe-riesgo-de-un-default\/"},"wordCount":1188,"publisher":{"@id":"https:\/\/www.eldiario.net\/portal\/#organization"},"image":{"@id":"https:\/\/www.eldiario.net\/portal\/2023\/11\/29\/se-agudiza-la-crisis-economica-en-bolivia-y-existe-riesgo-de-un-default\/#primaryimage"},"thumbnailUrl":"https:\/\/www.eldiario.net\/portal\/wp-content\/uploads\/2023\/11\/deuda-1.jpg","articleSection":["Econom\u00eda"],"inLanguage":"es"},{"@type":"WebPage","@id":"https:\/\/www.eldiario.net\/portal\/2023\/11\/29\/se-agudiza-la-crisis-economica-en-bolivia-y-existe-riesgo-de-un-default\/","url":"https:\/\/www.eldiario.net\/portal\/2023\/11\/29\/se-agudiza-la-crisis-economica-en-bolivia-y-existe-riesgo-de-un-default\/","name":"Se agudiza la crisis econ\u00f3mica en Bolivia y existe riesgo de un default - El Diario - Bolivia","isPartOf":{"@id":"https:\/\/www.eldiario.net\/portal\/#website"},"primaryImageOfPage":{"@id":"https:\/\/www.eldiario.net\/portal\/2023\/11\/29\/se-agudiza-la-crisis-economica-en-bolivia-y-existe-riesgo-de-un-default\/#primaryimage"},"image":{"@id":"https:\/\/www.eldiario.net\/portal\/2023\/11\/29\/se-agudiza-la-crisis-economica-en-bolivia-y-existe-riesgo-de-un-default\/#primaryimage"},"thumbnailUrl":"https:\/\/www.eldiario.net\/portal\/wp-content\/uploads\/2023\/11\/deuda-1.jpg","datePublished":"2023-11-29T10:27:04+00:00","breadcrumb":{"@id":"https:\/\/www.eldiario.net\/portal\/2023\/11\/29\/se-agudiza-la-crisis-economica-en-bolivia-y-existe-riesgo-de-un-default\/#breadcrumb"},"inLanguage":"es","potentialAction":[{"@type":"ReadAction","target":["https:\/\/www.eldiario.net\/portal\/2023\/11\/29\/se-agudiza-la-crisis-economica-en-bolivia-y-existe-riesgo-de-un-default\/"]}]},{"@type":"ImageObject","inLanguage":"es","@id":"https:\/\/www.eldiario.net\/portal\/2023\/11\/29\/se-agudiza-la-crisis-economica-en-bolivia-y-existe-riesgo-de-un-default\/#primaryimage","url":"https:\/\/www.eldiario.net\/portal\/wp-content\/uploads\/2023\/11\/deuda-1.jpg","contentUrl":"https:\/\/www.eldiario.net\/portal\/wp-content\/uploads\/2023\/11\/deuda-1.jpg","width":2362,"height":1326},{"@type":"BreadcrumbList","@id":"https:\/\/www.eldiario.net\/portal\/2023\/11\/29\/se-agudiza-la-crisis-economica-en-bolivia-y-existe-riesgo-de-un-default\/#breadcrumb","itemListElement":[{"@type":"ListItem","position":1,"name":"Portada","item":"https:\/\/www.eldiario.net\/portal\/"},{"@type":"ListItem","position":2,"name":"Se agudiza la crisis econ\u00f3mica en Bolivia y existe riesgo de un default"}]},{"@type":"WebSite","@id":"https:\/\/www.eldiario.net\/portal\/#website","url":"https:\/\/www.eldiario.net\/portal\/","name":"El Diario - Decano de la prensa nacional","description":"El Diario - Decano de la prensa nacional","publisher":{"@id":"https:\/\/www.eldiario.net\/portal\/#organization"},"potentialAction":[{"@type":"SearchAction","target":{"@type":"EntryPoint","urlTemplate":"https:\/\/www.eldiario.net\/portal\/?s={search_term_string}"},"query-input":{"@type":"PropertyValueSpecification","valueRequired":true,"valueName":"search_term_string"}}],"inLanguage":"es"},{"@type":"Organization","@id":"https:\/\/www.eldiario.net\/portal\/#organization","name":"El Diario - Decano de la prensa nacional","url":"https:\/\/www.eldiario.net\/portal\/","logo":{"@type":"ImageObject","inLanguage":"es","@id":"https:\/\/www.eldiario.net\/portal\/#\/schema\/logo\/image\/","url":"https:\/\/www.eldiario.net\/portal\/wp-content\/uploads\/2023\/07\/logo_ED.jpg","contentUrl":"https:\/\/www.eldiario.net\/portal\/wp-content\/uploads\/2023\/07\/logo_ED.jpg","width":272,"height":52,"caption":"El Diario - Decano de la prensa nacional"},"image":{"@id":"https:\/\/www.eldiario.net\/portal\/#\/schema\/logo\/image\/"},"sameAs":["https:\/\/www.facebook.com\/eldiario.bolivia\/","https:\/\/x.com\/eldiario_net"]},{"@type":"Person","@id":"https:\/\/www.eldiario.net\/portal\/#\/schema\/person\/f46445640444750d7d753ccd04ae01b7","name":"Jeanette","image":{"@type":"ImageObject","inLanguage":"es","@id":"https:\/\/secure.gravatar.com\/avatar\/3ea2118a5f7dad2b7138b1187a6b7ee55f160b9968b66013c3a3ef39dd7e5798?s=96&d=mm&r=g","url":"https:\/\/secure.gravatar.com\/avatar\/3ea2118a5f7dad2b7138b1187a6b7ee55f160b9968b66013c3a3ef39dd7e5798?s=96&d=mm&r=g","contentUrl":"https:\/\/secure.gravatar.com\/avatar\/3ea2118a5f7dad2b7138b1187a6b7ee55f160b9968b66013c3a3ef39dd7e5798?s=96&d=mm&r=g","caption":"Jeanette"},"sameAs":["https:\/\/www.eldiario.net\/portal"],"url":"https:\/\/www.eldiario.net\/portal\/author\/jeanette\/"}]}},"_links":{"self":[{"href":"https:\/\/www.eldiario.net\/portal\/wp-json\/wp\/v2\/posts\/190098","targetHints":{"allow":["GET"]}}],"collection":[{"href":"https:\/\/www.eldiario.net\/portal\/wp-json\/wp\/v2\/posts"}],"about":[{"href":"https:\/\/www.eldiario.net\/portal\/wp-json\/wp\/v2\/types\/post"}],"author":[{"embeddable":true,"href":"https:\/\/www.eldiario.net\/portal\/wp-json\/wp\/v2\/users\/1"}],"replies":[{"embeddable":true,"href":"https:\/\/www.eldiario.net\/portal\/wp-json\/wp\/v2\/comments?post=190098"}],"version-history":[{"count":0,"href":"https:\/\/www.eldiario.net\/portal\/wp-json\/wp\/v2\/posts\/190098\/revisions"}],"wp:featuredmedia":[{"embeddable":true,"href":"https:\/\/www.eldiario.net\/portal\/wp-json\/wp\/v2\/media\/190099"}],"wp:attachment":[{"href":"https:\/\/www.eldiario.net\/portal\/wp-json\/wp\/v2\/media?parent=190098"}],"wp:term":[{"taxonomy":"category","embeddable":true,"href":"https:\/\/www.eldiario.net\/portal\/wp-json\/wp\/v2\/categories?post=190098"},{"taxonomy":"post_tag","embeddable":true,"href":"https:\/\/www.eldiario.net\/portal\/wp-json\/wp\/v2\/tags?post=190098"}],"curies":[{"name":"wp","href":"https:\/\/api.w.org\/{rel}","templated":true}]}}