{"id":190096,"date":"2023-11-29T06:23:49","date_gmt":"2023-11-29T10:23:49","guid":{"rendered":"https:\/\/www.eldiario.net\/portal\/?p=190084"},"modified":"2023-11-29T06:23:49","modified_gmt":"2023-11-29T10:23:49","slug":"medicos-comparten-consultorios-y-limitan-atencion-de-pacientes","status":"publish","type":"post","link":"https:\/\/www.eldiario.net\/portal\/2023\/11\/29\/medicos-comparten-consultorios-y-limitan-atencion-de-pacientes\/","title":{"rendered":"M\u00e9dicos comparten consultorios  y limitan atenci\u00f3n de pacientes"},"content":{"rendered":"<p>Las filas de personas que se forman fuera de los diferentes hospitales en busca de atenci\u00f3n m\u00e9dica contin\u00faa siendo un problema en gran parte del pa\u00eds, as\u00ed se refleja en el Hospital del Ni\u00f1o \u201cManuel Asencio Villarroel\u201d en Cochabamba.<br \/>\nLos padres tienen que esperar por largas horas y hasta pasar la noche en la intemperie, soportando el fr\u00edo y la lluvia para as\u00ed poder guardar un puesto, muchos de ellos, incluso acompa\u00f1ados de sus hijos.<br \/>\nDesde el Hospital del Ni\u00f1o, tambi\u00e9n conocido como \u201cPedi\u00e1trico\u201d se afirma que esta situaci\u00f3n se debe a diferentes factores entre los que se encuentra la alta demanda de pacientes en busca de atenci\u00f3n de los servicios especializados.<br \/>\nSin embargo, pese a que este nosocomio tiene varias especialidades, \u00e9stas no siempre cuentan con un espacio apropiado para la atenci\u00f3n, ya que en muchos casos los m\u00e9dicos se ven obligados a compartir consultorios para poder atender a los pacientes.<br \/>\nSeg\u00fan el director de hospital, Ra\u00fal Copana, algunos m\u00e9dicos tienen horarios establecidos y deben limitar la cantidad de fichas de atenci\u00f3n, para poder dejar libre el consultorio y as\u00ed otro especialista pueda ocuparlo.<br \/>\n\u201cLa estructura insuficiente que nos obliga a restringir los horarios de atenci\u00f3n de nuestros especialistas en vista que nuestros consultorios son escasos, tienen que servir para todos\u201d, inform\u00f3.<br \/>\nHasta que no se encuentre una soluci\u00f3n, las filas en el \u201cPedi\u00e1trico\u201d y los otros hospitales del departamento y el resto del pa\u00eds continuar\u00e1n. (Cochabamba, con datos de Unitel)<\/p>\n","protected":false},"excerpt":{"rendered":"<p>Las filas de personas que se forman fuera de los diferentes hospitales en busca de atenci\u00f3n m\u00e9dica contin\u00faa siendo un problema en gran parte del pa\u00eds, as\u00ed se refleja en el Hospital del Ni\u00f1o \u201cManuel Asencio Villarroel\u201d en Cochabamba. Los padres tienen que esperar por largas horas y hasta pasar la noche en la intemperie, [&hellip;]<\/p>\n","protected":false},"author":1,"featured_media":190097,"comment_status":"closed","ping_status":"open","sticky":false,"template":"","format":"standard","meta":{"_acf_changed":false,"footnotes":""},"categories":[12],"tags":[],"class_list":["post-190096","post","type-post","status-publish","format-standard","has-post-thumbnail","category-nacional"],"acf":{"antetitulo":""},"yoast_head":"<!-- This site is optimized with the Yoast SEO plugin v28.3 - https:\/\/yoast.com\/product\/yoast-seo-wordpress\/ -->\n<title>M\u00e9dicos comparten consultorios y limitan atenci\u00f3n de pacientes - El Diario - Bolivia<\/title>\n<meta name=\"robots\" content=\"index, follow, max-snippet:-1, max-image-preview:large, max-video-preview:-1\" \/>\n<link rel=\"canonical\" href=\"https:\/\/www.eldiario.net\/portal\/2023\/11\/29\/medicos-comparten-consultorios-y-limitan-atencion-de-pacientes\/\" \/>\n<meta property=\"og:locale\" content=\"es_ES\" \/>\n<meta property=\"og:type\" content=\"article\" \/>\n<meta property=\"og:title\" content=\"M\u00e9dicos comparten consultorios y limitan atenci\u00f3n de pacientes - El Diario - Bolivia\" \/>\n<meta property=\"og:description\" content=\"Las filas de personas que se forman fuera de los diferentes hospitales en busca de atenci\u00f3n m\u00e9dica contin\u00faa siendo un problema en gran parte del pa\u00eds, as\u00ed se refleja en el Hospital del Ni\u00f1o \u201cManuel Asencio Villarroel\u201d en Cochabamba. Los padres tienen que esperar por largas horas y hasta pasar la noche en la intemperie, [&hellip;]\" \/>\n<meta property=\"og:url\" content=\"https:\/\/www.eldiario.net\/portal\/2023\/11\/29\/medicos-comparten-consultorios-y-limitan-atencion-de-pacientes\/\" \/>\n<meta property=\"og:site_name\" content=\"El Diario - Bolivia\" \/>\n<meta property=\"article:publisher\" content=\"https:\/\/www.facebook.com\/eldiario.bolivia\/\" \/>\n<meta property=\"article:published_time\" content=\"2023-11-29T10:23:49+00:00\" \/>\n<meta property=\"og:image\" content=\"https:\/\/www.eldiario.net\/portal\/wp-content\/uploads\/2023\/11\/10-NALCOLOR-4.jpg\" \/>\n\t<meta property=\"og:image:width\" content=\"1024\" \/>\n\t<meta property=\"og:image:height\" content=\"512\" \/>\n\t<meta property=\"og:image:type\" content=\"image\/jpeg\" \/>\n<meta name=\"author\" content=\"Jeanette\" \/>\n<meta name=\"twitter:card\" content=\"summary_large_image\" \/>\n<meta name=\"twitter:creator\" content=\"@eldiario_net\" \/>\n<meta name=\"twitter:site\" content=\"@eldiario_net\" \/>\n<meta name=\"twitter:label1\" content=\"Escrito por\" \/>\n\t<meta name=\"twitter:data1\" content=\"Jeanette\" \/>\n\t<meta name=\"twitter:label2\" content=\"Tiempo de lectura\" \/>\n\t<meta name=\"twitter:data2\" content=\"2 minutos\" \/>\n<script type=\"application\/ld+json\" class=\"yoast-schema-graph\">{\"@context\":\"https:\\\/\\\/schema.org\",\"@graph\":[{\"@type\":\"Article\",\"@id\":\"https:\\\/\\\/www.eldiario.net\\\/portal\\\/2023\\\/11\\\/29\\\/medicos-comparten-consultorios-y-limitan-atencion-de-pacientes\\\/#article\",\"isPartOf\":{\"@id\":\"https:\\\/\\\/www.eldiario.net\\\/portal\\\/2023\\\/11\\\/29\\\/medicos-comparten-consultorios-y-limitan-atencion-de-pacientes\\\/\"},\"author\":{\"name\":\"Jeanette\",\"@id\":\"https:\\\/\\\/www.eldiario.net\\\/portal\\\/#\\\/schema\\\/person\\\/f46445640444750d7d753ccd04ae01b7\"},\"headline\":\"M\u00e9dicos comparten consultorios y limitan atenci\u00f3n de pacientes\",\"datePublished\":\"2023-11-29T10:23:49+00:00\",\"mainEntityOfPage\":{\"@id\":\"https:\\\/\\\/www.eldiario.net\\\/portal\\\/2023\\\/11\\\/29\\\/medicos-comparten-consultorios-y-limitan-atencion-de-pacientes\\\/\"},\"wordCount\":275,\"publisher\":{\"@id\":\"https:\\\/\\\/www.eldiario.net\\\/portal\\\/#organization\"},\"image\":{\"@id\":\"https:\\\/\\\/www.eldiario.net\\\/portal\\\/2023\\\/11\\\/29\\\/medicos-comparten-consultorios-y-limitan-atencion-de-pacientes\\\/#primaryimage\"},\"thumbnailUrl\":\"https:\\\/\\\/www.eldiario.net\\\/portal\\\/wp-content\\\/uploads\\\/2023\\\/11\\\/10-NALCOLOR-4.jpg\",\"articleSection\":[\"Nacional\"],\"inLanguage\":\"es\"},{\"@type\":\"WebPage\",\"@id\":\"https:\\\/\\\/www.eldiario.net\\\/portal\\\/2023\\\/11\\\/29\\\/medicos-comparten-consultorios-y-limitan-atencion-de-pacientes\\\/\",\"url\":\"https:\\\/\\\/www.eldiario.net\\\/portal\\\/2023\\\/11\\\/29\\\/medicos-comparten-consultorios-y-limitan-atencion-de-pacientes\\\/\",\"name\":\"M\u00e9dicos comparten consultorios y limitan atenci\u00f3n de pacientes - El Diario - Bolivia\",\"isPartOf\":{\"@id\":\"https:\\\/\\\/www.eldiario.net\\\/portal\\\/#website\"},\"primaryImageOfPage\":{\"@id\":\"https:\\\/\\\/www.eldiario.net\\\/portal\\\/2023\\\/11\\\/29\\\/medicos-comparten-consultorios-y-limitan-atencion-de-pacientes\\\/#primaryimage\"},\"image\":{\"@id\":\"https:\\\/\\\/www.eldiario.net\\\/portal\\\/2023\\\/11\\\/29\\\/medicos-comparten-consultorios-y-limitan-atencion-de-pacientes\\\/#primaryimage\"},\"thumbnailUrl\":\"https:\\\/\\\/www.eldiario.net\\\/portal\\\/wp-content\\\/uploads\\\/2023\\\/11\\\/10-NALCOLOR-4.jpg\",\"datePublished\":\"2023-11-29T10:23:49+00:00\",\"breadcrumb\":{\"@id\":\"https:\\\/\\\/www.eldiario.net\\\/portal\\\/2023\\\/11\\\/29\\\/medicos-comparten-consultorios-y-limitan-atencion-de-pacientes\\\/#breadcrumb\"},\"inLanguage\":\"es\",\"potentialAction\":[{\"@type\":\"ReadAction\",\"target\":[\"https:\\\/\\\/www.eldiario.net\\\/portal\\\/2023\\\/11\\\/29\\\/medicos-comparten-consultorios-y-limitan-atencion-de-pacientes\\\/\"]}]},{\"@type\":\"ImageObject\",\"inLanguage\":\"es\",\"@id\":\"https:\\\/\\\/www.eldiario.net\\\/portal\\\/2023\\\/11\\\/29\\\/medicos-comparten-consultorios-y-limitan-atencion-de-pacientes\\\/#primaryimage\",\"url\":\"https:\\\/\\\/www.eldiario.net\\\/portal\\\/wp-content\\\/uploads\\\/2023\\\/11\\\/10-NALCOLOR-4.jpg\",\"contentUrl\":\"https:\\\/\\\/www.eldiario.net\\\/portal\\\/wp-content\\\/uploads\\\/2023\\\/11\\\/10-NALCOLOR-4.jpg\",\"width\":1024,\"height\":512,\"caption\":\"Filas que se forman fuera del Hospital del Ni\u00f1o de Cochabamba.\"},{\"@type\":\"BreadcrumbList\",\"@id\":\"https:\\\/\\\/www.eldiario.net\\\/portal\\\/2023\\\/11\\\/29\\\/medicos-comparten-consultorios-y-limitan-atencion-de-pacientes\\\/#breadcrumb\",\"itemListElement\":[{\"@type\":\"ListItem\",\"position\":1,\"name\":\"Portada\",\"item\":\"https:\\\/\\\/www.eldiario.net\\\/portal\\\/\"},{\"@type\":\"ListItem\",\"position\":2,\"name\":\"M\u00e9dicos comparten consultorios y limitan atenci\u00f3n de pacientes\"}]},{\"@type\":\"WebSite\",\"@id\":\"https:\\\/\\\/www.eldiario.net\\\/portal\\\/#website\",\"url\":\"https:\\\/\\\/www.eldiario.net\\\/portal\\\/\",\"name\":\"El Diario - Decano de la prensa nacional\",\"description\":\"El Diario - Decano de la prensa nacional\",\"publisher\":{\"@id\":\"https:\\\/\\\/www.eldiario.net\\\/portal\\\/#organization\"},\"potentialAction\":[{\"@type\":\"SearchAction\",\"target\":{\"@type\":\"EntryPoint\",\"urlTemplate\":\"https:\\\/\\\/www.eldiario.net\\\/portal\\\/?s={search_term_string}\"},\"query-input\":{\"@type\":\"PropertyValueSpecification\",\"valueRequired\":true,\"valueName\":\"search_term_string\"}}],\"inLanguage\":\"es\"},{\"@type\":\"Organization\",\"@id\":\"https:\\\/\\\/www.eldiario.net\\\/portal\\\/#organization\",\"name\":\"El Diario - Decano de la prensa nacional\",\"url\":\"https:\\\/\\\/www.eldiario.net\\\/portal\\\/\",\"logo\":{\"@type\":\"ImageObject\",\"inLanguage\":\"es\",\"@id\":\"https:\\\/\\\/www.eldiario.net\\\/portal\\\/#\\\/schema\\\/logo\\\/image\\\/\",\"url\":\"https:\\\/\\\/www.eldiario.net\\\/portal\\\/wp-content\\\/uploads\\\/2023\\\/07\\\/logo_ED.jpg\",\"contentUrl\":\"https:\\\/\\\/www.eldiario.net\\\/portal\\\/wp-content\\\/uploads\\\/2023\\\/07\\\/logo_ED.jpg\",\"width\":272,\"height\":52,\"caption\":\"El Diario - Decano de la prensa nacional\"},\"image\":{\"@id\":\"https:\\\/\\\/www.eldiario.net\\\/portal\\\/#\\\/schema\\\/logo\\\/image\\\/\"},\"sameAs\":[\"https:\\\/\\\/www.facebook.com\\\/eldiario.bolivia\\\/\",\"https:\\\/\\\/x.com\\\/eldiario_net\"]},{\"@type\":\"Person\",\"@id\":\"https:\\\/\\\/www.eldiario.net\\\/portal\\\/#\\\/schema\\\/person\\\/f46445640444750d7d753ccd04ae01b7\",\"name\":\"Jeanette\",\"image\":{\"@type\":\"ImageObject\",\"inLanguage\":\"es\",\"@id\":\"https:\\\/\\\/secure.gravatar.com\\\/avatar\\\/3ea2118a5f7dad2b7138b1187a6b7ee55f160b9968b66013c3a3ef39dd7e5798?s=96&d=mm&r=g\",\"url\":\"https:\\\/\\\/secure.gravatar.com\\\/avatar\\\/3ea2118a5f7dad2b7138b1187a6b7ee55f160b9968b66013c3a3ef39dd7e5798?s=96&d=mm&r=g\",\"contentUrl\":\"https:\\\/\\\/secure.gravatar.com\\\/avatar\\\/3ea2118a5f7dad2b7138b1187a6b7ee55f160b9968b66013c3a3ef39dd7e5798?s=96&d=mm&r=g\",\"caption\":\"Jeanette\"},\"sameAs\":[\"https:\\\/\\\/www.eldiario.net\\\/portal\"],\"url\":\"https:\\\/\\\/www.eldiario.net\\\/portal\\\/author\\\/jeanette\\\/\"}]}<\/script>\n<!-- \/ Yoast SEO plugin. -->","yoast_head_json":{"title":"M\u00e9dicos comparten consultorios y limitan atenci\u00f3n de pacientes - El Diario - Bolivia","robots":{"index":"index","follow":"follow","max-snippet":"max-snippet:-1","max-image-preview":"max-image-preview:large","max-video-preview":"max-video-preview:-1"},"canonical":"https:\/\/www.eldiario.net\/portal\/2023\/11\/29\/medicos-comparten-consultorios-y-limitan-atencion-de-pacientes\/","og_locale":"es_ES","og_type":"article","og_title":"M\u00e9dicos comparten consultorios y limitan atenci\u00f3n de pacientes - El Diario - Bolivia","og_description":"Las filas de personas que se forman fuera de los diferentes hospitales en busca de atenci\u00f3n m\u00e9dica contin\u00faa siendo un problema en gran parte del pa\u00eds, as\u00ed se refleja en el Hospital del Ni\u00f1o \u201cManuel Asencio Villarroel\u201d en Cochabamba. Los padres tienen que esperar por largas horas y hasta pasar la noche en la intemperie, [&hellip;]","og_url":"https:\/\/www.eldiario.net\/portal\/2023\/11\/29\/medicos-comparten-consultorios-y-limitan-atencion-de-pacientes\/","og_site_name":"El Diario - Bolivia","article_publisher":"https:\/\/www.facebook.com\/eldiario.bolivia\/","article_published_time":"2023-11-29T10:23:49+00:00","og_image":[{"width":1024,"height":512,"url":"https:\/\/www.eldiario.net\/portal\/wp-content\/uploads\/2023\/11\/10-NALCOLOR-4.jpg","type":"image\/jpeg"}],"author":"Jeanette","twitter_card":"summary_large_image","twitter_creator":"@eldiario_net","twitter_site":"@eldiario_net","twitter_misc":{"Escrito por":"Jeanette","Tiempo de lectura":"2 minutos"},"schema":{"@context":"https:\/\/schema.org","@graph":[{"@type":"Article","@id":"https:\/\/www.eldiario.net\/portal\/2023\/11\/29\/medicos-comparten-consultorios-y-limitan-atencion-de-pacientes\/#article","isPartOf":{"@id":"https:\/\/www.eldiario.net\/portal\/2023\/11\/29\/medicos-comparten-consultorios-y-limitan-atencion-de-pacientes\/"},"author":{"name":"Jeanette","@id":"https:\/\/www.eldiario.net\/portal\/#\/schema\/person\/f46445640444750d7d753ccd04ae01b7"},"headline":"M\u00e9dicos comparten consultorios y limitan atenci\u00f3n de pacientes","datePublished":"2023-11-29T10:23:49+00:00","mainEntityOfPage":{"@id":"https:\/\/www.eldiario.net\/portal\/2023\/11\/29\/medicos-comparten-consultorios-y-limitan-atencion-de-pacientes\/"},"wordCount":275,"publisher":{"@id":"https:\/\/www.eldiario.net\/portal\/#organization"},"image":{"@id":"https:\/\/www.eldiario.net\/portal\/2023\/11\/29\/medicos-comparten-consultorios-y-limitan-atencion-de-pacientes\/#primaryimage"},"thumbnailUrl":"https:\/\/www.eldiario.net\/portal\/wp-content\/uploads\/2023\/11\/10-NALCOLOR-4.jpg","articleSection":["Nacional"],"inLanguage":"es"},{"@type":"WebPage","@id":"https:\/\/www.eldiario.net\/portal\/2023\/11\/29\/medicos-comparten-consultorios-y-limitan-atencion-de-pacientes\/","url":"https:\/\/www.eldiario.net\/portal\/2023\/11\/29\/medicos-comparten-consultorios-y-limitan-atencion-de-pacientes\/","name":"M\u00e9dicos comparten consultorios y limitan atenci\u00f3n de pacientes - El Diario - Bolivia","isPartOf":{"@id":"https:\/\/www.eldiario.net\/portal\/#website"},"primaryImageOfPage":{"@id":"https:\/\/www.eldiario.net\/portal\/2023\/11\/29\/medicos-comparten-consultorios-y-limitan-atencion-de-pacientes\/#primaryimage"},"image":{"@id":"https:\/\/www.eldiario.net\/portal\/2023\/11\/29\/medicos-comparten-consultorios-y-limitan-atencion-de-pacientes\/#primaryimage"},"thumbnailUrl":"https:\/\/www.eldiario.net\/portal\/wp-content\/uploads\/2023\/11\/10-NALCOLOR-4.jpg","datePublished":"2023-11-29T10:23:49+00:00","breadcrumb":{"@id":"https:\/\/www.eldiario.net\/portal\/2023\/11\/29\/medicos-comparten-consultorios-y-limitan-atencion-de-pacientes\/#breadcrumb"},"inLanguage":"es","potentialAction":[{"@type":"ReadAction","target":["https:\/\/www.eldiario.net\/portal\/2023\/11\/29\/medicos-comparten-consultorios-y-limitan-atencion-de-pacientes\/"]}]},{"@type":"ImageObject","inLanguage":"es","@id":"https:\/\/www.eldiario.net\/portal\/2023\/11\/29\/medicos-comparten-consultorios-y-limitan-atencion-de-pacientes\/#primaryimage","url":"https:\/\/www.eldiario.net\/portal\/wp-content\/uploads\/2023\/11\/10-NALCOLOR-4.jpg","contentUrl":"https:\/\/www.eldiario.net\/portal\/wp-content\/uploads\/2023\/11\/10-NALCOLOR-4.jpg","width":1024,"height":512,"caption":"Filas que se forman fuera del Hospital del Ni\u00f1o de Cochabamba."},{"@type":"BreadcrumbList","@id":"https:\/\/www.eldiario.net\/portal\/2023\/11\/29\/medicos-comparten-consultorios-y-limitan-atencion-de-pacientes\/#breadcrumb","itemListElement":[{"@type":"ListItem","position":1,"name":"Portada","item":"https:\/\/www.eldiario.net\/portal\/"},{"@type":"ListItem","position":2,"name":"M\u00e9dicos comparten consultorios y limitan atenci\u00f3n de pacientes"}]},{"@type":"WebSite","@id":"https:\/\/www.eldiario.net\/portal\/#website","url":"https:\/\/www.eldiario.net\/portal\/","name":"El Diario - Decano de la prensa nacional","description":"El Diario - Decano de la prensa nacional","publisher":{"@id":"https:\/\/www.eldiario.net\/portal\/#organization"},"potentialAction":[{"@type":"SearchAction","target":{"@type":"EntryPoint","urlTemplate":"https:\/\/www.eldiario.net\/portal\/?s={search_term_string}"},"query-input":{"@type":"PropertyValueSpecification","valueRequired":true,"valueName":"search_term_string"}}],"inLanguage":"es"},{"@type":"Organization","@id":"https:\/\/www.eldiario.net\/portal\/#organization","name":"El Diario - Decano de la prensa nacional","url":"https:\/\/www.eldiario.net\/portal\/","logo":{"@type":"ImageObject","inLanguage":"es","@id":"https:\/\/www.eldiario.net\/portal\/#\/schema\/logo\/image\/","url":"https:\/\/www.eldiario.net\/portal\/wp-content\/uploads\/2023\/07\/logo_ED.jpg","contentUrl":"https:\/\/www.eldiario.net\/portal\/wp-content\/uploads\/2023\/07\/logo_ED.jpg","width":272,"height":52,"caption":"El Diario - Decano de la prensa nacional"},"image":{"@id":"https:\/\/www.eldiario.net\/portal\/#\/schema\/logo\/image\/"},"sameAs":["https:\/\/www.facebook.com\/eldiario.bolivia\/","https:\/\/x.com\/eldiario_net"]},{"@type":"Person","@id":"https:\/\/www.eldiario.net\/portal\/#\/schema\/person\/f46445640444750d7d753ccd04ae01b7","name":"Jeanette","image":{"@type":"ImageObject","inLanguage":"es","@id":"https:\/\/secure.gravatar.com\/avatar\/3ea2118a5f7dad2b7138b1187a6b7ee55f160b9968b66013c3a3ef39dd7e5798?s=96&d=mm&r=g","url":"https:\/\/secure.gravatar.com\/avatar\/3ea2118a5f7dad2b7138b1187a6b7ee55f160b9968b66013c3a3ef39dd7e5798?s=96&d=mm&r=g","contentUrl":"https:\/\/secure.gravatar.com\/avatar\/3ea2118a5f7dad2b7138b1187a6b7ee55f160b9968b66013c3a3ef39dd7e5798?s=96&d=mm&r=g","caption":"Jeanette"},"sameAs":["https:\/\/www.eldiario.net\/portal"],"url":"https:\/\/www.eldiario.net\/portal\/author\/jeanette\/"}]}},"_links":{"self":[{"href":"https:\/\/www.eldiario.net\/portal\/wp-json\/wp\/v2\/posts\/190096","targetHints":{"allow":["GET"]}}],"collection":[{"href":"https:\/\/www.eldiario.net\/portal\/wp-json\/wp\/v2\/posts"}],"about":[{"href":"https:\/\/www.eldiario.net\/portal\/wp-json\/wp\/v2\/types\/post"}],"author":[{"embeddable":true,"href":"https:\/\/www.eldiario.net\/portal\/wp-json\/wp\/v2\/users\/1"}],"replies":[{"embeddable":true,"href":"https:\/\/www.eldiario.net\/portal\/wp-json\/wp\/v2\/comments?post=190096"}],"version-history":[{"count":0,"href":"https:\/\/www.eldiario.net\/portal\/wp-json\/wp\/v2\/posts\/190096\/revisions"}],"wp:featuredmedia":[{"embeddable":true,"href":"https:\/\/www.eldiario.net\/portal\/wp-json\/wp\/v2\/media\/190097"}],"wp:attachment":[{"href":"https:\/\/www.eldiario.net\/portal\/wp-json\/wp\/v2\/media?parent=190096"}],"wp:term":[{"taxonomy":"category","embeddable":true,"href":"https:\/\/www.eldiario.net\/portal\/wp-json\/wp\/v2\/categories?post=190096"},{"taxonomy":"post_tag","embeddable":true,"href":"https:\/\/www.eldiario.net\/portal\/wp-json\/wp\/v2\/tags?post=190096"}],"curies":[{"name":"wp","href":"https:\/\/api.w.org\/{rel}","templated":true}]}}