{"id":189504,"date":"2023-11-26T06:27:21","date_gmt":"2023-11-26T10:27:21","guid":{"rendered":"https:\/\/www.eldiario.net\/portal\/?p=189504"},"modified":"2023-11-26T06:27:21","modified_gmt":"2023-11-26T10:27:21","slug":"caneros-no-logran-acuerdo-por-el-precio-del-etanol","status":"publish","type":"post","link":"https:\/\/www.eldiario.net\/portal\/2023\/11\/26\/caneros-no-logran-acuerdo-por-el-precio-del-etanol\/","title":{"rendered":"Ca\u00f1eros no logran acuerdo  por el precio del etanol"},"content":{"rendered":"<p>El Gobierno y la Confederaci\u00f3n Nacional de Ca\u00f1eros de Bolivia (Concabol) no alcanzaron un acuerdo sobre el precio del etanol, ya que el Ejecutivo solo propuso incrementar el costo en un centavo de d\u00f3lar, hecho que fue rechazado por el sector movilizado. El sector advierte con asumir medidas de presi\u00f3n si no se atienden sus demandas.<br \/>\n\u201cLamentablemente no se ha llegado a un acuerdo y lamentamos mucho que no haya estado el presidente de Yacimientos (Armin Dorgathen), el que compra el etanol. Ha estado solo el ministro Franklin Molina, el de Hidrocarburos, y realmente no ha habido acuerdo, no ha habido ese entendimiento en esta situaci\u00f3n\u201d, inform\u00f3 el presidente de Concabol, Oscar Arnez.<br \/>\nDesde octubre ese sector se declar\u00f3 en emergencia debido a la deuda que tiene YPFB por $us 30 millones, adem\u00e1s se anunci\u00f3 bajar el precio del producto que adquieren de los ca\u00f1eros. El martes se llev\u00f3 a cabo una reuni\u00f3n, donde tampoco se lleg\u00f3 a ning\u00fan acuerdo.<br \/>\nEn ese sentido, Arnez explic\u00f3 que el Gobierno plantea incrementar un centavo de d\u00f3lar frente a la solicitud que hizo ese sector de 0,74 centavos de d\u00f3lar. Dijo que no pueden aceptar menos de la cifra propuesta, ya que sus costos de operaciones tambi\u00e9n se elevaron.<br \/>\n\u201cNos han ofrecido un centavo a la solicitud que ten\u00edamos nosotros, en una asamblea se ha definido negociar y nuestra solicitud como sector ca\u00f1ero es 0,74 centavos de d\u00f3lar. Yo creo que no es dif\u00edcil, no es imposible llegar a eso porque realmente nosotros hemos sufrido aumento de nuestros costos financieros\u201d, afirm\u00f3.<br \/>\nPor otra parte, dijo que en la reuni\u00f3n que sostuvieron el viernes, resolvieron otorgar un plazo de siete d\u00edas al Ejecutivo para que atienda sus demandas, caso contrario asumir\u00e1n medidas de presi\u00f3n. Entre ellas se propuso realizar un \u201ctractorazo\u201d en Santa Cruz.<br \/>\n\u201cLa resoluci\u00f3n de asamblea sigue en pie, nosotros mantenemos nuestra propuesta, se ha planteado otorgar un plazo de siete d\u00edas, vamos a esperar, mientras tanto vamos a prepararnos para la primera medida. Es m\u00e1s que seguro que se viene el \u2018tractorazo\u2019, si no hay acuerdo\u201d, advirti\u00f3 el dirigente. (ANF)<\/p>\n<p>&nbsp;<\/p>\n","protected":false},"excerpt":{"rendered":"<p>El Gobierno y la Confederaci\u00f3n Nacional de Ca\u00f1eros de Bolivia (Concabol) no alcanzaron un acuerdo sobre el precio del etanol, ya que el Ejecutivo solo propuso incrementar el costo en un centavo de d\u00f3lar, hecho que fue rechazado por el sector movilizado. El sector advierte con asumir medidas de presi\u00f3n si no se atienden sus [&hellip;]<\/p>\n","protected":false},"author":1,"featured_media":0,"comment_status":"closed","ping_status":"open","sticky":false,"template":"","format":"standard","meta":{"_acf_changed":false,"footnotes":""},"categories":[12],"tags":[],"class_list":["post-189504","post","type-post","status-publish","format-standard","category-nacional"],"acf":{"antetitulo":""},"yoast_head":"<!-- This site is optimized with the Yoast SEO plugin v28.3 - https:\/\/yoast.com\/product\/yoast-seo-wordpress\/ -->\n<title>Ca\u00f1eros no logran acuerdo por el precio del etanol - El Diario - Bolivia<\/title>\n<meta name=\"robots\" content=\"index, follow, max-snippet:-1, max-image-preview:large, max-video-preview:-1\" \/>\n<link rel=\"canonical\" href=\"https:\/\/www.eldiario.net\/portal\/2023\/11\/26\/caneros-no-logran-acuerdo-por-el-precio-del-etanol\/\" \/>\n<meta property=\"og:locale\" content=\"es_ES\" \/>\n<meta property=\"og:type\" content=\"article\" \/>\n<meta property=\"og:title\" content=\"Ca\u00f1eros no logran acuerdo por el precio del etanol - El Diario - Bolivia\" \/>\n<meta property=\"og:description\" content=\"El Gobierno y la Confederaci\u00f3n Nacional de Ca\u00f1eros de Bolivia (Concabol) no alcanzaron un acuerdo sobre el precio del etanol, ya que el Ejecutivo solo propuso incrementar el costo en un centavo de d\u00f3lar, hecho que fue rechazado por el sector movilizado. El sector advierte con asumir medidas de presi\u00f3n si no se atienden sus [&hellip;]\" \/>\n<meta property=\"og:url\" content=\"https:\/\/www.eldiario.net\/portal\/2023\/11\/26\/caneros-no-logran-acuerdo-por-el-precio-del-etanol\/\" \/>\n<meta property=\"og:site_name\" content=\"El Diario - Bolivia\" \/>\n<meta property=\"article:publisher\" content=\"https:\/\/www.facebook.com\/eldiario.bolivia\/\" \/>\n<meta property=\"article:published_time\" content=\"2023-11-26T10:27:21+00:00\" \/>\n<meta name=\"author\" content=\"Jeanette\" \/>\n<meta name=\"twitter:card\" content=\"summary_large_image\" \/>\n<meta name=\"twitter:creator\" content=\"@eldiario_net\" \/>\n<meta name=\"twitter:site\" content=\"@eldiario_net\" \/>\n<meta name=\"twitter:label1\" content=\"Escrito por\" \/>\n\t<meta name=\"twitter:data1\" content=\"Jeanette\" \/>\n\t<meta name=\"twitter:label2\" content=\"Tiempo de lectura\" \/>\n\t<meta name=\"twitter:data2\" content=\"2 minutos\" \/>\n<script type=\"application\/ld+json\" class=\"yoast-schema-graph\">{\"@context\":\"https:\\\/\\\/schema.org\",\"@graph\":[{\"@type\":\"Article\",\"@id\":\"https:\\\/\\\/www.eldiario.net\\\/portal\\\/2023\\\/11\\\/26\\\/caneros-no-logran-acuerdo-por-el-precio-del-etanol\\\/#article\",\"isPartOf\":{\"@id\":\"https:\\\/\\\/www.eldiario.net\\\/portal\\\/2023\\\/11\\\/26\\\/caneros-no-logran-acuerdo-por-el-precio-del-etanol\\\/\"},\"author\":{\"name\":\"Jeanette\",\"@id\":\"https:\\\/\\\/www.eldiario.net\\\/portal\\\/#\\\/schema\\\/person\\\/f46445640444750d7d753ccd04ae01b7\"},\"headline\":\"Ca\u00f1eros no logran acuerdo por el precio del etanol\",\"datePublished\":\"2023-11-26T10:27:21+00:00\",\"mainEntityOfPage\":{\"@id\":\"https:\\\/\\\/www.eldiario.net\\\/portal\\\/2023\\\/11\\\/26\\\/caneros-no-logran-acuerdo-por-el-precio-del-etanol\\\/\"},\"wordCount\":380,\"publisher\":{\"@id\":\"https:\\\/\\\/www.eldiario.net\\\/portal\\\/#organization\"},\"articleSection\":[\"Nacional\"],\"inLanguage\":\"es\"},{\"@type\":\"WebPage\",\"@id\":\"https:\\\/\\\/www.eldiario.net\\\/portal\\\/2023\\\/11\\\/26\\\/caneros-no-logran-acuerdo-por-el-precio-del-etanol\\\/\",\"url\":\"https:\\\/\\\/www.eldiario.net\\\/portal\\\/2023\\\/11\\\/26\\\/caneros-no-logran-acuerdo-por-el-precio-del-etanol\\\/\",\"name\":\"Ca\u00f1eros no logran acuerdo por el precio del etanol - El Diario - Bolivia\",\"isPartOf\":{\"@id\":\"https:\\\/\\\/www.eldiario.net\\\/portal\\\/#website\"},\"datePublished\":\"2023-11-26T10:27:21+00:00\",\"breadcrumb\":{\"@id\":\"https:\\\/\\\/www.eldiario.net\\\/portal\\\/2023\\\/11\\\/26\\\/caneros-no-logran-acuerdo-por-el-precio-del-etanol\\\/#breadcrumb\"},\"inLanguage\":\"es\",\"potentialAction\":[{\"@type\":\"ReadAction\",\"target\":[\"https:\\\/\\\/www.eldiario.net\\\/portal\\\/2023\\\/11\\\/26\\\/caneros-no-logran-acuerdo-por-el-precio-del-etanol\\\/\"]}]},{\"@type\":\"BreadcrumbList\",\"@id\":\"https:\\\/\\\/www.eldiario.net\\\/portal\\\/2023\\\/11\\\/26\\\/caneros-no-logran-acuerdo-por-el-precio-del-etanol\\\/#breadcrumb\",\"itemListElement\":[{\"@type\":\"ListItem\",\"position\":1,\"name\":\"Portada\",\"item\":\"https:\\\/\\\/www.eldiario.net\\\/portal\\\/\"},{\"@type\":\"ListItem\",\"position\":2,\"name\":\"Ca\u00f1eros no logran acuerdo por el precio del etanol\"}]},{\"@type\":\"WebSite\",\"@id\":\"https:\\\/\\\/www.eldiario.net\\\/portal\\\/#website\",\"url\":\"https:\\\/\\\/www.eldiario.net\\\/portal\\\/\",\"name\":\"El Diario - Decano de la prensa nacional\",\"description\":\"El Diario - Decano de la prensa nacional\",\"publisher\":{\"@id\":\"https:\\\/\\\/www.eldiario.net\\\/portal\\\/#organization\"},\"potentialAction\":[{\"@type\":\"SearchAction\",\"target\":{\"@type\":\"EntryPoint\",\"urlTemplate\":\"https:\\\/\\\/www.eldiario.net\\\/portal\\\/?s={search_term_string}\"},\"query-input\":{\"@type\":\"PropertyValueSpecification\",\"valueRequired\":true,\"valueName\":\"search_term_string\"}}],\"inLanguage\":\"es\"},{\"@type\":\"Organization\",\"@id\":\"https:\\\/\\\/www.eldiario.net\\\/portal\\\/#organization\",\"name\":\"El Diario - Decano de la prensa nacional\",\"url\":\"https:\\\/\\\/www.eldiario.net\\\/portal\\\/\",\"logo\":{\"@type\":\"ImageObject\",\"inLanguage\":\"es\",\"@id\":\"https:\\\/\\\/www.eldiario.net\\\/portal\\\/#\\\/schema\\\/logo\\\/image\\\/\",\"url\":\"https:\\\/\\\/www.eldiario.net\\\/portal\\\/wp-content\\\/uploads\\\/2023\\\/07\\\/logo_ED.jpg\",\"contentUrl\":\"https:\\\/\\\/www.eldiario.net\\\/portal\\\/wp-content\\\/uploads\\\/2023\\\/07\\\/logo_ED.jpg\",\"width\":272,\"height\":52,\"caption\":\"El Diario - Decano de la prensa nacional\"},\"image\":{\"@id\":\"https:\\\/\\\/www.eldiario.net\\\/portal\\\/#\\\/schema\\\/logo\\\/image\\\/\"},\"sameAs\":[\"https:\\\/\\\/www.facebook.com\\\/eldiario.bolivia\\\/\",\"https:\\\/\\\/x.com\\\/eldiario_net\"]},{\"@type\":\"Person\",\"@id\":\"https:\\\/\\\/www.eldiario.net\\\/portal\\\/#\\\/schema\\\/person\\\/f46445640444750d7d753ccd04ae01b7\",\"name\":\"Jeanette\",\"image\":{\"@type\":\"ImageObject\",\"inLanguage\":\"es\",\"@id\":\"https:\\\/\\\/secure.gravatar.com\\\/avatar\\\/3ea2118a5f7dad2b7138b1187a6b7ee55f160b9968b66013c3a3ef39dd7e5798?s=96&d=mm&r=g\",\"url\":\"https:\\\/\\\/secure.gravatar.com\\\/avatar\\\/3ea2118a5f7dad2b7138b1187a6b7ee55f160b9968b66013c3a3ef39dd7e5798?s=96&d=mm&r=g\",\"contentUrl\":\"https:\\\/\\\/secure.gravatar.com\\\/avatar\\\/3ea2118a5f7dad2b7138b1187a6b7ee55f160b9968b66013c3a3ef39dd7e5798?s=96&d=mm&r=g\",\"caption\":\"Jeanette\"},\"sameAs\":[\"https:\\\/\\\/www.eldiario.net\\\/portal\"],\"url\":\"https:\\\/\\\/www.eldiario.net\\\/portal\\\/author\\\/jeanette\\\/\"}]}<\/script>\n<!-- \/ Yoast SEO plugin. -->","yoast_head_json":{"title":"Ca\u00f1eros no logran acuerdo por el precio del etanol - El Diario - Bolivia","robots":{"index":"index","follow":"follow","max-snippet":"max-snippet:-1","max-image-preview":"max-image-preview:large","max-video-preview":"max-video-preview:-1"},"canonical":"https:\/\/www.eldiario.net\/portal\/2023\/11\/26\/caneros-no-logran-acuerdo-por-el-precio-del-etanol\/","og_locale":"es_ES","og_type":"article","og_title":"Ca\u00f1eros no logran acuerdo por el precio del etanol - El Diario - Bolivia","og_description":"El Gobierno y la Confederaci\u00f3n Nacional de Ca\u00f1eros de Bolivia (Concabol) no alcanzaron un acuerdo sobre el precio del etanol, ya que el Ejecutivo solo propuso incrementar el costo en un centavo de d\u00f3lar, hecho que fue rechazado por el sector movilizado. El sector advierte con asumir medidas de presi\u00f3n si no se atienden sus [&hellip;]","og_url":"https:\/\/www.eldiario.net\/portal\/2023\/11\/26\/caneros-no-logran-acuerdo-por-el-precio-del-etanol\/","og_site_name":"El Diario - Bolivia","article_publisher":"https:\/\/www.facebook.com\/eldiario.bolivia\/","article_published_time":"2023-11-26T10:27:21+00:00","author":"Jeanette","twitter_card":"summary_large_image","twitter_creator":"@eldiario_net","twitter_site":"@eldiario_net","twitter_misc":{"Escrito por":"Jeanette","Tiempo de lectura":"2 minutos"},"schema":{"@context":"https:\/\/schema.org","@graph":[{"@type":"Article","@id":"https:\/\/www.eldiario.net\/portal\/2023\/11\/26\/caneros-no-logran-acuerdo-por-el-precio-del-etanol\/#article","isPartOf":{"@id":"https:\/\/www.eldiario.net\/portal\/2023\/11\/26\/caneros-no-logran-acuerdo-por-el-precio-del-etanol\/"},"author":{"name":"Jeanette","@id":"https:\/\/www.eldiario.net\/portal\/#\/schema\/person\/f46445640444750d7d753ccd04ae01b7"},"headline":"Ca\u00f1eros no logran acuerdo por el precio del etanol","datePublished":"2023-11-26T10:27:21+00:00","mainEntityOfPage":{"@id":"https:\/\/www.eldiario.net\/portal\/2023\/11\/26\/caneros-no-logran-acuerdo-por-el-precio-del-etanol\/"},"wordCount":380,"publisher":{"@id":"https:\/\/www.eldiario.net\/portal\/#organization"},"articleSection":["Nacional"],"inLanguage":"es"},{"@type":"WebPage","@id":"https:\/\/www.eldiario.net\/portal\/2023\/11\/26\/caneros-no-logran-acuerdo-por-el-precio-del-etanol\/","url":"https:\/\/www.eldiario.net\/portal\/2023\/11\/26\/caneros-no-logran-acuerdo-por-el-precio-del-etanol\/","name":"Ca\u00f1eros no logran acuerdo por el precio del etanol - El Diario - Bolivia","isPartOf":{"@id":"https:\/\/www.eldiario.net\/portal\/#website"},"datePublished":"2023-11-26T10:27:21+00:00","breadcrumb":{"@id":"https:\/\/www.eldiario.net\/portal\/2023\/11\/26\/caneros-no-logran-acuerdo-por-el-precio-del-etanol\/#breadcrumb"},"inLanguage":"es","potentialAction":[{"@type":"ReadAction","target":["https:\/\/www.eldiario.net\/portal\/2023\/11\/26\/caneros-no-logran-acuerdo-por-el-precio-del-etanol\/"]}]},{"@type":"BreadcrumbList","@id":"https:\/\/www.eldiario.net\/portal\/2023\/11\/26\/caneros-no-logran-acuerdo-por-el-precio-del-etanol\/#breadcrumb","itemListElement":[{"@type":"ListItem","position":1,"name":"Portada","item":"https:\/\/www.eldiario.net\/portal\/"},{"@type":"ListItem","position":2,"name":"Ca\u00f1eros no logran acuerdo por el precio del etanol"}]},{"@type":"WebSite","@id":"https:\/\/www.eldiario.net\/portal\/#website","url":"https:\/\/www.eldiario.net\/portal\/","name":"El Diario - Decano de la prensa nacional","description":"El Diario - Decano de la prensa nacional","publisher":{"@id":"https:\/\/www.eldiario.net\/portal\/#organization"},"potentialAction":[{"@type":"SearchAction","target":{"@type":"EntryPoint","urlTemplate":"https:\/\/www.eldiario.net\/portal\/?s={search_term_string}"},"query-input":{"@type":"PropertyValueSpecification","valueRequired":true,"valueName":"search_term_string"}}],"inLanguage":"es"},{"@type":"Organization","@id":"https:\/\/www.eldiario.net\/portal\/#organization","name":"El Diario - Decano de la prensa nacional","url":"https:\/\/www.eldiario.net\/portal\/","logo":{"@type":"ImageObject","inLanguage":"es","@id":"https:\/\/www.eldiario.net\/portal\/#\/schema\/logo\/image\/","url":"https:\/\/www.eldiario.net\/portal\/wp-content\/uploads\/2023\/07\/logo_ED.jpg","contentUrl":"https:\/\/www.eldiario.net\/portal\/wp-content\/uploads\/2023\/07\/logo_ED.jpg","width":272,"height":52,"caption":"El Diario - Decano de la prensa nacional"},"image":{"@id":"https:\/\/www.eldiario.net\/portal\/#\/schema\/logo\/image\/"},"sameAs":["https:\/\/www.facebook.com\/eldiario.bolivia\/","https:\/\/x.com\/eldiario_net"]},{"@type":"Person","@id":"https:\/\/www.eldiario.net\/portal\/#\/schema\/person\/f46445640444750d7d753ccd04ae01b7","name":"Jeanette","image":{"@type":"ImageObject","inLanguage":"es","@id":"https:\/\/secure.gravatar.com\/avatar\/3ea2118a5f7dad2b7138b1187a6b7ee55f160b9968b66013c3a3ef39dd7e5798?s=96&d=mm&r=g","url":"https:\/\/secure.gravatar.com\/avatar\/3ea2118a5f7dad2b7138b1187a6b7ee55f160b9968b66013c3a3ef39dd7e5798?s=96&d=mm&r=g","contentUrl":"https:\/\/secure.gravatar.com\/avatar\/3ea2118a5f7dad2b7138b1187a6b7ee55f160b9968b66013c3a3ef39dd7e5798?s=96&d=mm&r=g","caption":"Jeanette"},"sameAs":["https:\/\/www.eldiario.net\/portal"],"url":"https:\/\/www.eldiario.net\/portal\/author\/jeanette\/"}]}},"_links":{"self":[{"href":"https:\/\/www.eldiario.net\/portal\/wp-json\/wp\/v2\/posts\/189504","targetHints":{"allow":["GET"]}}],"collection":[{"href":"https:\/\/www.eldiario.net\/portal\/wp-json\/wp\/v2\/posts"}],"about":[{"href":"https:\/\/www.eldiario.net\/portal\/wp-json\/wp\/v2\/types\/post"}],"author":[{"embeddable":true,"href":"https:\/\/www.eldiario.net\/portal\/wp-json\/wp\/v2\/users\/1"}],"replies":[{"embeddable":true,"href":"https:\/\/www.eldiario.net\/portal\/wp-json\/wp\/v2\/comments?post=189504"}],"version-history":[{"count":0,"href":"https:\/\/www.eldiario.net\/portal\/wp-json\/wp\/v2\/posts\/189504\/revisions"}],"wp:attachment":[{"href":"https:\/\/www.eldiario.net\/portal\/wp-json\/wp\/v2\/media?parent=189504"}],"wp:term":[{"taxonomy":"category","embeddable":true,"href":"https:\/\/www.eldiario.net\/portal\/wp-json\/wp\/v2\/categories?post=189504"},{"taxonomy":"post_tag","embeddable":true,"href":"https:\/\/www.eldiario.net\/portal\/wp-json\/wp\/v2\/tags?post=189504"}],"curies":[{"name":"wp","href":"https:\/\/api.w.org\/{rel}","templated":true}]}}