{"id":189486,"date":"2023-11-26T06:08:27","date_gmt":"2023-11-26T10:08:27","guid":{"rendered":"https:\/\/www.eldiario.net\/portal\/?p=189486"},"modified":"2023-11-26T06:08:27","modified_gmt":"2023-11-26T10:08:27","slug":"perdida-de-la-biodiversidad-originara-crisis-alimentaria","status":"publish","type":"post","link":"https:\/\/www.eldiario.net\/portal\/2023\/11\/26\/perdida-de-la-biodiversidad-originara-crisis-alimentaria\/","title":{"rendered":"P\u00e9rdida de la biodiversidad originar\u00e1 crisis alimentaria"},"content":{"rendered":"<p>La p\u00e9rdida de miles de hect\u00e1reas de bosque por los devastadores incendios provocados y el chaqueo sin control, adem\u00e1s de otros miles de animales muertos y la contaminaci\u00f3n traer\u00e1n una \u201ccrisis alimenticia complicada\u201d al pa\u00eds, que se reflejar\u00e1 en la poca producci\u00f3n de algunos alimentos y posible presencia de enfermedades, sostuvo la cofundadora del refugio de animales silvestres Senda Verde, Vicky Ossio.<br \/>\n\u201cLo que hemos vivido ha sido un suicidio colectivo, nos estamos matando a nosotros mismos, no debi\u00f3 haber sucedido esto, lo \u00fanico que nos puede garantizar la vida es la naturaleza\u201d, pero \u201chan muerto como seis millones de animales, \u00bfcu\u00e1ntos millones de polinizadores, de insectos, han muerto?, entonces, ahora se nos viene una \u201ccrisis alimenticia terrible\u201d, porque necesitamos de todos ellos para sobrevivir\u201d, dijo Osorio a EL DIARIO.<br \/>\nSeg\u00fan Ossio, entre algunas de las acciones que deber\u00edan hacerse para la resilencia est\u00e1 el continuar con la mitigaci\u00f3n de todos los incendios, planificar repoblaci\u00f3n de flora y fauna, adem\u00e1s de pensar como pa\u00eds en el cambio de estrategia para el progreso.<br \/>\nPor su parte, el bi\u00f3logo e investigador de la Universidad Aut\u00f3noma de Beni Jos\u00e9 Ballivi\u00e1n, Vincent Vos, coincidi\u00f3 en que \u201clos incendios traer\u00e1n terribles consecuencias\u201d. Asimismo, dijo que a nivel de Sudam\u00e9rica, se perdi\u00f3 el 96% de la biodiversidad del continente.<br \/>\nA pesar de la tard\u00eda reacci\u00f3n en las labores de mitigaci\u00f3n, las intensas lluvias apagaron los incendios forestales que asfixiaban parte de Bolivia, pero su emergencia ahora salt\u00f3 hacia intensos temporales en puertas, inform\u00f3 ayer el Gobierno central.<\/p>\n<p>&nbsp;<\/p>\n<p>&nbsp;<\/p>\n","protected":false},"excerpt":{"rendered":"<p>La p\u00e9rdida de miles de hect\u00e1reas de bosque por los devastadores incendios provocados y el chaqueo sin control, adem\u00e1s de otros miles de animales muertos y la contaminaci\u00f3n traer\u00e1n una \u201ccrisis alimenticia complicada\u201d al pa\u00eds, que se reflejar\u00e1 en la poca producci\u00f3n de algunos alimentos y posible presencia de enfermedades, sostuvo la cofundadora del refugio [&hellip;]<\/p>\n","protected":false},"author":1,"featured_media":189487,"comment_status":"closed","ping_status":"open","sticky":false,"template":"","format":"standard","meta":{"_acf_changed":false,"footnotes":""},"categories":[17],"tags":[],"class_list":["post-189486","post","type-post","status-publish","format-standard","has-post-thumbnail","category-principal"],"acf":{"antetitulo":""},"yoast_head":"<!-- This site is optimized with the Yoast SEO plugin v28.3 - https:\/\/yoast.com\/product\/yoast-seo-wordpress\/ -->\n<title>P\u00e9rdida de la biodiversidad originar\u00e1 crisis alimentaria - El Diario - Bolivia<\/title>\n<meta name=\"robots\" content=\"index, follow, max-snippet:-1, max-image-preview:large, max-video-preview:-1\" \/>\n<link rel=\"canonical\" href=\"https:\/\/www.eldiario.net\/portal\/2023\/11\/26\/perdida-de-la-biodiversidad-originara-crisis-alimentaria\/\" \/>\n<meta property=\"og:locale\" content=\"es_ES\" \/>\n<meta property=\"og:type\" content=\"article\" \/>\n<meta property=\"og:title\" content=\"P\u00e9rdida de la biodiversidad originar\u00e1 crisis alimentaria - El Diario - Bolivia\" \/>\n<meta property=\"og:description\" content=\"La p\u00e9rdida de miles de hect\u00e1reas de bosque por los devastadores incendios provocados y el chaqueo sin control, adem\u00e1s de otros miles de animales muertos y la contaminaci\u00f3n traer\u00e1n una \u201ccrisis alimenticia complicada\u201d al pa\u00eds, que se reflejar\u00e1 en la poca producci\u00f3n de algunos alimentos y posible presencia de enfermedades, sostuvo la cofundadora del refugio [&hellip;]\" \/>\n<meta property=\"og:url\" content=\"https:\/\/www.eldiario.net\/portal\/2023\/11\/26\/perdida-de-la-biodiversidad-originara-crisis-alimentaria\/\" \/>\n<meta property=\"og:site_name\" content=\"El Diario - Bolivia\" \/>\n<meta property=\"article:publisher\" content=\"https:\/\/www.facebook.com\/eldiario.bolivia\/\" \/>\n<meta property=\"article:published_time\" content=\"2023-11-26T10:08:27+00:00\" \/>\n<meta property=\"og:image\" content=\"https:\/\/www.eldiario.net\/portal\/wp-content\/uploads\/2023\/11\/p-1-VALE-1-1024x768.jpg\" \/>\n\t<meta property=\"og:image:width\" content=\"1024\" \/>\n\t<meta property=\"og:image:height\" content=\"768\" \/>\n\t<meta property=\"og:image:type\" content=\"image\/jpeg\" \/>\n<meta name=\"author\" content=\"Jeanette\" \/>\n<meta name=\"twitter:card\" content=\"summary_large_image\" \/>\n<meta name=\"twitter:creator\" content=\"@eldiario_net\" \/>\n<meta name=\"twitter:site\" content=\"@eldiario_net\" \/>\n<meta name=\"twitter:label1\" content=\"Escrito por\" \/>\n\t<meta name=\"twitter:data1\" content=\"Jeanette\" \/>\n\t<meta name=\"twitter:label2\" content=\"Tiempo de lectura\" \/>\n\t<meta name=\"twitter:data2\" content=\"2 minutos\" \/>\n<script type=\"application\/ld+json\" class=\"yoast-schema-graph\">{\"@context\":\"https:\\\/\\\/schema.org\",\"@graph\":[{\"@type\":\"Article\",\"@id\":\"https:\\\/\\\/www.eldiario.net\\\/portal\\\/2023\\\/11\\\/26\\\/perdida-de-la-biodiversidad-originara-crisis-alimentaria\\\/#article\",\"isPartOf\":{\"@id\":\"https:\\\/\\\/www.eldiario.net\\\/portal\\\/2023\\\/11\\\/26\\\/perdida-de-la-biodiversidad-originara-crisis-alimentaria\\\/\"},\"author\":{\"name\":\"Jeanette\",\"@id\":\"https:\\\/\\\/www.eldiario.net\\\/portal\\\/#\\\/schema\\\/person\\\/f46445640444750d7d753ccd04ae01b7\"},\"headline\":\"P\u00e9rdida de la biodiversidad originar\u00e1 crisis alimentaria\",\"datePublished\":\"2023-11-26T10:08:27+00:00\",\"mainEntityOfPage\":{\"@id\":\"https:\\\/\\\/www.eldiario.net\\\/portal\\\/2023\\\/11\\\/26\\\/perdida-de-la-biodiversidad-originara-crisis-alimentaria\\\/\"},\"wordCount\":282,\"publisher\":{\"@id\":\"https:\\\/\\\/www.eldiario.net\\\/portal\\\/#organization\"},\"image\":{\"@id\":\"https:\\\/\\\/www.eldiario.net\\\/portal\\\/2023\\\/11\\\/26\\\/perdida-de-la-biodiversidad-originara-crisis-alimentaria\\\/#primaryimage\"},\"thumbnailUrl\":\"https:\\\/\\\/www.eldiario.net\\\/portal\\\/wp-content\\\/uploads\\\/2023\\\/11\\\/p-1-VALE-1.jpg\",\"articleSection\":[\"Principal\"],\"inLanguage\":\"es\"},{\"@type\":\"WebPage\",\"@id\":\"https:\\\/\\\/www.eldiario.net\\\/portal\\\/2023\\\/11\\\/26\\\/perdida-de-la-biodiversidad-originara-crisis-alimentaria\\\/\",\"url\":\"https:\\\/\\\/www.eldiario.net\\\/portal\\\/2023\\\/11\\\/26\\\/perdida-de-la-biodiversidad-originara-crisis-alimentaria\\\/\",\"name\":\"P\u00e9rdida de la biodiversidad originar\u00e1 crisis alimentaria - El Diario - Bolivia\",\"isPartOf\":{\"@id\":\"https:\\\/\\\/www.eldiario.net\\\/portal\\\/#website\"},\"primaryImageOfPage\":{\"@id\":\"https:\\\/\\\/www.eldiario.net\\\/portal\\\/2023\\\/11\\\/26\\\/perdida-de-la-biodiversidad-originara-crisis-alimentaria\\\/#primaryimage\"},\"image\":{\"@id\":\"https:\\\/\\\/www.eldiario.net\\\/portal\\\/2023\\\/11\\\/26\\\/perdida-de-la-biodiversidad-originara-crisis-alimentaria\\\/#primaryimage\"},\"thumbnailUrl\":\"https:\\\/\\\/www.eldiario.net\\\/portal\\\/wp-content\\\/uploads\\\/2023\\\/11\\\/p-1-VALE-1.jpg\",\"datePublished\":\"2023-11-26T10:08:27+00:00\",\"breadcrumb\":{\"@id\":\"https:\\\/\\\/www.eldiario.net\\\/portal\\\/2023\\\/11\\\/26\\\/perdida-de-la-biodiversidad-originara-crisis-alimentaria\\\/#breadcrumb\"},\"inLanguage\":\"es\",\"potentialAction\":[{\"@type\":\"ReadAction\",\"target\":[\"https:\\\/\\\/www.eldiario.net\\\/portal\\\/2023\\\/11\\\/26\\\/perdida-de-la-biodiversidad-originara-crisis-alimentaria\\\/\"]}]},{\"@type\":\"ImageObject\",\"inLanguage\":\"es\",\"@id\":\"https:\\\/\\\/www.eldiario.net\\\/portal\\\/2023\\\/11\\\/26\\\/perdida-de-la-biodiversidad-originara-crisis-alimentaria\\\/#primaryimage\",\"url\":\"https:\\\/\\\/www.eldiario.net\\\/portal\\\/wp-content\\\/uploads\\\/2023\\\/11\\\/p-1-VALE-1.jpg\",\"contentUrl\":\"https:\\\/\\\/www.eldiario.net\\\/portal\\\/wp-content\\\/uploads\\\/2023\\\/11\\\/p-1-VALE-1.jpg\",\"width\":2362,\"height\":1772,\"caption\":\"El prolongado incendio forestal registrado en varias regiones del pa\u00eds traer\u00e1 consecuencias que se reflejar\u00e1n en la reducci\u00f3n de la producci\u00f3n de algunos alimentos.\"},{\"@type\":\"BreadcrumbList\",\"@id\":\"https:\\\/\\\/www.eldiario.net\\\/portal\\\/2023\\\/11\\\/26\\\/perdida-de-la-biodiversidad-originara-crisis-alimentaria\\\/#breadcrumb\",\"itemListElement\":[{\"@type\":\"ListItem\",\"position\":1,\"name\":\"Portada\",\"item\":\"https:\\\/\\\/www.eldiario.net\\\/portal\\\/\"},{\"@type\":\"ListItem\",\"position\":2,\"name\":\"P\u00e9rdida de la biodiversidad originar\u00e1 crisis alimentaria\"}]},{\"@type\":\"WebSite\",\"@id\":\"https:\\\/\\\/www.eldiario.net\\\/portal\\\/#website\",\"url\":\"https:\\\/\\\/www.eldiario.net\\\/portal\\\/\",\"name\":\"El Diario - Decano de la prensa nacional\",\"description\":\"El Diario - Decano de la prensa nacional\",\"publisher\":{\"@id\":\"https:\\\/\\\/www.eldiario.net\\\/portal\\\/#organization\"},\"potentialAction\":[{\"@type\":\"SearchAction\",\"target\":{\"@type\":\"EntryPoint\",\"urlTemplate\":\"https:\\\/\\\/www.eldiario.net\\\/portal\\\/?s={search_term_string}\"},\"query-input\":{\"@type\":\"PropertyValueSpecification\",\"valueRequired\":true,\"valueName\":\"search_term_string\"}}],\"inLanguage\":\"es\"},{\"@type\":\"Organization\",\"@id\":\"https:\\\/\\\/www.eldiario.net\\\/portal\\\/#organization\",\"name\":\"El Diario - Decano de la prensa nacional\",\"url\":\"https:\\\/\\\/www.eldiario.net\\\/portal\\\/\",\"logo\":{\"@type\":\"ImageObject\",\"inLanguage\":\"es\",\"@id\":\"https:\\\/\\\/www.eldiario.net\\\/portal\\\/#\\\/schema\\\/logo\\\/image\\\/\",\"url\":\"https:\\\/\\\/www.eldiario.net\\\/portal\\\/wp-content\\\/uploads\\\/2023\\\/07\\\/logo_ED.jpg\",\"contentUrl\":\"https:\\\/\\\/www.eldiario.net\\\/portal\\\/wp-content\\\/uploads\\\/2023\\\/07\\\/logo_ED.jpg\",\"width\":272,\"height\":52,\"caption\":\"El Diario - Decano de la prensa nacional\"},\"image\":{\"@id\":\"https:\\\/\\\/www.eldiario.net\\\/portal\\\/#\\\/schema\\\/logo\\\/image\\\/\"},\"sameAs\":[\"https:\\\/\\\/www.facebook.com\\\/eldiario.bolivia\\\/\",\"https:\\\/\\\/x.com\\\/eldiario_net\"]},{\"@type\":\"Person\",\"@id\":\"https:\\\/\\\/www.eldiario.net\\\/portal\\\/#\\\/schema\\\/person\\\/f46445640444750d7d753ccd04ae01b7\",\"name\":\"Jeanette\",\"image\":{\"@type\":\"ImageObject\",\"inLanguage\":\"es\",\"@id\":\"https:\\\/\\\/secure.gravatar.com\\\/avatar\\\/3ea2118a5f7dad2b7138b1187a6b7ee55f160b9968b66013c3a3ef39dd7e5798?s=96&d=mm&r=g\",\"url\":\"https:\\\/\\\/secure.gravatar.com\\\/avatar\\\/3ea2118a5f7dad2b7138b1187a6b7ee55f160b9968b66013c3a3ef39dd7e5798?s=96&d=mm&r=g\",\"contentUrl\":\"https:\\\/\\\/secure.gravatar.com\\\/avatar\\\/3ea2118a5f7dad2b7138b1187a6b7ee55f160b9968b66013c3a3ef39dd7e5798?s=96&d=mm&r=g\",\"caption\":\"Jeanette\"},\"sameAs\":[\"https:\\\/\\\/www.eldiario.net\\\/portal\"],\"url\":\"https:\\\/\\\/www.eldiario.net\\\/portal\\\/author\\\/jeanette\\\/\"}]}<\/script>\n<!-- \/ Yoast SEO plugin. -->","yoast_head_json":{"title":"P\u00e9rdida de la biodiversidad originar\u00e1 crisis alimentaria - El Diario - Bolivia","robots":{"index":"index","follow":"follow","max-snippet":"max-snippet:-1","max-image-preview":"max-image-preview:large","max-video-preview":"max-video-preview:-1"},"canonical":"https:\/\/www.eldiario.net\/portal\/2023\/11\/26\/perdida-de-la-biodiversidad-originara-crisis-alimentaria\/","og_locale":"es_ES","og_type":"article","og_title":"P\u00e9rdida de la biodiversidad originar\u00e1 crisis alimentaria - El Diario - Bolivia","og_description":"La p\u00e9rdida de miles de hect\u00e1reas de bosque por los devastadores incendios provocados y el chaqueo sin control, adem\u00e1s de otros miles de animales muertos y la contaminaci\u00f3n traer\u00e1n una \u201ccrisis alimenticia complicada\u201d al pa\u00eds, que se reflejar\u00e1 en la poca producci\u00f3n de algunos alimentos y posible presencia de enfermedades, sostuvo la cofundadora del refugio [&hellip;]","og_url":"https:\/\/www.eldiario.net\/portal\/2023\/11\/26\/perdida-de-la-biodiversidad-originara-crisis-alimentaria\/","og_site_name":"El Diario - Bolivia","article_publisher":"https:\/\/www.facebook.com\/eldiario.bolivia\/","article_published_time":"2023-11-26T10:08:27+00:00","og_image":[{"width":1024,"height":768,"url":"https:\/\/www.eldiario.net\/portal\/wp-content\/uploads\/2023\/11\/p-1-VALE-1-1024x768.jpg","type":"image\/jpeg"}],"author":"Jeanette","twitter_card":"summary_large_image","twitter_creator":"@eldiario_net","twitter_site":"@eldiario_net","twitter_misc":{"Escrito por":"Jeanette","Tiempo de lectura":"2 minutos"},"schema":{"@context":"https:\/\/schema.org","@graph":[{"@type":"Article","@id":"https:\/\/www.eldiario.net\/portal\/2023\/11\/26\/perdida-de-la-biodiversidad-originara-crisis-alimentaria\/#article","isPartOf":{"@id":"https:\/\/www.eldiario.net\/portal\/2023\/11\/26\/perdida-de-la-biodiversidad-originara-crisis-alimentaria\/"},"author":{"name":"Jeanette","@id":"https:\/\/www.eldiario.net\/portal\/#\/schema\/person\/f46445640444750d7d753ccd04ae01b7"},"headline":"P\u00e9rdida de la biodiversidad originar\u00e1 crisis alimentaria","datePublished":"2023-11-26T10:08:27+00:00","mainEntityOfPage":{"@id":"https:\/\/www.eldiario.net\/portal\/2023\/11\/26\/perdida-de-la-biodiversidad-originara-crisis-alimentaria\/"},"wordCount":282,"publisher":{"@id":"https:\/\/www.eldiario.net\/portal\/#organization"},"image":{"@id":"https:\/\/www.eldiario.net\/portal\/2023\/11\/26\/perdida-de-la-biodiversidad-originara-crisis-alimentaria\/#primaryimage"},"thumbnailUrl":"https:\/\/www.eldiario.net\/portal\/wp-content\/uploads\/2023\/11\/p-1-VALE-1.jpg","articleSection":["Principal"],"inLanguage":"es"},{"@type":"WebPage","@id":"https:\/\/www.eldiario.net\/portal\/2023\/11\/26\/perdida-de-la-biodiversidad-originara-crisis-alimentaria\/","url":"https:\/\/www.eldiario.net\/portal\/2023\/11\/26\/perdida-de-la-biodiversidad-originara-crisis-alimentaria\/","name":"P\u00e9rdida de la biodiversidad originar\u00e1 crisis alimentaria - El Diario - Bolivia","isPartOf":{"@id":"https:\/\/www.eldiario.net\/portal\/#website"},"primaryImageOfPage":{"@id":"https:\/\/www.eldiario.net\/portal\/2023\/11\/26\/perdida-de-la-biodiversidad-originara-crisis-alimentaria\/#primaryimage"},"image":{"@id":"https:\/\/www.eldiario.net\/portal\/2023\/11\/26\/perdida-de-la-biodiversidad-originara-crisis-alimentaria\/#primaryimage"},"thumbnailUrl":"https:\/\/www.eldiario.net\/portal\/wp-content\/uploads\/2023\/11\/p-1-VALE-1.jpg","datePublished":"2023-11-26T10:08:27+00:00","breadcrumb":{"@id":"https:\/\/www.eldiario.net\/portal\/2023\/11\/26\/perdida-de-la-biodiversidad-originara-crisis-alimentaria\/#breadcrumb"},"inLanguage":"es","potentialAction":[{"@type":"ReadAction","target":["https:\/\/www.eldiario.net\/portal\/2023\/11\/26\/perdida-de-la-biodiversidad-originara-crisis-alimentaria\/"]}]},{"@type":"ImageObject","inLanguage":"es","@id":"https:\/\/www.eldiario.net\/portal\/2023\/11\/26\/perdida-de-la-biodiversidad-originara-crisis-alimentaria\/#primaryimage","url":"https:\/\/www.eldiario.net\/portal\/wp-content\/uploads\/2023\/11\/p-1-VALE-1.jpg","contentUrl":"https:\/\/www.eldiario.net\/portal\/wp-content\/uploads\/2023\/11\/p-1-VALE-1.jpg","width":2362,"height":1772,"caption":"El prolongado incendio forestal registrado en varias regiones del pa\u00eds traer\u00e1 consecuencias que se reflejar\u00e1n en la reducci\u00f3n de la producci\u00f3n de algunos alimentos."},{"@type":"BreadcrumbList","@id":"https:\/\/www.eldiario.net\/portal\/2023\/11\/26\/perdida-de-la-biodiversidad-originara-crisis-alimentaria\/#breadcrumb","itemListElement":[{"@type":"ListItem","position":1,"name":"Portada","item":"https:\/\/www.eldiario.net\/portal\/"},{"@type":"ListItem","position":2,"name":"P\u00e9rdida de la biodiversidad originar\u00e1 crisis alimentaria"}]},{"@type":"WebSite","@id":"https:\/\/www.eldiario.net\/portal\/#website","url":"https:\/\/www.eldiario.net\/portal\/","name":"El Diario - Decano de la prensa nacional","description":"El Diario - Decano de la prensa nacional","publisher":{"@id":"https:\/\/www.eldiario.net\/portal\/#organization"},"potentialAction":[{"@type":"SearchAction","target":{"@type":"EntryPoint","urlTemplate":"https:\/\/www.eldiario.net\/portal\/?s={search_term_string}"},"query-input":{"@type":"PropertyValueSpecification","valueRequired":true,"valueName":"search_term_string"}}],"inLanguage":"es"},{"@type":"Organization","@id":"https:\/\/www.eldiario.net\/portal\/#organization","name":"El Diario - Decano de la prensa nacional","url":"https:\/\/www.eldiario.net\/portal\/","logo":{"@type":"ImageObject","inLanguage":"es","@id":"https:\/\/www.eldiario.net\/portal\/#\/schema\/logo\/image\/","url":"https:\/\/www.eldiario.net\/portal\/wp-content\/uploads\/2023\/07\/logo_ED.jpg","contentUrl":"https:\/\/www.eldiario.net\/portal\/wp-content\/uploads\/2023\/07\/logo_ED.jpg","width":272,"height":52,"caption":"El Diario - Decano de la prensa nacional"},"image":{"@id":"https:\/\/www.eldiario.net\/portal\/#\/schema\/logo\/image\/"},"sameAs":["https:\/\/www.facebook.com\/eldiario.bolivia\/","https:\/\/x.com\/eldiario_net"]},{"@type":"Person","@id":"https:\/\/www.eldiario.net\/portal\/#\/schema\/person\/f46445640444750d7d753ccd04ae01b7","name":"Jeanette","image":{"@type":"ImageObject","inLanguage":"es","@id":"https:\/\/secure.gravatar.com\/avatar\/3ea2118a5f7dad2b7138b1187a6b7ee55f160b9968b66013c3a3ef39dd7e5798?s=96&d=mm&r=g","url":"https:\/\/secure.gravatar.com\/avatar\/3ea2118a5f7dad2b7138b1187a6b7ee55f160b9968b66013c3a3ef39dd7e5798?s=96&d=mm&r=g","contentUrl":"https:\/\/secure.gravatar.com\/avatar\/3ea2118a5f7dad2b7138b1187a6b7ee55f160b9968b66013c3a3ef39dd7e5798?s=96&d=mm&r=g","caption":"Jeanette"},"sameAs":["https:\/\/www.eldiario.net\/portal"],"url":"https:\/\/www.eldiario.net\/portal\/author\/jeanette\/"}]}},"_links":{"self":[{"href":"https:\/\/www.eldiario.net\/portal\/wp-json\/wp\/v2\/posts\/189486","targetHints":{"allow":["GET"]}}],"collection":[{"href":"https:\/\/www.eldiario.net\/portal\/wp-json\/wp\/v2\/posts"}],"about":[{"href":"https:\/\/www.eldiario.net\/portal\/wp-json\/wp\/v2\/types\/post"}],"author":[{"embeddable":true,"href":"https:\/\/www.eldiario.net\/portal\/wp-json\/wp\/v2\/users\/1"}],"replies":[{"embeddable":true,"href":"https:\/\/www.eldiario.net\/portal\/wp-json\/wp\/v2\/comments?post=189486"}],"version-history":[{"count":0,"href":"https:\/\/www.eldiario.net\/portal\/wp-json\/wp\/v2\/posts\/189486\/revisions"}],"wp:featuredmedia":[{"embeddable":true,"href":"https:\/\/www.eldiario.net\/portal\/wp-json\/wp\/v2\/media\/189487"}],"wp:attachment":[{"href":"https:\/\/www.eldiario.net\/portal\/wp-json\/wp\/v2\/media?parent=189486"}],"wp:term":[{"taxonomy":"category","embeddable":true,"href":"https:\/\/www.eldiario.net\/portal\/wp-json\/wp\/v2\/categories?post=189486"},{"taxonomy":"post_tag","embeddable":true,"href":"https:\/\/www.eldiario.net\/portal\/wp-json\/wp\/v2\/tags?post=189486"}],"curies":[{"name":"wp","href":"https:\/\/api.w.org\/{rel}","templated":true}]}}