{"id":189483,"date":"2023-11-26T06:06:47","date_gmt":"2023-11-26T10:06:47","guid":{"rendered":"https:\/\/www.eldiario.net\/portal\/?p=189483"},"modified":"2023-11-26T06:06:47","modified_gmt":"2023-11-26T10:06:47","slug":"lo-veo-muy-preocupado-al-ministro-del-castillo","status":"publish","type":"post","link":"https:\/\/www.eldiario.net\/portal\/2023\/11\/26\/lo-veo-muy-preocupado-al-ministro-del-castillo\/","title":{"rendered":"\u00abLo veo muy preocupado  al ministro Del Castillo\u00bb"},"content":{"rendered":"<p class=\"v1MsoNormal\">\u00abLo veo bastante preocupado se\u00f1or ministro (Eduardo) Del Castillo. \u00bfEst\u00e1 con miedo de lo que pueda decir? preocupado, preocupado\u00bb. As\u00ed inicia uno de los tres audios del uruguayo Sebastian Marset, acusado de narcotr\u00e1fico y buscado por la justicia a nivel internacional.<\/p>\n<p class=\"v1MsoNormal\">Los audios a los que tuvo acceso la red Unitel y que tambi\u00e9n habr\u00edan llegado al Ministerio de Gobierno de Bolivia, el mismo que ser\u00e1 difundido este domingo, a las 19.45, hora boliviana.<\/p>\n<p class=\"v1MsoNormal\">\u00abNo esper\u00f3 ni siquiera al programa del domingo, ya est\u00e1 diciendo que estoy acostumbrado a mentir, usted es un c\u00ednico mentiroso, vea el programa y despu\u00e9s se defiende\u00bb, dice Marset, en respuesta al\u00a0 Ministro de Gobierno, qui\u00e9n tras conocer sobre la entrevista dijo; \u00abNo tenemos miedo a lo que vaya decir un narcotraficante\u00bb.<\/p>\n<p class=\"v1MsoNormal\">\u00a0\u00abUsted es muy burro&#8230; \u00bfA usted le parece que me puedo sentir acorralado y traer una periodista a hacerme una entrevista? No sabe ni lo que dice, est\u00e1 con miedo, se siente su miedo, tiene miedo, por algo lo tiene\u00bb, se escucha en el audio atribuido al narcotraficante, quien vivi\u00f3 con su familia, desde 2022, en la ciudad de Santa Cruz de la Sierra.<\/p>\n<p class=\"v1MsoNormal\">\u00a0\u00abSu semblante es de puro miedo, se le nota en la cara. Aparte de burro, es miedoso. Est\u00e1 diciendo que estoy en Paraguay. \u00bfD\u00f3nde tiene? \u00bfEscuch\u00f3 alg\u00fan pajarito de alg\u00fan campo de Paraguay? Y dice que est\u00e1 en Paraguay\u00bb, se escucha en el audio de Marset.<\/p>\n<p class=\"v1MsoNormal\">La alusi\u00f3n tambi\u00e9n se refiere a la declaraci\u00f3n que ayer hizo Del Castillo, \u00abdesde hace un par de d\u00edas tenemos la plena certeza de que este sujeto se encuentra en Paraguay, que ya no se encontrar\u00eda dentro del territorio nacional. Por tanto, consideramos desde el Gobierno Nacional, desde el Ministerio de Gobierno y la Polic\u00eda Boliviana, que este sujeto ha accedido a la entrevista porque se siente acorralado y est\u00e1 buscando alg\u00fan m\u00f3vil para poder entregarse los siguientes d\u00edas\u00bb. (Br\u00fajula Digital)<\/p>\n","protected":false},"excerpt":{"rendered":"<p>\u00abLo veo bastante preocupado se\u00f1or ministro (Eduardo) Del Castillo. \u00bfEst\u00e1 con miedo de lo que pueda decir? preocupado, preocupado\u00bb. As\u00ed inicia uno de los tres audios del uruguayo Sebastian Marset, acusado de narcotr\u00e1fico y buscado por la justicia a nivel internacional. Los audios a los que tuvo acceso la red Unitel y que tambi\u00e9n habr\u00edan [&hellip;]<\/p>\n","protected":false},"author":1,"featured_media":189484,"comment_status":"closed","ping_status":"open","sticky":false,"template":"","format":"standard","meta":{"_acf_changed":false,"footnotes":""},"categories":[15],"tags":[],"class_list":["post-189483","post","type-post","status-publish","format-standard","has-post-thumbnail","category-portada"],"acf":{"antetitulo":""},"yoast_head":"<!-- This site is optimized with the Yoast SEO plugin v28.3 - https:\/\/yoast.com\/product\/yoast-seo-wordpress\/ -->\n<title>&quot;Lo veo muy preocupado al ministro Del Castillo&quot; - El Diario - Bolivia<\/title>\n<meta name=\"robots\" content=\"index, follow, max-snippet:-1, max-image-preview:large, max-video-preview:-1\" \/>\n<link rel=\"canonical\" href=\"https:\/\/www.eldiario.net\/portal\/2023\/11\/26\/lo-veo-muy-preocupado-al-ministro-del-castillo\/\" \/>\n<meta property=\"og:locale\" content=\"es_ES\" \/>\n<meta property=\"og:type\" content=\"article\" \/>\n<meta property=\"og:title\" content=\"&quot;Lo veo muy preocupado al ministro Del Castillo&quot; - El Diario - Bolivia\" \/>\n<meta property=\"og:description\" content=\"\u00abLo veo bastante preocupado se\u00f1or ministro (Eduardo) Del Castillo. \u00bfEst\u00e1 con miedo de lo que pueda decir? preocupado, preocupado\u00bb. As\u00ed inicia uno de los tres audios del uruguayo Sebastian Marset, acusado de narcotr\u00e1fico y buscado por la justicia a nivel internacional. Los audios a los que tuvo acceso la red Unitel y que tambi\u00e9n habr\u00edan [&hellip;]\" \/>\n<meta property=\"og:url\" content=\"https:\/\/www.eldiario.net\/portal\/2023\/11\/26\/lo-veo-muy-preocupado-al-ministro-del-castillo\/\" \/>\n<meta property=\"og:site_name\" content=\"El Diario - Bolivia\" \/>\n<meta property=\"article:publisher\" content=\"https:\/\/www.facebook.com\/eldiario.bolivia\/\" \/>\n<meta property=\"article:published_time\" content=\"2023-11-26T10:06:47+00:00\" \/>\n<meta property=\"og:image\" content=\"https:\/\/www.eldiario.net\/portal\/wp-content\/uploads\/2023\/11\/P-2-10-cm-x-7-10.jpg\" \/>\n\t<meta property=\"og:image:width\" content=\"854\" \/>\n\t<meta property=\"og:image:height\" content=\"374\" \/>\n\t<meta property=\"og:image:type\" content=\"image\/jpeg\" \/>\n<meta name=\"author\" content=\"Jeanette\" \/>\n<meta name=\"twitter:card\" content=\"summary_large_image\" \/>\n<meta name=\"twitter:creator\" content=\"@eldiario_net\" \/>\n<meta name=\"twitter:site\" content=\"@eldiario_net\" \/>\n<meta name=\"twitter:label1\" content=\"Escrito por\" \/>\n\t<meta name=\"twitter:data1\" content=\"Jeanette\" \/>\n\t<meta name=\"twitter:label2\" content=\"Tiempo de lectura\" \/>\n\t<meta name=\"twitter:data2\" content=\"2 minutos\" \/>\n<script type=\"application\/ld+json\" class=\"yoast-schema-graph\">{\"@context\":\"https:\\\/\\\/schema.org\",\"@graph\":[{\"@type\":\"Article\",\"@id\":\"https:\\\/\\\/www.eldiario.net\\\/portal\\\/2023\\\/11\\\/26\\\/lo-veo-muy-preocupado-al-ministro-del-castillo\\\/#article\",\"isPartOf\":{\"@id\":\"https:\\\/\\\/www.eldiario.net\\\/portal\\\/2023\\\/11\\\/26\\\/lo-veo-muy-preocupado-al-ministro-del-castillo\\\/\"},\"author\":{\"name\":\"Jeanette\",\"@id\":\"https:\\\/\\\/www.eldiario.net\\\/portal\\\/#\\\/schema\\\/person\\\/f46445640444750d7d753ccd04ae01b7\"},\"headline\":\"\u00abLo veo muy preocupado al ministro Del Castillo\u00bb\",\"datePublished\":\"2023-11-26T10:06:47+00:00\",\"mainEntityOfPage\":{\"@id\":\"https:\\\/\\\/www.eldiario.net\\\/portal\\\/2023\\\/11\\\/26\\\/lo-veo-muy-preocupado-al-ministro-del-castillo\\\/\"},\"wordCount\":344,\"publisher\":{\"@id\":\"https:\\\/\\\/www.eldiario.net\\\/portal\\\/#organization\"},\"image\":{\"@id\":\"https:\\\/\\\/www.eldiario.net\\\/portal\\\/2023\\\/11\\\/26\\\/lo-veo-muy-preocupado-al-ministro-del-castillo\\\/#primaryimage\"},\"thumbnailUrl\":\"https:\\\/\\\/www.eldiario.net\\\/portal\\\/wp-content\\\/uploads\\\/2023\\\/11\\\/P-2-10-cm-x-7-10.jpg\",\"articleSection\":[\"Portada\"],\"inLanguage\":\"es\"},{\"@type\":\"WebPage\",\"@id\":\"https:\\\/\\\/www.eldiario.net\\\/portal\\\/2023\\\/11\\\/26\\\/lo-veo-muy-preocupado-al-ministro-del-castillo\\\/\",\"url\":\"https:\\\/\\\/www.eldiario.net\\\/portal\\\/2023\\\/11\\\/26\\\/lo-veo-muy-preocupado-al-ministro-del-castillo\\\/\",\"name\":\"\\\"Lo veo muy preocupado al ministro Del Castillo\\\" - El Diario - Bolivia\",\"isPartOf\":{\"@id\":\"https:\\\/\\\/www.eldiario.net\\\/portal\\\/#website\"},\"primaryImageOfPage\":{\"@id\":\"https:\\\/\\\/www.eldiario.net\\\/portal\\\/2023\\\/11\\\/26\\\/lo-veo-muy-preocupado-al-ministro-del-castillo\\\/#primaryimage\"},\"image\":{\"@id\":\"https:\\\/\\\/www.eldiario.net\\\/portal\\\/2023\\\/11\\\/26\\\/lo-veo-muy-preocupado-al-ministro-del-castillo\\\/#primaryimage\"},\"thumbnailUrl\":\"https:\\\/\\\/www.eldiario.net\\\/portal\\\/wp-content\\\/uploads\\\/2023\\\/11\\\/P-2-10-cm-x-7-10.jpg\",\"datePublished\":\"2023-11-26T10:06:47+00:00\",\"breadcrumb\":{\"@id\":\"https:\\\/\\\/www.eldiario.net\\\/portal\\\/2023\\\/11\\\/26\\\/lo-veo-muy-preocupado-al-ministro-del-castillo\\\/#breadcrumb\"},\"inLanguage\":\"es\",\"potentialAction\":[{\"@type\":\"ReadAction\",\"target\":[\"https:\\\/\\\/www.eldiario.net\\\/portal\\\/2023\\\/11\\\/26\\\/lo-veo-muy-preocupado-al-ministro-del-castillo\\\/\"]}]},{\"@type\":\"ImageObject\",\"inLanguage\":\"es\",\"@id\":\"https:\\\/\\\/www.eldiario.net\\\/portal\\\/2023\\\/11\\\/26\\\/lo-veo-muy-preocupado-al-ministro-del-castillo\\\/#primaryimage\",\"url\":\"https:\\\/\\\/www.eldiario.net\\\/portal\\\/wp-content\\\/uploads\\\/2023\\\/11\\\/P-2-10-cm-x-7-10.jpg\",\"contentUrl\":\"https:\\\/\\\/www.eldiario.net\\\/portal\\\/wp-content\\\/uploads\\\/2023\\\/11\\\/P-2-10-cm-x-7-10.jpg\",\"width\":854,\"height\":374,\"caption\":\"Uruguayo Sebasti\u00e1n Marset CREDITO: Bolivisi\u00f3n\"},{\"@type\":\"BreadcrumbList\",\"@id\":\"https:\\\/\\\/www.eldiario.net\\\/portal\\\/2023\\\/11\\\/26\\\/lo-veo-muy-preocupado-al-ministro-del-castillo\\\/#breadcrumb\",\"itemListElement\":[{\"@type\":\"ListItem\",\"position\":1,\"name\":\"Portada\",\"item\":\"https:\\\/\\\/www.eldiario.net\\\/portal\\\/\"},{\"@type\":\"ListItem\",\"position\":2,\"name\":\"\u00abLo veo muy preocupado al ministro Del Castillo\u00bb\"}]},{\"@type\":\"WebSite\",\"@id\":\"https:\\\/\\\/www.eldiario.net\\\/portal\\\/#website\",\"url\":\"https:\\\/\\\/www.eldiario.net\\\/portal\\\/\",\"name\":\"El Diario - Decano de la prensa nacional\",\"description\":\"El Diario - Decano de la prensa nacional\",\"publisher\":{\"@id\":\"https:\\\/\\\/www.eldiario.net\\\/portal\\\/#organization\"},\"potentialAction\":[{\"@type\":\"SearchAction\",\"target\":{\"@type\":\"EntryPoint\",\"urlTemplate\":\"https:\\\/\\\/www.eldiario.net\\\/portal\\\/?s={search_term_string}\"},\"query-input\":{\"@type\":\"PropertyValueSpecification\",\"valueRequired\":true,\"valueName\":\"search_term_string\"}}],\"inLanguage\":\"es\"},{\"@type\":\"Organization\",\"@id\":\"https:\\\/\\\/www.eldiario.net\\\/portal\\\/#organization\",\"name\":\"El Diario - Decano de la prensa nacional\",\"url\":\"https:\\\/\\\/www.eldiario.net\\\/portal\\\/\",\"logo\":{\"@type\":\"ImageObject\",\"inLanguage\":\"es\",\"@id\":\"https:\\\/\\\/www.eldiario.net\\\/portal\\\/#\\\/schema\\\/logo\\\/image\\\/\",\"url\":\"https:\\\/\\\/www.eldiario.net\\\/portal\\\/wp-content\\\/uploads\\\/2023\\\/07\\\/logo_ED.jpg\",\"contentUrl\":\"https:\\\/\\\/www.eldiario.net\\\/portal\\\/wp-content\\\/uploads\\\/2023\\\/07\\\/logo_ED.jpg\",\"width\":272,\"height\":52,\"caption\":\"El Diario - Decano de la prensa nacional\"},\"image\":{\"@id\":\"https:\\\/\\\/www.eldiario.net\\\/portal\\\/#\\\/schema\\\/logo\\\/image\\\/\"},\"sameAs\":[\"https:\\\/\\\/www.facebook.com\\\/eldiario.bolivia\\\/\",\"https:\\\/\\\/x.com\\\/eldiario_net\"]},{\"@type\":\"Person\",\"@id\":\"https:\\\/\\\/www.eldiario.net\\\/portal\\\/#\\\/schema\\\/person\\\/f46445640444750d7d753ccd04ae01b7\",\"name\":\"Jeanette\",\"image\":{\"@type\":\"ImageObject\",\"inLanguage\":\"es\",\"@id\":\"https:\\\/\\\/secure.gravatar.com\\\/avatar\\\/3ea2118a5f7dad2b7138b1187a6b7ee55f160b9968b66013c3a3ef39dd7e5798?s=96&d=mm&r=g\",\"url\":\"https:\\\/\\\/secure.gravatar.com\\\/avatar\\\/3ea2118a5f7dad2b7138b1187a6b7ee55f160b9968b66013c3a3ef39dd7e5798?s=96&d=mm&r=g\",\"contentUrl\":\"https:\\\/\\\/secure.gravatar.com\\\/avatar\\\/3ea2118a5f7dad2b7138b1187a6b7ee55f160b9968b66013c3a3ef39dd7e5798?s=96&d=mm&r=g\",\"caption\":\"Jeanette\"},\"sameAs\":[\"https:\\\/\\\/www.eldiario.net\\\/portal\"],\"url\":\"https:\\\/\\\/www.eldiario.net\\\/portal\\\/author\\\/jeanette\\\/\"}]}<\/script>\n<!-- \/ Yoast SEO plugin. -->","yoast_head_json":{"title":"\"Lo veo muy preocupado al ministro Del Castillo\" - El Diario - Bolivia","robots":{"index":"index","follow":"follow","max-snippet":"max-snippet:-1","max-image-preview":"max-image-preview:large","max-video-preview":"max-video-preview:-1"},"canonical":"https:\/\/www.eldiario.net\/portal\/2023\/11\/26\/lo-veo-muy-preocupado-al-ministro-del-castillo\/","og_locale":"es_ES","og_type":"article","og_title":"\"Lo veo muy preocupado al ministro Del Castillo\" - El Diario - Bolivia","og_description":"\u00abLo veo bastante preocupado se\u00f1or ministro (Eduardo) Del Castillo. \u00bfEst\u00e1 con miedo de lo que pueda decir? preocupado, preocupado\u00bb. As\u00ed inicia uno de los tres audios del uruguayo Sebastian Marset, acusado de narcotr\u00e1fico y buscado por la justicia a nivel internacional. Los audios a los que tuvo acceso la red Unitel y que tambi\u00e9n habr\u00edan [&hellip;]","og_url":"https:\/\/www.eldiario.net\/portal\/2023\/11\/26\/lo-veo-muy-preocupado-al-ministro-del-castillo\/","og_site_name":"El Diario - Bolivia","article_publisher":"https:\/\/www.facebook.com\/eldiario.bolivia\/","article_published_time":"2023-11-26T10:06:47+00:00","og_image":[{"width":854,"height":374,"url":"https:\/\/www.eldiario.net\/portal\/wp-content\/uploads\/2023\/11\/P-2-10-cm-x-7-10.jpg","type":"image\/jpeg"}],"author":"Jeanette","twitter_card":"summary_large_image","twitter_creator":"@eldiario_net","twitter_site":"@eldiario_net","twitter_misc":{"Escrito por":"Jeanette","Tiempo de lectura":"2 minutos"},"schema":{"@context":"https:\/\/schema.org","@graph":[{"@type":"Article","@id":"https:\/\/www.eldiario.net\/portal\/2023\/11\/26\/lo-veo-muy-preocupado-al-ministro-del-castillo\/#article","isPartOf":{"@id":"https:\/\/www.eldiario.net\/portal\/2023\/11\/26\/lo-veo-muy-preocupado-al-ministro-del-castillo\/"},"author":{"name":"Jeanette","@id":"https:\/\/www.eldiario.net\/portal\/#\/schema\/person\/f46445640444750d7d753ccd04ae01b7"},"headline":"\u00abLo veo muy preocupado al ministro Del Castillo\u00bb","datePublished":"2023-11-26T10:06:47+00:00","mainEntityOfPage":{"@id":"https:\/\/www.eldiario.net\/portal\/2023\/11\/26\/lo-veo-muy-preocupado-al-ministro-del-castillo\/"},"wordCount":344,"publisher":{"@id":"https:\/\/www.eldiario.net\/portal\/#organization"},"image":{"@id":"https:\/\/www.eldiario.net\/portal\/2023\/11\/26\/lo-veo-muy-preocupado-al-ministro-del-castillo\/#primaryimage"},"thumbnailUrl":"https:\/\/www.eldiario.net\/portal\/wp-content\/uploads\/2023\/11\/P-2-10-cm-x-7-10.jpg","articleSection":["Portada"],"inLanguage":"es"},{"@type":"WebPage","@id":"https:\/\/www.eldiario.net\/portal\/2023\/11\/26\/lo-veo-muy-preocupado-al-ministro-del-castillo\/","url":"https:\/\/www.eldiario.net\/portal\/2023\/11\/26\/lo-veo-muy-preocupado-al-ministro-del-castillo\/","name":"\"Lo veo muy preocupado al ministro Del Castillo\" - El Diario - Bolivia","isPartOf":{"@id":"https:\/\/www.eldiario.net\/portal\/#website"},"primaryImageOfPage":{"@id":"https:\/\/www.eldiario.net\/portal\/2023\/11\/26\/lo-veo-muy-preocupado-al-ministro-del-castillo\/#primaryimage"},"image":{"@id":"https:\/\/www.eldiario.net\/portal\/2023\/11\/26\/lo-veo-muy-preocupado-al-ministro-del-castillo\/#primaryimage"},"thumbnailUrl":"https:\/\/www.eldiario.net\/portal\/wp-content\/uploads\/2023\/11\/P-2-10-cm-x-7-10.jpg","datePublished":"2023-11-26T10:06:47+00:00","breadcrumb":{"@id":"https:\/\/www.eldiario.net\/portal\/2023\/11\/26\/lo-veo-muy-preocupado-al-ministro-del-castillo\/#breadcrumb"},"inLanguage":"es","potentialAction":[{"@type":"ReadAction","target":["https:\/\/www.eldiario.net\/portal\/2023\/11\/26\/lo-veo-muy-preocupado-al-ministro-del-castillo\/"]}]},{"@type":"ImageObject","inLanguage":"es","@id":"https:\/\/www.eldiario.net\/portal\/2023\/11\/26\/lo-veo-muy-preocupado-al-ministro-del-castillo\/#primaryimage","url":"https:\/\/www.eldiario.net\/portal\/wp-content\/uploads\/2023\/11\/P-2-10-cm-x-7-10.jpg","contentUrl":"https:\/\/www.eldiario.net\/portal\/wp-content\/uploads\/2023\/11\/P-2-10-cm-x-7-10.jpg","width":854,"height":374,"caption":"Uruguayo Sebasti\u00e1n Marset CREDITO: Bolivisi\u00f3n"},{"@type":"BreadcrumbList","@id":"https:\/\/www.eldiario.net\/portal\/2023\/11\/26\/lo-veo-muy-preocupado-al-ministro-del-castillo\/#breadcrumb","itemListElement":[{"@type":"ListItem","position":1,"name":"Portada","item":"https:\/\/www.eldiario.net\/portal\/"},{"@type":"ListItem","position":2,"name":"\u00abLo veo muy preocupado al ministro Del Castillo\u00bb"}]},{"@type":"WebSite","@id":"https:\/\/www.eldiario.net\/portal\/#website","url":"https:\/\/www.eldiario.net\/portal\/","name":"El Diario - Decano de la prensa nacional","description":"El Diario - Decano de la prensa nacional","publisher":{"@id":"https:\/\/www.eldiario.net\/portal\/#organization"},"potentialAction":[{"@type":"SearchAction","target":{"@type":"EntryPoint","urlTemplate":"https:\/\/www.eldiario.net\/portal\/?s={search_term_string}"},"query-input":{"@type":"PropertyValueSpecification","valueRequired":true,"valueName":"search_term_string"}}],"inLanguage":"es"},{"@type":"Organization","@id":"https:\/\/www.eldiario.net\/portal\/#organization","name":"El Diario - Decano de la prensa nacional","url":"https:\/\/www.eldiario.net\/portal\/","logo":{"@type":"ImageObject","inLanguage":"es","@id":"https:\/\/www.eldiario.net\/portal\/#\/schema\/logo\/image\/","url":"https:\/\/www.eldiario.net\/portal\/wp-content\/uploads\/2023\/07\/logo_ED.jpg","contentUrl":"https:\/\/www.eldiario.net\/portal\/wp-content\/uploads\/2023\/07\/logo_ED.jpg","width":272,"height":52,"caption":"El Diario - Decano de la prensa nacional"},"image":{"@id":"https:\/\/www.eldiario.net\/portal\/#\/schema\/logo\/image\/"},"sameAs":["https:\/\/www.facebook.com\/eldiario.bolivia\/","https:\/\/x.com\/eldiario_net"]},{"@type":"Person","@id":"https:\/\/www.eldiario.net\/portal\/#\/schema\/person\/f46445640444750d7d753ccd04ae01b7","name":"Jeanette","image":{"@type":"ImageObject","inLanguage":"es","@id":"https:\/\/secure.gravatar.com\/avatar\/3ea2118a5f7dad2b7138b1187a6b7ee55f160b9968b66013c3a3ef39dd7e5798?s=96&d=mm&r=g","url":"https:\/\/secure.gravatar.com\/avatar\/3ea2118a5f7dad2b7138b1187a6b7ee55f160b9968b66013c3a3ef39dd7e5798?s=96&d=mm&r=g","contentUrl":"https:\/\/secure.gravatar.com\/avatar\/3ea2118a5f7dad2b7138b1187a6b7ee55f160b9968b66013c3a3ef39dd7e5798?s=96&d=mm&r=g","caption":"Jeanette"},"sameAs":["https:\/\/www.eldiario.net\/portal"],"url":"https:\/\/www.eldiario.net\/portal\/author\/jeanette\/"}]}},"_links":{"self":[{"href":"https:\/\/www.eldiario.net\/portal\/wp-json\/wp\/v2\/posts\/189483","targetHints":{"allow":["GET"]}}],"collection":[{"href":"https:\/\/www.eldiario.net\/portal\/wp-json\/wp\/v2\/posts"}],"about":[{"href":"https:\/\/www.eldiario.net\/portal\/wp-json\/wp\/v2\/types\/post"}],"author":[{"embeddable":true,"href":"https:\/\/www.eldiario.net\/portal\/wp-json\/wp\/v2\/users\/1"}],"replies":[{"embeddable":true,"href":"https:\/\/www.eldiario.net\/portal\/wp-json\/wp\/v2\/comments?post=189483"}],"version-history":[{"count":0,"href":"https:\/\/www.eldiario.net\/portal\/wp-json\/wp\/v2\/posts\/189483\/revisions"}],"wp:featuredmedia":[{"embeddable":true,"href":"https:\/\/www.eldiario.net\/portal\/wp-json\/wp\/v2\/media\/189484"}],"wp:attachment":[{"href":"https:\/\/www.eldiario.net\/portal\/wp-json\/wp\/v2\/media?parent=189483"}],"wp:term":[{"taxonomy":"category","embeddable":true,"href":"https:\/\/www.eldiario.net\/portal\/wp-json\/wp\/v2\/categories?post=189483"},{"taxonomy":"post_tag","embeddable":true,"href":"https:\/\/www.eldiario.net\/portal\/wp-json\/wp\/v2\/tags?post=189483"}],"curies":[{"name":"wp","href":"https:\/\/api.w.org\/{rel}","templated":true}]}}