{"id":189478,"date":"2023-11-26T06:04:35","date_gmt":"2023-11-26T10:04:35","guid":{"rendered":"https:\/\/www.eldiario.net\/portal\/?p=189478"},"modified":"2023-11-26T06:04:35","modified_gmt":"2023-11-26T10:04:35","slug":"continua-el-intercambio-de-rehenes-entre-israel-hamas","status":"publish","type":"post","link":"https:\/\/www.eldiario.net\/portal\/2023\/11\/26\/continua-el-intercambio-de-rehenes-entre-israel-hamas\/","title":{"rendered":"Contin\u00faa el intercambio de rehenes entre Israel-Ham\u00e1s"},"content":{"rendered":"<p class=\"v1MsoNormal\">Tras horas de demora y tensi\u00f3n, otro grupo de 13 israel\u00edes regres\u00f3 anoche a su pa\u00eds, luego de ser liberados por los terroristas de Ham\u00e1s en el segundo d\u00eda de tregua. A pesar de los retrasos y la incertidumbre, los combatientes palestinos finalmente los dejaron en manos de la Cruz Roja, que los llev\u00f3 por el paso de Rafah al encuentro con sus familias.<\/p>\n<p class=\"v1MsoNormal\">En esta oportunidad, si bien se mantuvo la cantidad de nacionales, se incluy\u00f3 mayor cantidad de ni\u00f1os. Ellos son Mia Regev (21), Noam (17) y Alma (13) Or, Hila Rotem-Shoshani (13), Emily Hand (9), Shiri (53) y Noga (18) Weiss, Sharon (52) y Noam (12) Avigdoris, Shoshan Haran (67), y Adi (38), Naveh (8) y Yahel (3) Shohams.<\/p>\n<p class=\"v1MsoNormal\">Al momento del ataque, el pasado 7 de octubre, la mayor\u00eda de ellos estaban en el kibutz Be&#8217;eri, donde tuvo lugar una de las peores masacres, con m\u00e1s de 80 secuestros y una treintena de asesinatos.<\/p>\n<p class=\"v1MsoNormal\">En las \u00faltimas horas, hab\u00eda crecido la expectativa por conseguir la liberaci\u00f3n de m\u00e1s israel\u00edes, ya que Hila Rotem se encontraba en Gaza junto a su madre Raya, de 54 a\u00f1os. Seg\u00fan fuentes cercanas a las negociaciones, las partes hab\u00edan acordado no separar a familias en este per\u00edodo de tregua, por lo que se esperaba que pudiera sumarse al grupo. Sin embargo, esta versi\u00f3n qued\u00f3 desestimada y Raya contin\u00faa en Gaza.<\/p>\n<p class=\"v1MsoNormal\">Tambi\u00e9n se conocieron otros casos de separaciones, como el de Mia Regev, que fue secuestrada en el festival de m\u00fasica Supernova junto a su hermano Itay -de 18 a\u00f1os- pero \u00e9ste no fue liberado, a pesar de cumplir con los criterios acordados en el pacto. Tambi\u00e9n Noam y Alma Or fueron entregadas sin su padre, su \u00fanica familia luego de que su madre Yonat muriera en los ataques.<\/p>\n<p class=\"v1MsoNormal\">Israel describi\u00f3 estas acciones como \u00abenfermizo terror psicol\u00f3gico\u00bb y acus\u00f3 a la contraparte de violar el acuerdo.<\/p>\n<p class=\"v1MsoNormal\">Por su parte, el ministro de Relaciones Exteriores de Irlanda, Michael Martin, dijo estar \u00abencantado\u00bb tras la liberaci\u00f3n de la ciudadana irlandesa-israel\u00ed Emily Hand. \u00abDespu\u00e9s de semanas de trauma, este es un momento precioso y profundamente conmovedor para la familia Hand\u00bb, dijo.<\/p>\n<p class=\"v1MsoNormal\">Ya en suelo israel\u00ed, las Fuerzas de Defensa confirmaron su traslado a los hospitales de la zona para ser atendidos y evaluar su estado de salud general. \u00abNuestras fuerzas acompa\u00f1an a los rehenes liberados hasta que lleguen a los hospitales con sus familias. Los comandantes de las FDI y sus soldados saludan y abrazan a los rehenes que regresan a casa. Continuaremos trabajando junto con los \u00f3rganos del sistema de defensa para la devoluci\u00f3n de todos los rehenes\u00bb, se\u00f1alaron en un comunicado.<\/p>\n<p class=\"v1MsoNormal\">Seg\u00fan inform\u00f3 The Times of Israel, 12 de los ex cautivos est\u00e1n siendo llevados al Centro M\u00e9dico Sheba aunque Regev ser\u00e1 derivada al cercano Soroka, en Beersheba, ya que necesita tratamiento m\u00e9dico urgente. Sin embargo, fuentes consultadas por el medio aseguraron que su vida no corre peligro.<\/p>\n<p class=\"v1MsoNormal\">A la par, el Ej\u00e9rcito difundi\u00f3 un video en el que se ve\u00edan los preparativos para recibir al grupo, especialmente a los menores, que ser\u00e1n asistidos psicol\u00f3gicamente. As\u00ed, al llegar al refugio los esperan juguetes, ropa c\u00f3moda, comida y dem\u00e1s para que transiten las primeras horas en libertad. (Infobae)<\/p>\n<p class=\"v1MsoNormal\">\n","protected":false},"excerpt":{"rendered":"<p>Tras horas de demora y tensi\u00f3n, otro grupo de 13 israel\u00edes regres\u00f3 anoche a su pa\u00eds, luego de ser liberados por los terroristas de Ham\u00e1s en el segundo d\u00eda de tregua. A pesar de los retrasos y la incertidumbre, los combatientes palestinos finalmente los dejaron en manos de la Cruz Roja, que los llev\u00f3 por [&hellip;]<\/p>\n","protected":false},"author":1,"featured_media":189479,"comment_status":"closed","ping_status":"open","sticky":false,"template":"","format":"standard","meta":{"_acf_changed":false,"footnotes":""},"categories":[15],"tags":[],"class_list":["post-189478","post","type-post","status-publish","format-standard","has-post-thumbnail","category-portada"],"acf":{"antetitulo":""},"yoast_head":"<!-- This site is optimized with the Yoast SEO plugin v28.4 - https:\/\/yoast.com\/product\/yoast-seo-wordpress\/ -->\n<title>Contin\u00faa el intercambio de rehenes entre Israel-Ham\u00e1s - El Diario - Bolivia<\/title>\n<meta name=\"robots\" content=\"index, follow, max-snippet:-1, max-image-preview:large, max-video-preview:-1\" \/>\n<link rel=\"canonical\" href=\"https:\/\/www.eldiario.net\/portal\/2023\/11\/26\/continua-el-intercambio-de-rehenes-entre-israel-hamas\/\" \/>\n<meta property=\"og:locale\" content=\"es_ES\" \/>\n<meta property=\"og:type\" content=\"article\" \/>\n<meta property=\"og:title\" content=\"Contin\u00faa el intercambio de rehenes entre Israel-Ham\u00e1s - El Diario - Bolivia\" \/>\n<meta property=\"og:description\" content=\"Tras horas de demora y tensi\u00f3n, otro grupo de 13 israel\u00edes regres\u00f3 anoche a su pa\u00eds, luego de ser liberados por los terroristas de Ham\u00e1s en el segundo d\u00eda de tregua. A pesar de los retrasos y la incertidumbre, los combatientes palestinos finalmente los dejaron en manos de la Cruz Roja, que los llev\u00f3 por [&hellip;]\" \/>\n<meta property=\"og:url\" content=\"https:\/\/www.eldiario.net\/portal\/2023\/11\/26\/continua-el-intercambio-de-rehenes-entre-israel-hamas\/\" \/>\n<meta property=\"og:site_name\" content=\"El Diario - Bolivia\" \/>\n<meta property=\"article:publisher\" content=\"https:\/\/www.facebook.com\/eldiario.bolivia\/\" \/>\n<meta property=\"article:published_time\" content=\"2023-11-26T10:04:35+00:00\" \/>\n<meta property=\"og:image\" content=\"https:\/\/www.eldiario.net\/portal\/wp-content\/uploads\/2023\/11\/liberados.jpg\" \/>\n\t<meta property=\"og:image:width\" content=\"299\" \/>\n\t<meta property=\"og:image:height\" content=\"168\" \/>\n\t<meta property=\"og:image:type\" content=\"image\/jpeg\" \/>\n<meta name=\"author\" content=\"Jeanette\" \/>\n<meta name=\"twitter:card\" content=\"summary_large_image\" \/>\n<meta name=\"twitter:creator\" content=\"@eldiario_net\" \/>\n<meta name=\"twitter:site\" content=\"@eldiario_net\" \/>\n<meta name=\"twitter:label1\" content=\"Escrito por\" \/>\n\t<meta name=\"twitter:data1\" content=\"Jeanette\" \/>\n\t<meta name=\"twitter:label2\" content=\"Tiempo de lectura\" \/>\n\t<meta name=\"twitter:data2\" content=\"3 minutos\" \/>\n<script type=\"application\/ld+json\" class=\"yoast-schema-graph\">{\"@context\":\"https:\\\/\\\/schema.org\",\"@graph\":[{\"@type\":\"Article\",\"@id\":\"https:\\\/\\\/www.eldiario.net\\\/portal\\\/2023\\\/11\\\/26\\\/continua-el-intercambio-de-rehenes-entre-israel-hamas\\\/#article\",\"isPartOf\":{\"@id\":\"https:\\\/\\\/www.eldiario.net\\\/portal\\\/2023\\\/11\\\/26\\\/continua-el-intercambio-de-rehenes-entre-israel-hamas\\\/\"},\"author\":{\"name\":\"Jeanette\",\"@id\":\"https:\\\/\\\/www.eldiario.net\\\/portal\\\/#\\\/schema\\\/person\\\/f46445640444750d7d753ccd04ae01b7\"},\"headline\":\"Contin\u00faa el intercambio de rehenes entre Israel-Ham\u00e1s\",\"datePublished\":\"2023-11-26T10:04:35+00:00\",\"mainEntityOfPage\":{\"@id\":\"https:\\\/\\\/www.eldiario.net\\\/portal\\\/2023\\\/11\\\/26\\\/continua-el-intercambio-de-rehenes-entre-israel-hamas\\\/\"},\"wordCount\":563,\"publisher\":{\"@id\":\"https:\\\/\\\/www.eldiario.net\\\/portal\\\/#organization\"},\"image\":{\"@id\":\"https:\\\/\\\/www.eldiario.net\\\/portal\\\/2023\\\/11\\\/26\\\/continua-el-intercambio-de-rehenes-entre-israel-hamas\\\/#primaryimage\"},\"thumbnailUrl\":\"https:\\\/\\\/www.eldiario.net\\\/portal\\\/wp-content\\\/uploads\\\/2023\\\/11\\\/liberados.jpg\",\"articleSection\":[\"Portada\"],\"inLanguage\":\"es\"},{\"@type\":\"WebPage\",\"@id\":\"https:\\\/\\\/www.eldiario.net\\\/portal\\\/2023\\\/11\\\/26\\\/continua-el-intercambio-de-rehenes-entre-israel-hamas\\\/\",\"url\":\"https:\\\/\\\/www.eldiario.net\\\/portal\\\/2023\\\/11\\\/26\\\/continua-el-intercambio-de-rehenes-entre-israel-hamas\\\/\",\"name\":\"Contin\u00faa el intercambio de rehenes entre Israel-Ham\u00e1s - El Diario - Bolivia\",\"isPartOf\":{\"@id\":\"https:\\\/\\\/www.eldiario.net\\\/portal\\\/#website\"},\"primaryImageOfPage\":{\"@id\":\"https:\\\/\\\/www.eldiario.net\\\/portal\\\/2023\\\/11\\\/26\\\/continua-el-intercambio-de-rehenes-entre-israel-hamas\\\/#primaryimage\"},\"image\":{\"@id\":\"https:\\\/\\\/www.eldiario.net\\\/portal\\\/2023\\\/11\\\/26\\\/continua-el-intercambio-de-rehenes-entre-israel-hamas\\\/#primaryimage\"},\"thumbnailUrl\":\"https:\\\/\\\/www.eldiario.net\\\/portal\\\/wp-content\\\/uploads\\\/2023\\\/11\\\/liberados.jpg\",\"datePublished\":\"2023-11-26T10:04:35+00:00\",\"breadcrumb\":{\"@id\":\"https:\\\/\\\/www.eldiario.net\\\/portal\\\/2023\\\/11\\\/26\\\/continua-el-intercambio-de-rehenes-entre-israel-hamas\\\/#breadcrumb\"},\"inLanguage\":\"es\",\"potentialAction\":[{\"@type\":\"ReadAction\",\"target\":[\"https:\\\/\\\/www.eldiario.net\\\/portal\\\/2023\\\/11\\\/26\\\/continua-el-intercambio-de-rehenes-entre-israel-hamas\\\/\"]}]},{\"@type\":\"ImageObject\",\"inLanguage\":\"es\",\"@id\":\"https:\\\/\\\/www.eldiario.net\\\/portal\\\/2023\\\/11\\\/26\\\/continua-el-intercambio-de-rehenes-entre-israel-hamas\\\/#primaryimage\",\"url\":\"https:\\\/\\\/www.eldiario.net\\\/portal\\\/wp-content\\\/uploads\\\/2023\\\/11\\\/liberados.jpg\",\"contentUrl\":\"https:\\\/\\\/www.eldiario.net\\\/portal\\\/wp-content\\\/uploads\\\/2023\\\/11\\\/liberados.jpg\",\"width\":299,\"height\":168,\"caption\":\"Los palestinos entregaron a los civiles israel\u00edes a la Cruz Roja y se reencontraron con sus familias. CREDITO: Diario Neuquino\"},{\"@type\":\"BreadcrumbList\",\"@id\":\"https:\\\/\\\/www.eldiario.net\\\/portal\\\/2023\\\/11\\\/26\\\/continua-el-intercambio-de-rehenes-entre-israel-hamas\\\/#breadcrumb\",\"itemListElement\":[{\"@type\":\"ListItem\",\"position\":1,\"name\":\"Portada\",\"item\":\"https:\\\/\\\/www.eldiario.net\\\/portal\\\/\"},{\"@type\":\"ListItem\",\"position\":2,\"name\":\"Contin\u00faa el intercambio de rehenes entre Israel-Ham\u00e1s\"}]},{\"@type\":\"WebSite\",\"@id\":\"https:\\\/\\\/www.eldiario.net\\\/portal\\\/#website\",\"url\":\"https:\\\/\\\/www.eldiario.net\\\/portal\\\/\",\"name\":\"El Diario - Decano de la prensa nacional\",\"description\":\"El Diario - Decano de la prensa nacional\",\"publisher\":{\"@id\":\"https:\\\/\\\/www.eldiario.net\\\/portal\\\/#organization\"},\"potentialAction\":[{\"@type\":\"SearchAction\",\"target\":{\"@type\":\"EntryPoint\",\"urlTemplate\":\"https:\\\/\\\/www.eldiario.net\\\/portal\\\/?s={search_term_string}\"},\"query-input\":{\"@type\":\"PropertyValueSpecification\",\"valueRequired\":true,\"valueName\":\"search_term_string\"}}],\"inLanguage\":\"es\"},{\"@type\":\"Organization\",\"@id\":\"https:\\\/\\\/www.eldiario.net\\\/portal\\\/#organization\",\"name\":\"El Diario - Decano de la prensa nacional\",\"url\":\"https:\\\/\\\/www.eldiario.net\\\/portal\\\/\",\"logo\":{\"@type\":\"ImageObject\",\"inLanguage\":\"es\",\"@id\":\"https:\\\/\\\/www.eldiario.net\\\/portal\\\/#\\\/schema\\\/logo\\\/image\\\/\",\"url\":\"https:\\\/\\\/www.eldiario.net\\\/portal\\\/wp-content\\\/uploads\\\/2023\\\/07\\\/logo_ED.jpg\",\"contentUrl\":\"https:\\\/\\\/www.eldiario.net\\\/portal\\\/wp-content\\\/uploads\\\/2023\\\/07\\\/logo_ED.jpg\",\"width\":272,\"height\":52,\"caption\":\"El Diario - Decano de la prensa nacional\"},\"image\":{\"@id\":\"https:\\\/\\\/www.eldiario.net\\\/portal\\\/#\\\/schema\\\/logo\\\/image\\\/\"},\"sameAs\":[\"https:\\\/\\\/www.facebook.com\\\/eldiario.bolivia\\\/\",\"https:\\\/\\\/x.com\\\/eldiario_net\"]},{\"@type\":\"Person\",\"@id\":\"https:\\\/\\\/www.eldiario.net\\\/portal\\\/#\\\/schema\\\/person\\\/f46445640444750d7d753ccd04ae01b7\",\"name\":\"Jeanette\",\"image\":{\"@type\":\"ImageObject\",\"inLanguage\":\"es\",\"@id\":\"https:\\\/\\\/secure.gravatar.com\\\/avatar\\\/3ea2118a5f7dad2b7138b1187a6b7ee55f160b9968b66013c3a3ef39dd7e5798?s=96&d=mm&r=g\",\"url\":\"https:\\\/\\\/secure.gravatar.com\\\/avatar\\\/3ea2118a5f7dad2b7138b1187a6b7ee55f160b9968b66013c3a3ef39dd7e5798?s=96&d=mm&r=g\",\"contentUrl\":\"https:\\\/\\\/secure.gravatar.com\\\/avatar\\\/3ea2118a5f7dad2b7138b1187a6b7ee55f160b9968b66013c3a3ef39dd7e5798?s=96&d=mm&r=g\",\"caption\":\"Jeanette\"},\"sameAs\":[\"https:\\\/\\\/www.eldiario.net\\\/portal\"],\"url\":\"https:\\\/\\\/www.eldiario.net\\\/portal\\\/author\\\/jeanette\\\/\"}]}<\/script>\n<!-- \/ Yoast SEO plugin. -->","yoast_head_json":{"title":"Contin\u00faa el intercambio de rehenes entre Israel-Ham\u00e1s - El Diario - Bolivia","robots":{"index":"index","follow":"follow","max-snippet":"max-snippet:-1","max-image-preview":"max-image-preview:large","max-video-preview":"max-video-preview:-1"},"canonical":"https:\/\/www.eldiario.net\/portal\/2023\/11\/26\/continua-el-intercambio-de-rehenes-entre-israel-hamas\/","og_locale":"es_ES","og_type":"article","og_title":"Contin\u00faa el intercambio de rehenes entre Israel-Ham\u00e1s - El Diario - Bolivia","og_description":"Tras horas de demora y tensi\u00f3n, otro grupo de 13 israel\u00edes regres\u00f3 anoche a su pa\u00eds, luego de ser liberados por los terroristas de Ham\u00e1s en el segundo d\u00eda de tregua. A pesar de los retrasos y la incertidumbre, los combatientes palestinos finalmente los dejaron en manos de la Cruz Roja, que los llev\u00f3 por [&hellip;]","og_url":"https:\/\/www.eldiario.net\/portal\/2023\/11\/26\/continua-el-intercambio-de-rehenes-entre-israel-hamas\/","og_site_name":"El Diario - Bolivia","article_publisher":"https:\/\/www.facebook.com\/eldiario.bolivia\/","article_published_time":"2023-11-26T10:04:35+00:00","og_image":[{"width":299,"height":168,"url":"https:\/\/www.eldiario.net\/portal\/wp-content\/uploads\/2023\/11\/liberados.jpg","type":"image\/jpeg"}],"author":"Jeanette","twitter_card":"summary_large_image","twitter_creator":"@eldiario_net","twitter_site":"@eldiario_net","twitter_misc":{"Escrito por":"Jeanette","Tiempo de lectura":"3 minutos"},"schema":{"@context":"https:\/\/schema.org","@graph":[{"@type":"Article","@id":"https:\/\/www.eldiario.net\/portal\/2023\/11\/26\/continua-el-intercambio-de-rehenes-entre-israel-hamas\/#article","isPartOf":{"@id":"https:\/\/www.eldiario.net\/portal\/2023\/11\/26\/continua-el-intercambio-de-rehenes-entre-israel-hamas\/"},"author":{"name":"Jeanette","@id":"https:\/\/www.eldiario.net\/portal\/#\/schema\/person\/f46445640444750d7d753ccd04ae01b7"},"headline":"Contin\u00faa el intercambio de rehenes entre Israel-Ham\u00e1s","datePublished":"2023-11-26T10:04:35+00:00","mainEntityOfPage":{"@id":"https:\/\/www.eldiario.net\/portal\/2023\/11\/26\/continua-el-intercambio-de-rehenes-entre-israel-hamas\/"},"wordCount":563,"publisher":{"@id":"https:\/\/www.eldiario.net\/portal\/#organization"},"image":{"@id":"https:\/\/www.eldiario.net\/portal\/2023\/11\/26\/continua-el-intercambio-de-rehenes-entre-israel-hamas\/#primaryimage"},"thumbnailUrl":"https:\/\/www.eldiario.net\/portal\/wp-content\/uploads\/2023\/11\/liberados.jpg","articleSection":["Portada"],"inLanguage":"es"},{"@type":"WebPage","@id":"https:\/\/www.eldiario.net\/portal\/2023\/11\/26\/continua-el-intercambio-de-rehenes-entre-israel-hamas\/","url":"https:\/\/www.eldiario.net\/portal\/2023\/11\/26\/continua-el-intercambio-de-rehenes-entre-israel-hamas\/","name":"Contin\u00faa el intercambio de rehenes entre Israel-Ham\u00e1s - El Diario - Bolivia","isPartOf":{"@id":"https:\/\/www.eldiario.net\/portal\/#website"},"primaryImageOfPage":{"@id":"https:\/\/www.eldiario.net\/portal\/2023\/11\/26\/continua-el-intercambio-de-rehenes-entre-israel-hamas\/#primaryimage"},"image":{"@id":"https:\/\/www.eldiario.net\/portal\/2023\/11\/26\/continua-el-intercambio-de-rehenes-entre-israel-hamas\/#primaryimage"},"thumbnailUrl":"https:\/\/www.eldiario.net\/portal\/wp-content\/uploads\/2023\/11\/liberados.jpg","datePublished":"2023-11-26T10:04:35+00:00","breadcrumb":{"@id":"https:\/\/www.eldiario.net\/portal\/2023\/11\/26\/continua-el-intercambio-de-rehenes-entre-israel-hamas\/#breadcrumb"},"inLanguage":"es","potentialAction":[{"@type":"ReadAction","target":["https:\/\/www.eldiario.net\/portal\/2023\/11\/26\/continua-el-intercambio-de-rehenes-entre-israel-hamas\/"]}]},{"@type":"ImageObject","inLanguage":"es","@id":"https:\/\/www.eldiario.net\/portal\/2023\/11\/26\/continua-el-intercambio-de-rehenes-entre-israel-hamas\/#primaryimage","url":"https:\/\/www.eldiario.net\/portal\/wp-content\/uploads\/2023\/11\/liberados.jpg","contentUrl":"https:\/\/www.eldiario.net\/portal\/wp-content\/uploads\/2023\/11\/liberados.jpg","width":299,"height":168,"caption":"Los palestinos entregaron a los civiles israel\u00edes a la Cruz Roja y se reencontraron con sus familias. CREDITO: Diario Neuquino"},{"@type":"BreadcrumbList","@id":"https:\/\/www.eldiario.net\/portal\/2023\/11\/26\/continua-el-intercambio-de-rehenes-entre-israel-hamas\/#breadcrumb","itemListElement":[{"@type":"ListItem","position":1,"name":"Portada","item":"https:\/\/www.eldiario.net\/portal\/"},{"@type":"ListItem","position":2,"name":"Contin\u00faa el intercambio de rehenes entre Israel-Ham\u00e1s"}]},{"@type":"WebSite","@id":"https:\/\/www.eldiario.net\/portal\/#website","url":"https:\/\/www.eldiario.net\/portal\/","name":"El Diario - Decano de la prensa nacional","description":"El Diario - Decano de la prensa nacional","publisher":{"@id":"https:\/\/www.eldiario.net\/portal\/#organization"},"potentialAction":[{"@type":"SearchAction","target":{"@type":"EntryPoint","urlTemplate":"https:\/\/www.eldiario.net\/portal\/?s={search_term_string}"},"query-input":{"@type":"PropertyValueSpecification","valueRequired":true,"valueName":"search_term_string"}}],"inLanguage":"es"},{"@type":"Organization","@id":"https:\/\/www.eldiario.net\/portal\/#organization","name":"El Diario - Decano de la prensa nacional","url":"https:\/\/www.eldiario.net\/portal\/","logo":{"@type":"ImageObject","inLanguage":"es","@id":"https:\/\/www.eldiario.net\/portal\/#\/schema\/logo\/image\/","url":"https:\/\/www.eldiario.net\/portal\/wp-content\/uploads\/2023\/07\/logo_ED.jpg","contentUrl":"https:\/\/www.eldiario.net\/portal\/wp-content\/uploads\/2023\/07\/logo_ED.jpg","width":272,"height":52,"caption":"El Diario - Decano de la prensa nacional"},"image":{"@id":"https:\/\/www.eldiario.net\/portal\/#\/schema\/logo\/image\/"},"sameAs":["https:\/\/www.facebook.com\/eldiario.bolivia\/","https:\/\/x.com\/eldiario_net"]},{"@type":"Person","@id":"https:\/\/www.eldiario.net\/portal\/#\/schema\/person\/f46445640444750d7d753ccd04ae01b7","name":"Jeanette","image":{"@type":"ImageObject","inLanguage":"es","@id":"https:\/\/secure.gravatar.com\/avatar\/3ea2118a5f7dad2b7138b1187a6b7ee55f160b9968b66013c3a3ef39dd7e5798?s=96&d=mm&r=g","url":"https:\/\/secure.gravatar.com\/avatar\/3ea2118a5f7dad2b7138b1187a6b7ee55f160b9968b66013c3a3ef39dd7e5798?s=96&d=mm&r=g","contentUrl":"https:\/\/secure.gravatar.com\/avatar\/3ea2118a5f7dad2b7138b1187a6b7ee55f160b9968b66013c3a3ef39dd7e5798?s=96&d=mm&r=g","caption":"Jeanette"},"sameAs":["https:\/\/www.eldiario.net\/portal"],"url":"https:\/\/www.eldiario.net\/portal\/author\/jeanette\/"}]}},"_links":{"self":[{"href":"https:\/\/www.eldiario.net\/portal\/wp-json\/wp\/v2\/posts\/189478","targetHints":{"allow":["GET"]}}],"collection":[{"href":"https:\/\/www.eldiario.net\/portal\/wp-json\/wp\/v2\/posts"}],"about":[{"href":"https:\/\/www.eldiario.net\/portal\/wp-json\/wp\/v2\/types\/post"}],"author":[{"embeddable":true,"href":"https:\/\/www.eldiario.net\/portal\/wp-json\/wp\/v2\/users\/1"}],"replies":[{"embeddable":true,"href":"https:\/\/www.eldiario.net\/portal\/wp-json\/wp\/v2\/comments?post=189478"}],"version-history":[{"count":0,"href":"https:\/\/www.eldiario.net\/portal\/wp-json\/wp\/v2\/posts\/189478\/revisions"}],"wp:featuredmedia":[{"embeddable":true,"href":"https:\/\/www.eldiario.net\/portal\/wp-json\/wp\/v2\/media\/189479"}],"wp:attachment":[{"href":"https:\/\/www.eldiario.net\/portal\/wp-json\/wp\/v2\/media?parent=189478"}],"wp:term":[{"taxonomy":"category","embeddable":true,"href":"https:\/\/www.eldiario.net\/portal\/wp-json\/wp\/v2\/categories?post=189478"},{"taxonomy":"post_tag","embeddable":true,"href":"https:\/\/www.eldiario.net\/portal\/wp-json\/wp\/v2\/tags?post=189478"}],"curies":[{"name":"wp","href":"https:\/\/api.w.org\/{rel}","templated":true}]}}