{"id":188264,"date":"2023-11-19T06:05:29","date_gmt":"2023-11-19T10:05:29","guid":{"rendered":"https:\/\/www.eldiario.net\/portal\/?p=188264"},"modified":"2023-11-19T06:05:29","modified_gmt":"2023-11-19T10:05:29","slug":"mercado-externo-percibe-deterioro-de-la-economia-nacional-por-escasez-de-dolares","status":"publish","type":"post","link":"https:\/\/www.eldiario.net\/portal\/2023\/11\/19\/mercado-externo-percibe-deterioro-de-la-economia-nacional-por-escasez-de-dolares\/","title":{"rendered":"Mercado externo percibe deterioro de la  econom\u00eda nacional por escasez de d\u00f3lares"},"content":{"rendered":"<p>El mercado externo percibe el deterioro de la econom\u00eda nacional, sumida en una escasez de d\u00f3lares, freno a las exportaciones, falta de combustible y baja inversi\u00f3n p\u00fablica, debido a la iliquidez e insolvencia del Gobierno. Una muestra es el aumento del riesgo pa\u00eds, as\u00ed como la presi\u00f3n para reformular el PGE 2023 y a\u00fan desconocido del 2024.<br \/>\nLas se\u00f1ales de que las cosas no andan bien est\u00e1n en los indicadores, y uno de los principales es el crecimiento econ\u00f3mico, que a principios de a\u00f1o el Gobierno estim\u00f3 en 4,8%, pero en las \u00faltimas semanas esperan que llegue a por lo menos 3%.<br \/>\nMientras los organismos internacionales proyectan que m\u00e1ximo podr\u00eda llegar a 2,2% o en su defecto a 1,8%. La reformulaci\u00f3n del Presupuesto General del Estado (PGE) 2023 est\u00e1 en espera su aprobaci\u00f3n y el retraso incidir\u00e1 en el crecimiento, seg\u00fan el presidente del Colegio de Economistas de Tarija, Fernando Romero.<br \/>\nRespecto al tema, la vicepresidenta de la C\u00e1mara de Diputados, Luisa Nayar, confirm\u00f3 que s\u00f3lo el 28% del presupuesto es para las gobernaciones, municipios y universidades, que son migajas -el resto- m\u00e1s del 80%, se lo llevar\u00e1 el Gobierno Central.<br \/>\nComo se recordar\u00e1, las autoridades econ\u00f3micas informaron que el reformulado llega a 5.000 millones de bolivianos y casi 1.000 millones ser\u00e1n destinados a gobernaciones, municipios y universidades, entre otros, y 4.000 millones se quedar\u00e1n con el Gobierno.<br \/>\nEscenario delicado<br \/>\nLa econom\u00eda boliviana enfrenta un escenario delicado por la ca\u00edda de divisas y la dependencia de combustibles importados. En el informe de agosto de 2022 ya se advirti\u00f3 los riesgos, seg\u00fan X (antes Twitter) de Fundaci\u00f3n Milenio.<br \/>\nBolivia necesita una pol\u00edtica de disciplina y responsabilidad fiscal para estabilizar la econom\u00eda. El subsidio a los combustibles importados es insostenible y la producci\u00f3n de gas natural est\u00e1 en declive, agrega @fmilenio.<br \/>\nEl Gobierno en sus \u00faltimas declaraciones indicaron que el contexto internacional adverso impactaron en la econom\u00eda, pero destacaron los indicadores del crecimiento a octubre, la cifra baja de desocupaci\u00f3n y la menor inflaci\u00f3n de la regi\u00f3n.<br \/>\nMercado externo<br \/>\nEl mercado externo mira con atenci\u00f3n a la econom\u00eda nacional, c\u00f3mo se desenvuelven los indicadores macroecon\u00f3micos. Las pol\u00edticas que implemente el Gobierno para mejorar la econom\u00eda nacional provocar\u00e1 calificaciones altas o bajas y el riesgo pa\u00eds aumenta o baja, as\u00ed como la percepci\u00f3n de la confianza en Bolivia est\u00e1 en duda.<br \/>\nEl \u201criesgo pa\u00eds de #Bolivia arriba de los 1.924 p.b. Los mercados privados de capitales est\u00e1n pr\u00e1cticamente cerrados para el pa\u00eds. El deterioro es constante y se percibe desde afuera\u201d, escribi\u00f3 el economista Gabriel Espinoza Y. en la red social X (antes Twitter) @g_espinoza.<br \/>\nPero no s\u00f3lo se afecta a los cr\u00e9ditos privados; el aumento del precio del barril de petr\u00f3leo en el mercado internacional pone en aprietos al pa\u00eds, pues su costo del subsidio a los hidrocarburos se incrementa.<br \/>\nLa falta de d\u00f3lares en el mercado nacional provoca escasez de di\u00e9sel, por ejemplo. Las autoridades del sector de hidrocarburos tienen puntos de vista diferentes, pues unos indican que obedece al retraso del pago a los proveedores, otros que se debe a otros temas.<br \/>\nLos economistas ya plantearon la suspensi\u00f3n del subsidio a los hidrocarburos, pero el Gobierno insiste a pesar de que enfrenta escasez de d\u00f3lares.<br \/>\n\u00abEl problema del subsidio es que crea la ilusi\u00f3n de que varios emprendimientos son rentables, cuando en realidad no lo son\u00bb, seg\u00fan el analista financiero, Jaime Dunn, publicado en X (Twitter) @JaimeDunn_.<br \/>\nDunn particip\u00f3 en el programa Entre L\u00edneas con William Herrera, en donde realiz\u00f3 varias declaraciones sobre la econom\u00eda nacional, as\u00ed como de los datos que muestra el Gobierno como un logro de su gesti\u00f3n.<br \/>\nPor ejemplo, sobre la ca\u00edda de la desocupaci\u00f3n, debido al aumento de la informalidad, que ocupa a las personas en condiciones precarias, se\u00f1ala que la culpa lo tiene el Gobierno. \u00abLa causa de la informalidad es el Estado tranca\u00bb, asegura.<br \/>\n\u00abEn Bolivia un impuesto es una multa por ser formal\u00bb, sentencia el analista, que en declaraciones anteriores mencion\u00f3 que la cifra del subsidio para la presente gesti\u00f3n alcanza a 2.000 millones de d\u00f3lares y casi el 80% son para los combustibles.<br \/>\nInflaci\u00f3n<br \/>\nCon respecto a la inflaci\u00f3n baja, el economista Gonzalo Ch\u00e1vez \u00c1lvarez escribi\u00f3 en X (Twitter) @GonzaloCHavezA: \u201cLa inflaci\u00f3n + baja de la regi\u00f3n, pero los subsidios m\u00e1s altos del planeta que no se pueden financiar. La tasa de desocupaci\u00f3n + baja, pero en base a un 80% de trabajos precarios en econom\u00eda informal. Crecimiento econ\u00f3mico enano pero que no se sustenta, ya no hay el excedente del gas\u201d.<br \/>\nEn su momento, Espinoza tambi\u00e9n dijo que esa cifra baja tambi\u00e9n es apoyada por la reducci\u00f3n de utilidades de los empresarios, as\u00ed como por el contrabando y el control de precios en el mercado nacional.<br \/>\nComercio exterior e inversi\u00f3n p\u00fablica<br \/>\nPor otra parte, el d\u00e9ficit comercial tambi\u00e9n afectar\u00e1 al crecimiento de la econom\u00eda nacional, pues no habr\u00e1 los recursos necesarios para impulsar la inversi\u00f3n p\u00fablica, que no llegar\u00e1 su ejecuci\u00f3n ni al 50%.<br \/>\nEl Gobierno baj\u00f3 en 20%, aproximadamente, los recursos de la inversi\u00f3n p\u00fablica, de 5.015 millones de d\u00f3lares en 2022 a 4.006 millones en 2023, mientras tanto se desconoce la cifra que se fijar\u00e1 para la pr\u00f3xima gesti\u00f3n, 2024.<br \/>\nEl 2022 la ejecuci\u00f3n de la inversi\u00f3n p\u00fablica alcanz\u00f3 a 52% y se estima que en la presente gesti\u00f3n no llegue a esta cifra debido a los problemas que enfrenta el Gobierno por la falta de recursos. Romero, en su momento, indic\u00f3 que se podr\u00eda sacrificar la inversi\u00f3n p\u00fablica y reducir el crecimiento, para no subir el d\u00e9ficit fiscal.<br \/>\nLo cierto es que el clima de negocios no mejora en el pa\u00eds y por ende, las inversiones no llegan al pa\u00eds. Los frenos que pone al capital privado dan se\u00f1ales negativas al mercado internacional. Por ejemplo, a la fecha no dejan despegar a la l\u00ednea a\u00e9rea Amaszonas, debido a la burocracia estatal por mantener el monopolio.<\/p>\n","protected":false},"excerpt":{"rendered":"<p>El mercado externo percibe el deterioro de la econom\u00eda nacional, sumida en una escasez de d\u00f3lares, freno a las exportaciones, falta de combustible y baja inversi\u00f3n p\u00fablica, debido a la iliquidez e insolvencia del Gobierno. Una muestra es el aumento del riesgo pa\u00eds, as\u00ed como la presi\u00f3n para reformular el PGE 2023 y a\u00fan desconocido [&hellip;]<\/p>\n","protected":false},"author":1,"featured_media":188265,"comment_status":"closed","ping_status":"open","sticky":false,"template":"","format":"standard","meta":{"_acf_changed":false,"footnotes":""},"categories":[7],"tags":[],"class_list":["post-188264","post","type-post","status-publish","format-standard","has-post-thumbnail","category-economia"],"acf":{"antetitulo":""},"yoast_head":"<!-- This site is optimized with the Yoast SEO plugin v28.3 - https:\/\/yoast.com\/product\/yoast-seo-wordpress\/ -->\n<title>Mercado externo percibe deterioro de la econom\u00eda nacional por escasez de d\u00f3lares - El Diario - Bolivia<\/title>\n<meta name=\"robots\" content=\"index, follow, max-snippet:-1, max-image-preview:large, max-video-preview:-1\" \/>\n<link rel=\"canonical\" href=\"https:\/\/www.eldiario.net\/portal\/2023\/11\/19\/mercado-externo-percibe-deterioro-de-la-economia-nacional-por-escasez-de-dolares\/\" \/>\n<meta property=\"og:locale\" content=\"es_ES\" \/>\n<meta property=\"og:type\" content=\"article\" \/>\n<meta property=\"og:title\" content=\"Mercado externo percibe deterioro de la econom\u00eda nacional por escasez de d\u00f3lares - El Diario - Bolivia\" \/>\n<meta property=\"og:description\" content=\"El mercado externo percibe el deterioro de la econom\u00eda nacional, sumida en una escasez de d\u00f3lares, freno a las exportaciones, falta de combustible y baja inversi\u00f3n p\u00fablica, debido a la iliquidez e insolvencia del Gobierno. Una muestra es el aumento del riesgo pa\u00eds, as\u00ed como la presi\u00f3n para reformular el PGE 2023 y a\u00fan desconocido [&hellip;]\" \/>\n<meta property=\"og:url\" content=\"https:\/\/www.eldiario.net\/portal\/2023\/11\/19\/mercado-externo-percibe-deterioro-de-la-economia-nacional-por-escasez-de-dolares\/\" \/>\n<meta property=\"og:site_name\" content=\"El Diario - Bolivia\" \/>\n<meta property=\"article:publisher\" content=\"https:\/\/www.facebook.com\/eldiario.bolivia\/\" \/>\n<meta property=\"article:published_time\" content=\"2023-11-19T10:05:29+00:00\" \/>\n<meta property=\"og:image\" content=\"https:\/\/www.eldiario.net\/portal\/wp-content\/uploads\/2023\/11\/senales.jpg\" \/>\n\t<meta property=\"og:image:width\" content=\"679\" \/>\n\t<meta property=\"og:image:height\" content=\"346\" \/>\n\t<meta property=\"og:image:type\" content=\"image\/jpeg\" \/>\n<meta name=\"author\" content=\"Jeanette\" \/>\n<meta name=\"twitter:card\" content=\"summary_large_image\" \/>\n<meta name=\"twitter:creator\" content=\"@eldiario_net\" \/>\n<meta name=\"twitter:site\" content=\"@eldiario_net\" \/>\n<meta name=\"twitter:label1\" content=\"Escrito por\" \/>\n\t<meta name=\"twitter:data1\" content=\"Jeanette\" \/>\n\t<meta name=\"twitter:label2\" content=\"Tiempo de lectura\" \/>\n\t<meta name=\"twitter:data2\" content=\"5 minutos\" \/>\n<script type=\"application\/ld+json\" class=\"yoast-schema-graph\">{\"@context\":\"https:\\\/\\\/schema.org\",\"@graph\":[{\"@type\":\"Article\",\"@id\":\"https:\\\/\\\/www.eldiario.net\\\/portal\\\/2023\\\/11\\\/19\\\/mercado-externo-percibe-deterioro-de-la-economia-nacional-por-escasez-de-dolares\\\/#article\",\"isPartOf\":{\"@id\":\"https:\\\/\\\/www.eldiario.net\\\/portal\\\/2023\\\/11\\\/19\\\/mercado-externo-percibe-deterioro-de-la-economia-nacional-por-escasez-de-dolares\\\/\"},\"author\":{\"name\":\"Jeanette\",\"@id\":\"https:\\\/\\\/www.eldiario.net\\\/portal\\\/#\\\/schema\\\/person\\\/f46445640444750d7d753ccd04ae01b7\"},\"headline\":\"Mercado externo percibe deterioro de la econom\u00eda nacional por escasez de d\u00f3lares\",\"datePublished\":\"2023-11-19T10:05:29+00:00\",\"mainEntityOfPage\":{\"@id\":\"https:\\\/\\\/www.eldiario.net\\\/portal\\\/2023\\\/11\\\/19\\\/mercado-externo-percibe-deterioro-de-la-economia-nacional-por-escasez-de-dolares\\\/\"},\"wordCount\":1067,\"publisher\":{\"@id\":\"https:\\\/\\\/www.eldiario.net\\\/portal\\\/#organization\"},\"image\":{\"@id\":\"https:\\\/\\\/www.eldiario.net\\\/portal\\\/2023\\\/11\\\/19\\\/mercado-externo-percibe-deterioro-de-la-economia-nacional-por-escasez-de-dolares\\\/#primaryimage\"},\"thumbnailUrl\":\"https:\\\/\\\/www.eldiario.net\\\/portal\\\/wp-content\\\/uploads\\\/2023\\\/11\\\/senales.jpg\",\"articleSection\":[\"Econom\u00eda\"],\"inLanguage\":\"es\"},{\"@type\":\"WebPage\",\"@id\":\"https:\\\/\\\/www.eldiario.net\\\/portal\\\/2023\\\/11\\\/19\\\/mercado-externo-percibe-deterioro-de-la-economia-nacional-por-escasez-de-dolares\\\/\",\"url\":\"https:\\\/\\\/www.eldiario.net\\\/portal\\\/2023\\\/11\\\/19\\\/mercado-externo-percibe-deterioro-de-la-economia-nacional-por-escasez-de-dolares\\\/\",\"name\":\"Mercado externo percibe deterioro de la econom\u00eda nacional por escasez de d\u00f3lares - El Diario - Bolivia\",\"isPartOf\":{\"@id\":\"https:\\\/\\\/www.eldiario.net\\\/portal\\\/#website\"},\"primaryImageOfPage\":{\"@id\":\"https:\\\/\\\/www.eldiario.net\\\/portal\\\/2023\\\/11\\\/19\\\/mercado-externo-percibe-deterioro-de-la-economia-nacional-por-escasez-de-dolares\\\/#primaryimage\"},\"image\":{\"@id\":\"https:\\\/\\\/www.eldiario.net\\\/portal\\\/2023\\\/11\\\/19\\\/mercado-externo-percibe-deterioro-de-la-economia-nacional-por-escasez-de-dolares\\\/#primaryimage\"},\"thumbnailUrl\":\"https:\\\/\\\/www.eldiario.net\\\/portal\\\/wp-content\\\/uploads\\\/2023\\\/11\\\/senales.jpg\",\"datePublished\":\"2023-11-19T10:05:29+00:00\",\"breadcrumb\":{\"@id\":\"https:\\\/\\\/www.eldiario.net\\\/portal\\\/2023\\\/11\\\/19\\\/mercado-externo-percibe-deterioro-de-la-economia-nacional-por-escasez-de-dolares\\\/#breadcrumb\"},\"inLanguage\":\"es\",\"potentialAction\":[{\"@type\":\"ReadAction\",\"target\":[\"https:\\\/\\\/www.eldiario.net\\\/portal\\\/2023\\\/11\\\/19\\\/mercado-externo-percibe-deterioro-de-la-economia-nacional-por-escasez-de-dolares\\\/\"]}]},{\"@type\":\"ImageObject\",\"inLanguage\":\"es\",\"@id\":\"https:\\\/\\\/www.eldiario.net\\\/portal\\\/2023\\\/11\\\/19\\\/mercado-externo-percibe-deterioro-de-la-economia-nacional-por-escasez-de-dolares\\\/#primaryimage\",\"url\":\"https:\\\/\\\/www.eldiario.net\\\/portal\\\/wp-content\\\/uploads\\\/2023\\\/11\\\/senales.jpg\",\"contentUrl\":\"https:\\\/\\\/www.eldiario.net\\\/portal\\\/wp-content\\\/uploads\\\/2023\\\/11\\\/senales.jpg\",\"width\":679,\"height\":346},{\"@type\":\"BreadcrumbList\",\"@id\":\"https:\\\/\\\/www.eldiario.net\\\/portal\\\/2023\\\/11\\\/19\\\/mercado-externo-percibe-deterioro-de-la-economia-nacional-por-escasez-de-dolares\\\/#breadcrumb\",\"itemListElement\":[{\"@type\":\"ListItem\",\"position\":1,\"name\":\"Portada\",\"item\":\"https:\\\/\\\/www.eldiario.net\\\/portal\\\/\"},{\"@type\":\"ListItem\",\"position\":2,\"name\":\"Mercado externo percibe deterioro de la econom\u00eda nacional por escasez de d\u00f3lares\"}]},{\"@type\":\"WebSite\",\"@id\":\"https:\\\/\\\/www.eldiario.net\\\/portal\\\/#website\",\"url\":\"https:\\\/\\\/www.eldiario.net\\\/portal\\\/\",\"name\":\"El Diario - Decano de la prensa nacional\",\"description\":\"El Diario - Decano de la prensa nacional\",\"publisher\":{\"@id\":\"https:\\\/\\\/www.eldiario.net\\\/portal\\\/#organization\"},\"potentialAction\":[{\"@type\":\"SearchAction\",\"target\":{\"@type\":\"EntryPoint\",\"urlTemplate\":\"https:\\\/\\\/www.eldiario.net\\\/portal\\\/?s={search_term_string}\"},\"query-input\":{\"@type\":\"PropertyValueSpecification\",\"valueRequired\":true,\"valueName\":\"search_term_string\"}}],\"inLanguage\":\"es\"},{\"@type\":\"Organization\",\"@id\":\"https:\\\/\\\/www.eldiario.net\\\/portal\\\/#organization\",\"name\":\"El Diario - Decano de la prensa nacional\",\"url\":\"https:\\\/\\\/www.eldiario.net\\\/portal\\\/\",\"logo\":{\"@type\":\"ImageObject\",\"inLanguage\":\"es\",\"@id\":\"https:\\\/\\\/www.eldiario.net\\\/portal\\\/#\\\/schema\\\/logo\\\/image\\\/\",\"url\":\"https:\\\/\\\/www.eldiario.net\\\/portal\\\/wp-content\\\/uploads\\\/2023\\\/07\\\/logo_ED.jpg\",\"contentUrl\":\"https:\\\/\\\/www.eldiario.net\\\/portal\\\/wp-content\\\/uploads\\\/2023\\\/07\\\/logo_ED.jpg\",\"width\":272,\"height\":52,\"caption\":\"El Diario - Decano de la prensa nacional\"},\"image\":{\"@id\":\"https:\\\/\\\/www.eldiario.net\\\/portal\\\/#\\\/schema\\\/logo\\\/image\\\/\"},\"sameAs\":[\"https:\\\/\\\/www.facebook.com\\\/eldiario.bolivia\\\/\",\"https:\\\/\\\/x.com\\\/eldiario_net\"]},{\"@type\":\"Person\",\"@id\":\"https:\\\/\\\/www.eldiario.net\\\/portal\\\/#\\\/schema\\\/person\\\/f46445640444750d7d753ccd04ae01b7\",\"name\":\"Jeanette\",\"image\":{\"@type\":\"ImageObject\",\"inLanguage\":\"es\",\"@id\":\"https:\\\/\\\/secure.gravatar.com\\\/avatar\\\/3ea2118a5f7dad2b7138b1187a6b7ee55f160b9968b66013c3a3ef39dd7e5798?s=96&d=mm&r=g\",\"url\":\"https:\\\/\\\/secure.gravatar.com\\\/avatar\\\/3ea2118a5f7dad2b7138b1187a6b7ee55f160b9968b66013c3a3ef39dd7e5798?s=96&d=mm&r=g\",\"contentUrl\":\"https:\\\/\\\/secure.gravatar.com\\\/avatar\\\/3ea2118a5f7dad2b7138b1187a6b7ee55f160b9968b66013c3a3ef39dd7e5798?s=96&d=mm&r=g\",\"caption\":\"Jeanette\"},\"sameAs\":[\"https:\\\/\\\/www.eldiario.net\\\/portal\"],\"url\":\"https:\\\/\\\/www.eldiario.net\\\/portal\\\/author\\\/jeanette\\\/\"}]}<\/script>\n<!-- \/ Yoast SEO plugin. -->","yoast_head_json":{"title":"Mercado externo percibe deterioro de la econom\u00eda nacional por escasez de d\u00f3lares - El Diario - Bolivia","robots":{"index":"index","follow":"follow","max-snippet":"max-snippet:-1","max-image-preview":"max-image-preview:large","max-video-preview":"max-video-preview:-1"},"canonical":"https:\/\/www.eldiario.net\/portal\/2023\/11\/19\/mercado-externo-percibe-deterioro-de-la-economia-nacional-por-escasez-de-dolares\/","og_locale":"es_ES","og_type":"article","og_title":"Mercado externo percibe deterioro de la econom\u00eda nacional por escasez de d\u00f3lares - El Diario - Bolivia","og_description":"El mercado externo percibe el deterioro de la econom\u00eda nacional, sumida en una escasez de d\u00f3lares, freno a las exportaciones, falta de combustible y baja inversi\u00f3n p\u00fablica, debido a la iliquidez e insolvencia del Gobierno. Una muestra es el aumento del riesgo pa\u00eds, as\u00ed como la presi\u00f3n para reformular el PGE 2023 y a\u00fan desconocido [&hellip;]","og_url":"https:\/\/www.eldiario.net\/portal\/2023\/11\/19\/mercado-externo-percibe-deterioro-de-la-economia-nacional-por-escasez-de-dolares\/","og_site_name":"El Diario - Bolivia","article_publisher":"https:\/\/www.facebook.com\/eldiario.bolivia\/","article_published_time":"2023-11-19T10:05:29+00:00","og_image":[{"width":679,"height":346,"url":"https:\/\/www.eldiario.net\/portal\/wp-content\/uploads\/2023\/11\/senales.jpg","type":"image\/jpeg"}],"author":"Jeanette","twitter_card":"summary_large_image","twitter_creator":"@eldiario_net","twitter_site":"@eldiario_net","twitter_misc":{"Escrito por":"Jeanette","Tiempo de lectura":"5 minutos"},"schema":{"@context":"https:\/\/schema.org","@graph":[{"@type":"Article","@id":"https:\/\/www.eldiario.net\/portal\/2023\/11\/19\/mercado-externo-percibe-deterioro-de-la-economia-nacional-por-escasez-de-dolares\/#article","isPartOf":{"@id":"https:\/\/www.eldiario.net\/portal\/2023\/11\/19\/mercado-externo-percibe-deterioro-de-la-economia-nacional-por-escasez-de-dolares\/"},"author":{"name":"Jeanette","@id":"https:\/\/www.eldiario.net\/portal\/#\/schema\/person\/f46445640444750d7d753ccd04ae01b7"},"headline":"Mercado externo percibe deterioro de la econom\u00eda nacional por escasez de d\u00f3lares","datePublished":"2023-11-19T10:05:29+00:00","mainEntityOfPage":{"@id":"https:\/\/www.eldiario.net\/portal\/2023\/11\/19\/mercado-externo-percibe-deterioro-de-la-economia-nacional-por-escasez-de-dolares\/"},"wordCount":1067,"publisher":{"@id":"https:\/\/www.eldiario.net\/portal\/#organization"},"image":{"@id":"https:\/\/www.eldiario.net\/portal\/2023\/11\/19\/mercado-externo-percibe-deterioro-de-la-economia-nacional-por-escasez-de-dolares\/#primaryimage"},"thumbnailUrl":"https:\/\/www.eldiario.net\/portal\/wp-content\/uploads\/2023\/11\/senales.jpg","articleSection":["Econom\u00eda"],"inLanguage":"es"},{"@type":"WebPage","@id":"https:\/\/www.eldiario.net\/portal\/2023\/11\/19\/mercado-externo-percibe-deterioro-de-la-economia-nacional-por-escasez-de-dolares\/","url":"https:\/\/www.eldiario.net\/portal\/2023\/11\/19\/mercado-externo-percibe-deterioro-de-la-economia-nacional-por-escasez-de-dolares\/","name":"Mercado externo percibe deterioro de la econom\u00eda nacional por escasez de d\u00f3lares - El Diario - Bolivia","isPartOf":{"@id":"https:\/\/www.eldiario.net\/portal\/#website"},"primaryImageOfPage":{"@id":"https:\/\/www.eldiario.net\/portal\/2023\/11\/19\/mercado-externo-percibe-deterioro-de-la-economia-nacional-por-escasez-de-dolares\/#primaryimage"},"image":{"@id":"https:\/\/www.eldiario.net\/portal\/2023\/11\/19\/mercado-externo-percibe-deterioro-de-la-economia-nacional-por-escasez-de-dolares\/#primaryimage"},"thumbnailUrl":"https:\/\/www.eldiario.net\/portal\/wp-content\/uploads\/2023\/11\/senales.jpg","datePublished":"2023-11-19T10:05:29+00:00","breadcrumb":{"@id":"https:\/\/www.eldiario.net\/portal\/2023\/11\/19\/mercado-externo-percibe-deterioro-de-la-economia-nacional-por-escasez-de-dolares\/#breadcrumb"},"inLanguage":"es","potentialAction":[{"@type":"ReadAction","target":["https:\/\/www.eldiario.net\/portal\/2023\/11\/19\/mercado-externo-percibe-deterioro-de-la-economia-nacional-por-escasez-de-dolares\/"]}]},{"@type":"ImageObject","inLanguage":"es","@id":"https:\/\/www.eldiario.net\/portal\/2023\/11\/19\/mercado-externo-percibe-deterioro-de-la-economia-nacional-por-escasez-de-dolares\/#primaryimage","url":"https:\/\/www.eldiario.net\/portal\/wp-content\/uploads\/2023\/11\/senales.jpg","contentUrl":"https:\/\/www.eldiario.net\/portal\/wp-content\/uploads\/2023\/11\/senales.jpg","width":679,"height":346},{"@type":"BreadcrumbList","@id":"https:\/\/www.eldiario.net\/portal\/2023\/11\/19\/mercado-externo-percibe-deterioro-de-la-economia-nacional-por-escasez-de-dolares\/#breadcrumb","itemListElement":[{"@type":"ListItem","position":1,"name":"Portada","item":"https:\/\/www.eldiario.net\/portal\/"},{"@type":"ListItem","position":2,"name":"Mercado externo percibe deterioro de la econom\u00eda nacional por escasez de d\u00f3lares"}]},{"@type":"WebSite","@id":"https:\/\/www.eldiario.net\/portal\/#website","url":"https:\/\/www.eldiario.net\/portal\/","name":"El Diario - Decano de la prensa nacional","description":"El Diario - Decano de la prensa nacional","publisher":{"@id":"https:\/\/www.eldiario.net\/portal\/#organization"},"potentialAction":[{"@type":"SearchAction","target":{"@type":"EntryPoint","urlTemplate":"https:\/\/www.eldiario.net\/portal\/?s={search_term_string}"},"query-input":{"@type":"PropertyValueSpecification","valueRequired":true,"valueName":"search_term_string"}}],"inLanguage":"es"},{"@type":"Organization","@id":"https:\/\/www.eldiario.net\/portal\/#organization","name":"El Diario - Decano de la prensa nacional","url":"https:\/\/www.eldiario.net\/portal\/","logo":{"@type":"ImageObject","inLanguage":"es","@id":"https:\/\/www.eldiario.net\/portal\/#\/schema\/logo\/image\/","url":"https:\/\/www.eldiario.net\/portal\/wp-content\/uploads\/2023\/07\/logo_ED.jpg","contentUrl":"https:\/\/www.eldiario.net\/portal\/wp-content\/uploads\/2023\/07\/logo_ED.jpg","width":272,"height":52,"caption":"El Diario - Decano de la prensa nacional"},"image":{"@id":"https:\/\/www.eldiario.net\/portal\/#\/schema\/logo\/image\/"},"sameAs":["https:\/\/www.facebook.com\/eldiario.bolivia\/","https:\/\/x.com\/eldiario_net"]},{"@type":"Person","@id":"https:\/\/www.eldiario.net\/portal\/#\/schema\/person\/f46445640444750d7d753ccd04ae01b7","name":"Jeanette","image":{"@type":"ImageObject","inLanguage":"es","@id":"https:\/\/secure.gravatar.com\/avatar\/3ea2118a5f7dad2b7138b1187a6b7ee55f160b9968b66013c3a3ef39dd7e5798?s=96&d=mm&r=g","url":"https:\/\/secure.gravatar.com\/avatar\/3ea2118a5f7dad2b7138b1187a6b7ee55f160b9968b66013c3a3ef39dd7e5798?s=96&d=mm&r=g","contentUrl":"https:\/\/secure.gravatar.com\/avatar\/3ea2118a5f7dad2b7138b1187a6b7ee55f160b9968b66013c3a3ef39dd7e5798?s=96&d=mm&r=g","caption":"Jeanette"},"sameAs":["https:\/\/www.eldiario.net\/portal"],"url":"https:\/\/www.eldiario.net\/portal\/author\/jeanette\/"}]}},"_links":{"self":[{"href":"https:\/\/www.eldiario.net\/portal\/wp-json\/wp\/v2\/posts\/188264","targetHints":{"allow":["GET"]}}],"collection":[{"href":"https:\/\/www.eldiario.net\/portal\/wp-json\/wp\/v2\/posts"}],"about":[{"href":"https:\/\/www.eldiario.net\/portal\/wp-json\/wp\/v2\/types\/post"}],"author":[{"embeddable":true,"href":"https:\/\/www.eldiario.net\/portal\/wp-json\/wp\/v2\/users\/1"}],"replies":[{"embeddable":true,"href":"https:\/\/www.eldiario.net\/portal\/wp-json\/wp\/v2\/comments?post=188264"}],"version-history":[{"count":0,"href":"https:\/\/www.eldiario.net\/portal\/wp-json\/wp\/v2\/posts\/188264\/revisions"}],"wp:featuredmedia":[{"embeddable":true,"href":"https:\/\/www.eldiario.net\/portal\/wp-json\/wp\/v2\/media\/188265"}],"wp:attachment":[{"href":"https:\/\/www.eldiario.net\/portal\/wp-json\/wp\/v2\/media?parent=188264"}],"wp:term":[{"taxonomy":"category","embeddable":true,"href":"https:\/\/www.eldiario.net\/portal\/wp-json\/wp\/v2\/categories?post=188264"},{"taxonomy":"post_tag","embeddable":true,"href":"https:\/\/www.eldiario.net\/portal\/wp-json\/wp\/v2\/tags?post=188264"}],"curies":[{"name":"wp","href":"https:\/\/api.w.org\/{rel}","templated":true}]}}