{"id":188261,"date":"2023-11-19T06:04:42","date_gmt":"2023-11-19T10:04:42","guid":{"rendered":"https:\/\/www.eldiario.net\/portal\/?p=188261"},"modified":"2023-11-19T06:04:42","modified_gmt":"2023-11-19T10:04:42","slug":"promocionaran-el-turismo-durante-una-semana","status":"publish","type":"post","link":"https:\/\/www.eldiario.net\/portal\/2023\/11\/19\/promocionaran-el-turismo-durante-una-semana\/","title":{"rendered":"Promocionar\u00e1n el  turismo durante  una semana"},"content":{"rendered":"<p>El Gobierno nacional y entidades privadas organizan un \u201cFam Trip\u201d (viaje de familiarizaci\u00f3n) con operadoras de Pa\u00edses Bajos para promover la \u201cmaravillosa diversidad natural, cultural y tur\u00edstica\u201d de Bolivia, desde el 17 hasta el 25 de este mes.<br \/>\nEl Ministerio de Desarrollo Productivo y Econom\u00eda Plural, a trav\u00e9s del Viceministerio de Turismo, realizan un Fam Trip (viajes de familiarizaci\u00f3n) del 18 al 25 de noviembre, con seis agencias de viajes tur\u00edsticas de Pa\u00edses Bajos, que visitan Bolivia, que recorrer\u00e1n el Destino Tur\u00edstico Salar de Uyuni y Laguna de Colores y otros sitios del pa\u00eds, con la finalidad de promover el turismo de naturaleza y la calidad de servicios e infraestructura tur\u00edstica del pa\u00eds.<br \/>\nSeg\u00fan, el programa de Dinamizaci\u00f3n Tur\u00edstica del Salar de Uyuni y Lagunas de Colores &#8211; PDUL, la actividad tambi\u00e9n se desarrolla con el apoyo de la entidad desconcentrada Conoce Bolivia, la l\u00ednea a\u00e9rea Air Europa, la embajada del Estado Plurinacional de Bolivia en Pa\u00edses Bajos y Canotur Santa Cruz, para promocionar la diversidad natural, cultural y tur\u00edstica.<br \/>\nAyer se dio la bienvenida a las delegaciones de las operadoras de turismo de Pa\u00edses Bajos, que cont\u00f3 con la presencia del viceministro de Turismo, Hiver Flores, en un acto en la ciudad de Santa Cruz de la Sierra.<br \/>\nLlegaron al pa\u00eds las agencias de viajes Riksja, V\u00e1monos Travel, Key Travel, Net Travel y Latin Travel, y la revista Travel Pro, que visitar\u00e1n los paisajes del patrimonio cultural boliviano.<br \/>\nAdem\u00e1s, en los siete d\u00edas de visita, las delegaciones de las operadoras de turismo de Pa\u00edses Bajos, recorrer\u00e1n el centro hist\u00f3rico de Santa Cruz de la Sierra; el municipio de Huatajata y las islas flotantes, en La Paz; el Salar de Uyuni y Laguna de Colores; y Pulacayo, en Potos\u00ed, y realizar\u00e1n un recorrido por el parque Cret\u00e1cico de la ciudad de Sucre, en Chuquisaca.<\/p>\n","protected":false},"excerpt":{"rendered":"<p>El Gobierno nacional y entidades privadas organizan un \u201cFam Trip\u201d (viaje de familiarizaci\u00f3n) con operadoras de Pa\u00edses Bajos para promover la \u201cmaravillosa diversidad natural, cultural y tur\u00edstica\u201d de Bolivia, desde el 17 hasta el 25 de este mes. El Ministerio de Desarrollo Productivo y Econom\u00eda Plural, a trav\u00e9s del Viceministerio de Turismo, realizan un Fam [&hellip;]<\/p>\n","protected":false},"author":1,"featured_media":188262,"comment_status":"closed","ping_status":"open","sticky":false,"template":"","format":"standard","meta":{"_acf_changed":false,"footnotes":""},"categories":[7],"tags":[],"class_list":["post-188261","post","type-post","status-publish","format-standard","has-post-thumbnail","category-economia"],"acf":{"antetitulo":""},"yoast_head":"<!-- This site is optimized with the Yoast SEO plugin v28.3 - https:\/\/yoast.com\/product\/yoast-seo-wordpress\/ -->\n<title>Promocionar\u00e1n el turismo durante una semana - El Diario - Bolivia<\/title>\n<meta name=\"robots\" content=\"index, follow, max-snippet:-1, max-image-preview:large, max-video-preview:-1\" \/>\n<link rel=\"canonical\" href=\"https:\/\/www.eldiario.net\/portal\/2023\/11\/19\/promocionaran-el-turismo-durante-una-semana\/\" \/>\n<meta property=\"og:locale\" content=\"es_ES\" \/>\n<meta property=\"og:type\" content=\"article\" \/>\n<meta property=\"og:title\" content=\"Promocionar\u00e1n el turismo durante una semana - El Diario - Bolivia\" \/>\n<meta property=\"og:description\" content=\"El Gobierno nacional y entidades privadas organizan un \u201cFam Trip\u201d (viaje de familiarizaci\u00f3n) con operadoras de Pa\u00edses Bajos para promover la \u201cmaravillosa diversidad natural, cultural y tur\u00edstica\u201d de Bolivia, desde el 17 hasta el 25 de este mes. El Ministerio de Desarrollo Productivo y Econom\u00eda Plural, a trav\u00e9s del Viceministerio de Turismo, realizan un Fam [&hellip;]\" \/>\n<meta property=\"og:url\" content=\"https:\/\/www.eldiario.net\/portal\/2023\/11\/19\/promocionaran-el-turismo-durante-una-semana\/\" \/>\n<meta property=\"og:site_name\" content=\"El Diario - Bolivia\" \/>\n<meta property=\"article:publisher\" content=\"https:\/\/www.facebook.com\/eldiario.bolivia\/\" \/>\n<meta property=\"article:published_time\" content=\"2023-11-19T10:04:42+00:00\" \/>\n<meta property=\"og:image\" content=\"https:\/\/www.eldiario.net\/portal\/wp-content\/uploads\/2023\/11\/turis-e1700388270642.jpg\" \/>\n\t<meta property=\"og:image:width\" content=\"1066\" \/>\n\t<meta property=\"og:image:height\" content=\"973\" \/>\n\t<meta property=\"og:image:type\" content=\"image\/jpeg\" \/>\n<meta name=\"author\" content=\"Jeanette\" \/>\n<meta name=\"twitter:card\" content=\"summary_large_image\" \/>\n<meta name=\"twitter:creator\" content=\"@eldiario_net\" \/>\n<meta name=\"twitter:site\" content=\"@eldiario_net\" \/>\n<meta name=\"twitter:label1\" content=\"Escrito por\" \/>\n\t<meta name=\"twitter:data1\" content=\"Jeanette\" \/>\n\t<meta name=\"twitter:label2\" content=\"Tiempo de lectura\" \/>\n\t<meta name=\"twitter:data2\" content=\"2 minutos\" \/>\n<script type=\"application\/ld+json\" class=\"yoast-schema-graph\">{\"@context\":\"https:\\\/\\\/schema.org\",\"@graph\":[{\"@type\":\"Article\",\"@id\":\"https:\\\/\\\/www.eldiario.net\\\/portal\\\/2023\\\/11\\\/19\\\/promocionaran-el-turismo-durante-una-semana\\\/#article\",\"isPartOf\":{\"@id\":\"https:\\\/\\\/www.eldiario.net\\\/portal\\\/2023\\\/11\\\/19\\\/promocionaran-el-turismo-durante-una-semana\\\/\"},\"author\":{\"name\":\"Jeanette\",\"@id\":\"https:\\\/\\\/www.eldiario.net\\\/portal\\\/#\\\/schema\\\/person\\\/f46445640444750d7d753ccd04ae01b7\"},\"headline\":\"Promocionar\u00e1n el turismo durante una semana\",\"datePublished\":\"2023-11-19T10:04:42+00:00\",\"mainEntityOfPage\":{\"@id\":\"https:\\\/\\\/www.eldiario.net\\\/portal\\\/2023\\\/11\\\/19\\\/promocionaran-el-turismo-durante-una-semana\\\/\"},\"wordCount\":339,\"publisher\":{\"@id\":\"https:\\\/\\\/www.eldiario.net\\\/portal\\\/#organization\"},\"image\":{\"@id\":\"https:\\\/\\\/www.eldiario.net\\\/portal\\\/2023\\\/11\\\/19\\\/promocionaran-el-turismo-durante-una-semana\\\/#primaryimage\"},\"thumbnailUrl\":\"https:\\\/\\\/www.eldiario.net\\\/portal\\\/wp-content\\\/uploads\\\/2023\\\/11\\\/turis-e1700388270642.jpg\",\"articleSection\":[\"Econom\u00eda\"],\"inLanguage\":\"es\"},{\"@type\":\"WebPage\",\"@id\":\"https:\\\/\\\/www.eldiario.net\\\/portal\\\/2023\\\/11\\\/19\\\/promocionaran-el-turismo-durante-una-semana\\\/\",\"url\":\"https:\\\/\\\/www.eldiario.net\\\/portal\\\/2023\\\/11\\\/19\\\/promocionaran-el-turismo-durante-una-semana\\\/\",\"name\":\"Promocionar\u00e1n el turismo durante una semana - El Diario - Bolivia\",\"isPartOf\":{\"@id\":\"https:\\\/\\\/www.eldiario.net\\\/portal\\\/#website\"},\"primaryImageOfPage\":{\"@id\":\"https:\\\/\\\/www.eldiario.net\\\/portal\\\/2023\\\/11\\\/19\\\/promocionaran-el-turismo-durante-una-semana\\\/#primaryimage\"},\"image\":{\"@id\":\"https:\\\/\\\/www.eldiario.net\\\/portal\\\/2023\\\/11\\\/19\\\/promocionaran-el-turismo-durante-una-semana\\\/#primaryimage\"},\"thumbnailUrl\":\"https:\\\/\\\/www.eldiario.net\\\/portal\\\/wp-content\\\/uploads\\\/2023\\\/11\\\/turis-e1700388270642.jpg\",\"datePublished\":\"2023-11-19T10:04:42+00:00\",\"breadcrumb\":{\"@id\":\"https:\\\/\\\/www.eldiario.net\\\/portal\\\/2023\\\/11\\\/19\\\/promocionaran-el-turismo-durante-una-semana\\\/#breadcrumb\"},\"inLanguage\":\"es\",\"potentialAction\":[{\"@type\":\"ReadAction\",\"target\":[\"https:\\\/\\\/www.eldiario.net\\\/portal\\\/2023\\\/11\\\/19\\\/promocionaran-el-turismo-durante-una-semana\\\/\"]}]},{\"@type\":\"ImageObject\",\"inLanguage\":\"es\",\"@id\":\"https:\\\/\\\/www.eldiario.net\\\/portal\\\/2023\\\/11\\\/19\\\/promocionaran-el-turismo-durante-una-semana\\\/#primaryimage\",\"url\":\"https:\\\/\\\/www.eldiario.net\\\/portal\\\/wp-content\\\/uploads\\\/2023\\\/11\\\/turis-e1700388270642.jpg\",\"contentUrl\":\"https:\\\/\\\/www.eldiario.net\\\/portal\\\/wp-content\\\/uploads\\\/2023\\\/11\\\/turis-e1700388270642.jpg\",\"width\":1066,\"height\":973,\"caption\":\"Una mirada al Salar de Uyuni.\"},{\"@type\":\"BreadcrumbList\",\"@id\":\"https:\\\/\\\/www.eldiario.net\\\/portal\\\/2023\\\/11\\\/19\\\/promocionaran-el-turismo-durante-una-semana\\\/#breadcrumb\",\"itemListElement\":[{\"@type\":\"ListItem\",\"position\":1,\"name\":\"Portada\",\"item\":\"https:\\\/\\\/www.eldiario.net\\\/portal\\\/\"},{\"@type\":\"ListItem\",\"position\":2,\"name\":\"Promocionar\u00e1n el turismo durante una semana\"}]},{\"@type\":\"WebSite\",\"@id\":\"https:\\\/\\\/www.eldiario.net\\\/portal\\\/#website\",\"url\":\"https:\\\/\\\/www.eldiario.net\\\/portal\\\/\",\"name\":\"El Diario - Decano de la prensa nacional\",\"description\":\"El Diario - Decano de la prensa nacional\",\"publisher\":{\"@id\":\"https:\\\/\\\/www.eldiario.net\\\/portal\\\/#organization\"},\"potentialAction\":[{\"@type\":\"SearchAction\",\"target\":{\"@type\":\"EntryPoint\",\"urlTemplate\":\"https:\\\/\\\/www.eldiario.net\\\/portal\\\/?s={search_term_string}\"},\"query-input\":{\"@type\":\"PropertyValueSpecification\",\"valueRequired\":true,\"valueName\":\"search_term_string\"}}],\"inLanguage\":\"es\"},{\"@type\":\"Organization\",\"@id\":\"https:\\\/\\\/www.eldiario.net\\\/portal\\\/#organization\",\"name\":\"El Diario - Decano de la prensa nacional\",\"url\":\"https:\\\/\\\/www.eldiario.net\\\/portal\\\/\",\"logo\":{\"@type\":\"ImageObject\",\"inLanguage\":\"es\",\"@id\":\"https:\\\/\\\/www.eldiario.net\\\/portal\\\/#\\\/schema\\\/logo\\\/image\\\/\",\"url\":\"https:\\\/\\\/www.eldiario.net\\\/portal\\\/wp-content\\\/uploads\\\/2023\\\/07\\\/logo_ED.jpg\",\"contentUrl\":\"https:\\\/\\\/www.eldiario.net\\\/portal\\\/wp-content\\\/uploads\\\/2023\\\/07\\\/logo_ED.jpg\",\"width\":272,\"height\":52,\"caption\":\"El Diario - Decano de la prensa nacional\"},\"image\":{\"@id\":\"https:\\\/\\\/www.eldiario.net\\\/portal\\\/#\\\/schema\\\/logo\\\/image\\\/\"},\"sameAs\":[\"https:\\\/\\\/www.facebook.com\\\/eldiario.bolivia\\\/\",\"https:\\\/\\\/x.com\\\/eldiario_net\"]},{\"@type\":\"Person\",\"@id\":\"https:\\\/\\\/www.eldiario.net\\\/portal\\\/#\\\/schema\\\/person\\\/f46445640444750d7d753ccd04ae01b7\",\"name\":\"Jeanette\",\"image\":{\"@type\":\"ImageObject\",\"inLanguage\":\"es\",\"@id\":\"https:\\\/\\\/secure.gravatar.com\\\/avatar\\\/3ea2118a5f7dad2b7138b1187a6b7ee55f160b9968b66013c3a3ef39dd7e5798?s=96&d=mm&r=g\",\"url\":\"https:\\\/\\\/secure.gravatar.com\\\/avatar\\\/3ea2118a5f7dad2b7138b1187a6b7ee55f160b9968b66013c3a3ef39dd7e5798?s=96&d=mm&r=g\",\"contentUrl\":\"https:\\\/\\\/secure.gravatar.com\\\/avatar\\\/3ea2118a5f7dad2b7138b1187a6b7ee55f160b9968b66013c3a3ef39dd7e5798?s=96&d=mm&r=g\",\"caption\":\"Jeanette\"},\"sameAs\":[\"https:\\\/\\\/www.eldiario.net\\\/portal\"],\"url\":\"https:\\\/\\\/www.eldiario.net\\\/portal\\\/author\\\/jeanette\\\/\"}]}<\/script>\n<!-- \/ Yoast SEO plugin. -->","yoast_head_json":{"title":"Promocionar\u00e1n el turismo durante una semana - El Diario - Bolivia","robots":{"index":"index","follow":"follow","max-snippet":"max-snippet:-1","max-image-preview":"max-image-preview:large","max-video-preview":"max-video-preview:-1"},"canonical":"https:\/\/www.eldiario.net\/portal\/2023\/11\/19\/promocionaran-el-turismo-durante-una-semana\/","og_locale":"es_ES","og_type":"article","og_title":"Promocionar\u00e1n el turismo durante una semana - El Diario - Bolivia","og_description":"El Gobierno nacional y entidades privadas organizan un \u201cFam Trip\u201d (viaje de familiarizaci\u00f3n) con operadoras de Pa\u00edses Bajos para promover la \u201cmaravillosa diversidad natural, cultural y tur\u00edstica\u201d de Bolivia, desde el 17 hasta el 25 de este mes. El Ministerio de Desarrollo Productivo y Econom\u00eda Plural, a trav\u00e9s del Viceministerio de Turismo, realizan un Fam [&hellip;]","og_url":"https:\/\/www.eldiario.net\/portal\/2023\/11\/19\/promocionaran-el-turismo-durante-una-semana\/","og_site_name":"El Diario - Bolivia","article_publisher":"https:\/\/www.facebook.com\/eldiario.bolivia\/","article_published_time":"2023-11-19T10:04:42+00:00","og_image":[{"width":1066,"height":973,"url":"https:\/\/www.eldiario.net\/portal\/wp-content\/uploads\/2023\/11\/turis-e1700388270642.jpg","type":"image\/jpeg"}],"author":"Jeanette","twitter_card":"summary_large_image","twitter_creator":"@eldiario_net","twitter_site":"@eldiario_net","twitter_misc":{"Escrito por":"Jeanette","Tiempo de lectura":"2 minutos"},"schema":{"@context":"https:\/\/schema.org","@graph":[{"@type":"Article","@id":"https:\/\/www.eldiario.net\/portal\/2023\/11\/19\/promocionaran-el-turismo-durante-una-semana\/#article","isPartOf":{"@id":"https:\/\/www.eldiario.net\/portal\/2023\/11\/19\/promocionaran-el-turismo-durante-una-semana\/"},"author":{"name":"Jeanette","@id":"https:\/\/www.eldiario.net\/portal\/#\/schema\/person\/f46445640444750d7d753ccd04ae01b7"},"headline":"Promocionar\u00e1n el turismo durante una semana","datePublished":"2023-11-19T10:04:42+00:00","mainEntityOfPage":{"@id":"https:\/\/www.eldiario.net\/portal\/2023\/11\/19\/promocionaran-el-turismo-durante-una-semana\/"},"wordCount":339,"publisher":{"@id":"https:\/\/www.eldiario.net\/portal\/#organization"},"image":{"@id":"https:\/\/www.eldiario.net\/portal\/2023\/11\/19\/promocionaran-el-turismo-durante-una-semana\/#primaryimage"},"thumbnailUrl":"https:\/\/www.eldiario.net\/portal\/wp-content\/uploads\/2023\/11\/turis-e1700388270642.jpg","articleSection":["Econom\u00eda"],"inLanguage":"es"},{"@type":"WebPage","@id":"https:\/\/www.eldiario.net\/portal\/2023\/11\/19\/promocionaran-el-turismo-durante-una-semana\/","url":"https:\/\/www.eldiario.net\/portal\/2023\/11\/19\/promocionaran-el-turismo-durante-una-semana\/","name":"Promocionar\u00e1n el turismo durante una semana - El Diario - Bolivia","isPartOf":{"@id":"https:\/\/www.eldiario.net\/portal\/#website"},"primaryImageOfPage":{"@id":"https:\/\/www.eldiario.net\/portal\/2023\/11\/19\/promocionaran-el-turismo-durante-una-semana\/#primaryimage"},"image":{"@id":"https:\/\/www.eldiario.net\/portal\/2023\/11\/19\/promocionaran-el-turismo-durante-una-semana\/#primaryimage"},"thumbnailUrl":"https:\/\/www.eldiario.net\/portal\/wp-content\/uploads\/2023\/11\/turis-e1700388270642.jpg","datePublished":"2023-11-19T10:04:42+00:00","breadcrumb":{"@id":"https:\/\/www.eldiario.net\/portal\/2023\/11\/19\/promocionaran-el-turismo-durante-una-semana\/#breadcrumb"},"inLanguage":"es","potentialAction":[{"@type":"ReadAction","target":["https:\/\/www.eldiario.net\/portal\/2023\/11\/19\/promocionaran-el-turismo-durante-una-semana\/"]}]},{"@type":"ImageObject","inLanguage":"es","@id":"https:\/\/www.eldiario.net\/portal\/2023\/11\/19\/promocionaran-el-turismo-durante-una-semana\/#primaryimage","url":"https:\/\/www.eldiario.net\/portal\/wp-content\/uploads\/2023\/11\/turis-e1700388270642.jpg","contentUrl":"https:\/\/www.eldiario.net\/portal\/wp-content\/uploads\/2023\/11\/turis-e1700388270642.jpg","width":1066,"height":973,"caption":"Una mirada al Salar de Uyuni."},{"@type":"BreadcrumbList","@id":"https:\/\/www.eldiario.net\/portal\/2023\/11\/19\/promocionaran-el-turismo-durante-una-semana\/#breadcrumb","itemListElement":[{"@type":"ListItem","position":1,"name":"Portada","item":"https:\/\/www.eldiario.net\/portal\/"},{"@type":"ListItem","position":2,"name":"Promocionar\u00e1n el turismo durante una semana"}]},{"@type":"WebSite","@id":"https:\/\/www.eldiario.net\/portal\/#website","url":"https:\/\/www.eldiario.net\/portal\/","name":"El Diario - Decano de la prensa nacional","description":"El Diario - Decano de la prensa nacional","publisher":{"@id":"https:\/\/www.eldiario.net\/portal\/#organization"},"potentialAction":[{"@type":"SearchAction","target":{"@type":"EntryPoint","urlTemplate":"https:\/\/www.eldiario.net\/portal\/?s={search_term_string}"},"query-input":{"@type":"PropertyValueSpecification","valueRequired":true,"valueName":"search_term_string"}}],"inLanguage":"es"},{"@type":"Organization","@id":"https:\/\/www.eldiario.net\/portal\/#organization","name":"El Diario - Decano de la prensa nacional","url":"https:\/\/www.eldiario.net\/portal\/","logo":{"@type":"ImageObject","inLanguage":"es","@id":"https:\/\/www.eldiario.net\/portal\/#\/schema\/logo\/image\/","url":"https:\/\/www.eldiario.net\/portal\/wp-content\/uploads\/2023\/07\/logo_ED.jpg","contentUrl":"https:\/\/www.eldiario.net\/portal\/wp-content\/uploads\/2023\/07\/logo_ED.jpg","width":272,"height":52,"caption":"El Diario - Decano de la prensa nacional"},"image":{"@id":"https:\/\/www.eldiario.net\/portal\/#\/schema\/logo\/image\/"},"sameAs":["https:\/\/www.facebook.com\/eldiario.bolivia\/","https:\/\/x.com\/eldiario_net"]},{"@type":"Person","@id":"https:\/\/www.eldiario.net\/portal\/#\/schema\/person\/f46445640444750d7d753ccd04ae01b7","name":"Jeanette","image":{"@type":"ImageObject","inLanguage":"es","@id":"https:\/\/secure.gravatar.com\/avatar\/3ea2118a5f7dad2b7138b1187a6b7ee55f160b9968b66013c3a3ef39dd7e5798?s=96&d=mm&r=g","url":"https:\/\/secure.gravatar.com\/avatar\/3ea2118a5f7dad2b7138b1187a6b7ee55f160b9968b66013c3a3ef39dd7e5798?s=96&d=mm&r=g","contentUrl":"https:\/\/secure.gravatar.com\/avatar\/3ea2118a5f7dad2b7138b1187a6b7ee55f160b9968b66013c3a3ef39dd7e5798?s=96&d=mm&r=g","caption":"Jeanette"},"sameAs":["https:\/\/www.eldiario.net\/portal"],"url":"https:\/\/www.eldiario.net\/portal\/author\/jeanette\/"}]}},"_links":{"self":[{"href":"https:\/\/www.eldiario.net\/portal\/wp-json\/wp\/v2\/posts\/188261","targetHints":{"allow":["GET"]}}],"collection":[{"href":"https:\/\/www.eldiario.net\/portal\/wp-json\/wp\/v2\/posts"}],"about":[{"href":"https:\/\/www.eldiario.net\/portal\/wp-json\/wp\/v2\/types\/post"}],"author":[{"embeddable":true,"href":"https:\/\/www.eldiario.net\/portal\/wp-json\/wp\/v2\/users\/1"}],"replies":[{"embeddable":true,"href":"https:\/\/www.eldiario.net\/portal\/wp-json\/wp\/v2\/comments?post=188261"}],"version-history":[{"count":0,"href":"https:\/\/www.eldiario.net\/portal\/wp-json\/wp\/v2\/posts\/188261\/revisions"}],"wp:featuredmedia":[{"embeddable":true,"href":"https:\/\/www.eldiario.net\/portal\/wp-json\/wp\/v2\/media\/188262"}],"wp:attachment":[{"href":"https:\/\/www.eldiario.net\/portal\/wp-json\/wp\/v2\/media?parent=188261"}],"wp:term":[{"taxonomy":"category","embeddable":true,"href":"https:\/\/www.eldiario.net\/portal\/wp-json\/wp\/v2\/categories?post=188261"},{"taxonomy":"post_tag","embeddable":true,"href":"https:\/\/www.eldiario.net\/portal\/wp-json\/wp\/v2\/tags?post=188261"}],"curies":[{"name":"wp","href":"https:\/\/api.w.org\/{rel}","templated":true}]}}