{"id":188082,"date":"2023-11-18T06:29:45","date_gmt":"2023-11-18T10:29:45","guid":{"rendered":"https:\/\/www.eldiario.net\/portal\/?p=188082"},"modified":"2023-11-18T06:29:45","modified_gmt":"2023-11-18T10:29:45","slug":"preocupa-a-onu-suspension-de-elecciones-judiciales-en-bolivia","status":"publish","type":"post","link":"https:\/\/www.eldiario.net\/portal\/2023\/11\/18\/preocupa-a-onu-suspension-de-elecciones-judiciales-en-bolivia\/","title":{"rendered":"Preocupa a ONU suspensi\u00f3n de elecciones judiciales en Bolivia"},"content":{"rendered":"<p>La Relatora Especial de la Organizaci\u00f3n de Naciones Unidas (ONU) sobre la independencia de los magistrados y abogados, Margaret Satterthwaite, public\u00f3 una nota no respondida por el Gobierno boliviano, en la que expresa su preocupaci\u00f3n por la suspensi\u00f3n de las elecciones judiciales en Bolivia.<br \/>\nAsimismo, destaca la importancia que tiene la elecci\u00f3n para asegurar la independencia de la justicia en el pa\u00eds, y en este sentido, resalt\u00f3 la importancia que tiene celebrar un proceso transparente, participativo e \u00edntegro. \u201cLos derechos a la igualdad ante las cortes y tribunales, a un juicio justo y a recursos efectivos, son elementos clave de la protecci\u00f3n de los derechos humanos y sirven como medio procesal para salvaguardar el Estado de Derecho\u201d, puntualiz\u00f3.<br \/>\nEn ese marco, Margaret Satterthwaite pidi\u00f3 informes sobre la situaci\u00f3n y las alegaciones respectivas, las medidas adoptadas para llevar a cabo las elecciones de altas autoridades, seguimiento a las recomendaciones que dej\u00f3 su antecesor Diego Garc\u00eda-Say\u00e1n.<\/p>\n","protected":false},"excerpt":{"rendered":"<p>La Relatora Especial de la Organizaci\u00f3n de Naciones Unidas (ONU) sobre la independencia de los magistrados y abogados, Margaret Satterthwaite, public\u00f3 una nota no respondida por el Gobierno boliviano, en la que expresa su preocupaci\u00f3n por la suspensi\u00f3n de las elecciones judiciales en Bolivia. Asimismo, destaca la importancia que tiene la elecci\u00f3n para asegurar la [&hellip;]<\/p>\n","protected":false},"author":1,"featured_media":188083,"comment_status":"closed","ping_status":"open","sticky":false,"template":"","format":"standard","meta":{"_acf_changed":false,"footnotes":""},"categories":[17],"tags":[],"class_list":["post-188082","post","type-post","status-publish","format-standard","has-post-thumbnail","category-principal"],"acf":{"antetitulo":""},"yoast_head":"<!-- This site is optimized with the Yoast SEO plugin v28.4 - https:\/\/yoast.com\/product\/yoast-seo-wordpress\/ -->\n<title>Preocupa a ONU suspensi\u00f3n de elecciones judiciales en Bolivia - El Diario - Bolivia<\/title>\n<meta name=\"robots\" content=\"index, follow, max-snippet:-1, max-image-preview:large, max-video-preview:-1\" \/>\n<link rel=\"canonical\" href=\"https:\/\/www.eldiario.net\/portal\/2023\/11\/18\/preocupa-a-onu-suspension-de-elecciones-judiciales-en-bolivia\/\" \/>\n<meta property=\"og:locale\" content=\"es_ES\" \/>\n<meta property=\"og:type\" content=\"article\" \/>\n<meta property=\"og:title\" content=\"Preocupa a ONU suspensi\u00f3n de elecciones judiciales en Bolivia - El Diario - Bolivia\" \/>\n<meta property=\"og:description\" content=\"La Relatora Especial de la Organizaci\u00f3n de Naciones Unidas (ONU) sobre la independencia de los magistrados y abogados, Margaret Satterthwaite, public\u00f3 una nota no respondida por el Gobierno boliviano, en la que expresa su preocupaci\u00f3n por la suspensi\u00f3n de las elecciones judiciales en Bolivia. Asimismo, destaca la importancia que tiene la elecci\u00f3n para asegurar la [&hellip;]\" \/>\n<meta property=\"og:url\" content=\"https:\/\/www.eldiario.net\/portal\/2023\/11\/18\/preocupa-a-onu-suspension-de-elecciones-judiciales-en-bolivia\/\" \/>\n<meta property=\"og:site_name\" content=\"El Diario - Bolivia\" \/>\n<meta property=\"article:publisher\" content=\"https:\/\/www.facebook.com\/eldiario.bolivia\/\" \/>\n<meta property=\"article:published_time\" content=\"2023-11-18T10:29:45+00:00\" \/>\n<meta property=\"og:image\" content=\"https:\/\/www.eldiario.net\/portal\/wp-content\/uploads\/2023\/11\/P-1-15-cm-x-10.jpeg\" \/>\n\t<meta property=\"og:image:width\" content=\"1536\" \/>\n\t<meta property=\"og:image:height\" content=\"864\" \/>\n\t<meta property=\"og:image:type\" content=\"image\/jpeg\" \/>\n<meta name=\"author\" content=\"Jeanette\" \/>\n<meta name=\"twitter:card\" content=\"summary_large_image\" \/>\n<meta name=\"twitter:creator\" content=\"@eldiario_net\" \/>\n<meta name=\"twitter:site\" content=\"@eldiario_net\" \/>\n<meta name=\"twitter:label1\" content=\"Escrito por\" \/>\n\t<meta name=\"twitter:data1\" content=\"Jeanette\" \/>\n\t<meta name=\"twitter:label2\" content=\"Tiempo de lectura\" \/>\n\t<meta name=\"twitter:data2\" content=\"1 minuto\" \/>\n<script type=\"application\/ld+json\" class=\"yoast-schema-graph\">{\"@context\":\"https:\\\/\\\/schema.org\",\"@graph\":[{\"@type\":\"Article\",\"@id\":\"https:\\\/\\\/www.eldiario.net\\\/portal\\\/2023\\\/11\\\/18\\\/preocupa-a-onu-suspension-de-elecciones-judiciales-en-bolivia\\\/#article\",\"isPartOf\":{\"@id\":\"https:\\\/\\\/www.eldiario.net\\\/portal\\\/2023\\\/11\\\/18\\\/preocupa-a-onu-suspension-de-elecciones-judiciales-en-bolivia\\\/\"},\"author\":{\"name\":\"Jeanette\",\"@id\":\"https:\\\/\\\/www.eldiario.net\\\/portal\\\/#\\\/schema\\\/person\\\/2c57cf2b7a7ae032e449e4c9b1019eac\"},\"headline\":\"Preocupa a ONU suspensi\u00f3n de elecciones judiciales en Bolivia\",\"datePublished\":\"2023-11-18T10:29:45+00:00\",\"mainEntityOfPage\":{\"@id\":\"https:\\\/\\\/www.eldiario.net\\\/portal\\\/2023\\\/11\\\/18\\\/preocupa-a-onu-suspension-de-elecciones-judiciales-en-bolivia\\\/\"},\"wordCount\":173,\"publisher\":{\"@id\":\"https:\\\/\\\/www.eldiario.net\\\/portal\\\/#organization\"},\"image\":{\"@id\":\"https:\\\/\\\/www.eldiario.net\\\/portal\\\/2023\\\/11\\\/18\\\/preocupa-a-onu-suspension-de-elecciones-judiciales-en-bolivia\\\/#primaryimage\"},\"thumbnailUrl\":\"https:\\\/\\\/www.eldiario.net\\\/portal\\\/wp-content\\\/uploads\\\/2023\\\/11\\\/P-1-15-cm-x-10.jpeg\",\"articleSection\":[\"Principal\"],\"inLanguage\":\"es\"},{\"@type\":\"WebPage\",\"@id\":\"https:\\\/\\\/www.eldiario.net\\\/portal\\\/2023\\\/11\\\/18\\\/preocupa-a-onu-suspension-de-elecciones-judiciales-en-bolivia\\\/\",\"url\":\"https:\\\/\\\/www.eldiario.net\\\/portal\\\/2023\\\/11\\\/18\\\/preocupa-a-onu-suspension-de-elecciones-judiciales-en-bolivia\\\/\",\"name\":\"Preocupa a ONU suspensi\u00f3n de elecciones judiciales en Bolivia - El Diario - Bolivia\",\"isPartOf\":{\"@id\":\"https:\\\/\\\/www.eldiario.net\\\/portal\\\/#website\"},\"primaryImageOfPage\":{\"@id\":\"https:\\\/\\\/www.eldiario.net\\\/portal\\\/2023\\\/11\\\/18\\\/preocupa-a-onu-suspension-de-elecciones-judiciales-en-bolivia\\\/#primaryimage\"},\"image\":{\"@id\":\"https:\\\/\\\/www.eldiario.net\\\/portal\\\/2023\\\/11\\\/18\\\/preocupa-a-onu-suspension-de-elecciones-judiciales-en-bolivia\\\/#primaryimage\"},\"thumbnailUrl\":\"https:\\\/\\\/www.eldiario.net\\\/portal\\\/wp-content\\\/uploads\\\/2023\\\/11\\\/P-1-15-cm-x-10.jpeg\",\"datePublished\":\"2023-11-18T10:29:45+00:00\",\"breadcrumb\":{\"@id\":\"https:\\\/\\\/www.eldiario.net\\\/portal\\\/2023\\\/11\\\/18\\\/preocupa-a-onu-suspension-de-elecciones-judiciales-en-bolivia\\\/#breadcrumb\"},\"inLanguage\":\"es\",\"potentialAction\":[{\"@type\":\"ReadAction\",\"target\":[\"https:\\\/\\\/www.eldiario.net\\\/portal\\\/2023\\\/11\\\/18\\\/preocupa-a-onu-suspension-de-elecciones-judiciales-en-bolivia\\\/\"]}]},{\"@type\":\"ImageObject\",\"inLanguage\":\"es\",\"@id\":\"https:\\\/\\\/www.eldiario.net\\\/portal\\\/2023\\\/11\\\/18\\\/preocupa-a-onu-suspension-de-elecciones-judiciales-en-bolivia\\\/#primaryimage\",\"url\":\"https:\\\/\\\/www.eldiario.net\\\/portal\\\/wp-content\\\/uploads\\\/2023\\\/11\\\/P-1-15-cm-x-10.jpeg\",\"contentUrl\":\"https:\\\/\\\/www.eldiario.net\\\/portal\\\/wp-content\\\/uploads\\\/2023\\\/11\\\/P-1-15-cm-x-10.jpeg\",\"width\":1536,\"height\":864,\"caption\":\"La ONU est\u00e1 preocupada ante la posible vacancia en altos cargos judiciales del pa\u00eds.\"},{\"@type\":\"BreadcrumbList\",\"@id\":\"https:\\\/\\\/www.eldiario.net\\\/portal\\\/2023\\\/11\\\/18\\\/preocupa-a-onu-suspension-de-elecciones-judiciales-en-bolivia\\\/#breadcrumb\",\"itemListElement\":[{\"@type\":\"ListItem\",\"position\":1,\"name\":\"Portada\",\"item\":\"https:\\\/\\\/www.eldiario.net\\\/portal\\\/\"},{\"@type\":\"ListItem\",\"position\":2,\"name\":\"Preocupa a ONU suspensi\u00f3n de elecciones judiciales en Bolivia\"}]},{\"@type\":\"WebSite\",\"@id\":\"https:\\\/\\\/www.eldiario.net\\\/portal\\\/#website\",\"url\":\"https:\\\/\\\/www.eldiario.net\\\/portal\\\/\",\"name\":\"El Diario - Decano de la prensa nacional\",\"description\":\"El Diario - Decano de la prensa nacional\",\"publisher\":{\"@id\":\"https:\\\/\\\/www.eldiario.net\\\/portal\\\/#organization\"},\"potentialAction\":[{\"@type\":\"SearchAction\",\"target\":{\"@type\":\"EntryPoint\",\"urlTemplate\":\"https:\\\/\\\/www.eldiario.net\\\/portal\\\/?s={search_term_string}\"},\"query-input\":{\"@type\":\"PropertyValueSpecification\",\"valueRequired\":true,\"valueName\":\"search_term_string\"}}],\"inLanguage\":\"es\"},{\"@type\":\"Organization\",\"@id\":\"https:\\\/\\\/www.eldiario.net\\\/portal\\\/#organization\",\"name\":\"El Diario - Decano de la prensa nacional\",\"url\":\"https:\\\/\\\/www.eldiario.net\\\/portal\\\/\",\"logo\":{\"@type\":\"ImageObject\",\"inLanguage\":\"es\",\"@id\":\"https:\\\/\\\/www.eldiario.net\\\/portal\\\/#\\\/schema\\\/logo\\\/image\\\/\",\"url\":\"https:\\\/\\\/www.eldiario.net\\\/portal\\\/wp-content\\\/uploads\\\/2023\\\/07\\\/logo_ED.jpg\",\"contentUrl\":\"https:\\\/\\\/www.eldiario.net\\\/portal\\\/wp-content\\\/uploads\\\/2023\\\/07\\\/logo_ED.jpg\",\"width\":272,\"height\":52,\"caption\":\"El Diario - Decano de la prensa nacional\"},\"image\":{\"@id\":\"https:\\\/\\\/www.eldiario.net\\\/portal\\\/#\\\/schema\\\/logo\\\/image\\\/\"},\"sameAs\":[\"https:\\\/\\\/www.facebook.com\\\/eldiario.bolivia\\\/\",\"https:\\\/\\\/x.com\\\/eldiario_net\"]},{\"@type\":\"Person\",\"@id\":\"https:\\\/\\\/www.eldiario.net\\\/portal\\\/#\\\/schema\\\/person\\\/2c57cf2b7a7ae032e449e4c9b1019eac\",\"name\":\"Jeanette\",\"image\":{\"@type\":\"ImageObject\",\"inLanguage\":\"es\",\"@id\":\"https:\\\/\\\/secure.gravatar.com\\\/avatar\\\/3ea2118a5f7dad2b7138b1187a6b7ee55f160b9968b66013c3a3ef39dd7e5798?s=96&d=mm&r=g\",\"url\":\"https:\\\/\\\/secure.gravatar.com\\\/avatar\\\/3ea2118a5f7dad2b7138b1187a6b7ee55f160b9968b66013c3a3ef39dd7e5798?s=96&d=mm&r=g\",\"contentUrl\":\"https:\\\/\\\/secure.gravatar.com\\\/avatar\\\/3ea2118a5f7dad2b7138b1187a6b7ee55f160b9968b66013c3a3ef39dd7e5798?s=96&d=mm&r=g\",\"caption\":\"Jeanette\"},\"sameAs\":[\"https:\\\/\\\/www.eldiario.net\\\/portal\"],\"url\":\"https:\\\/\\\/www.eldiario.net\\\/portal\\\/author\\\/jeanette\\\/\"}]}<\/script>\n<!-- \/ Yoast SEO plugin. -->","yoast_head_json":{"title":"Preocupa a ONU suspensi\u00f3n de elecciones judiciales en Bolivia - El Diario - Bolivia","robots":{"index":"index","follow":"follow","max-snippet":"max-snippet:-1","max-image-preview":"max-image-preview:large","max-video-preview":"max-video-preview:-1"},"canonical":"https:\/\/www.eldiario.net\/portal\/2023\/11\/18\/preocupa-a-onu-suspension-de-elecciones-judiciales-en-bolivia\/","og_locale":"es_ES","og_type":"article","og_title":"Preocupa a ONU suspensi\u00f3n de elecciones judiciales en Bolivia - El Diario - Bolivia","og_description":"La Relatora Especial de la Organizaci\u00f3n de Naciones Unidas (ONU) sobre la independencia de los magistrados y abogados, Margaret Satterthwaite, public\u00f3 una nota no respondida por el Gobierno boliviano, en la que expresa su preocupaci\u00f3n por la suspensi\u00f3n de las elecciones judiciales en Bolivia. Asimismo, destaca la importancia que tiene la elecci\u00f3n para asegurar la [&hellip;]","og_url":"https:\/\/www.eldiario.net\/portal\/2023\/11\/18\/preocupa-a-onu-suspension-de-elecciones-judiciales-en-bolivia\/","og_site_name":"El Diario - Bolivia","article_publisher":"https:\/\/www.facebook.com\/eldiario.bolivia\/","article_published_time":"2023-11-18T10:29:45+00:00","og_image":[{"width":1536,"height":864,"url":"https:\/\/www.eldiario.net\/portal\/wp-content\/uploads\/2023\/11\/P-1-15-cm-x-10.jpeg","type":"image\/jpeg"}],"author":"Jeanette","twitter_card":"summary_large_image","twitter_creator":"@eldiario_net","twitter_site":"@eldiario_net","twitter_misc":{"Escrito por":"Jeanette","Tiempo de lectura":"1 minuto"},"schema":{"@context":"https:\/\/schema.org","@graph":[{"@type":"Article","@id":"https:\/\/www.eldiario.net\/portal\/2023\/11\/18\/preocupa-a-onu-suspension-de-elecciones-judiciales-en-bolivia\/#article","isPartOf":{"@id":"https:\/\/www.eldiario.net\/portal\/2023\/11\/18\/preocupa-a-onu-suspension-de-elecciones-judiciales-en-bolivia\/"},"author":{"name":"Jeanette","@id":"https:\/\/www.eldiario.net\/portal\/#\/schema\/person\/2c57cf2b7a7ae032e449e4c9b1019eac"},"headline":"Preocupa a ONU suspensi\u00f3n de elecciones judiciales en Bolivia","datePublished":"2023-11-18T10:29:45+00:00","mainEntityOfPage":{"@id":"https:\/\/www.eldiario.net\/portal\/2023\/11\/18\/preocupa-a-onu-suspension-de-elecciones-judiciales-en-bolivia\/"},"wordCount":173,"publisher":{"@id":"https:\/\/www.eldiario.net\/portal\/#organization"},"image":{"@id":"https:\/\/www.eldiario.net\/portal\/2023\/11\/18\/preocupa-a-onu-suspension-de-elecciones-judiciales-en-bolivia\/#primaryimage"},"thumbnailUrl":"https:\/\/www.eldiario.net\/portal\/wp-content\/uploads\/2023\/11\/P-1-15-cm-x-10.jpeg","articleSection":["Principal"],"inLanguage":"es"},{"@type":"WebPage","@id":"https:\/\/www.eldiario.net\/portal\/2023\/11\/18\/preocupa-a-onu-suspension-de-elecciones-judiciales-en-bolivia\/","url":"https:\/\/www.eldiario.net\/portal\/2023\/11\/18\/preocupa-a-onu-suspension-de-elecciones-judiciales-en-bolivia\/","name":"Preocupa a ONU suspensi\u00f3n de elecciones judiciales en Bolivia - El Diario - Bolivia","isPartOf":{"@id":"https:\/\/www.eldiario.net\/portal\/#website"},"primaryImageOfPage":{"@id":"https:\/\/www.eldiario.net\/portal\/2023\/11\/18\/preocupa-a-onu-suspension-de-elecciones-judiciales-en-bolivia\/#primaryimage"},"image":{"@id":"https:\/\/www.eldiario.net\/portal\/2023\/11\/18\/preocupa-a-onu-suspension-de-elecciones-judiciales-en-bolivia\/#primaryimage"},"thumbnailUrl":"https:\/\/www.eldiario.net\/portal\/wp-content\/uploads\/2023\/11\/P-1-15-cm-x-10.jpeg","datePublished":"2023-11-18T10:29:45+00:00","breadcrumb":{"@id":"https:\/\/www.eldiario.net\/portal\/2023\/11\/18\/preocupa-a-onu-suspension-de-elecciones-judiciales-en-bolivia\/#breadcrumb"},"inLanguage":"es","potentialAction":[{"@type":"ReadAction","target":["https:\/\/www.eldiario.net\/portal\/2023\/11\/18\/preocupa-a-onu-suspension-de-elecciones-judiciales-en-bolivia\/"]}]},{"@type":"ImageObject","inLanguage":"es","@id":"https:\/\/www.eldiario.net\/portal\/2023\/11\/18\/preocupa-a-onu-suspension-de-elecciones-judiciales-en-bolivia\/#primaryimage","url":"https:\/\/www.eldiario.net\/portal\/wp-content\/uploads\/2023\/11\/P-1-15-cm-x-10.jpeg","contentUrl":"https:\/\/www.eldiario.net\/portal\/wp-content\/uploads\/2023\/11\/P-1-15-cm-x-10.jpeg","width":1536,"height":864,"caption":"La ONU est\u00e1 preocupada ante la posible vacancia en altos cargos judiciales del pa\u00eds."},{"@type":"BreadcrumbList","@id":"https:\/\/www.eldiario.net\/portal\/2023\/11\/18\/preocupa-a-onu-suspension-de-elecciones-judiciales-en-bolivia\/#breadcrumb","itemListElement":[{"@type":"ListItem","position":1,"name":"Portada","item":"https:\/\/www.eldiario.net\/portal\/"},{"@type":"ListItem","position":2,"name":"Preocupa a ONU suspensi\u00f3n de elecciones judiciales en Bolivia"}]},{"@type":"WebSite","@id":"https:\/\/www.eldiario.net\/portal\/#website","url":"https:\/\/www.eldiario.net\/portal\/","name":"El Diario - Decano de la prensa nacional","description":"El Diario - Decano de la prensa nacional","publisher":{"@id":"https:\/\/www.eldiario.net\/portal\/#organization"},"potentialAction":[{"@type":"SearchAction","target":{"@type":"EntryPoint","urlTemplate":"https:\/\/www.eldiario.net\/portal\/?s={search_term_string}"},"query-input":{"@type":"PropertyValueSpecification","valueRequired":true,"valueName":"search_term_string"}}],"inLanguage":"es"},{"@type":"Organization","@id":"https:\/\/www.eldiario.net\/portal\/#organization","name":"El Diario - Decano de la prensa nacional","url":"https:\/\/www.eldiario.net\/portal\/","logo":{"@type":"ImageObject","inLanguage":"es","@id":"https:\/\/www.eldiario.net\/portal\/#\/schema\/logo\/image\/","url":"https:\/\/www.eldiario.net\/portal\/wp-content\/uploads\/2023\/07\/logo_ED.jpg","contentUrl":"https:\/\/www.eldiario.net\/portal\/wp-content\/uploads\/2023\/07\/logo_ED.jpg","width":272,"height":52,"caption":"El Diario - Decano de la prensa nacional"},"image":{"@id":"https:\/\/www.eldiario.net\/portal\/#\/schema\/logo\/image\/"},"sameAs":["https:\/\/www.facebook.com\/eldiario.bolivia\/","https:\/\/x.com\/eldiario_net"]},{"@type":"Person","@id":"https:\/\/www.eldiario.net\/portal\/#\/schema\/person\/2c57cf2b7a7ae032e449e4c9b1019eac","name":"Jeanette","image":{"@type":"ImageObject","inLanguage":"es","@id":"https:\/\/secure.gravatar.com\/avatar\/3ea2118a5f7dad2b7138b1187a6b7ee55f160b9968b66013c3a3ef39dd7e5798?s=96&d=mm&r=g","url":"https:\/\/secure.gravatar.com\/avatar\/3ea2118a5f7dad2b7138b1187a6b7ee55f160b9968b66013c3a3ef39dd7e5798?s=96&d=mm&r=g","contentUrl":"https:\/\/secure.gravatar.com\/avatar\/3ea2118a5f7dad2b7138b1187a6b7ee55f160b9968b66013c3a3ef39dd7e5798?s=96&d=mm&r=g","caption":"Jeanette"},"sameAs":["https:\/\/www.eldiario.net\/portal"],"url":"https:\/\/www.eldiario.net\/portal\/author\/jeanette\/"}]}},"_links":{"self":[{"href":"https:\/\/www.eldiario.net\/portal\/wp-json\/wp\/v2\/posts\/188082","targetHints":{"allow":["GET"]}}],"collection":[{"href":"https:\/\/www.eldiario.net\/portal\/wp-json\/wp\/v2\/posts"}],"about":[{"href":"https:\/\/www.eldiario.net\/portal\/wp-json\/wp\/v2\/types\/post"}],"author":[{"embeddable":true,"href":"https:\/\/www.eldiario.net\/portal\/wp-json\/wp\/v2\/users\/1"}],"replies":[{"embeddable":true,"href":"https:\/\/www.eldiario.net\/portal\/wp-json\/wp\/v2\/comments?post=188082"}],"version-history":[{"count":0,"href":"https:\/\/www.eldiario.net\/portal\/wp-json\/wp\/v2\/posts\/188082\/revisions"}],"wp:featuredmedia":[{"embeddable":true,"href":"https:\/\/www.eldiario.net\/portal\/wp-json\/wp\/v2\/media\/188083"}],"wp:attachment":[{"href":"https:\/\/www.eldiario.net\/portal\/wp-json\/wp\/v2\/media?parent=188082"}],"wp:term":[{"taxonomy":"category","embeddable":true,"href":"https:\/\/www.eldiario.net\/portal\/wp-json\/wp\/v2\/categories?post=188082"},{"taxonomy":"post_tag","embeddable":true,"href":"https:\/\/www.eldiario.net\/portal\/wp-json\/wp\/v2\/tags?post=188082"}],"curies":[{"name":"wp","href":"https:\/\/api.w.org\/{rel}","templated":true}]}}