{"id":188079,"date":"2023-11-18T06:28:31","date_gmt":"2023-11-18T10:28:31","guid":{"rendered":"https:\/\/www.eldiario.net\/portal\/?p=188079"},"modified":"2023-11-18T06:28:31","modified_gmt":"2023-11-18T10:28:31","slug":"calidad-del-aire-es-muy-mala-en-capital-crucena","status":"publish","type":"post","link":"https:\/\/www.eldiario.net\/portal\/2023\/11\/18\/calidad-del-aire-es-muy-mala-en-capital-crucena\/","title":{"rendered":"Calidad del aire es muy mala en capital cruce\u00f1a"},"content":{"rendered":"<p class=\"v1MsoNormal\">La ciudad de Santa Cruz de la Sierra, por segundo d\u00eda consecutivo, registr\u00f3 una calidad del aire muy mala. El humo se sinti\u00f3 en el ambiente en estos d\u00edas. La capital cruce\u00f1a y el resto de departamentos est\u00e1n en alerta roja por el riesgo de temperaturas extremas.<\/p>\n<p class=\"v1MsoNormal\">El \u00cdndice de la Calidad del Aire (ICA) ayer fue de 163, seg\u00fan distintos par\u00e1metros, por lo que desde la Secretar\u00eda Municipal de Medio Ambiente aconsejan a la poblaci\u00f3n evitar las actividades al aire libre. Un d\u00eda antes (jueves) el ICA era de 169.<\/p>\n<p class=\"v1MsoNormal\">Este es el segundo per\u00edodo del a\u00f1o en el que la capital cruce\u00f1a registra humo en el ambiente. El primero fue la pen\u00faltima semana de octubre, en este per\u00edodo incluso se registr\u00f3 una calidad del aire extremadamente mala.<\/p>\n<p class=\"v1MsoNormal\">\n<p class=\"v1MsoNormal\">CALOR Y VIENTO<\/p>\n<p class=\"v1MsoNormal\">En Santa Cruz sigue vigente la alerta roja por el riesgo de las temperaturas extremas. Al respecto, Carlos G\u00f3ngora, hidr\u00f3logo y climat\u00f3logo, indic\u00f3 que se est\u00e1n registrando temperaturas tan intensas como las reportadas en la \u00e9poca de los a\u00f1os 50.<\/p>\n<p class=\"v1MsoNormal\">El lunes el Servicio Nacional de Meteorolog\u00eda e Hidrolog\u00eda (Senamhi) emiti\u00f3 una alerta roja por riesgo de temperaturas extremas en siete de los nueve departamentos. Esta rige, adem\u00e1s de Santa Cruz, en La Paz, Beni, Pando, Chuquisaca, Cochabamba y Tarija, donde las temperaturas m\u00e1ximas ser\u00e1n entre 38 y 44 grados, seg\u00fan la zona.<\/p>\n<p class=\"v1MsoNormal\">G\u00f3ngora detall\u00f3 que a estas altas temperaturas se suma una alerta por fuertes vientos, pues hasta el domingo las r\u00e1fagas podr\u00edan alcanzar los 90 kil\u00f3metros por hora.<\/p>\n<p class=\"v1MsoNormal\">Enfatiz\u00f3 que las zonas afectadas ser\u00e1n la provincia Andr\u00e9s Ib\u00e1\u00f1ez y oeste de Cordillera, Chiquitos, sur de Guarayos, Warnes, Ichilo y Sara.Similar alerta rige tambi\u00e9n en los departamentos de Cochabamba y Beni.<\/p>\n<p class=\"v1MsoNormal\">\n<p class=\"v1MsoNormal\">PRON\u00d3STICO DE LLUVIAS<\/p>\n<p class=\"v1MsoNormal\">Confirm\u00f3 que este domingo en la noche se registrar\u00e1n lluvias en Santa Cruz, inicialmente se pensaba que estas ser\u00edan intensas; sin embargo, lament\u00f3 que en la actualizaci\u00f3n del pron\u00f3stico disminuy\u00f3 la intensidad. Agreg\u00f3 que el lunes tambi\u00e9n llover\u00e1 en Beni.<\/p>\n<p class=\"v1MsoNormal\">El experto adelant\u00f3 que entre enero y febrero se prev\u00e9 que se registren al menos cuatro eventos lluviosos en cada mes. \u00abEsto ser\u00e1 algo bueno para el sector productivo y para la poblaci\u00f3n en general\u00bb, destac\u00f3. (Santa Cruz, agencias)<\/p>\n","protected":false},"excerpt":{"rendered":"<p>La ciudad de Santa Cruz de la Sierra, por segundo d\u00eda consecutivo, registr\u00f3 una calidad del aire muy mala. El humo se sinti\u00f3 en el ambiente en estos d\u00edas. La capital cruce\u00f1a y el resto de departamentos est\u00e1n en alerta roja por el riesgo de temperaturas extremas. El \u00cdndice de la Calidad del Aire (ICA) [&hellip;]<\/p>\n","protected":false},"author":1,"featured_media":188080,"comment_status":"closed","ping_status":"open","sticky":false,"template":"","format":"standard","meta":{"_acf_changed":false,"footnotes":""},"categories":[15],"tags":[],"class_list":["post-188079","post","type-post","status-publish","format-standard","has-post-thumbnail","category-portada"],"acf":{"antetitulo":""},"yoast_head":"<!-- This site is optimized with the Yoast SEO plugin v28.4 - https:\/\/yoast.com\/product\/yoast-seo-wordpress\/ -->\n<title>Calidad del aire es muy mala en capital cruce\u00f1a - El Diario - Bolivia<\/title>\n<meta name=\"robots\" content=\"index, follow, max-snippet:-1, max-image-preview:large, max-video-preview:-1\" \/>\n<link rel=\"canonical\" href=\"https:\/\/www.eldiario.net\/portal\/2023\/11\/18\/calidad-del-aire-es-muy-mala-en-capital-crucena\/\" \/>\n<meta property=\"og:locale\" content=\"es_ES\" \/>\n<meta property=\"og:type\" content=\"article\" \/>\n<meta property=\"og:title\" content=\"Calidad del aire es muy mala en capital cruce\u00f1a - El Diario - Bolivia\" \/>\n<meta property=\"og:description\" content=\"La ciudad de Santa Cruz de la Sierra, por segundo d\u00eda consecutivo, registr\u00f3 una calidad del aire muy mala. El humo se sinti\u00f3 en el ambiente en estos d\u00edas. La capital cruce\u00f1a y el resto de departamentos est\u00e1n en alerta roja por el riesgo de temperaturas extremas. El \u00cdndice de la Calidad del Aire (ICA) [&hellip;]\" \/>\n<meta property=\"og:url\" content=\"https:\/\/www.eldiario.net\/portal\/2023\/11\/18\/calidad-del-aire-es-muy-mala-en-capital-crucena\/\" \/>\n<meta property=\"og:site_name\" content=\"El Diario - Bolivia\" \/>\n<meta property=\"article:publisher\" content=\"https:\/\/www.facebook.com\/eldiario.bolivia\/\" \/>\n<meta property=\"article:published_time\" content=\"2023-11-18T10:28:31+00:00\" \/>\n<meta property=\"og:image\" content=\"https:\/\/www.eldiario.net\/portal\/wp-content\/uploads\/2023\/11\/P-2-10-cm-x-7-5.jpg\" \/>\n\t<meta property=\"og:image:width\" content=\"1024\" \/>\n\t<meta property=\"og:image:height\" content=\"512\" \/>\n\t<meta property=\"og:image:type\" content=\"image\/jpeg\" \/>\n<meta name=\"author\" content=\"Jeanette\" \/>\n<meta name=\"twitter:card\" content=\"summary_large_image\" \/>\n<meta name=\"twitter:creator\" content=\"@eldiario_net\" \/>\n<meta name=\"twitter:site\" content=\"@eldiario_net\" \/>\n<meta name=\"twitter:label1\" content=\"Escrito por\" \/>\n\t<meta name=\"twitter:data1\" content=\"Jeanette\" \/>\n\t<meta name=\"twitter:label2\" content=\"Tiempo de lectura\" \/>\n\t<meta name=\"twitter:data2\" content=\"2 minutos\" \/>\n<script type=\"application\/ld+json\" class=\"yoast-schema-graph\">{\"@context\":\"https:\\\/\\\/schema.org\",\"@graph\":[{\"@type\":\"Article\",\"@id\":\"https:\\\/\\\/www.eldiario.net\\\/portal\\\/2023\\\/11\\\/18\\\/calidad-del-aire-es-muy-mala-en-capital-crucena\\\/#article\",\"isPartOf\":{\"@id\":\"https:\\\/\\\/www.eldiario.net\\\/portal\\\/2023\\\/11\\\/18\\\/calidad-del-aire-es-muy-mala-en-capital-crucena\\\/\"},\"author\":{\"name\":\"Jeanette\",\"@id\":\"https:\\\/\\\/www.eldiario.net\\\/portal\\\/#\\\/schema\\\/person\\\/2c57cf2b7a7ae032e449e4c9b1019eac\"},\"headline\":\"Calidad del aire es muy mala en capital cruce\u00f1a\",\"datePublished\":\"2023-11-18T10:28:31+00:00\",\"mainEntityOfPage\":{\"@id\":\"https:\\\/\\\/www.eldiario.net\\\/portal\\\/2023\\\/11\\\/18\\\/calidad-del-aire-es-muy-mala-en-capital-crucena\\\/\"},\"wordCount\":411,\"publisher\":{\"@id\":\"https:\\\/\\\/www.eldiario.net\\\/portal\\\/#organization\"},\"image\":{\"@id\":\"https:\\\/\\\/www.eldiario.net\\\/portal\\\/2023\\\/11\\\/18\\\/calidad-del-aire-es-muy-mala-en-capital-crucena\\\/#primaryimage\"},\"thumbnailUrl\":\"https:\\\/\\\/www.eldiario.net\\\/portal\\\/wp-content\\\/uploads\\\/2023\\\/11\\\/P-2-10-cm-x-7-5.jpg\",\"articleSection\":[\"Portada\"],\"inLanguage\":\"es\"},{\"@type\":\"WebPage\",\"@id\":\"https:\\\/\\\/www.eldiario.net\\\/portal\\\/2023\\\/11\\\/18\\\/calidad-del-aire-es-muy-mala-en-capital-crucena\\\/\",\"url\":\"https:\\\/\\\/www.eldiario.net\\\/portal\\\/2023\\\/11\\\/18\\\/calidad-del-aire-es-muy-mala-en-capital-crucena\\\/\",\"name\":\"Calidad del aire es muy mala en capital cruce\u00f1a - El Diario - Bolivia\",\"isPartOf\":{\"@id\":\"https:\\\/\\\/www.eldiario.net\\\/portal\\\/#website\"},\"primaryImageOfPage\":{\"@id\":\"https:\\\/\\\/www.eldiario.net\\\/portal\\\/2023\\\/11\\\/18\\\/calidad-del-aire-es-muy-mala-en-capital-crucena\\\/#primaryimage\"},\"image\":{\"@id\":\"https:\\\/\\\/www.eldiario.net\\\/portal\\\/2023\\\/11\\\/18\\\/calidad-del-aire-es-muy-mala-en-capital-crucena\\\/#primaryimage\"},\"thumbnailUrl\":\"https:\\\/\\\/www.eldiario.net\\\/portal\\\/wp-content\\\/uploads\\\/2023\\\/11\\\/P-2-10-cm-x-7-5.jpg\",\"datePublished\":\"2023-11-18T10:28:31+00:00\",\"breadcrumb\":{\"@id\":\"https:\\\/\\\/www.eldiario.net\\\/portal\\\/2023\\\/11\\\/18\\\/calidad-del-aire-es-muy-mala-en-capital-crucena\\\/#breadcrumb\"},\"inLanguage\":\"es\",\"potentialAction\":[{\"@type\":\"ReadAction\",\"target\":[\"https:\\\/\\\/www.eldiario.net\\\/portal\\\/2023\\\/11\\\/18\\\/calidad-del-aire-es-muy-mala-en-capital-crucena\\\/\"]}]},{\"@type\":\"ImageObject\",\"inLanguage\":\"es\",\"@id\":\"https:\\\/\\\/www.eldiario.net\\\/portal\\\/2023\\\/11\\\/18\\\/calidad-del-aire-es-muy-mala-en-capital-crucena\\\/#primaryimage\",\"url\":\"https:\\\/\\\/www.eldiario.net\\\/portal\\\/wp-content\\\/uploads\\\/2023\\\/11\\\/P-2-10-cm-x-7-5.jpg\",\"contentUrl\":\"https:\\\/\\\/www.eldiario.net\\\/portal\\\/wp-content\\\/uploads\\\/2023\\\/11\\\/P-2-10-cm-x-7-5.jpg\",\"width\":1024,\"height\":512,\"caption\":\"Ante la densa humareda, las autoridades piden a la poblaci\u00f3n evitar actividades al aire libre.\"},{\"@type\":\"BreadcrumbList\",\"@id\":\"https:\\\/\\\/www.eldiario.net\\\/portal\\\/2023\\\/11\\\/18\\\/calidad-del-aire-es-muy-mala-en-capital-crucena\\\/#breadcrumb\",\"itemListElement\":[{\"@type\":\"ListItem\",\"position\":1,\"name\":\"Portada\",\"item\":\"https:\\\/\\\/www.eldiario.net\\\/portal\\\/\"},{\"@type\":\"ListItem\",\"position\":2,\"name\":\"Calidad del aire es muy mala en capital cruce\u00f1a\"}]},{\"@type\":\"WebSite\",\"@id\":\"https:\\\/\\\/www.eldiario.net\\\/portal\\\/#website\",\"url\":\"https:\\\/\\\/www.eldiario.net\\\/portal\\\/\",\"name\":\"El Diario - Decano de la prensa nacional\",\"description\":\"El Diario - Decano de la prensa nacional\",\"publisher\":{\"@id\":\"https:\\\/\\\/www.eldiario.net\\\/portal\\\/#organization\"},\"potentialAction\":[{\"@type\":\"SearchAction\",\"target\":{\"@type\":\"EntryPoint\",\"urlTemplate\":\"https:\\\/\\\/www.eldiario.net\\\/portal\\\/?s={search_term_string}\"},\"query-input\":{\"@type\":\"PropertyValueSpecification\",\"valueRequired\":true,\"valueName\":\"search_term_string\"}}],\"inLanguage\":\"es\"},{\"@type\":\"Organization\",\"@id\":\"https:\\\/\\\/www.eldiario.net\\\/portal\\\/#organization\",\"name\":\"El Diario - Decano de la prensa nacional\",\"url\":\"https:\\\/\\\/www.eldiario.net\\\/portal\\\/\",\"logo\":{\"@type\":\"ImageObject\",\"inLanguage\":\"es\",\"@id\":\"https:\\\/\\\/www.eldiario.net\\\/portal\\\/#\\\/schema\\\/logo\\\/image\\\/\",\"url\":\"https:\\\/\\\/www.eldiario.net\\\/portal\\\/wp-content\\\/uploads\\\/2023\\\/07\\\/logo_ED.jpg\",\"contentUrl\":\"https:\\\/\\\/www.eldiario.net\\\/portal\\\/wp-content\\\/uploads\\\/2023\\\/07\\\/logo_ED.jpg\",\"width\":272,\"height\":52,\"caption\":\"El Diario - Decano de la prensa nacional\"},\"image\":{\"@id\":\"https:\\\/\\\/www.eldiario.net\\\/portal\\\/#\\\/schema\\\/logo\\\/image\\\/\"},\"sameAs\":[\"https:\\\/\\\/www.facebook.com\\\/eldiario.bolivia\\\/\",\"https:\\\/\\\/x.com\\\/eldiario_net\"]},{\"@type\":\"Person\",\"@id\":\"https:\\\/\\\/www.eldiario.net\\\/portal\\\/#\\\/schema\\\/person\\\/2c57cf2b7a7ae032e449e4c9b1019eac\",\"name\":\"Jeanette\",\"image\":{\"@type\":\"ImageObject\",\"inLanguage\":\"es\",\"@id\":\"https:\\\/\\\/secure.gravatar.com\\\/avatar\\\/3ea2118a5f7dad2b7138b1187a6b7ee55f160b9968b66013c3a3ef39dd7e5798?s=96&d=mm&r=g\",\"url\":\"https:\\\/\\\/secure.gravatar.com\\\/avatar\\\/3ea2118a5f7dad2b7138b1187a6b7ee55f160b9968b66013c3a3ef39dd7e5798?s=96&d=mm&r=g\",\"contentUrl\":\"https:\\\/\\\/secure.gravatar.com\\\/avatar\\\/3ea2118a5f7dad2b7138b1187a6b7ee55f160b9968b66013c3a3ef39dd7e5798?s=96&d=mm&r=g\",\"caption\":\"Jeanette\"},\"sameAs\":[\"https:\\\/\\\/www.eldiario.net\\\/portal\"],\"url\":\"https:\\\/\\\/www.eldiario.net\\\/portal\\\/author\\\/jeanette\\\/\"}]}<\/script>\n<!-- \/ Yoast SEO plugin. -->","yoast_head_json":{"title":"Calidad del aire es muy mala en capital cruce\u00f1a - El Diario - Bolivia","robots":{"index":"index","follow":"follow","max-snippet":"max-snippet:-1","max-image-preview":"max-image-preview:large","max-video-preview":"max-video-preview:-1"},"canonical":"https:\/\/www.eldiario.net\/portal\/2023\/11\/18\/calidad-del-aire-es-muy-mala-en-capital-crucena\/","og_locale":"es_ES","og_type":"article","og_title":"Calidad del aire es muy mala en capital cruce\u00f1a - El Diario - Bolivia","og_description":"La ciudad de Santa Cruz de la Sierra, por segundo d\u00eda consecutivo, registr\u00f3 una calidad del aire muy mala. El humo se sinti\u00f3 en el ambiente en estos d\u00edas. La capital cruce\u00f1a y el resto de departamentos est\u00e1n en alerta roja por el riesgo de temperaturas extremas. El \u00cdndice de la Calidad del Aire (ICA) [&hellip;]","og_url":"https:\/\/www.eldiario.net\/portal\/2023\/11\/18\/calidad-del-aire-es-muy-mala-en-capital-crucena\/","og_site_name":"El Diario - Bolivia","article_publisher":"https:\/\/www.facebook.com\/eldiario.bolivia\/","article_published_time":"2023-11-18T10:28:31+00:00","og_image":[{"width":1024,"height":512,"url":"https:\/\/www.eldiario.net\/portal\/wp-content\/uploads\/2023\/11\/P-2-10-cm-x-7-5.jpg","type":"image\/jpeg"}],"author":"Jeanette","twitter_card":"summary_large_image","twitter_creator":"@eldiario_net","twitter_site":"@eldiario_net","twitter_misc":{"Escrito por":"Jeanette","Tiempo de lectura":"2 minutos"},"schema":{"@context":"https:\/\/schema.org","@graph":[{"@type":"Article","@id":"https:\/\/www.eldiario.net\/portal\/2023\/11\/18\/calidad-del-aire-es-muy-mala-en-capital-crucena\/#article","isPartOf":{"@id":"https:\/\/www.eldiario.net\/portal\/2023\/11\/18\/calidad-del-aire-es-muy-mala-en-capital-crucena\/"},"author":{"name":"Jeanette","@id":"https:\/\/www.eldiario.net\/portal\/#\/schema\/person\/2c57cf2b7a7ae032e449e4c9b1019eac"},"headline":"Calidad del aire es muy mala en capital cruce\u00f1a","datePublished":"2023-11-18T10:28:31+00:00","mainEntityOfPage":{"@id":"https:\/\/www.eldiario.net\/portal\/2023\/11\/18\/calidad-del-aire-es-muy-mala-en-capital-crucena\/"},"wordCount":411,"publisher":{"@id":"https:\/\/www.eldiario.net\/portal\/#organization"},"image":{"@id":"https:\/\/www.eldiario.net\/portal\/2023\/11\/18\/calidad-del-aire-es-muy-mala-en-capital-crucena\/#primaryimage"},"thumbnailUrl":"https:\/\/www.eldiario.net\/portal\/wp-content\/uploads\/2023\/11\/P-2-10-cm-x-7-5.jpg","articleSection":["Portada"],"inLanguage":"es"},{"@type":"WebPage","@id":"https:\/\/www.eldiario.net\/portal\/2023\/11\/18\/calidad-del-aire-es-muy-mala-en-capital-crucena\/","url":"https:\/\/www.eldiario.net\/portal\/2023\/11\/18\/calidad-del-aire-es-muy-mala-en-capital-crucena\/","name":"Calidad del aire es muy mala en capital cruce\u00f1a - El Diario - Bolivia","isPartOf":{"@id":"https:\/\/www.eldiario.net\/portal\/#website"},"primaryImageOfPage":{"@id":"https:\/\/www.eldiario.net\/portal\/2023\/11\/18\/calidad-del-aire-es-muy-mala-en-capital-crucena\/#primaryimage"},"image":{"@id":"https:\/\/www.eldiario.net\/portal\/2023\/11\/18\/calidad-del-aire-es-muy-mala-en-capital-crucena\/#primaryimage"},"thumbnailUrl":"https:\/\/www.eldiario.net\/portal\/wp-content\/uploads\/2023\/11\/P-2-10-cm-x-7-5.jpg","datePublished":"2023-11-18T10:28:31+00:00","breadcrumb":{"@id":"https:\/\/www.eldiario.net\/portal\/2023\/11\/18\/calidad-del-aire-es-muy-mala-en-capital-crucena\/#breadcrumb"},"inLanguage":"es","potentialAction":[{"@type":"ReadAction","target":["https:\/\/www.eldiario.net\/portal\/2023\/11\/18\/calidad-del-aire-es-muy-mala-en-capital-crucena\/"]}]},{"@type":"ImageObject","inLanguage":"es","@id":"https:\/\/www.eldiario.net\/portal\/2023\/11\/18\/calidad-del-aire-es-muy-mala-en-capital-crucena\/#primaryimage","url":"https:\/\/www.eldiario.net\/portal\/wp-content\/uploads\/2023\/11\/P-2-10-cm-x-7-5.jpg","contentUrl":"https:\/\/www.eldiario.net\/portal\/wp-content\/uploads\/2023\/11\/P-2-10-cm-x-7-5.jpg","width":1024,"height":512,"caption":"Ante la densa humareda, las autoridades piden a la poblaci\u00f3n evitar actividades al aire libre."},{"@type":"BreadcrumbList","@id":"https:\/\/www.eldiario.net\/portal\/2023\/11\/18\/calidad-del-aire-es-muy-mala-en-capital-crucena\/#breadcrumb","itemListElement":[{"@type":"ListItem","position":1,"name":"Portada","item":"https:\/\/www.eldiario.net\/portal\/"},{"@type":"ListItem","position":2,"name":"Calidad del aire es muy mala en capital cruce\u00f1a"}]},{"@type":"WebSite","@id":"https:\/\/www.eldiario.net\/portal\/#website","url":"https:\/\/www.eldiario.net\/portal\/","name":"El Diario - Decano de la prensa nacional","description":"El Diario - Decano de la prensa nacional","publisher":{"@id":"https:\/\/www.eldiario.net\/portal\/#organization"},"potentialAction":[{"@type":"SearchAction","target":{"@type":"EntryPoint","urlTemplate":"https:\/\/www.eldiario.net\/portal\/?s={search_term_string}"},"query-input":{"@type":"PropertyValueSpecification","valueRequired":true,"valueName":"search_term_string"}}],"inLanguage":"es"},{"@type":"Organization","@id":"https:\/\/www.eldiario.net\/portal\/#organization","name":"El Diario - Decano de la prensa nacional","url":"https:\/\/www.eldiario.net\/portal\/","logo":{"@type":"ImageObject","inLanguage":"es","@id":"https:\/\/www.eldiario.net\/portal\/#\/schema\/logo\/image\/","url":"https:\/\/www.eldiario.net\/portal\/wp-content\/uploads\/2023\/07\/logo_ED.jpg","contentUrl":"https:\/\/www.eldiario.net\/portal\/wp-content\/uploads\/2023\/07\/logo_ED.jpg","width":272,"height":52,"caption":"El Diario - Decano de la prensa nacional"},"image":{"@id":"https:\/\/www.eldiario.net\/portal\/#\/schema\/logo\/image\/"},"sameAs":["https:\/\/www.facebook.com\/eldiario.bolivia\/","https:\/\/x.com\/eldiario_net"]},{"@type":"Person","@id":"https:\/\/www.eldiario.net\/portal\/#\/schema\/person\/2c57cf2b7a7ae032e449e4c9b1019eac","name":"Jeanette","image":{"@type":"ImageObject","inLanguage":"es","@id":"https:\/\/secure.gravatar.com\/avatar\/3ea2118a5f7dad2b7138b1187a6b7ee55f160b9968b66013c3a3ef39dd7e5798?s=96&d=mm&r=g","url":"https:\/\/secure.gravatar.com\/avatar\/3ea2118a5f7dad2b7138b1187a6b7ee55f160b9968b66013c3a3ef39dd7e5798?s=96&d=mm&r=g","contentUrl":"https:\/\/secure.gravatar.com\/avatar\/3ea2118a5f7dad2b7138b1187a6b7ee55f160b9968b66013c3a3ef39dd7e5798?s=96&d=mm&r=g","caption":"Jeanette"},"sameAs":["https:\/\/www.eldiario.net\/portal"],"url":"https:\/\/www.eldiario.net\/portal\/author\/jeanette\/"}]}},"_links":{"self":[{"href":"https:\/\/www.eldiario.net\/portal\/wp-json\/wp\/v2\/posts\/188079","targetHints":{"allow":["GET"]}}],"collection":[{"href":"https:\/\/www.eldiario.net\/portal\/wp-json\/wp\/v2\/posts"}],"about":[{"href":"https:\/\/www.eldiario.net\/portal\/wp-json\/wp\/v2\/types\/post"}],"author":[{"embeddable":true,"href":"https:\/\/www.eldiario.net\/portal\/wp-json\/wp\/v2\/users\/1"}],"replies":[{"embeddable":true,"href":"https:\/\/www.eldiario.net\/portal\/wp-json\/wp\/v2\/comments?post=188079"}],"version-history":[{"count":0,"href":"https:\/\/www.eldiario.net\/portal\/wp-json\/wp\/v2\/posts\/188079\/revisions"}],"wp:featuredmedia":[{"embeddable":true,"href":"https:\/\/www.eldiario.net\/portal\/wp-json\/wp\/v2\/media\/188080"}],"wp:attachment":[{"href":"https:\/\/www.eldiario.net\/portal\/wp-json\/wp\/v2\/media?parent=188079"}],"wp:term":[{"taxonomy":"category","embeddable":true,"href":"https:\/\/www.eldiario.net\/portal\/wp-json\/wp\/v2\/categories?post=188079"},{"taxonomy":"post_tag","embeddable":true,"href":"https:\/\/www.eldiario.net\/portal\/wp-json\/wp\/v2\/tags?post=188079"}],"curies":[{"name":"wp","href":"https:\/\/api.w.org\/{rel}","templated":true}]}}