{"id":188071,"date":"2023-11-18T06:25:10","date_gmt":"2023-11-18T10:25:10","guid":{"rendered":"https:\/\/www.eldiario.net\/portal\/?p=188071"},"modified":"2023-11-18T06:25:10","modified_gmt":"2023-11-18T10:25:10","slug":"beni-celebra-hoy-181-anos-de-creacion-en-medio-de-incendios","status":"publish","type":"post","link":"https:\/\/www.eldiario.net\/portal\/2023\/11\/18\/beni-celebra-hoy-181-anos-de-creacion-en-medio-de-incendios\/","title":{"rendered":"Beni celebra hoy 181 a\u00f1os de  creaci\u00f3n en medio de incendios"},"content":{"rendered":"<p>Cientos de estudiantes se concentraron ayer en la plaza Jos\u00e9 Ballivi\u00e1n, el centro hist\u00f3rico de Trinidad, para rendir homenaje a Beni con un desfile c\u00edvico por su 181 aniversario, que se celebra cada 18 de noviembre.<br \/>\nEl departamento llega a la efem\u00e9ride en medio de una declaratoria de desastre por los incendios forestales y la sequ\u00eda que azotan a varios municipios, entre ellos Rurrenabaque, uno de los m\u00e1s afectados.<br \/>\nEl Gobierno envi\u00f3 hasta esa zona brigadas y unas siete toneladas de ayuda humanitaria. Sin embargo, la falta de lluvias complica los operativos y la amenaza persiste.<br \/>\nPor otro lado, una retreta cultural, la Gran Feria de Comidas T\u00edpicas y la elecci\u00f3n de la Reina Ganadera antecedieron a los actos protocolares que comenzaron ayer y que culminar\u00e1n esta jornada con presentaci\u00f3n de ofrendas, en el feriado departamental.<br \/>\nEn horas de la noche, tambi\u00e9n disfrutaron de la serenata por el aniversario.<\/p>\n<p>&nbsp;<\/p>\n","protected":false},"excerpt":{"rendered":"<p>Cientos de estudiantes se concentraron ayer en la plaza Jos\u00e9 Ballivi\u00e1n, el centro hist\u00f3rico de Trinidad, para rendir homenaje a Beni con un desfile c\u00edvico por su 181 aniversario, que se celebra cada 18 de noviembre. El departamento llega a la efem\u00e9ride en medio de una declaratoria de desastre por los incendios forestales y la [&hellip;]<\/p>\n","protected":false},"author":1,"featured_media":188072,"comment_status":"closed","ping_status":"open","sticky":false,"template":"","format":"standard","meta":{"_acf_changed":false,"footnotes":""},"categories":[15],"tags":[],"class_list":["post-188071","post","type-post","status-publish","format-standard","has-post-thumbnail","category-portada"],"acf":{"antetitulo":""},"yoast_head":"<!-- This site is optimized with the Yoast SEO plugin v28.4 - https:\/\/yoast.com\/product\/yoast-seo-wordpress\/ -->\n<title>Beni celebra hoy 181 a\u00f1os de creaci\u00f3n en medio de incendios - El Diario - Bolivia<\/title>\n<meta name=\"robots\" content=\"index, follow, max-snippet:-1, max-image-preview:large, max-video-preview:-1\" \/>\n<link rel=\"canonical\" href=\"https:\/\/www.eldiario.net\/portal\/2023\/11\/18\/beni-celebra-hoy-181-anos-de-creacion-en-medio-de-incendios\/\" \/>\n<meta property=\"og:locale\" content=\"es_ES\" \/>\n<meta property=\"og:type\" content=\"article\" \/>\n<meta property=\"og:title\" content=\"Beni celebra hoy 181 a\u00f1os de creaci\u00f3n en medio de incendios - El Diario - Bolivia\" \/>\n<meta property=\"og:description\" content=\"Cientos de estudiantes se concentraron ayer en la plaza Jos\u00e9 Ballivi\u00e1n, el centro hist\u00f3rico de Trinidad, para rendir homenaje a Beni con un desfile c\u00edvico por su 181 aniversario, que se celebra cada 18 de noviembre. El departamento llega a la efem\u00e9ride en medio de una declaratoria de desastre por los incendios forestales y la [&hellip;]\" \/>\n<meta property=\"og:url\" content=\"https:\/\/www.eldiario.net\/portal\/2023\/11\/18\/beni-celebra-hoy-181-anos-de-creacion-en-medio-de-incendios\/\" \/>\n<meta property=\"og:site_name\" content=\"El Diario - Bolivia\" \/>\n<meta property=\"article:publisher\" content=\"https:\/\/www.facebook.com\/eldiario.bolivia\/\" \/>\n<meta property=\"article:published_time\" content=\"2023-11-18T10:25:10+00:00\" \/>\n<meta property=\"og:image\" content=\"https:\/\/www.eldiario.net\/portal\/wp-content\/uploads\/2023\/11\/P-3-15-cm-x-10-scaled-1.jpg\" \/>\n\t<meta property=\"og:image:width\" content=\"2560\" \/>\n\t<meta property=\"og:image:height\" content=\"1485\" \/>\n\t<meta property=\"og:image:type\" content=\"image\/jpeg\" \/>\n<meta name=\"author\" content=\"Jeanette\" \/>\n<meta name=\"twitter:card\" content=\"summary_large_image\" \/>\n<meta name=\"twitter:creator\" content=\"@eldiario_net\" \/>\n<meta name=\"twitter:site\" content=\"@eldiario_net\" \/>\n<meta name=\"twitter:label1\" content=\"Escrito por\" \/>\n\t<meta name=\"twitter:data1\" content=\"Jeanette\" \/>\n\t<meta name=\"twitter:label2\" content=\"Tiempo de lectura\" \/>\n\t<meta name=\"twitter:data2\" content=\"1 minuto\" \/>\n<script type=\"application\/ld+json\" class=\"yoast-schema-graph\">{\"@context\":\"https:\\\/\\\/schema.org\",\"@graph\":[{\"@type\":\"Article\",\"@id\":\"https:\\\/\\\/www.eldiario.net\\\/portal\\\/2023\\\/11\\\/18\\\/beni-celebra-hoy-181-anos-de-creacion-en-medio-de-incendios\\\/#article\",\"isPartOf\":{\"@id\":\"https:\\\/\\\/www.eldiario.net\\\/portal\\\/2023\\\/11\\\/18\\\/beni-celebra-hoy-181-anos-de-creacion-en-medio-de-incendios\\\/\"},\"author\":{\"name\":\"Jeanette\",\"@id\":\"https:\\\/\\\/www.eldiario.net\\\/portal\\\/#\\\/schema\\\/person\\\/f46445640444750d7d753ccd04ae01b7\"},\"headline\":\"Beni celebra hoy 181 a\u00f1os de creaci\u00f3n en medio de incendios\",\"datePublished\":\"2023-11-18T10:25:10+00:00\",\"mainEntityOfPage\":{\"@id\":\"https:\\\/\\\/www.eldiario.net\\\/portal\\\/2023\\\/11\\\/18\\\/beni-celebra-hoy-181-anos-de-creacion-en-medio-de-incendios\\\/\"},\"wordCount\":171,\"publisher\":{\"@id\":\"https:\\\/\\\/www.eldiario.net\\\/portal\\\/#organization\"},\"image\":{\"@id\":\"https:\\\/\\\/www.eldiario.net\\\/portal\\\/2023\\\/11\\\/18\\\/beni-celebra-hoy-181-anos-de-creacion-en-medio-de-incendios\\\/#primaryimage\"},\"thumbnailUrl\":\"https:\\\/\\\/www.eldiario.net\\\/portal\\\/wp-content\\\/uploads\\\/2023\\\/11\\\/P-3-15-cm-x-10-scaled-1.jpg\",\"articleSection\":[\"Portada\"],\"inLanguage\":\"es\"},{\"@type\":\"WebPage\",\"@id\":\"https:\\\/\\\/www.eldiario.net\\\/portal\\\/2023\\\/11\\\/18\\\/beni-celebra-hoy-181-anos-de-creacion-en-medio-de-incendios\\\/\",\"url\":\"https:\\\/\\\/www.eldiario.net\\\/portal\\\/2023\\\/11\\\/18\\\/beni-celebra-hoy-181-anos-de-creacion-en-medio-de-incendios\\\/\",\"name\":\"Beni celebra hoy 181 a\u00f1os de creaci\u00f3n en medio de incendios - El Diario - Bolivia\",\"isPartOf\":{\"@id\":\"https:\\\/\\\/www.eldiario.net\\\/portal\\\/#website\"},\"primaryImageOfPage\":{\"@id\":\"https:\\\/\\\/www.eldiario.net\\\/portal\\\/2023\\\/11\\\/18\\\/beni-celebra-hoy-181-anos-de-creacion-en-medio-de-incendios\\\/#primaryimage\"},\"image\":{\"@id\":\"https:\\\/\\\/www.eldiario.net\\\/portal\\\/2023\\\/11\\\/18\\\/beni-celebra-hoy-181-anos-de-creacion-en-medio-de-incendios\\\/#primaryimage\"},\"thumbnailUrl\":\"https:\\\/\\\/www.eldiario.net\\\/portal\\\/wp-content\\\/uploads\\\/2023\\\/11\\\/P-3-15-cm-x-10-scaled-1.jpg\",\"datePublished\":\"2023-11-18T10:25:10+00:00\",\"breadcrumb\":{\"@id\":\"https:\\\/\\\/www.eldiario.net\\\/portal\\\/2023\\\/11\\\/18\\\/beni-celebra-hoy-181-anos-de-creacion-en-medio-de-incendios\\\/#breadcrumb\"},\"inLanguage\":\"es\",\"potentialAction\":[{\"@type\":\"ReadAction\",\"target\":[\"https:\\\/\\\/www.eldiario.net\\\/portal\\\/2023\\\/11\\\/18\\\/beni-celebra-hoy-181-anos-de-creacion-en-medio-de-incendios\\\/\"]}]},{\"@type\":\"ImageObject\",\"inLanguage\":\"es\",\"@id\":\"https:\\\/\\\/www.eldiario.net\\\/portal\\\/2023\\\/11\\\/18\\\/beni-celebra-hoy-181-anos-de-creacion-en-medio-de-incendios\\\/#primaryimage\",\"url\":\"https:\\\/\\\/www.eldiario.net\\\/portal\\\/wp-content\\\/uploads\\\/2023\\\/11\\\/P-3-15-cm-x-10-scaled-1.jpg\",\"contentUrl\":\"https:\\\/\\\/www.eldiario.net\\\/portal\\\/wp-content\\\/uploads\\\/2023\\\/11\\\/P-3-15-cm-x-10-scaled-1.jpg\",\"width\":2560,\"height\":1485,\"caption\":\"Desfile estudiantil en v\u00edsperas del nuevo aniversario de Beni.\"},{\"@type\":\"BreadcrumbList\",\"@id\":\"https:\\\/\\\/www.eldiario.net\\\/portal\\\/2023\\\/11\\\/18\\\/beni-celebra-hoy-181-anos-de-creacion-en-medio-de-incendios\\\/#breadcrumb\",\"itemListElement\":[{\"@type\":\"ListItem\",\"position\":1,\"name\":\"Portada\",\"item\":\"https:\\\/\\\/www.eldiario.net\\\/portal\\\/\"},{\"@type\":\"ListItem\",\"position\":2,\"name\":\"Beni celebra hoy 181 a\u00f1os de creaci\u00f3n en medio de incendios\"}]},{\"@type\":\"WebSite\",\"@id\":\"https:\\\/\\\/www.eldiario.net\\\/portal\\\/#website\",\"url\":\"https:\\\/\\\/www.eldiario.net\\\/portal\\\/\",\"name\":\"El Diario - Decano de la prensa nacional\",\"description\":\"El Diario - Decano de la prensa nacional\",\"publisher\":{\"@id\":\"https:\\\/\\\/www.eldiario.net\\\/portal\\\/#organization\"},\"potentialAction\":[{\"@type\":\"SearchAction\",\"target\":{\"@type\":\"EntryPoint\",\"urlTemplate\":\"https:\\\/\\\/www.eldiario.net\\\/portal\\\/?s={search_term_string}\"},\"query-input\":{\"@type\":\"PropertyValueSpecification\",\"valueRequired\":true,\"valueName\":\"search_term_string\"}}],\"inLanguage\":\"es\"},{\"@type\":\"Organization\",\"@id\":\"https:\\\/\\\/www.eldiario.net\\\/portal\\\/#organization\",\"name\":\"El Diario - Decano de la prensa nacional\",\"url\":\"https:\\\/\\\/www.eldiario.net\\\/portal\\\/\",\"logo\":{\"@type\":\"ImageObject\",\"inLanguage\":\"es\",\"@id\":\"https:\\\/\\\/www.eldiario.net\\\/portal\\\/#\\\/schema\\\/logo\\\/image\\\/\",\"url\":\"https:\\\/\\\/www.eldiario.net\\\/portal\\\/wp-content\\\/uploads\\\/2023\\\/07\\\/logo_ED.jpg\",\"contentUrl\":\"https:\\\/\\\/www.eldiario.net\\\/portal\\\/wp-content\\\/uploads\\\/2023\\\/07\\\/logo_ED.jpg\",\"width\":272,\"height\":52,\"caption\":\"El Diario - Decano de la prensa nacional\"},\"image\":{\"@id\":\"https:\\\/\\\/www.eldiario.net\\\/portal\\\/#\\\/schema\\\/logo\\\/image\\\/\"},\"sameAs\":[\"https:\\\/\\\/www.facebook.com\\\/eldiario.bolivia\\\/\",\"https:\\\/\\\/x.com\\\/eldiario_net\"]},{\"@type\":\"Person\",\"@id\":\"https:\\\/\\\/www.eldiario.net\\\/portal\\\/#\\\/schema\\\/person\\\/f46445640444750d7d753ccd04ae01b7\",\"name\":\"Jeanette\",\"image\":{\"@type\":\"ImageObject\",\"inLanguage\":\"es\",\"@id\":\"https:\\\/\\\/secure.gravatar.com\\\/avatar\\\/3ea2118a5f7dad2b7138b1187a6b7ee55f160b9968b66013c3a3ef39dd7e5798?s=96&d=mm&r=g\",\"url\":\"https:\\\/\\\/secure.gravatar.com\\\/avatar\\\/3ea2118a5f7dad2b7138b1187a6b7ee55f160b9968b66013c3a3ef39dd7e5798?s=96&d=mm&r=g\",\"contentUrl\":\"https:\\\/\\\/secure.gravatar.com\\\/avatar\\\/3ea2118a5f7dad2b7138b1187a6b7ee55f160b9968b66013c3a3ef39dd7e5798?s=96&d=mm&r=g\",\"caption\":\"Jeanette\"},\"sameAs\":[\"https:\\\/\\\/www.eldiario.net\\\/portal\"],\"url\":\"https:\\\/\\\/www.eldiario.net\\\/portal\\\/author\\\/jeanette\\\/\"}]}<\/script>\n<!-- \/ Yoast SEO plugin. -->","yoast_head_json":{"title":"Beni celebra hoy 181 a\u00f1os de creaci\u00f3n en medio de incendios - El Diario - Bolivia","robots":{"index":"index","follow":"follow","max-snippet":"max-snippet:-1","max-image-preview":"max-image-preview:large","max-video-preview":"max-video-preview:-1"},"canonical":"https:\/\/www.eldiario.net\/portal\/2023\/11\/18\/beni-celebra-hoy-181-anos-de-creacion-en-medio-de-incendios\/","og_locale":"es_ES","og_type":"article","og_title":"Beni celebra hoy 181 a\u00f1os de creaci\u00f3n en medio de incendios - El Diario - Bolivia","og_description":"Cientos de estudiantes se concentraron ayer en la plaza Jos\u00e9 Ballivi\u00e1n, el centro hist\u00f3rico de Trinidad, para rendir homenaje a Beni con un desfile c\u00edvico por su 181 aniversario, que se celebra cada 18 de noviembre. El departamento llega a la efem\u00e9ride en medio de una declaratoria de desastre por los incendios forestales y la [&hellip;]","og_url":"https:\/\/www.eldiario.net\/portal\/2023\/11\/18\/beni-celebra-hoy-181-anos-de-creacion-en-medio-de-incendios\/","og_site_name":"El Diario - Bolivia","article_publisher":"https:\/\/www.facebook.com\/eldiario.bolivia\/","article_published_time":"2023-11-18T10:25:10+00:00","og_image":[{"width":2560,"height":1485,"url":"https:\/\/www.eldiario.net\/portal\/wp-content\/uploads\/2023\/11\/P-3-15-cm-x-10-scaled-1.jpg","type":"image\/jpeg"}],"author":"Jeanette","twitter_card":"summary_large_image","twitter_creator":"@eldiario_net","twitter_site":"@eldiario_net","twitter_misc":{"Escrito por":"Jeanette","Tiempo de lectura":"1 minuto"},"schema":{"@context":"https:\/\/schema.org","@graph":[{"@type":"Article","@id":"https:\/\/www.eldiario.net\/portal\/2023\/11\/18\/beni-celebra-hoy-181-anos-de-creacion-en-medio-de-incendios\/#article","isPartOf":{"@id":"https:\/\/www.eldiario.net\/portal\/2023\/11\/18\/beni-celebra-hoy-181-anos-de-creacion-en-medio-de-incendios\/"},"author":{"name":"Jeanette","@id":"https:\/\/www.eldiario.net\/portal\/#\/schema\/person\/f46445640444750d7d753ccd04ae01b7"},"headline":"Beni celebra hoy 181 a\u00f1os de creaci\u00f3n en medio de incendios","datePublished":"2023-11-18T10:25:10+00:00","mainEntityOfPage":{"@id":"https:\/\/www.eldiario.net\/portal\/2023\/11\/18\/beni-celebra-hoy-181-anos-de-creacion-en-medio-de-incendios\/"},"wordCount":171,"publisher":{"@id":"https:\/\/www.eldiario.net\/portal\/#organization"},"image":{"@id":"https:\/\/www.eldiario.net\/portal\/2023\/11\/18\/beni-celebra-hoy-181-anos-de-creacion-en-medio-de-incendios\/#primaryimage"},"thumbnailUrl":"https:\/\/www.eldiario.net\/portal\/wp-content\/uploads\/2023\/11\/P-3-15-cm-x-10-scaled-1.jpg","articleSection":["Portada"],"inLanguage":"es"},{"@type":"WebPage","@id":"https:\/\/www.eldiario.net\/portal\/2023\/11\/18\/beni-celebra-hoy-181-anos-de-creacion-en-medio-de-incendios\/","url":"https:\/\/www.eldiario.net\/portal\/2023\/11\/18\/beni-celebra-hoy-181-anos-de-creacion-en-medio-de-incendios\/","name":"Beni celebra hoy 181 a\u00f1os de creaci\u00f3n en medio de incendios - El Diario - Bolivia","isPartOf":{"@id":"https:\/\/www.eldiario.net\/portal\/#website"},"primaryImageOfPage":{"@id":"https:\/\/www.eldiario.net\/portal\/2023\/11\/18\/beni-celebra-hoy-181-anos-de-creacion-en-medio-de-incendios\/#primaryimage"},"image":{"@id":"https:\/\/www.eldiario.net\/portal\/2023\/11\/18\/beni-celebra-hoy-181-anos-de-creacion-en-medio-de-incendios\/#primaryimage"},"thumbnailUrl":"https:\/\/www.eldiario.net\/portal\/wp-content\/uploads\/2023\/11\/P-3-15-cm-x-10-scaled-1.jpg","datePublished":"2023-11-18T10:25:10+00:00","breadcrumb":{"@id":"https:\/\/www.eldiario.net\/portal\/2023\/11\/18\/beni-celebra-hoy-181-anos-de-creacion-en-medio-de-incendios\/#breadcrumb"},"inLanguage":"es","potentialAction":[{"@type":"ReadAction","target":["https:\/\/www.eldiario.net\/portal\/2023\/11\/18\/beni-celebra-hoy-181-anos-de-creacion-en-medio-de-incendios\/"]}]},{"@type":"ImageObject","inLanguage":"es","@id":"https:\/\/www.eldiario.net\/portal\/2023\/11\/18\/beni-celebra-hoy-181-anos-de-creacion-en-medio-de-incendios\/#primaryimage","url":"https:\/\/www.eldiario.net\/portal\/wp-content\/uploads\/2023\/11\/P-3-15-cm-x-10-scaled-1.jpg","contentUrl":"https:\/\/www.eldiario.net\/portal\/wp-content\/uploads\/2023\/11\/P-3-15-cm-x-10-scaled-1.jpg","width":2560,"height":1485,"caption":"Desfile estudiantil en v\u00edsperas del nuevo aniversario de Beni."},{"@type":"BreadcrumbList","@id":"https:\/\/www.eldiario.net\/portal\/2023\/11\/18\/beni-celebra-hoy-181-anos-de-creacion-en-medio-de-incendios\/#breadcrumb","itemListElement":[{"@type":"ListItem","position":1,"name":"Portada","item":"https:\/\/www.eldiario.net\/portal\/"},{"@type":"ListItem","position":2,"name":"Beni celebra hoy 181 a\u00f1os de creaci\u00f3n en medio de incendios"}]},{"@type":"WebSite","@id":"https:\/\/www.eldiario.net\/portal\/#website","url":"https:\/\/www.eldiario.net\/portal\/","name":"El Diario - Decano de la prensa nacional","description":"El Diario - Decano de la prensa nacional","publisher":{"@id":"https:\/\/www.eldiario.net\/portal\/#organization"},"potentialAction":[{"@type":"SearchAction","target":{"@type":"EntryPoint","urlTemplate":"https:\/\/www.eldiario.net\/portal\/?s={search_term_string}"},"query-input":{"@type":"PropertyValueSpecification","valueRequired":true,"valueName":"search_term_string"}}],"inLanguage":"es"},{"@type":"Organization","@id":"https:\/\/www.eldiario.net\/portal\/#organization","name":"El Diario - Decano de la prensa nacional","url":"https:\/\/www.eldiario.net\/portal\/","logo":{"@type":"ImageObject","inLanguage":"es","@id":"https:\/\/www.eldiario.net\/portal\/#\/schema\/logo\/image\/","url":"https:\/\/www.eldiario.net\/portal\/wp-content\/uploads\/2023\/07\/logo_ED.jpg","contentUrl":"https:\/\/www.eldiario.net\/portal\/wp-content\/uploads\/2023\/07\/logo_ED.jpg","width":272,"height":52,"caption":"El Diario - Decano de la prensa nacional"},"image":{"@id":"https:\/\/www.eldiario.net\/portal\/#\/schema\/logo\/image\/"},"sameAs":["https:\/\/www.facebook.com\/eldiario.bolivia\/","https:\/\/x.com\/eldiario_net"]},{"@type":"Person","@id":"https:\/\/www.eldiario.net\/portal\/#\/schema\/person\/f46445640444750d7d753ccd04ae01b7","name":"Jeanette","image":{"@type":"ImageObject","inLanguage":"es","@id":"https:\/\/secure.gravatar.com\/avatar\/3ea2118a5f7dad2b7138b1187a6b7ee55f160b9968b66013c3a3ef39dd7e5798?s=96&d=mm&r=g","url":"https:\/\/secure.gravatar.com\/avatar\/3ea2118a5f7dad2b7138b1187a6b7ee55f160b9968b66013c3a3ef39dd7e5798?s=96&d=mm&r=g","contentUrl":"https:\/\/secure.gravatar.com\/avatar\/3ea2118a5f7dad2b7138b1187a6b7ee55f160b9968b66013c3a3ef39dd7e5798?s=96&d=mm&r=g","caption":"Jeanette"},"sameAs":["https:\/\/www.eldiario.net\/portal"],"url":"https:\/\/www.eldiario.net\/portal\/author\/jeanette\/"}]}},"_links":{"self":[{"href":"https:\/\/www.eldiario.net\/portal\/wp-json\/wp\/v2\/posts\/188071","targetHints":{"allow":["GET"]}}],"collection":[{"href":"https:\/\/www.eldiario.net\/portal\/wp-json\/wp\/v2\/posts"}],"about":[{"href":"https:\/\/www.eldiario.net\/portal\/wp-json\/wp\/v2\/types\/post"}],"author":[{"embeddable":true,"href":"https:\/\/www.eldiario.net\/portal\/wp-json\/wp\/v2\/users\/1"}],"replies":[{"embeddable":true,"href":"https:\/\/www.eldiario.net\/portal\/wp-json\/wp\/v2\/comments?post=188071"}],"version-history":[{"count":0,"href":"https:\/\/www.eldiario.net\/portal\/wp-json\/wp\/v2\/posts\/188071\/revisions"}],"wp:featuredmedia":[{"embeddable":true,"href":"https:\/\/www.eldiario.net\/portal\/wp-json\/wp\/v2\/media\/188072"}],"wp:attachment":[{"href":"https:\/\/www.eldiario.net\/portal\/wp-json\/wp\/v2\/media?parent=188071"}],"wp:term":[{"taxonomy":"category","embeddable":true,"href":"https:\/\/www.eldiario.net\/portal\/wp-json\/wp\/v2\/categories?post=188071"},{"taxonomy":"post_tag","embeddable":true,"href":"https:\/\/www.eldiario.net\/portal\/wp-json\/wp\/v2\/tags?post=188071"}],"curies":[{"name":"wp","href":"https:\/\/api.w.org\/{rel}","templated":true}]}}