{"id":188061,"date":"2023-11-17T07:00:44","date_gmt":"2023-11-17T11:00:44","guid":{"rendered":"https:\/\/www.eldiario.net\/portal\/?p=188061"},"modified":"2023-11-17T07:00:44","modified_gmt":"2023-11-17T11:00:44","slug":"agricultura-sostenible-y-algunas-tecnicas-para-su-proteccion-2","status":"publish","type":"post","link":"https:\/\/www.eldiario.net\/portal\/2023\/11\/17\/agricultura-sostenible-y-algunas-tecnicas-para-su-proteccion-2\/","title":{"rendered":"Agricultura sostenible y algunas t\u00e9cnicas para su protecci\u00f3n"},"content":{"rendered":"<p><strong>Por: Equipo editor<\/strong><\/p>\n<p>&nbsp;<\/p>\n<p><strong>Recordemos que\u2026<\/strong><\/p>\n<p>&nbsp;<\/p>\n<p>La agricultura sostenible es aquella que, a largo plazo, contribuye a mejorar la calidad ambiental y los recursos b\u00e1sicos de los cuales depende la agricultura, satisface las necesidades b\u00e1sicas de fibra y alimentos humanos, es econ\u00f3micamente viable y mejora la calidad de vida del productor y de la toda sociedad. Adem\u00e1s aumenta la fertilidad de los suelos, protege el agua, resguarda las semillas valiosas; mantiene la biodiversidad y asegura que la tierra pueda sostener la vida de las generaciones futuras.<\/p>\n<p>&nbsp;<\/p>\n<p><strong>Control de plagas y enfermedades de las plantas<\/strong><\/p>\n<p>&nbsp;<\/p>\n<p>Las plagas son insectos u otros animales que provocan diferentes enfermedades a las plantas y son una gran amenaza para los cultivos. Las empresas de productos qu\u00edmicos sint\u00e9ticos dicen que la \u00fanica soluci\u00f3n es rociar plaguicidas frecuentemente, pero esto puede causar m\u00e1s problemas que soluciones. La agricultura sostenible, por el contrario, trabaja sin perjudicar la naturaleza para mantener el equilibrio entre los cultivos, las plagas, las enfermedades, las yerbas y la tierra, en un control conocido como Manejo Integrado de Plagas (MIP).<\/p>\n<p>&nbsp;<\/p>\n<p>El control natural evita los problemas con las plagas y enfermedades de las plantas, manteniendo los productos qu\u00edmicos da\u00f1inos fuera de nuestro cuerpo y del medio ambiente. Tambi\u00e9n evita los problemas de dependencia en los productos sint\u00e9ticos y la resistencia a los plaguicidas.<\/p>\n<p>&nbsp;<\/p>\n<p>Pero si uno quiere usar plaguicidas, es importante determinar si hay plagas que est\u00e9n da\u00f1ando a los cultivos, cu\u00e1nto da\u00f1o est\u00e1n causando, y si los organismos naturales ben\u00e9ficos ya est\u00e1n controlando las plagas. De esta manera, se sabr\u00e1 si debe utilizar productos qu\u00edmicos, cu\u00e1ndo hacerlo y qu\u00e9 tipo de plaguicida utilizar.<\/p>\n<p>&nbsp;<\/p>\n<p>Para controlar las plagas, las enfermedades y mantener las plantas sanas, se debe considerar lo siguiente:<\/p>\n<p>&nbsp;<\/p>\n<ul>\n<li>Sembrar una variedad de plantas resistentes a las plagas y enfermedades comunes.<\/li>\n<\/ul>\n<p>&nbsp;<\/p>\n<ul>\n<li>Espaciar correctamente las plantas, porque al sembrar los cultivos demasiado cerca limita la exposici\u00f3n al sol, al aire y facilita el avance de las enfermedades. Sin embargo, el sembrar cultivos separados deja espacio para las yerbas y hace que el suelo se seque produciendo la disminuci\u00f3n en la cosecha.<\/li>\n<\/ul>\n<p>&nbsp;<\/p>\n<ul>\n<li>Regar desde abajo, puede dar lugar a que las enfermedades que viven en la tierra salpiquen a las plantas, ya que las hojas y ramas h\u00famedas son los lugares perfectos para que surjan las enfermedades. Con el riego por goteo o riego por inundaci\u00f3n se pueden mantener sanas las hojas y ramas.<\/li>\n<\/ul>\n<p>&nbsp;<\/p>\n<p><strong>Rotaci\u00f3n de cultivo<\/strong><\/p>\n<p>&nbsp;<\/p>\n<p>Los cultivos pertenecientes a la misma familia de plantas pueden contraer las mismas plagas y enfermedades. Por ejemplo, si se siembran siempre papas en el mismo campo, los escarabajos de las papas pueden instalarse y propagarse en ese terreno. Si por el contrario cada tres a\u00f1os se siembra algo que no puedan comer los escarabajos, estos se ir\u00e1n o morir\u00e1n. El cultivo del tercer a\u00f1o no debe ser de la familia de las papas, sino por ejemplo tomates o pimientos; es decir, una planta completamente diferente. Esta t\u00e9cnica se conoce como rotaci\u00f3n de cultivos.<\/p>\n<p>&nbsp;<\/p>\n<p>Cambiar de cultivos que se siembran de un campo espec\u00edfico sirve para controlar las enfermedades y las plagas porque las priva de su alimento. Tambi\u00e9n mejora la tierra, la cual le a\u00f1ade diferentes nutrientes. Por ejemplo si se rotan los cultivos de granos que pasan a ser frijoles en la pr\u00f3xima estaci\u00f3n, se enriquecer\u00e1 la tierra. Los granos crecer\u00e1n m\u00e1s altos y proporcionar\u00e1n materia org\u00e1nica, mientras que los frijoles a\u00f1adir\u00e1n nitr\u00f3geno a la tierra.<\/p>\n<p>&nbsp;<\/p>\n<p><strong>Enfermedades de las plantas<\/strong><\/p>\n<p>&nbsp;<\/p>\n<p>Las enfermedades de las plantas se pueden reconocer por el cambio de color en las hojas que se marchitan o el crecimiento extra\u00f1o en algunas partes de la planta. Los hongos, bacterias o virus pueden causar enfermedades a las plantas y estas se pueden controlar aplicando m\u00e9todos naturales.<\/p>\n<p>&nbsp;<\/p>\n<p>Para evitar las enfermedades de las plantas se debe mantener la tierra sana y aplicar los dem\u00e1s principios de agricultura sostenible. Para que la enfermedad de una planta no se extienda a otras se debe considerar lo siguiente:<\/p>\n<p>&nbsp;<\/p>\n<ul>\n<li><strong>Destruir las plantas enfermas.<\/strong> Las plantas infectadas pueden transmitir enfermedades o plagas a las futuras siembras. Si se trata de enfermedades que matan a toda la planta o reducen dr\u00e1sticamente la producci\u00f3n, se debe eliminar toda la planta y quemarla tan pronto cuando se descubra se\u00f1as de la enfermedad. Tampoco debe utilizarse estas plantas como composta ya que algunas enfermedades podr\u00edan sobrevivir incluso tras la composta.<\/li>\n<\/ul>\n<p>&nbsp;<\/p>\n<ul>\n<li><strong>Limpiar las herramientas usadas en las plantas enfermas.<\/strong> Las enfermedades de las plantas pueden esparcirse a las plantas sanas. Si el cuerpo de la persona, las herramientas y la ropa entran en contacto con la planta infectada, se debe lavar todo con agua tibia y jab\u00f3n antes de tocar otra planta.<\/li>\n<\/ul>\n<p>&nbsp;<\/p>\n<ul>\n<li><strong>Controlar a los chupadores de savia.<\/strong> Muchas enfermedades son transmitidas entre las plantas por los chupadores de savia.<\/li>\n<\/ul>\n<p>&nbsp;<\/p>\n<ul>\n<li><strong>La leche.<\/strong> Este l\u00edquido elimina las enfermedades de hongos, los huevos de orugas y los \u00e1caros ara\u00f1a. Se debe mezclar un litro de leche en 15 litros de agua y rociar a los cultivos.<\/li>\n<\/ul>\n<p>&nbsp;<\/p>\n<ul>\n<li>Estas eliminan las enfermedades causadas por los hongos. Roc\u00ede los cultivos con una mezcla cernida de cenizas y agua para contrarrestar una enfermedad al final de la estaci\u00f3n en los cultivos de tomate o papas.<\/li>\n<\/ul>\n<p>&nbsp;<\/p>\n<p><strong>Siembra de \u00e1rboles y cultivos juntos<\/strong><\/p>\n<p>&nbsp;<\/p>\n<p>Si se siembran \u00e1rboles y cultivos juntos (agroforester\u00eda) se puede aumentar la productividad de los terrenos y producir cosechas m\u00e1s abundantes y variadas.<\/p>\n<p>&nbsp;<\/p>\n<p>Para la agroforester\u00eda es necesario seleccionar con cuidado los \u00e1rboles adecuados y sembrarlos en los lugares donde resulten m\u00e1s \u00fatiles. Es importante tomar en cuenta lo siguiente:<\/p>\n<p>&nbsp;<\/p>\n<ul>\n<li>Los \u00e1rboles no deben competir por agua, sol o espacio con los cultivos.<\/li>\n<li>Cada \u00e1rbol debe satisfacer m\u00e1s de una necesidad, por ejemplo brindar alimento, forraje, medicina, sombra, le\u00f1a y madera.<\/li>\n<\/ul>\n<div id='gallery-1' class='gallery galleryid-188061 gallery-columns-3 gallery-size-medium'><figure class='gallery-item'>\n\t\t\t<div class='gallery-icon landscape'>\n\t\t\t\t<a href='https:\/\/www.eldiario.net\/portal\/2023\/11\/17\/agricultura-sostenible-y-algunas-tecnicas-para-su-proteccion-2\/bio-control-de-plagas-y-enfermedades-de-las-plantas\/'><img loading=\"lazy\" decoding=\"async\" width=\"300\" height=\"150\" src=\"https:\/\/www.eldiario.net\/portal\/wp-content\/uploads\/2023\/11\/Bio-Control-de-plagas-y-enfermedades-de-las-plantas-300x150.jpg\" class=\"attachment-medium size-medium\" alt=\"\" srcset=\"https:\/\/www.eldiario.net\/portal\/wp-content\/uploads\/2023\/11\/Bio-Control-de-plagas-y-enfermedades-de-las-plantas-300x150.jpg 300w, https:\/\/www.eldiario.net\/portal\/wp-content\/uploads\/2023\/11\/Bio-Control-de-plagas-y-enfermedades-de-las-plantas.jpg 474w\" sizes=\"auto, (max-width: 300px) 100vw, 300px\" \/><\/a>\n\t\t\t<\/div><\/figure><figure class='gallery-item'>\n\t\t\t<div class='gallery-icon landscape'>\n\t\t\t\t<a href='https:\/\/www.eldiario.net\/portal\/2023\/11\/17\/agricultura-sostenible-y-algunas-tecnicas-para-su-proteccion-2\/bio-siembra-de-arboles-y-cultivos-juntos\/'><img loading=\"lazy\" decoding=\"async\" width=\"300\" height=\"200\" src=\"https:\/\/www.eldiario.net\/portal\/wp-content\/uploads\/2023\/11\/Bio-Siembra-de-arboles-y-cultivos-juntos-300x200.png\" class=\"attachment-medium size-medium\" alt=\"\" srcset=\"https:\/\/www.eldiario.net\/portal\/wp-content\/uploads\/2023\/11\/Bio-Siembra-de-arboles-y-cultivos-juntos-300x200.png 300w, https:\/\/www.eldiario.net\/portal\/wp-content\/uploads\/2023\/11\/Bio-Siembra-de-arboles-y-cultivos-juntos-768x512.png 768w, https:\/\/www.eldiario.net\/portal\/wp-content\/uploads\/2023\/11\/Bio-Siembra-de-arboles-y-cultivos-juntos-696x464.png 696w, https:\/\/www.eldiario.net\/portal\/wp-content\/uploads\/2023\/11\/Bio-Siembra-de-arboles-y-cultivos-juntos.png 770w\" sizes=\"auto, (max-width: 300px) 100vw, 300px\" \/><\/a>\n\t\t\t<\/div><\/figure><figure class='gallery-item'>\n\t\t\t<div class='gallery-icon portrait'>\n\t\t\t\t<a href='https:\/\/www.eldiario.net\/portal\/2023\/11\/17\/agricultura-sostenible-y-algunas-tecnicas-para-su-proteccion-2\/bio-siembras-y-cultivos\/'><img loading=\"lazy\" decoding=\"async\" width=\"225\" height=\"300\" src=\"https:\/\/www.eldiario.net\/portal\/wp-content\/uploads\/2023\/11\/Bio-Siembras-y-cultivos-225x300.jpg\" class=\"attachment-medium size-medium\" alt=\"\" srcset=\"https:\/\/www.eldiario.net\/portal\/wp-content\/uploads\/2023\/11\/Bio-Siembras-y-cultivos-225x300.jpg 225w, https:\/\/www.eldiario.net\/portal\/wp-content\/uploads\/2023\/11\/Bio-Siembras-y-cultivos-768x1024.jpg 768w, https:\/\/www.eldiario.net\/portal\/wp-content\/uploads\/2023\/11\/Bio-Siembras-y-cultivos-1152x1536.jpg 1152w, https:\/\/www.eldiario.net\/portal\/wp-content\/uploads\/2023\/11\/Bio-Siembras-y-cultivos-696x928.jpg 696w, https:\/\/www.eldiario.net\/portal\/wp-content\/uploads\/2023\/11\/Bio-Siembras-y-cultivos-1068x1424.jpg 1068w, https:\/\/www.eldiario.net\/portal\/wp-content\/uploads\/2023\/11\/Bio-Siembras-y-cultivos.jpg 1200w\" sizes=\"auto, (max-width: 225px) 100vw, 225px\" \/><\/a>\n\t\t\t<\/div><\/figure>\n\t\t<\/div>\n\n","protected":false},"excerpt":{"rendered":"<p>Por: Equipo editor &nbsp; Recordemos que\u2026 &nbsp; La agricultura sostenible es aquella que, a largo plazo, contribuye a mejorar la calidad ambiental y los recursos b\u00e1sicos de los cuales depende la agricultura, satisface las necesidades b\u00e1sicas de fibra y alimentos humanos, es econ\u00f3micamente viable y mejora la calidad de vida del productor y de la [&hellip;]<\/p>\n","protected":false},"author":1,"featured_media":188062,"comment_status":"closed","ping_status":"open","sticky":false,"template":"","format":"standard","meta":{"_acf_changed":false,"footnotes":""},"categories":[43],"tags":[],"class_list":["post-188061","post","type-post","status-publish","format-standard","has-post-thumbnail","category-nuevos-horizontes"],"acf":{"antetitulo":""},"yoast_head":"<!-- This site is optimized with the Yoast SEO plugin v28.4 - https:\/\/yoast.com\/product\/yoast-seo-wordpress\/ -->\n<title>Agricultura sostenible y algunas t\u00e9cnicas para su protecci\u00f3n - El Diario - Bolivia<\/title>\n<meta name=\"robots\" content=\"index, follow, max-snippet:-1, max-image-preview:large, max-video-preview:-1\" \/>\n<link rel=\"canonical\" href=\"https:\/\/www.eldiario.net\/portal\/2023\/11\/17\/agricultura-sostenible-y-algunas-tecnicas-para-su-proteccion-2\/\" \/>\n<meta property=\"og:locale\" content=\"es_ES\" \/>\n<meta property=\"og:type\" content=\"article\" \/>\n<meta property=\"og:title\" content=\"Agricultura sostenible y algunas t\u00e9cnicas para su protecci\u00f3n - El Diario - Bolivia\" \/>\n<meta property=\"og:description\" content=\"Por: Equipo editor &nbsp; Recordemos que\u2026 &nbsp; La agricultura sostenible es aquella que, a largo plazo, contribuye a mejorar la calidad ambiental y los recursos b\u00e1sicos de los cuales depende la agricultura, satisface las necesidades b\u00e1sicas de fibra y alimentos humanos, es econ\u00f3micamente viable y mejora la calidad de vida del productor y de la [&hellip;]\" \/>\n<meta property=\"og:url\" content=\"https:\/\/www.eldiario.net\/portal\/2023\/11\/17\/agricultura-sostenible-y-algunas-tecnicas-para-su-proteccion-2\/\" \/>\n<meta property=\"og:site_name\" content=\"El Diario - Bolivia\" \/>\n<meta property=\"article:publisher\" content=\"https:\/\/www.facebook.com\/eldiario.bolivia\/\" \/>\n<meta property=\"article:published_time\" content=\"2023-11-17T11:00:44+00:00\" \/>\n<meta property=\"og:image\" content=\"https:\/\/www.eldiario.net\/portal\/wp-content\/uploads\/2023\/11\/Bio-Control-de-plagas-y-enfermedades-de-las-plantas.jpg\" \/>\n\t<meta property=\"og:image:width\" content=\"474\" \/>\n\t<meta property=\"og:image:height\" content=\"237\" \/>\n\t<meta property=\"og:image:type\" content=\"image\/jpeg\" \/>\n<meta name=\"author\" content=\"Jeanette\" \/>\n<meta name=\"twitter:card\" content=\"summary_large_image\" \/>\n<meta name=\"twitter:creator\" content=\"@eldiario_net\" \/>\n<meta name=\"twitter:site\" content=\"@eldiario_net\" \/>\n<meta name=\"twitter:label1\" content=\"Escrito por\" \/>\n\t<meta name=\"twitter:data1\" content=\"Jeanette\" \/>\n\t<meta name=\"twitter:label2\" content=\"Tiempo de lectura\" \/>\n\t<meta name=\"twitter:data2\" content=\"5 minutos\" \/>\n<script type=\"application\/ld+json\" class=\"yoast-schema-graph\">{\"@context\":\"https:\\\/\\\/schema.org\",\"@graph\":[{\"@type\":\"Article\",\"@id\":\"https:\\\/\\\/www.eldiario.net\\\/portal\\\/2023\\\/11\\\/17\\\/agricultura-sostenible-y-algunas-tecnicas-para-su-proteccion-2\\\/#article\",\"isPartOf\":{\"@id\":\"https:\\\/\\\/www.eldiario.net\\\/portal\\\/2023\\\/11\\\/17\\\/agricultura-sostenible-y-algunas-tecnicas-para-su-proteccion-2\\\/\"},\"author\":{\"name\":\"Jeanette\",\"@id\":\"https:\\\/\\\/www.eldiario.net\\\/portal\\\/#\\\/schema\\\/person\\\/f46445640444750d7d753ccd04ae01b7\"},\"headline\":\"Agricultura sostenible y algunas t\u00e9cnicas para su protecci\u00f3n\",\"datePublished\":\"2023-11-17T11:00:44+00:00\",\"mainEntityOfPage\":{\"@id\":\"https:\\\/\\\/www.eldiario.net\\\/portal\\\/2023\\\/11\\\/17\\\/agricultura-sostenible-y-algunas-tecnicas-para-su-proteccion-2\\\/\"},\"wordCount\":1050,\"publisher\":{\"@id\":\"https:\\\/\\\/www.eldiario.net\\\/portal\\\/#organization\"},\"image\":{\"@id\":\"https:\\\/\\\/www.eldiario.net\\\/portal\\\/2023\\\/11\\\/17\\\/agricultura-sostenible-y-algunas-tecnicas-para-su-proteccion-2\\\/#primaryimage\"},\"thumbnailUrl\":\"https:\\\/\\\/www.eldiario.net\\\/portal\\\/wp-content\\\/uploads\\\/2023\\\/11\\\/Bio-Control-de-plagas-y-enfermedades-de-las-plantas.jpg\",\"articleSection\":[\"Nuevos Horizontes\"],\"inLanguage\":\"es\"},{\"@type\":\"WebPage\",\"@id\":\"https:\\\/\\\/www.eldiario.net\\\/portal\\\/2023\\\/11\\\/17\\\/agricultura-sostenible-y-algunas-tecnicas-para-su-proteccion-2\\\/\",\"url\":\"https:\\\/\\\/www.eldiario.net\\\/portal\\\/2023\\\/11\\\/17\\\/agricultura-sostenible-y-algunas-tecnicas-para-su-proteccion-2\\\/\",\"name\":\"Agricultura sostenible y algunas t\u00e9cnicas para su protecci\u00f3n - El Diario - Bolivia\",\"isPartOf\":{\"@id\":\"https:\\\/\\\/www.eldiario.net\\\/portal\\\/#website\"},\"primaryImageOfPage\":{\"@id\":\"https:\\\/\\\/www.eldiario.net\\\/portal\\\/2023\\\/11\\\/17\\\/agricultura-sostenible-y-algunas-tecnicas-para-su-proteccion-2\\\/#primaryimage\"},\"image\":{\"@id\":\"https:\\\/\\\/www.eldiario.net\\\/portal\\\/2023\\\/11\\\/17\\\/agricultura-sostenible-y-algunas-tecnicas-para-su-proteccion-2\\\/#primaryimage\"},\"thumbnailUrl\":\"https:\\\/\\\/www.eldiario.net\\\/portal\\\/wp-content\\\/uploads\\\/2023\\\/11\\\/Bio-Control-de-plagas-y-enfermedades-de-las-plantas.jpg\",\"datePublished\":\"2023-11-17T11:00:44+00:00\",\"breadcrumb\":{\"@id\":\"https:\\\/\\\/www.eldiario.net\\\/portal\\\/2023\\\/11\\\/17\\\/agricultura-sostenible-y-algunas-tecnicas-para-su-proteccion-2\\\/#breadcrumb\"},\"inLanguage\":\"es\",\"potentialAction\":[{\"@type\":\"ReadAction\",\"target\":[\"https:\\\/\\\/www.eldiario.net\\\/portal\\\/2023\\\/11\\\/17\\\/agricultura-sostenible-y-algunas-tecnicas-para-su-proteccion-2\\\/\"]}]},{\"@type\":\"ImageObject\",\"inLanguage\":\"es\",\"@id\":\"https:\\\/\\\/www.eldiario.net\\\/portal\\\/2023\\\/11\\\/17\\\/agricultura-sostenible-y-algunas-tecnicas-para-su-proteccion-2\\\/#primaryimage\",\"url\":\"https:\\\/\\\/www.eldiario.net\\\/portal\\\/wp-content\\\/uploads\\\/2023\\\/11\\\/Bio-Control-de-plagas-y-enfermedades-de-las-plantas.jpg\",\"contentUrl\":\"https:\\\/\\\/www.eldiario.net\\\/portal\\\/wp-content\\\/uploads\\\/2023\\\/11\\\/Bio-Control-de-plagas-y-enfermedades-de-las-plantas.jpg\",\"width\":474,\"height\":237},{\"@type\":\"BreadcrumbList\",\"@id\":\"https:\\\/\\\/www.eldiario.net\\\/portal\\\/2023\\\/11\\\/17\\\/agricultura-sostenible-y-algunas-tecnicas-para-su-proteccion-2\\\/#breadcrumb\",\"itemListElement\":[{\"@type\":\"ListItem\",\"position\":1,\"name\":\"Portada\",\"item\":\"https:\\\/\\\/www.eldiario.net\\\/portal\\\/\"},{\"@type\":\"ListItem\",\"position\":2,\"name\":\"Agricultura sostenible y algunas t\u00e9cnicas para su protecci\u00f3n\"}]},{\"@type\":\"WebSite\",\"@id\":\"https:\\\/\\\/www.eldiario.net\\\/portal\\\/#website\",\"url\":\"https:\\\/\\\/www.eldiario.net\\\/portal\\\/\",\"name\":\"El Diario - Decano de la prensa nacional\",\"description\":\"El Diario - Decano de la prensa nacional\",\"publisher\":{\"@id\":\"https:\\\/\\\/www.eldiario.net\\\/portal\\\/#organization\"},\"potentialAction\":[{\"@type\":\"SearchAction\",\"target\":{\"@type\":\"EntryPoint\",\"urlTemplate\":\"https:\\\/\\\/www.eldiario.net\\\/portal\\\/?s={search_term_string}\"},\"query-input\":{\"@type\":\"PropertyValueSpecification\",\"valueRequired\":true,\"valueName\":\"search_term_string\"}}],\"inLanguage\":\"es\"},{\"@type\":\"Organization\",\"@id\":\"https:\\\/\\\/www.eldiario.net\\\/portal\\\/#organization\",\"name\":\"El Diario - Decano de la prensa nacional\",\"url\":\"https:\\\/\\\/www.eldiario.net\\\/portal\\\/\",\"logo\":{\"@type\":\"ImageObject\",\"inLanguage\":\"es\",\"@id\":\"https:\\\/\\\/www.eldiario.net\\\/portal\\\/#\\\/schema\\\/logo\\\/image\\\/\",\"url\":\"https:\\\/\\\/www.eldiario.net\\\/portal\\\/wp-content\\\/uploads\\\/2023\\\/07\\\/logo_ED.jpg\",\"contentUrl\":\"https:\\\/\\\/www.eldiario.net\\\/portal\\\/wp-content\\\/uploads\\\/2023\\\/07\\\/logo_ED.jpg\",\"width\":272,\"height\":52,\"caption\":\"El Diario - Decano de la prensa nacional\"},\"image\":{\"@id\":\"https:\\\/\\\/www.eldiario.net\\\/portal\\\/#\\\/schema\\\/logo\\\/image\\\/\"},\"sameAs\":[\"https:\\\/\\\/www.facebook.com\\\/eldiario.bolivia\\\/\",\"https:\\\/\\\/x.com\\\/eldiario_net\"]},{\"@type\":\"Person\",\"@id\":\"https:\\\/\\\/www.eldiario.net\\\/portal\\\/#\\\/schema\\\/person\\\/f46445640444750d7d753ccd04ae01b7\",\"name\":\"Jeanette\",\"image\":{\"@type\":\"ImageObject\",\"inLanguage\":\"es\",\"@id\":\"https:\\\/\\\/secure.gravatar.com\\\/avatar\\\/3ea2118a5f7dad2b7138b1187a6b7ee55f160b9968b66013c3a3ef39dd7e5798?s=96&d=mm&r=g\",\"url\":\"https:\\\/\\\/secure.gravatar.com\\\/avatar\\\/3ea2118a5f7dad2b7138b1187a6b7ee55f160b9968b66013c3a3ef39dd7e5798?s=96&d=mm&r=g\",\"contentUrl\":\"https:\\\/\\\/secure.gravatar.com\\\/avatar\\\/3ea2118a5f7dad2b7138b1187a6b7ee55f160b9968b66013c3a3ef39dd7e5798?s=96&d=mm&r=g\",\"caption\":\"Jeanette\"},\"sameAs\":[\"https:\\\/\\\/www.eldiario.net\\\/portal\"],\"url\":\"https:\\\/\\\/www.eldiario.net\\\/portal\\\/author\\\/jeanette\\\/\"}]}<\/script>\n<!-- \/ Yoast SEO plugin. -->","yoast_head_json":{"title":"Agricultura sostenible y algunas t\u00e9cnicas para su protecci\u00f3n - El Diario - Bolivia","robots":{"index":"index","follow":"follow","max-snippet":"max-snippet:-1","max-image-preview":"max-image-preview:large","max-video-preview":"max-video-preview:-1"},"canonical":"https:\/\/www.eldiario.net\/portal\/2023\/11\/17\/agricultura-sostenible-y-algunas-tecnicas-para-su-proteccion-2\/","og_locale":"es_ES","og_type":"article","og_title":"Agricultura sostenible y algunas t\u00e9cnicas para su protecci\u00f3n - El Diario - Bolivia","og_description":"Por: Equipo editor &nbsp; Recordemos que\u2026 &nbsp; La agricultura sostenible es aquella que, a largo plazo, contribuye a mejorar la calidad ambiental y los recursos b\u00e1sicos de los cuales depende la agricultura, satisface las necesidades b\u00e1sicas de fibra y alimentos humanos, es econ\u00f3micamente viable y mejora la calidad de vida del productor y de la [&hellip;]","og_url":"https:\/\/www.eldiario.net\/portal\/2023\/11\/17\/agricultura-sostenible-y-algunas-tecnicas-para-su-proteccion-2\/","og_site_name":"El Diario - Bolivia","article_publisher":"https:\/\/www.facebook.com\/eldiario.bolivia\/","article_published_time":"2023-11-17T11:00:44+00:00","og_image":[{"width":474,"height":237,"url":"https:\/\/www.eldiario.net\/portal\/wp-content\/uploads\/2023\/11\/Bio-Control-de-plagas-y-enfermedades-de-las-plantas.jpg","type":"image\/jpeg"}],"author":"Jeanette","twitter_card":"summary_large_image","twitter_creator":"@eldiario_net","twitter_site":"@eldiario_net","twitter_misc":{"Escrito por":"Jeanette","Tiempo de lectura":"5 minutos"},"schema":{"@context":"https:\/\/schema.org","@graph":[{"@type":"Article","@id":"https:\/\/www.eldiario.net\/portal\/2023\/11\/17\/agricultura-sostenible-y-algunas-tecnicas-para-su-proteccion-2\/#article","isPartOf":{"@id":"https:\/\/www.eldiario.net\/portal\/2023\/11\/17\/agricultura-sostenible-y-algunas-tecnicas-para-su-proteccion-2\/"},"author":{"name":"Jeanette","@id":"https:\/\/www.eldiario.net\/portal\/#\/schema\/person\/f46445640444750d7d753ccd04ae01b7"},"headline":"Agricultura sostenible y algunas t\u00e9cnicas para su protecci\u00f3n","datePublished":"2023-11-17T11:00:44+00:00","mainEntityOfPage":{"@id":"https:\/\/www.eldiario.net\/portal\/2023\/11\/17\/agricultura-sostenible-y-algunas-tecnicas-para-su-proteccion-2\/"},"wordCount":1050,"publisher":{"@id":"https:\/\/www.eldiario.net\/portal\/#organization"},"image":{"@id":"https:\/\/www.eldiario.net\/portal\/2023\/11\/17\/agricultura-sostenible-y-algunas-tecnicas-para-su-proteccion-2\/#primaryimage"},"thumbnailUrl":"https:\/\/www.eldiario.net\/portal\/wp-content\/uploads\/2023\/11\/Bio-Control-de-plagas-y-enfermedades-de-las-plantas.jpg","articleSection":["Nuevos Horizontes"],"inLanguage":"es"},{"@type":"WebPage","@id":"https:\/\/www.eldiario.net\/portal\/2023\/11\/17\/agricultura-sostenible-y-algunas-tecnicas-para-su-proteccion-2\/","url":"https:\/\/www.eldiario.net\/portal\/2023\/11\/17\/agricultura-sostenible-y-algunas-tecnicas-para-su-proteccion-2\/","name":"Agricultura sostenible y algunas t\u00e9cnicas para su protecci\u00f3n - El Diario - Bolivia","isPartOf":{"@id":"https:\/\/www.eldiario.net\/portal\/#website"},"primaryImageOfPage":{"@id":"https:\/\/www.eldiario.net\/portal\/2023\/11\/17\/agricultura-sostenible-y-algunas-tecnicas-para-su-proteccion-2\/#primaryimage"},"image":{"@id":"https:\/\/www.eldiario.net\/portal\/2023\/11\/17\/agricultura-sostenible-y-algunas-tecnicas-para-su-proteccion-2\/#primaryimage"},"thumbnailUrl":"https:\/\/www.eldiario.net\/portal\/wp-content\/uploads\/2023\/11\/Bio-Control-de-plagas-y-enfermedades-de-las-plantas.jpg","datePublished":"2023-11-17T11:00:44+00:00","breadcrumb":{"@id":"https:\/\/www.eldiario.net\/portal\/2023\/11\/17\/agricultura-sostenible-y-algunas-tecnicas-para-su-proteccion-2\/#breadcrumb"},"inLanguage":"es","potentialAction":[{"@type":"ReadAction","target":["https:\/\/www.eldiario.net\/portal\/2023\/11\/17\/agricultura-sostenible-y-algunas-tecnicas-para-su-proteccion-2\/"]}]},{"@type":"ImageObject","inLanguage":"es","@id":"https:\/\/www.eldiario.net\/portal\/2023\/11\/17\/agricultura-sostenible-y-algunas-tecnicas-para-su-proteccion-2\/#primaryimage","url":"https:\/\/www.eldiario.net\/portal\/wp-content\/uploads\/2023\/11\/Bio-Control-de-plagas-y-enfermedades-de-las-plantas.jpg","contentUrl":"https:\/\/www.eldiario.net\/portal\/wp-content\/uploads\/2023\/11\/Bio-Control-de-plagas-y-enfermedades-de-las-plantas.jpg","width":474,"height":237},{"@type":"BreadcrumbList","@id":"https:\/\/www.eldiario.net\/portal\/2023\/11\/17\/agricultura-sostenible-y-algunas-tecnicas-para-su-proteccion-2\/#breadcrumb","itemListElement":[{"@type":"ListItem","position":1,"name":"Portada","item":"https:\/\/www.eldiario.net\/portal\/"},{"@type":"ListItem","position":2,"name":"Agricultura sostenible y algunas t\u00e9cnicas para su protecci\u00f3n"}]},{"@type":"WebSite","@id":"https:\/\/www.eldiario.net\/portal\/#website","url":"https:\/\/www.eldiario.net\/portal\/","name":"El Diario - Decano de la prensa nacional","description":"El Diario - Decano de la prensa nacional","publisher":{"@id":"https:\/\/www.eldiario.net\/portal\/#organization"},"potentialAction":[{"@type":"SearchAction","target":{"@type":"EntryPoint","urlTemplate":"https:\/\/www.eldiario.net\/portal\/?s={search_term_string}"},"query-input":{"@type":"PropertyValueSpecification","valueRequired":true,"valueName":"search_term_string"}}],"inLanguage":"es"},{"@type":"Organization","@id":"https:\/\/www.eldiario.net\/portal\/#organization","name":"El Diario - Decano de la prensa nacional","url":"https:\/\/www.eldiario.net\/portal\/","logo":{"@type":"ImageObject","inLanguage":"es","@id":"https:\/\/www.eldiario.net\/portal\/#\/schema\/logo\/image\/","url":"https:\/\/www.eldiario.net\/portal\/wp-content\/uploads\/2023\/07\/logo_ED.jpg","contentUrl":"https:\/\/www.eldiario.net\/portal\/wp-content\/uploads\/2023\/07\/logo_ED.jpg","width":272,"height":52,"caption":"El Diario - Decano de la prensa nacional"},"image":{"@id":"https:\/\/www.eldiario.net\/portal\/#\/schema\/logo\/image\/"},"sameAs":["https:\/\/www.facebook.com\/eldiario.bolivia\/","https:\/\/x.com\/eldiario_net"]},{"@type":"Person","@id":"https:\/\/www.eldiario.net\/portal\/#\/schema\/person\/f46445640444750d7d753ccd04ae01b7","name":"Jeanette","image":{"@type":"ImageObject","inLanguage":"es","@id":"https:\/\/secure.gravatar.com\/avatar\/3ea2118a5f7dad2b7138b1187a6b7ee55f160b9968b66013c3a3ef39dd7e5798?s=96&d=mm&r=g","url":"https:\/\/secure.gravatar.com\/avatar\/3ea2118a5f7dad2b7138b1187a6b7ee55f160b9968b66013c3a3ef39dd7e5798?s=96&d=mm&r=g","contentUrl":"https:\/\/secure.gravatar.com\/avatar\/3ea2118a5f7dad2b7138b1187a6b7ee55f160b9968b66013c3a3ef39dd7e5798?s=96&d=mm&r=g","caption":"Jeanette"},"sameAs":["https:\/\/www.eldiario.net\/portal"],"url":"https:\/\/www.eldiario.net\/portal\/author\/jeanette\/"}]}},"_links":{"self":[{"href":"https:\/\/www.eldiario.net\/portal\/wp-json\/wp\/v2\/posts\/188061","targetHints":{"allow":["GET"]}}],"collection":[{"href":"https:\/\/www.eldiario.net\/portal\/wp-json\/wp\/v2\/posts"}],"about":[{"href":"https:\/\/www.eldiario.net\/portal\/wp-json\/wp\/v2\/types\/post"}],"author":[{"embeddable":true,"href":"https:\/\/www.eldiario.net\/portal\/wp-json\/wp\/v2\/users\/1"}],"replies":[{"embeddable":true,"href":"https:\/\/www.eldiario.net\/portal\/wp-json\/wp\/v2\/comments?post=188061"}],"version-history":[{"count":0,"href":"https:\/\/www.eldiario.net\/portal\/wp-json\/wp\/v2\/posts\/188061\/revisions"}],"wp:featuredmedia":[{"embeddable":true,"href":"https:\/\/www.eldiario.net\/portal\/wp-json\/wp\/v2\/media\/188062"}],"wp:attachment":[{"href":"https:\/\/www.eldiario.net\/portal\/wp-json\/wp\/v2\/media?parent=188061"}],"wp:term":[{"taxonomy":"category","embeddable":true,"href":"https:\/\/www.eldiario.net\/portal\/wp-json\/wp\/v2\/categories?post=188061"},{"taxonomy":"post_tag","embeddable":true,"href":"https:\/\/www.eldiario.net\/portal\/wp-json\/wp\/v2\/tags?post=188061"}],"curies":[{"name":"wp","href":"https:\/\/api.w.org\/{rel}","templated":true}]}}