{"id":188057,"date":"2023-11-17T06:59:32","date_gmt":"2023-11-17T10:59:32","guid":{"rendered":"https:\/\/www.eldiario.net\/portal\/?p=188057"},"modified":"2023-11-17T06:59:32","modified_gmt":"2023-11-17T10:59:32","slug":"la-conjuncion-3","status":"publish","type":"post","link":"https:\/\/www.eldiario.net\/portal\/2023\/11\/17\/la-conjuncion-3\/","title":{"rendered":"La conjunci\u00f3n"},"content":{"rendered":"<p><strong>Por equipo editor<\/strong><\/p>\n<p>&nbsp;<\/p>\n<p><strong>Recordemos que\u2026<\/strong><\/p>\n<p>&nbsp;<\/p>\n<p>Las\u00a0conjunciones\u00a0establecen relaciones entre palabras u oraciones. Pueden ser coordinantes, si unen dos elementos de igual valor, o\u00a0subordinantes, si establecen una relaci\u00f3n de dependencia o jerarqu\u00eda entre ellos.<\/p>\n<p>&nbsp;<\/p>\n<p><strong>Locuciones conjuntivas<\/strong><\/p>\n<p>&nbsp;<\/p>\n<p>La mayor\u00eda de conjunciones subordinantes son locuciones conjuntivas. El t\u00e9rmino\u00a0locuci\u00f3n conjuntiva\u00a0designa a dos o m\u00e1s palabras que unidas adoptan la\u00a0funci\u00f3n\u00a0gramatical de una\u00a0conjunci\u00f3n. En funci\u00f3n del tipo de palabras que se combinen, las locuciones conjuntivas se pueden clasificar en:<\/p>\n<p>&nbsp;<\/p>\n<ul>\n<li>Preposici\u00f3n\u00a0+ que:\u00a0porque, para que.<\/li>\n<li>Adverbio\u00a0+ que:\u00a0aunque, ahora que, bien que, mientras que, siempre que; as\u00ed que; ya que.<\/li>\n<li>Participio\u00a0+ que:\u00a0dado que, puesto que, visto que.<\/li>\n<li>Preposici\u00f3n +\u00a0sustantivo\u00a0+ que:\u00a0a medida que, de forma que, de manera que.<\/li>\n<li>Preposici\u00f3n + sustantivo + de + que:\u00a0a causa de que, a fin de que, en raz\u00f3n de que, en vista de que; antes de que.<\/li>\n<\/ul>\n<p>&nbsp;<\/p>\n<p><strong>Conjunciones subordinantes<\/strong><\/p>\n<p>Estas son las conjunciones y locuciones conjuntivas que pertenecen al grupo de subordinantes divididas en subcategor\u00edas seg\u00fan su significado, se\u00f1ala si rigen el uso de\u00a0indicativo\u00a0o\u00a0subjuntivo, e incluye ejemplos que permiten visualizar c\u00f3mo se emplean.<\/p>\n<table width=\"631\">\n<tbody>\n<tr>\n<td width=\"83\"><strong>Tipo<\/strong><\/td>\n<td width=\"142\"><strong>Conjunciones<\/strong><\/td>\n<td width=\"104\"><strong>Indicativo<\/strong><\/p>\n<p><strong>Subjuntivo<\/strong><\/td>\n<td width=\"302\"><strong>Ejemplos<\/strong><\/td>\n<\/tr>\n<tr>\n<td width=\"83\"><strong>Causales<\/strong><\/td>\n<td width=\"142\">\u00fc\u00a0 porque<\/p>\n<p>\u00fc\u00a0 como<\/p>\n<p>\u00fc\u00a0 ya que<\/p>\n<p>\u00fc\u00a0 dado que<\/p>\n<p>\u00fc\u00a0 visto que<\/p>\n<p>\u00fc\u00a0 puesto que<\/p>\n<p>\u00fc\u00a0 pues<\/td>\n<td width=\"104\">Indicativo<\/td>\n<td width=\"302\">\u00fc\u00a0 A Cristina le encanta el mar\u00a0porque\u00a0el aire\u00a0es\u00a0agradable.<\/p>\n<p>\u00fc\u00a0 Como\u00a0ayer\u00a0dorm\u00ed\u00a0muy poco, hoy estoy cansado.<\/p>\n<p>\u00fc\u00a0 Tengo sue\u00f1o,\u00a0pues\u00a0he dormido\u00a0muy poco.<\/td>\n<\/tr>\n<tr>\n<td rowspan=\"2\" width=\"83\"><strong>Comparativas<\/strong><\/td>\n<td width=\"142\">\u00fc\u00a0 que<\/td>\n<td width=\"104\">Indicativo:\u00a0el escenario es real.<\/td>\n<td width=\"302\">\u00fc\u00a0 Canto mejor\u00a0que\u00a0bailo.<\/td>\n<\/tr>\n<tr>\n<td width=\"142\">\u00fc\u00a0 como si<\/p>\n<p>\u00fc\u00a0 sin que<\/td>\n<td width=\"104\">Subjuntivo:\u00a0el escenario de la comparaci\u00f3n es hipot\u00e9tico.<\/td>\n<td width=\"302\">\u00fc\u00a0 Podemos pasear con los ni\u00f1os\u00a0sin que\u00a0se\u00a0cansen.<\/p>\n<p>\u00fc\u00a0 Como si\u00a0fuera\u00a0el jefe, se puso a dirigir el departamento.<\/td>\n<\/tr>\n<tr>\n<td rowspan=\"2\" width=\"83\"><strong>Completivas<\/strong><\/td>\n<td width=\"142\">\u00fc\u00a0 si<\/p>\n<p>\u00fc\u00a0 que<\/td>\n<td width=\"104\">Indicativo<\/td>\n<td width=\"302\">\u00fc\u00a0 Me preguntan\u00a0si\u00a0queremos\u00a0ir al cine por la tarde.<\/p>\n<p>\u00fc\u00a0 No s\u00e9\u00a0si\u00a0vamos\u00a0a irnos de vacaciones este a\u00f1o.<\/p>\n<p>\u00fc\u00a0 Creo\u00a0que\u00a0la marea\u00a0est\u00e1\u00a0alta.<\/td>\n<\/tr>\n<tr>\n<td width=\"142\">\u00fc\u00a0 Que<\/td>\n<td width=\"104\">Subjuntivo<\/td>\n<td width=\"302\">\u00fc\u00a0 No\u00a0creo\u00a0que\u00a0la marea\u00a0est\u00e9\u00a0alta.<\/td>\n<\/tr>\n<tr>\n<td rowspan=\"2\" width=\"83\"><strong>Concesivas<\/strong><\/td>\n<td width=\"142\">\u00fc\u00a0 aunque<\/p>\n<p>\u00fc\u00a0 aun cuando<\/p>\n<p>\u00fc\u00a0 si bien<\/td>\n<td width=\"104\">Indicativo:\u00a0la acci\u00f3n principal ocurre a pesar de la subordinada.<\/td>\n<td width=\"302\">\u00fc\u00a0 Ella nada muy r\u00e1pido,\u00a0aunque\u00a0le\u00a0duele\u00a0la pierna.<\/p>\n<p>\u00fc\u00a0 Ella nada muy r\u00e1pido\u00a0aun cuando\u00a0le\u00a0duele\u00a0la pierna.<\/td>\n<\/tr>\n<tr>\n<td width=\"142\">\u00fc\u00a0 aunque<\/p>\n<p>\u00fc\u00a0 as\u00ed<\/p>\n<p>\u00fc\u00a0 por m\u00e1s que<\/p>\n<p>\u00fc\u00a0 por mucho que<\/td>\n<td width=\"104\">Subjuntivo:\u00a0la acci\u00f3n principal ocurre con independencia de la subordinada.<\/td>\n<td width=\"302\">\u00fc\u00a0 Ella nada muy r\u00e1pido\u00a0aunque\u00a0le\u00a0duela\u00a0la pierna.<\/p>\n<p>\u00fc\u00a0 Por mucho que\u00a0llores, no vas a solucionar tus problemas.<\/p>\n<p>\u00fc\u00a0 As\u00ed\u00a0supliques\u00a0otra oportunidad, no creo que te la\u00a0concedan.<\/td>\n<\/tr>\n<tr>\n<td rowspan=\"2\" width=\"83\"><strong>Condicionales<\/strong><\/td>\n<td width=\"142\">\u00fc\u00a0 si<\/p>\n<p>\u00fc\u00a0 si no<\/td>\n<td width=\"104\">Indicativo:\u00a0condiciones reales.<\/td>\n<td width=\"302\">\u00fc\u00a0 Si\u00a0tienes\u00a0tiempo, deber\u00edas ir a ver esa exposici\u00f3n.<\/p>\n<p>\u00fc\u00a0 Si no\u00a0tienes\u00a0hambre, mejor no pidas una pizza grande.<\/td>\n<\/tr>\n<tr>\n<td width=\"142\">\u00fc\u00a0 si<\/p>\n<p>\u00fc\u00a0 como<\/p>\n<p>\u00fc\u00a0 a menos que<\/p>\n<p>\u00fc\u00a0 con tal de que<\/p>\n<p>\u00fc\u00a0 siempre que<\/p>\n<p>\u00fc\u00a0 siempre y cuando<\/p>\n<p>\u00fc\u00a0 salvo que<\/p>\n<p>\u00fc\u00a0 cada vez que<\/p>\n<p>\u00fc\u00a0 mientras<\/td>\n<td width=\"104\">Subjuntivo:\u00a0escenarios hipot\u00e9ticos.<\/td>\n<td width=\"302\">\u00fc\u00a0 Si\u00a0tuviera\u00a0tiempo, te ayudar\u00eda.<\/p>\n<p>\u00fc\u00a0 Como\u00a0llueva, no salgo de casa.<\/p>\n<p>\u00fc\u00a0 Te presto mi ordenador\u00a0siempre que\u00a0lo\u00a0trates\u00a0bien.<\/p>\n<p>\u00fc\u00a0 Tienes que estudiar m\u00e1s\u00a0a menos que\u00a0quieras\u00a0suspender.<\/p>\n<p>\u00fc\u00a0 Te ayudar\u00e9 con lo que quieras\u00a0con tal de que\u00a0me\u00a0ayudes\u00a0t\u00fa ahora.<\/p>\n<p>\u00fc\u00a0 No me opongo\u00a0mientras\u00a0para ti sea positivo.<\/td>\n<\/tr>\n<tr>\n<td rowspan=\"2\" width=\"83\"><strong>Consecutivas<\/strong><\/td>\n<td width=\"142\">\u00fc\u00a0 que<\/p>\n<p>\u00fc\u00a0 as\u00ed (es) que<\/p>\n<p>\u00fc\u00a0 de modo\/manera\/forma que<\/td>\n<td width=\"104\">Indicativo<\/td>\n<td width=\"302\">\u00fc\u00a0 Ten\u00edamos tanto calor que metimos los pies en una fuente.<\/p>\n<p>\u00fc\u00a0 Somos cuatro personas,\u00a0as\u00ed que viajaremos en un solo coche.<\/p>\n<p>\u00fc\u00a0 El sol brilla con fuerza,\u00a0de modo que\u00a0Cristina\u00a0se pone\u00a0las gafas de sol.<\/td>\n<\/tr>\n<tr>\n<td width=\"142\">\u00fc\u00a0 de modo\/manera\/forma que<\/td>\n<td width=\"104\">Subjuntivo:\u00a0consecuencia intencionada<\/td>\n<td width=\"302\">\u00fc\u00a0 Saldremos temprano\u00a0de modo que lleguemos\u00a0a tiempo para cenar.<\/td>\n<\/tr>\n<tr>\n<td width=\"83\"><strong>Finales<\/strong><\/td>\n<td width=\"142\">\u00fc\u00a0 para que<\/p>\n<p>\u00fc\u00a0 a fin de que<\/td>\n<td width=\"104\">Subjuntivo<\/td>\n<td width=\"302\">\u00fc\u00a0 Cristina se pone crema\u00a0para que\u00a0la quemadura del sol\u00a0se cure.<\/td>\n<\/tr>\n<tr>\n<td width=\"83\"><strong>Ilativas<\/strong><\/td>\n<td width=\"142\">\u00fc\u00a0 luego<\/p>\n<p>\u00fc\u00a0 conque<\/p>\n<p>\u00fc\u00a0 ergo<\/td>\n<td width=\"104\">Indicativo<\/td>\n<td width=\"302\">\u00fc\u00a0 Pienso,\u00a0luego\u00a0existo.<\/p>\n<p>\u00fc\u00a0 Hay mucho tr\u00e1fico, conque vamos a llegar tarde.<\/td>\n<\/tr>\n<tr>\n<td rowspan=\"2\" width=\"83\"><strong>Temporales<\/strong><\/td>\n<td width=\"142\">\u00fc\u00a0 mientras<\/td>\n<td width=\"104\">Indicativo<\/td>\n<td width=\"302\">\u00fc\u00a0 Mientras\u00a0nosotros\u00a0vamos\u00a0a la compra, vosotros prepar\u00e1is el jard\u00edn.<\/td>\n<\/tr>\n<tr>\n<td width=\"142\">\u00fc\u00a0 luego que<\/td>\n<td width=\"104\">Subjuntivo<\/td>\n<td width=\"302\">\u00fc\u00a0 Luego que\u00a0acabe\u00a0de comer, dormir\u00e9 la siesta.<\/td>\n<\/tr>\n<\/tbody>\n<\/table>\n<p>&nbsp;<\/p>\n<p><strong>\u00bfIndicativo o subjuntivo?<\/strong><\/p>\n<p>&nbsp;<\/p>\n<p>Algunas conjunciones admiten tanto\u00a0indicativo\u00a0como\u00a0subjuntivo\u00a0seg\u00fan las circunstancias. Estos son los factores que se deben tener en cuenta.<\/p>\n<p>&nbsp;<\/p>\n<p><strong>Seg\u00fan el significado<\/strong><\/p>\n<p>&nbsp;<\/p>\n<p>Se utilizan con\u00a0indicativo\u00a0las conjunciones que presentan hechos, condiciones posibles, escenarios reales:<\/p>\n<p><strong>Conjunciones concesivas:<\/strong>\u00a0aunque, por m\u00e1s\/mucho que, que.<\/p>\n<p>&nbsp;<\/p>\n<p><strong>Ejemplo:<\/strong><\/p>\n<p>Aunque\u00a0me alimento\u00a0muy sano, tengo falta de hierro.<\/p>\n<p>&nbsp;<\/p>\n<p><strong>Conjunciones condicionales:<\/strong>\u00a0si.<\/p>\n<p>&nbsp;<\/p>\n<p><strong>Ejemplo:<\/strong><\/p>\n<p>Si\u00a0llegas\u00a0el primero al cine, compra las entradas.<\/p>\n<p>&nbsp;<\/p>\n<p><strong>Conjunciones temporales:<\/strong>\u00a0mientras.<\/p>\n<p>&nbsp;<\/p>\n<p><strong>Ejemplo:<\/strong><\/p>\n<p>Saca la basura\u00a0mientras\u00a0yo\u00a0riego\u00a0las plantas.<\/p>\n<p>&nbsp;<\/p>\n<p>Se utilizan con\u00a0subjuntivo\u00a0las conjunciones que presentan suposiciones, advertencias, condiciones imposibles, escenarios hipot\u00e9ticos:<\/p>\n<p><strong>Conjunciones concesivas:<\/strong>\u00a0aunque, aun cuando. por m\u00e1s\/mucho que, que.<\/p>\n<p>&nbsp;<\/p>\n<p><strong>Ejemplo:<\/strong><\/p>\n<p>Aunque\u00a0llegues\u00a0tarde a casa, prep\u00e1rate la cena.<\/p>\n<p>&nbsp;<\/p>\n<p><strong>Conjunciones condicionales:<\/strong>\u00a0si, mientras.<\/p>\n<p>&nbsp;<\/p>\n<p><strong>Ejemplo:<\/strong><\/p>\n<p>Mientras\u00a0te guste\u00a0el trabajo, no lo dejes.<\/p>\n<p>Te ayudar\u00eda\u00a0si\u00a0tuviera\u00a0tiempo.<\/p>\n<p>&nbsp;<\/p>\n<p><strong>Seg\u00fan el tiempo<\/strong><\/p>\n<p>&nbsp;<\/p>\n<p>Se utilizan con\u00a0indicativo\u00a0las conjunciones temporales con sentido de presente o pasado: siempre que, cada vez.<\/p>\n<p>&nbsp;<\/p>\n<p><strong>Ejemplo:<\/strong><\/p>\n<p>Siempre que\u00a0tomo\u00a0el sol, leo una revista.<\/p>\n<p>Escucho m\u00fasica\u00a0mientras\u00a0leo.<\/p>\n<p>&nbsp;<\/p>\n<p>Se utilizan con\u00a0subjuntivo\u00a0las conjunciones temporales con sentido de\u00a0futuro:\u00a0siempre que, cada vez.<\/p>\n<p>&nbsp;<\/p>\n<p><strong>Ejemplo:<\/strong><\/p>\n<p>Siempre que\u00a0cambies\u00a0una bombilla, corta la luz primero.<\/p>\n<p>No uses el tel\u00e9fono m\u00f3vil\u00a0mientras\u00a0conduzcas.<\/p>\n<div id='gallery-1' class='gallery galleryid-188057 gallery-columns-3 gallery-size-medium'><figure class='gallery-item'>\n\t\t\t<div class='gallery-icon landscape'>\n\t\t\t\t<a href='https:\/\/www.eldiario.net\/portal\/2023\/11\/17\/la-conjuncion-3\/len-locuciones-conjuntivas\/'><img loading=\"lazy\" decoding=\"async\" width=\"300\" height=\"223\" src=\"https:\/\/www.eldiario.net\/portal\/wp-content\/uploads\/2023\/11\/Len-Locuciones-conjuntivas-300x223.jpg\" class=\"attachment-medium size-medium\" alt=\"\" srcset=\"https:\/\/www.eldiario.net\/portal\/wp-content\/uploads\/2023\/11\/Len-Locuciones-conjuntivas-300x223.jpg 300w, https:\/\/www.eldiario.net\/portal\/wp-content\/uploads\/2023\/11\/Len-Locuciones-conjuntivas.jpg 474w\" sizes=\"auto, (max-width: 300px) 100vw, 300px\" \/><\/a>\n\t\t\t<\/div><\/figure><figure class='gallery-item'>\n\t\t\t<div class='gallery-icon landscape'>\n\t\t\t\t<a href='https:\/\/www.eldiario.net\/portal\/2023\/11\/17\/la-conjuncion-3\/len-mas-locuciones-conjuntivas\/'><img loading=\"lazy\" decoding=\"async\" width=\"300\" height=\"225\" src=\"https:\/\/www.eldiario.net\/portal\/wp-content\/uploads\/2023\/11\/Len-Mas-Locuciones-conjuntivas-300x225.jpg\" class=\"attachment-medium size-medium\" alt=\"\" srcset=\"https:\/\/www.eldiario.net\/portal\/wp-content\/uploads\/2023\/11\/Len-Mas-Locuciones-conjuntivas-300x225.jpg 300w, https:\/\/www.eldiario.net\/portal\/wp-content\/uploads\/2023\/11\/Len-Mas-Locuciones-conjuntivas-1024x769.jpg 1024w, https:\/\/www.eldiario.net\/portal\/wp-content\/uploads\/2023\/11\/Len-Mas-Locuciones-conjuntivas-768x577.jpg 768w, https:\/\/www.eldiario.net\/portal\/wp-content\/uploads\/2023\/11\/Len-Mas-Locuciones-conjuntivas-696x523.jpg 696w, https:\/\/www.eldiario.net\/portal\/wp-content\/uploads\/2023\/11\/Len-Mas-Locuciones-conjuntivas.jpg 1065w\" sizes=\"auto, (max-width: 300px) 100vw, 300px\" \/><\/a>\n\t\t\t<\/div><\/figure>\n\t\t<\/div>\n\n","protected":false},"excerpt":{"rendered":"<p>Por equipo editor &nbsp; Recordemos que\u2026 &nbsp; Las\u00a0conjunciones\u00a0establecen relaciones entre palabras u oraciones. Pueden ser coordinantes, si unen dos elementos de igual valor, o\u00a0subordinantes, si establecen una relaci\u00f3n de dependencia o jerarqu\u00eda entre ellos. &nbsp; Locuciones conjuntivas &nbsp; La mayor\u00eda de conjunciones subordinantes son locuciones conjuntivas. El t\u00e9rmino\u00a0locuci\u00f3n conjuntiva\u00a0designa a dos o m\u00e1s palabras que [&hellip;]<\/p>\n","protected":false},"author":1,"featured_media":188058,"comment_status":"closed","ping_status":"open","sticky":false,"template":"","format":"standard","meta":{"_acf_changed":false,"footnotes":""},"categories":[43],"tags":[],"class_list":["post-188057","post","type-post","status-publish","format-standard","has-post-thumbnail","category-nuevos-horizontes"],"acf":{"antetitulo":""},"yoast_head":"<!-- This site is optimized with the Yoast SEO plugin v28.4 - https:\/\/yoast.com\/product\/yoast-seo-wordpress\/ -->\n<title>La conjunci\u00f3n - El Diario - Bolivia<\/title>\n<meta name=\"robots\" content=\"index, follow, max-snippet:-1, max-image-preview:large, max-video-preview:-1\" \/>\n<link rel=\"canonical\" href=\"https:\/\/www.eldiario.net\/portal\/2023\/11\/17\/la-conjuncion-3\/\" \/>\n<meta property=\"og:locale\" content=\"es_ES\" \/>\n<meta property=\"og:type\" content=\"article\" \/>\n<meta property=\"og:title\" content=\"La conjunci\u00f3n - El Diario - Bolivia\" \/>\n<meta property=\"og:description\" content=\"Por equipo editor &nbsp; Recordemos que\u2026 &nbsp; Las\u00a0conjunciones\u00a0establecen relaciones entre palabras u oraciones. Pueden ser coordinantes, si unen dos elementos de igual valor, o\u00a0subordinantes, si establecen una relaci\u00f3n de dependencia o jerarqu\u00eda entre ellos. &nbsp; Locuciones conjuntivas &nbsp; La mayor\u00eda de conjunciones subordinantes son locuciones conjuntivas. El t\u00e9rmino\u00a0locuci\u00f3n conjuntiva\u00a0designa a dos o m\u00e1s palabras que [&hellip;]\" \/>\n<meta property=\"og:url\" content=\"https:\/\/www.eldiario.net\/portal\/2023\/11\/17\/la-conjuncion-3\/\" \/>\n<meta property=\"og:site_name\" content=\"El Diario - Bolivia\" \/>\n<meta property=\"article:publisher\" content=\"https:\/\/www.facebook.com\/eldiario.bolivia\/\" \/>\n<meta property=\"article:published_time\" content=\"2023-11-17T10:59:32+00:00\" \/>\n<meta property=\"og:image\" content=\"https:\/\/www.eldiario.net\/portal\/wp-content\/uploads\/2023\/11\/Len-Locuciones-conjuntivas.jpg\" \/>\n\t<meta property=\"og:image:width\" content=\"474\" \/>\n\t<meta property=\"og:image:height\" content=\"353\" \/>\n\t<meta property=\"og:image:type\" content=\"image\/jpeg\" \/>\n<meta name=\"author\" content=\"Jeanette\" \/>\n<meta name=\"twitter:card\" content=\"summary_large_image\" \/>\n<meta name=\"twitter:creator\" content=\"@eldiario_net\" \/>\n<meta name=\"twitter:site\" content=\"@eldiario_net\" \/>\n<meta name=\"twitter:label1\" content=\"Escrito por\" \/>\n\t<meta name=\"twitter:data1\" content=\"Jeanette\" \/>\n\t<meta name=\"twitter:label2\" content=\"Tiempo de lectura\" \/>\n\t<meta name=\"twitter:data2\" content=\"5 minutos\" \/>\n<script type=\"application\/ld+json\" class=\"yoast-schema-graph\">{\"@context\":\"https:\\\/\\\/schema.org\",\"@graph\":[{\"@type\":\"Article\",\"@id\":\"https:\\\/\\\/www.eldiario.net\\\/portal\\\/2023\\\/11\\\/17\\\/la-conjuncion-3\\\/#article\",\"isPartOf\":{\"@id\":\"https:\\\/\\\/www.eldiario.net\\\/portal\\\/2023\\\/11\\\/17\\\/la-conjuncion-3\\\/\"},\"author\":{\"name\":\"Jeanette\",\"@id\":\"https:\\\/\\\/www.eldiario.net\\\/portal\\\/#\\\/schema\\\/person\\\/f46445640444750d7d753ccd04ae01b7\"},\"headline\":\"La conjunci\u00f3n\",\"datePublished\":\"2023-11-17T10:59:32+00:00\",\"mainEntityOfPage\":{\"@id\":\"https:\\\/\\\/www.eldiario.net\\\/portal\\\/2023\\\/11\\\/17\\\/la-conjuncion-3\\\/\"},\"wordCount\":891,\"publisher\":{\"@id\":\"https:\\\/\\\/www.eldiario.net\\\/portal\\\/#organization\"},\"image\":{\"@id\":\"https:\\\/\\\/www.eldiario.net\\\/portal\\\/2023\\\/11\\\/17\\\/la-conjuncion-3\\\/#primaryimage\"},\"thumbnailUrl\":\"https:\\\/\\\/www.eldiario.net\\\/portal\\\/wp-content\\\/uploads\\\/2023\\\/11\\\/Len-Locuciones-conjuntivas.jpg\",\"articleSection\":[\"Nuevos Horizontes\"],\"inLanguage\":\"es\"},{\"@type\":\"WebPage\",\"@id\":\"https:\\\/\\\/www.eldiario.net\\\/portal\\\/2023\\\/11\\\/17\\\/la-conjuncion-3\\\/\",\"url\":\"https:\\\/\\\/www.eldiario.net\\\/portal\\\/2023\\\/11\\\/17\\\/la-conjuncion-3\\\/\",\"name\":\"La conjunci\u00f3n - El Diario - Bolivia\",\"isPartOf\":{\"@id\":\"https:\\\/\\\/www.eldiario.net\\\/portal\\\/#website\"},\"primaryImageOfPage\":{\"@id\":\"https:\\\/\\\/www.eldiario.net\\\/portal\\\/2023\\\/11\\\/17\\\/la-conjuncion-3\\\/#primaryimage\"},\"image\":{\"@id\":\"https:\\\/\\\/www.eldiario.net\\\/portal\\\/2023\\\/11\\\/17\\\/la-conjuncion-3\\\/#primaryimage\"},\"thumbnailUrl\":\"https:\\\/\\\/www.eldiario.net\\\/portal\\\/wp-content\\\/uploads\\\/2023\\\/11\\\/Len-Locuciones-conjuntivas.jpg\",\"datePublished\":\"2023-11-17T10:59:32+00:00\",\"breadcrumb\":{\"@id\":\"https:\\\/\\\/www.eldiario.net\\\/portal\\\/2023\\\/11\\\/17\\\/la-conjuncion-3\\\/#breadcrumb\"},\"inLanguage\":\"es\",\"potentialAction\":[{\"@type\":\"ReadAction\",\"target\":[\"https:\\\/\\\/www.eldiario.net\\\/portal\\\/2023\\\/11\\\/17\\\/la-conjuncion-3\\\/\"]}]},{\"@type\":\"ImageObject\",\"inLanguage\":\"es\",\"@id\":\"https:\\\/\\\/www.eldiario.net\\\/portal\\\/2023\\\/11\\\/17\\\/la-conjuncion-3\\\/#primaryimage\",\"url\":\"https:\\\/\\\/www.eldiario.net\\\/portal\\\/wp-content\\\/uploads\\\/2023\\\/11\\\/Len-Locuciones-conjuntivas.jpg\",\"contentUrl\":\"https:\\\/\\\/www.eldiario.net\\\/portal\\\/wp-content\\\/uploads\\\/2023\\\/11\\\/Len-Locuciones-conjuntivas.jpg\",\"width\":474,\"height\":353},{\"@type\":\"BreadcrumbList\",\"@id\":\"https:\\\/\\\/www.eldiario.net\\\/portal\\\/2023\\\/11\\\/17\\\/la-conjuncion-3\\\/#breadcrumb\",\"itemListElement\":[{\"@type\":\"ListItem\",\"position\":1,\"name\":\"Portada\",\"item\":\"https:\\\/\\\/www.eldiario.net\\\/portal\\\/\"},{\"@type\":\"ListItem\",\"position\":2,\"name\":\"La conjunci\u00f3n\"}]},{\"@type\":\"WebSite\",\"@id\":\"https:\\\/\\\/www.eldiario.net\\\/portal\\\/#website\",\"url\":\"https:\\\/\\\/www.eldiario.net\\\/portal\\\/\",\"name\":\"El Diario - Decano de la prensa nacional\",\"description\":\"El Diario - Decano de la prensa nacional\",\"publisher\":{\"@id\":\"https:\\\/\\\/www.eldiario.net\\\/portal\\\/#organization\"},\"potentialAction\":[{\"@type\":\"SearchAction\",\"target\":{\"@type\":\"EntryPoint\",\"urlTemplate\":\"https:\\\/\\\/www.eldiario.net\\\/portal\\\/?s={search_term_string}\"},\"query-input\":{\"@type\":\"PropertyValueSpecification\",\"valueRequired\":true,\"valueName\":\"search_term_string\"}}],\"inLanguage\":\"es\"},{\"@type\":\"Organization\",\"@id\":\"https:\\\/\\\/www.eldiario.net\\\/portal\\\/#organization\",\"name\":\"El Diario - Decano de la prensa nacional\",\"url\":\"https:\\\/\\\/www.eldiario.net\\\/portal\\\/\",\"logo\":{\"@type\":\"ImageObject\",\"inLanguage\":\"es\",\"@id\":\"https:\\\/\\\/www.eldiario.net\\\/portal\\\/#\\\/schema\\\/logo\\\/image\\\/\",\"url\":\"https:\\\/\\\/www.eldiario.net\\\/portal\\\/wp-content\\\/uploads\\\/2023\\\/07\\\/logo_ED.jpg\",\"contentUrl\":\"https:\\\/\\\/www.eldiario.net\\\/portal\\\/wp-content\\\/uploads\\\/2023\\\/07\\\/logo_ED.jpg\",\"width\":272,\"height\":52,\"caption\":\"El Diario - Decano de la prensa nacional\"},\"image\":{\"@id\":\"https:\\\/\\\/www.eldiario.net\\\/portal\\\/#\\\/schema\\\/logo\\\/image\\\/\"},\"sameAs\":[\"https:\\\/\\\/www.facebook.com\\\/eldiario.bolivia\\\/\",\"https:\\\/\\\/x.com\\\/eldiario_net\"]},{\"@type\":\"Person\",\"@id\":\"https:\\\/\\\/www.eldiario.net\\\/portal\\\/#\\\/schema\\\/person\\\/f46445640444750d7d753ccd04ae01b7\",\"name\":\"Jeanette\",\"image\":{\"@type\":\"ImageObject\",\"inLanguage\":\"es\",\"@id\":\"https:\\\/\\\/secure.gravatar.com\\\/avatar\\\/3ea2118a5f7dad2b7138b1187a6b7ee55f160b9968b66013c3a3ef39dd7e5798?s=96&d=mm&r=g\",\"url\":\"https:\\\/\\\/secure.gravatar.com\\\/avatar\\\/3ea2118a5f7dad2b7138b1187a6b7ee55f160b9968b66013c3a3ef39dd7e5798?s=96&d=mm&r=g\",\"contentUrl\":\"https:\\\/\\\/secure.gravatar.com\\\/avatar\\\/3ea2118a5f7dad2b7138b1187a6b7ee55f160b9968b66013c3a3ef39dd7e5798?s=96&d=mm&r=g\",\"caption\":\"Jeanette\"},\"sameAs\":[\"https:\\\/\\\/www.eldiario.net\\\/portal\"],\"url\":\"https:\\\/\\\/www.eldiario.net\\\/portal\\\/author\\\/jeanette\\\/\"}]}<\/script>\n<!-- \/ Yoast SEO plugin. -->","yoast_head_json":{"title":"La conjunci\u00f3n - El Diario - Bolivia","robots":{"index":"index","follow":"follow","max-snippet":"max-snippet:-1","max-image-preview":"max-image-preview:large","max-video-preview":"max-video-preview:-1"},"canonical":"https:\/\/www.eldiario.net\/portal\/2023\/11\/17\/la-conjuncion-3\/","og_locale":"es_ES","og_type":"article","og_title":"La conjunci\u00f3n - El Diario - Bolivia","og_description":"Por equipo editor &nbsp; Recordemos que\u2026 &nbsp; Las\u00a0conjunciones\u00a0establecen relaciones entre palabras u oraciones. Pueden ser coordinantes, si unen dos elementos de igual valor, o\u00a0subordinantes, si establecen una relaci\u00f3n de dependencia o jerarqu\u00eda entre ellos. &nbsp; Locuciones conjuntivas &nbsp; La mayor\u00eda de conjunciones subordinantes son locuciones conjuntivas. El t\u00e9rmino\u00a0locuci\u00f3n conjuntiva\u00a0designa a dos o m\u00e1s palabras que [&hellip;]","og_url":"https:\/\/www.eldiario.net\/portal\/2023\/11\/17\/la-conjuncion-3\/","og_site_name":"El Diario - Bolivia","article_publisher":"https:\/\/www.facebook.com\/eldiario.bolivia\/","article_published_time":"2023-11-17T10:59:32+00:00","og_image":[{"width":474,"height":353,"url":"https:\/\/www.eldiario.net\/portal\/wp-content\/uploads\/2023\/11\/Len-Locuciones-conjuntivas.jpg","type":"image\/jpeg"}],"author":"Jeanette","twitter_card":"summary_large_image","twitter_creator":"@eldiario_net","twitter_site":"@eldiario_net","twitter_misc":{"Escrito por":"Jeanette","Tiempo de lectura":"5 minutos"},"schema":{"@context":"https:\/\/schema.org","@graph":[{"@type":"Article","@id":"https:\/\/www.eldiario.net\/portal\/2023\/11\/17\/la-conjuncion-3\/#article","isPartOf":{"@id":"https:\/\/www.eldiario.net\/portal\/2023\/11\/17\/la-conjuncion-3\/"},"author":{"name":"Jeanette","@id":"https:\/\/www.eldiario.net\/portal\/#\/schema\/person\/f46445640444750d7d753ccd04ae01b7"},"headline":"La conjunci\u00f3n","datePublished":"2023-11-17T10:59:32+00:00","mainEntityOfPage":{"@id":"https:\/\/www.eldiario.net\/portal\/2023\/11\/17\/la-conjuncion-3\/"},"wordCount":891,"publisher":{"@id":"https:\/\/www.eldiario.net\/portal\/#organization"},"image":{"@id":"https:\/\/www.eldiario.net\/portal\/2023\/11\/17\/la-conjuncion-3\/#primaryimage"},"thumbnailUrl":"https:\/\/www.eldiario.net\/portal\/wp-content\/uploads\/2023\/11\/Len-Locuciones-conjuntivas.jpg","articleSection":["Nuevos Horizontes"],"inLanguage":"es"},{"@type":"WebPage","@id":"https:\/\/www.eldiario.net\/portal\/2023\/11\/17\/la-conjuncion-3\/","url":"https:\/\/www.eldiario.net\/portal\/2023\/11\/17\/la-conjuncion-3\/","name":"La conjunci\u00f3n - El Diario - Bolivia","isPartOf":{"@id":"https:\/\/www.eldiario.net\/portal\/#website"},"primaryImageOfPage":{"@id":"https:\/\/www.eldiario.net\/portal\/2023\/11\/17\/la-conjuncion-3\/#primaryimage"},"image":{"@id":"https:\/\/www.eldiario.net\/portal\/2023\/11\/17\/la-conjuncion-3\/#primaryimage"},"thumbnailUrl":"https:\/\/www.eldiario.net\/portal\/wp-content\/uploads\/2023\/11\/Len-Locuciones-conjuntivas.jpg","datePublished":"2023-11-17T10:59:32+00:00","breadcrumb":{"@id":"https:\/\/www.eldiario.net\/portal\/2023\/11\/17\/la-conjuncion-3\/#breadcrumb"},"inLanguage":"es","potentialAction":[{"@type":"ReadAction","target":["https:\/\/www.eldiario.net\/portal\/2023\/11\/17\/la-conjuncion-3\/"]}]},{"@type":"ImageObject","inLanguage":"es","@id":"https:\/\/www.eldiario.net\/portal\/2023\/11\/17\/la-conjuncion-3\/#primaryimage","url":"https:\/\/www.eldiario.net\/portal\/wp-content\/uploads\/2023\/11\/Len-Locuciones-conjuntivas.jpg","contentUrl":"https:\/\/www.eldiario.net\/portal\/wp-content\/uploads\/2023\/11\/Len-Locuciones-conjuntivas.jpg","width":474,"height":353},{"@type":"BreadcrumbList","@id":"https:\/\/www.eldiario.net\/portal\/2023\/11\/17\/la-conjuncion-3\/#breadcrumb","itemListElement":[{"@type":"ListItem","position":1,"name":"Portada","item":"https:\/\/www.eldiario.net\/portal\/"},{"@type":"ListItem","position":2,"name":"La conjunci\u00f3n"}]},{"@type":"WebSite","@id":"https:\/\/www.eldiario.net\/portal\/#website","url":"https:\/\/www.eldiario.net\/portal\/","name":"El Diario - Decano de la prensa nacional","description":"El Diario - Decano de la prensa nacional","publisher":{"@id":"https:\/\/www.eldiario.net\/portal\/#organization"},"potentialAction":[{"@type":"SearchAction","target":{"@type":"EntryPoint","urlTemplate":"https:\/\/www.eldiario.net\/portal\/?s={search_term_string}"},"query-input":{"@type":"PropertyValueSpecification","valueRequired":true,"valueName":"search_term_string"}}],"inLanguage":"es"},{"@type":"Organization","@id":"https:\/\/www.eldiario.net\/portal\/#organization","name":"El Diario - Decano de la prensa nacional","url":"https:\/\/www.eldiario.net\/portal\/","logo":{"@type":"ImageObject","inLanguage":"es","@id":"https:\/\/www.eldiario.net\/portal\/#\/schema\/logo\/image\/","url":"https:\/\/www.eldiario.net\/portal\/wp-content\/uploads\/2023\/07\/logo_ED.jpg","contentUrl":"https:\/\/www.eldiario.net\/portal\/wp-content\/uploads\/2023\/07\/logo_ED.jpg","width":272,"height":52,"caption":"El Diario - Decano de la prensa nacional"},"image":{"@id":"https:\/\/www.eldiario.net\/portal\/#\/schema\/logo\/image\/"},"sameAs":["https:\/\/www.facebook.com\/eldiario.bolivia\/","https:\/\/x.com\/eldiario_net"]},{"@type":"Person","@id":"https:\/\/www.eldiario.net\/portal\/#\/schema\/person\/f46445640444750d7d753ccd04ae01b7","name":"Jeanette","image":{"@type":"ImageObject","inLanguage":"es","@id":"https:\/\/secure.gravatar.com\/avatar\/3ea2118a5f7dad2b7138b1187a6b7ee55f160b9968b66013c3a3ef39dd7e5798?s=96&d=mm&r=g","url":"https:\/\/secure.gravatar.com\/avatar\/3ea2118a5f7dad2b7138b1187a6b7ee55f160b9968b66013c3a3ef39dd7e5798?s=96&d=mm&r=g","contentUrl":"https:\/\/secure.gravatar.com\/avatar\/3ea2118a5f7dad2b7138b1187a6b7ee55f160b9968b66013c3a3ef39dd7e5798?s=96&d=mm&r=g","caption":"Jeanette"},"sameAs":["https:\/\/www.eldiario.net\/portal"],"url":"https:\/\/www.eldiario.net\/portal\/author\/jeanette\/"}]}},"_links":{"self":[{"href":"https:\/\/www.eldiario.net\/portal\/wp-json\/wp\/v2\/posts\/188057","targetHints":{"allow":["GET"]}}],"collection":[{"href":"https:\/\/www.eldiario.net\/portal\/wp-json\/wp\/v2\/posts"}],"about":[{"href":"https:\/\/www.eldiario.net\/portal\/wp-json\/wp\/v2\/types\/post"}],"author":[{"embeddable":true,"href":"https:\/\/www.eldiario.net\/portal\/wp-json\/wp\/v2\/users\/1"}],"replies":[{"embeddable":true,"href":"https:\/\/www.eldiario.net\/portal\/wp-json\/wp\/v2\/comments?post=188057"}],"version-history":[{"count":0,"href":"https:\/\/www.eldiario.net\/portal\/wp-json\/wp\/v2\/posts\/188057\/revisions"}],"wp:featuredmedia":[{"embeddable":true,"href":"https:\/\/www.eldiario.net\/portal\/wp-json\/wp\/v2\/media\/188058"}],"wp:attachment":[{"href":"https:\/\/www.eldiario.net\/portal\/wp-json\/wp\/v2\/media?parent=188057"}],"wp:term":[{"taxonomy":"category","embeddable":true,"href":"https:\/\/www.eldiario.net\/portal\/wp-json\/wp\/v2\/categories?post=188057"},{"taxonomy":"post_tag","embeddable":true,"href":"https:\/\/www.eldiario.net\/portal\/wp-json\/wp\/v2\/tags?post=188057"}],"curies":[{"name":"wp","href":"https:\/\/api.w.org\/{rel}","templated":true}]}}