{"id":188052,"date":"2023-11-17T06:58:40","date_gmt":"2023-11-17T10:58:40","guid":{"rendered":"https:\/\/www.eldiario.net\/portal\/?p=188052"},"modified":"2023-11-17T06:58:40","modified_gmt":"2023-11-17T10:58:40","slug":"caracteristicas-del-renacimiento-y-la-modernidad-acercamiento-historico-2","status":"publish","type":"post","link":"https:\/\/www.eldiario.net\/portal\/2023\/11\/17\/caracteristicas-del-renacimiento-y-la-modernidad-acercamiento-historico-2\/","title":{"rendered":"Caracter\u00edsticas del renacimiento y la modernidad \u2013 Acercamiento hist\u00f3rico"},"content":{"rendered":"<p><strong>Segunda Parte<\/strong><\/p>\n<p><strong>Por: Equipo editor<\/strong><\/p>\n<p>&nbsp;<\/p>\n<ol start=\"2\">\n<li><strong> La modernidad<\/strong><\/li>\n<\/ol>\n<p>&nbsp;<\/p>\n<p>La modernidad es el conjunto de las condiciones hist\u00f3ricas materiales que permiten pensar la libertad conjunta de las tradiciones, las doctrinas o las ideolog\u00edas heredadas y no problematizadas por una cultura tradicional. En la modernidad el porvenir reemplaza al pasado y racionaliza el juicio de la acci\u00f3n asociada a los hombres. Es decir, es la posibilidad pol\u00edtica reflexiva de cambiar las reglas del juego de la vida social.<\/p>\n<p>&nbsp;<\/p>\n<p>En el mundo moderno cada ciudadano propone sus metas seg\u00fan su propia voluntad. Puesto que alcanza la meta de una manera l\u00f3gica y racional, es decir, ordenadamente se da un sentido a la vida.<\/p>\n<p>&nbsp;<\/p>\n<p>Para la sociolog\u00eda de Michel Freitag, la modernidad es un modo de reproducci\u00f3n de la sociedad, basada en la dimensi\u00f3n pol\u00edtica e institucional de sus mecanismos de regulaci\u00f3n por oposici\u00f3n a la tradici\u00f3n, en la que el modo de reproducci\u00f3n es regulado por dimensiones culturales y simb\u00f3licas particulares.<\/p>\n<p>&nbsp;<\/p>\n<p><strong>2.1. El pensamiento en la modernidad<\/strong><\/p>\n<p>&nbsp;<\/p>\n<p>En la Modernidad se presenta un cambio importante en la forma de concebir el mundo, por el contrario al de la Edad Media donde todas las explicaciones racionales estaban sometidas a la fe, y se comprend\u00eda el mundo partiendo de la creencia en Dios. En cambio en la Modernidad, la raz\u00f3n adquiere una gran importancia, que la lleva a ser lo principal de esta \u00e9poca.<\/p>\n<p>&nbsp;<\/p>\n<p>Con el \u201ccogito ergo sum\u201d (pienso, luego existo) de Descartes, la interpretaci\u00f3n habitual del mundo sufre una transformaci\u00f3n total. El nuevo punto donde se explica la realidad ser\u00e1 la raz\u00f3n, por lo que la raz\u00f3n pasara a ser ley de las cosas. La raz\u00f3n ser\u00e1 la que decida el existir de las cosas, apareciendo de esta manera un nuevo legislador, el pensamiento, el cual se encargar\u00e1 de dar el sentido, poner las reglas y el orden; ser\u00e1 tambi\u00e9n quien decida lo que es y lo que no es en las diversas esferas del vivir humano.<\/p>\n<p>&nbsp;<\/p>\n<p>La raz\u00f3n moderna pasar\u00e1 a ser la Raz\u00f3n Cient\u00edfico-T\u00e9cnica, donde la tarea del hombre moderno es aplicarla como \u00fanica raz\u00f3n, en todos los campos del pensar y el hacer. Es as\u00ed que el esp\u00edritu de modernidad se definir\u00e1 por la ruptura con el pasado, por la liberaci\u00f3n de la raz\u00f3n humana respecto al dogma cristiano y la fe. El conocimiento deja de ser esencialmente metaf\u00edsico para convertirse f\u00edsico. Dentro del pensamiento moderno podemos distinguir dos tendencias principales: el racionalismo y el empirismo.<\/p>\n<p>&nbsp;<\/p>\n<p><strong>2.2. El racionalismo<\/strong><\/p>\n<p>&nbsp;<\/p>\n<p>Es el movimiento filos\u00f3fico desarrollado en Europa continental durante los siglos XVII y XVIII, que fue caracterizado por la primac\u00eda que dieron a la raz\u00f3n, en la fundamentaci\u00f3n del conocimiento. Llamamos racionalista a toda posici\u00f3n filos\u00f3fica donde prima el uso de la raz\u00f3n, ya que es racionalista todo aqu\u00e9l que cree que el fundamento, el principio supremo, es la raz\u00f3n.<\/p>\n<p>&nbsp;<\/p>\n<p>Pero el t\u00e9rmino \u201cracionalismo\u201d es de uso frecuente en la historia de la filosof\u00eda para designar una cierta forma de fundamentar el conocimiento, siendo as\u00ed que el conocimiento descansa en la raz\u00f3n o en la experiencia sensible. El t\u00e9rmino \u201cRacionalismo\u201d se utiliza principalmente para referirse a la corriente filos\u00f3fica de la Edad Moderna.<\/p>\n<p>&nbsp;<\/p>\n<p>Rasgos que caracterizan al racionalismo moderno:<\/p>\n<p>&nbsp;<\/p>\n<ol>\n<li>Nuestro conocimiento acerca de la realidad procede, no de los sentidos, sino de la raz\u00f3n y el entendimiento.<\/li>\n<\/ol>\n<p>&nbsp;<\/p>\n<ol start=\"2\">\n<li>El conocimiento solo puede ser construido deductivamente a partir de unos primeros principios o ideas innatas del entendimiento que nada tienen que ver con las experiencias sensibles.<\/li>\n<\/ol>\n<p>&nbsp;<\/p>\n<ol start=\"3\">\n<li>El entendimiento solo conoce directamente sus propios contenidos, a los que denomina ideas.<\/li>\n<\/ol>\n<p>&nbsp;<\/p>\n<ol start=\"4\">\n<li>La deducci\u00f3n y especialmente la intuici\u00f3n intelectual son los instrumentos m\u00e1s adecuados para alcanzar un conocimiento cierto.<\/li>\n<\/ol>\n<p>&nbsp;<\/p>\n<ol start=\"5\">\n<li>El modelo y paradigma de conocimiento es el de las matem\u00e1ticas, geometr\u00eda y aritm\u00e9tica.<\/li>\n<\/ol>\n<p>&nbsp;<\/p>\n<ol start=\"6\">\n<li>Confianza en la raz\u00f3n, la cual no tiene l\u00edmites y puede alcanzar a conocer todo lo real.<\/li>\n<\/ol>\n<p>&nbsp;<\/p>\n<ol start=\"7\">\n<li>Defensa de la racionalidad del mundo. Todo lo que sucede en el mundo, todo lo que compone la realidad tiene una justificaci\u00f3n que la raz\u00f3n puede llegar a conocer.<\/li>\n<\/ol>\n<div id='gallery-1' class='gallery galleryid-188052 gallery-columns-3 gallery-size-medium'><figure class='gallery-item'>\n\t\t\t<div class='gallery-icon landscape'>\n\t\t\t\t<a href='https:\/\/www.eldiario.net\/portal\/2023\/11\/17\/caracteristicas-del-renacimiento-y-la-modernidad-acercamiento-historico-2\/socio-el-racionalismo\/'><img loading=\"lazy\" decoding=\"async\" width=\"300\" height=\"179\" src=\"https:\/\/www.eldiario.net\/portal\/wp-content\/uploads\/2023\/11\/Socio-El-racionalismo-300x179.png\" class=\"attachment-medium size-medium\" alt=\"\" srcset=\"https:\/\/www.eldiario.net\/portal\/wp-content\/uploads\/2023\/11\/Socio-El-racionalismo-300x179.png 300w, https:\/\/www.eldiario.net\/portal\/wp-content\/uploads\/2023\/11\/Socio-El-racionalismo-1024x610.png 1024w, https:\/\/www.eldiario.net\/portal\/wp-content\/uploads\/2023\/11\/Socio-El-racionalismo-768x458.png 768w, https:\/\/www.eldiario.net\/portal\/wp-content\/uploads\/2023\/11\/Socio-El-racionalismo-696x415.png 696w, https:\/\/www.eldiario.net\/portal\/wp-content\/uploads\/2023\/11\/Socio-El-racionalismo-1068x636.png 1068w, https:\/\/www.eldiario.net\/portal\/wp-content\/uploads\/2023\/11\/Socio-El-racionalismo.png 1141w\" sizes=\"auto, (max-width: 300px) 100vw, 300px\" \/><\/a>\n\t\t\t<\/div><\/figure><figure class='gallery-item'>\n\t\t\t<div class='gallery-icon landscape'>\n\t\t\t\t<a href='https:\/\/www.eldiario.net\/portal\/2023\/11\/17\/caracteristicas-del-renacimiento-y-la-modernidad-acercamiento-historico-2\/socio-la-modernidad\/'><img loading=\"lazy\" decoding=\"async\" width=\"300\" height=\"150\" src=\"https:\/\/www.eldiario.net\/portal\/wp-content\/uploads\/2023\/11\/Socio-La-modernidad-300x150.jpg\" class=\"attachment-medium size-medium\" alt=\"\" srcset=\"https:\/\/www.eldiario.net\/portal\/wp-content\/uploads\/2023\/11\/Socio-La-modernidad-300x150.jpg 300w, https:\/\/www.eldiario.net\/portal\/wp-content\/uploads\/2023\/11\/Socio-La-modernidad-1024x512.jpg 1024w, https:\/\/www.eldiario.net\/portal\/wp-content\/uploads\/2023\/11\/Socio-La-modernidad-768x384.jpg 768w, https:\/\/www.eldiario.net\/portal\/wp-content\/uploads\/2023\/11\/Socio-La-modernidad-1536x768.jpg 1536w, https:\/\/www.eldiario.net\/portal\/wp-content\/uploads\/2023\/11\/Socio-La-modernidad-696x348.jpg 696w, https:\/\/www.eldiario.net\/portal\/wp-content\/uploads\/2023\/11\/Socio-La-modernidad-1068x534.jpg 1068w, https:\/\/www.eldiario.net\/portal\/wp-content\/uploads\/2023\/11\/Socio-La-modernidad.jpg 1600w\" sizes=\"auto, (max-width: 300px) 100vw, 300px\" \/><\/a>\n\t\t\t<\/div><\/figure>\n\t\t<\/div>\n\n","protected":false},"excerpt":{"rendered":"<p>Segunda Parte Por: Equipo editor &nbsp; La modernidad &nbsp; La modernidad es el conjunto de las condiciones hist\u00f3ricas materiales que permiten pensar la libertad conjunta de las tradiciones, las doctrinas o las ideolog\u00edas heredadas y no problematizadas por una cultura tradicional. En la modernidad el porvenir reemplaza al pasado y racionaliza el juicio de la [&hellip;]<\/p>\n","protected":false},"author":1,"featured_media":188054,"comment_status":"closed","ping_status":"open","sticky":false,"template":"","format":"standard","meta":{"_acf_changed":false,"footnotes":""},"categories":[43],"tags":[],"class_list":["post-188052","post","type-post","status-publish","format-standard","has-post-thumbnail","category-nuevos-horizontes"],"acf":{"antetitulo":""},"yoast_head":"<!-- This site is optimized with the Yoast SEO plugin v28.4 - https:\/\/yoast.com\/product\/yoast-seo-wordpress\/ -->\n<title>Caracter\u00edsticas del renacimiento y la modernidad \u2013 Acercamiento hist\u00f3rico - El Diario - Bolivia<\/title>\n<meta name=\"robots\" content=\"index, follow, max-snippet:-1, max-image-preview:large, max-video-preview:-1\" \/>\n<link rel=\"canonical\" href=\"https:\/\/www.eldiario.net\/portal\/2023\/11\/17\/caracteristicas-del-renacimiento-y-la-modernidad-acercamiento-historico-2\/\" \/>\n<meta property=\"og:locale\" content=\"es_ES\" \/>\n<meta property=\"og:type\" content=\"article\" \/>\n<meta property=\"og:title\" content=\"Caracter\u00edsticas del renacimiento y la modernidad \u2013 Acercamiento hist\u00f3rico - El Diario - Bolivia\" \/>\n<meta property=\"og:description\" content=\"Segunda Parte Por: Equipo editor &nbsp; La modernidad &nbsp; La modernidad es el conjunto de las condiciones hist\u00f3ricas materiales que permiten pensar la libertad conjunta de las tradiciones, las doctrinas o las ideolog\u00edas heredadas y no problematizadas por una cultura tradicional. En la modernidad el porvenir reemplaza al pasado y racionaliza el juicio de la [&hellip;]\" \/>\n<meta property=\"og:url\" content=\"https:\/\/www.eldiario.net\/portal\/2023\/11\/17\/caracteristicas-del-renacimiento-y-la-modernidad-acercamiento-historico-2\/\" \/>\n<meta property=\"og:site_name\" content=\"El Diario - Bolivia\" \/>\n<meta property=\"article:publisher\" content=\"https:\/\/www.facebook.com\/eldiario.bolivia\/\" \/>\n<meta property=\"article:published_time\" content=\"2023-11-17T10:58:40+00:00\" \/>\n<meta property=\"og:image\" content=\"https:\/\/www.eldiario.net\/portal\/wp-content\/uploads\/2023\/11\/Socio-El-racionalismo.png\" \/>\n\t<meta property=\"og:image:width\" content=\"1141\" \/>\n\t<meta property=\"og:image:height\" content=\"680\" \/>\n\t<meta property=\"og:image:type\" content=\"image\/png\" \/>\n<meta name=\"author\" content=\"Jeanette\" \/>\n<meta name=\"twitter:card\" content=\"summary_large_image\" \/>\n<meta name=\"twitter:creator\" content=\"@eldiario_net\" \/>\n<meta name=\"twitter:site\" content=\"@eldiario_net\" \/>\n<meta name=\"twitter:label1\" content=\"Escrito por\" \/>\n\t<meta name=\"twitter:data1\" content=\"Jeanette\" \/>\n\t<meta name=\"twitter:label2\" content=\"Tiempo de lectura\" \/>\n\t<meta name=\"twitter:data2\" content=\"4 minutos\" \/>\n<script type=\"application\/ld+json\" class=\"yoast-schema-graph\">{\"@context\":\"https:\\\/\\\/schema.org\",\"@graph\":[{\"@type\":\"Article\",\"@id\":\"https:\\\/\\\/www.eldiario.net\\\/portal\\\/2023\\\/11\\\/17\\\/caracteristicas-del-renacimiento-y-la-modernidad-acercamiento-historico-2\\\/#article\",\"isPartOf\":{\"@id\":\"https:\\\/\\\/www.eldiario.net\\\/portal\\\/2023\\\/11\\\/17\\\/caracteristicas-del-renacimiento-y-la-modernidad-acercamiento-historico-2\\\/\"},\"author\":{\"name\":\"Jeanette\",\"@id\":\"https:\\\/\\\/www.eldiario.net\\\/portal\\\/#\\\/schema\\\/person\\\/f46445640444750d7d753ccd04ae01b7\"},\"headline\":\"Caracter\u00edsticas del renacimiento y la modernidad \u2013 Acercamiento hist\u00f3rico\",\"datePublished\":\"2023-11-17T10:58:40+00:00\",\"mainEntityOfPage\":{\"@id\":\"https:\\\/\\\/www.eldiario.net\\\/portal\\\/2023\\\/11\\\/17\\\/caracteristicas-del-renacimiento-y-la-modernidad-acercamiento-historico-2\\\/\"},\"wordCount\":751,\"publisher\":{\"@id\":\"https:\\\/\\\/www.eldiario.net\\\/portal\\\/#organization\"},\"image\":{\"@id\":\"https:\\\/\\\/www.eldiario.net\\\/portal\\\/2023\\\/11\\\/17\\\/caracteristicas-del-renacimiento-y-la-modernidad-acercamiento-historico-2\\\/#primaryimage\"},\"thumbnailUrl\":\"https:\\\/\\\/www.eldiario.net\\\/portal\\\/wp-content\\\/uploads\\\/2023\\\/11\\\/Socio-El-racionalismo.png\",\"articleSection\":[\"Nuevos Horizontes\"],\"inLanguage\":\"es\"},{\"@type\":\"WebPage\",\"@id\":\"https:\\\/\\\/www.eldiario.net\\\/portal\\\/2023\\\/11\\\/17\\\/caracteristicas-del-renacimiento-y-la-modernidad-acercamiento-historico-2\\\/\",\"url\":\"https:\\\/\\\/www.eldiario.net\\\/portal\\\/2023\\\/11\\\/17\\\/caracteristicas-del-renacimiento-y-la-modernidad-acercamiento-historico-2\\\/\",\"name\":\"Caracter\u00edsticas del renacimiento y la modernidad \u2013 Acercamiento hist\u00f3rico - El Diario - Bolivia\",\"isPartOf\":{\"@id\":\"https:\\\/\\\/www.eldiario.net\\\/portal\\\/#website\"},\"primaryImageOfPage\":{\"@id\":\"https:\\\/\\\/www.eldiario.net\\\/portal\\\/2023\\\/11\\\/17\\\/caracteristicas-del-renacimiento-y-la-modernidad-acercamiento-historico-2\\\/#primaryimage\"},\"image\":{\"@id\":\"https:\\\/\\\/www.eldiario.net\\\/portal\\\/2023\\\/11\\\/17\\\/caracteristicas-del-renacimiento-y-la-modernidad-acercamiento-historico-2\\\/#primaryimage\"},\"thumbnailUrl\":\"https:\\\/\\\/www.eldiario.net\\\/portal\\\/wp-content\\\/uploads\\\/2023\\\/11\\\/Socio-El-racionalismo.png\",\"datePublished\":\"2023-11-17T10:58:40+00:00\",\"breadcrumb\":{\"@id\":\"https:\\\/\\\/www.eldiario.net\\\/portal\\\/2023\\\/11\\\/17\\\/caracteristicas-del-renacimiento-y-la-modernidad-acercamiento-historico-2\\\/#breadcrumb\"},\"inLanguage\":\"es\",\"potentialAction\":[{\"@type\":\"ReadAction\",\"target\":[\"https:\\\/\\\/www.eldiario.net\\\/portal\\\/2023\\\/11\\\/17\\\/caracteristicas-del-renacimiento-y-la-modernidad-acercamiento-historico-2\\\/\"]}]},{\"@type\":\"ImageObject\",\"inLanguage\":\"es\",\"@id\":\"https:\\\/\\\/www.eldiario.net\\\/portal\\\/2023\\\/11\\\/17\\\/caracteristicas-del-renacimiento-y-la-modernidad-acercamiento-historico-2\\\/#primaryimage\",\"url\":\"https:\\\/\\\/www.eldiario.net\\\/portal\\\/wp-content\\\/uploads\\\/2023\\\/11\\\/Socio-El-racionalismo.png\",\"contentUrl\":\"https:\\\/\\\/www.eldiario.net\\\/portal\\\/wp-content\\\/uploads\\\/2023\\\/11\\\/Socio-El-racionalismo.png\",\"width\":1141,\"height\":680},{\"@type\":\"BreadcrumbList\",\"@id\":\"https:\\\/\\\/www.eldiario.net\\\/portal\\\/2023\\\/11\\\/17\\\/caracteristicas-del-renacimiento-y-la-modernidad-acercamiento-historico-2\\\/#breadcrumb\",\"itemListElement\":[{\"@type\":\"ListItem\",\"position\":1,\"name\":\"Portada\",\"item\":\"https:\\\/\\\/www.eldiario.net\\\/portal\\\/\"},{\"@type\":\"ListItem\",\"position\":2,\"name\":\"Caracter\u00edsticas del renacimiento y la modernidad \u2013 Acercamiento hist\u00f3rico\"}]},{\"@type\":\"WebSite\",\"@id\":\"https:\\\/\\\/www.eldiario.net\\\/portal\\\/#website\",\"url\":\"https:\\\/\\\/www.eldiario.net\\\/portal\\\/\",\"name\":\"El Diario - Decano de la prensa nacional\",\"description\":\"El Diario - Decano de la prensa nacional\",\"publisher\":{\"@id\":\"https:\\\/\\\/www.eldiario.net\\\/portal\\\/#organization\"},\"potentialAction\":[{\"@type\":\"SearchAction\",\"target\":{\"@type\":\"EntryPoint\",\"urlTemplate\":\"https:\\\/\\\/www.eldiario.net\\\/portal\\\/?s={search_term_string}\"},\"query-input\":{\"@type\":\"PropertyValueSpecification\",\"valueRequired\":true,\"valueName\":\"search_term_string\"}}],\"inLanguage\":\"es\"},{\"@type\":\"Organization\",\"@id\":\"https:\\\/\\\/www.eldiario.net\\\/portal\\\/#organization\",\"name\":\"El Diario - Decano de la prensa nacional\",\"url\":\"https:\\\/\\\/www.eldiario.net\\\/portal\\\/\",\"logo\":{\"@type\":\"ImageObject\",\"inLanguage\":\"es\",\"@id\":\"https:\\\/\\\/www.eldiario.net\\\/portal\\\/#\\\/schema\\\/logo\\\/image\\\/\",\"url\":\"https:\\\/\\\/www.eldiario.net\\\/portal\\\/wp-content\\\/uploads\\\/2023\\\/07\\\/logo_ED.jpg\",\"contentUrl\":\"https:\\\/\\\/www.eldiario.net\\\/portal\\\/wp-content\\\/uploads\\\/2023\\\/07\\\/logo_ED.jpg\",\"width\":272,\"height\":52,\"caption\":\"El Diario - Decano de la prensa nacional\"},\"image\":{\"@id\":\"https:\\\/\\\/www.eldiario.net\\\/portal\\\/#\\\/schema\\\/logo\\\/image\\\/\"},\"sameAs\":[\"https:\\\/\\\/www.facebook.com\\\/eldiario.bolivia\\\/\",\"https:\\\/\\\/x.com\\\/eldiario_net\"]},{\"@type\":\"Person\",\"@id\":\"https:\\\/\\\/www.eldiario.net\\\/portal\\\/#\\\/schema\\\/person\\\/f46445640444750d7d753ccd04ae01b7\",\"name\":\"Jeanette\",\"image\":{\"@type\":\"ImageObject\",\"inLanguage\":\"es\",\"@id\":\"https:\\\/\\\/secure.gravatar.com\\\/avatar\\\/3ea2118a5f7dad2b7138b1187a6b7ee55f160b9968b66013c3a3ef39dd7e5798?s=96&d=mm&r=g\",\"url\":\"https:\\\/\\\/secure.gravatar.com\\\/avatar\\\/3ea2118a5f7dad2b7138b1187a6b7ee55f160b9968b66013c3a3ef39dd7e5798?s=96&d=mm&r=g\",\"contentUrl\":\"https:\\\/\\\/secure.gravatar.com\\\/avatar\\\/3ea2118a5f7dad2b7138b1187a6b7ee55f160b9968b66013c3a3ef39dd7e5798?s=96&d=mm&r=g\",\"caption\":\"Jeanette\"},\"sameAs\":[\"https:\\\/\\\/www.eldiario.net\\\/portal\"],\"url\":\"https:\\\/\\\/www.eldiario.net\\\/portal\\\/author\\\/jeanette\\\/\"}]}<\/script>\n<!-- \/ Yoast SEO plugin. -->","yoast_head_json":{"title":"Caracter\u00edsticas del renacimiento y la modernidad \u2013 Acercamiento hist\u00f3rico - El Diario - Bolivia","robots":{"index":"index","follow":"follow","max-snippet":"max-snippet:-1","max-image-preview":"max-image-preview:large","max-video-preview":"max-video-preview:-1"},"canonical":"https:\/\/www.eldiario.net\/portal\/2023\/11\/17\/caracteristicas-del-renacimiento-y-la-modernidad-acercamiento-historico-2\/","og_locale":"es_ES","og_type":"article","og_title":"Caracter\u00edsticas del renacimiento y la modernidad \u2013 Acercamiento hist\u00f3rico - El Diario - Bolivia","og_description":"Segunda Parte Por: Equipo editor &nbsp; La modernidad &nbsp; La modernidad es el conjunto de las condiciones hist\u00f3ricas materiales que permiten pensar la libertad conjunta de las tradiciones, las doctrinas o las ideolog\u00edas heredadas y no problematizadas por una cultura tradicional. En la modernidad el porvenir reemplaza al pasado y racionaliza el juicio de la [&hellip;]","og_url":"https:\/\/www.eldiario.net\/portal\/2023\/11\/17\/caracteristicas-del-renacimiento-y-la-modernidad-acercamiento-historico-2\/","og_site_name":"El Diario - Bolivia","article_publisher":"https:\/\/www.facebook.com\/eldiario.bolivia\/","article_published_time":"2023-11-17T10:58:40+00:00","og_image":[{"width":1141,"height":680,"url":"https:\/\/www.eldiario.net\/portal\/wp-content\/uploads\/2023\/11\/Socio-El-racionalismo.png","type":"image\/png"}],"author":"Jeanette","twitter_card":"summary_large_image","twitter_creator":"@eldiario_net","twitter_site":"@eldiario_net","twitter_misc":{"Escrito por":"Jeanette","Tiempo de lectura":"4 minutos"},"schema":{"@context":"https:\/\/schema.org","@graph":[{"@type":"Article","@id":"https:\/\/www.eldiario.net\/portal\/2023\/11\/17\/caracteristicas-del-renacimiento-y-la-modernidad-acercamiento-historico-2\/#article","isPartOf":{"@id":"https:\/\/www.eldiario.net\/portal\/2023\/11\/17\/caracteristicas-del-renacimiento-y-la-modernidad-acercamiento-historico-2\/"},"author":{"name":"Jeanette","@id":"https:\/\/www.eldiario.net\/portal\/#\/schema\/person\/f46445640444750d7d753ccd04ae01b7"},"headline":"Caracter\u00edsticas del renacimiento y la modernidad \u2013 Acercamiento hist\u00f3rico","datePublished":"2023-11-17T10:58:40+00:00","mainEntityOfPage":{"@id":"https:\/\/www.eldiario.net\/portal\/2023\/11\/17\/caracteristicas-del-renacimiento-y-la-modernidad-acercamiento-historico-2\/"},"wordCount":751,"publisher":{"@id":"https:\/\/www.eldiario.net\/portal\/#organization"},"image":{"@id":"https:\/\/www.eldiario.net\/portal\/2023\/11\/17\/caracteristicas-del-renacimiento-y-la-modernidad-acercamiento-historico-2\/#primaryimage"},"thumbnailUrl":"https:\/\/www.eldiario.net\/portal\/wp-content\/uploads\/2023\/11\/Socio-El-racionalismo.png","articleSection":["Nuevos Horizontes"],"inLanguage":"es"},{"@type":"WebPage","@id":"https:\/\/www.eldiario.net\/portal\/2023\/11\/17\/caracteristicas-del-renacimiento-y-la-modernidad-acercamiento-historico-2\/","url":"https:\/\/www.eldiario.net\/portal\/2023\/11\/17\/caracteristicas-del-renacimiento-y-la-modernidad-acercamiento-historico-2\/","name":"Caracter\u00edsticas del renacimiento y la modernidad \u2013 Acercamiento hist\u00f3rico - El Diario - Bolivia","isPartOf":{"@id":"https:\/\/www.eldiario.net\/portal\/#website"},"primaryImageOfPage":{"@id":"https:\/\/www.eldiario.net\/portal\/2023\/11\/17\/caracteristicas-del-renacimiento-y-la-modernidad-acercamiento-historico-2\/#primaryimage"},"image":{"@id":"https:\/\/www.eldiario.net\/portal\/2023\/11\/17\/caracteristicas-del-renacimiento-y-la-modernidad-acercamiento-historico-2\/#primaryimage"},"thumbnailUrl":"https:\/\/www.eldiario.net\/portal\/wp-content\/uploads\/2023\/11\/Socio-El-racionalismo.png","datePublished":"2023-11-17T10:58:40+00:00","breadcrumb":{"@id":"https:\/\/www.eldiario.net\/portal\/2023\/11\/17\/caracteristicas-del-renacimiento-y-la-modernidad-acercamiento-historico-2\/#breadcrumb"},"inLanguage":"es","potentialAction":[{"@type":"ReadAction","target":["https:\/\/www.eldiario.net\/portal\/2023\/11\/17\/caracteristicas-del-renacimiento-y-la-modernidad-acercamiento-historico-2\/"]}]},{"@type":"ImageObject","inLanguage":"es","@id":"https:\/\/www.eldiario.net\/portal\/2023\/11\/17\/caracteristicas-del-renacimiento-y-la-modernidad-acercamiento-historico-2\/#primaryimage","url":"https:\/\/www.eldiario.net\/portal\/wp-content\/uploads\/2023\/11\/Socio-El-racionalismo.png","contentUrl":"https:\/\/www.eldiario.net\/portal\/wp-content\/uploads\/2023\/11\/Socio-El-racionalismo.png","width":1141,"height":680},{"@type":"BreadcrumbList","@id":"https:\/\/www.eldiario.net\/portal\/2023\/11\/17\/caracteristicas-del-renacimiento-y-la-modernidad-acercamiento-historico-2\/#breadcrumb","itemListElement":[{"@type":"ListItem","position":1,"name":"Portada","item":"https:\/\/www.eldiario.net\/portal\/"},{"@type":"ListItem","position":2,"name":"Caracter\u00edsticas del renacimiento y la modernidad \u2013 Acercamiento hist\u00f3rico"}]},{"@type":"WebSite","@id":"https:\/\/www.eldiario.net\/portal\/#website","url":"https:\/\/www.eldiario.net\/portal\/","name":"El Diario - Decano de la prensa nacional","description":"El Diario - Decano de la prensa nacional","publisher":{"@id":"https:\/\/www.eldiario.net\/portal\/#organization"},"potentialAction":[{"@type":"SearchAction","target":{"@type":"EntryPoint","urlTemplate":"https:\/\/www.eldiario.net\/portal\/?s={search_term_string}"},"query-input":{"@type":"PropertyValueSpecification","valueRequired":true,"valueName":"search_term_string"}}],"inLanguage":"es"},{"@type":"Organization","@id":"https:\/\/www.eldiario.net\/portal\/#organization","name":"El Diario - Decano de la prensa nacional","url":"https:\/\/www.eldiario.net\/portal\/","logo":{"@type":"ImageObject","inLanguage":"es","@id":"https:\/\/www.eldiario.net\/portal\/#\/schema\/logo\/image\/","url":"https:\/\/www.eldiario.net\/portal\/wp-content\/uploads\/2023\/07\/logo_ED.jpg","contentUrl":"https:\/\/www.eldiario.net\/portal\/wp-content\/uploads\/2023\/07\/logo_ED.jpg","width":272,"height":52,"caption":"El Diario - Decano de la prensa nacional"},"image":{"@id":"https:\/\/www.eldiario.net\/portal\/#\/schema\/logo\/image\/"},"sameAs":["https:\/\/www.facebook.com\/eldiario.bolivia\/","https:\/\/x.com\/eldiario_net"]},{"@type":"Person","@id":"https:\/\/www.eldiario.net\/portal\/#\/schema\/person\/f46445640444750d7d753ccd04ae01b7","name":"Jeanette","image":{"@type":"ImageObject","inLanguage":"es","@id":"https:\/\/secure.gravatar.com\/avatar\/3ea2118a5f7dad2b7138b1187a6b7ee55f160b9968b66013c3a3ef39dd7e5798?s=96&d=mm&r=g","url":"https:\/\/secure.gravatar.com\/avatar\/3ea2118a5f7dad2b7138b1187a6b7ee55f160b9968b66013c3a3ef39dd7e5798?s=96&d=mm&r=g","contentUrl":"https:\/\/secure.gravatar.com\/avatar\/3ea2118a5f7dad2b7138b1187a6b7ee55f160b9968b66013c3a3ef39dd7e5798?s=96&d=mm&r=g","caption":"Jeanette"},"sameAs":["https:\/\/www.eldiario.net\/portal"],"url":"https:\/\/www.eldiario.net\/portal\/author\/jeanette\/"}]}},"_links":{"self":[{"href":"https:\/\/www.eldiario.net\/portal\/wp-json\/wp\/v2\/posts\/188052","targetHints":{"allow":["GET"]}}],"collection":[{"href":"https:\/\/www.eldiario.net\/portal\/wp-json\/wp\/v2\/posts"}],"about":[{"href":"https:\/\/www.eldiario.net\/portal\/wp-json\/wp\/v2\/types\/post"}],"author":[{"embeddable":true,"href":"https:\/\/www.eldiario.net\/portal\/wp-json\/wp\/v2\/users\/1"}],"replies":[{"embeddable":true,"href":"https:\/\/www.eldiario.net\/portal\/wp-json\/wp\/v2\/comments?post=188052"}],"version-history":[{"count":0,"href":"https:\/\/www.eldiario.net\/portal\/wp-json\/wp\/v2\/posts\/188052\/revisions"}],"wp:featuredmedia":[{"embeddable":true,"href":"https:\/\/www.eldiario.net\/portal\/wp-json\/wp\/v2\/media\/188054"}],"wp:attachment":[{"href":"https:\/\/www.eldiario.net\/portal\/wp-json\/wp\/v2\/media?parent=188052"}],"wp:term":[{"taxonomy":"category","embeddable":true,"href":"https:\/\/www.eldiario.net\/portal\/wp-json\/wp\/v2\/categories?post=188052"},{"taxonomy":"post_tag","embeddable":true,"href":"https:\/\/www.eldiario.net\/portal\/wp-json\/wp\/v2\/tags?post=188052"}],"curies":[{"name":"wp","href":"https:\/\/api.w.org\/{rel}","templated":true}]}}