{"id":188047,"date":"2023-11-17T06:57:14","date_gmt":"2023-11-17T10:57:14","guid":{"rendered":"https:\/\/www.eldiario.net\/portal\/?p=188047"},"modified":"2023-11-17T06:57:14","modified_gmt":"2023-11-17T10:57:14","slug":"sin-fronteras-vuelve-a-los-escenarios","status":"publish","type":"post","link":"https:\/\/www.eldiario.net\/portal\/2023\/11\/17\/sin-fronteras-vuelve-a-los-escenarios\/","title":{"rendered":"Sin Fronteras vuelve  a los escenarios"},"content":{"rendered":"<p>Despu\u00e9s de una breve pausa, Sin Fronteras vuelve a los escenarios para mostrar su calidad interpretativa, vocal e instrumental, proponiendo canciones nuevas y cantando sus grandes \u00e9xitos que han conquistado los corazones de varias generaciones hasta la actualidad.<\/p>\n<p>La reconocida agrupaci\u00f3n nacional se reencontrar\u00e1 con el p\u00fablico, luego de siete meses de par\u00e9ntesis, este viernes 17 de noviembre en la pe\u00f1a Jamuy, La Casa de los Artistas, que queda ubicada en la calle Illampu, esquina Sag\u00e1rnaga. La velada musical comenzar\u00e1 a las 23:00 horas.<\/p>\n<p>Los integrantes actuales de Sin Fronteras son: Alejandro Molina, segunda voz y quena; Christian Flores, saxof\u00f3n y vientos; Noel Copa, bater\u00eda; Mirco Monta\u00f1o, contralto y vientos; Fernando Michel, bajo el\u00e9ctrico; y Jos\u00e9 Quiroga, tercera voz y viol\u00edn. Todos ellos bajo la direcci\u00f3n del fundador de este proyecto, Wilson Molina, primera voz y guitarra.<\/p>\n<p>A pocas horas de esta esperada reaparici\u00f3n, La Gu\u00eda convers\u00f3 con Wilson Molina (WM) y esto fue lo que nos cont\u00f3 acerca del regreso a los escenarios de Sin Fronteras, que en 2024 celebrar\u00e1 25 a\u00f1os de fundaci\u00f3n.<\/p>\n<p><strong>LG: \u00bfCon qu\u00e9 expectativas vuelve Sin Fronteras a los escenarios?<\/strong><\/p>\n<p>WM: La expectativa es siempre la misma&#8230; continuar proponiendo m\u00fasica positiva, m\u00fasica que alimente el alma el coraz\u00f3n y el esp\u00edritu, para motivar a las nuevas generaciones a buscar el buen sentido de la m\u00fasica, con propuesta, originalidad, calidad y, sobre todo, criterio y responsabilidad.<\/p>\n<p><strong>LG: C\u00f3mo est\u00e1 hoy el grupo musicalmente, \u00bfcu\u00e1l crees que es su mayor fortaleza?<\/strong><\/p>\n<p>WM: El grupo siempre ha estado bien por todo lo trabajado, todo lo sembrado en coraz\u00f3n del p\u00fablico que nos sigue y escucha. Y nuestra mayor fortaleza siempre ser\u00e1 esa, el p\u00fablico, la m\u00fasica en su forma y lenguaje que propone sin fronteras y Dios.<\/p>\n<p><strong>LG: \u00bfNos puedes adelantar algo del repertorio?<\/strong><\/p>\n<p>WM: (Tenemos) temas nuevos, como siempre proponiendo e innovando con ritmos nuevos y obviamente los cl\u00e1sicos que al p\u00fablico le gusta escuchar.<\/p>\n<p><strong>LG: \u00bfQu\u00e9 proponen en esta nueva etapa?<\/strong><\/p>\n<p>WM: Terminar la producci\u00f3n de los nuevos temas en audio y v\u00eddeo, y preparar la celebraci\u00f3n con una serie de conciertos a nivel nacional e internacional por los 25 a\u00f1os de historia que cumplimos en 2024&#8230;<\/p>\n<p><strong>LOS INICIOS<\/strong><\/p>\n<p>El a\u00f1o 2003, a poco de comenzar su trayectoria musical Sin Fronteras, en el entonces suplemento Tu Gu\u00eda del peri\u00f3dico EL DIARIO se public\u00f3 lo siguiente: Una formidable agrupaci\u00f3n. Sin Fronteras es una formidable agrupaci\u00f3n nacional, que ha sabido ganar el cari\u00f1o y el respeto del p\u00fablico a escasos tres a\u00f1os de su irrupci\u00f3n en el campo de la m\u00fasica boliviana.<\/p>\n<p>La exquisita conjunci\u00f3n de voces y la magn\u00edfica armon\u00eda en la parte instrumental han sido suficiente argumento para que la cr\u00edtica especializada compare la propuesta musical del conjunto nacional con el trabajo que muestran Los Nocheros de Argentina.<\/p>\n<p>\u201cEl grupo naci\u00f3 en el a\u00f1o 2000 en guitarreadas y reuniones familiares, con el objetivo de llegar a la juventud boliviana con una refrescante y renovada propuesta musical\u201d, record\u00f3 Wilson Molina, uno de los creadores y art\u00edfices de Sin Fronteras.<\/p>\n<div id='gallery-1' class='gallery galleryid-188047 gallery-columns-3 gallery-size-medium'><figure class='gallery-item'>\n\t\t\t<div class='gallery-icon landscape'>\n\t\t\t\t<a href='https:\/\/www.eldiario.net\/portal\/2023\/11\/17\/sin-fronteras-vuelve-a-los-escenarios\/sin-fronteras-2-wilson-molina\/'><img loading=\"lazy\" decoding=\"async\" width=\"300\" height=\"200\" src=\"https:\/\/www.eldiario.net\/portal\/wp-content\/uploads\/2023\/11\/sin-fronteras-2-Wilson-Molina-300x200.jpeg\" class=\"attachment-medium size-medium\" alt=\"\" srcset=\"https:\/\/www.eldiario.net\/portal\/wp-content\/uploads\/2023\/11\/sin-fronteras-2-Wilson-Molina-300x200.jpeg 300w, https:\/\/www.eldiario.net\/portal\/wp-content\/uploads\/2023\/11\/sin-fronteras-2-Wilson-Molina-1024x683.jpeg 1024w, https:\/\/www.eldiario.net\/portal\/wp-content\/uploads\/2023\/11\/sin-fronteras-2-Wilson-Molina-768x512.jpeg 768w, https:\/\/www.eldiario.net\/portal\/wp-content\/uploads\/2023\/11\/sin-fronteras-2-Wilson-Molina-696x464.jpeg 696w, https:\/\/www.eldiario.net\/portal\/wp-content\/uploads\/2023\/11\/sin-fronteras-2-Wilson-Molina-1068x712.jpeg 1068w, https:\/\/www.eldiario.net\/portal\/wp-content\/uploads\/2023\/11\/sin-fronteras-2-Wilson-Molina.jpeg 1080w\" sizes=\"auto, (max-width: 300px) 100vw, 300px\" \/><\/a>\n\t\t\t<\/div><\/figure><figure class='gallery-item'>\n\t\t\t<div class='gallery-icon landscape'>\n\t\t\t\t<a href='https:\/\/www.eldiario.net\/portal\/2023\/11\/17\/sin-fronteras-vuelve-a-los-escenarios\/sin-fronteras-1principal\/'><img loading=\"lazy\" decoding=\"async\" width=\"300\" height=\"150\" src=\"https:\/\/www.eldiario.net\/portal\/wp-content\/uploads\/2023\/11\/sin-fronteras-1PRINCIPAL-300x150.jpeg\" class=\"attachment-medium size-medium\" alt=\"\" srcset=\"https:\/\/www.eldiario.net\/portal\/wp-content\/uploads\/2023\/11\/sin-fronteras-1PRINCIPAL-300x150.jpeg 300w, https:\/\/www.eldiario.net\/portal\/wp-content\/uploads\/2023\/11\/sin-fronteras-1PRINCIPAL-1024x512.jpeg 1024w, https:\/\/www.eldiario.net\/portal\/wp-content\/uploads\/2023\/11\/sin-fronteras-1PRINCIPAL-768x384.jpeg 768w, https:\/\/www.eldiario.net\/portal\/wp-content\/uploads\/2023\/11\/sin-fronteras-1PRINCIPAL-1536x768.jpeg 1536w, https:\/\/www.eldiario.net\/portal\/wp-content\/uploads\/2023\/11\/sin-fronteras-1PRINCIPAL-2048x1024.jpeg 2048w, https:\/\/www.eldiario.net\/portal\/wp-content\/uploads\/2023\/11\/sin-fronteras-1PRINCIPAL-696x348.jpeg 696w, https:\/\/www.eldiario.net\/portal\/wp-content\/uploads\/2023\/11\/sin-fronteras-1PRINCIPAL-1068x534.jpeg 1068w, https:\/\/www.eldiario.net\/portal\/wp-content\/uploads\/2023\/11\/sin-fronteras-1PRINCIPAL-1920x960.jpeg 1920w\" sizes=\"auto, (max-width: 300px) 100vw, 300px\" \/><\/a>\n\t\t\t<\/div><\/figure><figure class='gallery-item'>\n\t\t\t<div class='gallery-icon portrait'>\n\t\t\t\t<a href='https:\/\/www.eldiario.net\/portal\/2023\/11\/17\/sin-fronteras-vuelve-a-los-escenarios\/sin-fronteras-3\/'><img loading=\"lazy\" decoding=\"async\" width=\"199\" height=\"300\" src=\"https:\/\/www.eldiario.net\/portal\/wp-content\/uploads\/2023\/11\/sin-fronteras-3-199x300.jpeg\" class=\"attachment-medium size-medium\" alt=\"\" srcset=\"https:\/\/www.eldiario.net\/portal\/wp-content\/uploads\/2023\/11\/sin-fronteras-3-199x300.jpeg 199w, https:\/\/www.eldiario.net\/portal\/wp-content\/uploads\/2023\/11\/sin-fronteras-3-680x1024.jpeg 680w, https:\/\/www.eldiario.net\/portal\/wp-content\/uploads\/2023\/11\/sin-fronteras-3-768x1157.jpeg 768w, https:\/\/www.eldiario.net\/portal\/wp-content\/uploads\/2023\/11\/sin-fronteras-3-696x1048.jpeg 696w, https:\/\/www.eldiario.net\/portal\/wp-content\/uploads\/2023\/11\/sin-fronteras-3.jpeg 850w\" sizes=\"auto, (max-width: 199px) 100vw, 199px\" \/><\/a>\n\t\t\t<\/div><\/figure>\n\t\t<\/div>\n\n","protected":false},"excerpt":{"rendered":"<p>Despu\u00e9s de una breve pausa, Sin Fronteras vuelve a los escenarios para mostrar su calidad interpretativa, vocal e instrumental, proponiendo canciones nuevas y cantando sus grandes \u00e9xitos que han conquistado los corazones de varias generaciones hasta la actualidad. La reconocida agrupaci\u00f3n nacional se reencontrar\u00e1 con el p\u00fablico, luego de siete meses de par\u00e9ntesis, este viernes [&hellip;]<\/p>\n","protected":false},"author":1,"featured_media":188049,"comment_status":"closed","ping_status":"open","sticky":false,"template":"","format":"standard","meta":{"_acf_changed":false,"footnotes":""},"categories":[41],"tags":[],"class_list":["post-188047","post","type-post","status-publish","format-standard","has-post-thumbnail","category-la-guia"],"acf":{"antetitulo":""},"yoast_head":"<!-- This site is optimized with the Yoast SEO plugin v28.4 - https:\/\/yoast.com\/product\/yoast-seo-wordpress\/ -->\n<title>Sin Fronteras vuelve a los escenarios - El Diario - Bolivia<\/title>\n<meta name=\"robots\" content=\"index, follow, max-snippet:-1, max-image-preview:large, max-video-preview:-1\" \/>\n<link rel=\"canonical\" href=\"https:\/\/www.eldiario.net\/portal\/2023\/11\/17\/sin-fronteras-vuelve-a-los-escenarios\/\" \/>\n<meta property=\"og:locale\" content=\"es_ES\" \/>\n<meta property=\"og:type\" content=\"article\" \/>\n<meta property=\"og:title\" content=\"Sin Fronteras vuelve a los escenarios - El Diario - Bolivia\" \/>\n<meta property=\"og:description\" content=\"Despu\u00e9s de una breve pausa, Sin Fronteras vuelve a los escenarios para mostrar su calidad interpretativa, vocal e instrumental, proponiendo canciones nuevas y cantando sus grandes \u00e9xitos que han conquistado los corazones de varias generaciones hasta la actualidad. La reconocida agrupaci\u00f3n nacional se reencontrar\u00e1 con el p\u00fablico, luego de siete meses de par\u00e9ntesis, este viernes [&hellip;]\" \/>\n<meta property=\"og:url\" content=\"https:\/\/www.eldiario.net\/portal\/2023\/11\/17\/sin-fronteras-vuelve-a-los-escenarios\/\" \/>\n<meta property=\"og:site_name\" content=\"El Diario - Bolivia\" \/>\n<meta property=\"article:publisher\" content=\"https:\/\/www.facebook.com\/eldiario.bolivia\/\" \/>\n<meta property=\"article:published_time\" content=\"2023-11-17T10:57:14+00:00\" \/>\n<meta property=\"og:image\" content=\"https:\/\/www.eldiario.net\/portal\/wp-content\/uploads\/2023\/11\/sin-fronteras-1PRINCIPAL.jpeg\" \/>\n\t<meta property=\"og:image:width\" content=\"2504\" \/>\n\t<meta property=\"og:image:height\" content=\"1252\" \/>\n\t<meta property=\"og:image:type\" content=\"image\/jpeg\" \/>\n<meta name=\"author\" content=\"Jeanette\" \/>\n<meta name=\"twitter:card\" content=\"summary_large_image\" \/>\n<meta name=\"twitter:creator\" content=\"@eldiario_net\" \/>\n<meta name=\"twitter:site\" content=\"@eldiario_net\" \/>\n<meta name=\"twitter:label1\" content=\"Escrito por\" \/>\n\t<meta name=\"twitter:data1\" content=\"Jeanette\" \/>\n\t<meta name=\"twitter:label2\" content=\"Tiempo de lectura\" \/>\n\t<meta name=\"twitter:data2\" content=\"3 minutos\" \/>\n<script type=\"application\/ld+json\" class=\"yoast-schema-graph\">{\"@context\":\"https:\\\/\\\/schema.org\",\"@graph\":[{\"@type\":\"Article\",\"@id\":\"https:\\\/\\\/www.eldiario.net\\\/portal\\\/2023\\\/11\\\/17\\\/sin-fronteras-vuelve-a-los-escenarios\\\/#article\",\"isPartOf\":{\"@id\":\"https:\\\/\\\/www.eldiario.net\\\/portal\\\/2023\\\/11\\\/17\\\/sin-fronteras-vuelve-a-los-escenarios\\\/\"},\"author\":{\"name\":\"Jeanette\",\"@id\":\"https:\\\/\\\/www.eldiario.net\\\/portal\\\/#\\\/schema\\\/person\\\/f46445640444750d7d753ccd04ae01b7\"},\"headline\":\"Sin Fronteras vuelve a los escenarios\",\"datePublished\":\"2023-11-17T10:57:14+00:00\",\"mainEntityOfPage\":{\"@id\":\"https:\\\/\\\/www.eldiario.net\\\/portal\\\/2023\\\/11\\\/17\\\/sin-fronteras-vuelve-a-los-escenarios\\\/\"},\"wordCount\":553,\"publisher\":{\"@id\":\"https:\\\/\\\/www.eldiario.net\\\/portal\\\/#organization\"},\"image\":{\"@id\":\"https:\\\/\\\/www.eldiario.net\\\/portal\\\/2023\\\/11\\\/17\\\/sin-fronteras-vuelve-a-los-escenarios\\\/#primaryimage\"},\"thumbnailUrl\":\"https:\\\/\\\/www.eldiario.net\\\/portal\\\/wp-content\\\/uploads\\\/2023\\\/11\\\/sin-fronteras-1PRINCIPAL.jpeg\",\"articleSection\":[\"La Gu\u00eda\"],\"inLanguage\":\"es\"},{\"@type\":\"WebPage\",\"@id\":\"https:\\\/\\\/www.eldiario.net\\\/portal\\\/2023\\\/11\\\/17\\\/sin-fronteras-vuelve-a-los-escenarios\\\/\",\"url\":\"https:\\\/\\\/www.eldiario.net\\\/portal\\\/2023\\\/11\\\/17\\\/sin-fronteras-vuelve-a-los-escenarios\\\/\",\"name\":\"Sin Fronteras vuelve a los escenarios - El Diario - Bolivia\",\"isPartOf\":{\"@id\":\"https:\\\/\\\/www.eldiario.net\\\/portal\\\/#website\"},\"primaryImageOfPage\":{\"@id\":\"https:\\\/\\\/www.eldiario.net\\\/portal\\\/2023\\\/11\\\/17\\\/sin-fronteras-vuelve-a-los-escenarios\\\/#primaryimage\"},\"image\":{\"@id\":\"https:\\\/\\\/www.eldiario.net\\\/portal\\\/2023\\\/11\\\/17\\\/sin-fronteras-vuelve-a-los-escenarios\\\/#primaryimage\"},\"thumbnailUrl\":\"https:\\\/\\\/www.eldiario.net\\\/portal\\\/wp-content\\\/uploads\\\/2023\\\/11\\\/sin-fronteras-1PRINCIPAL.jpeg\",\"datePublished\":\"2023-11-17T10:57:14+00:00\",\"breadcrumb\":{\"@id\":\"https:\\\/\\\/www.eldiario.net\\\/portal\\\/2023\\\/11\\\/17\\\/sin-fronteras-vuelve-a-los-escenarios\\\/#breadcrumb\"},\"inLanguage\":\"es\",\"potentialAction\":[{\"@type\":\"ReadAction\",\"target\":[\"https:\\\/\\\/www.eldiario.net\\\/portal\\\/2023\\\/11\\\/17\\\/sin-fronteras-vuelve-a-los-escenarios\\\/\"]}]},{\"@type\":\"ImageObject\",\"inLanguage\":\"es\",\"@id\":\"https:\\\/\\\/www.eldiario.net\\\/portal\\\/2023\\\/11\\\/17\\\/sin-fronteras-vuelve-a-los-escenarios\\\/#primaryimage\",\"url\":\"https:\\\/\\\/www.eldiario.net\\\/portal\\\/wp-content\\\/uploads\\\/2023\\\/11\\\/sin-fronteras-1PRINCIPAL.jpeg\",\"contentUrl\":\"https:\\\/\\\/www.eldiario.net\\\/portal\\\/wp-content\\\/uploads\\\/2023\\\/11\\\/sin-fronteras-1PRINCIPAL.jpeg\",\"width\":2504,\"height\":1252},{\"@type\":\"BreadcrumbList\",\"@id\":\"https:\\\/\\\/www.eldiario.net\\\/portal\\\/2023\\\/11\\\/17\\\/sin-fronteras-vuelve-a-los-escenarios\\\/#breadcrumb\",\"itemListElement\":[{\"@type\":\"ListItem\",\"position\":1,\"name\":\"Portada\",\"item\":\"https:\\\/\\\/www.eldiario.net\\\/portal\\\/\"},{\"@type\":\"ListItem\",\"position\":2,\"name\":\"Sin Fronteras vuelve a los escenarios\"}]},{\"@type\":\"WebSite\",\"@id\":\"https:\\\/\\\/www.eldiario.net\\\/portal\\\/#website\",\"url\":\"https:\\\/\\\/www.eldiario.net\\\/portal\\\/\",\"name\":\"El Diario - Decano de la prensa nacional\",\"description\":\"El Diario - Decano de la prensa nacional\",\"publisher\":{\"@id\":\"https:\\\/\\\/www.eldiario.net\\\/portal\\\/#organization\"},\"potentialAction\":[{\"@type\":\"SearchAction\",\"target\":{\"@type\":\"EntryPoint\",\"urlTemplate\":\"https:\\\/\\\/www.eldiario.net\\\/portal\\\/?s={search_term_string}\"},\"query-input\":{\"@type\":\"PropertyValueSpecification\",\"valueRequired\":true,\"valueName\":\"search_term_string\"}}],\"inLanguage\":\"es\"},{\"@type\":\"Organization\",\"@id\":\"https:\\\/\\\/www.eldiario.net\\\/portal\\\/#organization\",\"name\":\"El Diario - Decano de la prensa nacional\",\"url\":\"https:\\\/\\\/www.eldiario.net\\\/portal\\\/\",\"logo\":{\"@type\":\"ImageObject\",\"inLanguage\":\"es\",\"@id\":\"https:\\\/\\\/www.eldiario.net\\\/portal\\\/#\\\/schema\\\/logo\\\/image\\\/\",\"url\":\"https:\\\/\\\/www.eldiario.net\\\/portal\\\/wp-content\\\/uploads\\\/2023\\\/07\\\/logo_ED.jpg\",\"contentUrl\":\"https:\\\/\\\/www.eldiario.net\\\/portal\\\/wp-content\\\/uploads\\\/2023\\\/07\\\/logo_ED.jpg\",\"width\":272,\"height\":52,\"caption\":\"El Diario - Decano de la prensa nacional\"},\"image\":{\"@id\":\"https:\\\/\\\/www.eldiario.net\\\/portal\\\/#\\\/schema\\\/logo\\\/image\\\/\"},\"sameAs\":[\"https:\\\/\\\/www.facebook.com\\\/eldiario.bolivia\\\/\",\"https:\\\/\\\/x.com\\\/eldiario_net\"]},{\"@type\":\"Person\",\"@id\":\"https:\\\/\\\/www.eldiario.net\\\/portal\\\/#\\\/schema\\\/person\\\/f46445640444750d7d753ccd04ae01b7\",\"name\":\"Jeanette\",\"image\":{\"@type\":\"ImageObject\",\"inLanguage\":\"es\",\"@id\":\"https:\\\/\\\/secure.gravatar.com\\\/avatar\\\/3ea2118a5f7dad2b7138b1187a6b7ee55f160b9968b66013c3a3ef39dd7e5798?s=96&d=mm&r=g\",\"url\":\"https:\\\/\\\/secure.gravatar.com\\\/avatar\\\/3ea2118a5f7dad2b7138b1187a6b7ee55f160b9968b66013c3a3ef39dd7e5798?s=96&d=mm&r=g\",\"contentUrl\":\"https:\\\/\\\/secure.gravatar.com\\\/avatar\\\/3ea2118a5f7dad2b7138b1187a6b7ee55f160b9968b66013c3a3ef39dd7e5798?s=96&d=mm&r=g\",\"caption\":\"Jeanette\"},\"sameAs\":[\"https:\\\/\\\/www.eldiario.net\\\/portal\"],\"url\":\"https:\\\/\\\/www.eldiario.net\\\/portal\\\/author\\\/jeanette\\\/\"}]}<\/script>\n<!-- \/ Yoast SEO plugin. -->","yoast_head_json":{"title":"Sin Fronteras vuelve a los escenarios - El Diario - Bolivia","robots":{"index":"index","follow":"follow","max-snippet":"max-snippet:-1","max-image-preview":"max-image-preview:large","max-video-preview":"max-video-preview:-1"},"canonical":"https:\/\/www.eldiario.net\/portal\/2023\/11\/17\/sin-fronteras-vuelve-a-los-escenarios\/","og_locale":"es_ES","og_type":"article","og_title":"Sin Fronteras vuelve a los escenarios - El Diario - Bolivia","og_description":"Despu\u00e9s de una breve pausa, Sin Fronteras vuelve a los escenarios para mostrar su calidad interpretativa, vocal e instrumental, proponiendo canciones nuevas y cantando sus grandes \u00e9xitos que han conquistado los corazones de varias generaciones hasta la actualidad. La reconocida agrupaci\u00f3n nacional se reencontrar\u00e1 con el p\u00fablico, luego de siete meses de par\u00e9ntesis, este viernes [&hellip;]","og_url":"https:\/\/www.eldiario.net\/portal\/2023\/11\/17\/sin-fronteras-vuelve-a-los-escenarios\/","og_site_name":"El Diario - Bolivia","article_publisher":"https:\/\/www.facebook.com\/eldiario.bolivia\/","article_published_time":"2023-11-17T10:57:14+00:00","og_image":[{"width":2504,"height":1252,"url":"https:\/\/www.eldiario.net\/portal\/wp-content\/uploads\/2023\/11\/sin-fronteras-1PRINCIPAL.jpeg","type":"image\/jpeg"}],"author":"Jeanette","twitter_card":"summary_large_image","twitter_creator":"@eldiario_net","twitter_site":"@eldiario_net","twitter_misc":{"Escrito por":"Jeanette","Tiempo de lectura":"3 minutos"},"schema":{"@context":"https:\/\/schema.org","@graph":[{"@type":"Article","@id":"https:\/\/www.eldiario.net\/portal\/2023\/11\/17\/sin-fronteras-vuelve-a-los-escenarios\/#article","isPartOf":{"@id":"https:\/\/www.eldiario.net\/portal\/2023\/11\/17\/sin-fronteras-vuelve-a-los-escenarios\/"},"author":{"name":"Jeanette","@id":"https:\/\/www.eldiario.net\/portal\/#\/schema\/person\/f46445640444750d7d753ccd04ae01b7"},"headline":"Sin Fronteras vuelve a los escenarios","datePublished":"2023-11-17T10:57:14+00:00","mainEntityOfPage":{"@id":"https:\/\/www.eldiario.net\/portal\/2023\/11\/17\/sin-fronteras-vuelve-a-los-escenarios\/"},"wordCount":553,"publisher":{"@id":"https:\/\/www.eldiario.net\/portal\/#organization"},"image":{"@id":"https:\/\/www.eldiario.net\/portal\/2023\/11\/17\/sin-fronteras-vuelve-a-los-escenarios\/#primaryimage"},"thumbnailUrl":"https:\/\/www.eldiario.net\/portal\/wp-content\/uploads\/2023\/11\/sin-fronteras-1PRINCIPAL.jpeg","articleSection":["La Gu\u00eda"],"inLanguage":"es"},{"@type":"WebPage","@id":"https:\/\/www.eldiario.net\/portal\/2023\/11\/17\/sin-fronteras-vuelve-a-los-escenarios\/","url":"https:\/\/www.eldiario.net\/portal\/2023\/11\/17\/sin-fronteras-vuelve-a-los-escenarios\/","name":"Sin Fronteras vuelve a los escenarios - El Diario - Bolivia","isPartOf":{"@id":"https:\/\/www.eldiario.net\/portal\/#website"},"primaryImageOfPage":{"@id":"https:\/\/www.eldiario.net\/portal\/2023\/11\/17\/sin-fronteras-vuelve-a-los-escenarios\/#primaryimage"},"image":{"@id":"https:\/\/www.eldiario.net\/portal\/2023\/11\/17\/sin-fronteras-vuelve-a-los-escenarios\/#primaryimage"},"thumbnailUrl":"https:\/\/www.eldiario.net\/portal\/wp-content\/uploads\/2023\/11\/sin-fronteras-1PRINCIPAL.jpeg","datePublished":"2023-11-17T10:57:14+00:00","breadcrumb":{"@id":"https:\/\/www.eldiario.net\/portal\/2023\/11\/17\/sin-fronteras-vuelve-a-los-escenarios\/#breadcrumb"},"inLanguage":"es","potentialAction":[{"@type":"ReadAction","target":["https:\/\/www.eldiario.net\/portal\/2023\/11\/17\/sin-fronteras-vuelve-a-los-escenarios\/"]}]},{"@type":"ImageObject","inLanguage":"es","@id":"https:\/\/www.eldiario.net\/portal\/2023\/11\/17\/sin-fronteras-vuelve-a-los-escenarios\/#primaryimage","url":"https:\/\/www.eldiario.net\/portal\/wp-content\/uploads\/2023\/11\/sin-fronteras-1PRINCIPAL.jpeg","contentUrl":"https:\/\/www.eldiario.net\/portal\/wp-content\/uploads\/2023\/11\/sin-fronteras-1PRINCIPAL.jpeg","width":2504,"height":1252},{"@type":"BreadcrumbList","@id":"https:\/\/www.eldiario.net\/portal\/2023\/11\/17\/sin-fronteras-vuelve-a-los-escenarios\/#breadcrumb","itemListElement":[{"@type":"ListItem","position":1,"name":"Portada","item":"https:\/\/www.eldiario.net\/portal\/"},{"@type":"ListItem","position":2,"name":"Sin Fronteras vuelve a los escenarios"}]},{"@type":"WebSite","@id":"https:\/\/www.eldiario.net\/portal\/#website","url":"https:\/\/www.eldiario.net\/portal\/","name":"El Diario - Decano de la prensa nacional","description":"El Diario - Decano de la prensa nacional","publisher":{"@id":"https:\/\/www.eldiario.net\/portal\/#organization"},"potentialAction":[{"@type":"SearchAction","target":{"@type":"EntryPoint","urlTemplate":"https:\/\/www.eldiario.net\/portal\/?s={search_term_string}"},"query-input":{"@type":"PropertyValueSpecification","valueRequired":true,"valueName":"search_term_string"}}],"inLanguage":"es"},{"@type":"Organization","@id":"https:\/\/www.eldiario.net\/portal\/#organization","name":"El Diario - Decano de la prensa nacional","url":"https:\/\/www.eldiario.net\/portal\/","logo":{"@type":"ImageObject","inLanguage":"es","@id":"https:\/\/www.eldiario.net\/portal\/#\/schema\/logo\/image\/","url":"https:\/\/www.eldiario.net\/portal\/wp-content\/uploads\/2023\/07\/logo_ED.jpg","contentUrl":"https:\/\/www.eldiario.net\/portal\/wp-content\/uploads\/2023\/07\/logo_ED.jpg","width":272,"height":52,"caption":"El Diario - Decano de la prensa nacional"},"image":{"@id":"https:\/\/www.eldiario.net\/portal\/#\/schema\/logo\/image\/"},"sameAs":["https:\/\/www.facebook.com\/eldiario.bolivia\/","https:\/\/x.com\/eldiario_net"]},{"@type":"Person","@id":"https:\/\/www.eldiario.net\/portal\/#\/schema\/person\/f46445640444750d7d753ccd04ae01b7","name":"Jeanette","image":{"@type":"ImageObject","inLanguage":"es","@id":"https:\/\/secure.gravatar.com\/avatar\/3ea2118a5f7dad2b7138b1187a6b7ee55f160b9968b66013c3a3ef39dd7e5798?s=96&d=mm&r=g","url":"https:\/\/secure.gravatar.com\/avatar\/3ea2118a5f7dad2b7138b1187a6b7ee55f160b9968b66013c3a3ef39dd7e5798?s=96&d=mm&r=g","contentUrl":"https:\/\/secure.gravatar.com\/avatar\/3ea2118a5f7dad2b7138b1187a6b7ee55f160b9968b66013c3a3ef39dd7e5798?s=96&d=mm&r=g","caption":"Jeanette"},"sameAs":["https:\/\/www.eldiario.net\/portal"],"url":"https:\/\/www.eldiario.net\/portal\/author\/jeanette\/"}]}},"_links":{"self":[{"href":"https:\/\/www.eldiario.net\/portal\/wp-json\/wp\/v2\/posts\/188047","targetHints":{"allow":["GET"]}}],"collection":[{"href":"https:\/\/www.eldiario.net\/portal\/wp-json\/wp\/v2\/posts"}],"about":[{"href":"https:\/\/www.eldiario.net\/portal\/wp-json\/wp\/v2\/types\/post"}],"author":[{"embeddable":true,"href":"https:\/\/www.eldiario.net\/portal\/wp-json\/wp\/v2\/users\/1"}],"replies":[{"embeddable":true,"href":"https:\/\/www.eldiario.net\/portal\/wp-json\/wp\/v2\/comments?post=188047"}],"version-history":[{"count":0,"href":"https:\/\/www.eldiario.net\/portal\/wp-json\/wp\/v2\/posts\/188047\/revisions"}],"wp:featuredmedia":[{"embeddable":true,"href":"https:\/\/www.eldiario.net\/portal\/wp-json\/wp\/v2\/media\/188049"}],"wp:attachment":[{"href":"https:\/\/www.eldiario.net\/portal\/wp-json\/wp\/v2\/media?parent=188047"}],"wp:term":[{"taxonomy":"category","embeddable":true,"href":"https:\/\/www.eldiario.net\/portal\/wp-json\/wp\/v2\/categories?post=188047"},{"taxonomy":"post_tag","embeddable":true,"href":"https:\/\/www.eldiario.net\/portal\/wp-json\/wp\/v2\/tags?post=188047"}],"curies":[{"name":"wp","href":"https:\/\/api.w.org\/{rel}","templated":true}]}}