{"id":188044,"date":"2023-11-17T06:56:00","date_gmt":"2023-11-17T10:56:00","guid":{"rendered":"https:\/\/www.eldiario.net\/portal\/?p=188044"},"modified":"2023-11-17T06:56:00","modified_gmt":"2023-11-17T10:56:00","slug":"primer-concierto-de-gala-de-voces-morenas-luego-de-su-relanzamiento","status":"publish","type":"post","link":"https:\/\/www.eldiario.net\/portal\/2023\/11\/17\/primer-concierto-de-gala-de-voces-morenas-luego-de-su-relanzamiento\/","title":{"rendered":"Primer concierto de gala de Voces  Morenas luego de su relanzamiento"},"content":{"rendered":"<p>Luego de su reciente relanzamiento, la agrupaci\u00f3n femenina Voces Morenas brindar\u00e1 su primer concierto de gala este s\u00e1bado 18 de noviembre, a horas 19:30, en el Centro Cultural Torino, ubicado en la calle Socabaya No. 457, a media cuadra de la plaza Murillo (Zona Central).<\/p>\n<p>\u201cEn esta oportunidad, Voces Morenas presenta al p\u00fablico su primer concierto de gala en este mes significativo para los m\u00fasicos, que es la celebraci\u00f3n de Santa Cecilia y qu\u00e9 mejor recordar a nuestra patrona haciendo los que nos gusta y apasiona, que es la m\u00fasica. Es as\u00ed que decidimos ofrecer al p\u00fablico un ramillete de canciones con el trabajo en equipo, junto a la direcci\u00f3n musical de Erick P\u00e9rez V. y Luis Aguilar, m\u00fasicos invitados y los ballets folcl\u00f3ricos Codafbol, Nueva Esperanza, Expresiones Culturales y Boliviandanza\u201d, inform\u00f3 Roxana Piza, directora general de la agrupaci\u00f3n, quien decidi\u00f3 refundar y relanzar al grupo femenino de manera legal en octubre de este a\u00f1o.<\/p>\n<p>Y lo hizo, seg\u00fan explic\u00f3 Piza, con una nueva filosof\u00eda, estilo e imagen dentro del folklore boliviano, sobre la base de la primera voz, Rossana Mar\u00edn, y varias artistas de gran trayectoria, \u201ccon inquietudes afines para continuar juntas la experiencia musical lograda por 22 a\u00f1os, con una nueva propuesta, respetando y considerando las actividades profesionales de cada una de las integrantes\u201d.<\/p>\n<p>El concierto estar\u00e1 dividido en dos partes, en las que ser\u00e1n interpretadas 15 canciones que marcaron \u00e9xito e identificaron al grupo.<\/p>\n<p>El p\u00fablico escuchar\u00e1 en la primera parte canciones como Lejan\u00eda (instrumental), El amor equivocado (huay\u00f1o cumbia), Vida (chuntunqui), N\u00e9ctar de verano (cumbia andina), Tesoro m\u00edo (polka), Zambita linda (caporal), Negrito lindo (saya afroboliviana), Arome\u00f1ita (instrumental), Amor de moreno (morenada) y una selecci\u00f3n de kajchuiris.<\/p>\n<p>En la segunda parte, \u201cofreceremos una selecci\u00f3n de taquiraris (Carahuata, Ay, ay Amor, Sombrero de Sao), cuecas (En las Puertas de un jard\u00edn, Coraz\u00f3n M\u00edo, Sauzalito), Tobas (Ananao, Lanza tus sue\u00f1os al amor, En mis sue\u00f1os), Kullawadas (Linda Adelita), Tinku (Mi sue\u00f1o mejor) y otras obras que corresponden a compositores nacionales e internacionales, acompa\u00f1adas por los ballets invitados\u201d, anunci\u00f3 Piza.<\/p>\n<p>\u201cAsimismo, se interpretar\u00e1 dos veces el sencillo que titula \u00abVida\u201d, en ritmo de chuntunqui, que a la fecha, despu\u00e9s de lanzar en redes sociales, tuvo mucha aceptaci\u00f3n por el p\u00fablico y lleg\u00f3 a gustar por la ejecuci\u00f3n vocal e instrumental con una armon\u00eda moderna\u201d, agreg\u00f3.<\/p>\n<p>Voces Morenas grab\u00f3 cuatro \u00e1lbumes en Discolandia: \u201cSiete corazones unidos\u201d, \u201cNunca me dejes, nunca me olvides\u201d, \u201cLanza tus sue\u00f1os al amor\u201d y \u201cSonr\u00ede\u201d.<\/p>\n<p>Para el a\u00f1o 2024, la agrupaci\u00f3n tiene planificado realizar varios conciertos nacionales e internacionales y crear el Centro Cultural y la Escuela de Artes Voces Morenas, adem\u00e1s de lanzar el libro \u201cLa realidad de las mujeres en el camino del arte musical\u201d.<\/p>\n<p>Las integrantes del grupo son Roxana Piza (directora, guitarra), Rossana Mar\u00edn (primera voz), Roc\u00edo Mamani (charango), Ximena Camargo (vientos I), Karen Espejo (vientos II), Yolanda Villalobos (bajo electr\u00f3nico) y Guadalupe S\u00e1nchez (bater\u00eda).<\/p>\n<p>El costo de la entrada es Bs. 50.- en preventa y Bs. 55.- el d\u00eda del concierto. (Mayor informaci\u00f3n y contactos en los n\u00fameros de celular 77215244 y 78801516).<\/p>\n","protected":false},"excerpt":{"rendered":"<p>Luego de su reciente relanzamiento, la agrupaci\u00f3n femenina Voces Morenas brindar\u00e1 su primer concierto de gala este s\u00e1bado 18 de noviembre, a horas 19:30, en el Centro Cultural Torino, ubicado en la calle Socabaya No. 457, a media cuadra de la plaza Murillo (Zona Central). \u201cEn esta oportunidad, Voces Morenas presenta al p\u00fablico su primer [&hellip;]<\/p>\n","protected":false},"author":1,"featured_media":188045,"comment_status":"closed","ping_status":"open","sticky":false,"template":"","format":"standard","meta":{"_acf_changed":false,"footnotes":""},"categories":[41],"tags":[],"class_list":["post-188044","post","type-post","status-publish","format-standard","has-post-thumbnail","category-la-guia"],"acf":{"antetitulo":""},"yoast_head":"<!-- This site is optimized with the Yoast SEO plugin v28.4 - https:\/\/yoast.com\/product\/yoast-seo-wordpress\/ -->\n<title>Primer concierto de gala de Voces Morenas luego de su relanzamiento - El Diario - Bolivia<\/title>\n<meta name=\"robots\" content=\"index, follow, max-snippet:-1, max-image-preview:large, max-video-preview:-1\" \/>\n<link rel=\"canonical\" href=\"https:\/\/www.eldiario.net\/portal\/2023\/11\/17\/primer-concierto-de-gala-de-voces-morenas-luego-de-su-relanzamiento\/\" \/>\n<meta property=\"og:locale\" content=\"es_ES\" \/>\n<meta property=\"og:type\" content=\"article\" \/>\n<meta property=\"og:title\" content=\"Primer concierto de gala de Voces Morenas luego de su relanzamiento - El Diario - Bolivia\" \/>\n<meta property=\"og:description\" content=\"Luego de su reciente relanzamiento, la agrupaci\u00f3n femenina Voces Morenas brindar\u00e1 su primer concierto de gala este s\u00e1bado 18 de noviembre, a horas 19:30, en el Centro Cultural Torino, ubicado en la calle Socabaya No. 457, a media cuadra de la plaza Murillo (Zona Central). \u201cEn esta oportunidad, Voces Morenas presenta al p\u00fablico su primer [&hellip;]\" \/>\n<meta property=\"og:url\" content=\"https:\/\/www.eldiario.net\/portal\/2023\/11\/17\/primer-concierto-de-gala-de-voces-morenas-luego-de-su-relanzamiento\/\" \/>\n<meta property=\"og:site_name\" content=\"El Diario - Bolivia\" \/>\n<meta property=\"article:publisher\" content=\"https:\/\/www.facebook.com\/eldiario.bolivia\/\" \/>\n<meta property=\"article:published_time\" content=\"2023-11-17T10:56:00+00:00\" \/>\n<meta property=\"og:image\" content=\"https:\/\/www.eldiario.net\/portal\/wp-content\/uploads\/2023\/11\/voces-1-.jpg\" \/>\n\t<meta property=\"og:image:width\" content=\"2362\" \/>\n\t<meta property=\"og:image:height\" content=\"1181\" \/>\n\t<meta property=\"og:image:type\" content=\"image\/jpeg\" \/>\n<meta name=\"author\" content=\"Jeanette\" \/>\n<meta name=\"twitter:card\" content=\"summary_large_image\" \/>\n<meta name=\"twitter:creator\" content=\"@eldiario_net\" \/>\n<meta name=\"twitter:site\" content=\"@eldiario_net\" \/>\n<meta name=\"twitter:label1\" content=\"Escrito por\" \/>\n\t<meta name=\"twitter:data1\" content=\"Jeanette\" \/>\n\t<meta name=\"twitter:label2\" content=\"Tiempo de lectura\" \/>\n\t<meta name=\"twitter:data2\" content=\"3 minutos\" \/>\n<script type=\"application\/ld+json\" class=\"yoast-schema-graph\">{\"@context\":\"https:\\\/\\\/schema.org\",\"@graph\":[{\"@type\":\"Article\",\"@id\":\"https:\\\/\\\/www.eldiario.net\\\/portal\\\/2023\\\/11\\\/17\\\/primer-concierto-de-gala-de-voces-morenas-luego-de-su-relanzamiento\\\/#article\",\"isPartOf\":{\"@id\":\"https:\\\/\\\/www.eldiario.net\\\/portal\\\/2023\\\/11\\\/17\\\/primer-concierto-de-gala-de-voces-morenas-luego-de-su-relanzamiento\\\/\"},\"author\":{\"name\":\"Jeanette\",\"@id\":\"https:\\\/\\\/www.eldiario.net\\\/portal\\\/#\\\/schema\\\/person\\\/f46445640444750d7d753ccd04ae01b7\"},\"headline\":\"Primer concierto de gala de Voces Morenas luego de su relanzamiento\",\"datePublished\":\"2023-11-17T10:56:00+00:00\",\"mainEntityOfPage\":{\"@id\":\"https:\\\/\\\/www.eldiario.net\\\/portal\\\/2023\\\/11\\\/17\\\/primer-concierto-de-gala-de-voces-morenas-luego-de-su-relanzamiento\\\/\"},\"wordCount\":566,\"publisher\":{\"@id\":\"https:\\\/\\\/www.eldiario.net\\\/portal\\\/#organization\"},\"image\":{\"@id\":\"https:\\\/\\\/www.eldiario.net\\\/portal\\\/2023\\\/11\\\/17\\\/primer-concierto-de-gala-de-voces-morenas-luego-de-su-relanzamiento\\\/#primaryimage\"},\"thumbnailUrl\":\"https:\\\/\\\/www.eldiario.net\\\/portal\\\/wp-content\\\/uploads\\\/2023\\\/11\\\/voces-1-.jpg\",\"articleSection\":[\"La Gu\u00eda\"],\"inLanguage\":\"es\"},{\"@type\":\"WebPage\",\"@id\":\"https:\\\/\\\/www.eldiario.net\\\/portal\\\/2023\\\/11\\\/17\\\/primer-concierto-de-gala-de-voces-morenas-luego-de-su-relanzamiento\\\/\",\"url\":\"https:\\\/\\\/www.eldiario.net\\\/portal\\\/2023\\\/11\\\/17\\\/primer-concierto-de-gala-de-voces-morenas-luego-de-su-relanzamiento\\\/\",\"name\":\"Primer concierto de gala de Voces Morenas luego de su relanzamiento - El Diario - Bolivia\",\"isPartOf\":{\"@id\":\"https:\\\/\\\/www.eldiario.net\\\/portal\\\/#website\"},\"primaryImageOfPage\":{\"@id\":\"https:\\\/\\\/www.eldiario.net\\\/portal\\\/2023\\\/11\\\/17\\\/primer-concierto-de-gala-de-voces-morenas-luego-de-su-relanzamiento\\\/#primaryimage\"},\"image\":{\"@id\":\"https:\\\/\\\/www.eldiario.net\\\/portal\\\/2023\\\/11\\\/17\\\/primer-concierto-de-gala-de-voces-morenas-luego-de-su-relanzamiento\\\/#primaryimage\"},\"thumbnailUrl\":\"https:\\\/\\\/www.eldiario.net\\\/portal\\\/wp-content\\\/uploads\\\/2023\\\/11\\\/voces-1-.jpg\",\"datePublished\":\"2023-11-17T10:56:00+00:00\",\"breadcrumb\":{\"@id\":\"https:\\\/\\\/www.eldiario.net\\\/portal\\\/2023\\\/11\\\/17\\\/primer-concierto-de-gala-de-voces-morenas-luego-de-su-relanzamiento\\\/#breadcrumb\"},\"inLanguage\":\"es\",\"potentialAction\":[{\"@type\":\"ReadAction\",\"target\":[\"https:\\\/\\\/www.eldiario.net\\\/portal\\\/2023\\\/11\\\/17\\\/primer-concierto-de-gala-de-voces-morenas-luego-de-su-relanzamiento\\\/\"]}]},{\"@type\":\"ImageObject\",\"inLanguage\":\"es\",\"@id\":\"https:\\\/\\\/www.eldiario.net\\\/portal\\\/2023\\\/11\\\/17\\\/primer-concierto-de-gala-de-voces-morenas-luego-de-su-relanzamiento\\\/#primaryimage\",\"url\":\"https:\\\/\\\/www.eldiario.net\\\/portal\\\/wp-content\\\/uploads\\\/2023\\\/11\\\/voces-1-.jpg\",\"contentUrl\":\"https:\\\/\\\/www.eldiario.net\\\/portal\\\/wp-content\\\/uploads\\\/2023\\\/11\\\/voces-1-.jpg\",\"width\":2362,\"height\":1181},{\"@type\":\"BreadcrumbList\",\"@id\":\"https:\\\/\\\/www.eldiario.net\\\/portal\\\/2023\\\/11\\\/17\\\/primer-concierto-de-gala-de-voces-morenas-luego-de-su-relanzamiento\\\/#breadcrumb\",\"itemListElement\":[{\"@type\":\"ListItem\",\"position\":1,\"name\":\"Portada\",\"item\":\"https:\\\/\\\/www.eldiario.net\\\/portal\\\/\"},{\"@type\":\"ListItem\",\"position\":2,\"name\":\"Primer concierto de gala de Voces Morenas luego de su relanzamiento\"}]},{\"@type\":\"WebSite\",\"@id\":\"https:\\\/\\\/www.eldiario.net\\\/portal\\\/#website\",\"url\":\"https:\\\/\\\/www.eldiario.net\\\/portal\\\/\",\"name\":\"El Diario - Decano de la prensa nacional\",\"description\":\"El Diario - Decano de la prensa nacional\",\"publisher\":{\"@id\":\"https:\\\/\\\/www.eldiario.net\\\/portal\\\/#organization\"},\"potentialAction\":[{\"@type\":\"SearchAction\",\"target\":{\"@type\":\"EntryPoint\",\"urlTemplate\":\"https:\\\/\\\/www.eldiario.net\\\/portal\\\/?s={search_term_string}\"},\"query-input\":{\"@type\":\"PropertyValueSpecification\",\"valueRequired\":true,\"valueName\":\"search_term_string\"}}],\"inLanguage\":\"es\"},{\"@type\":\"Organization\",\"@id\":\"https:\\\/\\\/www.eldiario.net\\\/portal\\\/#organization\",\"name\":\"El Diario - Decano de la prensa nacional\",\"url\":\"https:\\\/\\\/www.eldiario.net\\\/portal\\\/\",\"logo\":{\"@type\":\"ImageObject\",\"inLanguage\":\"es\",\"@id\":\"https:\\\/\\\/www.eldiario.net\\\/portal\\\/#\\\/schema\\\/logo\\\/image\\\/\",\"url\":\"https:\\\/\\\/www.eldiario.net\\\/portal\\\/wp-content\\\/uploads\\\/2023\\\/07\\\/logo_ED.jpg\",\"contentUrl\":\"https:\\\/\\\/www.eldiario.net\\\/portal\\\/wp-content\\\/uploads\\\/2023\\\/07\\\/logo_ED.jpg\",\"width\":272,\"height\":52,\"caption\":\"El Diario - Decano de la prensa nacional\"},\"image\":{\"@id\":\"https:\\\/\\\/www.eldiario.net\\\/portal\\\/#\\\/schema\\\/logo\\\/image\\\/\"},\"sameAs\":[\"https:\\\/\\\/www.facebook.com\\\/eldiario.bolivia\\\/\",\"https:\\\/\\\/x.com\\\/eldiario_net\"]},{\"@type\":\"Person\",\"@id\":\"https:\\\/\\\/www.eldiario.net\\\/portal\\\/#\\\/schema\\\/person\\\/f46445640444750d7d753ccd04ae01b7\",\"name\":\"Jeanette\",\"image\":{\"@type\":\"ImageObject\",\"inLanguage\":\"es\",\"@id\":\"https:\\\/\\\/secure.gravatar.com\\\/avatar\\\/3ea2118a5f7dad2b7138b1187a6b7ee55f160b9968b66013c3a3ef39dd7e5798?s=96&d=mm&r=g\",\"url\":\"https:\\\/\\\/secure.gravatar.com\\\/avatar\\\/3ea2118a5f7dad2b7138b1187a6b7ee55f160b9968b66013c3a3ef39dd7e5798?s=96&d=mm&r=g\",\"contentUrl\":\"https:\\\/\\\/secure.gravatar.com\\\/avatar\\\/3ea2118a5f7dad2b7138b1187a6b7ee55f160b9968b66013c3a3ef39dd7e5798?s=96&d=mm&r=g\",\"caption\":\"Jeanette\"},\"sameAs\":[\"https:\\\/\\\/www.eldiario.net\\\/portal\"],\"url\":\"https:\\\/\\\/www.eldiario.net\\\/portal\\\/author\\\/jeanette\\\/\"}]}<\/script>\n<!-- \/ Yoast SEO plugin. -->","yoast_head_json":{"title":"Primer concierto de gala de Voces Morenas luego de su relanzamiento - El Diario - Bolivia","robots":{"index":"index","follow":"follow","max-snippet":"max-snippet:-1","max-image-preview":"max-image-preview:large","max-video-preview":"max-video-preview:-1"},"canonical":"https:\/\/www.eldiario.net\/portal\/2023\/11\/17\/primer-concierto-de-gala-de-voces-morenas-luego-de-su-relanzamiento\/","og_locale":"es_ES","og_type":"article","og_title":"Primer concierto de gala de Voces Morenas luego de su relanzamiento - El Diario - Bolivia","og_description":"Luego de su reciente relanzamiento, la agrupaci\u00f3n femenina Voces Morenas brindar\u00e1 su primer concierto de gala este s\u00e1bado 18 de noviembre, a horas 19:30, en el Centro Cultural Torino, ubicado en la calle Socabaya No. 457, a media cuadra de la plaza Murillo (Zona Central). \u201cEn esta oportunidad, Voces Morenas presenta al p\u00fablico su primer [&hellip;]","og_url":"https:\/\/www.eldiario.net\/portal\/2023\/11\/17\/primer-concierto-de-gala-de-voces-morenas-luego-de-su-relanzamiento\/","og_site_name":"El Diario - Bolivia","article_publisher":"https:\/\/www.facebook.com\/eldiario.bolivia\/","article_published_time":"2023-11-17T10:56:00+00:00","og_image":[{"width":2362,"height":1181,"url":"https:\/\/www.eldiario.net\/portal\/wp-content\/uploads\/2023\/11\/voces-1-.jpg","type":"image\/jpeg"}],"author":"Jeanette","twitter_card":"summary_large_image","twitter_creator":"@eldiario_net","twitter_site":"@eldiario_net","twitter_misc":{"Escrito por":"Jeanette","Tiempo de lectura":"3 minutos"},"schema":{"@context":"https:\/\/schema.org","@graph":[{"@type":"Article","@id":"https:\/\/www.eldiario.net\/portal\/2023\/11\/17\/primer-concierto-de-gala-de-voces-morenas-luego-de-su-relanzamiento\/#article","isPartOf":{"@id":"https:\/\/www.eldiario.net\/portal\/2023\/11\/17\/primer-concierto-de-gala-de-voces-morenas-luego-de-su-relanzamiento\/"},"author":{"name":"Jeanette","@id":"https:\/\/www.eldiario.net\/portal\/#\/schema\/person\/f46445640444750d7d753ccd04ae01b7"},"headline":"Primer concierto de gala de Voces Morenas luego de su relanzamiento","datePublished":"2023-11-17T10:56:00+00:00","mainEntityOfPage":{"@id":"https:\/\/www.eldiario.net\/portal\/2023\/11\/17\/primer-concierto-de-gala-de-voces-morenas-luego-de-su-relanzamiento\/"},"wordCount":566,"publisher":{"@id":"https:\/\/www.eldiario.net\/portal\/#organization"},"image":{"@id":"https:\/\/www.eldiario.net\/portal\/2023\/11\/17\/primer-concierto-de-gala-de-voces-morenas-luego-de-su-relanzamiento\/#primaryimage"},"thumbnailUrl":"https:\/\/www.eldiario.net\/portal\/wp-content\/uploads\/2023\/11\/voces-1-.jpg","articleSection":["La Gu\u00eda"],"inLanguage":"es"},{"@type":"WebPage","@id":"https:\/\/www.eldiario.net\/portal\/2023\/11\/17\/primer-concierto-de-gala-de-voces-morenas-luego-de-su-relanzamiento\/","url":"https:\/\/www.eldiario.net\/portal\/2023\/11\/17\/primer-concierto-de-gala-de-voces-morenas-luego-de-su-relanzamiento\/","name":"Primer concierto de gala de Voces Morenas luego de su relanzamiento - El Diario - Bolivia","isPartOf":{"@id":"https:\/\/www.eldiario.net\/portal\/#website"},"primaryImageOfPage":{"@id":"https:\/\/www.eldiario.net\/portal\/2023\/11\/17\/primer-concierto-de-gala-de-voces-morenas-luego-de-su-relanzamiento\/#primaryimage"},"image":{"@id":"https:\/\/www.eldiario.net\/portal\/2023\/11\/17\/primer-concierto-de-gala-de-voces-morenas-luego-de-su-relanzamiento\/#primaryimage"},"thumbnailUrl":"https:\/\/www.eldiario.net\/portal\/wp-content\/uploads\/2023\/11\/voces-1-.jpg","datePublished":"2023-11-17T10:56:00+00:00","breadcrumb":{"@id":"https:\/\/www.eldiario.net\/portal\/2023\/11\/17\/primer-concierto-de-gala-de-voces-morenas-luego-de-su-relanzamiento\/#breadcrumb"},"inLanguage":"es","potentialAction":[{"@type":"ReadAction","target":["https:\/\/www.eldiario.net\/portal\/2023\/11\/17\/primer-concierto-de-gala-de-voces-morenas-luego-de-su-relanzamiento\/"]}]},{"@type":"ImageObject","inLanguage":"es","@id":"https:\/\/www.eldiario.net\/portal\/2023\/11\/17\/primer-concierto-de-gala-de-voces-morenas-luego-de-su-relanzamiento\/#primaryimage","url":"https:\/\/www.eldiario.net\/portal\/wp-content\/uploads\/2023\/11\/voces-1-.jpg","contentUrl":"https:\/\/www.eldiario.net\/portal\/wp-content\/uploads\/2023\/11\/voces-1-.jpg","width":2362,"height":1181},{"@type":"BreadcrumbList","@id":"https:\/\/www.eldiario.net\/portal\/2023\/11\/17\/primer-concierto-de-gala-de-voces-morenas-luego-de-su-relanzamiento\/#breadcrumb","itemListElement":[{"@type":"ListItem","position":1,"name":"Portada","item":"https:\/\/www.eldiario.net\/portal\/"},{"@type":"ListItem","position":2,"name":"Primer concierto de gala de Voces Morenas luego de su relanzamiento"}]},{"@type":"WebSite","@id":"https:\/\/www.eldiario.net\/portal\/#website","url":"https:\/\/www.eldiario.net\/portal\/","name":"El Diario - Decano de la prensa nacional","description":"El Diario - Decano de la prensa nacional","publisher":{"@id":"https:\/\/www.eldiario.net\/portal\/#organization"},"potentialAction":[{"@type":"SearchAction","target":{"@type":"EntryPoint","urlTemplate":"https:\/\/www.eldiario.net\/portal\/?s={search_term_string}"},"query-input":{"@type":"PropertyValueSpecification","valueRequired":true,"valueName":"search_term_string"}}],"inLanguage":"es"},{"@type":"Organization","@id":"https:\/\/www.eldiario.net\/portal\/#organization","name":"El Diario - Decano de la prensa nacional","url":"https:\/\/www.eldiario.net\/portal\/","logo":{"@type":"ImageObject","inLanguage":"es","@id":"https:\/\/www.eldiario.net\/portal\/#\/schema\/logo\/image\/","url":"https:\/\/www.eldiario.net\/portal\/wp-content\/uploads\/2023\/07\/logo_ED.jpg","contentUrl":"https:\/\/www.eldiario.net\/portal\/wp-content\/uploads\/2023\/07\/logo_ED.jpg","width":272,"height":52,"caption":"El Diario - Decano de la prensa nacional"},"image":{"@id":"https:\/\/www.eldiario.net\/portal\/#\/schema\/logo\/image\/"},"sameAs":["https:\/\/www.facebook.com\/eldiario.bolivia\/","https:\/\/x.com\/eldiario_net"]},{"@type":"Person","@id":"https:\/\/www.eldiario.net\/portal\/#\/schema\/person\/f46445640444750d7d753ccd04ae01b7","name":"Jeanette","image":{"@type":"ImageObject","inLanguage":"es","@id":"https:\/\/secure.gravatar.com\/avatar\/3ea2118a5f7dad2b7138b1187a6b7ee55f160b9968b66013c3a3ef39dd7e5798?s=96&d=mm&r=g","url":"https:\/\/secure.gravatar.com\/avatar\/3ea2118a5f7dad2b7138b1187a6b7ee55f160b9968b66013c3a3ef39dd7e5798?s=96&d=mm&r=g","contentUrl":"https:\/\/secure.gravatar.com\/avatar\/3ea2118a5f7dad2b7138b1187a6b7ee55f160b9968b66013c3a3ef39dd7e5798?s=96&d=mm&r=g","caption":"Jeanette"},"sameAs":["https:\/\/www.eldiario.net\/portal"],"url":"https:\/\/www.eldiario.net\/portal\/author\/jeanette\/"}]}},"_links":{"self":[{"href":"https:\/\/www.eldiario.net\/portal\/wp-json\/wp\/v2\/posts\/188044","targetHints":{"allow":["GET"]}}],"collection":[{"href":"https:\/\/www.eldiario.net\/portal\/wp-json\/wp\/v2\/posts"}],"about":[{"href":"https:\/\/www.eldiario.net\/portal\/wp-json\/wp\/v2\/types\/post"}],"author":[{"embeddable":true,"href":"https:\/\/www.eldiario.net\/portal\/wp-json\/wp\/v2\/users\/1"}],"replies":[{"embeddable":true,"href":"https:\/\/www.eldiario.net\/portal\/wp-json\/wp\/v2\/comments?post=188044"}],"version-history":[{"count":0,"href":"https:\/\/www.eldiario.net\/portal\/wp-json\/wp\/v2\/posts\/188044\/revisions"}],"wp:featuredmedia":[{"embeddable":true,"href":"https:\/\/www.eldiario.net\/portal\/wp-json\/wp\/v2\/media\/188045"}],"wp:attachment":[{"href":"https:\/\/www.eldiario.net\/portal\/wp-json\/wp\/v2\/media?parent=188044"}],"wp:term":[{"taxonomy":"category","embeddable":true,"href":"https:\/\/www.eldiario.net\/portal\/wp-json\/wp\/v2\/categories?post=188044"},{"taxonomy":"post_tag","embeddable":true,"href":"https:\/\/www.eldiario.net\/portal\/wp-json\/wp\/v2\/tags?post=188044"}],"curies":[{"name":"wp","href":"https:\/\/api.w.org\/{rel}","templated":true}]}}