{"id":188022,"date":"2023-11-17T06:48:45","date_gmt":"2023-11-17T10:48:45","guid":{"rendered":"https:\/\/www.eldiario.net\/portal\/?p=188022"},"modified":"2023-11-17T06:48:45","modified_gmt":"2023-11-17T10:48:45","slug":"uruguay-vacuna-a-argentina-en-su-casa","status":"publish","type":"post","link":"https:\/\/www.eldiario.net\/portal\/2023\/11\/17\/uruguay-vacuna-a-argentina-en-su-casa\/","title":{"rendered":"Uruguay vacuna a Argentina en su casa"},"content":{"rendered":"<p>La selecci\u00f3n de Uruguay con Marcelo Bielsa a la cabeza, derrot\u00f3 con autoridad este jueves en el estadio La Bombonera por 0-2 a la de Argentina, que perdi\u00f3 su invicto en las eliminatorias, aunque no el liderato, pero qued\u00f3 m\u00e1s expuesta ante sus rivales.<\/p>\n<p>Con goles de Ronald Ara\u00fajo (m.40) y Darwin N\u00fa\u00f1ez (m.87), la Celeste logr\u00f3 un hist\u00f3rico doblete seguido ya que ven\u00eda de derrotar por el mismo marcador a Brasil en el Centenario de Montevideo.<\/p>\n<p>De esta manera, Argentina resign\u00f3 su invicto en 2023 y perdi\u00f3 la invencibilidad de su porter\u00eda.<\/p>\n<p>La Albiceleste lidera con 12 de 15 unidades posibles y Uruguay le sigue con 10.<\/p>\n<p>Uruguay como visitante a la Argentina, la Celeste impuso su presi\u00f3n alta desde el comienzo del partido al punto que en el minuto 9 tuvo su primera opci\u00f3n para abrir el marcador con una llegada en velocidad de Darwin N\u00fa\u00f1ez superando a Nicol\u00e1s Otamendi con un remate que se fue apenas desviado.<\/p>\n<p>La respuesta lleg\u00f3 apenas tres minutos despu\u00e9s con un remate que contuvo Rochet bien ubicado.<\/p>\n<p>Luego fue una tensi\u00f3n entre varios jugadores de uno y otro equipo luego de un golpe sobre la cara de Nicol\u00e1s Gonz\u00e1lez.<\/p>\n<p>A partir de ese momento, Lionel Messi discuti\u00f3 con Manuel Ugarte y Mathias Olivera al punto que pidi\u00f3 la pelota en el minuto 22 y gener\u00f3 un tiro libre en el borde del \u00e1rea que dio en la barrera tras la ejecuci\u00f3n del propio jugador del Inter Miami.<\/p>\n<p>Una explosiva corrida de N\u00fa\u00f1ez termin\u00f3 con un centro cruzado que exigi\u00f3 un cruce justo de Nicol\u00e1s Tagliafico ante la llegada de Pellistri.<\/p>\n<p>Ese fue un anticipo porque al minuto 40 Mat\u00edas Vi\u00f1a gan\u00f3 sobre el lateral derecho le gan\u00f3 la pelota a Nahuel Molina y sac\u00f3 un centro cruzado que encontr\u00f3 la llegada de Ronald Ara\u00fajo para una definici\u00f3n cruzada que super\u00f3 el esfuerzo del portero Emiliano Mart\u00ednez.<\/p>\n<p>Este gol marc\u00f3 el final del invicto 2023 de la Selecci\u00f3n Argentina, que hasta este encuentro no hab\u00eda sufrido la ca\u00edda de su valla y, adem\u00e1s, le puso punto final a una condici\u00f3n de imbatible de &#8216;Dibu&#8217; Mart\u00ednez, cuyo \u00faltimo gol recibido hab\u00eda sido por Kylian Mbapp\u00e9, en la final del Mundial de Qatar ante Francia.<\/p>\n<p>En el segundo tiempo, Argentina apost\u00f3 a rotar su banquillo con los ingresos de Lautaro Mart\u00ednez y \u00c1ngel Di Mar\u00eda, al punto que en el minuto 56 el local tuvo una oportunidad con un tiro libre de Lionel Messi que dio en el travesa\u00f1o.<\/p>\n<p>Uruguay control\u00f3 el juego al punto que Argentina no pudo llegar con peligro hasta el minuto 77 con un centro de \u00c1ngel Di Mar\u00eda que despej\u00f3 Rochet.<\/p>\n<p>Y en el minuto 87 un contragolpe letal de la visita con una habilitaci\u00f3n en velocidad de Nicol\u00e1s De la Cruz para Darwin N\u00fa\u00f1ez que, tras dos amagues, defini\u00f3 cruzado para sentenciar la victoria de la Celeste.<\/p>\n<p>La \u00faltima vez que Uruguay le hab\u00eda ganado en tiempo regular como visitante a la Argentina hab\u00eda sido en la Copa Am\u00e9rica de 1987 por 0-1 con gol de Antonio Alzamendi en el estadio &#8216;Monumental&#8217; de N\u00fa\u00f1ez, mientras que por penaltis hab\u00eda sido en 2011 por el mismo torneo en cuartos de final en el estadio &#8216;Cementerio de los Elefantes&#8217; de Santa Fe.<\/p>\n","protected":false},"excerpt":{"rendered":"<p>La selecci\u00f3n de Uruguay con Marcelo Bielsa a la cabeza, derrot\u00f3 con autoridad este jueves en el estadio La Bombonera por 0-2 a la de Argentina, que perdi\u00f3 su invicto en las eliminatorias, aunque no el liderato, pero qued\u00f3 m\u00e1s expuesta ante sus rivales. Con goles de Ronald Ara\u00fajo (m.40) y Darwin N\u00fa\u00f1ez (m.87), la [&hellip;]<\/p>\n","protected":false},"author":1,"featured_media":188023,"comment_status":"closed","ping_status":"open","sticky":false,"template":"","format":"standard","meta":{"_acf_changed":false,"footnotes":""},"categories":[6],"tags":[],"class_list":["post-188022","post","type-post","status-publish","format-standard","has-post-thumbnail","category-deportes"],"acf":{"antetitulo":""},"yoast_head":"<!-- This site is optimized with the Yoast SEO plugin v28.4 - https:\/\/yoast.com\/product\/yoast-seo-wordpress\/ -->\n<title>Uruguay vacuna a Argentina en su casa - El Diario - Bolivia<\/title>\n<meta name=\"robots\" content=\"index, follow, max-snippet:-1, max-image-preview:large, max-video-preview:-1\" \/>\n<link rel=\"canonical\" href=\"https:\/\/www.eldiario.net\/portal\/2023\/11\/17\/uruguay-vacuna-a-argentina-en-su-casa\/\" \/>\n<meta property=\"og:locale\" content=\"es_ES\" \/>\n<meta property=\"og:type\" content=\"article\" \/>\n<meta property=\"og:title\" content=\"Uruguay vacuna a Argentina en su casa - El Diario - Bolivia\" \/>\n<meta property=\"og:description\" content=\"La selecci\u00f3n de Uruguay con Marcelo Bielsa a la cabeza, derrot\u00f3 con autoridad este jueves en el estadio La Bombonera por 0-2 a la de Argentina, que perdi\u00f3 su invicto en las eliminatorias, aunque no el liderato, pero qued\u00f3 m\u00e1s expuesta ante sus rivales. Con goles de Ronald Ara\u00fajo (m.40) y Darwin N\u00fa\u00f1ez (m.87), la [&hellip;]\" \/>\n<meta property=\"og:url\" content=\"https:\/\/www.eldiario.net\/portal\/2023\/11\/17\/uruguay-vacuna-a-argentina-en-su-casa\/\" \/>\n<meta property=\"og:site_name\" content=\"El Diario - Bolivia\" \/>\n<meta property=\"article:publisher\" content=\"https:\/\/www.facebook.com\/eldiario.bolivia\/\" \/>\n<meta property=\"article:published_time\" content=\"2023-11-17T10:48:45+00:00\" \/>\n<meta property=\"og:image\" content=\"https:\/\/www.eldiario.net\/portal\/wp-content\/uploads\/2023\/11\/20231117_042412.jpg\" \/>\n\t<meta property=\"og:image:width\" content=\"1024\" \/>\n\t<meta property=\"og:image:height\" content=\"754\" \/>\n\t<meta property=\"og:image:type\" content=\"image\/jpeg\" \/>\n<meta name=\"author\" content=\"Jeanette\" \/>\n<meta name=\"twitter:card\" content=\"summary_large_image\" \/>\n<meta name=\"twitter:creator\" content=\"@eldiario_net\" \/>\n<meta name=\"twitter:site\" content=\"@eldiario_net\" \/>\n<meta name=\"twitter:label1\" content=\"Escrito por\" \/>\n\t<meta name=\"twitter:data1\" content=\"Jeanette\" \/>\n\t<meta name=\"twitter:label2\" content=\"Tiempo de lectura\" \/>\n\t<meta name=\"twitter:data2\" content=\"3 minutos\" \/>\n<script type=\"application\/ld+json\" class=\"yoast-schema-graph\">{\"@context\":\"https:\\\/\\\/schema.org\",\"@graph\":[{\"@type\":\"Article\",\"@id\":\"https:\\\/\\\/www.eldiario.net\\\/portal\\\/2023\\\/11\\\/17\\\/uruguay-vacuna-a-argentina-en-su-casa\\\/#article\",\"isPartOf\":{\"@id\":\"https:\\\/\\\/www.eldiario.net\\\/portal\\\/2023\\\/11\\\/17\\\/uruguay-vacuna-a-argentina-en-su-casa\\\/\"},\"author\":{\"name\":\"Jeanette\",\"@id\":\"https:\\\/\\\/www.eldiario.net\\\/portal\\\/#\\\/schema\\\/person\\\/f46445640444750d7d753ccd04ae01b7\"},\"headline\":\"Uruguay vacuna a Argentina en su casa\",\"datePublished\":\"2023-11-17T10:48:45+00:00\",\"mainEntityOfPage\":{\"@id\":\"https:\\\/\\\/www.eldiario.net\\\/portal\\\/2023\\\/11\\\/17\\\/uruguay-vacuna-a-argentina-en-su-casa\\\/\"},\"wordCount\":577,\"publisher\":{\"@id\":\"https:\\\/\\\/www.eldiario.net\\\/portal\\\/#organization\"},\"image\":{\"@id\":\"https:\\\/\\\/www.eldiario.net\\\/portal\\\/2023\\\/11\\\/17\\\/uruguay-vacuna-a-argentina-en-su-casa\\\/#primaryimage\"},\"thumbnailUrl\":\"https:\\\/\\\/www.eldiario.net\\\/portal\\\/wp-content\\\/uploads\\\/2023\\\/11\\\/20231117_042412.jpg\",\"articleSection\":[\"Deportes\"],\"inLanguage\":\"es\"},{\"@type\":\"WebPage\",\"@id\":\"https:\\\/\\\/www.eldiario.net\\\/portal\\\/2023\\\/11\\\/17\\\/uruguay-vacuna-a-argentina-en-su-casa\\\/\",\"url\":\"https:\\\/\\\/www.eldiario.net\\\/portal\\\/2023\\\/11\\\/17\\\/uruguay-vacuna-a-argentina-en-su-casa\\\/\",\"name\":\"Uruguay vacuna a Argentina en su casa - El Diario - Bolivia\",\"isPartOf\":{\"@id\":\"https:\\\/\\\/www.eldiario.net\\\/portal\\\/#website\"},\"primaryImageOfPage\":{\"@id\":\"https:\\\/\\\/www.eldiario.net\\\/portal\\\/2023\\\/11\\\/17\\\/uruguay-vacuna-a-argentina-en-su-casa\\\/#primaryimage\"},\"image\":{\"@id\":\"https:\\\/\\\/www.eldiario.net\\\/portal\\\/2023\\\/11\\\/17\\\/uruguay-vacuna-a-argentina-en-su-casa\\\/#primaryimage\"},\"thumbnailUrl\":\"https:\\\/\\\/www.eldiario.net\\\/portal\\\/wp-content\\\/uploads\\\/2023\\\/11\\\/20231117_042412.jpg\",\"datePublished\":\"2023-11-17T10:48:45+00:00\",\"breadcrumb\":{\"@id\":\"https:\\\/\\\/www.eldiario.net\\\/portal\\\/2023\\\/11\\\/17\\\/uruguay-vacuna-a-argentina-en-su-casa\\\/#breadcrumb\"},\"inLanguage\":\"es\",\"potentialAction\":[{\"@type\":\"ReadAction\",\"target\":[\"https:\\\/\\\/www.eldiario.net\\\/portal\\\/2023\\\/11\\\/17\\\/uruguay-vacuna-a-argentina-en-su-casa\\\/\"]}]},{\"@type\":\"ImageObject\",\"inLanguage\":\"es\",\"@id\":\"https:\\\/\\\/www.eldiario.net\\\/portal\\\/2023\\\/11\\\/17\\\/uruguay-vacuna-a-argentina-en-su-casa\\\/#primaryimage\",\"url\":\"https:\\\/\\\/www.eldiario.net\\\/portal\\\/wp-content\\\/uploads\\\/2023\\\/11\\\/20231117_042412.jpg\",\"contentUrl\":\"https:\\\/\\\/www.eldiario.net\\\/portal\\\/wp-content\\\/uploads\\\/2023\\\/11\\\/20231117_042412.jpg\",\"width\":1024,\"height\":754},{\"@type\":\"BreadcrumbList\",\"@id\":\"https:\\\/\\\/www.eldiario.net\\\/portal\\\/2023\\\/11\\\/17\\\/uruguay-vacuna-a-argentina-en-su-casa\\\/#breadcrumb\",\"itemListElement\":[{\"@type\":\"ListItem\",\"position\":1,\"name\":\"Portada\",\"item\":\"https:\\\/\\\/www.eldiario.net\\\/portal\\\/\"},{\"@type\":\"ListItem\",\"position\":2,\"name\":\"Uruguay vacuna a Argentina en su casa\"}]},{\"@type\":\"WebSite\",\"@id\":\"https:\\\/\\\/www.eldiario.net\\\/portal\\\/#website\",\"url\":\"https:\\\/\\\/www.eldiario.net\\\/portal\\\/\",\"name\":\"El Diario - Decano de la prensa nacional\",\"description\":\"El Diario - Decano de la prensa nacional\",\"publisher\":{\"@id\":\"https:\\\/\\\/www.eldiario.net\\\/portal\\\/#organization\"},\"potentialAction\":[{\"@type\":\"SearchAction\",\"target\":{\"@type\":\"EntryPoint\",\"urlTemplate\":\"https:\\\/\\\/www.eldiario.net\\\/portal\\\/?s={search_term_string}\"},\"query-input\":{\"@type\":\"PropertyValueSpecification\",\"valueRequired\":true,\"valueName\":\"search_term_string\"}}],\"inLanguage\":\"es\"},{\"@type\":\"Organization\",\"@id\":\"https:\\\/\\\/www.eldiario.net\\\/portal\\\/#organization\",\"name\":\"El Diario - Decano de la prensa nacional\",\"url\":\"https:\\\/\\\/www.eldiario.net\\\/portal\\\/\",\"logo\":{\"@type\":\"ImageObject\",\"inLanguage\":\"es\",\"@id\":\"https:\\\/\\\/www.eldiario.net\\\/portal\\\/#\\\/schema\\\/logo\\\/image\\\/\",\"url\":\"https:\\\/\\\/www.eldiario.net\\\/portal\\\/wp-content\\\/uploads\\\/2023\\\/07\\\/logo_ED.jpg\",\"contentUrl\":\"https:\\\/\\\/www.eldiario.net\\\/portal\\\/wp-content\\\/uploads\\\/2023\\\/07\\\/logo_ED.jpg\",\"width\":272,\"height\":52,\"caption\":\"El Diario - Decano de la prensa nacional\"},\"image\":{\"@id\":\"https:\\\/\\\/www.eldiario.net\\\/portal\\\/#\\\/schema\\\/logo\\\/image\\\/\"},\"sameAs\":[\"https:\\\/\\\/www.facebook.com\\\/eldiario.bolivia\\\/\",\"https:\\\/\\\/x.com\\\/eldiario_net\"]},{\"@type\":\"Person\",\"@id\":\"https:\\\/\\\/www.eldiario.net\\\/portal\\\/#\\\/schema\\\/person\\\/f46445640444750d7d753ccd04ae01b7\",\"name\":\"Jeanette\",\"image\":{\"@type\":\"ImageObject\",\"inLanguage\":\"es\",\"@id\":\"https:\\\/\\\/secure.gravatar.com\\\/avatar\\\/3ea2118a5f7dad2b7138b1187a6b7ee55f160b9968b66013c3a3ef39dd7e5798?s=96&d=mm&r=g\",\"url\":\"https:\\\/\\\/secure.gravatar.com\\\/avatar\\\/3ea2118a5f7dad2b7138b1187a6b7ee55f160b9968b66013c3a3ef39dd7e5798?s=96&d=mm&r=g\",\"contentUrl\":\"https:\\\/\\\/secure.gravatar.com\\\/avatar\\\/3ea2118a5f7dad2b7138b1187a6b7ee55f160b9968b66013c3a3ef39dd7e5798?s=96&d=mm&r=g\",\"caption\":\"Jeanette\"},\"sameAs\":[\"https:\\\/\\\/www.eldiario.net\\\/portal\"],\"url\":\"https:\\\/\\\/www.eldiario.net\\\/portal\\\/author\\\/jeanette\\\/\"}]}<\/script>\n<!-- \/ Yoast SEO plugin. -->","yoast_head_json":{"title":"Uruguay vacuna a Argentina en su casa - El Diario - Bolivia","robots":{"index":"index","follow":"follow","max-snippet":"max-snippet:-1","max-image-preview":"max-image-preview:large","max-video-preview":"max-video-preview:-1"},"canonical":"https:\/\/www.eldiario.net\/portal\/2023\/11\/17\/uruguay-vacuna-a-argentina-en-su-casa\/","og_locale":"es_ES","og_type":"article","og_title":"Uruguay vacuna a Argentina en su casa - El Diario - Bolivia","og_description":"La selecci\u00f3n de Uruguay con Marcelo Bielsa a la cabeza, derrot\u00f3 con autoridad este jueves en el estadio La Bombonera por 0-2 a la de Argentina, que perdi\u00f3 su invicto en las eliminatorias, aunque no el liderato, pero qued\u00f3 m\u00e1s expuesta ante sus rivales. Con goles de Ronald Ara\u00fajo (m.40) y Darwin N\u00fa\u00f1ez (m.87), la [&hellip;]","og_url":"https:\/\/www.eldiario.net\/portal\/2023\/11\/17\/uruguay-vacuna-a-argentina-en-su-casa\/","og_site_name":"El Diario - Bolivia","article_publisher":"https:\/\/www.facebook.com\/eldiario.bolivia\/","article_published_time":"2023-11-17T10:48:45+00:00","og_image":[{"width":1024,"height":754,"url":"https:\/\/www.eldiario.net\/portal\/wp-content\/uploads\/2023\/11\/20231117_042412.jpg","type":"image\/jpeg"}],"author":"Jeanette","twitter_card":"summary_large_image","twitter_creator":"@eldiario_net","twitter_site":"@eldiario_net","twitter_misc":{"Escrito por":"Jeanette","Tiempo de lectura":"3 minutos"},"schema":{"@context":"https:\/\/schema.org","@graph":[{"@type":"Article","@id":"https:\/\/www.eldiario.net\/portal\/2023\/11\/17\/uruguay-vacuna-a-argentina-en-su-casa\/#article","isPartOf":{"@id":"https:\/\/www.eldiario.net\/portal\/2023\/11\/17\/uruguay-vacuna-a-argentina-en-su-casa\/"},"author":{"name":"Jeanette","@id":"https:\/\/www.eldiario.net\/portal\/#\/schema\/person\/f46445640444750d7d753ccd04ae01b7"},"headline":"Uruguay vacuna a Argentina en su casa","datePublished":"2023-11-17T10:48:45+00:00","mainEntityOfPage":{"@id":"https:\/\/www.eldiario.net\/portal\/2023\/11\/17\/uruguay-vacuna-a-argentina-en-su-casa\/"},"wordCount":577,"publisher":{"@id":"https:\/\/www.eldiario.net\/portal\/#organization"},"image":{"@id":"https:\/\/www.eldiario.net\/portal\/2023\/11\/17\/uruguay-vacuna-a-argentina-en-su-casa\/#primaryimage"},"thumbnailUrl":"https:\/\/www.eldiario.net\/portal\/wp-content\/uploads\/2023\/11\/20231117_042412.jpg","articleSection":["Deportes"],"inLanguage":"es"},{"@type":"WebPage","@id":"https:\/\/www.eldiario.net\/portal\/2023\/11\/17\/uruguay-vacuna-a-argentina-en-su-casa\/","url":"https:\/\/www.eldiario.net\/portal\/2023\/11\/17\/uruguay-vacuna-a-argentina-en-su-casa\/","name":"Uruguay vacuna a Argentina en su casa - El Diario - Bolivia","isPartOf":{"@id":"https:\/\/www.eldiario.net\/portal\/#website"},"primaryImageOfPage":{"@id":"https:\/\/www.eldiario.net\/portal\/2023\/11\/17\/uruguay-vacuna-a-argentina-en-su-casa\/#primaryimage"},"image":{"@id":"https:\/\/www.eldiario.net\/portal\/2023\/11\/17\/uruguay-vacuna-a-argentina-en-su-casa\/#primaryimage"},"thumbnailUrl":"https:\/\/www.eldiario.net\/portal\/wp-content\/uploads\/2023\/11\/20231117_042412.jpg","datePublished":"2023-11-17T10:48:45+00:00","breadcrumb":{"@id":"https:\/\/www.eldiario.net\/portal\/2023\/11\/17\/uruguay-vacuna-a-argentina-en-su-casa\/#breadcrumb"},"inLanguage":"es","potentialAction":[{"@type":"ReadAction","target":["https:\/\/www.eldiario.net\/portal\/2023\/11\/17\/uruguay-vacuna-a-argentina-en-su-casa\/"]}]},{"@type":"ImageObject","inLanguage":"es","@id":"https:\/\/www.eldiario.net\/portal\/2023\/11\/17\/uruguay-vacuna-a-argentina-en-su-casa\/#primaryimage","url":"https:\/\/www.eldiario.net\/portal\/wp-content\/uploads\/2023\/11\/20231117_042412.jpg","contentUrl":"https:\/\/www.eldiario.net\/portal\/wp-content\/uploads\/2023\/11\/20231117_042412.jpg","width":1024,"height":754},{"@type":"BreadcrumbList","@id":"https:\/\/www.eldiario.net\/portal\/2023\/11\/17\/uruguay-vacuna-a-argentina-en-su-casa\/#breadcrumb","itemListElement":[{"@type":"ListItem","position":1,"name":"Portada","item":"https:\/\/www.eldiario.net\/portal\/"},{"@type":"ListItem","position":2,"name":"Uruguay vacuna a Argentina en su casa"}]},{"@type":"WebSite","@id":"https:\/\/www.eldiario.net\/portal\/#website","url":"https:\/\/www.eldiario.net\/portal\/","name":"El Diario - Decano de la prensa nacional","description":"El Diario - Decano de la prensa nacional","publisher":{"@id":"https:\/\/www.eldiario.net\/portal\/#organization"},"potentialAction":[{"@type":"SearchAction","target":{"@type":"EntryPoint","urlTemplate":"https:\/\/www.eldiario.net\/portal\/?s={search_term_string}"},"query-input":{"@type":"PropertyValueSpecification","valueRequired":true,"valueName":"search_term_string"}}],"inLanguage":"es"},{"@type":"Organization","@id":"https:\/\/www.eldiario.net\/portal\/#organization","name":"El Diario - Decano de la prensa nacional","url":"https:\/\/www.eldiario.net\/portal\/","logo":{"@type":"ImageObject","inLanguage":"es","@id":"https:\/\/www.eldiario.net\/portal\/#\/schema\/logo\/image\/","url":"https:\/\/www.eldiario.net\/portal\/wp-content\/uploads\/2023\/07\/logo_ED.jpg","contentUrl":"https:\/\/www.eldiario.net\/portal\/wp-content\/uploads\/2023\/07\/logo_ED.jpg","width":272,"height":52,"caption":"El Diario - Decano de la prensa nacional"},"image":{"@id":"https:\/\/www.eldiario.net\/portal\/#\/schema\/logo\/image\/"},"sameAs":["https:\/\/www.facebook.com\/eldiario.bolivia\/","https:\/\/x.com\/eldiario_net"]},{"@type":"Person","@id":"https:\/\/www.eldiario.net\/portal\/#\/schema\/person\/f46445640444750d7d753ccd04ae01b7","name":"Jeanette","image":{"@type":"ImageObject","inLanguage":"es","@id":"https:\/\/secure.gravatar.com\/avatar\/3ea2118a5f7dad2b7138b1187a6b7ee55f160b9968b66013c3a3ef39dd7e5798?s=96&d=mm&r=g","url":"https:\/\/secure.gravatar.com\/avatar\/3ea2118a5f7dad2b7138b1187a6b7ee55f160b9968b66013c3a3ef39dd7e5798?s=96&d=mm&r=g","contentUrl":"https:\/\/secure.gravatar.com\/avatar\/3ea2118a5f7dad2b7138b1187a6b7ee55f160b9968b66013c3a3ef39dd7e5798?s=96&d=mm&r=g","caption":"Jeanette"},"sameAs":["https:\/\/www.eldiario.net\/portal"],"url":"https:\/\/www.eldiario.net\/portal\/author\/jeanette\/"}]}},"_links":{"self":[{"href":"https:\/\/www.eldiario.net\/portal\/wp-json\/wp\/v2\/posts\/188022","targetHints":{"allow":["GET"]}}],"collection":[{"href":"https:\/\/www.eldiario.net\/portal\/wp-json\/wp\/v2\/posts"}],"about":[{"href":"https:\/\/www.eldiario.net\/portal\/wp-json\/wp\/v2\/types\/post"}],"author":[{"embeddable":true,"href":"https:\/\/www.eldiario.net\/portal\/wp-json\/wp\/v2\/users\/1"}],"replies":[{"embeddable":true,"href":"https:\/\/www.eldiario.net\/portal\/wp-json\/wp\/v2\/comments?post=188022"}],"version-history":[{"count":0,"href":"https:\/\/www.eldiario.net\/portal\/wp-json\/wp\/v2\/posts\/188022\/revisions"}],"wp:featuredmedia":[{"embeddable":true,"href":"https:\/\/www.eldiario.net\/portal\/wp-json\/wp\/v2\/media\/188023"}],"wp:attachment":[{"href":"https:\/\/www.eldiario.net\/portal\/wp-json\/wp\/v2\/media?parent=188022"}],"wp:term":[{"taxonomy":"category","embeddable":true,"href":"https:\/\/www.eldiario.net\/portal\/wp-json\/wp\/v2\/categories?post=188022"},{"taxonomy":"post_tag","embeddable":true,"href":"https:\/\/www.eldiario.net\/portal\/wp-json\/wp\/v2\/tags?post=188022"}],"curies":[{"name":"wp","href":"https:\/\/api.w.org\/{rel}","templated":true}]}}