{"id":188019,"date":"2023-11-17T06:48:02","date_gmt":"2023-11-17T10:48:02","guid":{"rendered":"https:\/\/www.eldiario.net\/portal\/?p=188019"},"modified":"2023-11-17T06:48:02","modified_gmt":"2023-11-17T10:48:02","slug":"colombia-remonta-a-brasil-gracias-a-luis-diaz","status":"publish","type":"post","link":"https:\/\/www.eldiario.net\/portal\/2023\/11\/17\/colombia-remonta-a-brasil-gracias-a-luis-diaz\/","title":{"rendered":"Colombia remonta a Brasil gracias a Luis D\u00edaz"},"content":{"rendered":"<p>La selecci\u00f3n colombiana venci\u00f3 este jueves por primera vez a Brasil por las Eliminatorias Suramericanas al Mundial y se impuso por 2-1 con un doblete de Luis D\u00edaz en el estadio Metropolitano de Barranquilla.<\/p>\n<p>En el emotivo duelo de la quinta jornada de las eliminatorias al Mundial de 2026, la Canarinha hab\u00eda tomado la ventaja con una anotaci\u00f3n de Gabriel Martinelli y se enfrent\u00f3 en un golpe a golpe con los anfitriones, que salieron a buscar el resultado y se llevaron tres puntos claves.<\/p>\n<p>Con este resultado, Colombia escal\u00f3 al tercer lugar con nueve puntos, mientras que Brasil cay\u00f3 al quinto lugar con siete unidades.<\/p>\n<p>El equipo de Fernando Diniz sali\u00f3 a aplastar a los locales y en un inicio huracanado cre\u00f3 la primera oportunidad en el minuto 1 en una gran jugada colectiva entre Raphinha y el lateral Emerson Royal, que mand\u00f3 un centro para Vinicius que cabece\u00f3 y mand\u00f3 el bal\u00f3n por encima de la porter\u00eda de Camilo Vargas.<\/p>\n<p>En ese contexto lleg\u00f3 el 0-1 en una pared que hilvanaron Vinicius y Gabriel Martinelli, que remat\u00f3 y venci\u00f3 la resistencia del guardameta cafetero al minuto 3.<\/p>\n<p>Los anfitriones se sacudieron y empezaron a acercarse con peligro a la porter\u00eda de Alisson. La primera oportunidad lleg\u00f3 al 15 en una aventura individual de D\u00edaz por la izquierda que termin\u00f3 con un pase para el centrocampista Jorge Carrascal.<\/p>\n<p>As\u00ed se sucedieron los remates de los locales que crearon peligro en la porter\u00eda brasile\u00f1a con remates de D\u00edaz y James, principalmente, mientras que los visitantes apelaron al talento de Rodrygo, que se puso la camiseta de l\u00edder del equipo cuando sali\u00f3 lesionado, al minuto 26, Vinicius.<\/p>\n<p>El partido mantuvo el mismo ritmo en la etapa complementaria y la Canarinha estuvo muy cerca de ampliar la ventaja con sendos remates de Raphinha, que se convirti\u00f3 en el socio ideal de Rodrygo, que fueron atajados por Vargas.<\/p>\n<p>Colombia hab\u00eda perdido claridad pero jugaba en terreno brasile\u00f1o y as\u00ed fue como empez\u00f3 a mandar balones cruzados. Eso le permiti\u00f3 igualar al 74 cuando el lateral Cristian Borja, que ingres\u00f3 en el segundo tiempo, mand\u00f3 un centro y D\u00edaz, solo en el \u00e1rea, cabece\u00f3 para celebrar el 1-1.<\/p>\n<p>El equipo mantuvo ese impulso y al 78, en una buena jugada del lateral Daniel Mu\u00f1oz por la derecha, el bal\u00f3n le lleg\u00f3 a James que envi\u00f3 otro centro para D\u00edaz, que celebr\u00f3 emocionado el 2-1 a pesar de que estaba resentido y casi sale del terreno de juego minutos antes.<\/p>\n<p>Al final, Brasil sufri\u00f3 por el cansancio de sus jugadores y Colombia se llev\u00f3 un triunfo hist\u00f3rico que lo acomoda en la tabla de posiciones y lo pone a so\u00f1ar con la clasificaci\u00f3n al Mundial de 2026.<\/p>\n<p>En la pr\u00f3xima jornada, programada para el martes, los cafeteros visitar\u00e1n a Paraguay, mientras que la Canarinha recibir\u00e1 a Argentina en el cl\u00e1sico sudamericano.<\/p>\n","protected":false},"excerpt":{"rendered":"<p>La selecci\u00f3n colombiana venci\u00f3 este jueves por primera vez a Brasil por las Eliminatorias Suramericanas al Mundial y se impuso por 2-1 con un doblete de Luis D\u00edaz en el estadio Metropolitano de Barranquilla. En el emotivo duelo de la quinta jornada de las eliminatorias al Mundial de 2026, la Canarinha hab\u00eda tomado la ventaja [&hellip;]<\/p>\n","protected":false},"author":1,"featured_media":188020,"comment_status":"closed","ping_status":"open","sticky":false,"template":"","format":"standard","meta":{"_acf_changed":false,"footnotes":""},"categories":[6],"tags":[],"class_list":["post-188019","post","type-post","status-publish","format-standard","has-post-thumbnail","category-deportes"],"acf":{"antetitulo":""},"yoast_head":"<!-- This site is optimized with the Yoast SEO plugin v28.4 - https:\/\/yoast.com\/product\/yoast-seo-wordpress\/ -->\n<title>Colombia remonta a Brasil gracias a Luis D\u00edaz - El Diario - Bolivia<\/title>\n<meta name=\"robots\" content=\"index, follow, max-snippet:-1, max-image-preview:large, max-video-preview:-1\" \/>\n<link rel=\"canonical\" href=\"https:\/\/www.eldiario.net\/portal\/2023\/11\/17\/colombia-remonta-a-brasil-gracias-a-luis-diaz\/\" \/>\n<meta property=\"og:locale\" content=\"es_ES\" \/>\n<meta property=\"og:type\" content=\"article\" \/>\n<meta property=\"og:title\" content=\"Colombia remonta a Brasil gracias a Luis D\u00edaz - El Diario - Bolivia\" \/>\n<meta property=\"og:description\" content=\"La selecci\u00f3n colombiana venci\u00f3 este jueves por primera vez a Brasil por las Eliminatorias Suramericanas al Mundial y se impuso por 2-1 con un doblete de Luis D\u00edaz en el estadio Metropolitano de Barranquilla. En el emotivo duelo de la quinta jornada de las eliminatorias al Mundial de 2026, la Canarinha hab\u00eda tomado la ventaja [&hellip;]\" \/>\n<meta property=\"og:url\" content=\"https:\/\/www.eldiario.net\/portal\/2023\/11\/17\/colombia-remonta-a-brasil-gracias-a-luis-diaz\/\" \/>\n<meta property=\"og:site_name\" content=\"El Diario - Bolivia\" \/>\n<meta property=\"article:publisher\" content=\"https:\/\/www.facebook.com\/eldiario.bolivia\/\" \/>\n<meta property=\"article:published_time\" content=\"2023-11-17T10:48:02+00:00\" \/>\n<meta property=\"og:image\" content=\"https:\/\/www.eldiario.net\/portal\/wp-content\/uploads\/2023\/11\/20231117_042944.jpg\" \/>\n\t<meta property=\"og:image:width\" content=\"2048\" \/>\n\t<meta property=\"og:image:height\" content=\"2048\" \/>\n\t<meta property=\"og:image:type\" content=\"image\/jpeg\" \/>\n<meta name=\"author\" content=\"Jeanette\" \/>\n<meta name=\"twitter:card\" content=\"summary_large_image\" \/>\n<meta name=\"twitter:creator\" content=\"@eldiario_net\" \/>\n<meta name=\"twitter:site\" content=\"@eldiario_net\" \/>\n<meta name=\"twitter:label1\" content=\"Escrito por\" \/>\n\t<meta name=\"twitter:data1\" content=\"Jeanette\" \/>\n\t<meta name=\"twitter:label2\" content=\"Tiempo de lectura\" \/>\n\t<meta name=\"twitter:data2\" content=\"3 minutos\" \/>\n<script type=\"application\/ld+json\" class=\"yoast-schema-graph\">{\"@context\":\"https:\\\/\\\/schema.org\",\"@graph\":[{\"@type\":\"Article\",\"@id\":\"https:\\\/\\\/www.eldiario.net\\\/portal\\\/2023\\\/11\\\/17\\\/colombia-remonta-a-brasil-gracias-a-luis-diaz\\\/#article\",\"isPartOf\":{\"@id\":\"https:\\\/\\\/www.eldiario.net\\\/portal\\\/2023\\\/11\\\/17\\\/colombia-remonta-a-brasil-gracias-a-luis-diaz\\\/\"},\"author\":{\"name\":\"Jeanette\",\"@id\":\"https:\\\/\\\/www.eldiario.net\\\/portal\\\/#\\\/schema\\\/person\\\/f46445640444750d7d753ccd04ae01b7\"},\"headline\":\"Colombia remonta a Brasil gracias a Luis D\u00edaz\",\"datePublished\":\"2023-11-17T10:48:02+00:00\",\"mainEntityOfPage\":{\"@id\":\"https:\\\/\\\/www.eldiario.net\\\/portal\\\/2023\\\/11\\\/17\\\/colombia-remonta-a-brasil-gracias-a-luis-diaz\\\/\"},\"wordCount\":500,\"publisher\":{\"@id\":\"https:\\\/\\\/www.eldiario.net\\\/portal\\\/#organization\"},\"image\":{\"@id\":\"https:\\\/\\\/www.eldiario.net\\\/portal\\\/2023\\\/11\\\/17\\\/colombia-remonta-a-brasil-gracias-a-luis-diaz\\\/#primaryimage\"},\"thumbnailUrl\":\"https:\\\/\\\/www.eldiario.net\\\/portal\\\/wp-content\\\/uploads\\\/2023\\\/11\\\/20231117_042944.jpg\",\"articleSection\":[\"Deportes\"],\"inLanguage\":\"es\"},{\"@type\":\"WebPage\",\"@id\":\"https:\\\/\\\/www.eldiario.net\\\/portal\\\/2023\\\/11\\\/17\\\/colombia-remonta-a-brasil-gracias-a-luis-diaz\\\/\",\"url\":\"https:\\\/\\\/www.eldiario.net\\\/portal\\\/2023\\\/11\\\/17\\\/colombia-remonta-a-brasil-gracias-a-luis-diaz\\\/\",\"name\":\"Colombia remonta a Brasil gracias a Luis D\u00edaz - El Diario - Bolivia\",\"isPartOf\":{\"@id\":\"https:\\\/\\\/www.eldiario.net\\\/portal\\\/#website\"},\"primaryImageOfPage\":{\"@id\":\"https:\\\/\\\/www.eldiario.net\\\/portal\\\/2023\\\/11\\\/17\\\/colombia-remonta-a-brasil-gracias-a-luis-diaz\\\/#primaryimage\"},\"image\":{\"@id\":\"https:\\\/\\\/www.eldiario.net\\\/portal\\\/2023\\\/11\\\/17\\\/colombia-remonta-a-brasil-gracias-a-luis-diaz\\\/#primaryimage\"},\"thumbnailUrl\":\"https:\\\/\\\/www.eldiario.net\\\/portal\\\/wp-content\\\/uploads\\\/2023\\\/11\\\/20231117_042944.jpg\",\"datePublished\":\"2023-11-17T10:48:02+00:00\",\"breadcrumb\":{\"@id\":\"https:\\\/\\\/www.eldiario.net\\\/portal\\\/2023\\\/11\\\/17\\\/colombia-remonta-a-brasil-gracias-a-luis-diaz\\\/#breadcrumb\"},\"inLanguage\":\"es\",\"potentialAction\":[{\"@type\":\"ReadAction\",\"target\":[\"https:\\\/\\\/www.eldiario.net\\\/portal\\\/2023\\\/11\\\/17\\\/colombia-remonta-a-brasil-gracias-a-luis-diaz\\\/\"]}]},{\"@type\":\"ImageObject\",\"inLanguage\":\"es\",\"@id\":\"https:\\\/\\\/www.eldiario.net\\\/portal\\\/2023\\\/11\\\/17\\\/colombia-remonta-a-brasil-gracias-a-luis-diaz\\\/#primaryimage\",\"url\":\"https:\\\/\\\/www.eldiario.net\\\/portal\\\/wp-content\\\/uploads\\\/2023\\\/11\\\/20231117_042944.jpg\",\"contentUrl\":\"https:\\\/\\\/www.eldiario.net\\\/portal\\\/wp-content\\\/uploads\\\/2023\\\/11\\\/20231117_042944.jpg\",\"width\":2048,\"height\":2048},{\"@type\":\"BreadcrumbList\",\"@id\":\"https:\\\/\\\/www.eldiario.net\\\/portal\\\/2023\\\/11\\\/17\\\/colombia-remonta-a-brasil-gracias-a-luis-diaz\\\/#breadcrumb\",\"itemListElement\":[{\"@type\":\"ListItem\",\"position\":1,\"name\":\"Portada\",\"item\":\"https:\\\/\\\/www.eldiario.net\\\/portal\\\/\"},{\"@type\":\"ListItem\",\"position\":2,\"name\":\"Colombia remonta a Brasil gracias a Luis D\u00edaz\"}]},{\"@type\":\"WebSite\",\"@id\":\"https:\\\/\\\/www.eldiario.net\\\/portal\\\/#website\",\"url\":\"https:\\\/\\\/www.eldiario.net\\\/portal\\\/\",\"name\":\"El Diario - Decano de la prensa nacional\",\"description\":\"El Diario - Decano de la prensa nacional\",\"publisher\":{\"@id\":\"https:\\\/\\\/www.eldiario.net\\\/portal\\\/#organization\"},\"potentialAction\":[{\"@type\":\"SearchAction\",\"target\":{\"@type\":\"EntryPoint\",\"urlTemplate\":\"https:\\\/\\\/www.eldiario.net\\\/portal\\\/?s={search_term_string}\"},\"query-input\":{\"@type\":\"PropertyValueSpecification\",\"valueRequired\":true,\"valueName\":\"search_term_string\"}}],\"inLanguage\":\"es\"},{\"@type\":\"Organization\",\"@id\":\"https:\\\/\\\/www.eldiario.net\\\/portal\\\/#organization\",\"name\":\"El Diario - Decano de la prensa nacional\",\"url\":\"https:\\\/\\\/www.eldiario.net\\\/portal\\\/\",\"logo\":{\"@type\":\"ImageObject\",\"inLanguage\":\"es\",\"@id\":\"https:\\\/\\\/www.eldiario.net\\\/portal\\\/#\\\/schema\\\/logo\\\/image\\\/\",\"url\":\"https:\\\/\\\/www.eldiario.net\\\/portal\\\/wp-content\\\/uploads\\\/2023\\\/07\\\/logo_ED.jpg\",\"contentUrl\":\"https:\\\/\\\/www.eldiario.net\\\/portal\\\/wp-content\\\/uploads\\\/2023\\\/07\\\/logo_ED.jpg\",\"width\":272,\"height\":52,\"caption\":\"El Diario - Decano de la prensa nacional\"},\"image\":{\"@id\":\"https:\\\/\\\/www.eldiario.net\\\/portal\\\/#\\\/schema\\\/logo\\\/image\\\/\"},\"sameAs\":[\"https:\\\/\\\/www.facebook.com\\\/eldiario.bolivia\\\/\",\"https:\\\/\\\/x.com\\\/eldiario_net\"]},{\"@type\":\"Person\",\"@id\":\"https:\\\/\\\/www.eldiario.net\\\/portal\\\/#\\\/schema\\\/person\\\/f46445640444750d7d753ccd04ae01b7\",\"name\":\"Jeanette\",\"image\":{\"@type\":\"ImageObject\",\"inLanguage\":\"es\",\"@id\":\"https:\\\/\\\/secure.gravatar.com\\\/avatar\\\/3ea2118a5f7dad2b7138b1187a6b7ee55f160b9968b66013c3a3ef39dd7e5798?s=96&d=mm&r=g\",\"url\":\"https:\\\/\\\/secure.gravatar.com\\\/avatar\\\/3ea2118a5f7dad2b7138b1187a6b7ee55f160b9968b66013c3a3ef39dd7e5798?s=96&d=mm&r=g\",\"contentUrl\":\"https:\\\/\\\/secure.gravatar.com\\\/avatar\\\/3ea2118a5f7dad2b7138b1187a6b7ee55f160b9968b66013c3a3ef39dd7e5798?s=96&d=mm&r=g\",\"caption\":\"Jeanette\"},\"sameAs\":[\"https:\\\/\\\/www.eldiario.net\\\/portal\"],\"url\":\"https:\\\/\\\/www.eldiario.net\\\/portal\\\/author\\\/jeanette\\\/\"}]}<\/script>\n<!-- \/ Yoast SEO plugin. -->","yoast_head_json":{"title":"Colombia remonta a Brasil gracias a Luis D\u00edaz - El Diario - Bolivia","robots":{"index":"index","follow":"follow","max-snippet":"max-snippet:-1","max-image-preview":"max-image-preview:large","max-video-preview":"max-video-preview:-1"},"canonical":"https:\/\/www.eldiario.net\/portal\/2023\/11\/17\/colombia-remonta-a-brasil-gracias-a-luis-diaz\/","og_locale":"es_ES","og_type":"article","og_title":"Colombia remonta a Brasil gracias a Luis D\u00edaz - El Diario - Bolivia","og_description":"La selecci\u00f3n colombiana venci\u00f3 este jueves por primera vez a Brasil por las Eliminatorias Suramericanas al Mundial y se impuso por 2-1 con un doblete de Luis D\u00edaz en el estadio Metropolitano de Barranquilla. En el emotivo duelo de la quinta jornada de las eliminatorias al Mundial de 2026, la Canarinha hab\u00eda tomado la ventaja [&hellip;]","og_url":"https:\/\/www.eldiario.net\/portal\/2023\/11\/17\/colombia-remonta-a-brasil-gracias-a-luis-diaz\/","og_site_name":"El Diario - Bolivia","article_publisher":"https:\/\/www.facebook.com\/eldiario.bolivia\/","article_published_time":"2023-11-17T10:48:02+00:00","og_image":[{"width":2048,"height":2048,"url":"https:\/\/www.eldiario.net\/portal\/wp-content\/uploads\/2023\/11\/20231117_042944.jpg","type":"image\/jpeg"}],"author":"Jeanette","twitter_card":"summary_large_image","twitter_creator":"@eldiario_net","twitter_site":"@eldiario_net","twitter_misc":{"Escrito por":"Jeanette","Tiempo de lectura":"3 minutos"},"schema":{"@context":"https:\/\/schema.org","@graph":[{"@type":"Article","@id":"https:\/\/www.eldiario.net\/portal\/2023\/11\/17\/colombia-remonta-a-brasil-gracias-a-luis-diaz\/#article","isPartOf":{"@id":"https:\/\/www.eldiario.net\/portal\/2023\/11\/17\/colombia-remonta-a-brasil-gracias-a-luis-diaz\/"},"author":{"name":"Jeanette","@id":"https:\/\/www.eldiario.net\/portal\/#\/schema\/person\/f46445640444750d7d753ccd04ae01b7"},"headline":"Colombia remonta a Brasil gracias a Luis D\u00edaz","datePublished":"2023-11-17T10:48:02+00:00","mainEntityOfPage":{"@id":"https:\/\/www.eldiario.net\/portal\/2023\/11\/17\/colombia-remonta-a-brasil-gracias-a-luis-diaz\/"},"wordCount":500,"publisher":{"@id":"https:\/\/www.eldiario.net\/portal\/#organization"},"image":{"@id":"https:\/\/www.eldiario.net\/portal\/2023\/11\/17\/colombia-remonta-a-brasil-gracias-a-luis-diaz\/#primaryimage"},"thumbnailUrl":"https:\/\/www.eldiario.net\/portal\/wp-content\/uploads\/2023\/11\/20231117_042944.jpg","articleSection":["Deportes"],"inLanguage":"es"},{"@type":"WebPage","@id":"https:\/\/www.eldiario.net\/portal\/2023\/11\/17\/colombia-remonta-a-brasil-gracias-a-luis-diaz\/","url":"https:\/\/www.eldiario.net\/portal\/2023\/11\/17\/colombia-remonta-a-brasil-gracias-a-luis-diaz\/","name":"Colombia remonta a Brasil gracias a Luis D\u00edaz - El Diario - Bolivia","isPartOf":{"@id":"https:\/\/www.eldiario.net\/portal\/#website"},"primaryImageOfPage":{"@id":"https:\/\/www.eldiario.net\/portal\/2023\/11\/17\/colombia-remonta-a-brasil-gracias-a-luis-diaz\/#primaryimage"},"image":{"@id":"https:\/\/www.eldiario.net\/portal\/2023\/11\/17\/colombia-remonta-a-brasil-gracias-a-luis-diaz\/#primaryimage"},"thumbnailUrl":"https:\/\/www.eldiario.net\/portal\/wp-content\/uploads\/2023\/11\/20231117_042944.jpg","datePublished":"2023-11-17T10:48:02+00:00","breadcrumb":{"@id":"https:\/\/www.eldiario.net\/portal\/2023\/11\/17\/colombia-remonta-a-brasil-gracias-a-luis-diaz\/#breadcrumb"},"inLanguage":"es","potentialAction":[{"@type":"ReadAction","target":["https:\/\/www.eldiario.net\/portal\/2023\/11\/17\/colombia-remonta-a-brasil-gracias-a-luis-diaz\/"]}]},{"@type":"ImageObject","inLanguage":"es","@id":"https:\/\/www.eldiario.net\/portal\/2023\/11\/17\/colombia-remonta-a-brasil-gracias-a-luis-diaz\/#primaryimage","url":"https:\/\/www.eldiario.net\/portal\/wp-content\/uploads\/2023\/11\/20231117_042944.jpg","contentUrl":"https:\/\/www.eldiario.net\/portal\/wp-content\/uploads\/2023\/11\/20231117_042944.jpg","width":2048,"height":2048},{"@type":"BreadcrumbList","@id":"https:\/\/www.eldiario.net\/portal\/2023\/11\/17\/colombia-remonta-a-brasil-gracias-a-luis-diaz\/#breadcrumb","itemListElement":[{"@type":"ListItem","position":1,"name":"Portada","item":"https:\/\/www.eldiario.net\/portal\/"},{"@type":"ListItem","position":2,"name":"Colombia remonta a Brasil gracias a Luis D\u00edaz"}]},{"@type":"WebSite","@id":"https:\/\/www.eldiario.net\/portal\/#website","url":"https:\/\/www.eldiario.net\/portal\/","name":"El Diario - Decano de la prensa nacional","description":"El Diario - Decano de la prensa nacional","publisher":{"@id":"https:\/\/www.eldiario.net\/portal\/#organization"},"potentialAction":[{"@type":"SearchAction","target":{"@type":"EntryPoint","urlTemplate":"https:\/\/www.eldiario.net\/portal\/?s={search_term_string}"},"query-input":{"@type":"PropertyValueSpecification","valueRequired":true,"valueName":"search_term_string"}}],"inLanguage":"es"},{"@type":"Organization","@id":"https:\/\/www.eldiario.net\/portal\/#organization","name":"El Diario - Decano de la prensa nacional","url":"https:\/\/www.eldiario.net\/portal\/","logo":{"@type":"ImageObject","inLanguage":"es","@id":"https:\/\/www.eldiario.net\/portal\/#\/schema\/logo\/image\/","url":"https:\/\/www.eldiario.net\/portal\/wp-content\/uploads\/2023\/07\/logo_ED.jpg","contentUrl":"https:\/\/www.eldiario.net\/portal\/wp-content\/uploads\/2023\/07\/logo_ED.jpg","width":272,"height":52,"caption":"El Diario - Decano de la prensa nacional"},"image":{"@id":"https:\/\/www.eldiario.net\/portal\/#\/schema\/logo\/image\/"},"sameAs":["https:\/\/www.facebook.com\/eldiario.bolivia\/","https:\/\/x.com\/eldiario_net"]},{"@type":"Person","@id":"https:\/\/www.eldiario.net\/portal\/#\/schema\/person\/f46445640444750d7d753ccd04ae01b7","name":"Jeanette","image":{"@type":"ImageObject","inLanguage":"es","@id":"https:\/\/secure.gravatar.com\/avatar\/3ea2118a5f7dad2b7138b1187a6b7ee55f160b9968b66013c3a3ef39dd7e5798?s=96&d=mm&r=g","url":"https:\/\/secure.gravatar.com\/avatar\/3ea2118a5f7dad2b7138b1187a6b7ee55f160b9968b66013c3a3ef39dd7e5798?s=96&d=mm&r=g","contentUrl":"https:\/\/secure.gravatar.com\/avatar\/3ea2118a5f7dad2b7138b1187a6b7ee55f160b9968b66013c3a3ef39dd7e5798?s=96&d=mm&r=g","caption":"Jeanette"},"sameAs":["https:\/\/www.eldiario.net\/portal"],"url":"https:\/\/www.eldiario.net\/portal\/author\/jeanette\/"}]}},"_links":{"self":[{"href":"https:\/\/www.eldiario.net\/portal\/wp-json\/wp\/v2\/posts\/188019","targetHints":{"allow":["GET"]}}],"collection":[{"href":"https:\/\/www.eldiario.net\/portal\/wp-json\/wp\/v2\/posts"}],"about":[{"href":"https:\/\/www.eldiario.net\/portal\/wp-json\/wp\/v2\/types\/post"}],"author":[{"embeddable":true,"href":"https:\/\/www.eldiario.net\/portal\/wp-json\/wp\/v2\/users\/1"}],"replies":[{"embeddable":true,"href":"https:\/\/www.eldiario.net\/portal\/wp-json\/wp\/v2\/comments?post=188019"}],"version-history":[{"count":0,"href":"https:\/\/www.eldiario.net\/portal\/wp-json\/wp\/v2\/posts\/188019\/revisions"}],"wp:featuredmedia":[{"embeddable":true,"href":"https:\/\/www.eldiario.net\/portal\/wp-json\/wp\/v2\/media\/188020"}],"wp:attachment":[{"href":"https:\/\/www.eldiario.net\/portal\/wp-json\/wp\/v2\/media?parent=188019"}],"wp:term":[{"taxonomy":"category","embeddable":true,"href":"https:\/\/www.eldiario.net\/portal\/wp-json\/wp\/v2\/categories?post=188019"},{"taxonomy":"post_tag","embeddable":true,"href":"https:\/\/www.eldiario.net\/portal\/wp-json\/wp\/v2\/tags?post=188019"}],"curies":[{"name":"wp","href":"https:\/\/api.w.org\/{rel}","templated":true}]}}