{"id":188007,"date":"2023-11-17T06:47:00","date_gmt":"2023-11-17T10:47:00","guid":{"rendered":"https:\/\/www.eldiario.net\/portal\/?p=188007"},"modified":"2023-11-17T06:47:00","modified_gmt":"2023-11-17T10:47:00","slug":"bolivia-puro-corazon","status":"publish","type":"post","link":"https:\/\/www.eldiario.net\/portal\/2023\/11\/17\/bolivia-puro-corazon\/","title":{"rendered":"BOLIVIA, \u00a1PURO CORAZ\u00d3N!"},"content":{"rendered":"<p>Esta Bolivia es la que gusta y la que debe estar presente. La Selecci\u00f3n Nacional tuvo un brillante encuentro al vencer por 2-0 a Per\u00fa, ayer, en el estadio Hernando Siles, en marco de la quinta fecha de las Eliminatorias. La Verde deja el fondo de la tabla y comienza a ilusionarse.<br \/>\nEn el debut del seleccionador, Antonio Carlos Zago, y la despedida del goleador, Marcelo Martins, el cuadro verde conquist\u00f3 sus primeros tres puntos, que le ayudan a quitarse la verg\u00fcenza de estar en el fondo y encaminar de manera distinta los siguientes compromisos de este certamen.<br \/>\nCon goles de Henry Vaca y Ramiro Vaca, Bolivia pudo saciar su sed de victoria en un compromiso de poco brillo futbol\u00edstico, que reuni\u00f3 a los equipos de peor rendimiento en estas clasificatorias, donde la diferencia la hicieron estos dos jugadores, a trav\u00e9s de los disparos realizados, cubriendo los tropiezos que tuvo el elenco local.<br \/>\nUn error de Carlos Zambrano dej\u00f3 la pelota a disposici\u00f3n de Henry Vaca, quien se qued\u00f3 con el esf\u00e9rico encarg\u00f3 a dos adversarios y sac\u00f3 un zurdazo cruzado con el cual venci\u00f3 a Pedro Gallese, a los 20 minutos.<br \/>\nLa euforia del gol dur\u00f3 poco, Bolivia volvi\u00f3 a caer en sus limitaciones y su falta de consistencia para sostener su visi\u00f3n de juego. En este lapso de descuido, el elenco bicolor tuvo una chance de anotar el empate con un centro de Marcos L\u00f3pez y un cabezazo de Gianluca Lapadula delante del arco que fue a las manos del arquero Guillermo Viscarra. El atacante peruano desaprovech\u00f3 la floja marcaci\u00f3n de Jos\u00e9 Sagredo.<br \/>\nCon cinco remates al arco de Bolivia contra dos de Per\u00fa en l\u00edneas generales, hubo pocas ocasiones para decorar este resultado. Luis Adv\u00edncula prob\u00f3 con un zurdazo que fue directo a las manos de Viscarra en un inicio a favor de los albirrojos.<br \/>\nEl elenco de Zago tard\u00f3 de retomar el mando del encuentro en el transcurso del segundo tiempo. En un contragolpe, la Selecci\u00f3n Nacional coloc\u00f3 el 2-0, a los 87\u00b4, con una definici\u00f3n de Ramiro Vaca, quien se sum\u00f3 a la ofensiva y recibi\u00f3 una asistencia de Jaime Arrascaita, quien aguant\u00f3 con el bal\u00f3n ante dos rivales.<br \/>\nCon este resultado, Bolivia pas\u00f3 de la \u00faltima a la pen\u00faltima posici\u00f3n con tres unidades y dej\u00f3 a Per\u00fa en el fondo con una unidad. El siguiente desaf\u00edo del seleccionado de Zago ser\u00e1 Uruguay, el martes 21 (19:30 HB), en el estadio Centenario.<\/p>\n<blockquote><p><img loading=\"lazy\" decoding=\"async\" class=\"alignleft wp-image-188008 size-thumbnail\" src=\"https:\/\/www.eldiario.net\/portal\/wp-content\/uploads\/2023\/11\/FOTO-5-150x150.jpg\" alt=\"\" width=\"150\" height=\"150\" \/>Muy emocionado por tener mi \u00faltimo partido en el estadio Hernando Siles. Me siento muy orgulloso, siempre vale la pena representar a tu patria\u00bb. MARCELO MARTINS &#8211; CAPIT\u00c1N DE LA SELECCI\u00d3N BOLIVIANA<\/p><\/blockquote>\n<p>&nbsp;<\/p>\n<p>&nbsp;<\/p>\n<p>&nbsp;<\/p>\n<blockquote><p><img loading=\"lazy\" decoding=\"async\" class=\"alignleft wp-image-188009 size-thumbnail\" src=\"https:\/\/www.eldiario.net\/portal\/wp-content\/uploads\/2023\/11\/FOTO-6-150x150.jpg\" alt=\"\" width=\"150\" height=\"150\" \/>Lo m\u00e1s importante era la victoria y lo hemos logrado. Tenemos que so\u00f1ar siempre\u00bb. ANTONIO CARLOS ZAGO- DT DE LA SELECCI\u00d3N BOLIVIANA<\/p><\/blockquote>\n<p>&nbsp;<\/p>\n<p>&nbsp;<\/p>\n<p>&nbsp;<\/p>\n<p><img loading=\"lazy\" decoding=\"async\" class=\"alignleft wp-image-188010 size-thumbnail\" src=\"https:\/\/www.eldiario.net\/portal\/wp-content\/uploads\/2023\/11\/ARBITRO-150x150.jpg\" alt=\"\" width=\"150\" height=\"150\" \/><strong>\u00c1RBITRO<\/strong><\/p>\n<p>El \u00e1rbitro ecuatoriano, Guillermo Guerrero, tuvo un partido con muchas observaciones sobre su actuaci\u00f3n. En varias jugadas se lo vio perdonar al elenco peruano y penalizar con mayor frecuencia a la representaci\u00f3n boliviana. De las pocas cosas que actu\u00f3 bien fue al descartar el penal para Per\u00fa.<\/p>\n<p>&nbsp;<\/p>\n<p>&nbsp;<\/p>\n<p><img loading=\"lazy\" decoding=\"async\" class=\"alignleft size-thumbnail wp-image-188011\" src=\"https:\/\/www.eldiario.net\/portal\/wp-content\/uploads\/2023\/11\/FIGURA-150x150.jpg\" alt=\"\" width=\"150\" height=\"150\" \/><strong>LA FIGURA<\/strong><\/p>\n<p>Con un buen juego y liderazgo al momento de contar con la pelota, Ramiro Vaca fue la figura del partido en la victoria sobre Per\u00fa por 2-0. El futbolista tuvo varios momentos destacados en toda su participaci\u00f3n, adem\u00e1s fue autor de uno de los goles del triunfo de ayer por la tarde.<\/p>\n<p>&nbsp;<\/p>\n<p>&nbsp;<\/p>\n<p><img loading=\"lazy\" decoding=\"async\" class=\"alignleft size-medium wp-image-188012\" src=\"https:\/\/www.eldiario.net\/portal\/wp-content\/uploads\/2023\/11\/FOTO-9-300x200.jpg\" alt=\"\" width=\"300\" height=\"200\" srcset=\"https:\/\/www.eldiario.net\/portal\/wp-content\/uploads\/2023\/11\/FOTO-9-300x200.jpg 300w, https:\/\/www.eldiario.net\/portal\/wp-content\/uploads\/2023\/11\/FOTO-9-768x512.jpg 768w, https:\/\/www.eldiario.net\/portal\/wp-content\/uploads\/2023\/11\/FOTO-9-696x464.jpg 696w, https:\/\/www.eldiario.net\/portal\/wp-content\/uploads\/2023\/11\/FOTO-9.jpg 1000w\" sizes=\"auto, (max-width: 300px) 100vw, 300px\" \/><em><strong>APUNTES<\/strong><\/em><\/p>\n<p><strong>MUCHOS PERUANOS<\/strong><br \/>\nNo era complicado de distinguir que existieron barras organizadas de parte de la afici\u00f3n peruana que se present\u00f3 en el estadio Hernando Siles. Una gran cantidad de hinchas pusieron el rojo y blanco muy presente en el reducto miraflorino. Inclusive, una de las barras se sent\u00f3 en la curva norte, donde alentaron con m\u00fasica, cual si fueran locales.<\/p>\n<p><strong>CORDIALIDAD<\/strong><br \/>\nAntonio Carlos Zago y Juan Reynoso no tuvieron discuciones en el partido de ayer. Ambos entrenadores se dieron la mano tanto antes como despu\u00e9s del partido en el reducto miraflorino<br \/>\nEL CHASKI PRESENTE<br \/>\nEl emblem\u00e1tico Chaski boliviano se hizo presente en el partido de ayer. Como es habitual, el personaje no falt\u00f3 para alentar a la Verde. Tambi\u00e9n se vio al C\u00f3ndor en el sector de preferencia.<\/p>\n<p><strong>\u00abFUERA REYNOSO\u00bb<\/strong><br \/>\nLa hinchada visitante presente en el Siles se fue enojada tras la derrota ante Bolivia. Todos ellos pidieron la salida de Juan Reynoso, su entrenador.<\/p>\n<p><strong>EL M\u00c1S APLAUDIDO<\/strong><br \/>\nMarcelo Martins se fue con todos los honores del estadio Hernando Siles. El jugador fue despedido por sus amigos.<\/p>\n<p><em><strong>ERWIN QUISPE PERCA<\/strong><\/em><\/p>\n<div id='gallery-1' class='gallery galleryid-188007 gallery-columns-3 gallery-size-medium'><figure class='gallery-item'>\n\t\t\t<div class='gallery-icon landscape'>\n\t\t\t\t<a href='https:\/\/www.eldiario.net\/portal\/2023\/11\/17\/bolivia-puro-corazon\/foto-3-79\/'><img loading=\"lazy\" decoding=\"async\" width=\"300\" height=\"200\" src=\"https:\/\/www.eldiario.net\/portal\/wp-content\/uploads\/2023\/11\/FOTO-3-300x200.jpg\" class=\"attachment-medium size-medium\" alt=\"\" srcset=\"https:\/\/www.eldiario.net\/portal\/wp-content\/uploads\/2023\/11\/FOTO-3-300x200.jpg 300w, https:\/\/www.eldiario.net\/portal\/wp-content\/uploads\/2023\/11\/FOTO-3-768x512.jpg 768w, https:\/\/www.eldiario.net\/portal\/wp-content\/uploads\/2023\/11\/FOTO-3-696x464.jpg 696w, https:\/\/www.eldiario.net\/portal\/wp-content\/uploads\/2023\/11\/FOTO-3.jpg 1000w\" sizes=\"auto, (max-width: 300px) 100vw, 300px\" \/><\/a>\n\t\t\t<\/div><\/figure><figure class='gallery-item'>\n\t\t\t<div class='gallery-icon landscape'>\n\t\t\t\t<a href='https:\/\/www.eldiario.net\/portal\/2023\/11\/17\/bolivia-puro-corazon\/foto-4-70\/'><img loading=\"lazy\" decoding=\"async\" width=\"300\" height=\"200\" src=\"https:\/\/www.eldiario.net\/portal\/wp-content\/uploads\/2023\/11\/FOTO-4-300x200.jpg\" class=\"attachment-medium size-medium\" alt=\"\" srcset=\"https:\/\/www.eldiario.net\/portal\/wp-content\/uploads\/2023\/11\/FOTO-4-300x200.jpg 300w, https:\/\/www.eldiario.net\/portal\/wp-content\/uploads\/2023\/11\/FOTO-4-768x512.jpg 768w, https:\/\/www.eldiario.net\/portal\/wp-content\/uploads\/2023\/11\/FOTO-4-696x464.jpg 696w, https:\/\/www.eldiario.net\/portal\/wp-content\/uploads\/2023\/11\/FOTO-4.jpg 1000w\" sizes=\"auto, (max-width: 300px) 100vw, 300px\" \/><\/a>\n\t\t\t<\/div><\/figure><figure class='gallery-item'>\n\t\t\t<div class='gallery-icon landscape'>\n\t\t\t\t<a href='https:\/\/www.eldiario.net\/portal\/2023\/11\/17\/bolivia-puro-corazon\/foto-5-52\/'><img loading=\"lazy\" decoding=\"async\" width=\"300\" height=\"200\" src=\"https:\/\/www.eldiario.net\/portal\/wp-content\/uploads\/2023\/11\/FOTO-5-1-300x200.jpg\" class=\"attachment-medium size-medium\" alt=\"\" srcset=\"https:\/\/www.eldiario.net\/portal\/wp-content\/uploads\/2023\/11\/FOTO-5-1-300x200.jpg 300w, https:\/\/www.eldiario.net\/portal\/wp-content\/uploads\/2023\/11\/FOTO-5-1-768x512.jpg 768w, https:\/\/www.eldiario.net\/portal\/wp-content\/uploads\/2023\/11\/FOTO-5-1-696x464.jpg 696w, https:\/\/www.eldiario.net\/portal\/wp-content\/uploads\/2023\/11\/FOTO-5-1.jpg 1000w\" sizes=\"auto, (max-width: 300px) 100vw, 300px\" \/><\/a>\n\t\t\t<\/div><\/figure><figure class='gallery-item'>\n\t\t\t<div class='gallery-icon landscape'>\n\t\t\t\t<a href='https:\/\/www.eldiario.net\/portal\/2023\/11\/17\/bolivia-puro-corazon\/foto-1-156\/'><img loading=\"lazy\" decoding=\"async\" width=\"300\" height=\"200\" src=\"https:\/\/www.eldiario.net\/portal\/wp-content\/uploads\/2023\/11\/FOTO-1-300x200.jpg\" class=\"attachment-medium size-medium\" alt=\"\" srcset=\"https:\/\/www.eldiario.net\/portal\/wp-content\/uploads\/2023\/11\/FOTO-1-300x200.jpg 300w, https:\/\/www.eldiario.net\/portal\/wp-content\/uploads\/2023\/11\/FOTO-1-768x512.jpg 768w, https:\/\/www.eldiario.net\/portal\/wp-content\/uploads\/2023\/11\/FOTO-1-696x464.jpg 696w, https:\/\/www.eldiario.net\/portal\/wp-content\/uploads\/2023\/11\/FOTO-1.jpg 1000w\" sizes=\"auto, (max-width: 300px) 100vw, 300px\" \/><\/a>\n\t\t\t<\/div><\/figure><figure class='gallery-item'>\n\t\t\t<div class='gallery-icon landscape'>\n\t\t\t\t<a href='https:\/\/www.eldiario.net\/portal\/2023\/11\/17\/bolivia-puro-corazon\/foto-2-107\/'><img loading=\"lazy\" decoding=\"async\" width=\"300\" height=\"200\" src=\"https:\/\/www.eldiario.net\/portal\/wp-content\/uploads\/2023\/11\/FOTO-2-300x200.jpg\" class=\"attachment-medium size-medium\" alt=\"\" srcset=\"https:\/\/www.eldiario.net\/portal\/wp-content\/uploads\/2023\/11\/FOTO-2-300x200.jpg 300w, https:\/\/www.eldiario.net\/portal\/wp-content\/uploads\/2023\/11\/FOTO-2-768x512.jpg 768w, https:\/\/www.eldiario.net\/portal\/wp-content\/uploads\/2023\/11\/FOTO-2-696x464.jpg 696w, https:\/\/www.eldiario.net\/portal\/wp-content\/uploads\/2023\/11\/FOTO-2.jpg 1000w\" sizes=\"auto, (max-width: 300px) 100vw, 300px\" \/><\/a>\n\t\t\t<\/div><\/figure>\n\t\t<\/div>\n\n","protected":false},"excerpt":{"rendered":"<p>Esta Bolivia es la que gusta y la que debe estar presente. La Selecci\u00f3n Nacional tuvo un brillante encuentro al vencer por 2-0 a Per\u00fa, ayer, en el estadio Hernando Siles, en marco de la quinta fecha de las Eliminatorias. La Verde deja el fondo de la tabla y comienza a ilusionarse. En el debut [&hellip;]<\/p>\n","protected":false},"author":1,"featured_media":188016,"comment_status":"closed","ping_status":"open","sticky":false,"template":"","format":"standard","meta":{"_acf_changed":false,"footnotes":""},"categories":[6],"tags":[],"class_list":["post-188007","post","type-post","status-publish","format-standard","has-post-thumbnail","category-deportes"],"acf":{"antetitulo":""},"yoast_head":"<!-- This site is optimized with the Yoast SEO plugin v28.4 - https:\/\/yoast.com\/product\/yoast-seo-wordpress\/ -->\n<title>BOLIVIA, \u00a1PURO CORAZ\u00d3N! - El Diario - Bolivia<\/title>\n<meta name=\"robots\" content=\"index, follow, max-snippet:-1, max-image-preview:large, max-video-preview:-1\" \/>\n<link rel=\"canonical\" href=\"https:\/\/www.eldiario.net\/portal\/2023\/11\/17\/bolivia-puro-corazon\/\" \/>\n<meta property=\"og:locale\" content=\"es_ES\" \/>\n<meta property=\"og:type\" content=\"article\" \/>\n<meta property=\"og:title\" content=\"BOLIVIA, \u00a1PURO CORAZ\u00d3N! - El Diario - Bolivia\" \/>\n<meta property=\"og:description\" content=\"Esta Bolivia es la que gusta y la que debe estar presente. La Selecci\u00f3n Nacional tuvo un brillante encuentro al vencer por 2-0 a Per\u00fa, ayer, en el estadio Hernando Siles, en marco de la quinta fecha de las Eliminatorias. La Verde deja el fondo de la tabla y comienza a ilusionarse. En el debut [&hellip;]\" \/>\n<meta property=\"og:url\" content=\"https:\/\/www.eldiario.net\/portal\/2023\/11\/17\/bolivia-puro-corazon\/\" \/>\n<meta property=\"og:site_name\" content=\"El Diario - Bolivia\" \/>\n<meta property=\"article:publisher\" content=\"https:\/\/www.facebook.com\/eldiario.bolivia\/\" \/>\n<meta property=\"article:published_time\" content=\"2023-11-17T10:47:00+00:00\" \/>\n<meta property=\"og:image\" content=\"https:\/\/www.eldiario.net\/portal\/wp-content\/uploads\/2023\/11\/FOTO-1.jpg\" \/>\n\t<meta property=\"og:image:width\" content=\"1000\" \/>\n\t<meta property=\"og:image:height\" content=\"667\" \/>\n\t<meta property=\"og:image:type\" content=\"image\/jpeg\" \/>\n<meta name=\"author\" content=\"Jeanette\" \/>\n<meta name=\"twitter:card\" content=\"summary_large_image\" \/>\n<meta name=\"twitter:creator\" content=\"@eldiario_net\" \/>\n<meta name=\"twitter:site\" content=\"@eldiario_net\" \/>\n<meta name=\"twitter:label1\" content=\"Escrito por\" \/>\n\t<meta name=\"twitter:data1\" content=\"Jeanette\" \/>\n\t<meta name=\"twitter:label2\" content=\"Tiempo de lectura\" \/>\n\t<meta name=\"twitter:data2\" content=\"4 minutos\" \/>\n<script type=\"application\/ld+json\" class=\"yoast-schema-graph\">{\"@context\":\"https:\\\/\\\/schema.org\",\"@graph\":[{\"@type\":\"Article\",\"@id\":\"https:\\\/\\\/www.eldiario.net\\\/portal\\\/2023\\\/11\\\/17\\\/bolivia-puro-corazon\\\/#article\",\"isPartOf\":{\"@id\":\"https:\\\/\\\/www.eldiario.net\\\/portal\\\/2023\\\/11\\\/17\\\/bolivia-puro-corazon\\\/\"},\"author\":{\"name\":\"Jeanette\",\"@id\":\"https:\\\/\\\/www.eldiario.net\\\/portal\\\/#\\\/schema\\\/person\\\/f46445640444750d7d753ccd04ae01b7\"},\"headline\":\"BOLIVIA, \u00a1PURO CORAZ\u00d3N!\",\"datePublished\":\"2023-11-17T10:47:00+00:00\",\"mainEntityOfPage\":{\"@id\":\"https:\\\/\\\/www.eldiario.net\\\/portal\\\/2023\\\/11\\\/17\\\/bolivia-puro-corazon\\\/\"},\"wordCount\":791,\"publisher\":{\"@id\":\"https:\\\/\\\/www.eldiario.net\\\/portal\\\/#organization\"},\"image\":{\"@id\":\"https:\\\/\\\/www.eldiario.net\\\/portal\\\/2023\\\/11\\\/17\\\/bolivia-puro-corazon\\\/#primaryimage\"},\"thumbnailUrl\":\"https:\\\/\\\/www.eldiario.net\\\/portal\\\/wp-content\\\/uploads\\\/2023\\\/11\\\/FOTO-1.jpg\",\"articleSection\":[\"Deportes\"],\"inLanguage\":\"es\"},{\"@type\":\"WebPage\",\"@id\":\"https:\\\/\\\/www.eldiario.net\\\/portal\\\/2023\\\/11\\\/17\\\/bolivia-puro-corazon\\\/\",\"url\":\"https:\\\/\\\/www.eldiario.net\\\/portal\\\/2023\\\/11\\\/17\\\/bolivia-puro-corazon\\\/\",\"name\":\"BOLIVIA, \u00a1PURO CORAZ\u00d3N! - El Diario - Bolivia\",\"isPartOf\":{\"@id\":\"https:\\\/\\\/www.eldiario.net\\\/portal\\\/#website\"},\"primaryImageOfPage\":{\"@id\":\"https:\\\/\\\/www.eldiario.net\\\/portal\\\/2023\\\/11\\\/17\\\/bolivia-puro-corazon\\\/#primaryimage\"},\"image\":{\"@id\":\"https:\\\/\\\/www.eldiario.net\\\/portal\\\/2023\\\/11\\\/17\\\/bolivia-puro-corazon\\\/#primaryimage\"},\"thumbnailUrl\":\"https:\\\/\\\/www.eldiario.net\\\/portal\\\/wp-content\\\/uploads\\\/2023\\\/11\\\/FOTO-1.jpg\",\"datePublished\":\"2023-11-17T10:47:00+00:00\",\"breadcrumb\":{\"@id\":\"https:\\\/\\\/www.eldiario.net\\\/portal\\\/2023\\\/11\\\/17\\\/bolivia-puro-corazon\\\/#breadcrumb\"},\"inLanguage\":\"es\",\"potentialAction\":[{\"@type\":\"ReadAction\",\"target\":[\"https:\\\/\\\/www.eldiario.net\\\/portal\\\/2023\\\/11\\\/17\\\/bolivia-puro-corazon\\\/\"]}]},{\"@type\":\"ImageObject\",\"inLanguage\":\"es\",\"@id\":\"https:\\\/\\\/www.eldiario.net\\\/portal\\\/2023\\\/11\\\/17\\\/bolivia-puro-corazon\\\/#primaryimage\",\"url\":\"https:\\\/\\\/www.eldiario.net\\\/portal\\\/wp-content\\\/uploads\\\/2023\\\/11\\\/FOTO-1.jpg\",\"contentUrl\":\"https:\\\/\\\/www.eldiario.net\\\/portal\\\/wp-content\\\/uploads\\\/2023\\\/11\\\/FOTO-1.jpg\",\"width\":1000,\"height\":667},{\"@type\":\"BreadcrumbList\",\"@id\":\"https:\\\/\\\/www.eldiario.net\\\/portal\\\/2023\\\/11\\\/17\\\/bolivia-puro-corazon\\\/#breadcrumb\",\"itemListElement\":[{\"@type\":\"ListItem\",\"position\":1,\"name\":\"Portada\",\"item\":\"https:\\\/\\\/www.eldiario.net\\\/portal\\\/\"},{\"@type\":\"ListItem\",\"position\":2,\"name\":\"BOLIVIA, \u00a1PURO CORAZ\u00d3N!\"}]},{\"@type\":\"WebSite\",\"@id\":\"https:\\\/\\\/www.eldiario.net\\\/portal\\\/#website\",\"url\":\"https:\\\/\\\/www.eldiario.net\\\/portal\\\/\",\"name\":\"El Diario - Decano de la prensa nacional\",\"description\":\"El Diario - Decano de la prensa nacional\",\"publisher\":{\"@id\":\"https:\\\/\\\/www.eldiario.net\\\/portal\\\/#organization\"},\"potentialAction\":[{\"@type\":\"SearchAction\",\"target\":{\"@type\":\"EntryPoint\",\"urlTemplate\":\"https:\\\/\\\/www.eldiario.net\\\/portal\\\/?s={search_term_string}\"},\"query-input\":{\"@type\":\"PropertyValueSpecification\",\"valueRequired\":true,\"valueName\":\"search_term_string\"}}],\"inLanguage\":\"es\"},{\"@type\":\"Organization\",\"@id\":\"https:\\\/\\\/www.eldiario.net\\\/portal\\\/#organization\",\"name\":\"El Diario - Decano de la prensa nacional\",\"url\":\"https:\\\/\\\/www.eldiario.net\\\/portal\\\/\",\"logo\":{\"@type\":\"ImageObject\",\"inLanguage\":\"es\",\"@id\":\"https:\\\/\\\/www.eldiario.net\\\/portal\\\/#\\\/schema\\\/logo\\\/image\\\/\",\"url\":\"https:\\\/\\\/www.eldiario.net\\\/portal\\\/wp-content\\\/uploads\\\/2023\\\/07\\\/logo_ED.jpg\",\"contentUrl\":\"https:\\\/\\\/www.eldiario.net\\\/portal\\\/wp-content\\\/uploads\\\/2023\\\/07\\\/logo_ED.jpg\",\"width\":272,\"height\":52,\"caption\":\"El Diario - Decano de la prensa nacional\"},\"image\":{\"@id\":\"https:\\\/\\\/www.eldiario.net\\\/portal\\\/#\\\/schema\\\/logo\\\/image\\\/\"},\"sameAs\":[\"https:\\\/\\\/www.facebook.com\\\/eldiario.bolivia\\\/\",\"https:\\\/\\\/x.com\\\/eldiario_net\"]},{\"@type\":\"Person\",\"@id\":\"https:\\\/\\\/www.eldiario.net\\\/portal\\\/#\\\/schema\\\/person\\\/f46445640444750d7d753ccd04ae01b7\",\"name\":\"Jeanette\",\"image\":{\"@type\":\"ImageObject\",\"inLanguage\":\"es\",\"@id\":\"https:\\\/\\\/secure.gravatar.com\\\/avatar\\\/3ea2118a5f7dad2b7138b1187a6b7ee55f160b9968b66013c3a3ef39dd7e5798?s=96&d=mm&r=g\",\"url\":\"https:\\\/\\\/secure.gravatar.com\\\/avatar\\\/3ea2118a5f7dad2b7138b1187a6b7ee55f160b9968b66013c3a3ef39dd7e5798?s=96&d=mm&r=g\",\"contentUrl\":\"https:\\\/\\\/secure.gravatar.com\\\/avatar\\\/3ea2118a5f7dad2b7138b1187a6b7ee55f160b9968b66013c3a3ef39dd7e5798?s=96&d=mm&r=g\",\"caption\":\"Jeanette\"},\"sameAs\":[\"https:\\\/\\\/www.eldiario.net\\\/portal\"],\"url\":\"https:\\\/\\\/www.eldiario.net\\\/portal\\\/author\\\/jeanette\\\/\"}]}<\/script>\n<!-- \/ Yoast SEO plugin. -->","yoast_head_json":{"title":"BOLIVIA, \u00a1PURO CORAZ\u00d3N! - El Diario - Bolivia","robots":{"index":"index","follow":"follow","max-snippet":"max-snippet:-1","max-image-preview":"max-image-preview:large","max-video-preview":"max-video-preview:-1"},"canonical":"https:\/\/www.eldiario.net\/portal\/2023\/11\/17\/bolivia-puro-corazon\/","og_locale":"es_ES","og_type":"article","og_title":"BOLIVIA, \u00a1PURO CORAZ\u00d3N! - El Diario - Bolivia","og_description":"Esta Bolivia es la que gusta y la que debe estar presente. La Selecci\u00f3n Nacional tuvo un brillante encuentro al vencer por 2-0 a Per\u00fa, ayer, en el estadio Hernando Siles, en marco de la quinta fecha de las Eliminatorias. La Verde deja el fondo de la tabla y comienza a ilusionarse. En el debut [&hellip;]","og_url":"https:\/\/www.eldiario.net\/portal\/2023\/11\/17\/bolivia-puro-corazon\/","og_site_name":"El Diario - Bolivia","article_publisher":"https:\/\/www.facebook.com\/eldiario.bolivia\/","article_published_time":"2023-11-17T10:47:00+00:00","og_image":[{"width":1000,"height":667,"url":"https:\/\/www.eldiario.net\/portal\/wp-content\/uploads\/2023\/11\/FOTO-1.jpg","type":"image\/jpeg"}],"author":"Jeanette","twitter_card":"summary_large_image","twitter_creator":"@eldiario_net","twitter_site":"@eldiario_net","twitter_misc":{"Escrito por":"Jeanette","Tiempo de lectura":"4 minutos"},"schema":{"@context":"https:\/\/schema.org","@graph":[{"@type":"Article","@id":"https:\/\/www.eldiario.net\/portal\/2023\/11\/17\/bolivia-puro-corazon\/#article","isPartOf":{"@id":"https:\/\/www.eldiario.net\/portal\/2023\/11\/17\/bolivia-puro-corazon\/"},"author":{"name":"Jeanette","@id":"https:\/\/www.eldiario.net\/portal\/#\/schema\/person\/f46445640444750d7d753ccd04ae01b7"},"headline":"BOLIVIA, \u00a1PURO CORAZ\u00d3N!","datePublished":"2023-11-17T10:47:00+00:00","mainEntityOfPage":{"@id":"https:\/\/www.eldiario.net\/portal\/2023\/11\/17\/bolivia-puro-corazon\/"},"wordCount":791,"publisher":{"@id":"https:\/\/www.eldiario.net\/portal\/#organization"},"image":{"@id":"https:\/\/www.eldiario.net\/portal\/2023\/11\/17\/bolivia-puro-corazon\/#primaryimage"},"thumbnailUrl":"https:\/\/www.eldiario.net\/portal\/wp-content\/uploads\/2023\/11\/FOTO-1.jpg","articleSection":["Deportes"],"inLanguage":"es"},{"@type":"WebPage","@id":"https:\/\/www.eldiario.net\/portal\/2023\/11\/17\/bolivia-puro-corazon\/","url":"https:\/\/www.eldiario.net\/portal\/2023\/11\/17\/bolivia-puro-corazon\/","name":"BOLIVIA, \u00a1PURO CORAZ\u00d3N! - El Diario - Bolivia","isPartOf":{"@id":"https:\/\/www.eldiario.net\/portal\/#website"},"primaryImageOfPage":{"@id":"https:\/\/www.eldiario.net\/portal\/2023\/11\/17\/bolivia-puro-corazon\/#primaryimage"},"image":{"@id":"https:\/\/www.eldiario.net\/portal\/2023\/11\/17\/bolivia-puro-corazon\/#primaryimage"},"thumbnailUrl":"https:\/\/www.eldiario.net\/portal\/wp-content\/uploads\/2023\/11\/FOTO-1.jpg","datePublished":"2023-11-17T10:47:00+00:00","breadcrumb":{"@id":"https:\/\/www.eldiario.net\/portal\/2023\/11\/17\/bolivia-puro-corazon\/#breadcrumb"},"inLanguage":"es","potentialAction":[{"@type":"ReadAction","target":["https:\/\/www.eldiario.net\/portal\/2023\/11\/17\/bolivia-puro-corazon\/"]}]},{"@type":"ImageObject","inLanguage":"es","@id":"https:\/\/www.eldiario.net\/portal\/2023\/11\/17\/bolivia-puro-corazon\/#primaryimage","url":"https:\/\/www.eldiario.net\/portal\/wp-content\/uploads\/2023\/11\/FOTO-1.jpg","contentUrl":"https:\/\/www.eldiario.net\/portal\/wp-content\/uploads\/2023\/11\/FOTO-1.jpg","width":1000,"height":667},{"@type":"BreadcrumbList","@id":"https:\/\/www.eldiario.net\/portal\/2023\/11\/17\/bolivia-puro-corazon\/#breadcrumb","itemListElement":[{"@type":"ListItem","position":1,"name":"Portada","item":"https:\/\/www.eldiario.net\/portal\/"},{"@type":"ListItem","position":2,"name":"BOLIVIA, \u00a1PURO CORAZ\u00d3N!"}]},{"@type":"WebSite","@id":"https:\/\/www.eldiario.net\/portal\/#website","url":"https:\/\/www.eldiario.net\/portal\/","name":"El Diario - Decano de la prensa nacional","description":"El Diario - Decano de la prensa nacional","publisher":{"@id":"https:\/\/www.eldiario.net\/portal\/#organization"},"potentialAction":[{"@type":"SearchAction","target":{"@type":"EntryPoint","urlTemplate":"https:\/\/www.eldiario.net\/portal\/?s={search_term_string}"},"query-input":{"@type":"PropertyValueSpecification","valueRequired":true,"valueName":"search_term_string"}}],"inLanguage":"es"},{"@type":"Organization","@id":"https:\/\/www.eldiario.net\/portal\/#organization","name":"El Diario - Decano de la prensa nacional","url":"https:\/\/www.eldiario.net\/portal\/","logo":{"@type":"ImageObject","inLanguage":"es","@id":"https:\/\/www.eldiario.net\/portal\/#\/schema\/logo\/image\/","url":"https:\/\/www.eldiario.net\/portal\/wp-content\/uploads\/2023\/07\/logo_ED.jpg","contentUrl":"https:\/\/www.eldiario.net\/portal\/wp-content\/uploads\/2023\/07\/logo_ED.jpg","width":272,"height":52,"caption":"El Diario - Decano de la prensa nacional"},"image":{"@id":"https:\/\/www.eldiario.net\/portal\/#\/schema\/logo\/image\/"},"sameAs":["https:\/\/www.facebook.com\/eldiario.bolivia\/","https:\/\/x.com\/eldiario_net"]},{"@type":"Person","@id":"https:\/\/www.eldiario.net\/portal\/#\/schema\/person\/f46445640444750d7d753ccd04ae01b7","name":"Jeanette","image":{"@type":"ImageObject","inLanguage":"es","@id":"https:\/\/secure.gravatar.com\/avatar\/3ea2118a5f7dad2b7138b1187a6b7ee55f160b9968b66013c3a3ef39dd7e5798?s=96&d=mm&r=g","url":"https:\/\/secure.gravatar.com\/avatar\/3ea2118a5f7dad2b7138b1187a6b7ee55f160b9968b66013c3a3ef39dd7e5798?s=96&d=mm&r=g","contentUrl":"https:\/\/secure.gravatar.com\/avatar\/3ea2118a5f7dad2b7138b1187a6b7ee55f160b9968b66013c3a3ef39dd7e5798?s=96&d=mm&r=g","caption":"Jeanette"},"sameAs":["https:\/\/www.eldiario.net\/portal"],"url":"https:\/\/www.eldiario.net\/portal\/author\/jeanette\/"}]}},"_links":{"self":[{"href":"https:\/\/www.eldiario.net\/portal\/wp-json\/wp\/v2\/posts\/188007","targetHints":{"allow":["GET"]}}],"collection":[{"href":"https:\/\/www.eldiario.net\/portal\/wp-json\/wp\/v2\/posts"}],"about":[{"href":"https:\/\/www.eldiario.net\/portal\/wp-json\/wp\/v2\/types\/post"}],"author":[{"embeddable":true,"href":"https:\/\/www.eldiario.net\/portal\/wp-json\/wp\/v2\/users\/1"}],"replies":[{"embeddable":true,"href":"https:\/\/www.eldiario.net\/portal\/wp-json\/wp\/v2\/comments?post=188007"}],"version-history":[{"count":0,"href":"https:\/\/www.eldiario.net\/portal\/wp-json\/wp\/v2\/posts\/188007\/revisions"}],"wp:featuredmedia":[{"embeddable":true,"href":"https:\/\/www.eldiario.net\/portal\/wp-json\/wp\/v2\/media\/188016"}],"wp:attachment":[{"href":"https:\/\/www.eldiario.net\/portal\/wp-json\/wp\/v2\/media?parent=188007"}],"wp:term":[{"taxonomy":"category","embeddable":true,"href":"https:\/\/www.eldiario.net\/portal\/wp-json\/wp\/v2\/categories?post=188007"},{"taxonomy":"post_tag","embeddable":true,"href":"https:\/\/www.eldiario.net\/portal\/wp-json\/wp\/v2\/tags?post=188007"}],"curies":[{"name":"wp","href":"https:\/\/api.w.org\/{rel}","templated":true}]}}