{"id":188005,"date":"2023-11-17T06:39:39","date_gmt":"2023-11-17T10:39:39","guid":{"rendered":"https:\/\/www.eldiario.net\/portal\/?p=188005"},"modified":"2023-11-17T06:39:39","modified_gmt":"2023-11-17T10:39:39","slug":"marabunta-2","status":"publish","type":"post","link":"https:\/\/www.eldiario.net\/portal\/2023\/11\/17\/marabunta-2\/","title":{"rendered":"\u00a1Marabunta!"},"content":{"rendered":"<p>Cuando a mis diez a\u00f1os vi la pel\u00edcula Marabunta, en la que millones de voraces hormigas se com\u00edan la selva, los animales y a los hombres, qued\u00e9 impresionado. Pens\u00e9 que todo era imaginaci\u00f3n de su director y que se trataba de mera ficci\u00f3n. Luego supe que las marabuntas exist\u00edan, y que, con su voracidad, arrasaban los lugares por donde pasaban, dejando desolaci\u00f3n y miseria.<br \/>\nLa Bolivia actual, la Bolivia del \u201ccambio\u201d y de las amplias libertades para los \u201cmovimientos sociales\u201d, ha permitido que millares de hormigas humanas, con el mismo instinto devorador de las marabuntas, est\u00e9n avasallando el pa\u00eds y arrasando con todo lo que encuentran a su paso. Si a las marabuntas se las trataba de detener de alguna manera, en Bolivia apenas se levantan voces en la Asamblea Nacional y en los medios de prensa, defendiendo a quienes son v\u00edctimas del acoso voraz que parece no tener fin.<br \/>\nLas marabuntas vienen avanzando desde que se aprob\u00f3 a sangre y fuego la nueva Constituci\u00f3n. Ley en mano o sin ella, pasan por encima de todos los organismos de resguardo de la naturaleza y el medio ambiente, para arrasar sembrad\u00edos, bosques, r\u00edos y hacerlos de su dominio. Sin autoridades departamentales que puedan detener a aquellos himen\u00f3pteros hambrientos, sin una Gobernaci\u00f3n que pueda ordenar a que la Polic\u00eda se movilice y ponga fin a los avasallamientos de las marabuntas, la naci\u00f3n est\u00e1 siendo extinguida.<br \/>\nNo nos referimos solamente al asalto y quema de nuestros campos y fauna, sobre lo que ya nos hemos quejado muchas veces. Sabemos que existe una pol\u00edtica miope o mal intencionada del Gobierno que tiende a despojar a los verdaderos \u201coriginarios\u201d cambas de su h\u00e1bitat, y, que, adem\u00e1s del asalto imprevisto, se manejan mediante los bloqueos de caminos, cuando las marabuntas aparecen sorpresivamente y cercan a miles de camiones repletos de productos agr\u00edcolas o ganaderos que van hacia los mercados del interior o de ultramar. Las hileras de veh\u00edculos no pasan si las marabuntas no comen de la mano de los choferes; no se mueve un solo furg\u00f3n si el Gobierno no les permite, por escrito, que puedan continuar con su avance depredador.<br \/>\nA los llamados \u201cbarones del esta\u00f1o\u201d, se les nacionaliz\u00f3 sus minas y no se les permiti\u00f3 regresar al pa\u00eds, acus\u00e1ndolos de haber hecho sus fortunas de manera esclavista, inmisericorde con sus mineros, alegando que se llevaban sus ganancias al exterior y que no invert\u00edan nada en Bolivia. Esa es una historia que se est\u00e1 revisando despu\u00e9s de m\u00e1s de 70 a\u00f1os, para saber cu\u00e1n cierto fue todo aquello y si, despu\u00e9s de la nacionalizaci\u00f3n de las minas, la vida de los mineros y la naci\u00f3n mejor\u00f3 con la creaci\u00f3n de Comibol.<br \/>\nLo que ahora nos preocupa es el asunto t\u00e9trico de las marabuntas; de las hormigas azules que son llamadas \u201cinterculturales\u201d, devoradoras de campos y principales provocadoras de voraces incendios, de quemas salvajes; y de las marabuntas coloradas, ruidosas, de p\u00e9trea cabeza bronc\u00ednea: los mineros cooperativistas del oro. \u00bfPero de d\u00f3nde aparecieron estas otras marabuntas coloradas? Surgieron desesperadas luego del Decreto Supremo 2.160 de 1985, cuando cesantes los mineros de Comibol, algunos se fueron al oriente y otros, la mayor\u00eda, al tr\u00f3pico cochabambino.<br \/>\nLos dem\u00e1s trabajadores excluidos se asociaron en las llamadas cooperativas mineras, que, sin capital ni subvenciones, parec\u00edan sentenciadas a un destino fatal. Pues bien, las cooperativas mineras se han convertido en un factor de poder, gracias a un decreto bondadoso y pol\u00edticamente interesado de Evo Morales, sobre todo ahora que el pa\u00eds est\u00e1 sumergido en la anarqu\u00eda institucional y el Gobierno se respalda en los \u201cmovimientos sociales\u201d.<br \/>\nEstos insaciables devoradores, ahora est\u00e1n exigiendo, como una condici\u00f3n m\u00e1s, poder explotar oro en las reservas naturales, en las \u00e1reas protegidas; quieren comerse todo el pa\u00eds envenen\u00e1ndolo con mercurio y otros qu\u00edmicos. Y en su intento est\u00e1n ocupando la ciudad de La Paz moviendo ruidosamente sus mand\u00edbulas, produciendo hedor al comer y descomer en sus calles, sin el menor \u00e1nimo de marcharse si el Gobierno no les da gusto, mientras que el pa\u00eds sigue pobre y jodido, pero, siempre, tratando de ser comprensivo con los pobres mineros, cuya dirigencia ya es gente adinerada que administra las cooperativas solo con el seguro aval de sus asociados.<br \/>\nMientras la miner\u00eda formal paga alrededor del 50 % entre regal\u00edas e impuestos, los cooperativistas del oro, que ahora tienen secuestrada a la sede de Gobierno, esas marabuntas coloradas y ruidosas, solo dejan al Estado el 2.5 % de sus millonarias ganancias, pero, adem\u00e1s, no pagan impuestos. Si hablamos de dos a tres mil millones de d\u00f3lares que, seg\u00fan datos oficiales, el pa\u00eds est\u00e1 exportando en oro, y ellos dejan apenas 60 millones \u00bfqui\u00e9n se queda con la plata?<br \/>\nLos pol\u00edticos repudiaron a los \u201cbarones del esta\u00f1o\u201d, luego, los mismos nacionalizadores, les pagaron indemnizaciones car\u00edsimas a los antiguos due\u00f1os, y la otrora poderosa Comibol, que deb\u00eda administrar la miner\u00eda para felicidad de los bolivianos, fracas\u00f3, quebr\u00f3. Ahora, son las cooperativas mineras las que lucran con los recursos naturales no renovables como el oro, que, supuestamente, para los ingenuos, para los que creen en la Constituci\u00f3n, son de todos los bolivianos. \u00bfQui\u00e9n o qui\u00e9nes nos est\u00e1n robando?, \u00bfQui\u00e9n o qui\u00e9nes est\u00e1n envenenando los r\u00edos?, \u00bfQui\u00e9n o qui\u00e9nes venden el oro en d\u00f3lares que no regresan al pa\u00eds?<\/p>\n","protected":false},"excerpt":{"rendered":"<p>Cuando a mis diez a\u00f1os vi la pel\u00edcula Marabunta, en la que millones de voraces hormigas se com\u00edan la selva, los animales y a los hombres, qued\u00e9 impresionado. Pens\u00e9 que todo era imaginaci\u00f3n de su director y que se trataba de mera ficci\u00f3n. Luego supe que las marabuntas exist\u00edan, y que, con su voracidad, arrasaban [&hellip;]<\/p>\n","protected":false},"author":1,"featured_media":157472,"comment_status":"closed","ping_status":"open","sticky":false,"template":"","format":"standard","meta":{"_acf_changed":false,"footnotes":""},"categories":[9],"tags":[],"class_list":["post-188005","post","type-post","status-publish","format-standard","has-post-thumbnail","category-opinion"],"acf":{"antetitulo":""},"yoast_head":"<!-- This site is optimized with the Yoast SEO plugin v28.4 - https:\/\/yoast.com\/product\/yoast-seo-wordpress\/ -->\n<title>\u00a1Marabunta! - El Diario - Bolivia<\/title>\n<meta name=\"robots\" content=\"index, follow, max-snippet:-1, max-image-preview:large, max-video-preview:-1\" \/>\n<link rel=\"canonical\" href=\"https:\/\/www.eldiario.net\/portal\/2023\/11\/17\/marabunta-2\/\" \/>\n<meta property=\"og:locale\" content=\"es_ES\" \/>\n<meta property=\"og:type\" content=\"article\" \/>\n<meta property=\"og:title\" content=\"\u00a1Marabunta! - El Diario - Bolivia\" \/>\n<meta property=\"og:description\" content=\"Cuando a mis diez a\u00f1os vi la pel\u00edcula Marabunta, en la que millones de voraces hormigas se com\u00edan la selva, los animales y a los hombres, qued\u00e9 impresionado. Pens\u00e9 que todo era imaginaci\u00f3n de su director y que se trataba de mera ficci\u00f3n. Luego supe que las marabuntas exist\u00edan, y que, con su voracidad, arrasaban [&hellip;]\" \/>\n<meta property=\"og:url\" content=\"https:\/\/www.eldiario.net\/portal\/2023\/11\/17\/marabunta-2\/\" \/>\n<meta property=\"og:site_name\" content=\"El Diario - Bolivia\" \/>\n<meta property=\"article:publisher\" content=\"https:\/\/www.facebook.com\/eldiario.bolivia\/\" \/>\n<meta property=\"article:published_time\" content=\"2023-11-17T10:39:39+00:00\" \/>\n<meta property=\"og:image\" content=\"https:\/\/www.eldiario.net\/portal\/wp-content\/uploads\/2023\/06\/Manfredo-Kempff-Suarez.jpg\" \/>\n\t<meta property=\"og:image:width\" content=\"1200\" \/>\n\t<meta property=\"og:image:height\" content=\"628\" \/>\n\t<meta property=\"og:image:type\" content=\"image\/jpeg\" \/>\n<meta name=\"author\" content=\"Jeanette\" \/>\n<meta name=\"twitter:card\" content=\"summary_large_image\" \/>\n<meta name=\"twitter:creator\" content=\"@eldiario_net\" \/>\n<meta name=\"twitter:site\" content=\"@eldiario_net\" \/>\n<meta name=\"twitter:label1\" content=\"Escrito por\" \/>\n\t<meta name=\"twitter:data1\" content=\"Jeanette\" \/>\n\t<meta name=\"twitter:label2\" content=\"Tiempo de lectura\" \/>\n\t<meta name=\"twitter:data2\" content=\"5 minutos\" \/>\n<script type=\"application\/ld+json\" class=\"yoast-schema-graph\">{\"@context\":\"https:\\\/\\\/schema.org\",\"@graph\":[{\"@type\":\"Article\",\"@id\":\"https:\\\/\\\/www.eldiario.net\\\/portal\\\/2023\\\/11\\\/17\\\/marabunta-2\\\/#article\",\"isPartOf\":{\"@id\":\"https:\\\/\\\/www.eldiario.net\\\/portal\\\/2023\\\/11\\\/17\\\/marabunta-2\\\/\"},\"author\":{\"name\":\"Jeanette\",\"@id\":\"https:\\\/\\\/www.eldiario.net\\\/portal\\\/#\\\/schema\\\/person\\\/f46445640444750d7d753ccd04ae01b7\"},\"headline\":\"\u00a1Marabunta!\",\"datePublished\":\"2023-11-17T10:39:39+00:00\",\"mainEntityOfPage\":{\"@id\":\"https:\\\/\\\/www.eldiario.net\\\/portal\\\/2023\\\/11\\\/17\\\/marabunta-2\\\/\"},\"wordCount\":950,\"publisher\":{\"@id\":\"https:\\\/\\\/www.eldiario.net\\\/portal\\\/#organization\"},\"image\":{\"@id\":\"https:\\\/\\\/www.eldiario.net\\\/portal\\\/2023\\\/11\\\/17\\\/marabunta-2\\\/#primaryimage\"},\"thumbnailUrl\":\"https:\\\/\\\/www.eldiario.net\\\/portal\\\/wp-content\\\/uploads\\\/2023\\\/06\\\/Manfredo-Kempff-Suarez.jpg\",\"articleSection\":[\"Opini\u00f3n\"],\"inLanguage\":\"es\"},{\"@type\":\"WebPage\",\"@id\":\"https:\\\/\\\/www.eldiario.net\\\/portal\\\/2023\\\/11\\\/17\\\/marabunta-2\\\/\",\"url\":\"https:\\\/\\\/www.eldiario.net\\\/portal\\\/2023\\\/11\\\/17\\\/marabunta-2\\\/\",\"name\":\"\u00a1Marabunta! - El Diario - Bolivia\",\"isPartOf\":{\"@id\":\"https:\\\/\\\/www.eldiario.net\\\/portal\\\/#website\"},\"primaryImageOfPage\":{\"@id\":\"https:\\\/\\\/www.eldiario.net\\\/portal\\\/2023\\\/11\\\/17\\\/marabunta-2\\\/#primaryimage\"},\"image\":{\"@id\":\"https:\\\/\\\/www.eldiario.net\\\/portal\\\/2023\\\/11\\\/17\\\/marabunta-2\\\/#primaryimage\"},\"thumbnailUrl\":\"https:\\\/\\\/www.eldiario.net\\\/portal\\\/wp-content\\\/uploads\\\/2023\\\/06\\\/Manfredo-Kempff-Suarez.jpg\",\"datePublished\":\"2023-11-17T10:39:39+00:00\",\"breadcrumb\":{\"@id\":\"https:\\\/\\\/www.eldiario.net\\\/portal\\\/2023\\\/11\\\/17\\\/marabunta-2\\\/#breadcrumb\"},\"inLanguage\":\"es\",\"potentialAction\":[{\"@type\":\"ReadAction\",\"target\":[\"https:\\\/\\\/www.eldiario.net\\\/portal\\\/2023\\\/11\\\/17\\\/marabunta-2\\\/\"]}]},{\"@type\":\"ImageObject\",\"inLanguage\":\"es\",\"@id\":\"https:\\\/\\\/www.eldiario.net\\\/portal\\\/2023\\\/11\\\/17\\\/marabunta-2\\\/#primaryimage\",\"url\":\"https:\\\/\\\/www.eldiario.net\\\/portal\\\/wp-content\\\/uploads\\\/2023\\\/06\\\/Manfredo-Kempff-Suarez.jpg\",\"contentUrl\":\"https:\\\/\\\/www.eldiario.net\\\/portal\\\/wp-content\\\/uploads\\\/2023\\\/06\\\/Manfredo-Kempff-Suarez.jpg\",\"width\":1200,\"height\":628},{\"@type\":\"BreadcrumbList\",\"@id\":\"https:\\\/\\\/www.eldiario.net\\\/portal\\\/2023\\\/11\\\/17\\\/marabunta-2\\\/#breadcrumb\",\"itemListElement\":[{\"@type\":\"ListItem\",\"position\":1,\"name\":\"Portada\",\"item\":\"https:\\\/\\\/www.eldiario.net\\\/portal\\\/\"},{\"@type\":\"ListItem\",\"position\":2,\"name\":\"\u00a1Marabunta!\"}]},{\"@type\":\"WebSite\",\"@id\":\"https:\\\/\\\/www.eldiario.net\\\/portal\\\/#website\",\"url\":\"https:\\\/\\\/www.eldiario.net\\\/portal\\\/\",\"name\":\"El Diario - Decano de la prensa nacional\",\"description\":\"El Diario - Decano de la prensa nacional\",\"publisher\":{\"@id\":\"https:\\\/\\\/www.eldiario.net\\\/portal\\\/#organization\"},\"potentialAction\":[{\"@type\":\"SearchAction\",\"target\":{\"@type\":\"EntryPoint\",\"urlTemplate\":\"https:\\\/\\\/www.eldiario.net\\\/portal\\\/?s={search_term_string}\"},\"query-input\":{\"@type\":\"PropertyValueSpecification\",\"valueRequired\":true,\"valueName\":\"search_term_string\"}}],\"inLanguage\":\"es\"},{\"@type\":\"Organization\",\"@id\":\"https:\\\/\\\/www.eldiario.net\\\/portal\\\/#organization\",\"name\":\"El Diario - Decano de la prensa nacional\",\"url\":\"https:\\\/\\\/www.eldiario.net\\\/portal\\\/\",\"logo\":{\"@type\":\"ImageObject\",\"inLanguage\":\"es\",\"@id\":\"https:\\\/\\\/www.eldiario.net\\\/portal\\\/#\\\/schema\\\/logo\\\/image\\\/\",\"url\":\"https:\\\/\\\/www.eldiario.net\\\/portal\\\/wp-content\\\/uploads\\\/2023\\\/07\\\/logo_ED.jpg\",\"contentUrl\":\"https:\\\/\\\/www.eldiario.net\\\/portal\\\/wp-content\\\/uploads\\\/2023\\\/07\\\/logo_ED.jpg\",\"width\":272,\"height\":52,\"caption\":\"El Diario - Decano de la prensa nacional\"},\"image\":{\"@id\":\"https:\\\/\\\/www.eldiario.net\\\/portal\\\/#\\\/schema\\\/logo\\\/image\\\/\"},\"sameAs\":[\"https:\\\/\\\/www.facebook.com\\\/eldiario.bolivia\\\/\",\"https:\\\/\\\/x.com\\\/eldiario_net\"]},{\"@type\":\"Person\",\"@id\":\"https:\\\/\\\/www.eldiario.net\\\/portal\\\/#\\\/schema\\\/person\\\/f46445640444750d7d753ccd04ae01b7\",\"name\":\"Jeanette\",\"image\":{\"@type\":\"ImageObject\",\"inLanguage\":\"es\",\"@id\":\"https:\\\/\\\/secure.gravatar.com\\\/avatar\\\/3ea2118a5f7dad2b7138b1187a6b7ee55f160b9968b66013c3a3ef39dd7e5798?s=96&d=mm&r=g\",\"url\":\"https:\\\/\\\/secure.gravatar.com\\\/avatar\\\/3ea2118a5f7dad2b7138b1187a6b7ee55f160b9968b66013c3a3ef39dd7e5798?s=96&d=mm&r=g\",\"contentUrl\":\"https:\\\/\\\/secure.gravatar.com\\\/avatar\\\/3ea2118a5f7dad2b7138b1187a6b7ee55f160b9968b66013c3a3ef39dd7e5798?s=96&d=mm&r=g\",\"caption\":\"Jeanette\"},\"sameAs\":[\"https:\\\/\\\/www.eldiario.net\\\/portal\"],\"url\":\"https:\\\/\\\/www.eldiario.net\\\/portal\\\/author\\\/jeanette\\\/\"}]}<\/script>\n<!-- \/ Yoast SEO plugin. -->","yoast_head_json":{"title":"\u00a1Marabunta! - El Diario - Bolivia","robots":{"index":"index","follow":"follow","max-snippet":"max-snippet:-1","max-image-preview":"max-image-preview:large","max-video-preview":"max-video-preview:-1"},"canonical":"https:\/\/www.eldiario.net\/portal\/2023\/11\/17\/marabunta-2\/","og_locale":"es_ES","og_type":"article","og_title":"\u00a1Marabunta! - El Diario - Bolivia","og_description":"Cuando a mis diez a\u00f1os vi la pel\u00edcula Marabunta, en la que millones de voraces hormigas se com\u00edan la selva, los animales y a los hombres, qued\u00e9 impresionado. Pens\u00e9 que todo era imaginaci\u00f3n de su director y que se trataba de mera ficci\u00f3n. Luego supe que las marabuntas exist\u00edan, y que, con su voracidad, arrasaban [&hellip;]","og_url":"https:\/\/www.eldiario.net\/portal\/2023\/11\/17\/marabunta-2\/","og_site_name":"El Diario - Bolivia","article_publisher":"https:\/\/www.facebook.com\/eldiario.bolivia\/","article_published_time":"2023-11-17T10:39:39+00:00","og_image":[{"width":1200,"height":628,"url":"https:\/\/www.eldiario.net\/portal\/wp-content\/uploads\/2023\/06\/Manfredo-Kempff-Suarez.jpg","type":"image\/jpeg"}],"author":"Jeanette","twitter_card":"summary_large_image","twitter_creator":"@eldiario_net","twitter_site":"@eldiario_net","twitter_misc":{"Escrito por":"Jeanette","Tiempo de lectura":"5 minutos"},"schema":{"@context":"https:\/\/schema.org","@graph":[{"@type":"Article","@id":"https:\/\/www.eldiario.net\/portal\/2023\/11\/17\/marabunta-2\/#article","isPartOf":{"@id":"https:\/\/www.eldiario.net\/portal\/2023\/11\/17\/marabunta-2\/"},"author":{"name":"Jeanette","@id":"https:\/\/www.eldiario.net\/portal\/#\/schema\/person\/f46445640444750d7d753ccd04ae01b7"},"headline":"\u00a1Marabunta!","datePublished":"2023-11-17T10:39:39+00:00","mainEntityOfPage":{"@id":"https:\/\/www.eldiario.net\/portal\/2023\/11\/17\/marabunta-2\/"},"wordCount":950,"publisher":{"@id":"https:\/\/www.eldiario.net\/portal\/#organization"},"image":{"@id":"https:\/\/www.eldiario.net\/portal\/2023\/11\/17\/marabunta-2\/#primaryimage"},"thumbnailUrl":"https:\/\/www.eldiario.net\/portal\/wp-content\/uploads\/2023\/06\/Manfredo-Kempff-Suarez.jpg","articleSection":["Opini\u00f3n"],"inLanguage":"es"},{"@type":"WebPage","@id":"https:\/\/www.eldiario.net\/portal\/2023\/11\/17\/marabunta-2\/","url":"https:\/\/www.eldiario.net\/portal\/2023\/11\/17\/marabunta-2\/","name":"\u00a1Marabunta! - El Diario - Bolivia","isPartOf":{"@id":"https:\/\/www.eldiario.net\/portal\/#website"},"primaryImageOfPage":{"@id":"https:\/\/www.eldiario.net\/portal\/2023\/11\/17\/marabunta-2\/#primaryimage"},"image":{"@id":"https:\/\/www.eldiario.net\/portal\/2023\/11\/17\/marabunta-2\/#primaryimage"},"thumbnailUrl":"https:\/\/www.eldiario.net\/portal\/wp-content\/uploads\/2023\/06\/Manfredo-Kempff-Suarez.jpg","datePublished":"2023-11-17T10:39:39+00:00","breadcrumb":{"@id":"https:\/\/www.eldiario.net\/portal\/2023\/11\/17\/marabunta-2\/#breadcrumb"},"inLanguage":"es","potentialAction":[{"@type":"ReadAction","target":["https:\/\/www.eldiario.net\/portal\/2023\/11\/17\/marabunta-2\/"]}]},{"@type":"ImageObject","inLanguage":"es","@id":"https:\/\/www.eldiario.net\/portal\/2023\/11\/17\/marabunta-2\/#primaryimage","url":"https:\/\/www.eldiario.net\/portal\/wp-content\/uploads\/2023\/06\/Manfredo-Kempff-Suarez.jpg","contentUrl":"https:\/\/www.eldiario.net\/portal\/wp-content\/uploads\/2023\/06\/Manfredo-Kempff-Suarez.jpg","width":1200,"height":628},{"@type":"BreadcrumbList","@id":"https:\/\/www.eldiario.net\/portal\/2023\/11\/17\/marabunta-2\/#breadcrumb","itemListElement":[{"@type":"ListItem","position":1,"name":"Portada","item":"https:\/\/www.eldiario.net\/portal\/"},{"@type":"ListItem","position":2,"name":"\u00a1Marabunta!"}]},{"@type":"WebSite","@id":"https:\/\/www.eldiario.net\/portal\/#website","url":"https:\/\/www.eldiario.net\/portal\/","name":"El Diario - Decano de la prensa nacional","description":"El Diario - Decano de la prensa nacional","publisher":{"@id":"https:\/\/www.eldiario.net\/portal\/#organization"},"potentialAction":[{"@type":"SearchAction","target":{"@type":"EntryPoint","urlTemplate":"https:\/\/www.eldiario.net\/portal\/?s={search_term_string}"},"query-input":{"@type":"PropertyValueSpecification","valueRequired":true,"valueName":"search_term_string"}}],"inLanguage":"es"},{"@type":"Organization","@id":"https:\/\/www.eldiario.net\/portal\/#organization","name":"El Diario - Decano de la prensa nacional","url":"https:\/\/www.eldiario.net\/portal\/","logo":{"@type":"ImageObject","inLanguage":"es","@id":"https:\/\/www.eldiario.net\/portal\/#\/schema\/logo\/image\/","url":"https:\/\/www.eldiario.net\/portal\/wp-content\/uploads\/2023\/07\/logo_ED.jpg","contentUrl":"https:\/\/www.eldiario.net\/portal\/wp-content\/uploads\/2023\/07\/logo_ED.jpg","width":272,"height":52,"caption":"El Diario - Decano de la prensa nacional"},"image":{"@id":"https:\/\/www.eldiario.net\/portal\/#\/schema\/logo\/image\/"},"sameAs":["https:\/\/www.facebook.com\/eldiario.bolivia\/","https:\/\/x.com\/eldiario_net"]},{"@type":"Person","@id":"https:\/\/www.eldiario.net\/portal\/#\/schema\/person\/f46445640444750d7d753ccd04ae01b7","name":"Jeanette","image":{"@type":"ImageObject","inLanguage":"es","@id":"https:\/\/secure.gravatar.com\/avatar\/3ea2118a5f7dad2b7138b1187a6b7ee55f160b9968b66013c3a3ef39dd7e5798?s=96&d=mm&r=g","url":"https:\/\/secure.gravatar.com\/avatar\/3ea2118a5f7dad2b7138b1187a6b7ee55f160b9968b66013c3a3ef39dd7e5798?s=96&d=mm&r=g","contentUrl":"https:\/\/secure.gravatar.com\/avatar\/3ea2118a5f7dad2b7138b1187a6b7ee55f160b9968b66013c3a3ef39dd7e5798?s=96&d=mm&r=g","caption":"Jeanette"},"sameAs":["https:\/\/www.eldiario.net\/portal"],"url":"https:\/\/www.eldiario.net\/portal\/author\/jeanette\/"}]}},"_links":{"self":[{"href":"https:\/\/www.eldiario.net\/portal\/wp-json\/wp\/v2\/posts\/188005","targetHints":{"allow":["GET"]}}],"collection":[{"href":"https:\/\/www.eldiario.net\/portal\/wp-json\/wp\/v2\/posts"}],"about":[{"href":"https:\/\/www.eldiario.net\/portal\/wp-json\/wp\/v2\/types\/post"}],"author":[{"embeddable":true,"href":"https:\/\/www.eldiario.net\/portal\/wp-json\/wp\/v2\/users\/1"}],"replies":[{"embeddable":true,"href":"https:\/\/www.eldiario.net\/portal\/wp-json\/wp\/v2\/comments?post=188005"}],"version-history":[{"count":0,"href":"https:\/\/www.eldiario.net\/portal\/wp-json\/wp\/v2\/posts\/188005\/revisions"}],"wp:featuredmedia":[{"embeddable":true,"href":"https:\/\/www.eldiario.net\/portal\/wp-json\/wp\/v2\/media\/157472"}],"wp:attachment":[{"href":"https:\/\/www.eldiario.net\/portal\/wp-json\/wp\/v2\/media?parent=188005"}],"wp:term":[{"taxonomy":"category","embeddable":true,"href":"https:\/\/www.eldiario.net\/portal\/wp-json\/wp\/v2\/categories?post=188005"},{"taxonomy":"post_tag","embeddable":true,"href":"https:\/\/www.eldiario.net\/portal\/wp-json\/wp\/v2\/tags?post=188005"}],"curies":[{"name":"wp","href":"https:\/\/api.w.org\/{rel}","templated":true}]}}