{"id":188003,"date":"2023-11-17T06:38:41","date_gmt":"2023-11-17T10:38:41","guid":{"rendered":"https:\/\/www.eldiario.net\/portal\/?p=188003"},"modified":"2023-11-17T06:38:41","modified_gmt":"2023-11-17T10:38:41","slug":"complejo-proceso-de-implementacion-de-la-inteligencia-artificial-en-la-educacion","status":"publish","type":"post","link":"https:\/\/www.eldiario.net\/portal\/2023\/11\/17\/complejo-proceso-de-implementacion-de-la-inteligencia-artificial-en-la-educacion\/","title":{"rendered":"Complejo proceso de implementaci\u00f3n de  la Inteligencia Artificial en la educaci\u00f3n"},"content":{"rendered":"<p><em><strong>Flavio Garc\u00eda Condori<\/strong><\/em><\/p>\n<p>En la actualidad, los m\u00e9todos y t\u00e9cnicas de ense\u00f1anza en las instituciones educativas de todos los grados y niveles, est\u00e1n cambiando aceleradamente gracias a las t\u00e9cnicas de informaci\u00f3n y comunicaci\u00f3n que contribuyen de manera efectiva en el dise\u00f1o de nuevas estrategias acorde a las necesidades y exigencias actuales. En este contexto, incluso hoy ya se habla de la implementaci\u00f3n de la Inteligencia Artificial (IA) en la educaci\u00f3n. Por ello considero necesario desglosar lo que es la IA.<br \/>\n\u00bfA qu\u00e9 llamamos Inteligencia Artificial? Al respecto se tiene una amplia gama de conceptos, orientados hacia una misma definici\u00f3n, y despu\u00e9s de un sereno an\u00e1lisis podemos colegir que, la inteligencia artificial es la habilidad de una m\u00e1quina de presentar las mismas capacidades que los seres humanos, como el razonamiento, el aprendizaje, la creatividad y la capacidad de planear. Sin duda que esto significa un gran avance tecnol\u00f3gico. Pero, \u00bfc\u00f3mo este sistema dise\u00f1ado por el hombre ser\u00eda capaz de revolucionar la educaci\u00f3n en todas las \u00e1reas? Bastar\u00e1 mencionar algunas tareas espec\u00edficas, como por ejemplo: Ser\u00eda capaz de encontrar nuevos temas con proyecci\u00f3n a reforzar de forma precisa y adecuada en el \u00e1mbito del conocimiento donde el estudiante tenga ciertas dificultades; otra tarea donde la IA es de gran utilidad, es la creaci\u00f3n de materiales de aprendizaje que se pueden ejecutar con diferentes ritmos y formas de aprendizaje.<br \/>\nEn fin, creo que este sistema de IA puede contribuir de manera significativa tanto al trabajo docente como al trabajo de los estudiantes. Sin embargo y solo con el prop\u00f3sito de informar a la opini\u00f3n publica de forma equilibrada, y sobre todo con \u00e9tica, considero pertinente mostrar la otra cara de la medalla.<br \/>\nUna mirada a la estad\u00edstica de internautas que navegan en las redes sociales, nos muestra que s\u00f3lo el 59% de los habitantes de las ciudades capitales cuenta con una computadora, mientras que en el \u00e1rea rural, se tiene que solo el 39% cuenta con un equipo digital y, finalmente, en las \u00e1reas de dispersi\u00f3n, s\u00f3lo cuenta con el indicado instrumento de trabajo digital un 19%. Y si a este hecho a\u00f1adimos que, los establecimientos educativos no cuentan con una infraestructura adecuada y tampoco cuentan con equipos de computaci\u00f3n, estamos frente a un panorama sombr\u00edo. Este panorama se torna a\u00fan m\u00e1s incierto, si consideramos que, el magisterio fiscal no dispone de \u00edtems para docentes de computaci\u00f3n.<br \/>\nDesde mi punto de vista, aqu\u00ed tenemos el primer escollo, \u00bfestamos preparados tanto docentes, como estudiantes y padres de familia para afrontar este desaf\u00edo?, tengo serias dudas. En esta perspectiva, es menester actualizar nuestros conocimientos, sin embargo, aqu\u00ed creo que est\u00e1 el segundo escollo. Toda actualizaci\u00f3n presupone tener una base sobre la obtenci\u00f3n de datos adecuados, los mismos que deben ser depurados y desarrollados, que en los hechos implica una inversi\u00f3n econ\u00f3mica, sin mencionar el factor tiempo.<br \/>\nFinalmente, y a manera de conclusi\u00f3n, quiero mencionar que, en esta \u00e9poca, cuando los estudiantes no conocen la cultura del esfuerzo, esta herramienta podr\u00eda convertirse en un serio peligro, \u00bfqu\u00e9 futuro nos espera con una juventud dependiente de las TIC y, sobre todo, que no desarrolle el pensamiento cr\u00edtico? En mi opini\u00f3n, habr\u00e1 que analizar cuidadosamente todas las ventajas y desventajas de la implementaci\u00f3n de tan maravilloso instrumento de trabajo. He ah\u00ed mi punto de vista.<\/p>\n<p>Lic. Flavio Garc\u00eda Condori.<\/p>\n","protected":false},"excerpt":{"rendered":"<p>Flavio Garc\u00eda Condori En la actualidad, los m\u00e9todos y t\u00e9cnicas de ense\u00f1anza en las instituciones educativas de todos los grados y niveles, est\u00e1n cambiando aceleradamente gracias a las t\u00e9cnicas de informaci\u00f3n y comunicaci\u00f3n que contribuyen de manera efectiva en el dise\u00f1o de nuevas estrategias acorde a las necesidades y exigencias actuales. En este contexto, incluso [&hellip;]<\/p>\n","protected":false},"author":1,"featured_media":0,"comment_status":"closed","ping_status":"open","sticky":false,"template":"","format":"standard","meta":{"_acf_changed":false,"footnotes":""},"categories":[9],"tags":[],"class_list":["post-188003","post","type-post","status-publish","format-standard","category-opinion"],"acf":{"antetitulo":""},"yoast_head":"<!-- This site is optimized with the Yoast SEO plugin v28.4 - https:\/\/yoast.com\/product\/yoast-seo-wordpress\/ -->\n<title>Complejo proceso de implementaci\u00f3n de la Inteligencia Artificial en la educaci\u00f3n - El Diario - Bolivia<\/title>\n<meta name=\"robots\" content=\"index, follow, max-snippet:-1, max-image-preview:large, max-video-preview:-1\" \/>\n<link rel=\"canonical\" href=\"https:\/\/www.eldiario.net\/portal\/2023\/11\/17\/complejo-proceso-de-implementacion-de-la-inteligencia-artificial-en-la-educacion\/\" \/>\n<meta property=\"og:locale\" content=\"es_ES\" \/>\n<meta property=\"og:type\" content=\"article\" \/>\n<meta property=\"og:title\" content=\"Complejo proceso de implementaci\u00f3n de la Inteligencia Artificial en la educaci\u00f3n - El Diario - Bolivia\" \/>\n<meta property=\"og:description\" content=\"Flavio Garc\u00eda Condori En la actualidad, los m\u00e9todos y t\u00e9cnicas de ense\u00f1anza en las instituciones educativas de todos los grados y niveles, est\u00e1n cambiando aceleradamente gracias a las t\u00e9cnicas de informaci\u00f3n y comunicaci\u00f3n que contribuyen de manera efectiva en el dise\u00f1o de nuevas estrategias acorde a las necesidades y exigencias actuales. En este contexto, incluso [&hellip;]\" \/>\n<meta property=\"og:url\" content=\"https:\/\/www.eldiario.net\/portal\/2023\/11\/17\/complejo-proceso-de-implementacion-de-la-inteligencia-artificial-en-la-educacion\/\" \/>\n<meta property=\"og:site_name\" content=\"El Diario - Bolivia\" \/>\n<meta property=\"article:publisher\" content=\"https:\/\/www.facebook.com\/eldiario.bolivia\/\" \/>\n<meta property=\"article:published_time\" content=\"2023-11-17T10:38:41+00:00\" \/>\n<meta name=\"author\" content=\"Jeanette\" \/>\n<meta name=\"twitter:card\" content=\"summary_large_image\" \/>\n<meta name=\"twitter:creator\" content=\"@eldiario_net\" \/>\n<meta name=\"twitter:site\" content=\"@eldiario_net\" \/>\n<meta name=\"twitter:label1\" content=\"Escrito por\" \/>\n\t<meta name=\"twitter:data1\" content=\"Jeanette\" \/>\n\t<meta name=\"twitter:label2\" content=\"Tiempo de lectura\" \/>\n\t<meta name=\"twitter:data2\" content=\"3 minutos\" \/>\n<script type=\"application\/ld+json\" class=\"yoast-schema-graph\">{\"@context\":\"https:\\\/\\\/schema.org\",\"@graph\":[{\"@type\":\"Article\",\"@id\":\"https:\\\/\\\/www.eldiario.net\\\/portal\\\/2023\\\/11\\\/17\\\/complejo-proceso-de-implementacion-de-la-inteligencia-artificial-en-la-educacion\\\/#article\",\"isPartOf\":{\"@id\":\"https:\\\/\\\/www.eldiario.net\\\/portal\\\/2023\\\/11\\\/17\\\/complejo-proceso-de-implementacion-de-la-inteligencia-artificial-en-la-educacion\\\/\"},\"author\":{\"name\":\"Jeanette\",\"@id\":\"https:\\\/\\\/www.eldiario.net\\\/portal\\\/#\\\/schema\\\/person\\\/f46445640444750d7d753ccd04ae01b7\"},\"headline\":\"Complejo proceso de implementaci\u00f3n de la Inteligencia Artificial en la educaci\u00f3n\",\"datePublished\":\"2023-11-17T10:38:41+00:00\",\"mainEntityOfPage\":{\"@id\":\"https:\\\/\\\/www.eldiario.net\\\/portal\\\/2023\\\/11\\\/17\\\/complejo-proceso-de-implementacion-de-la-inteligencia-artificial-en-la-educacion\\\/\"},\"wordCount\":608,\"publisher\":{\"@id\":\"https:\\\/\\\/www.eldiario.net\\\/portal\\\/#organization\"},\"articleSection\":[\"Opini\u00f3n\"],\"inLanguage\":\"es\"},{\"@type\":\"WebPage\",\"@id\":\"https:\\\/\\\/www.eldiario.net\\\/portal\\\/2023\\\/11\\\/17\\\/complejo-proceso-de-implementacion-de-la-inteligencia-artificial-en-la-educacion\\\/\",\"url\":\"https:\\\/\\\/www.eldiario.net\\\/portal\\\/2023\\\/11\\\/17\\\/complejo-proceso-de-implementacion-de-la-inteligencia-artificial-en-la-educacion\\\/\",\"name\":\"Complejo proceso de implementaci\u00f3n de la Inteligencia Artificial en la educaci\u00f3n - El Diario - Bolivia\",\"isPartOf\":{\"@id\":\"https:\\\/\\\/www.eldiario.net\\\/portal\\\/#website\"},\"datePublished\":\"2023-11-17T10:38:41+00:00\",\"breadcrumb\":{\"@id\":\"https:\\\/\\\/www.eldiario.net\\\/portal\\\/2023\\\/11\\\/17\\\/complejo-proceso-de-implementacion-de-la-inteligencia-artificial-en-la-educacion\\\/#breadcrumb\"},\"inLanguage\":\"es\",\"potentialAction\":[{\"@type\":\"ReadAction\",\"target\":[\"https:\\\/\\\/www.eldiario.net\\\/portal\\\/2023\\\/11\\\/17\\\/complejo-proceso-de-implementacion-de-la-inteligencia-artificial-en-la-educacion\\\/\"]}]},{\"@type\":\"BreadcrumbList\",\"@id\":\"https:\\\/\\\/www.eldiario.net\\\/portal\\\/2023\\\/11\\\/17\\\/complejo-proceso-de-implementacion-de-la-inteligencia-artificial-en-la-educacion\\\/#breadcrumb\",\"itemListElement\":[{\"@type\":\"ListItem\",\"position\":1,\"name\":\"Portada\",\"item\":\"https:\\\/\\\/www.eldiario.net\\\/portal\\\/\"},{\"@type\":\"ListItem\",\"position\":2,\"name\":\"Complejo proceso de implementaci\u00f3n de la Inteligencia Artificial en la educaci\u00f3n\"}]},{\"@type\":\"WebSite\",\"@id\":\"https:\\\/\\\/www.eldiario.net\\\/portal\\\/#website\",\"url\":\"https:\\\/\\\/www.eldiario.net\\\/portal\\\/\",\"name\":\"El Diario - Decano de la prensa nacional\",\"description\":\"El Diario - Decano de la prensa nacional\",\"publisher\":{\"@id\":\"https:\\\/\\\/www.eldiario.net\\\/portal\\\/#organization\"},\"potentialAction\":[{\"@type\":\"SearchAction\",\"target\":{\"@type\":\"EntryPoint\",\"urlTemplate\":\"https:\\\/\\\/www.eldiario.net\\\/portal\\\/?s={search_term_string}\"},\"query-input\":{\"@type\":\"PropertyValueSpecification\",\"valueRequired\":true,\"valueName\":\"search_term_string\"}}],\"inLanguage\":\"es\"},{\"@type\":\"Organization\",\"@id\":\"https:\\\/\\\/www.eldiario.net\\\/portal\\\/#organization\",\"name\":\"El Diario - Decano de la prensa nacional\",\"url\":\"https:\\\/\\\/www.eldiario.net\\\/portal\\\/\",\"logo\":{\"@type\":\"ImageObject\",\"inLanguage\":\"es\",\"@id\":\"https:\\\/\\\/www.eldiario.net\\\/portal\\\/#\\\/schema\\\/logo\\\/image\\\/\",\"url\":\"https:\\\/\\\/www.eldiario.net\\\/portal\\\/wp-content\\\/uploads\\\/2023\\\/07\\\/logo_ED.jpg\",\"contentUrl\":\"https:\\\/\\\/www.eldiario.net\\\/portal\\\/wp-content\\\/uploads\\\/2023\\\/07\\\/logo_ED.jpg\",\"width\":272,\"height\":52,\"caption\":\"El Diario - Decano de la prensa nacional\"},\"image\":{\"@id\":\"https:\\\/\\\/www.eldiario.net\\\/portal\\\/#\\\/schema\\\/logo\\\/image\\\/\"},\"sameAs\":[\"https:\\\/\\\/www.facebook.com\\\/eldiario.bolivia\\\/\",\"https:\\\/\\\/x.com\\\/eldiario_net\"]},{\"@type\":\"Person\",\"@id\":\"https:\\\/\\\/www.eldiario.net\\\/portal\\\/#\\\/schema\\\/person\\\/f46445640444750d7d753ccd04ae01b7\",\"name\":\"Jeanette\",\"image\":{\"@type\":\"ImageObject\",\"inLanguage\":\"es\",\"@id\":\"https:\\\/\\\/secure.gravatar.com\\\/avatar\\\/3ea2118a5f7dad2b7138b1187a6b7ee55f160b9968b66013c3a3ef39dd7e5798?s=96&d=mm&r=g\",\"url\":\"https:\\\/\\\/secure.gravatar.com\\\/avatar\\\/3ea2118a5f7dad2b7138b1187a6b7ee55f160b9968b66013c3a3ef39dd7e5798?s=96&d=mm&r=g\",\"contentUrl\":\"https:\\\/\\\/secure.gravatar.com\\\/avatar\\\/3ea2118a5f7dad2b7138b1187a6b7ee55f160b9968b66013c3a3ef39dd7e5798?s=96&d=mm&r=g\",\"caption\":\"Jeanette\"},\"sameAs\":[\"https:\\\/\\\/www.eldiario.net\\\/portal\"],\"url\":\"https:\\\/\\\/www.eldiario.net\\\/portal\\\/author\\\/jeanette\\\/\"}]}<\/script>\n<!-- \/ Yoast SEO plugin. -->","yoast_head_json":{"title":"Complejo proceso de implementaci\u00f3n de la Inteligencia Artificial en la educaci\u00f3n - El Diario - Bolivia","robots":{"index":"index","follow":"follow","max-snippet":"max-snippet:-1","max-image-preview":"max-image-preview:large","max-video-preview":"max-video-preview:-1"},"canonical":"https:\/\/www.eldiario.net\/portal\/2023\/11\/17\/complejo-proceso-de-implementacion-de-la-inteligencia-artificial-en-la-educacion\/","og_locale":"es_ES","og_type":"article","og_title":"Complejo proceso de implementaci\u00f3n de la Inteligencia Artificial en la educaci\u00f3n - El Diario - Bolivia","og_description":"Flavio Garc\u00eda Condori En la actualidad, los m\u00e9todos y t\u00e9cnicas de ense\u00f1anza en las instituciones educativas de todos los grados y niveles, est\u00e1n cambiando aceleradamente gracias a las t\u00e9cnicas de informaci\u00f3n y comunicaci\u00f3n que contribuyen de manera efectiva en el dise\u00f1o de nuevas estrategias acorde a las necesidades y exigencias actuales. En este contexto, incluso [&hellip;]","og_url":"https:\/\/www.eldiario.net\/portal\/2023\/11\/17\/complejo-proceso-de-implementacion-de-la-inteligencia-artificial-en-la-educacion\/","og_site_name":"El Diario - Bolivia","article_publisher":"https:\/\/www.facebook.com\/eldiario.bolivia\/","article_published_time":"2023-11-17T10:38:41+00:00","author":"Jeanette","twitter_card":"summary_large_image","twitter_creator":"@eldiario_net","twitter_site":"@eldiario_net","twitter_misc":{"Escrito por":"Jeanette","Tiempo de lectura":"3 minutos"},"schema":{"@context":"https:\/\/schema.org","@graph":[{"@type":"Article","@id":"https:\/\/www.eldiario.net\/portal\/2023\/11\/17\/complejo-proceso-de-implementacion-de-la-inteligencia-artificial-en-la-educacion\/#article","isPartOf":{"@id":"https:\/\/www.eldiario.net\/portal\/2023\/11\/17\/complejo-proceso-de-implementacion-de-la-inteligencia-artificial-en-la-educacion\/"},"author":{"name":"Jeanette","@id":"https:\/\/www.eldiario.net\/portal\/#\/schema\/person\/f46445640444750d7d753ccd04ae01b7"},"headline":"Complejo proceso de implementaci\u00f3n de la Inteligencia Artificial en la educaci\u00f3n","datePublished":"2023-11-17T10:38:41+00:00","mainEntityOfPage":{"@id":"https:\/\/www.eldiario.net\/portal\/2023\/11\/17\/complejo-proceso-de-implementacion-de-la-inteligencia-artificial-en-la-educacion\/"},"wordCount":608,"publisher":{"@id":"https:\/\/www.eldiario.net\/portal\/#organization"},"articleSection":["Opini\u00f3n"],"inLanguage":"es"},{"@type":"WebPage","@id":"https:\/\/www.eldiario.net\/portal\/2023\/11\/17\/complejo-proceso-de-implementacion-de-la-inteligencia-artificial-en-la-educacion\/","url":"https:\/\/www.eldiario.net\/portal\/2023\/11\/17\/complejo-proceso-de-implementacion-de-la-inteligencia-artificial-en-la-educacion\/","name":"Complejo proceso de implementaci\u00f3n de la Inteligencia Artificial en la educaci\u00f3n - El Diario - Bolivia","isPartOf":{"@id":"https:\/\/www.eldiario.net\/portal\/#website"},"datePublished":"2023-11-17T10:38:41+00:00","breadcrumb":{"@id":"https:\/\/www.eldiario.net\/portal\/2023\/11\/17\/complejo-proceso-de-implementacion-de-la-inteligencia-artificial-en-la-educacion\/#breadcrumb"},"inLanguage":"es","potentialAction":[{"@type":"ReadAction","target":["https:\/\/www.eldiario.net\/portal\/2023\/11\/17\/complejo-proceso-de-implementacion-de-la-inteligencia-artificial-en-la-educacion\/"]}]},{"@type":"BreadcrumbList","@id":"https:\/\/www.eldiario.net\/portal\/2023\/11\/17\/complejo-proceso-de-implementacion-de-la-inteligencia-artificial-en-la-educacion\/#breadcrumb","itemListElement":[{"@type":"ListItem","position":1,"name":"Portada","item":"https:\/\/www.eldiario.net\/portal\/"},{"@type":"ListItem","position":2,"name":"Complejo proceso de implementaci\u00f3n de la Inteligencia Artificial en la educaci\u00f3n"}]},{"@type":"WebSite","@id":"https:\/\/www.eldiario.net\/portal\/#website","url":"https:\/\/www.eldiario.net\/portal\/","name":"El Diario - Decano de la prensa nacional","description":"El Diario - Decano de la prensa nacional","publisher":{"@id":"https:\/\/www.eldiario.net\/portal\/#organization"},"potentialAction":[{"@type":"SearchAction","target":{"@type":"EntryPoint","urlTemplate":"https:\/\/www.eldiario.net\/portal\/?s={search_term_string}"},"query-input":{"@type":"PropertyValueSpecification","valueRequired":true,"valueName":"search_term_string"}}],"inLanguage":"es"},{"@type":"Organization","@id":"https:\/\/www.eldiario.net\/portal\/#organization","name":"El Diario - Decano de la prensa nacional","url":"https:\/\/www.eldiario.net\/portal\/","logo":{"@type":"ImageObject","inLanguage":"es","@id":"https:\/\/www.eldiario.net\/portal\/#\/schema\/logo\/image\/","url":"https:\/\/www.eldiario.net\/portal\/wp-content\/uploads\/2023\/07\/logo_ED.jpg","contentUrl":"https:\/\/www.eldiario.net\/portal\/wp-content\/uploads\/2023\/07\/logo_ED.jpg","width":272,"height":52,"caption":"El Diario - Decano de la prensa nacional"},"image":{"@id":"https:\/\/www.eldiario.net\/portal\/#\/schema\/logo\/image\/"},"sameAs":["https:\/\/www.facebook.com\/eldiario.bolivia\/","https:\/\/x.com\/eldiario_net"]},{"@type":"Person","@id":"https:\/\/www.eldiario.net\/portal\/#\/schema\/person\/f46445640444750d7d753ccd04ae01b7","name":"Jeanette","image":{"@type":"ImageObject","inLanguage":"es","@id":"https:\/\/secure.gravatar.com\/avatar\/3ea2118a5f7dad2b7138b1187a6b7ee55f160b9968b66013c3a3ef39dd7e5798?s=96&d=mm&r=g","url":"https:\/\/secure.gravatar.com\/avatar\/3ea2118a5f7dad2b7138b1187a6b7ee55f160b9968b66013c3a3ef39dd7e5798?s=96&d=mm&r=g","contentUrl":"https:\/\/secure.gravatar.com\/avatar\/3ea2118a5f7dad2b7138b1187a6b7ee55f160b9968b66013c3a3ef39dd7e5798?s=96&d=mm&r=g","caption":"Jeanette"},"sameAs":["https:\/\/www.eldiario.net\/portal"],"url":"https:\/\/www.eldiario.net\/portal\/author\/jeanette\/"}]}},"_links":{"self":[{"href":"https:\/\/www.eldiario.net\/portal\/wp-json\/wp\/v2\/posts\/188003","targetHints":{"allow":["GET"]}}],"collection":[{"href":"https:\/\/www.eldiario.net\/portal\/wp-json\/wp\/v2\/posts"}],"about":[{"href":"https:\/\/www.eldiario.net\/portal\/wp-json\/wp\/v2\/types\/post"}],"author":[{"embeddable":true,"href":"https:\/\/www.eldiario.net\/portal\/wp-json\/wp\/v2\/users\/1"}],"replies":[{"embeddable":true,"href":"https:\/\/www.eldiario.net\/portal\/wp-json\/wp\/v2\/comments?post=188003"}],"version-history":[{"count":0,"href":"https:\/\/www.eldiario.net\/portal\/wp-json\/wp\/v2\/posts\/188003\/revisions"}],"wp:attachment":[{"href":"https:\/\/www.eldiario.net\/portal\/wp-json\/wp\/v2\/media?parent=188003"}],"wp:term":[{"taxonomy":"category","embeddable":true,"href":"https:\/\/www.eldiario.net\/portal\/wp-json\/wp\/v2\/categories?post=188003"},{"taxonomy":"post_tag","embeddable":true,"href":"https:\/\/www.eldiario.net\/portal\/wp-json\/wp\/v2\/tags?post=188003"}],"curies":[{"name":"wp","href":"https:\/\/api.w.org\/{rel}","templated":true}]}}