{"id":187045,"date":"2023-11-12T07:33:57","date_gmt":"2023-11-12T11:33:57","guid":{"rendered":"https:\/\/www.eldiario.net\/portal\/?p=187045"},"modified":"2023-11-12T07:33:57","modified_gmt":"2023-11-12T11:33:57","slug":"separacion-de-poderes-y-estado-de-derecho-son-vitales-para-los-ddhh","status":"publish","type":"post","link":"https:\/\/www.eldiario.net\/portal\/2023\/11\/12\/separacion-de-poderes-y-estado-de-derecho-son-vitales-para-los-ddhh\/","title":{"rendered":"Separaci\u00f3n de poderes y Estado de  derecho son vitales para los DDHH"},"content":{"rendered":"<p>Luego de una presentaci\u00f3n de la sociedad civil, en la que se expuso la falta de independencia de la justicia boliviana, la Comisi\u00f3n Interamericana de Derechos Humanos (CIDH) record\u00f3 que \u201cla separaci\u00f3n de poderes y el Estado de derecho son centrales para proteger los derechos humanos y las democracias\u201d.<br \/>\nLa exhortaci\u00f3n se produjo en presencia del embajador de Bolivia ante la OEA, H\u00e9ctor Arce Zaconeta, adem\u00e1s de tres miembros del Tribunal Constitucional, cuya labor ha sido duramente cuestionada por los representantes bolivianos de la sociedad civil.<br \/>\nLa audiencia fue encabezada por la segunda vicepresidenta de la CIDH, Roberta Clarke, quien luego de escuchar a ambas partes dijo que \u201ctenemos que ser vigilantes para que exista independencia judicial y no se socaven los derechos humanos\u201d.<br \/>\nPor la sociedad civil estuvieron presentes la Fundaci\u00f3n Observatorio de Derechos Humanos y Justicia, el Cedib, Unitas, la Oficina Jur\u00eddica de la Mujer y Human Rights Fundation.<br \/>\nLos representantes de esas instituciones leyeron un documento en el que expusieron la politizaci\u00f3n de la justicia, el bloqueo de las elecciones judiciales y, sobre todo, el papel del Tribunal Constitucional por su \u201csumisi\u00f3n a los poderes pol\u00edticos\u201d.<br \/>\nLos representantes de Bolivia denunciaron que \u201cse han intensificado los procesos penales contra defensores de derechos humanos, l\u00edderes ind\u00edgenas, periodistas, sindicalistas y pol\u00edticos de oposici\u00f3n, destacando por su \u00e9nfasis en las mujeres defensoras de derechos humanos\u201d.<br \/>\nSeg\u00fan el documento le\u00eddo por los representantes civiles, \u201cla falta de independencia judicial, la instrumentalizaci\u00f3n del sistema judicial con fines pol\u00edticos, el uso indebido del proceso penal para la persecuci\u00f3n pol\u00edtica y los obst\u00e1culos para la verdad, justicia y reparaci\u00f3n, patrones identificados por el informe del GIEI persisten, generando impunidad en los casos de flagrante vulneraci\u00f3n de los derechos humanos, cometidas en contra de personas cr\u00edticas al partido oficialistas sucedidos durante la crisis de 2019\u201d.<br \/>\nEl informe molest\u00f3 al embajador Arce, al punto que calific\u00f3 la ponencia como \u201cpol\u00edtica\u201d, pidi\u00f3 a la vicepresidenta de la CIDH que llame al orden y termin\u00f3 hablando de la supuesta interrupci\u00f3n de la democracia en 2019, momento en que Clark le quit\u00f3 la palabra por haber concluido con su tiempo asignado.<br \/>\nArce fue enf\u00e1tico al se\u00f1alar que \u201cen el Estado Plurinacional de Bolivia no existen presos pol\u00edticos\u201d, a lo que los presentes empezaron a decir \u201cmentira\u201d, \u201cmentira\u201d. Fue entonces que pidi\u00f3 respeto y orden.<br \/>\nLos representantes de la sociedad civil expusieron que los constantes rechazos del Tribunal Constitucional a las acciones de inconstitucionalidad abstracta presentadas, \u201cdejan en indefensi\u00f3n los derechos humanos frente a las leyes que los vulneran\u201d.<br \/>\nExplicaron que entre 2012 y 2014, siete acciones de (12%) fueron rechazadas, pero de agosto de 2014 a diciembre de 2023, 189 (60,51%) de las acciones fueron rechazada en etapa de admisibilidad, \u201ces decir que la proporci\u00f3n de invierte dr\u00e1sticamente, adem\u00e1s que el 15,52% fue desestimado y tenido por no presentado\u201d.<br \/>\nEl presidente del TCP prometi\u00f3 enviar datos y procesos para respaldar su \u201crechazo categ\u00f3rico\u201d a las afirmaciones de la sociedad civil.<br \/>\nLos representantes fueron exponiendo uno a uno los problemas que afronta el Tribunal Constitucional, como su \u201cmuy notoria injerencia pol\u00edtica\u201d, sus resoluciones controvertidas y la corrupci\u00f3n de algunos de sus integrantes, adem\u00e1s de \u201csu lamentable participaci\u00f3n\u201d en la pr\u00f3rroga del mandato de Evo Morales y su habilitaci\u00f3n como candidato el 2019.<br \/>\nLa audiencia cerr\u00f3 abruptamente porque se termin\u00f3 el tiempo y porque la situaci\u00f3n se puso tensa, sobre todo por parte de Arce Zaconeta. (Br\u00fajula Digital\/Sumando Voces)<\/p>\n","protected":false},"excerpt":{"rendered":"<p>Luego de una presentaci\u00f3n de la sociedad civil, en la que se expuso la falta de independencia de la justicia boliviana, la Comisi\u00f3n Interamericana de Derechos Humanos (CIDH) record\u00f3 que \u201cla separaci\u00f3n de poderes y el Estado de derecho son centrales para proteger los derechos humanos y las democracias\u201d. La exhortaci\u00f3n se produjo en presencia [&hellip;]<\/p>\n","protected":false},"author":1,"featured_media":187046,"comment_status":"closed","ping_status":"open","sticky":false,"template":"","format":"standard","meta":{"_acf_changed":false,"footnotes":""},"categories":[14],"tags":[],"class_list":["post-187045","post","type-post","status-publish","format-standard","has-post-thumbnail","category-politica"],"acf":{"antetitulo":""},"yoast_head":"<!-- This site is optimized with the Yoast SEO plugin v28.4 - https:\/\/yoast.com\/product\/yoast-seo-wordpress\/ -->\n<title>Separaci\u00f3n de poderes y Estado de derecho son vitales para los DDHH - El Diario - Bolivia<\/title>\n<meta name=\"robots\" content=\"index, follow, max-snippet:-1, max-image-preview:large, max-video-preview:-1\" \/>\n<link rel=\"canonical\" href=\"https:\/\/www.eldiario.net\/portal\/2023\/11\/12\/separacion-de-poderes-y-estado-de-derecho-son-vitales-para-los-ddhh\/\" \/>\n<meta property=\"og:locale\" content=\"es_ES\" \/>\n<meta property=\"og:type\" content=\"article\" \/>\n<meta property=\"og:title\" content=\"Separaci\u00f3n de poderes y Estado de derecho son vitales para los DDHH - El Diario - Bolivia\" \/>\n<meta property=\"og:description\" content=\"Luego de una presentaci\u00f3n de la sociedad civil, en la que se expuso la falta de independencia de la justicia boliviana, la Comisi\u00f3n Interamericana de Derechos Humanos (CIDH) record\u00f3 que \u201cla separaci\u00f3n de poderes y el Estado de derecho son centrales para proteger los derechos humanos y las democracias\u201d. La exhortaci\u00f3n se produjo en presencia [&hellip;]\" \/>\n<meta property=\"og:url\" content=\"https:\/\/www.eldiario.net\/portal\/2023\/11\/12\/separacion-de-poderes-y-estado-de-derecho-son-vitales-para-los-ddhh\/\" \/>\n<meta property=\"og:site_name\" content=\"El Diario - Bolivia\" \/>\n<meta property=\"article:publisher\" content=\"https:\/\/www.facebook.com\/eldiario.bolivia\/\" \/>\n<meta property=\"article:published_time\" content=\"2023-11-12T11:33:57+00:00\" \/>\n<meta property=\"og:image\" content=\"https:\/\/www.eldiario.net\/portal\/wp-content\/uploads\/2023\/11\/10-POLCOLOR.jpeg\" \/>\n\t<meta property=\"og:image:width\" content=\"720\" \/>\n\t<meta property=\"og:image:height\" content=\"400\" \/>\n\t<meta property=\"og:image:type\" content=\"image\/jpeg\" \/>\n<meta name=\"author\" content=\"Jeanette\" \/>\n<meta name=\"twitter:card\" content=\"summary_large_image\" \/>\n<meta name=\"twitter:creator\" content=\"@eldiario_net\" \/>\n<meta name=\"twitter:site\" content=\"@eldiario_net\" \/>\n<meta name=\"twitter:label1\" content=\"Escrito por\" \/>\n\t<meta name=\"twitter:data1\" content=\"Jeanette\" \/>\n\t<meta name=\"twitter:label2\" content=\"Tiempo de lectura\" \/>\n\t<meta name=\"twitter:data2\" content=\"3 minutos\" \/>\n<script type=\"application\/ld+json\" class=\"yoast-schema-graph\">{\"@context\":\"https:\\\/\\\/schema.org\",\"@graph\":[{\"@type\":\"Article\",\"@id\":\"https:\\\/\\\/www.eldiario.net\\\/portal\\\/2023\\\/11\\\/12\\\/separacion-de-poderes-y-estado-de-derecho-son-vitales-para-los-ddhh\\\/#article\",\"isPartOf\":{\"@id\":\"https:\\\/\\\/www.eldiario.net\\\/portal\\\/2023\\\/11\\\/12\\\/separacion-de-poderes-y-estado-de-derecho-son-vitales-para-los-ddhh\\\/\"},\"author\":{\"name\":\"Jeanette\",\"@id\":\"https:\\\/\\\/www.eldiario.net\\\/portal\\\/#\\\/schema\\\/person\\\/f46445640444750d7d753ccd04ae01b7\"},\"headline\":\"Separaci\u00f3n de poderes y Estado de derecho son vitales para los DDHH\",\"datePublished\":\"2023-11-12T11:33:57+00:00\",\"mainEntityOfPage\":{\"@id\":\"https:\\\/\\\/www.eldiario.net\\\/portal\\\/2023\\\/11\\\/12\\\/separacion-de-poderes-y-estado-de-derecho-son-vitales-para-los-ddhh\\\/\"},\"wordCount\":614,\"publisher\":{\"@id\":\"https:\\\/\\\/www.eldiario.net\\\/portal\\\/#organization\"},\"image\":{\"@id\":\"https:\\\/\\\/www.eldiario.net\\\/portal\\\/2023\\\/11\\\/12\\\/separacion-de-poderes-y-estado-de-derecho-son-vitales-para-los-ddhh\\\/#primaryimage\"},\"thumbnailUrl\":\"https:\\\/\\\/www.eldiario.net\\\/portal\\\/wp-content\\\/uploads\\\/2023\\\/11\\\/10-POLCOLOR.jpeg\",\"articleSection\":[\"Pol\u00edtica\"],\"inLanguage\":\"es\"},{\"@type\":\"WebPage\",\"@id\":\"https:\\\/\\\/www.eldiario.net\\\/portal\\\/2023\\\/11\\\/12\\\/separacion-de-poderes-y-estado-de-derecho-son-vitales-para-los-ddhh\\\/\",\"url\":\"https:\\\/\\\/www.eldiario.net\\\/portal\\\/2023\\\/11\\\/12\\\/separacion-de-poderes-y-estado-de-derecho-son-vitales-para-los-ddhh\\\/\",\"name\":\"Separaci\u00f3n de poderes y Estado de derecho son vitales para los DDHH - El Diario - Bolivia\",\"isPartOf\":{\"@id\":\"https:\\\/\\\/www.eldiario.net\\\/portal\\\/#website\"},\"primaryImageOfPage\":{\"@id\":\"https:\\\/\\\/www.eldiario.net\\\/portal\\\/2023\\\/11\\\/12\\\/separacion-de-poderes-y-estado-de-derecho-son-vitales-para-los-ddhh\\\/#primaryimage\"},\"image\":{\"@id\":\"https:\\\/\\\/www.eldiario.net\\\/portal\\\/2023\\\/11\\\/12\\\/separacion-de-poderes-y-estado-de-derecho-son-vitales-para-los-ddhh\\\/#primaryimage\"},\"thumbnailUrl\":\"https:\\\/\\\/www.eldiario.net\\\/portal\\\/wp-content\\\/uploads\\\/2023\\\/11\\\/10-POLCOLOR.jpeg\",\"datePublished\":\"2023-11-12T11:33:57+00:00\",\"breadcrumb\":{\"@id\":\"https:\\\/\\\/www.eldiario.net\\\/portal\\\/2023\\\/11\\\/12\\\/separacion-de-poderes-y-estado-de-derecho-son-vitales-para-los-ddhh\\\/#breadcrumb\"},\"inLanguage\":\"es\",\"potentialAction\":[{\"@type\":\"ReadAction\",\"target\":[\"https:\\\/\\\/www.eldiario.net\\\/portal\\\/2023\\\/11\\\/12\\\/separacion-de-poderes-y-estado-de-derecho-son-vitales-para-los-ddhh\\\/\"]}]},{\"@type\":\"ImageObject\",\"inLanguage\":\"es\",\"@id\":\"https:\\\/\\\/www.eldiario.net\\\/portal\\\/2023\\\/11\\\/12\\\/separacion-de-poderes-y-estado-de-derecho-son-vitales-para-los-ddhh\\\/#primaryimage\",\"url\":\"https:\\\/\\\/www.eldiario.net\\\/portal\\\/wp-content\\\/uploads\\\/2023\\\/11\\\/10-POLCOLOR.jpeg\",\"contentUrl\":\"https:\\\/\\\/www.eldiario.net\\\/portal\\\/wp-content\\\/uploads\\\/2023\\\/11\\\/10-POLCOLOR.jpeg\",\"width\":720,\"height\":400,\"caption\":\"Audiencia en la que se escuch\u00f3 la situaci\u00f3n de la justicia de Bolivia.\"},{\"@type\":\"BreadcrumbList\",\"@id\":\"https:\\\/\\\/www.eldiario.net\\\/portal\\\/2023\\\/11\\\/12\\\/separacion-de-poderes-y-estado-de-derecho-son-vitales-para-los-ddhh\\\/#breadcrumb\",\"itemListElement\":[{\"@type\":\"ListItem\",\"position\":1,\"name\":\"Portada\",\"item\":\"https:\\\/\\\/www.eldiario.net\\\/portal\\\/\"},{\"@type\":\"ListItem\",\"position\":2,\"name\":\"Separaci\u00f3n de poderes y Estado de derecho son vitales para los DDHH\"}]},{\"@type\":\"WebSite\",\"@id\":\"https:\\\/\\\/www.eldiario.net\\\/portal\\\/#website\",\"url\":\"https:\\\/\\\/www.eldiario.net\\\/portal\\\/\",\"name\":\"El Diario - Decano de la prensa nacional\",\"description\":\"El Diario - Decano de la prensa nacional\",\"publisher\":{\"@id\":\"https:\\\/\\\/www.eldiario.net\\\/portal\\\/#organization\"},\"potentialAction\":[{\"@type\":\"SearchAction\",\"target\":{\"@type\":\"EntryPoint\",\"urlTemplate\":\"https:\\\/\\\/www.eldiario.net\\\/portal\\\/?s={search_term_string}\"},\"query-input\":{\"@type\":\"PropertyValueSpecification\",\"valueRequired\":true,\"valueName\":\"search_term_string\"}}],\"inLanguage\":\"es\"},{\"@type\":\"Organization\",\"@id\":\"https:\\\/\\\/www.eldiario.net\\\/portal\\\/#organization\",\"name\":\"El Diario - Decano de la prensa nacional\",\"url\":\"https:\\\/\\\/www.eldiario.net\\\/portal\\\/\",\"logo\":{\"@type\":\"ImageObject\",\"inLanguage\":\"es\",\"@id\":\"https:\\\/\\\/www.eldiario.net\\\/portal\\\/#\\\/schema\\\/logo\\\/image\\\/\",\"url\":\"https:\\\/\\\/www.eldiario.net\\\/portal\\\/wp-content\\\/uploads\\\/2023\\\/07\\\/logo_ED.jpg\",\"contentUrl\":\"https:\\\/\\\/www.eldiario.net\\\/portal\\\/wp-content\\\/uploads\\\/2023\\\/07\\\/logo_ED.jpg\",\"width\":272,\"height\":52,\"caption\":\"El Diario - Decano de la prensa nacional\"},\"image\":{\"@id\":\"https:\\\/\\\/www.eldiario.net\\\/portal\\\/#\\\/schema\\\/logo\\\/image\\\/\"},\"sameAs\":[\"https:\\\/\\\/www.facebook.com\\\/eldiario.bolivia\\\/\",\"https:\\\/\\\/x.com\\\/eldiario_net\"]},{\"@type\":\"Person\",\"@id\":\"https:\\\/\\\/www.eldiario.net\\\/portal\\\/#\\\/schema\\\/person\\\/f46445640444750d7d753ccd04ae01b7\",\"name\":\"Jeanette\",\"image\":{\"@type\":\"ImageObject\",\"inLanguage\":\"es\",\"@id\":\"https:\\\/\\\/secure.gravatar.com\\\/avatar\\\/3ea2118a5f7dad2b7138b1187a6b7ee55f160b9968b66013c3a3ef39dd7e5798?s=96&d=mm&r=g\",\"url\":\"https:\\\/\\\/secure.gravatar.com\\\/avatar\\\/3ea2118a5f7dad2b7138b1187a6b7ee55f160b9968b66013c3a3ef39dd7e5798?s=96&d=mm&r=g\",\"contentUrl\":\"https:\\\/\\\/secure.gravatar.com\\\/avatar\\\/3ea2118a5f7dad2b7138b1187a6b7ee55f160b9968b66013c3a3ef39dd7e5798?s=96&d=mm&r=g\",\"caption\":\"Jeanette\"},\"sameAs\":[\"https:\\\/\\\/www.eldiario.net\\\/portal\"],\"url\":\"https:\\\/\\\/www.eldiario.net\\\/portal\\\/author\\\/jeanette\\\/\"}]}<\/script>\n<!-- \/ Yoast SEO plugin. -->","yoast_head_json":{"title":"Separaci\u00f3n de poderes y Estado de derecho son vitales para los DDHH - El Diario - Bolivia","robots":{"index":"index","follow":"follow","max-snippet":"max-snippet:-1","max-image-preview":"max-image-preview:large","max-video-preview":"max-video-preview:-1"},"canonical":"https:\/\/www.eldiario.net\/portal\/2023\/11\/12\/separacion-de-poderes-y-estado-de-derecho-son-vitales-para-los-ddhh\/","og_locale":"es_ES","og_type":"article","og_title":"Separaci\u00f3n de poderes y Estado de derecho son vitales para los DDHH - El Diario - Bolivia","og_description":"Luego de una presentaci\u00f3n de la sociedad civil, en la que se expuso la falta de independencia de la justicia boliviana, la Comisi\u00f3n Interamericana de Derechos Humanos (CIDH) record\u00f3 que \u201cla separaci\u00f3n de poderes y el Estado de derecho son centrales para proteger los derechos humanos y las democracias\u201d. La exhortaci\u00f3n se produjo en presencia [&hellip;]","og_url":"https:\/\/www.eldiario.net\/portal\/2023\/11\/12\/separacion-de-poderes-y-estado-de-derecho-son-vitales-para-los-ddhh\/","og_site_name":"El Diario - Bolivia","article_publisher":"https:\/\/www.facebook.com\/eldiario.bolivia\/","article_published_time":"2023-11-12T11:33:57+00:00","og_image":[{"width":720,"height":400,"url":"https:\/\/www.eldiario.net\/portal\/wp-content\/uploads\/2023\/11\/10-POLCOLOR.jpeg","type":"image\/jpeg"}],"author":"Jeanette","twitter_card":"summary_large_image","twitter_creator":"@eldiario_net","twitter_site":"@eldiario_net","twitter_misc":{"Escrito por":"Jeanette","Tiempo de lectura":"3 minutos"},"schema":{"@context":"https:\/\/schema.org","@graph":[{"@type":"Article","@id":"https:\/\/www.eldiario.net\/portal\/2023\/11\/12\/separacion-de-poderes-y-estado-de-derecho-son-vitales-para-los-ddhh\/#article","isPartOf":{"@id":"https:\/\/www.eldiario.net\/portal\/2023\/11\/12\/separacion-de-poderes-y-estado-de-derecho-son-vitales-para-los-ddhh\/"},"author":{"name":"Jeanette","@id":"https:\/\/www.eldiario.net\/portal\/#\/schema\/person\/f46445640444750d7d753ccd04ae01b7"},"headline":"Separaci\u00f3n de poderes y Estado de derecho son vitales para los DDHH","datePublished":"2023-11-12T11:33:57+00:00","mainEntityOfPage":{"@id":"https:\/\/www.eldiario.net\/portal\/2023\/11\/12\/separacion-de-poderes-y-estado-de-derecho-son-vitales-para-los-ddhh\/"},"wordCount":614,"publisher":{"@id":"https:\/\/www.eldiario.net\/portal\/#organization"},"image":{"@id":"https:\/\/www.eldiario.net\/portal\/2023\/11\/12\/separacion-de-poderes-y-estado-de-derecho-son-vitales-para-los-ddhh\/#primaryimage"},"thumbnailUrl":"https:\/\/www.eldiario.net\/portal\/wp-content\/uploads\/2023\/11\/10-POLCOLOR.jpeg","articleSection":["Pol\u00edtica"],"inLanguage":"es"},{"@type":"WebPage","@id":"https:\/\/www.eldiario.net\/portal\/2023\/11\/12\/separacion-de-poderes-y-estado-de-derecho-son-vitales-para-los-ddhh\/","url":"https:\/\/www.eldiario.net\/portal\/2023\/11\/12\/separacion-de-poderes-y-estado-de-derecho-son-vitales-para-los-ddhh\/","name":"Separaci\u00f3n de poderes y Estado de derecho son vitales para los DDHH - El Diario - Bolivia","isPartOf":{"@id":"https:\/\/www.eldiario.net\/portal\/#website"},"primaryImageOfPage":{"@id":"https:\/\/www.eldiario.net\/portal\/2023\/11\/12\/separacion-de-poderes-y-estado-de-derecho-son-vitales-para-los-ddhh\/#primaryimage"},"image":{"@id":"https:\/\/www.eldiario.net\/portal\/2023\/11\/12\/separacion-de-poderes-y-estado-de-derecho-son-vitales-para-los-ddhh\/#primaryimage"},"thumbnailUrl":"https:\/\/www.eldiario.net\/portal\/wp-content\/uploads\/2023\/11\/10-POLCOLOR.jpeg","datePublished":"2023-11-12T11:33:57+00:00","breadcrumb":{"@id":"https:\/\/www.eldiario.net\/portal\/2023\/11\/12\/separacion-de-poderes-y-estado-de-derecho-son-vitales-para-los-ddhh\/#breadcrumb"},"inLanguage":"es","potentialAction":[{"@type":"ReadAction","target":["https:\/\/www.eldiario.net\/portal\/2023\/11\/12\/separacion-de-poderes-y-estado-de-derecho-son-vitales-para-los-ddhh\/"]}]},{"@type":"ImageObject","inLanguage":"es","@id":"https:\/\/www.eldiario.net\/portal\/2023\/11\/12\/separacion-de-poderes-y-estado-de-derecho-son-vitales-para-los-ddhh\/#primaryimage","url":"https:\/\/www.eldiario.net\/portal\/wp-content\/uploads\/2023\/11\/10-POLCOLOR.jpeg","contentUrl":"https:\/\/www.eldiario.net\/portal\/wp-content\/uploads\/2023\/11\/10-POLCOLOR.jpeg","width":720,"height":400,"caption":"Audiencia en la que se escuch\u00f3 la situaci\u00f3n de la justicia de Bolivia."},{"@type":"BreadcrumbList","@id":"https:\/\/www.eldiario.net\/portal\/2023\/11\/12\/separacion-de-poderes-y-estado-de-derecho-son-vitales-para-los-ddhh\/#breadcrumb","itemListElement":[{"@type":"ListItem","position":1,"name":"Portada","item":"https:\/\/www.eldiario.net\/portal\/"},{"@type":"ListItem","position":2,"name":"Separaci\u00f3n de poderes y Estado de derecho son vitales para los DDHH"}]},{"@type":"WebSite","@id":"https:\/\/www.eldiario.net\/portal\/#website","url":"https:\/\/www.eldiario.net\/portal\/","name":"El Diario - Decano de la prensa nacional","description":"El Diario - Decano de la prensa nacional","publisher":{"@id":"https:\/\/www.eldiario.net\/portal\/#organization"},"potentialAction":[{"@type":"SearchAction","target":{"@type":"EntryPoint","urlTemplate":"https:\/\/www.eldiario.net\/portal\/?s={search_term_string}"},"query-input":{"@type":"PropertyValueSpecification","valueRequired":true,"valueName":"search_term_string"}}],"inLanguage":"es"},{"@type":"Organization","@id":"https:\/\/www.eldiario.net\/portal\/#organization","name":"El Diario - Decano de la prensa nacional","url":"https:\/\/www.eldiario.net\/portal\/","logo":{"@type":"ImageObject","inLanguage":"es","@id":"https:\/\/www.eldiario.net\/portal\/#\/schema\/logo\/image\/","url":"https:\/\/www.eldiario.net\/portal\/wp-content\/uploads\/2023\/07\/logo_ED.jpg","contentUrl":"https:\/\/www.eldiario.net\/portal\/wp-content\/uploads\/2023\/07\/logo_ED.jpg","width":272,"height":52,"caption":"El Diario - Decano de la prensa nacional"},"image":{"@id":"https:\/\/www.eldiario.net\/portal\/#\/schema\/logo\/image\/"},"sameAs":["https:\/\/www.facebook.com\/eldiario.bolivia\/","https:\/\/x.com\/eldiario_net"]},{"@type":"Person","@id":"https:\/\/www.eldiario.net\/portal\/#\/schema\/person\/f46445640444750d7d753ccd04ae01b7","name":"Jeanette","image":{"@type":"ImageObject","inLanguage":"es","@id":"https:\/\/secure.gravatar.com\/avatar\/3ea2118a5f7dad2b7138b1187a6b7ee55f160b9968b66013c3a3ef39dd7e5798?s=96&d=mm&r=g","url":"https:\/\/secure.gravatar.com\/avatar\/3ea2118a5f7dad2b7138b1187a6b7ee55f160b9968b66013c3a3ef39dd7e5798?s=96&d=mm&r=g","contentUrl":"https:\/\/secure.gravatar.com\/avatar\/3ea2118a5f7dad2b7138b1187a6b7ee55f160b9968b66013c3a3ef39dd7e5798?s=96&d=mm&r=g","caption":"Jeanette"},"sameAs":["https:\/\/www.eldiario.net\/portal"],"url":"https:\/\/www.eldiario.net\/portal\/author\/jeanette\/"}]}},"_links":{"self":[{"href":"https:\/\/www.eldiario.net\/portal\/wp-json\/wp\/v2\/posts\/187045","targetHints":{"allow":["GET"]}}],"collection":[{"href":"https:\/\/www.eldiario.net\/portal\/wp-json\/wp\/v2\/posts"}],"about":[{"href":"https:\/\/www.eldiario.net\/portal\/wp-json\/wp\/v2\/types\/post"}],"author":[{"embeddable":true,"href":"https:\/\/www.eldiario.net\/portal\/wp-json\/wp\/v2\/users\/1"}],"replies":[{"embeddable":true,"href":"https:\/\/www.eldiario.net\/portal\/wp-json\/wp\/v2\/comments?post=187045"}],"version-history":[{"count":0,"href":"https:\/\/www.eldiario.net\/portal\/wp-json\/wp\/v2\/posts\/187045\/revisions"}],"wp:featuredmedia":[{"embeddable":true,"href":"https:\/\/www.eldiario.net\/portal\/wp-json\/wp\/v2\/media\/187046"}],"wp:attachment":[{"href":"https:\/\/www.eldiario.net\/portal\/wp-json\/wp\/v2\/media?parent=187045"}],"wp:term":[{"taxonomy":"category","embeddable":true,"href":"https:\/\/www.eldiario.net\/portal\/wp-json\/wp\/v2\/categories?post=187045"},{"taxonomy":"post_tag","embeddable":true,"href":"https:\/\/www.eldiario.net\/portal\/wp-json\/wp\/v2\/tags?post=187045"}],"curies":[{"name":"wp","href":"https:\/\/api.w.org\/{rel}","templated":true}]}}