{"id":187039,"date":"2023-11-12T07:32:32","date_gmt":"2023-11-12T11:32:32","guid":{"rendered":"https:\/\/www.eldiario.net\/portal\/?p=187039"},"modified":"2023-11-12T07:32:32","modified_gmt":"2023-11-12T11:32:32","slug":"mts-destaca-crecimiento-y-proyeccion-a-nivel-nacional","status":"publish","type":"post","link":"https:\/\/www.eldiario.net\/portal\/2023\/11\/12\/mts-destaca-crecimiento-y-proyeccion-a-nivel-nacional\/","title":{"rendered":"MTS destaca crecimiento y  proyecci\u00f3n a nivel nacional"},"content":{"rendered":"<p>Como forma de celebrar el quinto aniversario de fundaci\u00f3n del Movimiento Tercer Sistema (MTS), el abogado constitucionalista y miembro activo en la dirigencia de esta organizaci\u00f3n pol\u00edtica, Jos\u00e9 Carlos S\u00e1nchez, destac\u00f3 el progresivo crecimiento de esta alternativa a nivel nacional y llam\u00f3 a la ciudadan\u00eda a participar de la vida pol\u00edtica, como la mejor forma para promover una real renovaci\u00f3n de liderazgos.<br \/>\nDurante su participaci\u00f3n en la reuni\u00f3n organizada por las regionales La Paz, El Alto y provincias, con presencia de representantes de todo el pa\u00eds, para conmemorar un nuevo aniversario y realizar evaluaciones, S\u00e1nchez, quien ya es considerado una fuerte opci\u00f3n para ocupar una precandidatura presidencial, resalt\u00f3 el crecimiento y proyecci\u00f3n nacional del MTS.<br \/>\n\u201cSomos un partido que cumple cinco a\u00f1os de vida y contin\u00faa creciendo a nivel nacional, bajo el liderazgo del doctor F\u00e9lix Patzi. Considero que nos constituimos ya en la segunda fuerza pol\u00edtica de Bolivia, en base a los resultados de las \u00faltimas elecciones subnacionales, por lo que hago una invitaci\u00f3n a la poblaci\u00f3n a sumarse porque el pa\u00eds necesita renovaci\u00f3n\u201d, dijo.<br \/>\nEn ese sentido, puntualiz\u00f3 que uno de los principales valores en esta organizaci\u00f3n pol\u00edtica es el contar con una ideolog\u00eda sumamente equilibrada, misma que no va en la l\u00ednea de los extremos en la derecha o en la izquierda, planteando al pa\u00eds un \u201ccambio responsable\u201d que genere crecimiento y prosperidad para sus habitantes.<br \/>\nSostuvo adem\u00e1s que, para alcanzar ese objetivo, es preciso que la poblaci\u00f3n comience a interesarse en participar activamente de la vida pol\u00edtica, evitando que \u201cviejos actores\u201d contin\u00faen benefici\u00e1ndose de la administraci\u00f3n p\u00fablica, sin dar paso a nuevas generaciones, pese a todos los cuestionamientos que ello ha generado en el \u00faltimo tiempo.<br \/>\n\u201cLastimosamente, dependemos de los pol\u00edticos que ya han vuelto el ejercicio de la pol\u00edtica como una mala palabra. Nos han acostumbrado a que entren pobres y salgan millonarios a costa del pueblo. Todo eso tiene que cambiar\u201d, advirti\u00f3.<br \/>\nInsisti\u00f3 en que, si la gente de bien no asume este papel importante para el pa\u00eds, existe el peligro de que Bolivia contin\u00fae en el atraso y no logre acceder al \u201cdesarrollo responsable\u201d, que plantea el Movimiento Tercer Sistema mediante pol\u00edticas p\u00fablicas enfocadas en el bienestar de la poblaci\u00f3n, por lo que el \u201ccansancio de seguir viendo las caras de siempre\u201d no pasar\u00e1 ni se dar\u00e1 paso a nuevos l\u00edderes y partidos alternativos.<br \/>\nEn ese sentido, S\u00e1nchez descart\u00f3 que el MTS se trate de una propuesta aventurera o que se haya formado para satisfacer intereses coyunturales, sino que es un partido pol\u00edtico estructurado bajo la direcci\u00f3n del doctor F\u00e9lix Patzi, exgobernador de La Paz, quien con su amplia experiencia pol\u00edtica y acad\u00e9mica, logr\u00f3 encaminar el crecimiento de una importante alternativa que se apresta a realizar su Congreso Nacional, en los siguientes meses.<br \/>\nApunt\u00f3 a este encuentro, como el espacio para cumplir con las normativas establecidas por el Tribunal Supremo Electoral y otras leyes nacionales que regulan a los partidos pol\u00edticos, adem\u00e1s de ser el punto de partida para definir un nuevo directorio y a los representantes que participar\u00e1n de los siguientes procesos eleccionarios a nivel nacional. Inform\u00f3 que se espera la realizaci\u00f3n de esta actividad entre los meses de enero y febrero del 2024.<br \/>\nJos\u00e9 Carlos S\u00e1nchez Veraza\u00edn, destacado jurista cochabambino, trabaj\u00f3 en prestigiosas firmas de abogados antes de independizarse profesionalmente para enfocar sus actividades en el campo del Derecho Constitucional. Anteriormente form\u00f3 parte de iniciativas como el \u201cMoviendo Bolivia\u201d y en la actualidad es parte activa del Movimiento Tercer Sistema.<br \/>\nHasta 2018, el MTS particip\u00f3 en la actividad pol\u00edtica como una agrupaci\u00f3n ciudadana en La Paz, a partir de ese a\u00f1o y tras la culminar su tr\u00e1mite ante el Tribunal Supremo Electoral, se convirti\u00f3 en partido pol\u00edtico de alcance nacional, con personer\u00eda jur\u00eddica TSE-RSP-ADM N\u00b0 0513\/2018, del 30 de octubre de ese a\u00f1o.<\/p>\n<div id='gallery-1' class='gallery galleryid-187039 gallery-columns-3 gallery-size-medium'><figure class='gallery-item'>\n\t\t\t<div class='gallery-icon landscape'>\n\t\t\t\t<a href='https:\/\/www.eldiario.net\/portal\/11-pol-color\/'><img loading=\"lazy\" decoding=\"async\" width=\"300\" height=\"200\" src=\"https:\/\/www.eldiario.net\/portal\/wp-content\/uploads\/2023\/11\/11-POL-COLOR-300x200.jpg\" class=\"attachment-medium size-medium\" alt=\"\" aria-describedby=\"gallery-1-187040\" srcset=\"https:\/\/www.eldiario.net\/portal\/wp-content\/uploads\/2023\/11\/11-POL-COLOR-300x200.jpg 300w, https:\/\/www.eldiario.net\/portal\/wp-content\/uploads\/2023\/11\/11-POL-COLOR-1024x683.jpg 1024w, https:\/\/www.eldiario.net\/portal\/wp-content\/uploads\/2023\/11\/11-POL-COLOR-768x512.jpg 768w, https:\/\/www.eldiario.net\/portal\/wp-content\/uploads\/2023\/11\/11-POL-COLOR-1536x1024.jpg 1536w, https:\/\/www.eldiario.net\/portal\/wp-content\/uploads\/2023\/11\/11-POL-COLOR-696x464.jpg 696w, https:\/\/www.eldiario.net\/portal\/wp-content\/uploads\/2023\/11\/11-POL-COLOR-1068x712.jpg 1068w, https:\/\/www.eldiario.net\/portal\/wp-content\/uploads\/2023\/11\/11-POL-COLOR.jpg 1599w\" sizes=\"auto, (max-width: 300px) 100vw, 300px\" \/><\/a>\n\t\t\t<\/div>\n\t\t\t\t<figcaption class='wp-caption-text gallery-caption' id='gallery-1-187040'>\n\t\t\t\t Jos\u00e9 Carlos S\u00e1nchez durante su alocuci\u00f3n en la reuni\u00f3n organizada por las regionales La Paz, El Alto y provincias del MTS.\n\t\t\t\t<\/figcaption><\/figure><figure class='gallery-item'>\n\t\t\t<div class='gallery-icon landscape'>\n\t\t\t\t<a href='https:\/\/www.eldiario.net\/portal\/12-pol-color\/'><img loading=\"lazy\" decoding=\"async\" width=\"300\" height=\"200\" src=\"https:\/\/www.eldiario.net\/portal\/wp-content\/uploads\/2023\/11\/12-POL-COLOR-300x200.jpg\" class=\"attachment-medium size-medium\" alt=\"\" srcset=\"https:\/\/www.eldiario.net\/portal\/wp-content\/uploads\/2023\/11\/12-POL-COLOR-300x200.jpg 300w, https:\/\/www.eldiario.net\/portal\/wp-content\/uploads\/2023\/11\/12-POL-COLOR-1024x683.jpg 1024w, https:\/\/www.eldiario.net\/portal\/wp-content\/uploads\/2023\/11\/12-POL-COLOR-768x512.jpg 768w, https:\/\/www.eldiario.net\/portal\/wp-content\/uploads\/2023\/11\/12-POL-COLOR-1536x1024.jpg 1536w, https:\/\/www.eldiario.net\/portal\/wp-content\/uploads\/2023\/11\/12-POL-COLOR-696x464.jpg 696w, https:\/\/www.eldiario.net\/portal\/wp-content\/uploads\/2023\/11\/12-POL-COLOR-1068x712.jpg 1068w, https:\/\/www.eldiario.net\/portal\/wp-content\/uploads\/2023\/11\/12-POL-COLOR.jpg 1599w\" sizes=\"auto, (max-width: 300px) 100vw, 300px\" \/><\/a>\n\t\t\t<\/div><\/figure><figure class='gallery-item'>\n\t\t\t<div class='gallery-icon landscape'>\n\t\t\t\t<a href='https:\/\/www.eldiario.net\/portal\/13-pol-color\/'><img loading=\"lazy\" decoding=\"async\" width=\"300\" height=\"200\" src=\"https:\/\/www.eldiario.net\/portal\/wp-content\/uploads\/2023\/11\/13-POL-COLOR-300x200.jpg\" class=\"attachment-medium size-medium\" alt=\"\" srcset=\"https:\/\/www.eldiario.net\/portal\/wp-content\/uploads\/2023\/11\/13-POL-COLOR-300x200.jpg 300w, https:\/\/www.eldiario.net\/portal\/wp-content\/uploads\/2023\/11\/13-POL-COLOR-1024x683.jpg 1024w, https:\/\/www.eldiario.net\/portal\/wp-content\/uploads\/2023\/11\/13-POL-COLOR-768x512.jpg 768w, https:\/\/www.eldiario.net\/portal\/wp-content\/uploads\/2023\/11\/13-POL-COLOR-1536x1024.jpg 1536w, https:\/\/www.eldiario.net\/portal\/wp-content\/uploads\/2023\/11\/13-POL-COLOR-696x464.jpg 696w, https:\/\/www.eldiario.net\/portal\/wp-content\/uploads\/2023\/11\/13-POL-COLOR-1068x712.jpg 1068w, https:\/\/www.eldiario.net\/portal\/wp-content\/uploads\/2023\/11\/13-POL-COLOR.jpg 1599w\" sizes=\"auto, (max-width: 300px) 100vw, 300px\" \/><\/a>\n\t\t\t<\/div><\/figure><figure class='gallery-item'>\n\t\t\t<div class='gallery-icon landscape'>\n\t\t\t\t<a href='https:\/\/www.eldiario.net\/portal\/14-polcolor\/'><img loading=\"lazy\" decoding=\"async\" width=\"300\" height=\"200\" src=\"https:\/\/www.eldiario.net\/portal\/wp-content\/uploads\/2023\/11\/14-POLcolor-300x200.jpg\" class=\"attachment-medium size-medium\" alt=\"\" aria-describedby=\"gallery-1-187043\" srcset=\"https:\/\/www.eldiario.net\/portal\/wp-content\/uploads\/2023\/11\/14-POLcolor-300x200.jpg 300w, https:\/\/www.eldiario.net\/portal\/wp-content\/uploads\/2023\/11\/14-POLcolor-1024x683.jpg 1024w, https:\/\/www.eldiario.net\/portal\/wp-content\/uploads\/2023\/11\/14-POLcolor-768x512.jpg 768w, https:\/\/www.eldiario.net\/portal\/wp-content\/uploads\/2023\/11\/14-POLcolor-1536x1024.jpg 1536w, https:\/\/www.eldiario.net\/portal\/wp-content\/uploads\/2023\/11\/14-POLcolor-696x464.jpg 696w, https:\/\/www.eldiario.net\/portal\/wp-content\/uploads\/2023\/11\/14-POLcolor-1068x712.jpg 1068w, https:\/\/www.eldiario.net\/portal\/wp-content\/uploads\/2023\/11\/14-POLcolor.jpg 1599w\" sizes=\"auto, (max-width: 300px) 100vw, 300px\" \/><\/a>\n\t\t\t<\/div>\n\t\t\t\t<figcaption class='wp-caption-text gallery-caption' id='gallery-1-187043'>\n\t\t\t\t Representantes de diversas organizaciones participantes reciben el saludo del jurista cochabambino, Jos\u00e9 Carlos S\u00e1nchez.\n\t\t\t\t<\/figcaption><\/figure>\n\t\t<\/div>\n\n","protected":false},"excerpt":{"rendered":"<p>Como forma de celebrar el quinto aniversario de fundaci\u00f3n del Movimiento Tercer Sistema (MTS), el abogado constitucionalista y miembro activo en la dirigencia de esta organizaci\u00f3n pol\u00edtica, Jos\u00e9 Carlos S\u00e1nchez, destac\u00f3 el progresivo crecimiento de esta alternativa a nivel nacional y llam\u00f3 a la ciudadan\u00eda a participar de la vida pol\u00edtica, como la mejor forma [&hellip;]<\/p>\n","protected":false},"author":1,"featured_media":187040,"comment_status":"closed","ping_status":"open","sticky":false,"template":"","format":"standard","meta":{"_acf_changed":false,"footnotes":""},"categories":[14],"tags":[],"class_list":["post-187039","post","type-post","status-publish","format-standard","has-post-thumbnail","category-politica"],"acf":{"antetitulo":""},"yoast_head":"<!-- This site is optimized with the Yoast SEO plugin v28.4 - https:\/\/yoast.com\/product\/yoast-seo-wordpress\/ -->\n<title>MTS destaca crecimiento y proyecci\u00f3n a nivel nacional - El Diario - Bolivia<\/title>\n<meta name=\"robots\" content=\"index, follow, max-snippet:-1, max-image-preview:large, max-video-preview:-1\" \/>\n<link rel=\"canonical\" href=\"https:\/\/www.eldiario.net\/portal\/2023\/11\/12\/mts-destaca-crecimiento-y-proyeccion-a-nivel-nacional\/\" \/>\n<meta property=\"og:locale\" content=\"es_ES\" \/>\n<meta property=\"og:type\" content=\"article\" \/>\n<meta property=\"og:title\" content=\"MTS destaca crecimiento y proyecci\u00f3n a nivel nacional - El Diario - Bolivia\" \/>\n<meta property=\"og:description\" content=\"Como forma de celebrar el quinto aniversario de fundaci\u00f3n del Movimiento Tercer Sistema (MTS), el abogado constitucionalista y miembro activo en la dirigencia de esta organizaci\u00f3n pol\u00edtica, Jos\u00e9 Carlos S\u00e1nchez, destac\u00f3 el progresivo crecimiento de esta alternativa a nivel nacional y llam\u00f3 a la ciudadan\u00eda a participar de la vida pol\u00edtica, como la mejor forma [&hellip;]\" \/>\n<meta property=\"og:url\" content=\"https:\/\/www.eldiario.net\/portal\/2023\/11\/12\/mts-destaca-crecimiento-y-proyeccion-a-nivel-nacional\/\" \/>\n<meta property=\"og:site_name\" content=\"El Diario - Bolivia\" \/>\n<meta property=\"article:publisher\" content=\"https:\/\/www.facebook.com\/eldiario.bolivia\/\" \/>\n<meta property=\"article:published_time\" content=\"2023-11-12T11:32:32+00:00\" \/>\n<meta property=\"og:image\" content=\"https:\/\/www.eldiario.net\/portal\/wp-content\/uploads\/2023\/11\/11-POL-COLOR.jpg\" \/>\n\t<meta property=\"og:image:width\" content=\"1599\" \/>\n\t<meta property=\"og:image:height\" content=\"1066\" \/>\n\t<meta property=\"og:image:type\" content=\"image\/jpeg\" \/>\n<meta name=\"author\" content=\"Jeanette\" \/>\n<meta name=\"twitter:card\" content=\"summary_large_image\" \/>\n<meta name=\"twitter:creator\" content=\"@eldiario_net\" \/>\n<meta name=\"twitter:site\" content=\"@eldiario_net\" \/>\n<meta name=\"twitter:label1\" content=\"Escrito por\" \/>\n\t<meta name=\"twitter:data1\" content=\"Jeanette\" \/>\n\t<meta name=\"twitter:label2\" content=\"Tiempo de lectura\" \/>\n\t<meta name=\"twitter:data2\" content=\"3 minutos\" \/>\n<script type=\"application\/ld+json\" class=\"yoast-schema-graph\">{\"@context\":\"https:\\\/\\\/schema.org\",\"@graph\":[{\"@type\":\"Article\",\"@id\":\"https:\\\/\\\/www.eldiario.net\\\/portal\\\/2023\\\/11\\\/12\\\/mts-destaca-crecimiento-y-proyeccion-a-nivel-nacional\\\/#article\",\"isPartOf\":{\"@id\":\"https:\\\/\\\/www.eldiario.net\\\/portal\\\/2023\\\/11\\\/12\\\/mts-destaca-crecimiento-y-proyeccion-a-nivel-nacional\\\/\"},\"author\":{\"name\":\"Jeanette\",\"@id\":\"https:\\\/\\\/www.eldiario.net\\\/portal\\\/#\\\/schema\\\/person\\\/f46445640444750d7d753ccd04ae01b7\"},\"headline\":\"MTS destaca crecimiento y proyecci\u00f3n a nivel nacional\",\"datePublished\":\"2023-11-12T11:32:32+00:00\",\"mainEntityOfPage\":{\"@id\":\"https:\\\/\\\/www.eldiario.net\\\/portal\\\/2023\\\/11\\\/12\\\/mts-destaca-crecimiento-y-proyeccion-a-nivel-nacional\\\/\"},\"wordCount\":702,\"publisher\":{\"@id\":\"https:\\\/\\\/www.eldiario.net\\\/portal\\\/#organization\"},\"image\":{\"@id\":\"https:\\\/\\\/www.eldiario.net\\\/portal\\\/2023\\\/11\\\/12\\\/mts-destaca-crecimiento-y-proyeccion-a-nivel-nacional\\\/#primaryimage\"},\"thumbnailUrl\":\"https:\\\/\\\/www.eldiario.net\\\/portal\\\/wp-content\\\/uploads\\\/2023\\\/11\\\/11-POL-COLOR.jpg\",\"articleSection\":[\"Pol\u00edtica\"],\"inLanguage\":\"es\"},{\"@type\":\"WebPage\",\"@id\":\"https:\\\/\\\/www.eldiario.net\\\/portal\\\/2023\\\/11\\\/12\\\/mts-destaca-crecimiento-y-proyeccion-a-nivel-nacional\\\/\",\"url\":\"https:\\\/\\\/www.eldiario.net\\\/portal\\\/2023\\\/11\\\/12\\\/mts-destaca-crecimiento-y-proyeccion-a-nivel-nacional\\\/\",\"name\":\"MTS destaca crecimiento y proyecci\u00f3n a nivel nacional - El Diario - Bolivia\",\"isPartOf\":{\"@id\":\"https:\\\/\\\/www.eldiario.net\\\/portal\\\/#website\"},\"primaryImageOfPage\":{\"@id\":\"https:\\\/\\\/www.eldiario.net\\\/portal\\\/2023\\\/11\\\/12\\\/mts-destaca-crecimiento-y-proyeccion-a-nivel-nacional\\\/#primaryimage\"},\"image\":{\"@id\":\"https:\\\/\\\/www.eldiario.net\\\/portal\\\/2023\\\/11\\\/12\\\/mts-destaca-crecimiento-y-proyeccion-a-nivel-nacional\\\/#primaryimage\"},\"thumbnailUrl\":\"https:\\\/\\\/www.eldiario.net\\\/portal\\\/wp-content\\\/uploads\\\/2023\\\/11\\\/11-POL-COLOR.jpg\",\"datePublished\":\"2023-11-12T11:32:32+00:00\",\"breadcrumb\":{\"@id\":\"https:\\\/\\\/www.eldiario.net\\\/portal\\\/2023\\\/11\\\/12\\\/mts-destaca-crecimiento-y-proyeccion-a-nivel-nacional\\\/#breadcrumb\"},\"inLanguage\":\"es\",\"potentialAction\":[{\"@type\":\"ReadAction\",\"target\":[\"https:\\\/\\\/www.eldiario.net\\\/portal\\\/2023\\\/11\\\/12\\\/mts-destaca-crecimiento-y-proyeccion-a-nivel-nacional\\\/\"]}]},{\"@type\":\"ImageObject\",\"inLanguage\":\"es\",\"@id\":\"https:\\\/\\\/www.eldiario.net\\\/portal\\\/2023\\\/11\\\/12\\\/mts-destaca-crecimiento-y-proyeccion-a-nivel-nacional\\\/#primaryimage\",\"url\":\"https:\\\/\\\/www.eldiario.net\\\/portal\\\/wp-content\\\/uploads\\\/2023\\\/11\\\/11-POL-COLOR.jpg\",\"contentUrl\":\"https:\\\/\\\/www.eldiario.net\\\/portal\\\/wp-content\\\/uploads\\\/2023\\\/11\\\/11-POL-COLOR.jpg\",\"width\":1599,\"height\":1066,\"caption\":\"Jos\u00e9 Carlos S\u00e1nchez durante su alocuci\u00f3n en la reuni\u00f3n organizada por las regionales La Paz, El Alto y provincias del MTS.\"},{\"@type\":\"BreadcrumbList\",\"@id\":\"https:\\\/\\\/www.eldiario.net\\\/portal\\\/2023\\\/11\\\/12\\\/mts-destaca-crecimiento-y-proyeccion-a-nivel-nacional\\\/#breadcrumb\",\"itemListElement\":[{\"@type\":\"ListItem\",\"position\":1,\"name\":\"Portada\",\"item\":\"https:\\\/\\\/www.eldiario.net\\\/portal\\\/\"},{\"@type\":\"ListItem\",\"position\":2,\"name\":\"MTS destaca crecimiento y proyecci\u00f3n a nivel nacional\"}]},{\"@type\":\"WebSite\",\"@id\":\"https:\\\/\\\/www.eldiario.net\\\/portal\\\/#website\",\"url\":\"https:\\\/\\\/www.eldiario.net\\\/portal\\\/\",\"name\":\"El Diario - Decano de la prensa nacional\",\"description\":\"El Diario - Decano de la prensa nacional\",\"publisher\":{\"@id\":\"https:\\\/\\\/www.eldiario.net\\\/portal\\\/#organization\"},\"potentialAction\":[{\"@type\":\"SearchAction\",\"target\":{\"@type\":\"EntryPoint\",\"urlTemplate\":\"https:\\\/\\\/www.eldiario.net\\\/portal\\\/?s={search_term_string}\"},\"query-input\":{\"@type\":\"PropertyValueSpecification\",\"valueRequired\":true,\"valueName\":\"search_term_string\"}}],\"inLanguage\":\"es\"},{\"@type\":\"Organization\",\"@id\":\"https:\\\/\\\/www.eldiario.net\\\/portal\\\/#organization\",\"name\":\"El Diario - Decano de la prensa nacional\",\"url\":\"https:\\\/\\\/www.eldiario.net\\\/portal\\\/\",\"logo\":{\"@type\":\"ImageObject\",\"inLanguage\":\"es\",\"@id\":\"https:\\\/\\\/www.eldiario.net\\\/portal\\\/#\\\/schema\\\/logo\\\/image\\\/\",\"url\":\"https:\\\/\\\/www.eldiario.net\\\/portal\\\/wp-content\\\/uploads\\\/2023\\\/07\\\/logo_ED.jpg\",\"contentUrl\":\"https:\\\/\\\/www.eldiario.net\\\/portal\\\/wp-content\\\/uploads\\\/2023\\\/07\\\/logo_ED.jpg\",\"width\":272,\"height\":52,\"caption\":\"El Diario - Decano de la prensa nacional\"},\"image\":{\"@id\":\"https:\\\/\\\/www.eldiario.net\\\/portal\\\/#\\\/schema\\\/logo\\\/image\\\/\"},\"sameAs\":[\"https:\\\/\\\/www.facebook.com\\\/eldiario.bolivia\\\/\",\"https:\\\/\\\/x.com\\\/eldiario_net\"]},{\"@type\":\"Person\",\"@id\":\"https:\\\/\\\/www.eldiario.net\\\/portal\\\/#\\\/schema\\\/person\\\/f46445640444750d7d753ccd04ae01b7\",\"name\":\"Jeanette\",\"image\":{\"@type\":\"ImageObject\",\"inLanguage\":\"es\",\"@id\":\"https:\\\/\\\/secure.gravatar.com\\\/avatar\\\/3ea2118a5f7dad2b7138b1187a6b7ee55f160b9968b66013c3a3ef39dd7e5798?s=96&d=mm&r=g\",\"url\":\"https:\\\/\\\/secure.gravatar.com\\\/avatar\\\/3ea2118a5f7dad2b7138b1187a6b7ee55f160b9968b66013c3a3ef39dd7e5798?s=96&d=mm&r=g\",\"contentUrl\":\"https:\\\/\\\/secure.gravatar.com\\\/avatar\\\/3ea2118a5f7dad2b7138b1187a6b7ee55f160b9968b66013c3a3ef39dd7e5798?s=96&d=mm&r=g\",\"caption\":\"Jeanette\"},\"sameAs\":[\"https:\\\/\\\/www.eldiario.net\\\/portal\"],\"url\":\"https:\\\/\\\/www.eldiario.net\\\/portal\\\/author\\\/jeanette\\\/\"}]}<\/script>\n<!-- \/ Yoast SEO plugin. -->","yoast_head_json":{"title":"MTS destaca crecimiento y proyecci\u00f3n a nivel nacional - El Diario - Bolivia","robots":{"index":"index","follow":"follow","max-snippet":"max-snippet:-1","max-image-preview":"max-image-preview:large","max-video-preview":"max-video-preview:-1"},"canonical":"https:\/\/www.eldiario.net\/portal\/2023\/11\/12\/mts-destaca-crecimiento-y-proyeccion-a-nivel-nacional\/","og_locale":"es_ES","og_type":"article","og_title":"MTS destaca crecimiento y proyecci\u00f3n a nivel nacional - El Diario - Bolivia","og_description":"Como forma de celebrar el quinto aniversario de fundaci\u00f3n del Movimiento Tercer Sistema (MTS), el abogado constitucionalista y miembro activo en la dirigencia de esta organizaci\u00f3n pol\u00edtica, Jos\u00e9 Carlos S\u00e1nchez, destac\u00f3 el progresivo crecimiento de esta alternativa a nivel nacional y llam\u00f3 a la ciudadan\u00eda a participar de la vida pol\u00edtica, como la mejor forma [&hellip;]","og_url":"https:\/\/www.eldiario.net\/portal\/2023\/11\/12\/mts-destaca-crecimiento-y-proyeccion-a-nivel-nacional\/","og_site_name":"El Diario - Bolivia","article_publisher":"https:\/\/www.facebook.com\/eldiario.bolivia\/","article_published_time":"2023-11-12T11:32:32+00:00","og_image":[{"width":1599,"height":1066,"url":"https:\/\/www.eldiario.net\/portal\/wp-content\/uploads\/2023\/11\/11-POL-COLOR.jpg","type":"image\/jpeg"}],"author":"Jeanette","twitter_card":"summary_large_image","twitter_creator":"@eldiario_net","twitter_site":"@eldiario_net","twitter_misc":{"Escrito por":"Jeanette","Tiempo de lectura":"3 minutos"},"schema":{"@context":"https:\/\/schema.org","@graph":[{"@type":"Article","@id":"https:\/\/www.eldiario.net\/portal\/2023\/11\/12\/mts-destaca-crecimiento-y-proyeccion-a-nivel-nacional\/#article","isPartOf":{"@id":"https:\/\/www.eldiario.net\/portal\/2023\/11\/12\/mts-destaca-crecimiento-y-proyeccion-a-nivel-nacional\/"},"author":{"name":"Jeanette","@id":"https:\/\/www.eldiario.net\/portal\/#\/schema\/person\/f46445640444750d7d753ccd04ae01b7"},"headline":"MTS destaca crecimiento y proyecci\u00f3n a nivel nacional","datePublished":"2023-11-12T11:32:32+00:00","mainEntityOfPage":{"@id":"https:\/\/www.eldiario.net\/portal\/2023\/11\/12\/mts-destaca-crecimiento-y-proyeccion-a-nivel-nacional\/"},"wordCount":702,"publisher":{"@id":"https:\/\/www.eldiario.net\/portal\/#organization"},"image":{"@id":"https:\/\/www.eldiario.net\/portal\/2023\/11\/12\/mts-destaca-crecimiento-y-proyeccion-a-nivel-nacional\/#primaryimage"},"thumbnailUrl":"https:\/\/www.eldiario.net\/portal\/wp-content\/uploads\/2023\/11\/11-POL-COLOR.jpg","articleSection":["Pol\u00edtica"],"inLanguage":"es"},{"@type":"WebPage","@id":"https:\/\/www.eldiario.net\/portal\/2023\/11\/12\/mts-destaca-crecimiento-y-proyeccion-a-nivel-nacional\/","url":"https:\/\/www.eldiario.net\/portal\/2023\/11\/12\/mts-destaca-crecimiento-y-proyeccion-a-nivel-nacional\/","name":"MTS destaca crecimiento y proyecci\u00f3n a nivel nacional - El Diario - Bolivia","isPartOf":{"@id":"https:\/\/www.eldiario.net\/portal\/#website"},"primaryImageOfPage":{"@id":"https:\/\/www.eldiario.net\/portal\/2023\/11\/12\/mts-destaca-crecimiento-y-proyeccion-a-nivel-nacional\/#primaryimage"},"image":{"@id":"https:\/\/www.eldiario.net\/portal\/2023\/11\/12\/mts-destaca-crecimiento-y-proyeccion-a-nivel-nacional\/#primaryimage"},"thumbnailUrl":"https:\/\/www.eldiario.net\/portal\/wp-content\/uploads\/2023\/11\/11-POL-COLOR.jpg","datePublished":"2023-11-12T11:32:32+00:00","breadcrumb":{"@id":"https:\/\/www.eldiario.net\/portal\/2023\/11\/12\/mts-destaca-crecimiento-y-proyeccion-a-nivel-nacional\/#breadcrumb"},"inLanguage":"es","potentialAction":[{"@type":"ReadAction","target":["https:\/\/www.eldiario.net\/portal\/2023\/11\/12\/mts-destaca-crecimiento-y-proyeccion-a-nivel-nacional\/"]}]},{"@type":"ImageObject","inLanguage":"es","@id":"https:\/\/www.eldiario.net\/portal\/2023\/11\/12\/mts-destaca-crecimiento-y-proyeccion-a-nivel-nacional\/#primaryimage","url":"https:\/\/www.eldiario.net\/portal\/wp-content\/uploads\/2023\/11\/11-POL-COLOR.jpg","contentUrl":"https:\/\/www.eldiario.net\/portal\/wp-content\/uploads\/2023\/11\/11-POL-COLOR.jpg","width":1599,"height":1066,"caption":"Jos\u00e9 Carlos S\u00e1nchez durante su alocuci\u00f3n en la reuni\u00f3n organizada por las regionales La Paz, El Alto y provincias del MTS."},{"@type":"BreadcrumbList","@id":"https:\/\/www.eldiario.net\/portal\/2023\/11\/12\/mts-destaca-crecimiento-y-proyeccion-a-nivel-nacional\/#breadcrumb","itemListElement":[{"@type":"ListItem","position":1,"name":"Portada","item":"https:\/\/www.eldiario.net\/portal\/"},{"@type":"ListItem","position":2,"name":"MTS destaca crecimiento y proyecci\u00f3n a nivel nacional"}]},{"@type":"WebSite","@id":"https:\/\/www.eldiario.net\/portal\/#website","url":"https:\/\/www.eldiario.net\/portal\/","name":"El Diario - Decano de la prensa nacional","description":"El Diario - Decano de la prensa nacional","publisher":{"@id":"https:\/\/www.eldiario.net\/portal\/#organization"},"potentialAction":[{"@type":"SearchAction","target":{"@type":"EntryPoint","urlTemplate":"https:\/\/www.eldiario.net\/portal\/?s={search_term_string}"},"query-input":{"@type":"PropertyValueSpecification","valueRequired":true,"valueName":"search_term_string"}}],"inLanguage":"es"},{"@type":"Organization","@id":"https:\/\/www.eldiario.net\/portal\/#organization","name":"El Diario - Decano de la prensa nacional","url":"https:\/\/www.eldiario.net\/portal\/","logo":{"@type":"ImageObject","inLanguage":"es","@id":"https:\/\/www.eldiario.net\/portal\/#\/schema\/logo\/image\/","url":"https:\/\/www.eldiario.net\/portal\/wp-content\/uploads\/2023\/07\/logo_ED.jpg","contentUrl":"https:\/\/www.eldiario.net\/portal\/wp-content\/uploads\/2023\/07\/logo_ED.jpg","width":272,"height":52,"caption":"El Diario - Decano de la prensa nacional"},"image":{"@id":"https:\/\/www.eldiario.net\/portal\/#\/schema\/logo\/image\/"},"sameAs":["https:\/\/www.facebook.com\/eldiario.bolivia\/","https:\/\/x.com\/eldiario_net"]},{"@type":"Person","@id":"https:\/\/www.eldiario.net\/portal\/#\/schema\/person\/f46445640444750d7d753ccd04ae01b7","name":"Jeanette","image":{"@type":"ImageObject","inLanguage":"es","@id":"https:\/\/secure.gravatar.com\/avatar\/3ea2118a5f7dad2b7138b1187a6b7ee55f160b9968b66013c3a3ef39dd7e5798?s=96&d=mm&r=g","url":"https:\/\/secure.gravatar.com\/avatar\/3ea2118a5f7dad2b7138b1187a6b7ee55f160b9968b66013c3a3ef39dd7e5798?s=96&d=mm&r=g","contentUrl":"https:\/\/secure.gravatar.com\/avatar\/3ea2118a5f7dad2b7138b1187a6b7ee55f160b9968b66013c3a3ef39dd7e5798?s=96&d=mm&r=g","caption":"Jeanette"},"sameAs":["https:\/\/www.eldiario.net\/portal"],"url":"https:\/\/www.eldiario.net\/portal\/author\/jeanette\/"}]}},"_links":{"self":[{"href":"https:\/\/www.eldiario.net\/portal\/wp-json\/wp\/v2\/posts\/187039","targetHints":{"allow":["GET"]}}],"collection":[{"href":"https:\/\/www.eldiario.net\/portal\/wp-json\/wp\/v2\/posts"}],"about":[{"href":"https:\/\/www.eldiario.net\/portal\/wp-json\/wp\/v2\/types\/post"}],"author":[{"embeddable":true,"href":"https:\/\/www.eldiario.net\/portal\/wp-json\/wp\/v2\/users\/1"}],"replies":[{"embeddable":true,"href":"https:\/\/www.eldiario.net\/portal\/wp-json\/wp\/v2\/comments?post=187039"}],"version-history":[{"count":0,"href":"https:\/\/www.eldiario.net\/portal\/wp-json\/wp\/v2\/posts\/187039\/revisions"}],"wp:featuredmedia":[{"embeddable":true,"href":"https:\/\/www.eldiario.net\/portal\/wp-json\/wp\/v2\/media\/187040"}],"wp:attachment":[{"href":"https:\/\/www.eldiario.net\/portal\/wp-json\/wp\/v2\/media?parent=187039"}],"wp:term":[{"taxonomy":"category","embeddable":true,"href":"https:\/\/www.eldiario.net\/portal\/wp-json\/wp\/v2\/categories?post=187039"},{"taxonomy":"post_tag","embeddable":true,"href":"https:\/\/www.eldiario.net\/portal\/wp-json\/wp\/v2\/tags?post=187039"}],"curies":[{"name":"wp","href":"https:\/\/api.w.org\/{rel}","templated":true}]}}