{"id":187036,"date":"2023-11-12T07:29:47","date_gmt":"2023-11-12T11:29:47","guid":{"rendered":"https:\/\/www.eldiario.net\/portal\/?p=187036"},"modified":"2023-11-12T07:29:47","modified_gmt":"2023-11-12T11:29:47","slug":"iran-amenaza-con-ampliar-el-conflicto-en-medio-oriente","status":"publish","type":"post","link":"https:\/\/www.eldiario.net\/portal\/2023\/11\/12\/iran-amenaza-con-ampliar-el-conflicto-en-medio-oriente\/","title":{"rendered":"Ir\u00e1n amenaza con ampliar el  conflicto en Medio Oriente"},"content":{"rendered":"<p>El presidente de Ir\u00e1n, Ebrahim Raisi, afirm\u00f3 ayer que los pa\u00edses musulmanes deben armar a los palestinos de Gaza, y llam\u00f3 a imponer un boicot econ\u00f3mico y energ\u00e9tico a Israel.<br \/>\n\u00abLos pa\u00edses musulmanes deben armar a los palestinos si contin\u00faan los ataques contra el pueblo de Gaza\u00bb, dijo Raisi en un discurso en la cumbre \u00e1rabe-isl\u00e1mica que se celebra en Riad, con la participaci\u00f3n de decenas de jefes de Estado \u00e1rabes y de pa\u00edses de mayor\u00eda musulmana.<br \/>\nEl mandatario iran\u00ed llam\u00f3 adem\u00e1s a imponer un boicot econ\u00f3mico y energ\u00e9tico contra Israel por los bombardeos contra Gaza: \u00abEl comercio y la cooperaci\u00f3n con el r\u00e9gimen sionista debe ser paralizado y se debe embargar los productos israel\u00edes\u00bb, sostuvo el pol\u00edtico iran\u00ed.<br \/>\nRaisi se uni\u00f3 a otros l\u00edderes musulmanes en la petici\u00f3n de un alto al fuego y que se permita la entrada de ayuda humanitaria en la Franja de Gaza.<br \/>\nAdem\u00e1s afirm\u00f3 que las fuerzas israel\u00edes deben abandonar Gaza, ser calificadas como \u00abterroristas\u00bb y los \u00abcriminales de guerra\u00bb deben ser juzgados en tribunales internacionales. Como \u00absoluci\u00f3n sostenible\u00bb al conflicto israel\u00ed-palestino. Raisi propuso el establecimiento de un Estado Palestino desde el r\u00edo (Jord\u00e1n) hasta el mar (Mediterr\u00e1neo), lo que significar\u00eda la desaparici\u00f3n del Estado de Israel.<br \/>\nY una vez m\u00e1s, mostr\u00f3 su apoyo a los palestinos que luchan contra los israel\u00edes, que calific\u00f3 de un movimiento de liberaci\u00f3n. \u00abBesamos la mano y el brazo del heroico Ham\u00e1s, y saludamos la voluntad f\u00e9rrea del resistente pueblo de Gaza\u00bb, dijo Raisi.<br \/>\nEste respaldo de Ir\u00e1n a Ham\u00e1s se inscribe en una larga historia de apoyo a movimientos y grupos antiisrael\u00edes en la regi\u00f3n y al compromiso iran\u00ed con la causa palestina, explica la revista Foreing Affairs en un art\u00edculo que repasa los objetivos inmediatos del r\u00e9gimen persa en este conflicto. Esta relaci\u00f3n se mantuvo a pesar de diferencias ideol\u00f3gicas y sectarias entre Ir\u00e1n, un pa\u00eds chiita, y grupos sunitas como Ham\u00e1s, algo que permiti\u00f3 a Teher\u00e1n extender su influencia en la regi\u00f3n y fortalecer su posici\u00f3n en la lucha contra Israel.<br \/>\nSeg\u00fan el an\u00e1lisis de Mohammad Ayatollahi Tabaar, un destacado experto en temas iran\u00edes de la Harvard Kennedy School de EEUU, uno de los objetivos principales del r\u00e9gimen persa es fortalecer a Ham\u00e1s y la Yihad Isl\u00e1mica Palestina, otro grupo terrorista respaldado por Teher\u00e1n. Ir\u00e1n busca que estos grupos infligan da\u00f1os significativos a Israel y eviten su victoria en Gaza, disuadiendo as\u00ed a las Fuerzas de Defensa (IDF, por sus siglas en ingl\u00e9s) de futuros ataques masivos en territorios palestinos.<br \/>\nIr\u00e1n tambi\u00e9n espera que Ham\u00e1s como grupo militante victorioso, pueda ascender al poder en Cisjordania, lo que servir\u00eda para disuadir a los colonos israel\u00edes en esa zona. Incluso si no logran tomar el control de otros territorios palestinos, una victoria en Gaza permitir\u00eda a Ham\u00e1s y la Yihad Isl\u00e1mica Palestina expandir su influencia m\u00e1s all\u00e1 de Gaza, ganando popularidad en Cisjordania y Jerusal\u00e9n Este, de acuerdo a Tabaar.<br \/>\nEn definitiva, el conflicto en Gaza se presenta como una oportunidad para Ir\u00e1n, en un momento en el que busca fortalecer su posici\u00f3n en el Oriente Medio. El r\u00e9gimen persa, explica Tabaar, ve la solidaridad que suscita la causa palestina como una forma de reivindicar liderazgo moral y destacarse en un mundo que, seg\u00fan su percepci\u00f3n, est\u00e1 alej\u00e1ndose de Occidente. (Infobae)<\/p>\n","protected":false},"excerpt":{"rendered":"<p>El presidente de Ir\u00e1n, Ebrahim Raisi, afirm\u00f3 ayer que los pa\u00edses musulmanes deben armar a los palestinos de Gaza, y llam\u00f3 a imponer un boicot econ\u00f3mico y energ\u00e9tico a Israel. \u00abLos pa\u00edses musulmanes deben armar a los palestinos si contin\u00faan los ataques contra el pueblo de Gaza\u00bb, dijo Raisi en un discurso en la cumbre [&hellip;]<\/p>\n","protected":false},"author":1,"featured_media":187037,"comment_status":"closed","ping_status":"open","sticky":false,"template":"","format":"standard","meta":{"_acf_changed":false,"footnotes":""},"categories":[3],"tags":[],"class_list":["post-187036","post","type-post","status-publish","format-standard","has-post-thumbnail","category-internacional"],"acf":{"antetitulo":""},"yoast_head":"<!-- This site is optimized with the Yoast SEO plugin v28.4 - https:\/\/yoast.com\/product\/yoast-seo-wordpress\/ -->\n<title>Ir\u00e1n amenaza con ampliar el conflicto en Medio Oriente - El Diario - Bolivia<\/title>\n<meta name=\"robots\" content=\"index, follow, max-snippet:-1, max-image-preview:large, max-video-preview:-1\" \/>\n<link rel=\"canonical\" href=\"https:\/\/www.eldiario.net\/portal\/2023\/11\/12\/iran-amenaza-con-ampliar-el-conflicto-en-medio-oriente\/\" \/>\n<meta property=\"og:locale\" content=\"es_ES\" \/>\n<meta property=\"og:type\" content=\"article\" \/>\n<meta property=\"og:title\" content=\"Ir\u00e1n amenaza con ampliar el conflicto en Medio Oriente - El Diario - Bolivia\" \/>\n<meta property=\"og:description\" content=\"El presidente de Ir\u00e1n, Ebrahim Raisi, afirm\u00f3 ayer que los pa\u00edses musulmanes deben armar a los palestinos de Gaza, y llam\u00f3 a imponer un boicot econ\u00f3mico y energ\u00e9tico a Israel. \u00abLos pa\u00edses musulmanes deben armar a los palestinos si contin\u00faan los ataques contra el pueblo de Gaza\u00bb, dijo Raisi en un discurso en la cumbre [&hellip;]\" \/>\n<meta property=\"og:url\" content=\"https:\/\/www.eldiario.net\/portal\/2023\/11\/12\/iran-amenaza-con-ampliar-el-conflicto-en-medio-oriente\/\" \/>\n<meta property=\"og:site_name\" content=\"El Diario - Bolivia\" \/>\n<meta property=\"article:publisher\" content=\"https:\/\/www.facebook.com\/eldiario.bolivia\/\" \/>\n<meta property=\"article:published_time\" content=\"2023-11-12T11:29:47+00:00\" \/>\n<meta property=\"og:image\" content=\"https:\/\/www.eldiario.net\/portal\/wp-content\/uploads\/2023\/11\/BANDERAS.jpg\" \/>\n\t<meta property=\"og:image:width\" content=\"1280\" \/>\n\t<meta property=\"og:image:height\" content=\"855\" \/>\n\t<meta property=\"og:image:type\" content=\"image\/jpeg\" \/>\n<meta name=\"author\" content=\"Jeanette\" \/>\n<meta name=\"twitter:card\" content=\"summary_large_image\" \/>\n<meta name=\"twitter:creator\" content=\"@eldiario_net\" \/>\n<meta name=\"twitter:site\" content=\"@eldiario_net\" \/>\n<meta name=\"twitter:label1\" content=\"Escrito por\" \/>\n\t<meta name=\"twitter:data1\" content=\"Jeanette\" \/>\n\t<meta name=\"twitter:label2\" content=\"Tiempo de lectura\" \/>\n\t<meta name=\"twitter:data2\" content=\"3 minutos\" \/>\n<script type=\"application\/ld+json\" class=\"yoast-schema-graph\">{\"@context\":\"https:\\\/\\\/schema.org\",\"@graph\":[{\"@type\":\"Article\",\"@id\":\"https:\\\/\\\/www.eldiario.net\\\/portal\\\/2023\\\/11\\\/12\\\/iran-amenaza-con-ampliar-el-conflicto-en-medio-oriente\\\/#article\",\"isPartOf\":{\"@id\":\"https:\\\/\\\/www.eldiario.net\\\/portal\\\/2023\\\/11\\\/12\\\/iran-amenaza-con-ampliar-el-conflicto-en-medio-oriente\\\/\"},\"author\":{\"name\":\"Jeanette\",\"@id\":\"https:\\\/\\\/www.eldiario.net\\\/portal\\\/#\\\/schema\\\/person\\\/f46445640444750d7d753ccd04ae01b7\"},\"headline\":\"Ir\u00e1n amenaza con ampliar el conflicto en Medio Oriente\",\"datePublished\":\"2023-11-12T11:29:47+00:00\",\"mainEntityOfPage\":{\"@id\":\"https:\\\/\\\/www.eldiario.net\\\/portal\\\/2023\\\/11\\\/12\\\/iran-amenaza-con-ampliar-el-conflicto-en-medio-oriente\\\/\"},\"wordCount\":627,\"publisher\":{\"@id\":\"https:\\\/\\\/www.eldiario.net\\\/portal\\\/#organization\"},\"image\":{\"@id\":\"https:\\\/\\\/www.eldiario.net\\\/portal\\\/2023\\\/11\\\/12\\\/iran-amenaza-con-ampliar-el-conflicto-en-medio-oriente\\\/#primaryimage\"},\"thumbnailUrl\":\"https:\\\/\\\/www.eldiario.net\\\/portal\\\/wp-content\\\/uploads\\\/2023\\\/11\\\/BANDERAS.jpg\",\"articleSection\":[\"Internacional\"],\"inLanguage\":\"es\"},{\"@type\":\"WebPage\",\"@id\":\"https:\\\/\\\/www.eldiario.net\\\/portal\\\/2023\\\/11\\\/12\\\/iran-amenaza-con-ampliar-el-conflicto-en-medio-oriente\\\/\",\"url\":\"https:\\\/\\\/www.eldiario.net\\\/portal\\\/2023\\\/11\\\/12\\\/iran-amenaza-con-ampliar-el-conflicto-en-medio-oriente\\\/\",\"name\":\"Ir\u00e1n amenaza con ampliar el conflicto en Medio Oriente - El Diario - Bolivia\",\"isPartOf\":{\"@id\":\"https:\\\/\\\/www.eldiario.net\\\/portal\\\/#website\"},\"primaryImageOfPage\":{\"@id\":\"https:\\\/\\\/www.eldiario.net\\\/portal\\\/2023\\\/11\\\/12\\\/iran-amenaza-con-ampliar-el-conflicto-en-medio-oriente\\\/#primaryimage\"},\"image\":{\"@id\":\"https:\\\/\\\/www.eldiario.net\\\/portal\\\/2023\\\/11\\\/12\\\/iran-amenaza-con-ampliar-el-conflicto-en-medio-oriente\\\/#primaryimage\"},\"thumbnailUrl\":\"https:\\\/\\\/www.eldiario.net\\\/portal\\\/wp-content\\\/uploads\\\/2023\\\/11\\\/BANDERAS.jpg\",\"datePublished\":\"2023-11-12T11:29:47+00:00\",\"breadcrumb\":{\"@id\":\"https:\\\/\\\/www.eldiario.net\\\/portal\\\/2023\\\/11\\\/12\\\/iran-amenaza-con-ampliar-el-conflicto-en-medio-oriente\\\/#breadcrumb\"},\"inLanguage\":\"es\",\"potentialAction\":[{\"@type\":\"ReadAction\",\"target\":[\"https:\\\/\\\/www.eldiario.net\\\/portal\\\/2023\\\/11\\\/12\\\/iran-amenaza-con-ampliar-el-conflicto-en-medio-oriente\\\/\"]}]},{\"@type\":\"ImageObject\",\"inLanguage\":\"es\",\"@id\":\"https:\\\/\\\/www.eldiario.net\\\/portal\\\/2023\\\/11\\\/12\\\/iran-amenaza-con-ampliar-el-conflicto-en-medio-oriente\\\/#primaryimage\",\"url\":\"https:\\\/\\\/www.eldiario.net\\\/portal\\\/wp-content\\\/uploads\\\/2023\\\/11\\\/BANDERAS.jpg\",\"contentUrl\":\"https:\\\/\\\/www.eldiario.net\\\/portal\\\/wp-content\\\/uploads\\\/2023\\\/11\\\/BANDERAS.jpg\",\"width\":1280,\"height\":855,\"caption\":\"IR\u00c1N LLAMA A IMPONER BOICOT ECON\u00d3MICO CONTRA ISRAEL. La Tercera\"},{\"@type\":\"BreadcrumbList\",\"@id\":\"https:\\\/\\\/www.eldiario.net\\\/portal\\\/2023\\\/11\\\/12\\\/iran-amenaza-con-ampliar-el-conflicto-en-medio-oriente\\\/#breadcrumb\",\"itemListElement\":[{\"@type\":\"ListItem\",\"position\":1,\"name\":\"Portada\",\"item\":\"https:\\\/\\\/www.eldiario.net\\\/portal\\\/\"},{\"@type\":\"ListItem\",\"position\":2,\"name\":\"Ir\u00e1n amenaza con ampliar el conflicto en Medio Oriente\"}]},{\"@type\":\"WebSite\",\"@id\":\"https:\\\/\\\/www.eldiario.net\\\/portal\\\/#website\",\"url\":\"https:\\\/\\\/www.eldiario.net\\\/portal\\\/\",\"name\":\"El Diario - Decano de la prensa nacional\",\"description\":\"El Diario - Decano de la prensa nacional\",\"publisher\":{\"@id\":\"https:\\\/\\\/www.eldiario.net\\\/portal\\\/#organization\"},\"potentialAction\":[{\"@type\":\"SearchAction\",\"target\":{\"@type\":\"EntryPoint\",\"urlTemplate\":\"https:\\\/\\\/www.eldiario.net\\\/portal\\\/?s={search_term_string}\"},\"query-input\":{\"@type\":\"PropertyValueSpecification\",\"valueRequired\":true,\"valueName\":\"search_term_string\"}}],\"inLanguage\":\"es\"},{\"@type\":\"Organization\",\"@id\":\"https:\\\/\\\/www.eldiario.net\\\/portal\\\/#organization\",\"name\":\"El Diario - Decano de la prensa nacional\",\"url\":\"https:\\\/\\\/www.eldiario.net\\\/portal\\\/\",\"logo\":{\"@type\":\"ImageObject\",\"inLanguage\":\"es\",\"@id\":\"https:\\\/\\\/www.eldiario.net\\\/portal\\\/#\\\/schema\\\/logo\\\/image\\\/\",\"url\":\"https:\\\/\\\/www.eldiario.net\\\/portal\\\/wp-content\\\/uploads\\\/2023\\\/07\\\/logo_ED.jpg\",\"contentUrl\":\"https:\\\/\\\/www.eldiario.net\\\/portal\\\/wp-content\\\/uploads\\\/2023\\\/07\\\/logo_ED.jpg\",\"width\":272,\"height\":52,\"caption\":\"El Diario - Decano de la prensa nacional\"},\"image\":{\"@id\":\"https:\\\/\\\/www.eldiario.net\\\/portal\\\/#\\\/schema\\\/logo\\\/image\\\/\"},\"sameAs\":[\"https:\\\/\\\/www.facebook.com\\\/eldiario.bolivia\\\/\",\"https:\\\/\\\/x.com\\\/eldiario_net\"]},{\"@type\":\"Person\",\"@id\":\"https:\\\/\\\/www.eldiario.net\\\/portal\\\/#\\\/schema\\\/person\\\/f46445640444750d7d753ccd04ae01b7\",\"name\":\"Jeanette\",\"image\":{\"@type\":\"ImageObject\",\"inLanguage\":\"es\",\"@id\":\"https:\\\/\\\/secure.gravatar.com\\\/avatar\\\/3ea2118a5f7dad2b7138b1187a6b7ee55f160b9968b66013c3a3ef39dd7e5798?s=96&d=mm&r=g\",\"url\":\"https:\\\/\\\/secure.gravatar.com\\\/avatar\\\/3ea2118a5f7dad2b7138b1187a6b7ee55f160b9968b66013c3a3ef39dd7e5798?s=96&d=mm&r=g\",\"contentUrl\":\"https:\\\/\\\/secure.gravatar.com\\\/avatar\\\/3ea2118a5f7dad2b7138b1187a6b7ee55f160b9968b66013c3a3ef39dd7e5798?s=96&d=mm&r=g\",\"caption\":\"Jeanette\"},\"sameAs\":[\"https:\\\/\\\/www.eldiario.net\\\/portal\"],\"url\":\"https:\\\/\\\/www.eldiario.net\\\/portal\\\/author\\\/jeanette\\\/\"}]}<\/script>\n<!-- \/ Yoast SEO plugin. -->","yoast_head_json":{"title":"Ir\u00e1n amenaza con ampliar el conflicto en Medio Oriente - El Diario - Bolivia","robots":{"index":"index","follow":"follow","max-snippet":"max-snippet:-1","max-image-preview":"max-image-preview:large","max-video-preview":"max-video-preview:-1"},"canonical":"https:\/\/www.eldiario.net\/portal\/2023\/11\/12\/iran-amenaza-con-ampliar-el-conflicto-en-medio-oriente\/","og_locale":"es_ES","og_type":"article","og_title":"Ir\u00e1n amenaza con ampliar el conflicto en Medio Oriente - El Diario - Bolivia","og_description":"El presidente de Ir\u00e1n, Ebrahim Raisi, afirm\u00f3 ayer que los pa\u00edses musulmanes deben armar a los palestinos de Gaza, y llam\u00f3 a imponer un boicot econ\u00f3mico y energ\u00e9tico a Israel. \u00abLos pa\u00edses musulmanes deben armar a los palestinos si contin\u00faan los ataques contra el pueblo de Gaza\u00bb, dijo Raisi en un discurso en la cumbre [&hellip;]","og_url":"https:\/\/www.eldiario.net\/portal\/2023\/11\/12\/iran-amenaza-con-ampliar-el-conflicto-en-medio-oriente\/","og_site_name":"El Diario - Bolivia","article_publisher":"https:\/\/www.facebook.com\/eldiario.bolivia\/","article_published_time":"2023-11-12T11:29:47+00:00","og_image":[{"width":1280,"height":855,"url":"https:\/\/www.eldiario.net\/portal\/wp-content\/uploads\/2023\/11\/BANDERAS.jpg","type":"image\/jpeg"}],"author":"Jeanette","twitter_card":"summary_large_image","twitter_creator":"@eldiario_net","twitter_site":"@eldiario_net","twitter_misc":{"Escrito por":"Jeanette","Tiempo de lectura":"3 minutos"},"schema":{"@context":"https:\/\/schema.org","@graph":[{"@type":"Article","@id":"https:\/\/www.eldiario.net\/portal\/2023\/11\/12\/iran-amenaza-con-ampliar-el-conflicto-en-medio-oriente\/#article","isPartOf":{"@id":"https:\/\/www.eldiario.net\/portal\/2023\/11\/12\/iran-amenaza-con-ampliar-el-conflicto-en-medio-oriente\/"},"author":{"name":"Jeanette","@id":"https:\/\/www.eldiario.net\/portal\/#\/schema\/person\/f46445640444750d7d753ccd04ae01b7"},"headline":"Ir\u00e1n amenaza con ampliar el conflicto en Medio Oriente","datePublished":"2023-11-12T11:29:47+00:00","mainEntityOfPage":{"@id":"https:\/\/www.eldiario.net\/portal\/2023\/11\/12\/iran-amenaza-con-ampliar-el-conflicto-en-medio-oriente\/"},"wordCount":627,"publisher":{"@id":"https:\/\/www.eldiario.net\/portal\/#organization"},"image":{"@id":"https:\/\/www.eldiario.net\/portal\/2023\/11\/12\/iran-amenaza-con-ampliar-el-conflicto-en-medio-oriente\/#primaryimage"},"thumbnailUrl":"https:\/\/www.eldiario.net\/portal\/wp-content\/uploads\/2023\/11\/BANDERAS.jpg","articleSection":["Internacional"],"inLanguage":"es"},{"@type":"WebPage","@id":"https:\/\/www.eldiario.net\/portal\/2023\/11\/12\/iran-amenaza-con-ampliar-el-conflicto-en-medio-oriente\/","url":"https:\/\/www.eldiario.net\/portal\/2023\/11\/12\/iran-amenaza-con-ampliar-el-conflicto-en-medio-oriente\/","name":"Ir\u00e1n amenaza con ampliar el conflicto en Medio Oriente - El Diario - Bolivia","isPartOf":{"@id":"https:\/\/www.eldiario.net\/portal\/#website"},"primaryImageOfPage":{"@id":"https:\/\/www.eldiario.net\/portal\/2023\/11\/12\/iran-amenaza-con-ampliar-el-conflicto-en-medio-oriente\/#primaryimage"},"image":{"@id":"https:\/\/www.eldiario.net\/portal\/2023\/11\/12\/iran-amenaza-con-ampliar-el-conflicto-en-medio-oriente\/#primaryimage"},"thumbnailUrl":"https:\/\/www.eldiario.net\/portal\/wp-content\/uploads\/2023\/11\/BANDERAS.jpg","datePublished":"2023-11-12T11:29:47+00:00","breadcrumb":{"@id":"https:\/\/www.eldiario.net\/portal\/2023\/11\/12\/iran-amenaza-con-ampliar-el-conflicto-en-medio-oriente\/#breadcrumb"},"inLanguage":"es","potentialAction":[{"@type":"ReadAction","target":["https:\/\/www.eldiario.net\/portal\/2023\/11\/12\/iran-amenaza-con-ampliar-el-conflicto-en-medio-oriente\/"]}]},{"@type":"ImageObject","inLanguage":"es","@id":"https:\/\/www.eldiario.net\/portal\/2023\/11\/12\/iran-amenaza-con-ampliar-el-conflicto-en-medio-oriente\/#primaryimage","url":"https:\/\/www.eldiario.net\/portal\/wp-content\/uploads\/2023\/11\/BANDERAS.jpg","contentUrl":"https:\/\/www.eldiario.net\/portal\/wp-content\/uploads\/2023\/11\/BANDERAS.jpg","width":1280,"height":855,"caption":"IR\u00c1N LLAMA A IMPONER BOICOT ECON\u00d3MICO CONTRA ISRAEL. La Tercera"},{"@type":"BreadcrumbList","@id":"https:\/\/www.eldiario.net\/portal\/2023\/11\/12\/iran-amenaza-con-ampliar-el-conflicto-en-medio-oriente\/#breadcrumb","itemListElement":[{"@type":"ListItem","position":1,"name":"Portada","item":"https:\/\/www.eldiario.net\/portal\/"},{"@type":"ListItem","position":2,"name":"Ir\u00e1n amenaza con ampliar el conflicto en Medio Oriente"}]},{"@type":"WebSite","@id":"https:\/\/www.eldiario.net\/portal\/#website","url":"https:\/\/www.eldiario.net\/portal\/","name":"El Diario - Decano de la prensa nacional","description":"El Diario - Decano de la prensa nacional","publisher":{"@id":"https:\/\/www.eldiario.net\/portal\/#organization"},"potentialAction":[{"@type":"SearchAction","target":{"@type":"EntryPoint","urlTemplate":"https:\/\/www.eldiario.net\/portal\/?s={search_term_string}"},"query-input":{"@type":"PropertyValueSpecification","valueRequired":true,"valueName":"search_term_string"}}],"inLanguage":"es"},{"@type":"Organization","@id":"https:\/\/www.eldiario.net\/portal\/#organization","name":"El Diario - Decano de la prensa nacional","url":"https:\/\/www.eldiario.net\/portal\/","logo":{"@type":"ImageObject","inLanguage":"es","@id":"https:\/\/www.eldiario.net\/portal\/#\/schema\/logo\/image\/","url":"https:\/\/www.eldiario.net\/portal\/wp-content\/uploads\/2023\/07\/logo_ED.jpg","contentUrl":"https:\/\/www.eldiario.net\/portal\/wp-content\/uploads\/2023\/07\/logo_ED.jpg","width":272,"height":52,"caption":"El Diario - Decano de la prensa nacional"},"image":{"@id":"https:\/\/www.eldiario.net\/portal\/#\/schema\/logo\/image\/"},"sameAs":["https:\/\/www.facebook.com\/eldiario.bolivia\/","https:\/\/x.com\/eldiario_net"]},{"@type":"Person","@id":"https:\/\/www.eldiario.net\/portal\/#\/schema\/person\/f46445640444750d7d753ccd04ae01b7","name":"Jeanette","image":{"@type":"ImageObject","inLanguage":"es","@id":"https:\/\/secure.gravatar.com\/avatar\/3ea2118a5f7dad2b7138b1187a6b7ee55f160b9968b66013c3a3ef39dd7e5798?s=96&d=mm&r=g","url":"https:\/\/secure.gravatar.com\/avatar\/3ea2118a5f7dad2b7138b1187a6b7ee55f160b9968b66013c3a3ef39dd7e5798?s=96&d=mm&r=g","contentUrl":"https:\/\/secure.gravatar.com\/avatar\/3ea2118a5f7dad2b7138b1187a6b7ee55f160b9968b66013c3a3ef39dd7e5798?s=96&d=mm&r=g","caption":"Jeanette"},"sameAs":["https:\/\/www.eldiario.net\/portal"],"url":"https:\/\/www.eldiario.net\/portal\/author\/jeanette\/"}]}},"_links":{"self":[{"href":"https:\/\/www.eldiario.net\/portal\/wp-json\/wp\/v2\/posts\/187036","targetHints":{"allow":["GET"]}}],"collection":[{"href":"https:\/\/www.eldiario.net\/portal\/wp-json\/wp\/v2\/posts"}],"about":[{"href":"https:\/\/www.eldiario.net\/portal\/wp-json\/wp\/v2\/types\/post"}],"author":[{"embeddable":true,"href":"https:\/\/www.eldiario.net\/portal\/wp-json\/wp\/v2\/users\/1"}],"replies":[{"embeddable":true,"href":"https:\/\/www.eldiario.net\/portal\/wp-json\/wp\/v2\/comments?post=187036"}],"version-history":[{"count":0,"href":"https:\/\/www.eldiario.net\/portal\/wp-json\/wp\/v2\/posts\/187036\/revisions"}],"wp:featuredmedia":[{"embeddable":true,"href":"https:\/\/www.eldiario.net\/portal\/wp-json\/wp\/v2\/media\/187037"}],"wp:attachment":[{"href":"https:\/\/www.eldiario.net\/portal\/wp-json\/wp\/v2\/media?parent=187036"}],"wp:term":[{"taxonomy":"category","embeddable":true,"href":"https:\/\/www.eldiario.net\/portal\/wp-json\/wp\/v2\/categories?post=187036"},{"taxonomy":"post_tag","embeddable":true,"href":"https:\/\/www.eldiario.net\/portal\/wp-json\/wp\/v2\/tags?post=187036"}],"curies":[{"name":"wp","href":"https:\/\/api.w.org\/{rel}","templated":true}]}}