{"id":187030,"date":"2023-11-12T07:26:50","date_gmt":"2023-11-12T11:26:50","guid":{"rendered":"https:\/\/www.eldiario.net\/portal\/?p=187030"},"modified":"2023-11-12T07:26:50","modified_gmt":"2023-11-12T11:26:50","slug":"la-guerra-agrava-el-colapso-economico-en-franja-de-gaza","status":"publish","type":"post","link":"https:\/\/www.eldiario.net\/portal\/2023\/11\/12\/la-guerra-agrava-el-colapso-economico-en-franja-de-gaza\/","title":{"rendered":"La guerra agrava el colapso  econ\u00f3mico en Franja de Gaza"},"content":{"rendered":"<p>El conflicto abierto entre Israel y el Movimiento de Resistencia Isl\u00e1mica (Ham\u00e1s) sumi\u00f3 a la Franja de Gaza en una grave crisis humanitaria y va camino de ahondar hasta niveles extremos el colapso econ\u00f3mico que ya sufr\u00eda este territorio, enormemente dependiente de la ayuda humanitaria antes incluso de la \u00faltima escalada.<br \/>\nUn mes de conflicto bast\u00f3 para que los niveles de pobreza hayan aumentado en un 20 por ciento y el PIB se haya contra\u00eddo en 4,2 por ciento, seg\u00fan el Programa de Naciones Unidas para el Desarrollo (PNUD), que incluye dentro de sus valoraciones al conjunto de los territorios palestinos.<br \/>\nUn segundo mes de guerra ampliar\u00eda el retroceso econ\u00f3mico hasta el 8,4 por ciento, equivalente a 1.700 millones de d\u00f3lares, y un trimestre de violencia implicar\u00eda una ca\u00edda del PIB del 12,2 por ciento, o unos 2.500 millones de d\u00f3lares. La pobreza, por su parte, empeorar\u00eda en un 34 por ciento con respecto a los niveles previos al 7 de octubre, en un segundo mes y en 45 por ciento si se llegase al tercero.<br \/>\nEn t\u00e9rminos de desarrollo humano, Palestina en su conjunto retroceder\u00eda a niveles in\u00e9ditos desde hace una d\u00e9cada, en concreto a datos de entre once y 16 a\u00f1os atr\u00e1s, en funci\u00f3n de la intensidad del propio conflicto. En el caso de Gaza, foco principal de los combates, la horquilla se ampl\u00eda entre 16 y 19 a\u00f1os en cuanto a retrocesos.<br \/>\nA nivel laboral, las primeras estimaciones de la Organizaci\u00f3n Internacional del Trabajo (OIT) ya apuntan que se perdieron 182.000 empleos en la Franja de Gaza como consecuencia directa del conflicto, lo que equivaldr\u00eda al 61 por ciento de los puestos. En Cisjordania tambi\u00e9n se notan los efectos colaterales, con la p\u00e9rdida del 24 por ciento de los empleos, equivalente a 208.000 trabajos.<br \/>\nEl administrador del PNUD, Achim Steiner, advirti\u00f3 de que este tipo de informes demuestran los efectos a largo plazo de la guerra y que \u00e9stos no se limitar\u00e1n solo a Gaza. \u201cAl margen de la cat\u00e1strofe humanitaria que se est\u00e1 produciendo, tambi\u00e9n hay una crisis de desarrollo. La guerra est\u00e1 acelerando con rapidez la pobreza entre una poblaci\u00f3n que ya era vulnerable antes de la crisis\u201d, subray\u00f3.<br \/>\nLa directora de la OIT para la regi\u00f3n, Ruba Jaradat, coincide en a\u00f1adir a la \u201cenorme crisis humanitaria\u201d otra \u201ccrisis social y econ\u00f3mica\u201d con efectos que la poblaci\u00f3n palestina sufrir\u00e1 \u201cdurante muchos a\u00f1os\u201d. (Europa Press)<\/p>\n","protected":false},"excerpt":{"rendered":"<p>El conflicto abierto entre Israel y el Movimiento de Resistencia Isl\u00e1mica (Ham\u00e1s) sumi\u00f3 a la Franja de Gaza en una grave crisis humanitaria y va camino de ahondar hasta niveles extremos el colapso econ\u00f3mico que ya sufr\u00eda este territorio, enormemente dependiente de la ayuda humanitaria antes incluso de la \u00faltima escalada. Un mes de conflicto [&hellip;]<\/p>\n","protected":false},"author":1,"featured_media":187031,"comment_status":"closed","ping_status":"open","sticky":false,"template":"","format":"standard","meta":{"_acf_changed":false,"footnotes":""},"categories":[3],"tags":[],"class_list":["post-187030","post","type-post","status-publish","format-standard","has-post-thumbnail","category-internacional"],"acf":{"antetitulo":""},"yoast_head":"<!-- This site is optimized with the Yoast SEO plugin v28.3 - https:\/\/yoast.com\/product\/yoast-seo-wordpress\/ -->\n<title>La guerra agrava el colapso econ\u00f3mico en Franja de Gaza - El Diario - Bolivia<\/title>\n<meta name=\"robots\" content=\"index, follow, max-snippet:-1, max-image-preview:large, max-video-preview:-1\" \/>\n<link rel=\"canonical\" href=\"https:\/\/www.eldiario.net\/portal\/2023\/11\/12\/la-guerra-agrava-el-colapso-economico-en-franja-de-gaza\/\" \/>\n<meta property=\"og:locale\" content=\"es_ES\" \/>\n<meta property=\"og:type\" content=\"article\" \/>\n<meta property=\"og:title\" content=\"La guerra agrava el colapso econ\u00f3mico en Franja de Gaza - El Diario - Bolivia\" \/>\n<meta property=\"og:description\" content=\"El conflicto abierto entre Israel y el Movimiento de Resistencia Isl\u00e1mica (Ham\u00e1s) sumi\u00f3 a la Franja de Gaza en una grave crisis humanitaria y va camino de ahondar hasta niveles extremos el colapso econ\u00f3mico que ya sufr\u00eda este territorio, enormemente dependiente de la ayuda humanitaria antes incluso de la \u00faltima escalada. Un mes de conflicto [&hellip;]\" \/>\n<meta property=\"og:url\" content=\"https:\/\/www.eldiario.net\/portal\/2023\/11\/12\/la-guerra-agrava-el-colapso-economico-en-franja-de-gaza\/\" \/>\n<meta property=\"og:site_name\" content=\"El Diario - Bolivia\" \/>\n<meta property=\"article:publisher\" content=\"https:\/\/www.facebook.com\/eldiario.bolivia\/\" \/>\n<meta property=\"article:published_time\" content=\"2023-11-12T11:26:50+00:00\" \/>\n<meta property=\"og:image\" content=\"https:\/\/www.eldiario.net\/portal\/wp-content\/uploads\/2023\/11\/INFRA.jpg\" \/>\n\t<meta property=\"og:image:width\" content=\"1200\" \/>\n\t<meta property=\"og:image:height\" content=\"800\" \/>\n\t<meta property=\"og:image:type\" content=\"image\/jpeg\" \/>\n<meta name=\"author\" content=\"Jeanette\" \/>\n<meta name=\"twitter:card\" content=\"summary_large_image\" \/>\n<meta name=\"twitter:creator\" content=\"@eldiario_net\" \/>\n<meta name=\"twitter:site\" content=\"@eldiario_net\" \/>\n<meta name=\"twitter:label1\" content=\"Escrito por\" \/>\n\t<meta name=\"twitter:data1\" content=\"Jeanette\" \/>\n\t<meta name=\"twitter:label2\" content=\"Tiempo de lectura\" \/>\n\t<meta name=\"twitter:data2\" content=\"2 minutos\" \/>\n<script type=\"application\/ld+json\" class=\"yoast-schema-graph\">{\"@context\":\"https:\\\/\\\/schema.org\",\"@graph\":[{\"@type\":\"Article\",\"@id\":\"https:\\\/\\\/www.eldiario.net\\\/portal\\\/2023\\\/11\\\/12\\\/la-guerra-agrava-el-colapso-economico-en-franja-de-gaza\\\/#article\",\"isPartOf\":{\"@id\":\"https:\\\/\\\/www.eldiario.net\\\/portal\\\/2023\\\/11\\\/12\\\/la-guerra-agrava-el-colapso-economico-en-franja-de-gaza\\\/\"},\"author\":{\"name\":\"Jeanette\",\"@id\":\"https:\\\/\\\/www.eldiario.net\\\/portal\\\/#\\\/schema\\\/person\\\/f46445640444750d7d753ccd04ae01b7\"},\"headline\":\"La guerra agrava el colapso econ\u00f3mico en Franja de Gaza\",\"datePublished\":\"2023-11-12T11:26:50+00:00\",\"mainEntityOfPage\":{\"@id\":\"https:\\\/\\\/www.eldiario.net\\\/portal\\\/2023\\\/11\\\/12\\\/la-guerra-agrava-el-colapso-economico-en-franja-de-gaza\\\/\"},\"wordCount\":429,\"publisher\":{\"@id\":\"https:\\\/\\\/www.eldiario.net\\\/portal\\\/#organization\"},\"image\":{\"@id\":\"https:\\\/\\\/www.eldiario.net\\\/portal\\\/2023\\\/11\\\/12\\\/la-guerra-agrava-el-colapso-economico-en-franja-de-gaza\\\/#primaryimage\"},\"thumbnailUrl\":\"https:\\\/\\\/www.eldiario.net\\\/portal\\\/wp-content\\\/uploads\\\/2023\\\/11\\\/INFRA.jpg\",\"articleSection\":[\"Internacional\"],\"inLanguage\":\"es\"},{\"@type\":\"WebPage\",\"@id\":\"https:\\\/\\\/www.eldiario.net\\\/portal\\\/2023\\\/11\\\/12\\\/la-guerra-agrava-el-colapso-economico-en-franja-de-gaza\\\/\",\"url\":\"https:\\\/\\\/www.eldiario.net\\\/portal\\\/2023\\\/11\\\/12\\\/la-guerra-agrava-el-colapso-economico-en-franja-de-gaza\\\/\",\"name\":\"La guerra agrava el colapso econ\u00f3mico en Franja de Gaza - El Diario - Bolivia\",\"isPartOf\":{\"@id\":\"https:\\\/\\\/www.eldiario.net\\\/portal\\\/#website\"},\"primaryImageOfPage\":{\"@id\":\"https:\\\/\\\/www.eldiario.net\\\/portal\\\/2023\\\/11\\\/12\\\/la-guerra-agrava-el-colapso-economico-en-franja-de-gaza\\\/#primaryimage\"},\"image\":{\"@id\":\"https:\\\/\\\/www.eldiario.net\\\/portal\\\/2023\\\/11\\\/12\\\/la-guerra-agrava-el-colapso-economico-en-franja-de-gaza\\\/#primaryimage\"},\"thumbnailUrl\":\"https:\\\/\\\/www.eldiario.net\\\/portal\\\/wp-content\\\/uploads\\\/2023\\\/11\\\/INFRA.jpg\",\"datePublished\":\"2023-11-12T11:26:50+00:00\",\"breadcrumb\":{\"@id\":\"https:\\\/\\\/www.eldiario.net\\\/portal\\\/2023\\\/11\\\/12\\\/la-guerra-agrava-el-colapso-economico-en-franja-de-gaza\\\/#breadcrumb\"},\"inLanguage\":\"es\",\"potentialAction\":[{\"@type\":\"ReadAction\",\"target\":[\"https:\\\/\\\/www.eldiario.net\\\/portal\\\/2023\\\/11\\\/12\\\/la-guerra-agrava-el-colapso-economico-en-franja-de-gaza\\\/\"]}]},{\"@type\":\"ImageObject\",\"inLanguage\":\"es\",\"@id\":\"https:\\\/\\\/www.eldiario.net\\\/portal\\\/2023\\\/11\\\/12\\\/la-guerra-agrava-el-colapso-economico-en-franja-de-gaza\\\/#primaryimage\",\"url\":\"https:\\\/\\\/www.eldiario.net\\\/portal\\\/wp-content\\\/uploads\\\/2023\\\/11\\\/INFRA.jpg\",\"contentUrl\":\"https:\\\/\\\/www.eldiario.net\\\/portal\\\/wp-content\\\/uploads\\\/2023\\\/11\\\/INFRA.jpg\",\"width\":1200,\"height\":800,\"caption\":\"LOS NIVELES DE POBREZA AUMENTARON en UN 20 POR CIENTO. Notim\u00e9rica\"},{\"@type\":\"BreadcrumbList\",\"@id\":\"https:\\\/\\\/www.eldiario.net\\\/portal\\\/2023\\\/11\\\/12\\\/la-guerra-agrava-el-colapso-economico-en-franja-de-gaza\\\/#breadcrumb\",\"itemListElement\":[{\"@type\":\"ListItem\",\"position\":1,\"name\":\"Portada\",\"item\":\"https:\\\/\\\/www.eldiario.net\\\/portal\\\/\"},{\"@type\":\"ListItem\",\"position\":2,\"name\":\"La guerra agrava el colapso econ\u00f3mico en Franja de Gaza\"}]},{\"@type\":\"WebSite\",\"@id\":\"https:\\\/\\\/www.eldiario.net\\\/portal\\\/#website\",\"url\":\"https:\\\/\\\/www.eldiario.net\\\/portal\\\/\",\"name\":\"El Diario - Decano de la prensa nacional\",\"description\":\"El Diario - Decano de la prensa nacional\",\"publisher\":{\"@id\":\"https:\\\/\\\/www.eldiario.net\\\/portal\\\/#organization\"},\"potentialAction\":[{\"@type\":\"SearchAction\",\"target\":{\"@type\":\"EntryPoint\",\"urlTemplate\":\"https:\\\/\\\/www.eldiario.net\\\/portal\\\/?s={search_term_string}\"},\"query-input\":{\"@type\":\"PropertyValueSpecification\",\"valueRequired\":true,\"valueName\":\"search_term_string\"}}],\"inLanguage\":\"es\"},{\"@type\":\"Organization\",\"@id\":\"https:\\\/\\\/www.eldiario.net\\\/portal\\\/#organization\",\"name\":\"El Diario - Decano de la prensa nacional\",\"url\":\"https:\\\/\\\/www.eldiario.net\\\/portal\\\/\",\"logo\":{\"@type\":\"ImageObject\",\"inLanguage\":\"es\",\"@id\":\"https:\\\/\\\/www.eldiario.net\\\/portal\\\/#\\\/schema\\\/logo\\\/image\\\/\",\"url\":\"https:\\\/\\\/www.eldiario.net\\\/portal\\\/wp-content\\\/uploads\\\/2023\\\/07\\\/logo_ED.jpg\",\"contentUrl\":\"https:\\\/\\\/www.eldiario.net\\\/portal\\\/wp-content\\\/uploads\\\/2023\\\/07\\\/logo_ED.jpg\",\"width\":272,\"height\":52,\"caption\":\"El Diario - Decano de la prensa nacional\"},\"image\":{\"@id\":\"https:\\\/\\\/www.eldiario.net\\\/portal\\\/#\\\/schema\\\/logo\\\/image\\\/\"},\"sameAs\":[\"https:\\\/\\\/www.facebook.com\\\/eldiario.bolivia\\\/\",\"https:\\\/\\\/x.com\\\/eldiario_net\"]},{\"@type\":\"Person\",\"@id\":\"https:\\\/\\\/www.eldiario.net\\\/portal\\\/#\\\/schema\\\/person\\\/f46445640444750d7d753ccd04ae01b7\",\"name\":\"Jeanette\",\"image\":{\"@type\":\"ImageObject\",\"inLanguage\":\"es\",\"@id\":\"https:\\\/\\\/secure.gravatar.com\\\/avatar\\\/3ea2118a5f7dad2b7138b1187a6b7ee55f160b9968b66013c3a3ef39dd7e5798?s=96&d=mm&r=g\",\"url\":\"https:\\\/\\\/secure.gravatar.com\\\/avatar\\\/3ea2118a5f7dad2b7138b1187a6b7ee55f160b9968b66013c3a3ef39dd7e5798?s=96&d=mm&r=g\",\"contentUrl\":\"https:\\\/\\\/secure.gravatar.com\\\/avatar\\\/3ea2118a5f7dad2b7138b1187a6b7ee55f160b9968b66013c3a3ef39dd7e5798?s=96&d=mm&r=g\",\"caption\":\"Jeanette\"},\"sameAs\":[\"https:\\\/\\\/www.eldiario.net\\\/portal\"],\"url\":\"https:\\\/\\\/www.eldiario.net\\\/portal\\\/author\\\/jeanette\\\/\"}]}<\/script>\n<!-- \/ Yoast SEO plugin. -->","yoast_head_json":{"title":"La guerra agrava el colapso econ\u00f3mico en Franja de Gaza - El Diario - Bolivia","robots":{"index":"index","follow":"follow","max-snippet":"max-snippet:-1","max-image-preview":"max-image-preview:large","max-video-preview":"max-video-preview:-1"},"canonical":"https:\/\/www.eldiario.net\/portal\/2023\/11\/12\/la-guerra-agrava-el-colapso-economico-en-franja-de-gaza\/","og_locale":"es_ES","og_type":"article","og_title":"La guerra agrava el colapso econ\u00f3mico en Franja de Gaza - El Diario - Bolivia","og_description":"El conflicto abierto entre Israel y el Movimiento de Resistencia Isl\u00e1mica (Ham\u00e1s) sumi\u00f3 a la Franja de Gaza en una grave crisis humanitaria y va camino de ahondar hasta niveles extremos el colapso econ\u00f3mico que ya sufr\u00eda este territorio, enormemente dependiente de la ayuda humanitaria antes incluso de la \u00faltima escalada. Un mes de conflicto [&hellip;]","og_url":"https:\/\/www.eldiario.net\/portal\/2023\/11\/12\/la-guerra-agrava-el-colapso-economico-en-franja-de-gaza\/","og_site_name":"El Diario - Bolivia","article_publisher":"https:\/\/www.facebook.com\/eldiario.bolivia\/","article_published_time":"2023-11-12T11:26:50+00:00","og_image":[{"width":1200,"height":800,"url":"https:\/\/www.eldiario.net\/portal\/wp-content\/uploads\/2023\/11\/INFRA.jpg","type":"image\/jpeg"}],"author":"Jeanette","twitter_card":"summary_large_image","twitter_creator":"@eldiario_net","twitter_site":"@eldiario_net","twitter_misc":{"Escrito por":"Jeanette","Tiempo de lectura":"2 minutos"},"schema":{"@context":"https:\/\/schema.org","@graph":[{"@type":"Article","@id":"https:\/\/www.eldiario.net\/portal\/2023\/11\/12\/la-guerra-agrava-el-colapso-economico-en-franja-de-gaza\/#article","isPartOf":{"@id":"https:\/\/www.eldiario.net\/portal\/2023\/11\/12\/la-guerra-agrava-el-colapso-economico-en-franja-de-gaza\/"},"author":{"name":"Jeanette","@id":"https:\/\/www.eldiario.net\/portal\/#\/schema\/person\/f46445640444750d7d753ccd04ae01b7"},"headline":"La guerra agrava el colapso econ\u00f3mico en Franja de Gaza","datePublished":"2023-11-12T11:26:50+00:00","mainEntityOfPage":{"@id":"https:\/\/www.eldiario.net\/portal\/2023\/11\/12\/la-guerra-agrava-el-colapso-economico-en-franja-de-gaza\/"},"wordCount":429,"publisher":{"@id":"https:\/\/www.eldiario.net\/portal\/#organization"},"image":{"@id":"https:\/\/www.eldiario.net\/portal\/2023\/11\/12\/la-guerra-agrava-el-colapso-economico-en-franja-de-gaza\/#primaryimage"},"thumbnailUrl":"https:\/\/www.eldiario.net\/portal\/wp-content\/uploads\/2023\/11\/INFRA.jpg","articleSection":["Internacional"],"inLanguage":"es"},{"@type":"WebPage","@id":"https:\/\/www.eldiario.net\/portal\/2023\/11\/12\/la-guerra-agrava-el-colapso-economico-en-franja-de-gaza\/","url":"https:\/\/www.eldiario.net\/portal\/2023\/11\/12\/la-guerra-agrava-el-colapso-economico-en-franja-de-gaza\/","name":"La guerra agrava el colapso econ\u00f3mico en Franja de Gaza - El Diario - Bolivia","isPartOf":{"@id":"https:\/\/www.eldiario.net\/portal\/#website"},"primaryImageOfPage":{"@id":"https:\/\/www.eldiario.net\/portal\/2023\/11\/12\/la-guerra-agrava-el-colapso-economico-en-franja-de-gaza\/#primaryimage"},"image":{"@id":"https:\/\/www.eldiario.net\/portal\/2023\/11\/12\/la-guerra-agrava-el-colapso-economico-en-franja-de-gaza\/#primaryimage"},"thumbnailUrl":"https:\/\/www.eldiario.net\/portal\/wp-content\/uploads\/2023\/11\/INFRA.jpg","datePublished":"2023-11-12T11:26:50+00:00","breadcrumb":{"@id":"https:\/\/www.eldiario.net\/portal\/2023\/11\/12\/la-guerra-agrava-el-colapso-economico-en-franja-de-gaza\/#breadcrumb"},"inLanguage":"es","potentialAction":[{"@type":"ReadAction","target":["https:\/\/www.eldiario.net\/portal\/2023\/11\/12\/la-guerra-agrava-el-colapso-economico-en-franja-de-gaza\/"]}]},{"@type":"ImageObject","inLanguage":"es","@id":"https:\/\/www.eldiario.net\/portal\/2023\/11\/12\/la-guerra-agrava-el-colapso-economico-en-franja-de-gaza\/#primaryimage","url":"https:\/\/www.eldiario.net\/portal\/wp-content\/uploads\/2023\/11\/INFRA.jpg","contentUrl":"https:\/\/www.eldiario.net\/portal\/wp-content\/uploads\/2023\/11\/INFRA.jpg","width":1200,"height":800,"caption":"LOS NIVELES DE POBREZA AUMENTARON en UN 20 POR CIENTO. Notim\u00e9rica"},{"@type":"BreadcrumbList","@id":"https:\/\/www.eldiario.net\/portal\/2023\/11\/12\/la-guerra-agrava-el-colapso-economico-en-franja-de-gaza\/#breadcrumb","itemListElement":[{"@type":"ListItem","position":1,"name":"Portada","item":"https:\/\/www.eldiario.net\/portal\/"},{"@type":"ListItem","position":2,"name":"La guerra agrava el colapso econ\u00f3mico en Franja de Gaza"}]},{"@type":"WebSite","@id":"https:\/\/www.eldiario.net\/portal\/#website","url":"https:\/\/www.eldiario.net\/portal\/","name":"El Diario - Decano de la prensa nacional","description":"El Diario - Decano de la prensa nacional","publisher":{"@id":"https:\/\/www.eldiario.net\/portal\/#organization"},"potentialAction":[{"@type":"SearchAction","target":{"@type":"EntryPoint","urlTemplate":"https:\/\/www.eldiario.net\/portal\/?s={search_term_string}"},"query-input":{"@type":"PropertyValueSpecification","valueRequired":true,"valueName":"search_term_string"}}],"inLanguage":"es"},{"@type":"Organization","@id":"https:\/\/www.eldiario.net\/portal\/#organization","name":"El Diario - Decano de la prensa nacional","url":"https:\/\/www.eldiario.net\/portal\/","logo":{"@type":"ImageObject","inLanguage":"es","@id":"https:\/\/www.eldiario.net\/portal\/#\/schema\/logo\/image\/","url":"https:\/\/www.eldiario.net\/portal\/wp-content\/uploads\/2023\/07\/logo_ED.jpg","contentUrl":"https:\/\/www.eldiario.net\/portal\/wp-content\/uploads\/2023\/07\/logo_ED.jpg","width":272,"height":52,"caption":"El Diario - Decano de la prensa nacional"},"image":{"@id":"https:\/\/www.eldiario.net\/portal\/#\/schema\/logo\/image\/"},"sameAs":["https:\/\/www.facebook.com\/eldiario.bolivia\/","https:\/\/x.com\/eldiario_net"]},{"@type":"Person","@id":"https:\/\/www.eldiario.net\/portal\/#\/schema\/person\/f46445640444750d7d753ccd04ae01b7","name":"Jeanette","image":{"@type":"ImageObject","inLanguage":"es","@id":"https:\/\/secure.gravatar.com\/avatar\/3ea2118a5f7dad2b7138b1187a6b7ee55f160b9968b66013c3a3ef39dd7e5798?s=96&d=mm&r=g","url":"https:\/\/secure.gravatar.com\/avatar\/3ea2118a5f7dad2b7138b1187a6b7ee55f160b9968b66013c3a3ef39dd7e5798?s=96&d=mm&r=g","contentUrl":"https:\/\/secure.gravatar.com\/avatar\/3ea2118a5f7dad2b7138b1187a6b7ee55f160b9968b66013c3a3ef39dd7e5798?s=96&d=mm&r=g","caption":"Jeanette"},"sameAs":["https:\/\/www.eldiario.net\/portal"],"url":"https:\/\/www.eldiario.net\/portal\/author\/jeanette\/"}]}},"_links":{"self":[{"href":"https:\/\/www.eldiario.net\/portal\/wp-json\/wp\/v2\/posts\/187030","targetHints":{"allow":["GET"]}}],"collection":[{"href":"https:\/\/www.eldiario.net\/portal\/wp-json\/wp\/v2\/posts"}],"about":[{"href":"https:\/\/www.eldiario.net\/portal\/wp-json\/wp\/v2\/types\/post"}],"author":[{"embeddable":true,"href":"https:\/\/www.eldiario.net\/portal\/wp-json\/wp\/v2\/users\/1"}],"replies":[{"embeddable":true,"href":"https:\/\/www.eldiario.net\/portal\/wp-json\/wp\/v2\/comments?post=187030"}],"version-history":[{"count":0,"href":"https:\/\/www.eldiario.net\/portal\/wp-json\/wp\/v2\/posts\/187030\/revisions"}],"wp:featuredmedia":[{"embeddable":true,"href":"https:\/\/www.eldiario.net\/portal\/wp-json\/wp\/v2\/media\/187031"}],"wp:attachment":[{"href":"https:\/\/www.eldiario.net\/portal\/wp-json\/wp\/v2\/media?parent=187030"}],"wp:term":[{"taxonomy":"category","embeddable":true,"href":"https:\/\/www.eldiario.net\/portal\/wp-json\/wp\/v2\/categories?post=187030"},{"taxonomy":"post_tag","embeddable":true,"href":"https:\/\/www.eldiario.net\/portal\/wp-json\/wp\/v2\/tags?post=187030"}],"curies":[{"name":"wp","href":"https:\/\/api.w.org\/{rel}","templated":true}]}}