{"id":187027,"date":"2023-11-12T07:25:44","date_gmt":"2023-11-12T11:25:44","guid":{"rendered":"https:\/\/www.eldiario.net\/portal\/?p=187027"},"modified":"2023-11-12T07:25:44","modified_gmt":"2023-11-12T11:25:44","slug":"massa-y-milei-encaran-empatados-el-tramo-final-de-campana-electoral","status":"publish","type":"post","link":"https:\/\/www.eldiario.net\/portal\/2023\/11\/12\/massa-y-milei-encaran-empatados-el-tramo-final-de-campana-electoral\/","title":{"rendered":"Massa y Milei encaran empatados  el tramo final de campa\u00f1a electoral"},"content":{"rendered":"<p>El ministro de Econom\u00eda de Argentina, Sergio Massa, candidato presidencial de Uni\u00f3n por la Patria, y su rival, el ultraliberal Javier Milei, de La Libertad Avanza, se mantienen en intenci\u00f3n de voto dentro de lo que podr\u00eda considerarse un empate t\u00e9cnico, sin que ninguno de ellos haya logrado consolidarse como favorito de cara a la segunda vuelta electoral, prevista para el 19 de noviembre.<br \/>\nMassa fue el candidato m\u00e1s votado en la primera ronda, con m\u00e1s de un 36 por ciento de los votos, mientras que Milei qued\u00f3 segundo, acariciando el 30 por ciento. Sin embargo, los sondeos anticipan ahora un escenario igualado, especialmente despu\u00e9s de que algunos de los principales nombres de la derecha cl\u00e1sica, como la tercera candidata en contienda, Patricia Bullrich, y el expresidente Mauricio Macri, hayan dado p\u00fablicamente su apoyo a Milei.<br \/>\nDesde ayer ya estuvieron prohibidas publicaciones nuevas de encuestas, pero las m\u00e1s recientes sit\u00faan a los dos candidatos en disputa por la Casa Rosada con una baja diferencia, en la mayor\u00eda de los casos dentro del margen de error. Las encuestas recogidas por el diario \u2018La Naci\u00f3n\u2019 dibujan una ligera ventaja para Milei, pese a que Massa dio la sorpresa en primera vuelta porque los sondeos no supieron medir el verdadero nivel de apoyo del aspirante peronista.<br \/>\nEn las elecciones primarias de agosto, ese mismo factor sorpresa favoreci\u00f3 a Milei, que se convirti\u00f3 en el precandidato m\u00e1s votado en un contexto donde pr\u00e1cticamente hab\u00eda un empate entre los tres principales bloques, por lo que previsiblemente los mensajes y los actos se intensificar\u00e1n durante los pr\u00f3ximos d\u00edas en busca de los votos que a\u00fan pueden oscilar entre distintos bandos.<br \/>\nUno de los hitos en este tramo final ser\u00e1 el debate entre candidatos, convocado hoy, mientras que queda por ver tambi\u00e9n el eco real que tendr\u00e1 entre los electores conservadores m\u00e1s tradicionales, los mensajes de Bullrich y Macri, que apostaron por apartar al kirchnerismo del poder y seguir los mensajes de \u201ccambio\u201d sobre los que se cimenta el impulso de Milei.<br \/>\nEl debate, que comenzar\u00e1 hoy a las 21.00 (hora local) y se celebrar\u00e1 en la Facultad de Derecho de la Universidad de Buenos Aires, girar\u00e1 en torno a varios grandes ejes, econom\u00eda, relaciones de Argentina con el mundo, educaci\u00f3n y salud, producci\u00f3n y trabajo, seguridad y Derechos Humanos y convivencia democr\u00e1tica en los que los dos candidatos ir\u00e1n desgranando sus respectivas pol\u00edticas. (Europa Press)<\/p>\n","protected":false},"excerpt":{"rendered":"<p>El ministro de Econom\u00eda de Argentina, Sergio Massa, candidato presidencial de Uni\u00f3n por la Patria, y su rival, el ultraliberal Javier Milei, de La Libertad Avanza, se mantienen en intenci\u00f3n de voto dentro de lo que podr\u00eda considerarse un empate t\u00e9cnico, sin que ninguno de ellos haya logrado consolidarse como favorito de cara a la [&hellip;]<\/p>\n","protected":false},"author":1,"featured_media":187028,"comment_status":"closed","ping_status":"open","sticky":false,"template":"","format":"standard","meta":{"_acf_changed":false,"footnotes":""},"categories":[3],"tags":[],"class_list":["post-187027","post","type-post","status-publish","format-standard","has-post-thumbnail","category-internacional"],"acf":{"antetitulo":""},"yoast_head":"<!-- This site is optimized with the Yoast SEO plugin v28.3 - https:\/\/yoast.com\/product\/yoast-seo-wordpress\/ -->\n<title>Massa y Milei encaran empatados el tramo final de campa\u00f1a electoral - El Diario - Bolivia<\/title>\n<meta name=\"robots\" content=\"index, follow, max-snippet:-1, max-image-preview:large, max-video-preview:-1\" \/>\n<link rel=\"canonical\" href=\"https:\/\/www.eldiario.net\/portal\/2023\/11\/12\/massa-y-milei-encaran-empatados-el-tramo-final-de-campana-electoral\/\" \/>\n<meta property=\"og:locale\" content=\"es_ES\" \/>\n<meta property=\"og:type\" content=\"article\" \/>\n<meta property=\"og:title\" content=\"Massa y Milei encaran empatados el tramo final de campa\u00f1a electoral - El Diario - Bolivia\" \/>\n<meta property=\"og:description\" content=\"El ministro de Econom\u00eda de Argentina, Sergio Massa, candidato presidencial de Uni\u00f3n por la Patria, y su rival, el ultraliberal Javier Milei, de La Libertad Avanza, se mantienen en intenci\u00f3n de voto dentro de lo que podr\u00eda considerarse un empate t\u00e9cnico, sin que ninguno de ellos haya logrado consolidarse como favorito de cara a la [&hellip;]\" \/>\n<meta property=\"og:url\" content=\"https:\/\/www.eldiario.net\/portal\/2023\/11\/12\/massa-y-milei-encaran-empatados-el-tramo-final-de-campana-electoral\/\" \/>\n<meta property=\"og:site_name\" content=\"El Diario - Bolivia\" \/>\n<meta property=\"article:publisher\" content=\"https:\/\/www.facebook.com\/eldiario.bolivia\/\" \/>\n<meta property=\"article:published_time\" content=\"2023-11-12T11:25:44+00:00\" \/>\n<meta property=\"og:image\" content=\"https:\/\/www.eldiario.net\/portal\/wp-content\/uploads\/2023\/11\/MILEI.jpg\" \/>\n\t<meta property=\"og:image:width\" content=\"1200\" \/>\n\t<meta property=\"og:image:height\" content=\"800\" \/>\n\t<meta property=\"og:image:type\" content=\"image\/jpeg\" \/>\n<meta name=\"author\" content=\"Jeanette\" \/>\n<meta name=\"twitter:card\" content=\"summary_large_image\" \/>\n<meta name=\"twitter:creator\" content=\"@eldiario_net\" \/>\n<meta name=\"twitter:site\" content=\"@eldiario_net\" \/>\n<meta name=\"twitter:label1\" content=\"Escrito por\" \/>\n\t<meta name=\"twitter:data1\" content=\"Jeanette\" \/>\n\t<meta name=\"twitter:label2\" content=\"Tiempo de lectura\" \/>\n\t<meta name=\"twitter:data2\" content=\"2 minutos\" \/>\n<script type=\"application\/ld+json\" class=\"yoast-schema-graph\">{\"@context\":\"https:\\\/\\\/schema.org\",\"@graph\":[{\"@type\":\"Article\",\"@id\":\"https:\\\/\\\/www.eldiario.net\\\/portal\\\/2023\\\/11\\\/12\\\/massa-y-milei-encaran-empatados-el-tramo-final-de-campana-electoral\\\/#article\",\"isPartOf\":{\"@id\":\"https:\\\/\\\/www.eldiario.net\\\/portal\\\/2023\\\/11\\\/12\\\/massa-y-milei-encaran-empatados-el-tramo-final-de-campana-electoral\\\/\"},\"author\":{\"name\":\"Jeanette\",\"@id\":\"https:\\\/\\\/www.eldiario.net\\\/portal\\\/#\\\/schema\\\/person\\\/f46445640444750d7d753ccd04ae01b7\"},\"headline\":\"Massa y Milei encaran empatados el tramo final de campa\u00f1a electoral\",\"datePublished\":\"2023-11-12T11:25:44+00:00\",\"mainEntityOfPage\":{\"@id\":\"https:\\\/\\\/www.eldiario.net\\\/portal\\\/2023\\\/11\\\/12\\\/massa-y-milei-encaran-empatados-el-tramo-final-de-campana-electoral\\\/\"},\"wordCount\":436,\"publisher\":{\"@id\":\"https:\\\/\\\/www.eldiario.net\\\/portal\\\/#organization\"},\"image\":{\"@id\":\"https:\\\/\\\/www.eldiario.net\\\/portal\\\/2023\\\/11\\\/12\\\/massa-y-milei-encaran-empatados-el-tramo-final-de-campana-electoral\\\/#primaryimage\"},\"thumbnailUrl\":\"https:\\\/\\\/www.eldiario.net\\\/portal\\\/wp-content\\\/uploads\\\/2023\\\/11\\\/MILEI.jpg\",\"articleSection\":[\"Internacional\"],\"inLanguage\":\"es\"},{\"@type\":\"WebPage\",\"@id\":\"https:\\\/\\\/www.eldiario.net\\\/portal\\\/2023\\\/11\\\/12\\\/massa-y-milei-encaran-empatados-el-tramo-final-de-campana-electoral\\\/\",\"url\":\"https:\\\/\\\/www.eldiario.net\\\/portal\\\/2023\\\/11\\\/12\\\/massa-y-milei-encaran-empatados-el-tramo-final-de-campana-electoral\\\/\",\"name\":\"Massa y Milei encaran empatados el tramo final de campa\u00f1a electoral - El Diario - Bolivia\",\"isPartOf\":{\"@id\":\"https:\\\/\\\/www.eldiario.net\\\/portal\\\/#website\"},\"primaryImageOfPage\":{\"@id\":\"https:\\\/\\\/www.eldiario.net\\\/portal\\\/2023\\\/11\\\/12\\\/massa-y-milei-encaran-empatados-el-tramo-final-de-campana-electoral\\\/#primaryimage\"},\"image\":{\"@id\":\"https:\\\/\\\/www.eldiario.net\\\/portal\\\/2023\\\/11\\\/12\\\/massa-y-milei-encaran-empatados-el-tramo-final-de-campana-electoral\\\/#primaryimage\"},\"thumbnailUrl\":\"https:\\\/\\\/www.eldiario.net\\\/portal\\\/wp-content\\\/uploads\\\/2023\\\/11\\\/MILEI.jpg\",\"datePublished\":\"2023-11-12T11:25:44+00:00\",\"breadcrumb\":{\"@id\":\"https:\\\/\\\/www.eldiario.net\\\/portal\\\/2023\\\/11\\\/12\\\/massa-y-milei-encaran-empatados-el-tramo-final-de-campana-electoral\\\/#breadcrumb\"},\"inLanguage\":\"es\",\"potentialAction\":[{\"@type\":\"ReadAction\",\"target\":[\"https:\\\/\\\/www.eldiario.net\\\/portal\\\/2023\\\/11\\\/12\\\/massa-y-milei-encaran-empatados-el-tramo-final-de-campana-electoral\\\/\"]}]},{\"@type\":\"ImageObject\",\"inLanguage\":\"es\",\"@id\":\"https:\\\/\\\/www.eldiario.net\\\/portal\\\/2023\\\/11\\\/12\\\/massa-y-milei-encaran-empatados-el-tramo-final-de-campana-electoral\\\/#primaryimage\",\"url\":\"https:\\\/\\\/www.eldiario.net\\\/portal\\\/wp-content\\\/uploads\\\/2023\\\/11\\\/MILEI.jpg\",\"contentUrl\":\"https:\\\/\\\/www.eldiario.net\\\/portal\\\/wp-content\\\/uploads\\\/2023\\\/11\\\/MILEI.jpg\",\"width\":1200,\"height\":800,\"caption\":\"MASSA Y MILEI SE ENFRENTAR\u00c1N EN EL BALOTAJE DEL PR\u00d3XIMO 19 DE NOVIEMBRE. Notim\u00e9rica\"},{\"@type\":\"BreadcrumbList\",\"@id\":\"https:\\\/\\\/www.eldiario.net\\\/portal\\\/2023\\\/11\\\/12\\\/massa-y-milei-encaran-empatados-el-tramo-final-de-campana-electoral\\\/#breadcrumb\",\"itemListElement\":[{\"@type\":\"ListItem\",\"position\":1,\"name\":\"Portada\",\"item\":\"https:\\\/\\\/www.eldiario.net\\\/portal\\\/\"},{\"@type\":\"ListItem\",\"position\":2,\"name\":\"Massa y Milei encaran empatados el tramo final de campa\u00f1a electoral\"}]},{\"@type\":\"WebSite\",\"@id\":\"https:\\\/\\\/www.eldiario.net\\\/portal\\\/#website\",\"url\":\"https:\\\/\\\/www.eldiario.net\\\/portal\\\/\",\"name\":\"El Diario - Decano de la prensa nacional\",\"description\":\"El Diario - Decano de la prensa nacional\",\"publisher\":{\"@id\":\"https:\\\/\\\/www.eldiario.net\\\/portal\\\/#organization\"},\"potentialAction\":[{\"@type\":\"SearchAction\",\"target\":{\"@type\":\"EntryPoint\",\"urlTemplate\":\"https:\\\/\\\/www.eldiario.net\\\/portal\\\/?s={search_term_string}\"},\"query-input\":{\"@type\":\"PropertyValueSpecification\",\"valueRequired\":true,\"valueName\":\"search_term_string\"}}],\"inLanguage\":\"es\"},{\"@type\":\"Organization\",\"@id\":\"https:\\\/\\\/www.eldiario.net\\\/portal\\\/#organization\",\"name\":\"El Diario - Decano de la prensa nacional\",\"url\":\"https:\\\/\\\/www.eldiario.net\\\/portal\\\/\",\"logo\":{\"@type\":\"ImageObject\",\"inLanguage\":\"es\",\"@id\":\"https:\\\/\\\/www.eldiario.net\\\/portal\\\/#\\\/schema\\\/logo\\\/image\\\/\",\"url\":\"https:\\\/\\\/www.eldiario.net\\\/portal\\\/wp-content\\\/uploads\\\/2023\\\/07\\\/logo_ED.jpg\",\"contentUrl\":\"https:\\\/\\\/www.eldiario.net\\\/portal\\\/wp-content\\\/uploads\\\/2023\\\/07\\\/logo_ED.jpg\",\"width\":272,\"height\":52,\"caption\":\"El Diario - Decano de la prensa nacional\"},\"image\":{\"@id\":\"https:\\\/\\\/www.eldiario.net\\\/portal\\\/#\\\/schema\\\/logo\\\/image\\\/\"},\"sameAs\":[\"https:\\\/\\\/www.facebook.com\\\/eldiario.bolivia\\\/\",\"https:\\\/\\\/x.com\\\/eldiario_net\"]},{\"@type\":\"Person\",\"@id\":\"https:\\\/\\\/www.eldiario.net\\\/portal\\\/#\\\/schema\\\/person\\\/f46445640444750d7d753ccd04ae01b7\",\"name\":\"Jeanette\",\"image\":{\"@type\":\"ImageObject\",\"inLanguage\":\"es\",\"@id\":\"https:\\\/\\\/secure.gravatar.com\\\/avatar\\\/3ea2118a5f7dad2b7138b1187a6b7ee55f160b9968b66013c3a3ef39dd7e5798?s=96&d=mm&r=g\",\"url\":\"https:\\\/\\\/secure.gravatar.com\\\/avatar\\\/3ea2118a5f7dad2b7138b1187a6b7ee55f160b9968b66013c3a3ef39dd7e5798?s=96&d=mm&r=g\",\"contentUrl\":\"https:\\\/\\\/secure.gravatar.com\\\/avatar\\\/3ea2118a5f7dad2b7138b1187a6b7ee55f160b9968b66013c3a3ef39dd7e5798?s=96&d=mm&r=g\",\"caption\":\"Jeanette\"},\"sameAs\":[\"https:\\\/\\\/www.eldiario.net\\\/portal\"],\"url\":\"https:\\\/\\\/www.eldiario.net\\\/portal\\\/author\\\/jeanette\\\/\"}]}<\/script>\n<!-- \/ Yoast SEO plugin. -->","yoast_head_json":{"title":"Massa y Milei encaran empatados el tramo final de campa\u00f1a electoral - El Diario - Bolivia","robots":{"index":"index","follow":"follow","max-snippet":"max-snippet:-1","max-image-preview":"max-image-preview:large","max-video-preview":"max-video-preview:-1"},"canonical":"https:\/\/www.eldiario.net\/portal\/2023\/11\/12\/massa-y-milei-encaran-empatados-el-tramo-final-de-campana-electoral\/","og_locale":"es_ES","og_type":"article","og_title":"Massa y Milei encaran empatados el tramo final de campa\u00f1a electoral - El Diario - Bolivia","og_description":"El ministro de Econom\u00eda de Argentina, Sergio Massa, candidato presidencial de Uni\u00f3n por la Patria, y su rival, el ultraliberal Javier Milei, de La Libertad Avanza, se mantienen en intenci\u00f3n de voto dentro de lo que podr\u00eda considerarse un empate t\u00e9cnico, sin que ninguno de ellos haya logrado consolidarse como favorito de cara a la [&hellip;]","og_url":"https:\/\/www.eldiario.net\/portal\/2023\/11\/12\/massa-y-milei-encaran-empatados-el-tramo-final-de-campana-electoral\/","og_site_name":"El Diario - Bolivia","article_publisher":"https:\/\/www.facebook.com\/eldiario.bolivia\/","article_published_time":"2023-11-12T11:25:44+00:00","og_image":[{"width":1200,"height":800,"url":"https:\/\/www.eldiario.net\/portal\/wp-content\/uploads\/2023\/11\/MILEI.jpg","type":"image\/jpeg"}],"author":"Jeanette","twitter_card":"summary_large_image","twitter_creator":"@eldiario_net","twitter_site":"@eldiario_net","twitter_misc":{"Escrito por":"Jeanette","Tiempo de lectura":"2 minutos"},"schema":{"@context":"https:\/\/schema.org","@graph":[{"@type":"Article","@id":"https:\/\/www.eldiario.net\/portal\/2023\/11\/12\/massa-y-milei-encaran-empatados-el-tramo-final-de-campana-electoral\/#article","isPartOf":{"@id":"https:\/\/www.eldiario.net\/portal\/2023\/11\/12\/massa-y-milei-encaran-empatados-el-tramo-final-de-campana-electoral\/"},"author":{"name":"Jeanette","@id":"https:\/\/www.eldiario.net\/portal\/#\/schema\/person\/f46445640444750d7d753ccd04ae01b7"},"headline":"Massa y Milei encaran empatados el tramo final de campa\u00f1a electoral","datePublished":"2023-11-12T11:25:44+00:00","mainEntityOfPage":{"@id":"https:\/\/www.eldiario.net\/portal\/2023\/11\/12\/massa-y-milei-encaran-empatados-el-tramo-final-de-campana-electoral\/"},"wordCount":436,"publisher":{"@id":"https:\/\/www.eldiario.net\/portal\/#organization"},"image":{"@id":"https:\/\/www.eldiario.net\/portal\/2023\/11\/12\/massa-y-milei-encaran-empatados-el-tramo-final-de-campana-electoral\/#primaryimage"},"thumbnailUrl":"https:\/\/www.eldiario.net\/portal\/wp-content\/uploads\/2023\/11\/MILEI.jpg","articleSection":["Internacional"],"inLanguage":"es"},{"@type":"WebPage","@id":"https:\/\/www.eldiario.net\/portal\/2023\/11\/12\/massa-y-milei-encaran-empatados-el-tramo-final-de-campana-electoral\/","url":"https:\/\/www.eldiario.net\/portal\/2023\/11\/12\/massa-y-milei-encaran-empatados-el-tramo-final-de-campana-electoral\/","name":"Massa y Milei encaran empatados el tramo final de campa\u00f1a electoral - El Diario - Bolivia","isPartOf":{"@id":"https:\/\/www.eldiario.net\/portal\/#website"},"primaryImageOfPage":{"@id":"https:\/\/www.eldiario.net\/portal\/2023\/11\/12\/massa-y-milei-encaran-empatados-el-tramo-final-de-campana-electoral\/#primaryimage"},"image":{"@id":"https:\/\/www.eldiario.net\/portal\/2023\/11\/12\/massa-y-milei-encaran-empatados-el-tramo-final-de-campana-electoral\/#primaryimage"},"thumbnailUrl":"https:\/\/www.eldiario.net\/portal\/wp-content\/uploads\/2023\/11\/MILEI.jpg","datePublished":"2023-11-12T11:25:44+00:00","breadcrumb":{"@id":"https:\/\/www.eldiario.net\/portal\/2023\/11\/12\/massa-y-milei-encaran-empatados-el-tramo-final-de-campana-electoral\/#breadcrumb"},"inLanguage":"es","potentialAction":[{"@type":"ReadAction","target":["https:\/\/www.eldiario.net\/portal\/2023\/11\/12\/massa-y-milei-encaran-empatados-el-tramo-final-de-campana-electoral\/"]}]},{"@type":"ImageObject","inLanguage":"es","@id":"https:\/\/www.eldiario.net\/portal\/2023\/11\/12\/massa-y-milei-encaran-empatados-el-tramo-final-de-campana-electoral\/#primaryimage","url":"https:\/\/www.eldiario.net\/portal\/wp-content\/uploads\/2023\/11\/MILEI.jpg","contentUrl":"https:\/\/www.eldiario.net\/portal\/wp-content\/uploads\/2023\/11\/MILEI.jpg","width":1200,"height":800,"caption":"MASSA Y MILEI SE ENFRENTAR\u00c1N EN EL BALOTAJE DEL PR\u00d3XIMO 19 DE NOVIEMBRE. Notim\u00e9rica"},{"@type":"BreadcrumbList","@id":"https:\/\/www.eldiario.net\/portal\/2023\/11\/12\/massa-y-milei-encaran-empatados-el-tramo-final-de-campana-electoral\/#breadcrumb","itemListElement":[{"@type":"ListItem","position":1,"name":"Portada","item":"https:\/\/www.eldiario.net\/portal\/"},{"@type":"ListItem","position":2,"name":"Massa y Milei encaran empatados el tramo final de campa\u00f1a electoral"}]},{"@type":"WebSite","@id":"https:\/\/www.eldiario.net\/portal\/#website","url":"https:\/\/www.eldiario.net\/portal\/","name":"El Diario - Decano de la prensa nacional","description":"El Diario - Decano de la prensa nacional","publisher":{"@id":"https:\/\/www.eldiario.net\/portal\/#organization"},"potentialAction":[{"@type":"SearchAction","target":{"@type":"EntryPoint","urlTemplate":"https:\/\/www.eldiario.net\/portal\/?s={search_term_string}"},"query-input":{"@type":"PropertyValueSpecification","valueRequired":true,"valueName":"search_term_string"}}],"inLanguage":"es"},{"@type":"Organization","@id":"https:\/\/www.eldiario.net\/portal\/#organization","name":"El Diario - Decano de la prensa nacional","url":"https:\/\/www.eldiario.net\/portal\/","logo":{"@type":"ImageObject","inLanguage":"es","@id":"https:\/\/www.eldiario.net\/portal\/#\/schema\/logo\/image\/","url":"https:\/\/www.eldiario.net\/portal\/wp-content\/uploads\/2023\/07\/logo_ED.jpg","contentUrl":"https:\/\/www.eldiario.net\/portal\/wp-content\/uploads\/2023\/07\/logo_ED.jpg","width":272,"height":52,"caption":"El Diario - Decano de la prensa nacional"},"image":{"@id":"https:\/\/www.eldiario.net\/portal\/#\/schema\/logo\/image\/"},"sameAs":["https:\/\/www.facebook.com\/eldiario.bolivia\/","https:\/\/x.com\/eldiario_net"]},{"@type":"Person","@id":"https:\/\/www.eldiario.net\/portal\/#\/schema\/person\/f46445640444750d7d753ccd04ae01b7","name":"Jeanette","image":{"@type":"ImageObject","inLanguage":"es","@id":"https:\/\/secure.gravatar.com\/avatar\/3ea2118a5f7dad2b7138b1187a6b7ee55f160b9968b66013c3a3ef39dd7e5798?s=96&d=mm&r=g","url":"https:\/\/secure.gravatar.com\/avatar\/3ea2118a5f7dad2b7138b1187a6b7ee55f160b9968b66013c3a3ef39dd7e5798?s=96&d=mm&r=g","contentUrl":"https:\/\/secure.gravatar.com\/avatar\/3ea2118a5f7dad2b7138b1187a6b7ee55f160b9968b66013c3a3ef39dd7e5798?s=96&d=mm&r=g","caption":"Jeanette"},"sameAs":["https:\/\/www.eldiario.net\/portal"],"url":"https:\/\/www.eldiario.net\/portal\/author\/jeanette\/"}]}},"_links":{"self":[{"href":"https:\/\/www.eldiario.net\/portal\/wp-json\/wp\/v2\/posts\/187027","targetHints":{"allow":["GET"]}}],"collection":[{"href":"https:\/\/www.eldiario.net\/portal\/wp-json\/wp\/v2\/posts"}],"about":[{"href":"https:\/\/www.eldiario.net\/portal\/wp-json\/wp\/v2\/types\/post"}],"author":[{"embeddable":true,"href":"https:\/\/www.eldiario.net\/portal\/wp-json\/wp\/v2\/users\/1"}],"replies":[{"embeddable":true,"href":"https:\/\/www.eldiario.net\/portal\/wp-json\/wp\/v2\/comments?post=187027"}],"version-history":[{"count":0,"href":"https:\/\/www.eldiario.net\/portal\/wp-json\/wp\/v2\/posts\/187027\/revisions"}],"wp:featuredmedia":[{"embeddable":true,"href":"https:\/\/www.eldiario.net\/portal\/wp-json\/wp\/v2\/media\/187028"}],"wp:attachment":[{"href":"https:\/\/www.eldiario.net\/portal\/wp-json\/wp\/v2\/media?parent=187027"}],"wp:term":[{"taxonomy":"category","embeddable":true,"href":"https:\/\/www.eldiario.net\/portal\/wp-json\/wp\/v2\/categories?post=187027"},{"taxonomy":"post_tag","embeddable":true,"href":"https:\/\/www.eldiario.net\/portal\/wp-json\/wp\/v2\/tags?post=187027"}],"curies":[{"name":"wp","href":"https:\/\/api.w.org\/{rel}","templated":true}]}}