{"id":187020,"date":"2023-11-12T07:23:03","date_gmt":"2023-11-12T11:23:03","guid":{"rendered":"https:\/\/www.eldiario.net\/portal\/?p=187020"},"modified":"2023-11-12T07:23:03","modified_gmt":"2023-11-12T11:23:03","slug":"fda-aprueba-primera-vacuna-contra-el-virus-la-chikungunya","status":"publish","type":"post","link":"https:\/\/www.eldiario.net\/portal\/2023\/11\/12\/fda-aprueba-primera-vacuna-contra-el-virus-la-chikungunya\/","title":{"rendered":"FDA aprueba primera vacuna  contra el virus la chikungunya"},"content":{"rendered":"<p>La Administraci\u00f3n de Alimentos y Medicamentos de Estados Unidos (FDA) aprob\u00f3 la primera vacuna del mundo para prevenir el chikungunya, una enfermedad transmitida por mosquitos que puede causar dolor debilitante en las articulaciones durante meses o a\u00f1os.<br \/>\nLa vacuna, vendida bajo la marca Ixchiq, llega en un momento en que los expertos en salud p\u00fablica est\u00e1n cada vez m\u00e1s preocupados por la propagaci\u00f3n de enfermedades transmitidas por vectores a nuevas regiones debido al cambio clim\u00e1tico, lo que representa un mayor riesgo para la salud humana, seg\u00fan inform\u00f3 el peri\u00f3dico \u2039The Washington Post\u203a.<br \/>\n\u00abLa aprobaci\u00f3n aborda una necesidad m\u00e9dica no cubierta y es un avance importante en la prevenci\u00f3n de una enfermedad potencialmente debilitante con opciones de tratamiento limitadas\u00bb, afirm\u00f3 el director del Centro de Evaluaci\u00f3n e Investigaci\u00f3n de Productos Biol\u00f3gicos de la FDA, Peter Marks, en un comunicado.<br \/>\nEl chikungunya es una enfermedad viral que se transmite a los humanos a trav\u00e9s de las picaduras de mosquitos Aedes infectados, espec\u00edficamente Aedes aegypti y Aedes albopictus. Sus s\u00edntomas incluyen fiebre alta, dolor intenso en articulaciones y m\u00fasculos, dolores de cabeza y sarpullido.<br \/>\nHasta ahora se identific\u00f3 casos de chikungunya en m\u00e1s de 110 pa\u00edses de Asia, \u00c1frica, Europa y Am\u00e9rica, seg\u00fan la Organizaci\u00f3n Mundial de la Salud (OMS), se notificaron m\u00e1s de dos millones de casos en todo el mundo desde 2005.<br \/>\nAntes de 2006, el virus rara vez se identificaba en viajeros estadounidenses, seg\u00fan los Centros para el Control y la Prevenci\u00f3n de Enfermedades, pero desde entonces, habit\u00f3 un promedio de 28 personas por a\u00f1o que dan positivo a la enfermedad y en 2022 los CDC informaron de 81 casos relacionados con viajes.<br \/>\n\u201cEsta es en gran medida, una vacuna para el futuro porque el chikungunya a\u00fan no est\u00e1 aqu\u00ed en gran medida, pero parece que lo estar\u00e1 en las pr\u00f3ximas d\u00e9cadas\u201d, dicho el decano de la Escuela Nacional de Medicina Tropical del Baylor College of Medicina y codirector del Centro para el Desarrollo de Vacunas del Texas Children&#8217;s Hospital, Peter Hotez.<br \/>\nHotez explic\u00f3 que el cambio clim\u00e1tico y la urbanizaci\u00f3n son los principales culpables de la creciente prevalencia de enfermedades transmitidas por vectores, como el chikungunya y a\u00f1adi\u00f3 que la aprobaci\u00f3n de Ixchiq sienta las bases para otras vacunas, para tratar enfermedades relacionadas con los mosquitos.<br \/>\nLa FDA ha aprobado Ixchiq, fabricado por la empresa de biotecnolog\u00eda Valneva Austria GmbH, como inyecci\u00f3n de dosis \u00fanica para personas mayores de 18 a\u00f1os que tienen un mayor riesgo de exposici\u00f3n a la enfermedad.<br \/>\nSe necesitan m\u00e1s datos sobre la vacuna para confirmar su eficacia y la gravedad de sus efectos secundarios, que incluyen dolores de cabeza, dolores musculares, fiebre y sensibilidad en el lugar de la inyecci\u00f3n. Como parte del proceso de aprobaci\u00f3n, la FDA exige que el fabricante realice estudios adicionales despu\u00e9s de que se hayan administrado las inyecciones.<br \/>\n\u00abA medida que se implemente esta vacuna, ser\u00e1 importante saber que previene enfermedades, y esos son los tipos de pasos que deben tomarse para confirmar que ser\u00e1 un \u00e9xito de salud p\u00fablica\u00bb, relat\u00f3 el m\u00e9dico especializado en enfermedades infecciosas y epidemi\u00f3logo de la Escuela de Salud P\u00fablica de Yale, Albert Ko.<br \/>\nNo existen tratamientos antivirales espec\u00edficos ni otras intervenciones preventivas para el chikungunya, ya que la mayor\u00eda de los s\u00edntomas agudos se resuelven en unos pocos d\u00edas, pero algunas personas pueden desarrollar dolor artr\u00edtico prolongado. Las personas con mayor riesgo de desarrollar una enfermedad grave son los reci\u00e9n nacidos que se infectaron en el momento en que nacieron y las personas mayores de 65 a\u00f1os. (Europa Press)<\/p>\n","protected":false},"excerpt":{"rendered":"<p>La Administraci\u00f3n de Alimentos y Medicamentos de Estados Unidos (FDA) aprob\u00f3 la primera vacuna del mundo para prevenir el chikungunya, una enfermedad transmitida por mosquitos que puede causar dolor debilitante en las articulaciones durante meses o a\u00f1os. La vacuna, vendida bajo la marca Ixchiq, llega en un momento en que los expertos en salud p\u00fablica [&hellip;]<\/p>\n","protected":false},"author":1,"featured_media":187021,"comment_status":"closed","ping_status":"open","sticky":false,"template":"","format":"standard","meta":{"_acf_changed":false,"footnotes":""},"categories":[3],"tags":[],"class_list":["post-187020","post","type-post","status-publish","format-standard","has-post-thumbnail","category-internacional"],"acf":{"antetitulo":""},"yoast_head":"<!-- This site is optimized with the Yoast SEO plugin v28.3 - https:\/\/yoast.com\/product\/yoast-seo-wordpress\/ -->\n<title>FDA aprueba primera vacuna contra el virus la chikungunya - El Diario - Bolivia<\/title>\n<meta name=\"robots\" content=\"index, follow, max-snippet:-1, max-image-preview:large, max-video-preview:-1\" \/>\n<link rel=\"canonical\" href=\"https:\/\/www.eldiario.net\/portal\/2023\/11\/12\/fda-aprueba-primera-vacuna-contra-el-virus-la-chikungunya\/\" \/>\n<meta property=\"og:locale\" content=\"es_ES\" \/>\n<meta property=\"og:type\" content=\"article\" \/>\n<meta property=\"og:title\" content=\"FDA aprueba primera vacuna contra el virus la chikungunya - El Diario - Bolivia\" \/>\n<meta property=\"og:description\" content=\"La Administraci\u00f3n de Alimentos y Medicamentos de Estados Unidos (FDA) aprob\u00f3 la primera vacuna del mundo para prevenir el chikungunya, una enfermedad transmitida por mosquitos que puede causar dolor debilitante en las articulaciones durante meses o a\u00f1os. La vacuna, vendida bajo la marca Ixchiq, llega en un momento en que los expertos en salud p\u00fablica [&hellip;]\" \/>\n<meta property=\"og:url\" content=\"https:\/\/www.eldiario.net\/portal\/2023\/11\/12\/fda-aprueba-primera-vacuna-contra-el-virus-la-chikungunya\/\" \/>\n<meta property=\"og:site_name\" content=\"El Diario - Bolivia\" \/>\n<meta property=\"article:publisher\" content=\"https:\/\/www.facebook.com\/eldiario.bolivia\/\" \/>\n<meta property=\"article:published_time\" content=\"2023-11-12T11:23:03+00:00\" \/>\n<meta property=\"og:image\" content=\"https:\/\/www.eldiario.net\/portal\/wp-content\/uploads\/2023\/11\/INSECTO.jpg\" \/>\n\t<meta property=\"og:image:width\" content=\"1640\" \/>\n\t<meta property=\"og:image:height\" content=\"924\" \/>\n\t<meta property=\"og:image:type\" content=\"image\/jpeg\" \/>\n<meta name=\"author\" content=\"Jeanette\" \/>\n<meta name=\"twitter:card\" content=\"summary_large_image\" \/>\n<meta name=\"twitter:creator\" content=\"@eldiario_net\" \/>\n<meta name=\"twitter:site\" content=\"@eldiario_net\" \/>\n<meta name=\"twitter:label1\" content=\"Escrito por\" \/>\n\t<meta name=\"twitter:data1\" content=\"Jeanette\" \/>\n\t<meta name=\"twitter:label2\" content=\"Tiempo de lectura\" \/>\n\t<meta name=\"twitter:data2\" content=\"3 minutos\" \/>\n<script type=\"application\/ld+json\" class=\"yoast-schema-graph\">{\"@context\":\"https:\\\/\\\/schema.org\",\"@graph\":[{\"@type\":\"Article\",\"@id\":\"https:\\\/\\\/www.eldiario.net\\\/portal\\\/2023\\\/11\\\/12\\\/fda-aprueba-primera-vacuna-contra-el-virus-la-chikungunya\\\/#article\",\"isPartOf\":{\"@id\":\"https:\\\/\\\/www.eldiario.net\\\/portal\\\/2023\\\/11\\\/12\\\/fda-aprueba-primera-vacuna-contra-el-virus-la-chikungunya\\\/\"},\"author\":{\"name\":\"Jeanette\",\"@id\":\"https:\\\/\\\/www.eldiario.net\\\/portal\\\/#\\\/schema\\\/person\\\/f46445640444750d7d753ccd04ae01b7\"},\"headline\":\"FDA aprueba primera vacuna contra el virus la chikungunya\",\"datePublished\":\"2023-11-12T11:23:03+00:00\",\"mainEntityOfPage\":{\"@id\":\"https:\\\/\\\/www.eldiario.net\\\/portal\\\/2023\\\/11\\\/12\\\/fda-aprueba-primera-vacuna-contra-el-virus-la-chikungunya\\\/\"},\"wordCount\":642,\"publisher\":{\"@id\":\"https:\\\/\\\/www.eldiario.net\\\/portal\\\/#organization\"},\"image\":{\"@id\":\"https:\\\/\\\/www.eldiario.net\\\/portal\\\/2023\\\/11\\\/12\\\/fda-aprueba-primera-vacuna-contra-el-virus-la-chikungunya\\\/#primaryimage\"},\"thumbnailUrl\":\"https:\\\/\\\/www.eldiario.net\\\/portal\\\/wp-content\\\/uploads\\\/2023\\\/11\\\/INSECTO.jpg\",\"articleSection\":[\"Internacional\"],\"inLanguage\":\"es\"},{\"@type\":\"WebPage\",\"@id\":\"https:\\\/\\\/www.eldiario.net\\\/portal\\\/2023\\\/11\\\/12\\\/fda-aprueba-primera-vacuna-contra-el-virus-la-chikungunya\\\/\",\"url\":\"https:\\\/\\\/www.eldiario.net\\\/portal\\\/2023\\\/11\\\/12\\\/fda-aprueba-primera-vacuna-contra-el-virus-la-chikungunya\\\/\",\"name\":\"FDA aprueba primera vacuna contra el virus la chikungunya - El Diario - Bolivia\",\"isPartOf\":{\"@id\":\"https:\\\/\\\/www.eldiario.net\\\/portal\\\/#website\"},\"primaryImageOfPage\":{\"@id\":\"https:\\\/\\\/www.eldiario.net\\\/portal\\\/2023\\\/11\\\/12\\\/fda-aprueba-primera-vacuna-contra-el-virus-la-chikungunya\\\/#primaryimage\"},\"image\":{\"@id\":\"https:\\\/\\\/www.eldiario.net\\\/portal\\\/2023\\\/11\\\/12\\\/fda-aprueba-primera-vacuna-contra-el-virus-la-chikungunya\\\/#primaryimage\"},\"thumbnailUrl\":\"https:\\\/\\\/www.eldiario.net\\\/portal\\\/wp-content\\\/uploads\\\/2023\\\/11\\\/INSECTO.jpg\",\"datePublished\":\"2023-11-12T11:23:03+00:00\",\"breadcrumb\":{\"@id\":\"https:\\\/\\\/www.eldiario.net\\\/portal\\\/2023\\\/11\\\/12\\\/fda-aprueba-primera-vacuna-contra-el-virus-la-chikungunya\\\/#breadcrumb\"},\"inLanguage\":\"es\",\"potentialAction\":[{\"@type\":\"ReadAction\",\"target\":[\"https:\\\/\\\/www.eldiario.net\\\/portal\\\/2023\\\/11\\\/12\\\/fda-aprueba-primera-vacuna-contra-el-virus-la-chikungunya\\\/\"]}]},{\"@type\":\"ImageObject\",\"inLanguage\":\"es\",\"@id\":\"https:\\\/\\\/www.eldiario.net\\\/portal\\\/2023\\\/11\\\/12\\\/fda-aprueba-primera-vacuna-contra-el-virus-la-chikungunya\\\/#primaryimage\",\"url\":\"https:\\\/\\\/www.eldiario.net\\\/portal\\\/wp-content\\\/uploads\\\/2023\\\/11\\\/INSECTO.jpg\",\"contentUrl\":\"https:\\\/\\\/www.eldiario.net\\\/portal\\\/wp-content\\\/uploads\\\/2023\\\/11\\\/INSECTO.jpg\",\"width\":1640,\"height\":924,\"caption\":\"LA PREOCUPACI\u00d3N FUE POR LA PROPAGACI\u00d3N DE ENFERMEDADES TRANSMITIDAS POR VECTORES.\"},{\"@type\":\"BreadcrumbList\",\"@id\":\"https:\\\/\\\/www.eldiario.net\\\/portal\\\/2023\\\/11\\\/12\\\/fda-aprueba-primera-vacuna-contra-el-virus-la-chikungunya\\\/#breadcrumb\",\"itemListElement\":[{\"@type\":\"ListItem\",\"position\":1,\"name\":\"Portada\",\"item\":\"https:\\\/\\\/www.eldiario.net\\\/portal\\\/\"},{\"@type\":\"ListItem\",\"position\":2,\"name\":\"FDA aprueba primera vacuna contra el virus la chikungunya\"}]},{\"@type\":\"WebSite\",\"@id\":\"https:\\\/\\\/www.eldiario.net\\\/portal\\\/#website\",\"url\":\"https:\\\/\\\/www.eldiario.net\\\/portal\\\/\",\"name\":\"El Diario - Decano de la prensa nacional\",\"description\":\"El Diario - Decano de la prensa nacional\",\"publisher\":{\"@id\":\"https:\\\/\\\/www.eldiario.net\\\/portal\\\/#organization\"},\"potentialAction\":[{\"@type\":\"SearchAction\",\"target\":{\"@type\":\"EntryPoint\",\"urlTemplate\":\"https:\\\/\\\/www.eldiario.net\\\/portal\\\/?s={search_term_string}\"},\"query-input\":{\"@type\":\"PropertyValueSpecification\",\"valueRequired\":true,\"valueName\":\"search_term_string\"}}],\"inLanguage\":\"es\"},{\"@type\":\"Organization\",\"@id\":\"https:\\\/\\\/www.eldiario.net\\\/portal\\\/#organization\",\"name\":\"El Diario - Decano de la prensa nacional\",\"url\":\"https:\\\/\\\/www.eldiario.net\\\/portal\\\/\",\"logo\":{\"@type\":\"ImageObject\",\"inLanguage\":\"es\",\"@id\":\"https:\\\/\\\/www.eldiario.net\\\/portal\\\/#\\\/schema\\\/logo\\\/image\\\/\",\"url\":\"https:\\\/\\\/www.eldiario.net\\\/portal\\\/wp-content\\\/uploads\\\/2023\\\/07\\\/logo_ED.jpg\",\"contentUrl\":\"https:\\\/\\\/www.eldiario.net\\\/portal\\\/wp-content\\\/uploads\\\/2023\\\/07\\\/logo_ED.jpg\",\"width\":272,\"height\":52,\"caption\":\"El Diario - Decano de la prensa nacional\"},\"image\":{\"@id\":\"https:\\\/\\\/www.eldiario.net\\\/portal\\\/#\\\/schema\\\/logo\\\/image\\\/\"},\"sameAs\":[\"https:\\\/\\\/www.facebook.com\\\/eldiario.bolivia\\\/\",\"https:\\\/\\\/x.com\\\/eldiario_net\"]},{\"@type\":\"Person\",\"@id\":\"https:\\\/\\\/www.eldiario.net\\\/portal\\\/#\\\/schema\\\/person\\\/f46445640444750d7d753ccd04ae01b7\",\"name\":\"Jeanette\",\"image\":{\"@type\":\"ImageObject\",\"inLanguage\":\"es\",\"@id\":\"https:\\\/\\\/secure.gravatar.com\\\/avatar\\\/3ea2118a5f7dad2b7138b1187a6b7ee55f160b9968b66013c3a3ef39dd7e5798?s=96&d=mm&r=g\",\"url\":\"https:\\\/\\\/secure.gravatar.com\\\/avatar\\\/3ea2118a5f7dad2b7138b1187a6b7ee55f160b9968b66013c3a3ef39dd7e5798?s=96&d=mm&r=g\",\"contentUrl\":\"https:\\\/\\\/secure.gravatar.com\\\/avatar\\\/3ea2118a5f7dad2b7138b1187a6b7ee55f160b9968b66013c3a3ef39dd7e5798?s=96&d=mm&r=g\",\"caption\":\"Jeanette\"},\"sameAs\":[\"https:\\\/\\\/www.eldiario.net\\\/portal\"],\"url\":\"https:\\\/\\\/www.eldiario.net\\\/portal\\\/author\\\/jeanette\\\/\"}]}<\/script>\n<!-- \/ Yoast SEO plugin. -->","yoast_head_json":{"title":"FDA aprueba primera vacuna contra el virus la chikungunya - El Diario - Bolivia","robots":{"index":"index","follow":"follow","max-snippet":"max-snippet:-1","max-image-preview":"max-image-preview:large","max-video-preview":"max-video-preview:-1"},"canonical":"https:\/\/www.eldiario.net\/portal\/2023\/11\/12\/fda-aprueba-primera-vacuna-contra-el-virus-la-chikungunya\/","og_locale":"es_ES","og_type":"article","og_title":"FDA aprueba primera vacuna contra el virus la chikungunya - El Diario - Bolivia","og_description":"La Administraci\u00f3n de Alimentos y Medicamentos de Estados Unidos (FDA) aprob\u00f3 la primera vacuna del mundo para prevenir el chikungunya, una enfermedad transmitida por mosquitos que puede causar dolor debilitante en las articulaciones durante meses o a\u00f1os. La vacuna, vendida bajo la marca Ixchiq, llega en un momento en que los expertos en salud p\u00fablica [&hellip;]","og_url":"https:\/\/www.eldiario.net\/portal\/2023\/11\/12\/fda-aprueba-primera-vacuna-contra-el-virus-la-chikungunya\/","og_site_name":"El Diario - Bolivia","article_publisher":"https:\/\/www.facebook.com\/eldiario.bolivia\/","article_published_time":"2023-11-12T11:23:03+00:00","og_image":[{"width":1640,"height":924,"url":"https:\/\/www.eldiario.net\/portal\/wp-content\/uploads\/2023\/11\/INSECTO.jpg","type":"image\/jpeg"}],"author":"Jeanette","twitter_card":"summary_large_image","twitter_creator":"@eldiario_net","twitter_site":"@eldiario_net","twitter_misc":{"Escrito por":"Jeanette","Tiempo de lectura":"3 minutos"},"schema":{"@context":"https:\/\/schema.org","@graph":[{"@type":"Article","@id":"https:\/\/www.eldiario.net\/portal\/2023\/11\/12\/fda-aprueba-primera-vacuna-contra-el-virus-la-chikungunya\/#article","isPartOf":{"@id":"https:\/\/www.eldiario.net\/portal\/2023\/11\/12\/fda-aprueba-primera-vacuna-contra-el-virus-la-chikungunya\/"},"author":{"name":"Jeanette","@id":"https:\/\/www.eldiario.net\/portal\/#\/schema\/person\/f46445640444750d7d753ccd04ae01b7"},"headline":"FDA aprueba primera vacuna contra el virus la chikungunya","datePublished":"2023-11-12T11:23:03+00:00","mainEntityOfPage":{"@id":"https:\/\/www.eldiario.net\/portal\/2023\/11\/12\/fda-aprueba-primera-vacuna-contra-el-virus-la-chikungunya\/"},"wordCount":642,"publisher":{"@id":"https:\/\/www.eldiario.net\/portal\/#organization"},"image":{"@id":"https:\/\/www.eldiario.net\/portal\/2023\/11\/12\/fda-aprueba-primera-vacuna-contra-el-virus-la-chikungunya\/#primaryimage"},"thumbnailUrl":"https:\/\/www.eldiario.net\/portal\/wp-content\/uploads\/2023\/11\/INSECTO.jpg","articleSection":["Internacional"],"inLanguage":"es"},{"@type":"WebPage","@id":"https:\/\/www.eldiario.net\/portal\/2023\/11\/12\/fda-aprueba-primera-vacuna-contra-el-virus-la-chikungunya\/","url":"https:\/\/www.eldiario.net\/portal\/2023\/11\/12\/fda-aprueba-primera-vacuna-contra-el-virus-la-chikungunya\/","name":"FDA aprueba primera vacuna contra el virus la chikungunya - El Diario - Bolivia","isPartOf":{"@id":"https:\/\/www.eldiario.net\/portal\/#website"},"primaryImageOfPage":{"@id":"https:\/\/www.eldiario.net\/portal\/2023\/11\/12\/fda-aprueba-primera-vacuna-contra-el-virus-la-chikungunya\/#primaryimage"},"image":{"@id":"https:\/\/www.eldiario.net\/portal\/2023\/11\/12\/fda-aprueba-primera-vacuna-contra-el-virus-la-chikungunya\/#primaryimage"},"thumbnailUrl":"https:\/\/www.eldiario.net\/portal\/wp-content\/uploads\/2023\/11\/INSECTO.jpg","datePublished":"2023-11-12T11:23:03+00:00","breadcrumb":{"@id":"https:\/\/www.eldiario.net\/portal\/2023\/11\/12\/fda-aprueba-primera-vacuna-contra-el-virus-la-chikungunya\/#breadcrumb"},"inLanguage":"es","potentialAction":[{"@type":"ReadAction","target":["https:\/\/www.eldiario.net\/portal\/2023\/11\/12\/fda-aprueba-primera-vacuna-contra-el-virus-la-chikungunya\/"]}]},{"@type":"ImageObject","inLanguage":"es","@id":"https:\/\/www.eldiario.net\/portal\/2023\/11\/12\/fda-aprueba-primera-vacuna-contra-el-virus-la-chikungunya\/#primaryimage","url":"https:\/\/www.eldiario.net\/portal\/wp-content\/uploads\/2023\/11\/INSECTO.jpg","contentUrl":"https:\/\/www.eldiario.net\/portal\/wp-content\/uploads\/2023\/11\/INSECTO.jpg","width":1640,"height":924,"caption":"LA PREOCUPACI\u00d3N FUE POR LA PROPAGACI\u00d3N DE ENFERMEDADES TRANSMITIDAS POR VECTORES."},{"@type":"BreadcrumbList","@id":"https:\/\/www.eldiario.net\/portal\/2023\/11\/12\/fda-aprueba-primera-vacuna-contra-el-virus-la-chikungunya\/#breadcrumb","itemListElement":[{"@type":"ListItem","position":1,"name":"Portada","item":"https:\/\/www.eldiario.net\/portal\/"},{"@type":"ListItem","position":2,"name":"FDA aprueba primera vacuna contra el virus la chikungunya"}]},{"@type":"WebSite","@id":"https:\/\/www.eldiario.net\/portal\/#website","url":"https:\/\/www.eldiario.net\/portal\/","name":"El Diario - Decano de la prensa nacional","description":"El Diario - Decano de la prensa nacional","publisher":{"@id":"https:\/\/www.eldiario.net\/portal\/#organization"},"potentialAction":[{"@type":"SearchAction","target":{"@type":"EntryPoint","urlTemplate":"https:\/\/www.eldiario.net\/portal\/?s={search_term_string}"},"query-input":{"@type":"PropertyValueSpecification","valueRequired":true,"valueName":"search_term_string"}}],"inLanguage":"es"},{"@type":"Organization","@id":"https:\/\/www.eldiario.net\/portal\/#organization","name":"El Diario - Decano de la prensa nacional","url":"https:\/\/www.eldiario.net\/portal\/","logo":{"@type":"ImageObject","inLanguage":"es","@id":"https:\/\/www.eldiario.net\/portal\/#\/schema\/logo\/image\/","url":"https:\/\/www.eldiario.net\/portal\/wp-content\/uploads\/2023\/07\/logo_ED.jpg","contentUrl":"https:\/\/www.eldiario.net\/portal\/wp-content\/uploads\/2023\/07\/logo_ED.jpg","width":272,"height":52,"caption":"El Diario - Decano de la prensa nacional"},"image":{"@id":"https:\/\/www.eldiario.net\/portal\/#\/schema\/logo\/image\/"},"sameAs":["https:\/\/www.facebook.com\/eldiario.bolivia\/","https:\/\/x.com\/eldiario_net"]},{"@type":"Person","@id":"https:\/\/www.eldiario.net\/portal\/#\/schema\/person\/f46445640444750d7d753ccd04ae01b7","name":"Jeanette","image":{"@type":"ImageObject","inLanguage":"es","@id":"https:\/\/secure.gravatar.com\/avatar\/3ea2118a5f7dad2b7138b1187a6b7ee55f160b9968b66013c3a3ef39dd7e5798?s=96&d=mm&r=g","url":"https:\/\/secure.gravatar.com\/avatar\/3ea2118a5f7dad2b7138b1187a6b7ee55f160b9968b66013c3a3ef39dd7e5798?s=96&d=mm&r=g","contentUrl":"https:\/\/secure.gravatar.com\/avatar\/3ea2118a5f7dad2b7138b1187a6b7ee55f160b9968b66013c3a3ef39dd7e5798?s=96&d=mm&r=g","caption":"Jeanette"},"sameAs":["https:\/\/www.eldiario.net\/portal"],"url":"https:\/\/www.eldiario.net\/portal\/author\/jeanette\/"}]}},"_links":{"self":[{"href":"https:\/\/www.eldiario.net\/portal\/wp-json\/wp\/v2\/posts\/187020","targetHints":{"allow":["GET"]}}],"collection":[{"href":"https:\/\/www.eldiario.net\/portal\/wp-json\/wp\/v2\/posts"}],"about":[{"href":"https:\/\/www.eldiario.net\/portal\/wp-json\/wp\/v2\/types\/post"}],"author":[{"embeddable":true,"href":"https:\/\/www.eldiario.net\/portal\/wp-json\/wp\/v2\/users\/1"}],"replies":[{"embeddable":true,"href":"https:\/\/www.eldiario.net\/portal\/wp-json\/wp\/v2\/comments?post=187020"}],"version-history":[{"count":0,"href":"https:\/\/www.eldiario.net\/portal\/wp-json\/wp\/v2\/posts\/187020\/revisions"}],"wp:featuredmedia":[{"embeddable":true,"href":"https:\/\/www.eldiario.net\/portal\/wp-json\/wp\/v2\/media\/187021"}],"wp:attachment":[{"href":"https:\/\/www.eldiario.net\/portal\/wp-json\/wp\/v2\/media?parent=187020"}],"wp:term":[{"taxonomy":"category","embeddable":true,"href":"https:\/\/www.eldiario.net\/portal\/wp-json\/wp\/v2\/categories?post=187020"},{"taxonomy":"post_tag","embeddable":true,"href":"https:\/\/www.eldiario.net\/portal\/wp-json\/wp\/v2\/tags?post=187020"}],"curies":[{"name":"wp","href":"https:\/\/api.w.org\/{rel}","templated":true}]}}