{"id":187014,"date":"2023-11-12T07:20:40","date_gmt":"2023-11-12T11:20:40","guid":{"rendered":"https:\/\/www.eldiario.net\/portal\/?p=187014"},"modified":"2023-11-12T07:20:40","modified_gmt":"2023-11-12T11:20:40","slug":"onu-denuncia-situacion-critica-y-alerta-crisis-prolongada-en-sudan","status":"publish","type":"post","link":"https:\/\/www.eldiario.net\/portal\/2023\/11\/12\/onu-denuncia-situacion-critica-y-alerta-crisis-prolongada-en-sudan\/","title":{"rendered":"ONU denuncia situaci\u00f3n cr\u00edtica y  alerta crisis prolongada en Sud\u00e1n"},"content":{"rendered":"<p>La coordinadora humanitaria de la ONU para Sud\u00e1n, Clementine Nkweta-Salami, denunci\u00f3 lo que est\u00e1 sucediendo en la regi\u00f3n, zona de \u201cpura maldad\u201d y advirti\u00f3 de que, si no se act\u00faa ahora, el pa\u00eds corre el riesgo de convertirse en una crisis prolongada con pocas esperanzas y menos sue\u00f1os.<br \/>\n\u201cLos civiles de Sud\u00e1n sufrieron casi siete meses de intenso conflicto y una tragedia humanitaria que se vuelve m\u00e1s sombr\u00eda cada d\u00eda, donde muchas personas fallecieron y otros heridos, adem\u00e1s de muchos desaparecidos que hasta el momento no se cuantificaron\u201d, lament\u00f3 la representante de la ONU en un comunicado, en el que expuso que cuentan con informes \u201cimplacables y atroces\u201d que atestiguan los casos de violencia sexual y de g\u00e9nero, las desapariciones forzadas y detenciones arbitrarias, as\u00ed como las graves violaciones de los Derechos Humanos y de los ni\u00f1os cometidos en el pa\u00eds, temas que no se han abordado para que sean sancionados.<br \/>\n\u201cLa protecci\u00f3n de los civiles sigue siendo motivo de gran preocupaci\u00f3n\u201d, reconoci\u00f3 Nkweta-Salami, quien reiter\u00f3 el llamamiento que hizo al Ej\u00e9rcito de Sud\u00e1n y a los paramilitares Fuerzas de Apoyo R\u00e1pido (RSF) para que cumplan las promesas de proteger a los civiles y brindar acceso humanitario sin obst\u00e1culos, alcanzados durante el di\u00e1logo en Arabia Saud\u00ed.<br \/>\n\u201cSeguir\u00e9 pidiendo a todas las partes en el conflicto de Sud\u00e1n que cumplan con sus obligaciones en virtud del Derecho Internacional de los Derechos Humanos y el Derecho Humanitario. Esto no es opcional. Estos ataques deben cesar y los responsables deben rendir cuentas, porque nadie puede aceptar la magnitud que alcanz\u00f3 todas las muertes y lo que es peor, personas civiles y ni\u00f1os son los m\u00e1s perjudicados\u201d, sentenci\u00f3 la coordinadora humanitaria regional.<br \/>\nTras casi siete meses de conflicto, m\u00e1s de la mitad de la poblaci\u00f3n sudanesa, unos 25 millones de personas, necesitan asistencia y protecci\u00f3n, alrededor de seis millones de personas huyeron de sus hogares y se encuentran desplazadas dentro del pa\u00eds o en pa\u00edses vecinos, seg\u00fan la ONU. \u201cNo son s\u00f3lo n\u00fameros; son individuos cuyas vidas fueron desarraigadas y cambiadas para siempre, porque muchas personas que huyeron de la guerra y toda la violencia desatada ya no se encuentran con sus familiares y lo que es peor ni\u00f1os sin sus padres\u201d, reivindic\u00f3 Clementine Nkweta-Salami.<br \/>\nDesde Naciones Unidas alertaron, adem\u00e1s, de que \u201cel sector de la salud fue diezmado y m\u00e1s del 70 por ciento de los centros de salud en zonas de conflicto est\u00e1n fuera de servicio\u201d, una situaci\u00f3n que describieron como extremadamente preocupante, sobre todo teniendo en cuenta los continuos brotes de enfermedades como el c\u00f3lera, el dengue, la malaria y el sarampi\u00f3n.<br \/>\nEn este contexto, resalt\u00f3 la instituci\u00f3n que la falta de financiaci\u00f3n se convirti\u00f3 en un elemento determinante. \u201cHasta ahora, hemos recibido poco m\u00e1s de un tercio de los 2.600 millones de d\u00f3lares (unos 2.400 millones de euros) necesarios para la respuesta humanitaria de este a\u00f1o\u201d. \u201cLos donantes fueron generosos, pero el pueblo de Sud\u00e1n necesita un apoyo sostenido\u201d, se explica en la nota emitida.<br \/>\n\u201cAdem\u00e1s de los impedimentos y la financiaci\u00f3n, mantener la atenci\u00f3n del mundo es un desaf\u00edo enorme. El mundo est\u00e1 acosado por crisis, muchas de las cuales atraen mucha m\u00e1s atenci\u00f3n que la crisis en Sud\u00e1n por una multitud de factores, pero no por la escalada de la crisis o la profundidad de la miseria. En este sentido, la crisis de Sud\u00e1n tiene pocos iguales\u201d, concluy\u00f3 Nkweta-Salami. (Europa Press)<\/p>\n","protected":false},"excerpt":{"rendered":"<p>La coordinadora humanitaria de la ONU para Sud\u00e1n, Clementine Nkweta-Salami, denunci\u00f3 lo que est\u00e1 sucediendo en la regi\u00f3n, zona de \u201cpura maldad\u201d y advirti\u00f3 de que, si no se act\u00faa ahora, el pa\u00eds corre el riesgo de convertirse en una crisis prolongada con pocas esperanzas y menos sue\u00f1os. \u201cLos civiles de Sud\u00e1n sufrieron casi siete [&hellip;]<\/p>\n","protected":false},"author":1,"featured_media":187015,"comment_status":"closed","ping_status":"open","sticky":false,"template":"","format":"standard","meta":{"_acf_changed":false,"footnotes":""},"categories":[3],"tags":[],"class_list":["post-187014","post","type-post","status-publish","format-standard","has-post-thumbnail","category-internacional"],"acf":{"antetitulo":""},"yoast_head":"<!-- This site is optimized with the Yoast SEO plugin v28.3 - https:\/\/yoast.com\/product\/yoast-seo-wordpress\/ -->\n<title>ONU denuncia situaci\u00f3n cr\u00edtica y alerta crisis prolongada en Sud\u00e1n - El Diario - Bolivia<\/title>\n<meta name=\"robots\" content=\"index, follow, max-snippet:-1, max-image-preview:large, max-video-preview:-1\" \/>\n<link rel=\"canonical\" href=\"https:\/\/www.eldiario.net\/portal\/2023\/11\/12\/onu-denuncia-situacion-critica-y-alerta-crisis-prolongada-en-sudan\/\" \/>\n<meta property=\"og:locale\" content=\"es_ES\" \/>\n<meta property=\"og:type\" content=\"article\" \/>\n<meta property=\"og:title\" content=\"ONU denuncia situaci\u00f3n cr\u00edtica y alerta crisis prolongada en Sud\u00e1n - El Diario - Bolivia\" \/>\n<meta property=\"og:description\" content=\"La coordinadora humanitaria de la ONU para Sud\u00e1n, Clementine Nkweta-Salami, denunci\u00f3 lo que est\u00e1 sucediendo en la regi\u00f3n, zona de \u201cpura maldad\u201d y advirti\u00f3 de que, si no se act\u00faa ahora, el pa\u00eds corre el riesgo de convertirse en una crisis prolongada con pocas esperanzas y menos sue\u00f1os. \u201cLos civiles de Sud\u00e1n sufrieron casi siete [&hellip;]\" \/>\n<meta property=\"og:url\" content=\"https:\/\/www.eldiario.net\/portal\/2023\/11\/12\/onu-denuncia-situacion-critica-y-alerta-crisis-prolongada-en-sudan\/\" \/>\n<meta property=\"og:site_name\" content=\"El Diario - Bolivia\" \/>\n<meta property=\"article:publisher\" content=\"https:\/\/www.facebook.com\/eldiario.bolivia\/\" \/>\n<meta property=\"article:published_time\" content=\"2023-11-12T11:20:40+00:00\" \/>\n<meta property=\"og:image\" content=\"https:\/\/www.eldiario.net\/portal\/wp-content\/uploads\/2023\/11\/POBREZA.webp\" \/>\n\t<meta property=\"og:image:width\" content=\"1199\" \/>\n\t<meta property=\"og:image:height\" content=\"674\" \/>\n\t<meta property=\"og:image:type\" content=\"image\/webp\" \/>\n<meta name=\"author\" content=\"Jeanette\" \/>\n<meta name=\"twitter:card\" content=\"summary_large_image\" \/>\n<meta name=\"twitter:creator\" content=\"@eldiario_net\" \/>\n<meta name=\"twitter:site\" content=\"@eldiario_net\" \/>\n<meta name=\"twitter:label1\" content=\"Escrito por\" \/>\n\t<meta name=\"twitter:data1\" content=\"Jeanette\" \/>\n\t<meta name=\"twitter:label2\" content=\"Tiempo de lectura\" \/>\n\t<meta name=\"twitter:data2\" content=\"3 minutos\" \/>\n<script type=\"application\/ld+json\" class=\"yoast-schema-graph\">{\"@context\":\"https:\\\/\\\/schema.org\",\"@graph\":[{\"@type\":\"Article\",\"@id\":\"https:\\\/\\\/www.eldiario.net\\\/portal\\\/2023\\\/11\\\/12\\\/onu-denuncia-situacion-critica-y-alerta-crisis-prolongada-en-sudan\\\/#article\",\"isPartOf\":{\"@id\":\"https:\\\/\\\/www.eldiario.net\\\/portal\\\/2023\\\/11\\\/12\\\/onu-denuncia-situacion-critica-y-alerta-crisis-prolongada-en-sudan\\\/\"},\"author\":{\"name\":\"Jeanette\",\"@id\":\"https:\\\/\\\/www.eldiario.net\\\/portal\\\/#\\\/schema\\\/person\\\/f46445640444750d7d753ccd04ae01b7\"},\"headline\":\"ONU denuncia situaci\u00f3n cr\u00edtica y alerta crisis prolongada en Sud\u00e1n\",\"datePublished\":\"2023-11-12T11:20:40+00:00\",\"mainEntityOfPage\":{\"@id\":\"https:\\\/\\\/www.eldiario.net\\\/portal\\\/2023\\\/11\\\/12\\\/onu-denuncia-situacion-critica-y-alerta-crisis-prolongada-en-sudan\\\/\"},\"wordCount\":624,\"publisher\":{\"@id\":\"https:\\\/\\\/www.eldiario.net\\\/portal\\\/#organization\"},\"image\":{\"@id\":\"https:\\\/\\\/www.eldiario.net\\\/portal\\\/2023\\\/11\\\/12\\\/onu-denuncia-situacion-critica-y-alerta-crisis-prolongada-en-sudan\\\/#primaryimage\"},\"thumbnailUrl\":\"https:\\\/\\\/www.eldiario.net\\\/portal\\\/wp-content\\\/uploads\\\/2023\\\/11\\\/POBREZA.webp\",\"articleSection\":[\"Internacional\"],\"inLanguage\":\"es\"},{\"@type\":\"WebPage\",\"@id\":\"https:\\\/\\\/www.eldiario.net\\\/portal\\\/2023\\\/11\\\/12\\\/onu-denuncia-situacion-critica-y-alerta-crisis-prolongada-en-sudan\\\/\",\"url\":\"https:\\\/\\\/www.eldiario.net\\\/portal\\\/2023\\\/11\\\/12\\\/onu-denuncia-situacion-critica-y-alerta-crisis-prolongada-en-sudan\\\/\",\"name\":\"ONU denuncia situaci\u00f3n cr\u00edtica y alerta crisis prolongada en Sud\u00e1n - El Diario - Bolivia\",\"isPartOf\":{\"@id\":\"https:\\\/\\\/www.eldiario.net\\\/portal\\\/#website\"},\"primaryImageOfPage\":{\"@id\":\"https:\\\/\\\/www.eldiario.net\\\/portal\\\/2023\\\/11\\\/12\\\/onu-denuncia-situacion-critica-y-alerta-crisis-prolongada-en-sudan\\\/#primaryimage\"},\"image\":{\"@id\":\"https:\\\/\\\/www.eldiario.net\\\/portal\\\/2023\\\/11\\\/12\\\/onu-denuncia-situacion-critica-y-alerta-crisis-prolongada-en-sudan\\\/#primaryimage\"},\"thumbnailUrl\":\"https:\\\/\\\/www.eldiario.net\\\/portal\\\/wp-content\\\/uploads\\\/2023\\\/11\\\/POBREZA.webp\",\"datePublished\":\"2023-11-12T11:20:40+00:00\",\"breadcrumb\":{\"@id\":\"https:\\\/\\\/www.eldiario.net\\\/portal\\\/2023\\\/11\\\/12\\\/onu-denuncia-situacion-critica-y-alerta-crisis-prolongada-en-sudan\\\/#breadcrumb\"},\"inLanguage\":\"es\",\"potentialAction\":[{\"@type\":\"ReadAction\",\"target\":[\"https:\\\/\\\/www.eldiario.net\\\/portal\\\/2023\\\/11\\\/12\\\/onu-denuncia-situacion-critica-y-alerta-crisis-prolongada-en-sudan\\\/\"]}]},{\"@type\":\"ImageObject\",\"inLanguage\":\"es\",\"@id\":\"https:\\\/\\\/www.eldiario.net\\\/portal\\\/2023\\\/11\\\/12\\\/onu-denuncia-situacion-critica-y-alerta-crisis-prolongada-en-sudan\\\/#primaryimage\",\"url\":\"https:\\\/\\\/www.eldiario.net\\\/portal\\\/wp-content\\\/uploads\\\/2023\\\/11\\\/POBREZA.webp\",\"contentUrl\":\"https:\\\/\\\/www.eldiario.net\\\/portal\\\/wp-content\\\/uploads\\\/2023\\\/11\\\/POBREZA.webp\",\"width\":1199,\"height\":674,\"caption\":\"NKWETA-SALAMI ASEGURA QUE LA PROTECCI\u00d3N A CIVILES ES LA PREOCUPACI\u00d3N. DW\"},{\"@type\":\"BreadcrumbList\",\"@id\":\"https:\\\/\\\/www.eldiario.net\\\/portal\\\/2023\\\/11\\\/12\\\/onu-denuncia-situacion-critica-y-alerta-crisis-prolongada-en-sudan\\\/#breadcrumb\",\"itemListElement\":[{\"@type\":\"ListItem\",\"position\":1,\"name\":\"Portada\",\"item\":\"https:\\\/\\\/www.eldiario.net\\\/portal\\\/\"},{\"@type\":\"ListItem\",\"position\":2,\"name\":\"ONU denuncia situaci\u00f3n cr\u00edtica y alerta crisis prolongada en Sud\u00e1n\"}]},{\"@type\":\"WebSite\",\"@id\":\"https:\\\/\\\/www.eldiario.net\\\/portal\\\/#website\",\"url\":\"https:\\\/\\\/www.eldiario.net\\\/portal\\\/\",\"name\":\"El Diario - Decano de la prensa nacional\",\"description\":\"El Diario - Decano de la prensa nacional\",\"publisher\":{\"@id\":\"https:\\\/\\\/www.eldiario.net\\\/portal\\\/#organization\"},\"potentialAction\":[{\"@type\":\"SearchAction\",\"target\":{\"@type\":\"EntryPoint\",\"urlTemplate\":\"https:\\\/\\\/www.eldiario.net\\\/portal\\\/?s={search_term_string}\"},\"query-input\":{\"@type\":\"PropertyValueSpecification\",\"valueRequired\":true,\"valueName\":\"search_term_string\"}}],\"inLanguage\":\"es\"},{\"@type\":\"Organization\",\"@id\":\"https:\\\/\\\/www.eldiario.net\\\/portal\\\/#organization\",\"name\":\"El Diario - Decano de la prensa nacional\",\"url\":\"https:\\\/\\\/www.eldiario.net\\\/portal\\\/\",\"logo\":{\"@type\":\"ImageObject\",\"inLanguage\":\"es\",\"@id\":\"https:\\\/\\\/www.eldiario.net\\\/portal\\\/#\\\/schema\\\/logo\\\/image\\\/\",\"url\":\"https:\\\/\\\/www.eldiario.net\\\/portal\\\/wp-content\\\/uploads\\\/2023\\\/07\\\/logo_ED.jpg\",\"contentUrl\":\"https:\\\/\\\/www.eldiario.net\\\/portal\\\/wp-content\\\/uploads\\\/2023\\\/07\\\/logo_ED.jpg\",\"width\":272,\"height\":52,\"caption\":\"El Diario - Decano de la prensa nacional\"},\"image\":{\"@id\":\"https:\\\/\\\/www.eldiario.net\\\/portal\\\/#\\\/schema\\\/logo\\\/image\\\/\"},\"sameAs\":[\"https:\\\/\\\/www.facebook.com\\\/eldiario.bolivia\\\/\",\"https:\\\/\\\/x.com\\\/eldiario_net\"]},{\"@type\":\"Person\",\"@id\":\"https:\\\/\\\/www.eldiario.net\\\/portal\\\/#\\\/schema\\\/person\\\/f46445640444750d7d753ccd04ae01b7\",\"name\":\"Jeanette\",\"image\":{\"@type\":\"ImageObject\",\"inLanguage\":\"es\",\"@id\":\"https:\\\/\\\/secure.gravatar.com\\\/avatar\\\/3ea2118a5f7dad2b7138b1187a6b7ee55f160b9968b66013c3a3ef39dd7e5798?s=96&d=mm&r=g\",\"url\":\"https:\\\/\\\/secure.gravatar.com\\\/avatar\\\/3ea2118a5f7dad2b7138b1187a6b7ee55f160b9968b66013c3a3ef39dd7e5798?s=96&d=mm&r=g\",\"contentUrl\":\"https:\\\/\\\/secure.gravatar.com\\\/avatar\\\/3ea2118a5f7dad2b7138b1187a6b7ee55f160b9968b66013c3a3ef39dd7e5798?s=96&d=mm&r=g\",\"caption\":\"Jeanette\"},\"sameAs\":[\"https:\\\/\\\/www.eldiario.net\\\/portal\"],\"url\":\"https:\\\/\\\/www.eldiario.net\\\/portal\\\/author\\\/jeanette\\\/\"}]}<\/script>\n<!-- \/ Yoast SEO plugin. -->","yoast_head_json":{"title":"ONU denuncia situaci\u00f3n cr\u00edtica y alerta crisis prolongada en Sud\u00e1n - El Diario - Bolivia","robots":{"index":"index","follow":"follow","max-snippet":"max-snippet:-1","max-image-preview":"max-image-preview:large","max-video-preview":"max-video-preview:-1"},"canonical":"https:\/\/www.eldiario.net\/portal\/2023\/11\/12\/onu-denuncia-situacion-critica-y-alerta-crisis-prolongada-en-sudan\/","og_locale":"es_ES","og_type":"article","og_title":"ONU denuncia situaci\u00f3n cr\u00edtica y alerta crisis prolongada en Sud\u00e1n - El Diario - Bolivia","og_description":"La coordinadora humanitaria de la ONU para Sud\u00e1n, Clementine Nkweta-Salami, denunci\u00f3 lo que est\u00e1 sucediendo en la regi\u00f3n, zona de \u201cpura maldad\u201d y advirti\u00f3 de que, si no se act\u00faa ahora, el pa\u00eds corre el riesgo de convertirse en una crisis prolongada con pocas esperanzas y menos sue\u00f1os. \u201cLos civiles de Sud\u00e1n sufrieron casi siete [&hellip;]","og_url":"https:\/\/www.eldiario.net\/portal\/2023\/11\/12\/onu-denuncia-situacion-critica-y-alerta-crisis-prolongada-en-sudan\/","og_site_name":"El Diario - Bolivia","article_publisher":"https:\/\/www.facebook.com\/eldiario.bolivia\/","article_published_time":"2023-11-12T11:20:40+00:00","og_image":[{"width":1199,"height":674,"url":"https:\/\/www.eldiario.net\/portal\/wp-content\/uploads\/2023\/11\/POBREZA.webp","type":"image\/webp"}],"author":"Jeanette","twitter_card":"summary_large_image","twitter_creator":"@eldiario_net","twitter_site":"@eldiario_net","twitter_misc":{"Escrito por":"Jeanette","Tiempo de lectura":"3 minutos"},"schema":{"@context":"https:\/\/schema.org","@graph":[{"@type":"Article","@id":"https:\/\/www.eldiario.net\/portal\/2023\/11\/12\/onu-denuncia-situacion-critica-y-alerta-crisis-prolongada-en-sudan\/#article","isPartOf":{"@id":"https:\/\/www.eldiario.net\/portal\/2023\/11\/12\/onu-denuncia-situacion-critica-y-alerta-crisis-prolongada-en-sudan\/"},"author":{"name":"Jeanette","@id":"https:\/\/www.eldiario.net\/portal\/#\/schema\/person\/f46445640444750d7d753ccd04ae01b7"},"headline":"ONU denuncia situaci\u00f3n cr\u00edtica y alerta crisis prolongada en Sud\u00e1n","datePublished":"2023-11-12T11:20:40+00:00","mainEntityOfPage":{"@id":"https:\/\/www.eldiario.net\/portal\/2023\/11\/12\/onu-denuncia-situacion-critica-y-alerta-crisis-prolongada-en-sudan\/"},"wordCount":624,"publisher":{"@id":"https:\/\/www.eldiario.net\/portal\/#organization"},"image":{"@id":"https:\/\/www.eldiario.net\/portal\/2023\/11\/12\/onu-denuncia-situacion-critica-y-alerta-crisis-prolongada-en-sudan\/#primaryimage"},"thumbnailUrl":"https:\/\/www.eldiario.net\/portal\/wp-content\/uploads\/2023\/11\/POBREZA.webp","articleSection":["Internacional"],"inLanguage":"es"},{"@type":"WebPage","@id":"https:\/\/www.eldiario.net\/portal\/2023\/11\/12\/onu-denuncia-situacion-critica-y-alerta-crisis-prolongada-en-sudan\/","url":"https:\/\/www.eldiario.net\/portal\/2023\/11\/12\/onu-denuncia-situacion-critica-y-alerta-crisis-prolongada-en-sudan\/","name":"ONU denuncia situaci\u00f3n cr\u00edtica y alerta crisis prolongada en Sud\u00e1n - El Diario - Bolivia","isPartOf":{"@id":"https:\/\/www.eldiario.net\/portal\/#website"},"primaryImageOfPage":{"@id":"https:\/\/www.eldiario.net\/portal\/2023\/11\/12\/onu-denuncia-situacion-critica-y-alerta-crisis-prolongada-en-sudan\/#primaryimage"},"image":{"@id":"https:\/\/www.eldiario.net\/portal\/2023\/11\/12\/onu-denuncia-situacion-critica-y-alerta-crisis-prolongada-en-sudan\/#primaryimage"},"thumbnailUrl":"https:\/\/www.eldiario.net\/portal\/wp-content\/uploads\/2023\/11\/POBREZA.webp","datePublished":"2023-11-12T11:20:40+00:00","breadcrumb":{"@id":"https:\/\/www.eldiario.net\/portal\/2023\/11\/12\/onu-denuncia-situacion-critica-y-alerta-crisis-prolongada-en-sudan\/#breadcrumb"},"inLanguage":"es","potentialAction":[{"@type":"ReadAction","target":["https:\/\/www.eldiario.net\/portal\/2023\/11\/12\/onu-denuncia-situacion-critica-y-alerta-crisis-prolongada-en-sudan\/"]}]},{"@type":"ImageObject","inLanguage":"es","@id":"https:\/\/www.eldiario.net\/portal\/2023\/11\/12\/onu-denuncia-situacion-critica-y-alerta-crisis-prolongada-en-sudan\/#primaryimage","url":"https:\/\/www.eldiario.net\/portal\/wp-content\/uploads\/2023\/11\/POBREZA.webp","contentUrl":"https:\/\/www.eldiario.net\/portal\/wp-content\/uploads\/2023\/11\/POBREZA.webp","width":1199,"height":674,"caption":"NKWETA-SALAMI ASEGURA QUE LA PROTECCI\u00d3N A CIVILES ES LA PREOCUPACI\u00d3N. DW"},{"@type":"BreadcrumbList","@id":"https:\/\/www.eldiario.net\/portal\/2023\/11\/12\/onu-denuncia-situacion-critica-y-alerta-crisis-prolongada-en-sudan\/#breadcrumb","itemListElement":[{"@type":"ListItem","position":1,"name":"Portada","item":"https:\/\/www.eldiario.net\/portal\/"},{"@type":"ListItem","position":2,"name":"ONU denuncia situaci\u00f3n cr\u00edtica y alerta crisis prolongada en Sud\u00e1n"}]},{"@type":"WebSite","@id":"https:\/\/www.eldiario.net\/portal\/#website","url":"https:\/\/www.eldiario.net\/portal\/","name":"El Diario - Decano de la prensa nacional","description":"El Diario - Decano de la prensa nacional","publisher":{"@id":"https:\/\/www.eldiario.net\/portal\/#organization"},"potentialAction":[{"@type":"SearchAction","target":{"@type":"EntryPoint","urlTemplate":"https:\/\/www.eldiario.net\/portal\/?s={search_term_string}"},"query-input":{"@type":"PropertyValueSpecification","valueRequired":true,"valueName":"search_term_string"}}],"inLanguage":"es"},{"@type":"Organization","@id":"https:\/\/www.eldiario.net\/portal\/#organization","name":"El Diario - Decano de la prensa nacional","url":"https:\/\/www.eldiario.net\/portal\/","logo":{"@type":"ImageObject","inLanguage":"es","@id":"https:\/\/www.eldiario.net\/portal\/#\/schema\/logo\/image\/","url":"https:\/\/www.eldiario.net\/portal\/wp-content\/uploads\/2023\/07\/logo_ED.jpg","contentUrl":"https:\/\/www.eldiario.net\/portal\/wp-content\/uploads\/2023\/07\/logo_ED.jpg","width":272,"height":52,"caption":"El Diario - Decano de la prensa nacional"},"image":{"@id":"https:\/\/www.eldiario.net\/portal\/#\/schema\/logo\/image\/"},"sameAs":["https:\/\/www.facebook.com\/eldiario.bolivia\/","https:\/\/x.com\/eldiario_net"]},{"@type":"Person","@id":"https:\/\/www.eldiario.net\/portal\/#\/schema\/person\/f46445640444750d7d753ccd04ae01b7","name":"Jeanette","image":{"@type":"ImageObject","inLanguage":"es","@id":"https:\/\/secure.gravatar.com\/avatar\/3ea2118a5f7dad2b7138b1187a6b7ee55f160b9968b66013c3a3ef39dd7e5798?s=96&d=mm&r=g","url":"https:\/\/secure.gravatar.com\/avatar\/3ea2118a5f7dad2b7138b1187a6b7ee55f160b9968b66013c3a3ef39dd7e5798?s=96&d=mm&r=g","contentUrl":"https:\/\/secure.gravatar.com\/avatar\/3ea2118a5f7dad2b7138b1187a6b7ee55f160b9968b66013c3a3ef39dd7e5798?s=96&d=mm&r=g","caption":"Jeanette"},"sameAs":["https:\/\/www.eldiario.net\/portal"],"url":"https:\/\/www.eldiario.net\/portal\/author\/jeanette\/"}]}},"_links":{"self":[{"href":"https:\/\/www.eldiario.net\/portal\/wp-json\/wp\/v2\/posts\/187014","targetHints":{"allow":["GET"]}}],"collection":[{"href":"https:\/\/www.eldiario.net\/portal\/wp-json\/wp\/v2\/posts"}],"about":[{"href":"https:\/\/www.eldiario.net\/portal\/wp-json\/wp\/v2\/types\/post"}],"author":[{"embeddable":true,"href":"https:\/\/www.eldiario.net\/portal\/wp-json\/wp\/v2\/users\/1"}],"replies":[{"embeddable":true,"href":"https:\/\/www.eldiario.net\/portal\/wp-json\/wp\/v2\/comments?post=187014"}],"version-history":[{"count":0,"href":"https:\/\/www.eldiario.net\/portal\/wp-json\/wp\/v2\/posts\/187014\/revisions"}],"wp:featuredmedia":[{"embeddable":true,"href":"https:\/\/www.eldiario.net\/portal\/wp-json\/wp\/v2\/media\/187015"}],"wp:attachment":[{"href":"https:\/\/www.eldiario.net\/portal\/wp-json\/wp\/v2\/media?parent=187014"}],"wp:term":[{"taxonomy":"category","embeddable":true,"href":"https:\/\/www.eldiario.net\/portal\/wp-json\/wp\/v2\/categories?post=187014"},{"taxonomy":"post_tag","embeddable":true,"href":"https:\/\/www.eldiario.net\/portal\/wp-json\/wp\/v2\/tags?post=187014"}],"curies":[{"name":"wp","href":"https:\/\/api.w.org\/{rel}","templated":true}]}}