{"id":187011,"date":"2023-11-12T07:18:45","date_gmt":"2023-11-12T11:18:45","guid":{"rendered":"https:\/\/www.eldiario.net\/portal\/?p=187011"},"modified":"2023-11-12T07:18:45","modified_gmt":"2023-11-12T11:18:45","slug":"zelenski-conmemora-liberacion-de-jerson","status":"publish","type":"post","link":"https:\/\/www.eldiario.net\/portal\/2023\/11\/12\/zelenski-conmemora-liberacion-de-jerson\/","title":{"rendered":"Zelenski conmemora  liberaci\u00f3n de Jers\u00f3n"},"content":{"rendered":"<p>El presidente ucraniano, Volod\u00edmir Zelenski, conmemor\u00f3 ayer el primer aniversario de la liberaci\u00f3n de la ciudad de Jers\u00f3n, un s\u00edmbolo en la reconquista de la zona este del pa\u00eds frente a las tropas rusas y que el mandatario quiso utilizar para recordar que, pase lo que pase, \u201cUcrania siempre vuelve\u201d.<br \/>\nUn a\u00f1o despu\u00e9s de que la bandera volviese a ondear en la ciudad de la Esperanza, Zelenski, destac\u00f3 en un mensaje a la naci\u00f3n que incluso en los meses sin comunicaci\u00f3n, sin informaci\u00f3n, siempre hubo fe en Ucrania. Adem\u00e1s, dijo que \u201cel pa\u00eds nunca se olvida de las ciudades y los pueblos ocupados por el enemigo, que signific\u00f3 dolo y llanto en muchas personas que nada ten\u00edan que ver con la contienda\u201d.<br \/>\nLa operaci\u00f3n sobre Jers\u00f3n marc\u00f3 un hito porque permiti\u00f3 a las fuerzas ucranianas recuperar el control de toda la orilla este del r\u00edo Dni\u00e9per y reforzar a su vez, la protecci\u00f3n en otras zonas del sur. A nivel simb\u00f3lico supuso tambi\u00e9n un hito por tratarse de una capital provincial y marc\u00f3 un punto de inflexi\u00f3n a nivel an\u00edmico, no s\u00f3lo militar.<br \/>\n\u201cDurante todo este a\u00f1o, Rusia busc\u00f3 vengarse de la libertad de Jers\u00f3n y de otras ciudades que siguieron de la misma forma con bombardeos diarios\u201d, denunci\u00f3 Zelenski, tambi\u00e9n record\u00f3 que ayer mismo las fuerzas rusas perpetraron nuevos ataques contra varias regiones, entre ellas Kiev.<br \/>\nEl presidente ucraniano reconoci\u00f3 que no se debe subestimar la fortaleza del enemigo, que no es d\u00e9bil, pero al mismo tiempo subray\u00f3 que Ucrania sabe c\u00f3mo superarlo. \u201cComo hace un a\u00f1o, debemos destruir al ocupante\u201d, resalt\u00f3, con un nuevo mensaje de agradecimiento a los militares que participan en todo tipo de trabajos y operaciones para proteger a la ciudadan\u00eda y lograr nuevos avances en la contraofensiva. (Europa Press)<\/p>\n","protected":false},"excerpt":{"rendered":"<p>El presidente ucraniano, Volod\u00edmir Zelenski, conmemor\u00f3 ayer el primer aniversario de la liberaci\u00f3n de la ciudad de Jers\u00f3n, un s\u00edmbolo en la reconquista de la zona este del pa\u00eds frente a las tropas rusas y que el mandatario quiso utilizar para recordar que, pase lo que pase, \u201cUcrania siempre vuelve\u201d. Un a\u00f1o despu\u00e9s de que [&hellip;]<\/p>\n","protected":false},"author":1,"featured_media":187012,"comment_status":"closed","ping_status":"open","sticky":false,"template":"","format":"standard","meta":{"_acf_changed":false,"footnotes":""},"categories":[3],"tags":[],"class_list":["post-187011","post","type-post","status-publish","format-standard","has-post-thumbnail","category-internacional"],"acf":{"antetitulo":""},"yoast_head":"<!-- This site is optimized with the Yoast SEO plugin v28.3 - https:\/\/yoast.com\/product\/yoast-seo-wordpress\/ -->\n<title>Zelenski conmemora liberaci\u00f3n de Jers\u00f3n - El Diario - Bolivia<\/title>\n<meta name=\"robots\" content=\"index, follow, max-snippet:-1, max-image-preview:large, max-video-preview:-1\" \/>\n<link rel=\"canonical\" href=\"https:\/\/www.eldiario.net\/portal\/2023\/11\/12\/zelenski-conmemora-liberacion-de-jerson\/\" \/>\n<meta property=\"og:locale\" content=\"es_ES\" \/>\n<meta property=\"og:type\" content=\"article\" \/>\n<meta property=\"og:title\" content=\"Zelenski conmemora liberaci\u00f3n de Jers\u00f3n - El Diario - Bolivia\" \/>\n<meta property=\"og:description\" content=\"El presidente ucraniano, Volod\u00edmir Zelenski, conmemor\u00f3 ayer el primer aniversario de la liberaci\u00f3n de la ciudad de Jers\u00f3n, un s\u00edmbolo en la reconquista de la zona este del pa\u00eds frente a las tropas rusas y que el mandatario quiso utilizar para recordar que, pase lo que pase, \u201cUcrania siempre vuelve\u201d. Un a\u00f1o despu\u00e9s de que [&hellip;]\" \/>\n<meta property=\"og:url\" content=\"https:\/\/www.eldiario.net\/portal\/2023\/11\/12\/zelenski-conmemora-liberacion-de-jerson\/\" \/>\n<meta property=\"og:site_name\" content=\"El Diario - Bolivia\" \/>\n<meta property=\"article:publisher\" content=\"https:\/\/www.facebook.com\/eldiario.bolivia\/\" \/>\n<meta property=\"article:published_time\" content=\"2023-11-12T11:18:45+00:00\" \/>\n<meta property=\"og:image\" content=\"https:\/\/www.eldiario.net\/portal\/wp-content\/uploads\/2023\/11\/VOLODIMIR-scaled-1.jpg\" \/>\n\t<meta property=\"og:image:width\" content=\"2560\" \/>\n\t<meta property=\"og:image:height\" content=\"1731\" \/>\n\t<meta property=\"og:image:type\" content=\"image\/jpeg\" \/>\n<meta name=\"author\" content=\"Jeanette\" \/>\n<meta name=\"twitter:card\" content=\"summary_large_image\" \/>\n<meta name=\"twitter:creator\" content=\"@eldiario_net\" \/>\n<meta name=\"twitter:site\" content=\"@eldiario_net\" \/>\n<meta name=\"twitter:label1\" content=\"Escrito por\" \/>\n\t<meta name=\"twitter:data1\" content=\"Jeanette\" \/>\n\t<meta name=\"twitter:label2\" content=\"Tiempo de lectura\" \/>\n\t<meta name=\"twitter:data2\" content=\"2 minutos\" \/>\n<script type=\"application\/ld+json\" class=\"yoast-schema-graph\">{\"@context\":\"https:\\\/\\\/schema.org\",\"@graph\":[{\"@type\":\"Article\",\"@id\":\"https:\\\/\\\/www.eldiario.net\\\/portal\\\/2023\\\/11\\\/12\\\/zelenski-conmemora-liberacion-de-jerson\\\/#article\",\"isPartOf\":{\"@id\":\"https:\\\/\\\/www.eldiario.net\\\/portal\\\/2023\\\/11\\\/12\\\/zelenski-conmemora-liberacion-de-jerson\\\/\"},\"author\":{\"name\":\"Jeanette\",\"@id\":\"https:\\\/\\\/www.eldiario.net\\\/portal\\\/#\\\/schema\\\/person\\\/f46445640444750d7d753ccd04ae01b7\"},\"headline\":\"Zelenski conmemora liberaci\u00f3n de Jers\u00f3n\",\"datePublished\":\"2023-11-12T11:18:45+00:00\",\"mainEntityOfPage\":{\"@id\":\"https:\\\/\\\/www.eldiario.net\\\/portal\\\/2023\\\/11\\\/12\\\/zelenski-conmemora-liberacion-de-jerson\\\/\"},\"wordCount\":332,\"publisher\":{\"@id\":\"https:\\\/\\\/www.eldiario.net\\\/portal\\\/#organization\"},\"image\":{\"@id\":\"https:\\\/\\\/www.eldiario.net\\\/portal\\\/2023\\\/11\\\/12\\\/zelenski-conmemora-liberacion-de-jerson\\\/#primaryimage\"},\"thumbnailUrl\":\"https:\\\/\\\/www.eldiario.net\\\/portal\\\/wp-content\\\/uploads\\\/2023\\\/11\\\/VOLODIMIR-scaled-1.jpg\",\"articleSection\":[\"Internacional\"],\"inLanguage\":\"es\"},{\"@type\":\"WebPage\",\"@id\":\"https:\\\/\\\/www.eldiario.net\\\/portal\\\/2023\\\/11\\\/12\\\/zelenski-conmemora-liberacion-de-jerson\\\/\",\"url\":\"https:\\\/\\\/www.eldiario.net\\\/portal\\\/2023\\\/11\\\/12\\\/zelenski-conmemora-liberacion-de-jerson\\\/\",\"name\":\"Zelenski conmemora liberaci\u00f3n de Jers\u00f3n - El Diario - Bolivia\",\"isPartOf\":{\"@id\":\"https:\\\/\\\/www.eldiario.net\\\/portal\\\/#website\"},\"primaryImageOfPage\":{\"@id\":\"https:\\\/\\\/www.eldiario.net\\\/portal\\\/2023\\\/11\\\/12\\\/zelenski-conmemora-liberacion-de-jerson\\\/#primaryimage\"},\"image\":{\"@id\":\"https:\\\/\\\/www.eldiario.net\\\/portal\\\/2023\\\/11\\\/12\\\/zelenski-conmemora-liberacion-de-jerson\\\/#primaryimage\"},\"thumbnailUrl\":\"https:\\\/\\\/www.eldiario.net\\\/portal\\\/wp-content\\\/uploads\\\/2023\\\/11\\\/VOLODIMIR-scaled-1.jpg\",\"datePublished\":\"2023-11-12T11:18:45+00:00\",\"breadcrumb\":{\"@id\":\"https:\\\/\\\/www.eldiario.net\\\/portal\\\/2023\\\/11\\\/12\\\/zelenski-conmemora-liberacion-de-jerson\\\/#breadcrumb\"},\"inLanguage\":\"es\",\"potentialAction\":[{\"@type\":\"ReadAction\",\"target\":[\"https:\\\/\\\/www.eldiario.net\\\/portal\\\/2023\\\/11\\\/12\\\/zelenski-conmemora-liberacion-de-jerson\\\/\"]}]},{\"@type\":\"ImageObject\",\"inLanguage\":\"es\",\"@id\":\"https:\\\/\\\/www.eldiario.net\\\/portal\\\/2023\\\/11\\\/12\\\/zelenski-conmemora-liberacion-de-jerson\\\/#primaryimage\",\"url\":\"https:\\\/\\\/www.eldiario.net\\\/portal\\\/wp-content\\\/uploads\\\/2023\\\/11\\\/VOLODIMIR-scaled-1.jpg\",\"contentUrl\":\"https:\\\/\\\/www.eldiario.net\\\/portal\\\/wp-content\\\/uploads\\\/2023\\\/11\\\/VOLODIMIR-scaled-1.jpg\",\"width\":2560,\"height\":1731,\"caption\":\"VOLOD\u00edMIR ZELENSKI CELEBR\u00d3 A UN A\u00d1O DE QUE SU BANDERA ONDEARA EN UCRANIA.\"},{\"@type\":\"BreadcrumbList\",\"@id\":\"https:\\\/\\\/www.eldiario.net\\\/portal\\\/2023\\\/11\\\/12\\\/zelenski-conmemora-liberacion-de-jerson\\\/#breadcrumb\",\"itemListElement\":[{\"@type\":\"ListItem\",\"position\":1,\"name\":\"Portada\",\"item\":\"https:\\\/\\\/www.eldiario.net\\\/portal\\\/\"},{\"@type\":\"ListItem\",\"position\":2,\"name\":\"Zelenski conmemora liberaci\u00f3n de Jers\u00f3n\"}]},{\"@type\":\"WebSite\",\"@id\":\"https:\\\/\\\/www.eldiario.net\\\/portal\\\/#website\",\"url\":\"https:\\\/\\\/www.eldiario.net\\\/portal\\\/\",\"name\":\"El Diario - Decano de la prensa nacional\",\"description\":\"El Diario - Decano de la prensa nacional\",\"publisher\":{\"@id\":\"https:\\\/\\\/www.eldiario.net\\\/portal\\\/#organization\"},\"potentialAction\":[{\"@type\":\"SearchAction\",\"target\":{\"@type\":\"EntryPoint\",\"urlTemplate\":\"https:\\\/\\\/www.eldiario.net\\\/portal\\\/?s={search_term_string}\"},\"query-input\":{\"@type\":\"PropertyValueSpecification\",\"valueRequired\":true,\"valueName\":\"search_term_string\"}}],\"inLanguage\":\"es\"},{\"@type\":\"Organization\",\"@id\":\"https:\\\/\\\/www.eldiario.net\\\/portal\\\/#organization\",\"name\":\"El Diario - Decano de la prensa nacional\",\"url\":\"https:\\\/\\\/www.eldiario.net\\\/portal\\\/\",\"logo\":{\"@type\":\"ImageObject\",\"inLanguage\":\"es\",\"@id\":\"https:\\\/\\\/www.eldiario.net\\\/portal\\\/#\\\/schema\\\/logo\\\/image\\\/\",\"url\":\"https:\\\/\\\/www.eldiario.net\\\/portal\\\/wp-content\\\/uploads\\\/2023\\\/07\\\/logo_ED.jpg\",\"contentUrl\":\"https:\\\/\\\/www.eldiario.net\\\/portal\\\/wp-content\\\/uploads\\\/2023\\\/07\\\/logo_ED.jpg\",\"width\":272,\"height\":52,\"caption\":\"El Diario - Decano de la prensa nacional\"},\"image\":{\"@id\":\"https:\\\/\\\/www.eldiario.net\\\/portal\\\/#\\\/schema\\\/logo\\\/image\\\/\"},\"sameAs\":[\"https:\\\/\\\/www.facebook.com\\\/eldiario.bolivia\\\/\",\"https:\\\/\\\/x.com\\\/eldiario_net\"]},{\"@type\":\"Person\",\"@id\":\"https:\\\/\\\/www.eldiario.net\\\/portal\\\/#\\\/schema\\\/person\\\/f46445640444750d7d753ccd04ae01b7\",\"name\":\"Jeanette\",\"image\":{\"@type\":\"ImageObject\",\"inLanguage\":\"es\",\"@id\":\"https:\\\/\\\/secure.gravatar.com\\\/avatar\\\/3ea2118a5f7dad2b7138b1187a6b7ee55f160b9968b66013c3a3ef39dd7e5798?s=96&d=mm&r=g\",\"url\":\"https:\\\/\\\/secure.gravatar.com\\\/avatar\\\/3ea2118a5f7dad2b7138b1187a6b7ee55f160b9968b66013c3a3ef39dd7e5798?s=96&d=mm&r=g\",\"contentUrl\":\"https:\\\/\\\/secure.gravatar.com\\\/avatar\\\/3ea2118a5f7dad2b7138b1187a6b7ee55f160b9968b66013c3a3ef39dd7e5798?s=96&d=mm&r=g\",\"caption\":\"Jeanette\"},\"sameAs\":[\"https:\\\/\\\/www.eldiario.net\\\/portal\"],\"url\":\"https:\\\/\\\/www.eldiario.net\\\/portal\\\/author\\\/jeanette\\\/\"}]}<\/script>\n<!-- \/ Yoast SEO plugin. -->","yoast_head_json":{"title":"Zelenski conmemora liberaci\u00f3n de Jers\u00f3n - El Diario - Bolivia","robots":{"index":"index","follow":"follow","max-snippet":"max-snippet:-1","max-image-preview":"max-image-preview:large","max-video-preview":"max-video-preview:-1"},"canonical":"https:\/\/www.eldiario.net\/portal\/2023\/11\/12\/zelenski-conmemora-liberacion-de-jerson\/","og_locale":"es_ES","og_type":"article","og_title":"Zelenski conmemora liberaci\u00f3n de Jers\u00f3n - El Diario - Bolivia","og_description":"El presidente ucraniano, Volod\u00edmir Zelenski, conmemor\u00f3 ayer el primer aniversario de la liberaci\u00f3n de la ciudad de Jers\u00f3n, un s\u00edmbolo en la reconquista de la zona este del pa\u00eds frente a las tropas rusas y que el mandatario quiso utilizar para recordar que, pase lo que pase, \u201cUcrania siempre vuelve\u201d. Un a\u00f1o despu\u00e9s de que [&hellip;]","og_url":"https:\/\/www.eldiario.net\/portal\/2023\/11\/12\/zelenski-conmemora-liberacion-de-jerson\/","og_site_name":"El Diario - Bolivia","article_publisher":"https:\/\/www.facebook.com\/eldiario.bolivia\/","article_published_time":"2023-11-12T11:18:45+00:00","og_image":[{"width":2560,"height":1731,"url":"https:\/\/www.eldiario.net\/portal\/wp-content\/uploads\/2023\/11\/VOLODIMIR-scaled-1.jpg","type":"image\/jpeg"}],"author":"Jeanette","twitter_card":"summary_large_image","twitter_creator":"@eldiario_net","twitter_site":"@eldiario_net","twitter_misc":{"Escrito por":"Jeanette","Tiempo de lectura":"2 minutos"},"schema":{"@context":"https:\/\/schema.org","@graph":[{"@type":"Article","@id":"https:\/\/www.eldiario.net\/portal\/2023\/11\/12\/zelenski-conmemora-liberacion-de-jerson\/#article","isPartOf":{"@id":"https:\/\/www.eldiario.net\/portal\/2023\/11\/12\/zelenski-conmemora-liberacion-de-jerson\/"},"author":{"name":"Jeanette","@id":"https:\/\/www.eldiario.net\/portal\/#\/schema\/person\/f46445640444750d7d753ccd04ae01b7"},"headline":"Zelenski conmemora liberaci\u00f3n de Jers\u00f3n","datePublished":"2023-11-12T11:18:45+00:00","mainEntityOfPage":{"@id":"https:\/\/www.eldiario.net\/portal\/2023\/11\/12\/zelenski-conmemora-liberacion-de-jerson\/"},"wordCount":332,"publisher":{"@id":"https:\/\/www.eldiario.net\/portal\/#organization"},"image":{"@id":"https:\/\/www.eldiario.net\/portal\/2023\/11\/12\/zelenski-conmemora-liberacion-de-jerson\/#primaryimage"},"thumbnailUrl":"https:\/\/www.eldiario.net\/portal\/wp-content\/uploads\/2023\/11\/VOLODIMIR-scaled-1.jpg","articleSection":["Internacional"],"inLanguage":"es"},{"@type":"WebPage","@id":"https:\/\/www.eldiario.net\/portal\/2023\/11\/12\/zelenski-conmemora-liberacion-de-jerson\/","url":"https:\/\/www.eldiario.net\/portal\/2023\/11\/12\/zelenski-conmemora-liberacion-de-jerson\/","name":"Zelenski conmemora liberaci\u00f3n de Jers\u00f3n - El Diario - Bolivia","isPartOf":{"@id":"https:\/\/www.eldiario.net\/portal\/#website"},"primaryImageOfPage":{"@id":"https:\/\/www.eldiario.net\/portal\/2023\/11\/12\/zelenski-conmemora-liberacion-de-jerson\/#primaryimage"},"image":{"@id":"https:\/\/www.eldiario.net\/portal\/2023\/11\/12\/zelenski-conmemora-liberacion-de-jerson\/#primaryimage"},"thumbnailUrl":"https:\/\/www.eldiario.net\/portal\/wp-content\/uploads\/2023\/11\/VOLODIMIR-scaled-1.jpg","datePublished":"2023-11-12T11:18:45+00:00","breadcrumb":{"@id":"https:\/\/www.eldiario.net\/portal\/2023\/11\/12\/zelenski-conmemora-liberacion-de-jerson\/#breadcrumb"},"inLanguage":"es","potentialAction":[{"@type":"ReadAction","target":["https:\/\/www.eldiario.net\/portal\/2023\/11\/12\/zelenski-conmemora-liberacion-de-jerson\/"]}]},{"@type":"ImageObject","inLanguage":"es","@id":"https:\/\/www.eldiario.net\/portal\/2023\/11\/12\/zelenski-conmemora-liberacion-de-jerson\/#primaryimage","url":"https:\/\/www.eldiario.net\/portal\/wp-content\/uploads\/2023\/11\/VOLODIMIR-scaled-1.jpg","contentUrl":"https:\/\/www.eldiario.net\/portal\/wp-content\/uploads\/2023\/11\/VOLODIMIR-scaled-1.jpg","width":2560,"height":1731,"caption":"VOLOD\u00edMIR ZELENSKI CELEBR\u00d3 A UN A\u00d1O DE QUE SU BANDERA ONDEARA EN UCRANIA."},{"@type":"BreadcrumbList","@id":"https:\/\/www.eldiario.net\/portal\/2023\/11\/12\/zelenski-conmemora-liberacion-de-jerson\/#breadcrumb","itemListElement":[{"@type":"ListItem","position":1,"name":"Portada","item":"https:\/\/www.eldiario.net\/portal\/"},{"@type":"ListItem","position":2,"name":"Zelenski conmemora liberaci\u00f3n de Jers\u00f3n"}]},{"@type":"WebSite","@id":"https:\/\/www.eldiario.net\/portal\/#website","url":"https:\/\/www.eldiario.net\/portal\/","name":"El Diario - Decano de la prensa nacional","description":"El Diario - Decano de la prensa nacional","publisher":{"@id":"https:\/\/www.eldiario.net\/portal\/#organization"},"potentialAction":[{"@type":"SearchAction","target":{"@type":"EntryPoint","urlTemplate":"https:\/\/www.eldiario.net\/portal\/?s={search_term_string}"},"query-input":{"@type":"PropertyValueSpecification","valueRequired":true,"valueName":"search_term_string"}}],"inLanguage":"es"},{"@type":"Organization","@id":"https:\/\/www.eldiario.net\/portal\/#organization","name":"El Diario - Decano de la prensa nacional","url":"https:\/\/www.eldiario.net\/portal\/","logo":{"@type":"ImageObject","inLanguage":"es","@id":"https:\/\/www.eldiario.net\/portal\/#\/schema\/logo\/image\/","url":"https:\/\/www.eldiario.net\/portal\/wp-content\/uploads\/2023\/07\/logo_ED.jpg","contentUrl":"https:\/\/www.eldiario.net\/portal\/wp-content\/uploads\/2023\/07\/logo_ED.jpg","width":272,"height":52,"caption":"El Diario - Decano de la prensa nacional"},"image":{"@id":"https:\/\/www.eldiario.net\/portal\/#\/schema\/logo\/image\/"},"sameAs":["https:\/\/www.facebook.com\/eldiario.bolivia\/","https:\/\/x.com\/eldiario_net"]},{"@type":"Person","@id":"https:\/\/www.eldiario.net\/portal\/#\/schema\/person\/f46445640444750d7d753ccd04ae01b7","name":"Jeanette","image":{"@type":"ImageObject","inLanguage":"es","@id":"https:\/\/secure.gravatar.com\/avatar\/3ea2118a5f7dad2b7138b1187a6b7ee55f160b9968b66013c3a3ef39dd7e5798?s=96&d=mm&r=g","url":"https:\/\/secure.gravatar.com\/avatar\/3ea2118a5f7dad2b7138b1187a6b7ee55f160b9968b66013c3a3ef39dd7e5798?s=96&d=mm&r=g","contentUrl":"https:\/\/secure.gravatar.com\/avatar\/3ea2118a5f7dad2b7138b1187a6b7ee55f160b9968b66013c3a3ef39dd7e5798?s=96&d=mm&r=g","caption":"Jeanette"},"sameAs":["https:\/\/www.eldiario.net\/portal"],"url":"https:\/\/www.eldiario.net\/portal\/author\/jeanette\/"}]}},"_links":{"self":[{"href":"https:\/\/www.eldiario.net\/portal\/wp-json\/wp\/v2\/posts\/187011","targetHints":{"allow":["GET"]}}],"collection":[{"href":"https:\/\/www.eldiario.net\/portal\/wp-json\/wp\/v2\/posts"}],"about":[{"href":"https:\/\/www.eldiario.net\/portal\/wp-json\/wp\/v2\/types\/post"}],"author":[{"embeddable":true,"href":"https:\/\/www.eldiario.net\/portal\/wp-json\/wp\/v2\/users\/1"}],"replies":[{"embeddable":true,"href":"https:\/\/www.eldiario.net\/portal\/wp-json\/wp\/v2\/comments?post=187011"}],"version-history":[{"count":0,"href":"https:\/\/www.eldiario.net\/portal\/wp-json\/wp\/v2\/posts\/187011\/revisions"}],"wp:featuredmedia":[{"embeddable":true,"href":"https:\/\/www.eldiario.net\/portal\/wp-json\/wp\/v2\/media\/187012"}],"wp:attachment":[{"href":"https:\/\/www.eldiario.net\/portal\/wp-json\/wp\/v2\/media?parent=187011"}],"wp:term":[{"taxonomy":"category","embeddable":true,"href":"https:\/\/www.eldiario.net\/portal\/wp-json\/wp\/v2\/categories?post=187011"},{"taxonomy":"post_tag","embeddable":true,"href":"https:\/\/www.eldiario.net\/portal\/wp-json\/wp\/v2\/tags?post=187011"}],"curies":[{"name":"wp","href":"https:\/\/api.w.org\/{rel}","templated":true}]}}