{"id":186993,"date":"2023-11-12T06:36:04","date_gmt":"2023-11-12T10:36:04","guid":{"rendered":"https:\/\/www.eldiario.net\/portal\/?p=186993"},"modified":"2023-11-12T06:36:04","modified_gmt":"2023-11-12T10:36:04","slug":"desalojan-a-comunarios-ante-extension-del-fuego","status":"publish","type":"post","link":"https:\/\/www.eldiario.net\/portal\/2023\/11\/12\/desalojan-a-comunarios-ante-extension-del-fuego\/","title":{"rendered":"Desalojan a comunarios ante extensi\u00f3n del fuego"},"content":{"rendered":"<p>Los habitantes de las comunidades de Buena Vista, San Isidro y Bella Altura del municipio de San Buenaventura, al norte de La Paz, viven momentos de desesperaci\u00f3n y debido a la r\u00e1pida extensi\u00f3n del fuego se vieron obligados a dejar sus viviendas.<br \/>\nLa situaci\u00f3n es dram\u00e1tica en Buena Vista, las casas fueron consumidas por el fuego y los pobladores suplican por ayuda. La falta de agua agrava la situaci\u00f3n. El fuego que se registra en el municipio de San Buenaventura no puede ser controlado desde hace m\u00e1s de una semana.<br \/>\nVarias familias de San Buena Vista fueron desalojadas para resguardar su vida ante la amenaza del fuego que no da tregua y afecta la flora y fauna de la regi\u00f3n.<br \/>\nSeg\u00fan reporte de ANF, Jorge Canamari, de la comunidad de Bella Altura, con los ojos llorosos, relat\u00f3 que desde hace m\u00e1s de 40 d\u00edas vienen rogando al Gobierno por ayuda para proteger a sus regiones y las reservas naturales, pero sus demandas no fueron escuchadas.<br \/>\nSi bien el Gobierno envi\u00f3 un helic\u00f3ptero para combatir el incendio no fue suficiente, ya que las llamas rebasaron los esfuerzos de los comunarios, voluntarios y bomberos que luchan contra el fuego.<br \/>\n\u201cHemos tratado de trasladar a los ni\u00f1os, mujeres, adultos mayores porque hace m\u00e1s de 40 d\u00edas que venimos suplicando a nuestras autoridades de Estado para que puedan salvar la flora y fauna. Hemos dicho miles de veces que se est\u00e1 quemando nuestro parque Madidi, pero nadie nos escucha. Nos mandan un helic\u00f3ptero, pero no nos sirvi\u00f3, necesitamos ayuda\u201d, clam\u00f3.<br \/>\nAgreg\u00f3 que desde hace varios d\u00edas intentaron frenar el fuego que se extiende ferozmente en esa regi\u00f3n, pero este s\u00e1bado fueron rebasados y varios ind\u00edgenas se vieron obligados a abandonar sus hogares.<br \/>\nTras reportarse que el fuego amenazaba viviendas en la comunidad de Buena Vista del municipio pace\u00f1o de San Buenaventura, el viceministro de Defensa Civil, Juan Carlos Calvimontes, dijo que hay viviendas afectadas por el fuego, pero seg\u00fan su versi\u00f3n, ya estaba todo controlado.<\/p>\n","protected":false},"excerpt":{"rendered":"<p>Los habitantes de las comunidades de Buena Vista, San Isidro y Bella Altura del municipio de San Buenaventura, al norte de La Paz, viven momentos de desesperaci\u00f3n y debido a la r\u00e1pida extensi\u00f3n del fuego se vieron obligados a dejar sus viviendas. La situaci\u00f3n es dram\u00e1tica en Buena Vista, las casas fueron consumidas por el [&hellip;]<\/p>\n","protected":false},"author":1,"featured_media":186994,"comment_status":"closed","ping_status":"open","sticky":false,"template":"","format":"standard","meta":{"_acf_changed":false,"footnotes":""},"categories":[17],"tags":[],"class_list":["post-186993","post","type-post","status-publish","format-standard","has-post-thumbnail","category-principal"],"acf":{"antetitulo":""},"yoast_head":"<!-- This site is optimized with the Yoast SEO plugin v28.3 - https:\/\/yoast.com\/product\/yoast-seo-wordpress\/ -->\n<title>Desalojan a comunarios ante extensi\u00f3n del fuego - El Diario - Bolivia<\/title>\n<meta name=\"robots\" content=\"index, follow, max-snippet:-1, max-image-preview:large, max-video-preview:-1\" \/>\n<link rel=\"canonical\" href=\"https:\/\/www.eldiario.net\/portal\/2023\/11\/12\/desalojan-a-comunarios-ante-extension-del-fuego\/\" \/>\n<meta property=\"og:locale\" content=\"es_ES\" \/>\n<meta property=\"og:type\" content=\"article\" \/>\n<meta property=\"og:title\" content=\"Desalojan a comunarios ante extensi\u00f3n del fuego - El Diario - Bolivia\" \/>\n<meta property=\"og:description\" content=\"Los habitantes de las comunidades de Buena Vista, San Isidro y Bella Altura del municipio de San Buenaventura, al norte de La Paz, viven momentos de desesperaci\u00f3n y debido a la r\u00e1pida extensi\u00f3n del fuego se vieron obligados a dejar sus viviendas. La situaci\u00f3n es dram\u00e1tica en Buena Vista, las casas fueron consumidas por el [&hellip;]\" \/>\n<meta property=\"og:url\" content=\"https:\/\/www.eldiario.net\/portal\/2023\/11\/12\/desalojan-a-comunarios-ante-extension-del-fuego\/\" \/>\n<meta property=\"og:site_name\" content=\"El Diario - Bolivia\" \/>\n<meta property=\"article:publisher\" content=\"https:\/\/www.facebook.com\/eldiario.bolivia\/\" \/>\n<meta property=\"article:published_time\" content=\"2023-11-12T10:36:04+00:00\" \/>\n<meta property=\"og:image\" content=\"https:\/\/www.eldiario.net\/portal\/wp-content\/uploads\/2023\/11\/P-1-20-cm-x-11.jpg\" \/>\n\t<meta property=\"og:image:width\" content=\"1050\" \/>\n\t<meta property=\"og:image:height\" content=\"594\" \/>\n\t<meta property=\"og:image:type\" content=\"image\/jpeg\" \/>\n<meta name=\"author\" content=\"Jeanette\" \/>\n<meta name=\"twitter:card\" content=\"summary_large_image\" \/>\n<meta name=\"twitter:creator\" content=\"@eldiario_net\" \/>\n<meta name=\"twitter:site\" content=\"@eldiario_net\" \/>\n<meta name=\"twitter:label1\" content=\"Escrito por\" \/>\n\t<meta name=\"twitter:data1\" content=\"Jeanette\" \/>\n\t<meta name=\"twitter:label2\" content=\"Tiempo de lectura\" \/>\n\t<meta name=\"twitter:data2\" content=\"2 minutos\" \/>\n<script type=\"application\/ld+json\" class=\"yoast-schema-graph\">{\"@context\":\"https:\\\/\\\/schema.org\",\"@graph\":[{\"@type\":\"Article\",\"@id\":\"https:\\\/\\\/www.eldiario.net\\\/portal\\\/2023\\\/11\\\/12\\\/desalojan-a-comunarios-ante-extension-del-fuego\\\/#article\",\"isPartOf\":{\"@id\":\"https:\\\/\\\/www.eldiario.net\\\/portal\\\/2023\\\/11\\\/12\\\/desalojan-a-comunarios-ante-extension-del-fuego\\\/\"},\"author\":{\"name\":\"Jeanette\",\"@id\":\"https:\\\/\\\/www.eldiario.net\\\/portal\\\/#\\\/schema\\\/person\\\/f46445640444750d7d753ccd04ae01b7\"},\"headline\":\"Desalojan a comunarios ante extensi\u00f3n del fuego\",\"datePublished\":\"2023-11-12T10:36:04+00:00\",\"mainEntityOfPage\":{\"@id\":\"https:\\\/\\\/www.eldiario.net\\\/portal\\\/2023\\\/11\\\/12\\\/desalojan-a-comunarios-ante-extension-del-fuego\\\/\"},\"wordCount\":360,\"publisher\":{\"@id\":\"https:\\\/\\\/www.eldiario.net\\\/portal\\\/#organization\"},\"image\":{\"@id\":\"https:\\\/\\\/www.eldiario.net\\\/portal\\\/2023\\\/11\\\/12\\\/desalojan-a-comunarios-ante-extension-del-fuego\\\/#primaryimage\"},\"thumbnailUrl\":\"https:\\\/\\\/www.eldiario.net\\\/portal\\\/wp-content\\\/uploads\\\/2023\\\/11\\\/P-1-20-cm-x-11.jpg\",\"articleSection\":[\"Principal\"],\"inLanguage\":\"es\"},{\"@type\":\"WebPage\",\"@id\":\"https:\\\/\\\/www.eldiario.net\\\/portal\\\/2023\\\/11\\\/12\\\/desalojan-a-comunarios-ante-extension-del-fuego\\\/\",\"url\":\"https:\\\/\\\/www.eldiario.net\\\/portal\\\/2023\\\/11\\\/12\\\/desalojan-a-comunarios-ante-extension-del-fuego\\\/\",\"name\":\"Desalojan a comunarios ante extensi\u00f3n del fuego - El Diario - Bolivia\",\"isPartOf\":{\"@id\":\"https:\\\/\\\/www.eldiario.net\\\/portal\\\/#website\"},\"primaryImageOfPage\":{\"@id\":\"https:\\\/\\\/www.eldiario.net\\\/portal\\\/2023\\\/11\\\/12\\\/desalojan-a-comunarios-ante-extension-del-fuego\\\/#primaryimage\"},\"image\":{\"@id\":\"https:\\\/\\\/www.eldiario.net\\\/portal\\\/2023\\\/11\\\/12\\\/desalojan-a-comunarios-ante-extension-del-fuego\\\/#primaryimage\"},\"thumbnailUrl\":\"https:\\\/\\\/www.eldiario.net\\\/portal\\\/wp-content\\\/uploads\\\/2023\\\/11\\\/P-1-20-cm-x-11.jpg\",\"datePublished\":\"2023-11-12T10:36:04+00:00\",\"breadcrumb\":{\"@id\":\"https:\\\/\\\/www.eldiario.net\\\/portal\\\/2023\\\/11\\\/12\\\/desalojan-a-comunarios-ante-extension-del-fuego\\\/#breadcrumb\"},\"inLanguage\":\"es\",\"potentialAction\":[{\"@type\":\"ReadAction\",\"target\":[\"https:\\\/\\\/www.eldiario.net\\\/portal\\\/2023\\\/11\\\/12\\\/desalojan-a-comunarios-ante-extension-del-fuego\\\/\"]}]},{\"@type\":\"ImageObject\",\"inLanguage\":\"es\",\"@id\":\"https:\\\/\\\/www.eldiario.net\\\/portal\\\/2023\\\/11\\\/12\\\/desalojan-a-comunarios-ante-extension-del-fuego\\\/#primaryimage\",\"url\":\"https:\\\/\\\/www.eldiario.net\\\/portal\\\/wp-content\\\/uploads\\\/2023\\\/11\\\/P-1-20-cm-x-11.jpg\",\"contentUrl\":\"https:\\\/\\\/www.eldiario.net\\\/portal\\\/wp-content\\\/uploads\\\/2023\\\/11\\\/P-1-20-cm-x-11.jpg\",\"width\":1050,\"height\":594,\"caption\":\"El incendio forestal registrado en el municipio de San Buenaventura, en el norte pace\u00f1o, causa da\u00f1os de consideraci\u00f3n a la poblaci\u00f3n, a la fauna y la flora del lugar.\"},{\"@type\":\"BreadcrumbList\",\"@id\":\"https:\\\/\\\/www.eldiario.net\\\/portal\\\/2023\\\/11\\\/12\\\/desalojan-a-comunarios-ante-extension-del-fuego\\\/#breadcrumb\",\"itemListElement\":[{\"@type\":\"ListItem\",\"position\":1,\"name\":\"Portada\",\"item\":\"https:\\\/\\\/www.eldiario.net\\\/portal\\\/\"},{\"@type\":\"ListItem\",\"position\":2,\"name\":\"Desalojan a comunarios ante extensi\u00f3n del fuego\"}]},{\"@type\":\"WebSite\",\"@id\":\"https:\\\/\\\/www.eldiario.net\\\/portal\\\/#website\",\"url\":\"https:\\\/\\\/www.eldiario.net\\\/portal\\\/\",\"name\":\"El Diario - Decano de la prensa nacional\",\"description\":\"El Diario - Decano de la prensa nacional\",\"publisher\":{\"@id\":\"https:\\\/\\\/www.eldiario.net\\\/portal\\\/#organization\"},\"potentialAction\":[{\"@type\":\"SearchAction\",\"target\":{\"@type\":\"EntryPoint\",\"urlTemplate\":\"https:\\\/\\\/www.eldiario.net\\\/portal\\\/?s={search_term_string}\"},\"query-input\":{\"@type\":\"PropertyValueSpecification\",\"valueRequired\":true,\"valueName\":\"search_term_string\"}}],\"inLanguage\":\"es\"},{\"@type\":\"Organization\",\"@id\":\"https:\\\/\\\/www.eldiario.net\\\/portal\\\/#organization\",\"name\":\"El Diario - Decano de la prensa nacional\",\"url\":\"https:\\\/\\\/www.eldiario.net\\\/portal\\\/\",\"logo\":{\"@type\":\"ImageObject\",\"inLanguage\":\"es\",\"@id\":\"https:\\\/\\\/www.eldiario.net\\\/portal\\\/#\\\/schema\\\/logo\\\/image\\\/\",\"url\":\"https:\\\/\\\/www.eldiario.net\\\/portal\\\/wp-content\\\/uploads\\\/2023\\\/07\\\/logo_ED.jpg\",\"contentUrl\":\"https:\\\/\\\/www.eldiario.net\\\/portal\\\/wp-content\\\/uploads\\\/2023\\\/07\\\/logo_ED.jpg\",\"width\":272,\"height\":52,\"caption\":\"El Diario - Decano de la prensa nacional\"},\"image\":{\"@id\":\"https:\\\/\\\/www.eldiario.net\\\/portal\\\/#\\\/schema\\\/logo\\\/image\\\/\"},\"sameAs\":[\"https:\\\/\\\/www.facebook.com\\\/eldiario.bolivia\\\/\",\"https:\\\/\\\/x.com\\\/eldiario_net\"]},{\"@type\":\"Person\",\"@id\":\"https:\\\/\\\/www.eldiario.net\\\/portal\\\/#\\\/schema\\\/person\\\/f46445640444750d7d753ccd04ae01b7\",\"name\":\"Jeanette\",\"image\":{\"@type\":\"ImageObject\",\"inLanguage\":\"es\",\"@id\":\"https:\\\/\\\/secure.gravatar.com\\\/avatar\\\/3ea2118a5f7dad2b7138b1187a6b7ee55f160b9968b66013c3a3ef39dd7e5798?s=96&d=mm&r=g\",\"url\":\"https:\\\/\\\/secure.gravatar.com\\\/avatar\\\/3ea2118a5f7dad2b7138b1187a6b7ee55f160b9968b66013c3a3ef39dd7e5798?s=96&d=mm&r=g\",\"contentUrl\":\"https:\\\/\\\/secure.gravatar.com\\\/avatar\\\/3ea2118a5f7dad2b7138b1187a6b7ee55f160b9968b66013c3a3ef39dd7e5798?s=96&d=mm&r=g\",\"caption\":\"Jeanette\"},\"sameAs\":[\"https:\\\/\\\/www.eldiario.net\\\/portal\"],\"url\":\"https:\\\/\\\/www.eldiario.net\\\/portal\\\/author\\\/jeanette\\\/\"}]}<\/script>\n<!-- \/ Yoast SEO plugin. -->","yoast_head_json":{"title":"Desalojan a comunarios ante extensi\u00f3n del fuego - El Diario - Bolivia","robots":{"index":"index","follow":"follow","max-snippet":"max-snippet:-1","max-image-preview":"max-image-preview:large","max-video-preview":"max-video-preview:-1"},"canonical":"https:\/\/www.eldiario.net\/portal\/2023\/11\/12\/desalojan-a-comunarios-ante-extension-del-fuego\/","og_locale":"es_ES","og_type":"article","og_title":"Desalojan a comunarios ante extensi\u00f3n del fuego - El Diario - Bolivia","og_description":"Los habitantes de las comunidades de Buena Vista, San Isidro y Bella Altura del municipio de San Buenaventura, al norte de La Paz, viven momentos de desesperaci\u00f3n y debido a la r\u00e1pida extensi\u00f3n del fuego se vieron obligados a dejar sus viviendas. La situaci\u00f3n es dram\u00e1tica en Buena Vista, las casas fueron consumidas por el [&hellip;]","og_url":"https:\/\/www.eldiario.net\/portal\/2023\/11\/12\/desalojan-a-comunarios-ante-extension-del-fuego\/","og_site_name":"El Diario - Bolivia","article_publisher":"https:\/\/www.facebook.com\/eldiario.bolivia\/","article_published_time":"2023-11-12T10:36:04+00:00","og_image":[{"width":1050,"height":594,"url":"https:\/\/www.eldiario.net\/portal\/wp-content\/uploads\/2023\/11\/P-1-20-cm-x-11.jpg","type":"image\/jpeg"}],"author":"Jeanette","twitter_card":"summary_large_image","twitter_creator":"@eldiario_net","twitter_site":"@eldiario_net","twitter_misc":{"Escrito por":"Jeanette","Tiempo de lectura":"2 minutos"},"schema":{"@context":"https:\/\/schema.org","@graph":[{"@type":"Article","@id":"https:\/\/www.eldiario.net\/portal\/2023\/11\/12\/desalojan-a-comunarios-ante-extension-del-fuego\/#article","isPartOf":{"@id":"https:\/\/www.eldiario.net\/portal\/2023\/11\/12\/desalojan-a-comunarios-ante-extension-del-fuego\/"},"author":{"name":"Jeanette","@id":"https:\/\/www.eldiario.net\/portal\/#\/schema\/person\/f46445640444750d7d753ccd04ae01b7"},"headline":"Desalojan a comunarios ante extensi\u00f3n del fuego","datePublished":"2023-11-12T10:36:04+00:00","mainEntityOfPage":{"@id":"https:\/\/www.eldiario.net\/portal\/2023\/11\/12\/desalojan-a-comunarios-ante-extension-del-fuego\/"},"wordCount":360,"publisher":{"@id":"https:\/\/www.eldiario.net\/portal\/#organization"},"image":{"@id":"https:\/\/www.eldiario.net\/portal\/2023\/11\/12\/desalojan-a-comunarios-ante-extension-del-fuego\/#primaryimage"},"thumbnailUrl":"https:\/\/www.eldiario.net\/portal\/wp-content\/uploads\/2023\/11\/P-1-20-cm-x-11.jpg","articleSection":["Principal"],"inLanguage":"es"},{"@type":"WebPage","@id":"https:\/\/www.eldiario.net\/portal\/2023\/11\/12\/desalojan-a-comunarios-ante-extension-del-fuego\/","url":"https:\/\/www.eldiario.net\/portal\/2023\/11\/12\/desalojan-a-comunarios-ante-extension-del-fuego\/","name":"Desalojan a comunarios ante extensi\u00f3n del fuego - El Diario - Bolivia","isPartOf":{"@id":"https:\/\/www.eldiario.net\/portal\/#website"},"primaryImageOfPage":{"@id":"https:\/\/www.eldiario.net\/portal\/2023\/11\/12\/desalojan-a-comunarios-ante-extension-del-fuego\/#primaryimage"},"image":{"@id":"https:\/\/www.eldiario.net\/portal\/2023\/11\/12\/desalojan-a-comunarios-ante-extension-del-fuego\/#primaryimage"},"thumbnailUrl":"https:\/\/www.eldiario.net\/portal\/wp-content\/uploads\/2023\/11\/P-1-20-cm-x-11.jpg","datePublished":"2023-11-12T10:36:04+00:00","breadcrumb":{"@id":"https:\/\/www.eldiario.net\/portal\/2023\/11\/12\/desalojan-a-comunarios-ante-extension-del-fuego\/#breadcrumb"},"inLanguage":"es","potentialAction":[{"@type":"ReadAction","target":["https:\/\/www.eldiario.net\/portal\/2023\/11\/12\/desalojan-a-comunarios-ante-extension-del-fuego\/"]}]},{"@type":"ImageObject","inLanguage":"es","@id":"https:\/\/www.eldiario.net\/portal\/2023\/11\/12\/desalojan-a-comunarios-ante-extension-del-fuego\/#primaryimage","url":"https:\/\/www.eldiario.net\/portal\/wp-content\/uploads\/2023\/11\/P-1-20-cm-x-11.jpg","contentUrl":"https:\/\/www.eldiario.net\/portal\/wp-content\/uploads\/2023\/11\/P-1-20-cm-x-11.jpg","width":1050,"height":594,"caption":"El incendio forestal registrado en el municipio de San Buenaventura, en el norte pace\u00f1o, causa da\u00f1os de consideraci\u00f3n a la poblaci\u00f3n, a la fauna y la flora del lugar."},{"@type":"BreadcrumbList","@id":"https:\/\/www.eldiario.net\/portal\/2023\/11\/12\/desalojan-a-comunarios-ante-extension-del-fuego\/#breadcrumb","itemListElement":[{"@type":"ListItem","position":1,"name":"Portada","item":"https:\/\/www.eldiario.net\/portal\/"},{"@type":"ListItem","position":2,"name":"Desalojan a comunarios ante extensi\u00f3n del fuego"}]},{"@type":"WebSite","@id":"https:\/\/www.eldiario.net\/portal\/#website","url":"https:\/\/www.eldiario.net\/portal\/","name":"El Diario - Decano de la prensa nacional","description":"El Diario - Decano de la prensa nacional","publisher":{"@id":"https:\/\/www.eldiario.net\/portal\/#organization"},"potentialAction":[{"@type":"SearchAction","target":{"@type":"EntryPoint","urlTemplate":"https:\/\/www.eldiario.net\/portal\/?s={search_term_string}"},"query-input":{"@type":"PropertyValueSpecification","valueRequired":true,"valueName":"search_term_string"}}],"inLanguage":"es"},{"@type":"Organization","@id":"https:\/\/www.eldiario.net\/portal\/#organization","name":"El Diario - Decano de la prensa nacional","url":"https:\/\/www.eldiario.net\/portal\/","logo":{"@type":"ImageObject","inLanguage":"es","@id":"https:\/\/www.eldiario.net\/portal\/#\/schema\/logo\/image\/","url":"https:\/\/www.eldiario.net\/portal\/wp-content\/uploads\/2023\/07\/logo_ED.jpg","contentUrl":"https:\/\/www.eldiario.net\/portal\/wp-content\/uploads\/2023\/07\/logo_ED.jpg","width":272,"height":52,"caption":"El Diario - Decano de la prensa nacional"},"image":{"@id":"https:\/\/www.eldiario.net\/portal\/#\/schema\/logo\/image\/"},"sameAs":["https:\/\/www.facebook.com\/eldiario.bolivia\/","https:\/\/x.com\/eldiario_net"]},{"@type":"Person","@id":"https:\/\/www.eldiario.net\/portal\/#\/schema\/person\/f46445640444750d7d753ccd04ae01b7","name":"Jeanette","image":{"@type":"ImageObject","inLanguage":"es","@id":"https:\/\/secure.gravatar.com\/avatar\/3ea2118a5f7dad2b7138b1187a6b7ee55f160b9968b66013c3a3ef39dd7e5798?s=96&d=mm&r=g","url":"https:\/\/secure.gravatar.com\/avatar\/3ea2118a5f7dad2b7138b1187a6b7ee55f160b9968b66013c3a3ef39dd7e5798?s=96&d=mm&r=g","contentUrl":"https:\/\/secure.gravatar.com\/avatar\/3ea2118a5f7dad2b7138b1187a6b7ee55f160b9968b66013c3a3ef39dd7e5798?s=96&d=mm&r=g","caption":"Jeanette"},"sameAs":["https:\/\/www.eldiario.net\/portal"],"url":"https:\/\/www.eldiario.net\/portal\/author\/jeanette\/"}]}},"_links":{"self":[{"href":"https:\/\/www.eldiario.net\/portal\/wp-json\/wp\/v2\/posts\/186993","targetHints":{"allow":["GET"]}}],"collection":[{"href":"https:\/\/www.eldiario.net\/portal\/wp-json\/wp\/v2\/posts"}],"about":[{"href":"https:\/\/www.eldiario.net\/portal\/wp-json\/wp\/v2\/types\/post"}],"author":[{"embeddable":true,"href":"https:\/\/www.eldiario.net\/portal\/wp-json\/wp\/v2\/users\/1"}],"replies":[{"embeddable":true,"href":"https:\/\/www.eldiario.net\/portal\/wp-json\/wp\/v2\/comments?post=186993"}],"version-history":[{"count":0,"href":"https:\/\/www.eldiario.net\/portal\/wp-json\/wp\/v2\/posts\/186993\/revisions"}],"wp:featuredmedia":[{"embeddable":true,"href":"https:\/\/www.eldiario.net\/portal\/wp-json\/wp\/v2\/media\/186994"}],"wp:attachment":[{"href":"https:\/\/www.eldiario.net\/portal\/wp-json\/wp\/v2\/media?parent=186993"}],"wp:term":[{"taxonomy":"category","embeddable":true,"href":"https:\/\/www.eldiario.net\/portal\/wp-json\/wp\/v2\/categories?post=186993"},{"taxonomy":"post_tag","embeddable":true,"href":"https:\/\/www.eldiario.net\/portal\/wp-json\/wp\/v2\/tags?post=186993"}],"curies":[{"name":"wp","href":"https:\/\/api.w.org\/{rel}","templated":true}]}}