{"id":185975,"date":"2023-11-06T06:44:46","date_gmt":"2023-11-06T10:44:46","guid":{"rendered":"https:\/\/www.eldiario.net\/portal\/?p=185975"},"modified":"2023-11-06T06:44:46","modified_gmt":"2023-11-06T10:44:46","slug":"municipios-de-la-paz-y-teoponte-acuerdan-construccion-de-puente","status":"publish","type":"post","link":"https:\/\/www.eldiario.net\/portal\/2023\/11\/06\/municipios-de-la-paz-y-teoponte-acuerdan-construccion-de-puente\/","title":{"rendered":"Municipios de La Paz y Teoponte  acuerdan construcci\u00f3n de puente"},"content":{"rendered":"<p>La Alcald\u00eda de La Paz inform\u00f3 el fin de semana que el acuerdo suscrito con su similar de Teoponte es para construir un puente colgante vehicular Kelequelera sobre el r\u00edo Coroico, obra que beneficiar\u00e1 a ambas regiones y su desarrollo.<br \/>\nEl documento de la comuna pace\u00f1a explica que el acuerdo suscrito entre los alcaldes de La Paz y Teoponte \u201cresalta que la construcci\u00f3n del puente, sobre el r\u00edo Coroico, en el macrodistrito de Zongo Tr\u00f3pico del municipio de La Paz, mejorar\u00e1 la calidad de vida de los habitantes de las comunidades de Buenos Aires, Charoplaya, Yurumani y 3 de Agosto\u201d.<br \/>\nEl pasado s\u00e1bado 28 de octubre de 2023, los alcaldes Iv\u00e1n Arias y Neusa Coca suscribieron un Acta de Acuerdo y Compromisos para viabilizar y coadyuvar la construcci\u00f3n del puente colgante vehicular Kelequelera, sobre el r\u00edo Coroico.<br \/>\nEn la oportunidad, el alcalde Arias dijo que el acuerdo no se refiere al tema l\u00edmites. \u201cEste acuerdo va a permitir y va a beneficiar, m\u00e1s all\u00e1 de otra cosa, a la gente, es lo que nos debe importar. Entonces hemos firmado este acuerdo, no nos metemos en temas de l\u00edmites, lo que nos preocupa es beneficiar a la gente\u201d, agreg\u00f3.<br \/>\nAclaraci\u00f3n<br \/>\n\u201cEl Gobierno Aut\u00f3nomo Municipal de La Paz comunica que el acuerdo suscrito el s\u00e1bado 28 de octubre de 2023, entre el alcalde Iv\u00e1n Arias Dur\u00e1n y la alcaldesa de Teoponte, Neusa Coca Gonzales, es solo para la construcci\u00f3n del puente colgante vehicular Kelequelera y no implica ning\u00fan tema referido a l\u00edmites entre municipios\u201d, se\u00f1ala un comunicado del Gamlp, difundido este viernes.<br \/>\nEl documento explica que la construcci\u00f3n del mencionado puente en macrodistrito Zongo del municipio de La Paz, busca favorecer a las comunidades del sector. \u201cEl acuerdo firmado se basa en la b\u00fasqueda de contribuir al bien com\u00fan, m\u00e1s all\u00e1 de intereses mezquinos y politiqueros, porque al final las obras quedan y los pol\u00edticos pasan. Con el pueblo de Guanay se solucionar\u00e1n las diferencias con di\u00e1logo, respeto y en paz, sin alimentar el odio entre pace\u00f1os y bolivianos\u201d.<br \/>\nEl comunicado indica que \u201cel Gamlp agradece a la Alcaldesa de Teoponte por haber posibilitado que se haga una obra por el bien com\u00fan, sin tocar temas lim\u00edtrofes del municipio de La Paz con otros\u201d del sector tropical.<\/p>\n","protected":false},"excerpt":{"rendered":"<p>La Alcald\u00eda de La Paz inform\u00f3 el fin de semana que el acuerdo suscrito con su similar de Teoponte es para construir un puente colgante vehicular Kelequelera sobre el r\u00edo Coroico, obra que beneficiar\u00e1 a ambas regiones y su desarrollo. El documento de la comuna pace\u00f1a explica que el acuerdo suscrito entre los alcaldes de [&hellip;]<\/p>\n","protected":false},"author":1,"featured_media":185976,"comment_status":"closed","ping_status":"open","sticky":false,"template":"","format":"standard","meta":{"_acf_changed":false,"footnotes":""},"categories":[12],"tags":[],"class_list":["post-185975","post","type-post","status-publish","format-standard","has-post-thumbnail","category-nacional"],"acf":{"antetitulo":""},"yoast_head":"<!-- This site is optimized with the Yoast SEO plugin v28.4 - https:\/\/yoast.com\/product\/yoast-seo-wordpress\/ -->\n<title>Municipios de La Paz y Teoponte acuerdan construcci\u00f3n de puente - El Diario - Bolivia<\/title>\n<meta name=\"robots\" content=\"index, follow, max-snippet:-1, max-image-preview:large, max-video-preview:-1\" \/>\n<link rel=\"canonical\" href=\"https:\/\/www.eldiario.net\/portal\/2023\/11\/06\/municipios-de-la-paz-y-teoponte-acuerdan-construccion-de-puente\/\" \/>\n<meta property=\"og:locale\" content=\"es_ES\" \/>\n<meta property=\"og:type\" content=\"article\" \/>\n<meta property=\"og:title\" content=\"Municipios de La Paz y Teoponte acuerdan construcci\u00f3n de puente - El Diario - Bolivia\" \/>\n<meta property=\"og:description\" content=\"La Alcald\u00eda de La Paz inform\u00f3 el fin de semana que el acuerdo suscrito con su similar de Teoponte es para construir un puente colgante vehicular Kelequelera sobre el r\u00edo Coroico, obra que beneficiar\u00e1 a ambas regiones y su desarrollo. El documento de la comuna pace\u00f1a explica que el acuerdo suscrito entre los alcaldes de [&hellip;]\" \/>\n<meta property=\"og:url\" content=\"https:\/\/www.eldiario.net\/portal\/2023\/11\/06\/municipios-de-la-paz-y-teoponte-acuerdan-construccion-de-puente\/\" \/>\n<meta property=\"og:site_name\" content=\"El Diario - Bolivia\" \/>\n<meta property=\"article:publisher\" content=\"https:\/\/www.facebook.com\/eldiario.bolivia\/\" \/>\n<meta property=\"article:published_time\" content=\"2023-11-06T10:44:46+00:00\" \/>\n<meta property=\"og:image\" content=\"https:\/\/www.eldiario.net\/portal\/wp-content\/uploads\/2023\/11\/puente.jpg\" \/>\n\t<meta property=\"og:image:width\" content=\"696\" \/>\n\t<meta property=\"og:image:height\" content=\"321\" \/>\n\t<meta property=\"og:image:type\" content=\"image\/jpeg\" \/>\n<meta name=\"author\" content=\"Jeanette\" \/>\n<meta name=\"twitter:card\" content=\"summary_large_image\" \/>\n<meta name=\"twitter:creator\" content=\"@eldiario_net\" \/>\n<meta name=\"twitter:site\" content=\"@eldiario_net\" \/>\n<meta name=\"twitter:label1\" content=\"Escrito por\" \/>\n\t<meta name=\"twitter:data1\" content=\"Jeanette\" \/>\n\t<meta name=\"twitter:label2\" content=\"Tiempo de lectura\" \/>\n\t<meta name=\"twitter:data2\" content=\"2 minutos\" \/>\n<script type=\"application\/ld+json\" class=\"yoast-schema-graph\">{\"@context\":\"https:\\\/\\\/schema.org\",\"@graph\":[{\"@type\":\"Article\",\"@id\":\"https:\\\/\\\/www.eldiario.net\\\/portal\\\/2023\\\/11\\\/06\\\/municipios-de-la-paz-y-teoponte-acuerdan-construccion-de-puente\\\/#article\",\"isPartOf\":{\"@id\":\"https:\\\/\\\/www.eldiario.net\\\/portal\\\/2023\\\/11\\\/06\\\/municipios-de-la-paz-y-teoponte-acuerdan-construccion-de-puente\\\/\"},\"author\":{\"name\":\"Jeanette\",\"@id\":\"https:\\\/\\\/www.eldiario.net\\\/portal\\\/#\\\/schema\\\/person\\\/2c57cf2b7a7ae032e449e4c9b1019eac\"},\"headline\":\"Municipios de La Paz y Teoponte acuerdan construcci\u00f3n de puente\",\"datePublished\":\"2023-11-06T10:44:46+00:00\",\"mainEntityOfPage\":{\"@id\":\"https:\\\/\\\/www.eldiario.net\\\/portal\\\/2023\\\/11\\\/06\\\/municipios-de-la-paz-y-teoponte-acuerdan-construccion-de-puente\\\/\"},\"wordCount\":413,\"publisher\":{\"@id\":\"https:\\\/\\\/www.eldiario.net\\\/portal\\\/#organization\"},\"image\":{\"@id\":\"https:\\\/\\\/www.eldiario.net\\\/portal\\\/2023\\\/11\\\/06\\\/municipios-de-la-paz-y-teoponte-acuerdan-construccion-de-puente\\\/#primaryimage\"},\"thumbnailUrl\":\"https:\\\/\\\/www.eldiario.net\\\/portal\\\/wp-content\\\/uploads\\\/2023\\\/11\\\/puente.jpg\",\"articleSection\":[\"Nacional\"],\"inLanguage\":\"es\"},{\"@type\":\"WebPage\",\"@id\":\"https:\\\/\\\/www.eldiario.net\\\/portal\\\/2023\\\/11\\\/06\\\/municipios-de-la-paz-y-teoponte-acuerdan-construccion-de-puente\\\/\",\"url\":\"https:\\\/\\\/www.eldiario.net\\\/portal\\\/2023\\\/11\\\/06\\\/municipios-de-la-paz-y-teoponte-acuerdan-construccion-de-puente\\\/\",\"name\":\"Municipios de La Paz y Teoponte acuerdan construcci\u00f3n de puente - El Diario - Bolivia\",\"isPartOf\":{\"@id\":\"https:\\\/\\\/www.eldiario.net\\\/portal\\\/#website\"},\"primaryImageOfPage\":{\"@id\":\"https:\\\/\\\/www.eldiario.net\\\/portal\\\/2023\\\/11\\\/06\\\/municipios-de-la-paz-y-teoponte-acuerdan-construccion-de-puente\\\/#primaryimage\"},\"image\":{\"@id\":\"https:\\\/\\\/www.eldiario.net\\\/portal\\\/2023\\\/11\\\/06\\\/municipios-de-la-paz-y-teoponte-acuerdan-construccion-de-puente\\\/#primaryimage\"},\"thumbnailUrl\":\"https:\\\/\\\/www.eldiario.net\\\/portal\\\/wp-content\\\/uploads\\\/2023\\\/11\\\/puente.jpg\",\"datePublished\":\"2023-11-06T10:44:46+00:00\",\"breadcrumb\":{\"@id\":\"https:\\\/\\\/www.eldiario.net\\\/portal\\\/2023\\\/11\\\/06\\\/municipios-de-la-paz-y-teoponte-acuerdan-construccion-de-puente\\\/#breadcrumb\"},\"inLanguage\":\"es\",\"potentialAction\":[{\"@type\":\"ReadAction\",\"target\":[\"https:\\\/\\\/www.eldiario.net\\\/portal\\\/2023\\\/11\\\/06\\\/municipios-de-la-paz-y-teoponte-acuerdan-construccion-de-puente\\\/\"]}]},{\"@type\":\"ImageObject\",\"inLanguage\":\"es\",\"@id\":\"https:\\\/\\\/www.eldiario.net\\\/portal\\\/2023\\\/11\\\/06\\\/municipios-de-la-paz-y-teoponte-acuerdan-construccion-de-puente\\\/#primaryimage\",\"url\":\"https:\\\/\\\/www.eldiario.net\\\/portal\\\/wp-content\\\/uploads\\\/2023\\\/11\\\/puente.jpg\",\"contentUrl\":\"https:\\\/\\\/www.eldiario.net\\\/portal\\\/wp-content\\\/uploads\\\/2023\\\/11\\\/puente.jpg\",\"width\":696,\"height\":321,\"caption\":\"El proyecto del puente colgante vehicular.\"},{\"@type\":\"BreadcrumbList\",\"@id\":\"https:\\\/\\\/www.eldiario.net\\\/portal\\\/2023\\\/11\\\/06\\\/municipios-de-la-paz-y-teoponte-acuerdan-construccion-de-puente\\\/#breadcrumb\",\"itemListElement\":[{\"@type\":\"ListItem\",\"position\":1,\"name\":\"Portada\",\"item\":\"https:\\\/\\\/www.eldiario.net\\\/portal\\\/\"},{\"@type\":\"ListItem\",\"position\":2,\"name\":\"Municipios de La Paz y Teoponte acuerdan construcci\u00f3n de puente\"}]},{\"@type\":\"WebSite\",\"@id\":\"https:\\\/\\\/www.eldiario.net\\\/portal\\\/#website\",\"url\":\"https:\\\/\\\/www.eldiario.net\\\/portal\\\/\",\"name\":\"El Diario - Decano de la prensa nacional\",\"description\":\"El Diario - Decano de la prensa nacional\",\"publisher\":{\"@id\":\"https:\\\/\\\/www.eldiario.net\\\/portal\\\/#organization\"},\"potentialAction\":[{\"@type\":\"SearchAction\",\"target\":{\"@type\":\"EntryPoint\",\"urlTemplate\":\"https:\\\/\\\/www.eldiario.net\\\/portal\\\/?s={search_term_string}\"},\"query-input\":{\"@type\":\"PropertyValueSpecification\",\"valueRequired\":true,\"valueName\":\"search_term_string\"}}],\"inLanguage\":\"es\"},{\"@type\":\"Organization\",\"@id\":\"https:\\\/\\\/www.eldiario.net\\\/portal\\\/#organization\",\"name\":\"El Diario - Decano de la prensa nacional\",\"url\":\"https:\\\/\\\/www.eldiario.net\\\/portal\\\/\",\"logo\":{\"@type\":\"ImageObject\",\"inLanguage\":\"es\",\"@id\":\"https:\\\/\\\/www.eldiario.net\\\/portal\\\/#\\\/schema\\\/logo\\\/image\\\/\",\"url\":\"https:\\\/\\\/www.eldiario.net\\\/portal\\\/wp-content\\\/uploads\\\/2023\\\/07\\\/logo_ED.jpg\",\"contentUrl\":\"https:\\\/\\\/www.eldiario.net\\\/portal\\\/wp-content\\\/uploads\\\/2023\\\/07\\\/logo_ED.jpg\",\"width\":272,\"height\":52,\"caption\":\"El Diario - Decano de la prensa nacional\"},\"image\":{\"@id\":\"https:\\\/\\\/www.eldiario.net\\\/portal\\\/#\\\/schema\\\/logo\\\/image\\\/\"},\"sameAs\":[\"https:\\\/\\\/www.facebook.com\\\/eldiario.bolivia\\\/\",\"https:\\\/\\\/x.com\\\/eldiario_net\"]},{\"@type\":\"Person\",\"@id\":\"https:\\\/\\\/www.eldiario.net\\\/portal\\\/#\\\/schema\\\/person\\\/2c57cf2b7a7ae032e449e4c9b1019eac\",\"name\":\"Jeanette\",\"image\":{\"@type\":\"ImageObject\",\"inLanguage\":\"es\",\"@id\":\"https:\\\/\\\/secure.gravatar.com\\\/avatar\\\/3ea2118a5f7dad2b7138b1187a6b7ee55f160b9968b66013c3a3ef39dd7e5798?s=96&d=mm&r=g\",\"url\":\"https:\\\/\\\/secure.gravatar.com\\\/avatar\\\/3ea2118a5f7dad2b7138b1187a6b7ee55f160b9968b66013c3a3ef39dd7e5798?s=96&d=mm&r=g\",\"contentUrl\":\"https:\\\/\\\/secure.gravatar.com\\\/avatar\\\/3ea2118a5f7dad2b7138b1187a6b7ee55f160b9968b66013c3a3ef39dd7e5798?s=96&d=mm&r=g\",\"caption\":\"Jeanette\"},\"sameAs\":[\"https:\\\/\\\/www.eldiario.net\\\/portal\"],\"url\":\"https:\\\/\\\/www.eldiario.net\\\/portal\\\/author\\\/jeanette\\\/\"}]}<\/script>\n<!-- \/ Yoast SEO plugin. -->","yoast_head_json":{"title":"Municipios de La Paz y Teoponte acuerdan construcci\u00f3n de puente - El Diario - Bolivia","robots":{"index":"index","follow":"follow","max-snippet":"max-snippet:-1","max-image-preview":"max-image-preview:large","max-video-preview":"max-video-preview:-1"},"canonical":"https:\/\/www.eldiario.net\/portal\/2023\/11\/06\/municipios-de-la-paz-y-teoponte-acuerdan-construccion-de-puente\/","og_locale":"es_ES","og_type":"article","og_title":"Municipios de La Paz y Teoponte acuerdan construcci\u00f3n de puente - El Diario - Bolivia","og_description":"La Alcald\u00eda de La Paz inform\u00f3 el fin de semana que el acuerdo suscrito con su similar de Teoponte es para construir un puente colgante vehicular Kelequelera sobre el r\u00edo Coroico, obra que beneficiar\u00e1 a ambas regiones y su desarrollo. El documento de la comuna pace\u00f1a explica que el acuerdo suscrito entre los alcaldes de [&hellip;]","og_url":"https:\/\/www.eldiario.net\/portal\/2023\/11\/06\/municipios-de-la-paz-y-teoponte-acuerdan-construccion-de-puente\/","og_site_name":"El Diario - Bolivia","article_publisher":"https:\/\/www.facebook.com\/eldiario.bolivia\/","article_published_time":"2023-11-06T10:44:46+00:00","og_image":[{"width":696,"height":321,"url":"https:\/\/www.eldiario.net\/portal\/wp-content\/uploads\/2023\/11\/puente.jpg","type":"image\/jpeg"}],"author":"Jeanette","twitter_card":"summary_large_image","twitter_creator":"@eldiario_net","twitter_site":"@eldiario_net","twitter_misc":{"Escrito por":"Jeanette","Tiempo de lectura":"2 minutos"},"schema":{"@context":"https:\/\/schema.org","@graph":[{"@type":"Article","@id":"https:\/\/www.eldiario.net\/portal\/2023\/11\/06\/municipios-de-la-paz-y-teoponte-acuerdan-construccion-de-puente\/#article","isPartOf":{"@id":"https:\/\/www.eldiario.net\/portal\/2023\/11\/06\/municipios-de-la-paz-y-teoponte-acuerdan-construccion-de-puente\/"},"author":{"name":"Jeanette","@id":"https:\/\/www.eldiario.net\/portal\/#\/schema\/person\/2c57cf2b7a7ae032e449e4c9b1019eac"},"headline":"Municipios de La Paz y Teoponte acuerdan construcci\u00f3n de puente","datePublished":"2023-11-06T10:44:46+00:00","mainEntityOfPage":{"@id":"https:\/\/www.eldiario.net\/portal\/2023\/11\/06\/municipios-de-la-paz-y-teoponte-acuerdan-construccion-de-puente\/"},"wordCount":413,"publisher":{"@id":"https:\/\/www.eldiario.net\/portal\/#organization"},"image":{"@id":"https:\/\/www.eldiario.net\/portal\/2023\/11\/06\/municipios-de-la-paz-y-teoponte-acuerdan-construccion-de-puente\/#primaryimage"},"thumbnailUrl":"https:\/\/www.eldiario.net\/portal\/wp-content\/uploads\/2023\/11\/puente.jpg","articleSection":["Nacional"],"inLanguage":"es"},{"@type":"WebPage","@id":"https:\/\/www.eldiario.net\/portal\/2023\/11\/06\/municipios-de-la-paz-y-teoponte-acuerdan-construccion-de-puente\/","url":"https:\/\/www.eldiario.net\/portal\/2023\/11\/06\/municipios-de-la-paz-y-teoponte-acuerdan-construccion-de-puente\/","name":"Municipios de La Paz y Teoponte acuerdan construcci\u00f3n de puente - El Diario - Bolivia","isPartOf":{"@id":"https:\/\/www.eldiario.net\/portal\/#website"},"primaryImageOfPage":{"@id":"https:\/\/www.eldiario.net\/portal\/2023\/11\/06\/municipios-de-la-paz-y-teoponte-acuerdan-construccion-de-puente\/#primaryimage"},"image":{"@id":"https:\/\/www.eldiario.net\/portal\/2023\/11\/06\/municipios-de-la-paz-y-teoponte-acuerdan-construccion-de-puente\/#primaryimage"},"thumbnailUrl":"https:\/\/www.eldiario.net\/portal\/wp-content\/uploads\/2023\/11\/puente.jpg","datePublished":"2023-11-06T10:44:46+00:00","breadcrumb":{"@id":"https:\/\/www.eldiario.net\/portal\/2023\/11\/06\/municipios-de-la-paz-y-teoponte-acuerdan-construccion-de-puente\/#breadcrumb"},"inLanguage":"es","potentialAction":[{"@type":"ReadAction","target":["https:\/\/www.eldiario.net\/portal\/2023\/11\/06\/municipios-de-la-paz-y-teoponte-acuerdan-construccion-de-puente\/"]}]},{"@type":"ImageObject","inLanguage":"es","@id":"https:\/\/www.eldiario.net\/portal\/2023\/11\/06\/municipios-de-la-paz-y-teoponte-acuerdan-construccion-de-puente\/#primaryimage","url":"https:\/\/www.eldiario.net\/portal\/wp-content\/uploads\/2023\/11\/puente.jpg","contentUrl":"https:\/\/www.eldiario.net\/portal\/wp-content\/uploads\/2023\/11\/puente.jpg","width":696,"height":321,"caption":"El proyecto del puente colgante vehicular."},{"@type":"BreadcrumbList","@id":"https:\/\/www.eldiario.net\/portal\/2023\/11\/06\/municipios-de-la-paz-y-teoponte-acuerdan-construccion-de-puente\/#breadcrumb","itemListElement":[{"@type":"ListItem","position":1,"name":"Portada","item":"https:\/\/www.eldiario.net\/portal\/"},{"@type":"ListItem","position":2,"name":"Municipios de La Paz y Teoponte acuerdan construcci\u00f3n de puente"}]},{"@type":"WebSite","@id":"https:\/\/www.eldiario.net\/portal\/#website","url":"https:\/\/www.eldiario.net\/portal\/","name":"El Diario - Decano de la prensa nacional","description":"El Diario - Decano de la prensa nacional","publisher":{"@id":"https:\/\/www.eldiario.net\/portal\/#organization"},"potentialAction":[{"@type":"SearchAction","target":{"@type":"EntryPoint","urlTemplate":"https:\/\/www.eldiario.net\/portal\/?s={search_term_string}"},"query-input":{"@type":"PropertyValueSpecification","valueRequired":true,"valueName":"search_term_string"}}],"inLanguage":"es"},{"@type":"Organization","@id":"https:\/\/www.eldiario.net\/portal\/#organization","name":"El Diario - Decano de la prensa nacional","url":"https:\/\/www.eldiario.net\/portal\/","logo":{"@type":"ImageObject","inLanguage":"es","@id":"https:\/\/www.eldiario.net\/portal\/#\/schema\/logo\/image\/","url":"https:\/\/www.eldiario.net\/portal\/wp-content\/uploads\/2023\/07\/logo_ED.jpg","contentUrl":"https:\/\/www.eldiario.net\/portal\/wp-content\/uploads\/2023\/07\/logo_ED.jpg","width":272,"height":52,"caption":"El Diario - Decano de la prensa nacional"},"image":{"@id":"https:\/\/www.eldiario.net\/portal\/#\/schema\/logo\/image\/"},"sameAs":["https:\/\/www.facebook.com\/eldiario.bolivia\/","https:\/\/x.com\/eldiario_net"]},{"@type":"Person","@id":"https:\/\/www.eldiario.net\/portal\/#\/schema\/person\/2c57cf2b7a7ae032e449e4c9b1019eac","name":"Jeanette","image":{"@type":"ImageObject","inLanguage":"es","@id":"https:\/\/secure.gravatar.com\/avatar\/3ea2118a5f7dad2b7138b1187a6b7ee55f160b9968b66013c3a3ef39dd7e5798?s=96&d=mm&r=g","url":"https:\/\/secure.gravatar.com\/avatar\/3ea2118a5f7dad2b7138b1187a6b7ee55f160b9968b66013c3a3ef39dd7e5798?s=96&d=mm&r=g","contentUrl":"https:\/\/secure.gravatar.com\/avatar\/3ea2118a5f7dad2b7138b1187a6b7ee55f160b9968b66013c3a3ef39dd7e5798?s=96&d=mm&r=g","caption":"Jeanette"},"sameAs":["https:\/\/www.eldiario.net\/portal"],"url":"https:\/\/www.eldiario.net\/portal\/author\/jeanette\/"}]}},"_links":{"self":[{"href":"https:\/\/www.eldiario.net\/portal\/wp-json\/wp\/v2\/posts\/185975","targetHints":{"allow":["GET"]}}],"collection":[{"href":"https:\/\/www.eldiario.net\/portal\/wp-json\/wp\/v2\/posts"}],"about":[{"href":"https:\/\/www.eldiario.net\/portal\/wp-json\/wp\/v2\/types\/post"}],"author":[{"embeddable":true,"href":"https:\/\/www.eldiario.net\/portal\/wp-json\/wp\/v2\/users\/1"}],"replies":[{"embeddable":true,"href":"https:\/\/www.eldiario.net\/portal\/wp-json\/wp\/v2\/comments?post=185975"}],"version-history":[{"count":0,"href":"https:\/\/www.eldiario.net\/portal\/wp-json\/wp\/v2\/posts\/185975\/revisions"}],"wp:featuredmedia":[{"embeddable":true,"href":"https:\/\/www.eldiario.net\/portal\/wp-json\/wp\/v2\/media\/185976"}],"wp:attachment":[{"href":"https:\/\/www.eldiario.net\/portal\/wp-json\/wp\/v2\/media?parent=185975"}],"wp:term":[{"taxonomy":"category","embeddable":true,"href":"https:\/\/www.eldiario.net\/portal\/wp-json\/wp\/v2\/categories?post=185975"},{"taxonomy":"post_tag","embeddable":true,"href":"https:\/\/www.eldiario.net\/portal\/wp-json\/wp\/v2\/tags?post=185975"}],"curies":[{"name":"wp","href":"https:\/\/api.w.org\/{rel}","templated":true}]}}