{"id":185965,"date":"2023-11-06T06:42:43","date_gmt":"2023-11-06T10:42:43","guid":{"rendered":"https:\/\/www.eldiario.net\/portal\/?p=185965"},"modified":"2023-11-06T06:42:43","modified_gmt":"2023-11-06T10:42:43","slug":"en-isla-del-sol-cumpliran-rituales-milenarios-en-espera-de-las-lluvias","status":"publish","type":"post","link":"https:\/\/www.eldiario.net\/portal\/2023\/11\/06\/en-isla-del-sol-cumpliran-rituales-milenarios-en-espera-de-las-lluvias\/","title":{"rendered":"En isla del Sol cumplir\u00e1n rituales milenarios en espera de las lluvias"},"content":{"rendered":"<p>Isla del Sol (EL DIARIO) Edwin Conde Villarreal, Enviado Especial.- Los habitantes de la comunidad Yumani de la isla del Sol del lago Titicaca, realizar\u00e1n un ritual ceremonial milenario esta semana en la bah\u00eda Japapi para el resguardo de los granizos y en la espera de las lluvias del per\u00edodo del jallupacha (tiempo h\u00famedo) que son necesarias para el riego de sus zonas de cultivos y donde iniciaron la siembra de productos agr\u00edcolas.<br \/>\nLos rituales se extender\u00e1n durante noviembre, en las monta\u00f1as ceremoniales de la isla del Sol y en otros lugares considerados \u201csagrados\u201d, a pesar de la sequ\u00eda, los comunarios e isle\u00f1os aprovecharon la escasa precipitaci\u00f3n pluvial de hace dos semanas para cumplir con el \u201csata qallta\u201d (inicio de siembra), un acontecimiento que tambi\u00e9n forma parte del ritual vinculado al ciclo agr\u00edcola y que se origin\u00f3 hace milenios.<br \/>\nAl inicio de octubre pasado, el lago navegable m\u00e1s alto del mundo, el Titicaca, seg\u00fan la Estaci\u00f3n H\u00eddrica de Huatajata, rompi\u00f3 el r\u00e9cord de su nivel m\u00ednimo al haber alcanzado un descenso de 2,92 metros, que represent\u00f3 un nivel con siete cent\u00edmetros por debajo del registro hist\u00f3rico de 1996.<br \/>\nSeg\u00fan indagaciones cient\u00edficas del Instituto de Investigaciones para el Desarrollo (IRD por sus siglas en franc\u00e9s) que estudia por d\u00e9cadas el comportamiento del Titicaca, desde hace una d\u00e9cada las precipitaciones han disminuido en la regi\u00f3n lacustre, lo que ocasiona, inevitablemente, un \u201cdesbalance entre la cantidad de precipitaci\u00f3n y la evaporaci\u00f3n del agua\u201d. A ello se suma la contaminaci\u00f3n ambiental con aguas residuales provenientes de ciudades y poblaciones circunlacustres, adem\u00e1s de otras lejanas como El Alto, Laja y Viacha.<\/p>\n<p>CONTRA EL GRANIZO<br \/>\nEl Secretario General de la comunidad Yumani al sur de la isla del Sol, Pablo Callisaya, anunci\u00f3 que el pr\u00f3ximo 7 de noviembre se tiene previsto cumplir con el ritual ceremonial, destinado a la protecci\u00f3n de los cultivos contra el granizo. \u201cVamos a ir a la bah\u00eda Japapi y en un lugar realizaremos este ritual para que no vengan los granizos y no destrocen nuestros sembrad\u00edos\u201d, agreg\u00f3.<br \/>\nAnunci\u00f3 que en las siguientes semanas de noviembre tambi\u00e9n visitar\u00e1n el cerro Khap\u00eda, desde donde recoger\u00e1n agua para cumplir con otras ceremonias en la isla del Sol, que es otra forma de pedir que lleguen las lluvias del jallupacha y as\u00ed evitar que se sequen sus cultivos de papas, habas, ocas, adem\u00e1s de otros productos agr\u00edcolas.<br \/>\nLa isla del Sol, con unos 12 kil\u00f3metros de largo y unos cuatro de ancho, guarda los vestigios y rastros de culturas prehisp\u00e1nicas que edificaron estructuras ceremoniales y habitacionales. En Yumani se encuentra el Palacio de Pilkokaina, una edificaci\u00f3n l\u00edtica ritual que fue restaurada este a\u00f1o y que revela que pose\u00eda dos plantas y una terraza, se encuentra al extremo sur de la isla con su ingreso principal desde donde se observa la Cordillera Real.<br \/>\nEn el extremo norte de la isla del Sol se ubica la comunidad Challapampa, donde se encuentran otras edificaciones arqueol\u00f3gicas con atractivos tur\u00edsticos como la Chinkana y formaciones naturales l\u00edticas. Al centro est\u00e1 la comunidad Challa, sin embargo, un conflicto entre ambas poblaciones ahuyent\u00f3 al turismo antes de la pandemia ocasionada por el coronavirus.<br \/>\nCallisaya explic\u00f3 que hace unas dos semanas se cumpli\u00f3 el \u201csata qallta\u201d (inicio de siembra), porque llovi\u00f3 poco, los comunarios aprovecharon y sembraron, pero no se puede completar esa siembra, mientras no lleguen las precipitaciones.<br \/>\nSin embargo, la carencia de lluvias o la insuficiente precipitaci\u00f3n pluvial que se pueda registrar desde diciembre pr\u00f3ximo en las comunidades de la regi\u00f3n del lago Titicaca y del resto del altiplano arriesgar\u00e1n los cultivos agr\u00edcolas, y es posible que el pr\u00f3ximo a\u00f1o, ocurra una escasez de la papa y otros productos en los mercados de las ciudades.<br \/>\nEl Titicaca tiene una superficie aproximada de 8400 km2, es un reservorio compartido entre Bolivia y Per\u00fa, se divide entre el lago mayor o Chucuito con 7133 km2 y una profundidad aproximada de m\u00e1s de 200 metros y el lago menor o Wi\u00f1aymarca con 1426 km2 y con menos de nueve metros de fondo, conectados por el estrecho de Tiquina. Estudios h\u00eddricos revelan que el 90 por ciento de las aguas del espejo lacustre se evaporan, mientras que las precipitaciones pluviales aportan s\u00f3lo con el 50 por ciento.<\/p>\n<p>TODAV\u00cdA NO LLUEVE<br \/>\nEl habitante de Marka Kosko cerca de Copacabana en el lago Mayor del Titicaca, Juan Carlos Chambilla lament\u00f3 que con la sequ\u00eda que se registra en la regi\u00f3n no haya alimento para el ganado, por lo que algunos pobladores proceden a liquidar o vender sus animales en ferias locales a precios abaratados antes que se mueran, adem\u00e1s los cultivos pueden secarse.<br \/>\n\u201cLa disminuci\u00f3n del nivel del lago es notoria y es visible, por ejemplo, en el Estrecho de Tiquina al cruzar se puede ver que el agua ha bajado y los muelles se ampl\u00edan cada vez m\u00e1s en su extensi\u00f3n\u201d, inform\u00f3 Chambilla.<br \/>\nReiter\u00f3 que el ganado que tienen las comunidades puede enfermar por la carencia de agua y que pueden morir irremediablemente. Dijo que en la localidad de Copacabana tambi\u00e9n hay cerros donde se realizan rituales para pedir que llueva, pero \u201ces m\u00e1s importante tomar previsiones como cosechar agua o tener reservas bajo tierra, hay que prever este per\u00edodo que cada a\u00f1o es m\u00e1s extremo\u201d.<br \/>\nEl ciclo agr\u00edcola de la regi\u00f3n lacustre y del resto del altiplano se divide en dos importantes per\u00edodos: el awtipacha o tiempo seco y el jallupacha o temporada h\u00fameda, que debe comenzar en las primeras semanas de noviembre y se prev\u00e9 que se extienda hasta febrero.<br \/>\nLos cultivos dependen en gran medida de ambas temporadas para la llegar a la cosecha que coincide con carnavales; sin embargo, desde hace una d\u00e9cada no llueve lo suficiente en el lago, el calor extremo con elevadas temperaturas ocasionadas por el calentamiento global ha cambiado el ciclo agr\u00edcola que se repet\u00eda por milenios, permitiendo el desarrollo de las culturas prehisp\u00e1nicas.<\/p>\n<div id='gallery-1' class='gallery galleryid-185965 gallery-columns-3 gallery-size-medium'><figure class='gallery-item'>\n\t\t\t<div class='gallery-icon landscape'>\n\t\t\t\t<a href='https:\/\/www.eldiario.net\/portal\/sequia-1\/'><img loading=\"lazy\" decoding=\"async\" width=\"300\" height=\"144\" src=\"https:\/\/www.eldiario.net\/portal\/wp-content\/uploads\/2023\/11\/sequia-1-300x144.jpg\" class=\"attachment-medium size-medium\" alt=\"\" aria-describedby=\"gallery-1-185966\" srcset=\"https:\/\/www.eldiario.net\/portal\/wp-content\/uploads\/2023\/11\/sequia-1-300x144.jpg 300w, https:\/\/www.eldiario.net\/portal\/wp-content\/uploads\/2023\/11\/sequia-1-1024x493.jpg 1024w, https:\/\/www.eldiario.net\/portal\/wp-content\/uploads\/2023\/11\/sequia-1-768x369.jpg 768w, https:\/\/www.eldiario.net\/portal\/wp-content\/uploads\/2023\/11\/sequia-1-696x335.jpg 696w, https:\/\/www.eldiario.net\/portal\/wp-content\/uploads\/2023\/11\/sequia-1-1068x514.jpg 1068w, https:\/\/www.eldiario.net\/portal\/wp-content\/uploads\/2023\/11\/sequia-1.jpg 1077w\" sizes=\"auto, (max-width: 300px) 100vw, 300px\" \/><\/a>\n\t\t\t<\/div>\n\t\t\t\t<figcaption class='wp-caption-text gallery-caption' id='gallery-1-185966'>\n\t\t\t\tEl palacio l\u00edtico de Pilkokaina al sur de la isla del Sol, despu\u00e9s de ser restaurado es un mudo testigo de las \u00e9pocas de sequ\u00eda que se atravesaron en el Titicaca.\n\t\t\t\t<\/figcaption><\/figure><figure class='gallery-item'>\n\t\t\t<div class='gallery-icon landscape'>\n\t\t\t\t<a href='https:\/\/www.eldiario.net\/portal\/sequia-2-2\/'><img loading=\"lazy\" decoding=\"async\" width=\"300\" height=\"169\" src=\"https:\/\/www.eldiario.net\/portal\/wp-content\/uploads\/2023\/11\/sequia-2-300x169.jpg\" class=\"attachment-medium size-medium\" alt=\"\" aria-describedby=\"gallery-1-185967\" srcset=\"https:\/\/www.eldiario.net\/portal\/wp-content\/uploads\/2023\/11\/sequia-2-300x169.jpg 300w, https:\/\/www.eldiario.net\/portal\/wp-content\/uploads\/2023\/11\/sequia-2-1024x576.jpg 1024w, https:\/\/www.eldiario.net\/portal\/wp-content\/uploads\/2023\/11\/sequia-2-768x432.jpg 768w, https:\/\/www.eldiario.net\/portal\/wp-content\/uploads\/2023\/11\/sequia-2-1536x864.jpg 1536w, https:\/\/www.eldiario.net\/portal\/wp-content\/uploads\/2023\/11\/sequia-2-696x392.jpg 696w, https:\/\/www.eldiario.net\/portal\/wp-content\/uploads\/2023\/11\/sequia-2-1068x601.jpg 1068w, https:\/\/www.eldiario.net\/portal\/wp-content\/uploads\/2023\/11\/sequia-2.jpg 1600w\" sizes=\"auto, (max-width: 300px) 100vw, 300px\" \/><\/a>\n\t\t\t<\/div>\n\t\t\t\t<figcaption class='wp-caption-text gallery-caption' id='gallery-1-185967'>\n\t\t\t\tAl fondo la localidad de Copacabana donde es posible observar los campos de cultivos desecados por la falta de lluvia.\n\t\t\t\t<\/figcaption><\/figure><figure class='gallery-item'>\n\t\t\t<div class='gallery-icon landscape'>\n\t\t\t\t<a href='https:\/\/www.eldiario.net\/portal\/sequia-3-2\/'><img loading=\"lazy\" decoding=\"async\" width=\"300\" height=\"200\" src=\"https:\/\/www.eldiario.net\/portal\/wp-content\/uploads\/2023\/11\/sequia-3-300x200.jpg\" class=\"attachment-medium size-medium\" alt=\"\" aria-describedby=\"gallery-1-185968\" srcset=\"https:\/\/www.eldiario.net\/portal\/wp-content\/uploads\/2023\/11\/sequia-3-300x200.jpg 300w, https:\/\/www.eldiario.net\/portal\/wp-content\/uploads\/2023\/11\/sequia-3-1024x683.jpg 1024w, https:\/\/www.eldiario.net\/portal\/wp-content\/uploads\/2023\/11\/sequia-3-768x512.jpg 768w, https:\/\/www.eldiario.net\/portal\/wp-content\/uploads\/2023\/11\/sequia-3-1536x1024.jpg 1536w, https:\/\/www.eldiario.net\/portal\/wp-content\/uploads\/2023\/11\/sequia-3-696x464.jpg 696w, https:\/\/www.eldiario.net\/portal\/wp-content\/uploads\/2023\/11\/sequia-3-1068x712.jpg 1068w, https:\/\/www.eldiario.net\/portal\/wp-content\/uploads\/2023\/11\/sequia-3.jpg 1599w\" sizes=\"auto, (max-width: 300px) 100vw, 300px\" \/><\/a>\n\t\t\t<\/div>\n\t\t\t\t<figcaption class='wp-caption-text gallery-caption' id='gallery-1-185968'>\n\t\t\t\tEn Tiquina los muelles tienen que extenderse porque el nivel de agua disminuye y los botes no pueden llegar a las orillas.\n\t\t\t\t<\/figcaption><\/figure><figure class='gallery-item'>\n\t\t\t<div class='gallery-icon landscape'>\n\t\t\t\t<a href='https:\/\/www.eldiario.net\/portal\/sequia-4-2\/'><img loading=\"lazy\" decoding=\"async\" width=\"300\" height=\"200\" src=\"https:\/\/www.eldiario.net\/portal\/wp-content\/uploads\/2023\/11\/sequia-4-300x200.jpg\" class=\"attachment-medium size-medium\" alt=\"\" aria-describedby=\"gallery-1-185969\" srcset=\"https:\/\/www.eldiario.net\/portal\/wp-content\/uploads\/2023\/11\/sequia-4-300x200.jpg 300w, https:\/\/www.eldiario.net\/portal\/wp-content\/uploads\/2023\/11\/sequia-4-1024x683.jpg 1024w, https:\/\/www.eldiario.net\/portal\/wp-content\/uploads\/2023\/11\/sequia-4-768x512.jpg 768w, https:\/\/www.eldiario.net\/portal\/wp-content\/uploads\/2023\/11\/sequia-4-1536x1024.jpg 1536w, https:\/\/www.eldiario.net\/portal\/wp-content\/uploads\/2023\/11\/sequia-4-696x464.jpg 696w, https:\/\/www.eldiario.net\/portal\/wp-content\/uploads\/2023\/11\/sequia-4-1068x712.jpg 1068w, https:\/\/www.eldiario.net\/portal\/wp-content\/uploads\/2023\/11\/sequia-4.jpg 1599w\" sizes=\"auto, (max-width: 300px) 100vw, 300px\" \/><\/a>\n\t\t\t<\/div>\n\t\t\t\t<figcaption class='wp-caption-text gallery-caption' id='gallery-1-185969'>\n\t\t\t\tLas grandes lanchas que transportan movilidades a trav\u00e9s del Estrecho de Tiquina necesitan extender las orillas para el ingreso de los autom\u00f3viles.\n\t\t\t\t<\/figcaption><\/figure><figure class='gallery-item'>\n\t\t\t<div class='gallery-icon portrait'>\n\t\t\t\t<a href='https:\/\/www.eldiario.net\/portal\/sequia-5-2\/'><img loading=\"lazy\" decoding=\"async\" width=\"169\" height=\"300\" src=\"https:\/\/www.eldiario.net\/portal\/wp-content\/uploads\/2023\/11\/sequia-5-169x300.jpg\" class=\"attachment-medium size-medium\" alt=\"\" aria-describedby=\"gallery-1-185970\" srcset=\"https:\/\/www.eldiario.net\/portal\/wp-content\/uploads\/2023\/11\/sequia-5-169x300.jpg 169w, https:\/\/www.eldiario.net\/portal\/wp-content\/uploads\/2023\/11\/sequia-5-576x1024.jpg 576w, https:\/\/www.eldiario.net\/portal\/wp-content\/uploads\/2023\/11\/sequia-5-768x1365.jpg 768w, https:\/\/www.eldiario.net\/portal\/wp-content\/uploads\/2023\/11\/sequia-5-864x1536.jpg 864w, https:\/\/www.eldiario.net\/portal\/wp-content\/uploads\/2023\/11\/sequia-5-696x1237.jpg 696w, https:\/\/www.eldiario.net\/portal\/wp-content\/uploads\/2023\/11\/sequia-5.jpg 900w\" sizes=\"auto, (max-width: 169px) 100vw, 169px\" \/><\/a>\n\t\t\t<\/div>\n\t\t\t\t<figcaption class='wp-caption-text gallery-caption' id='gallery-1-185970'>\n\t\t\t\tEn los lugares de cultivo de Copacabana los animales carecen de alimento y de agua, lo que arriesga supervivencia.\n\t\t\t\t<\/figcaption><\/figure>\n\t\t<\/div>\n\n","protected":false},"excerpt":{"rendered":"<p>Isla del Sol (EL DIARIO) Edwin Conde Villarreal, Enviado Especial.- Los habitantes de la comunidad Yumani de la isla del Sol del lago Titicaca, realizar\u00e1n un ritual ceremonial milenario esta semana en la bah\u00eda Japapi para el resguardo de los granizos y en la espera de las lluvias del per\u00edodo del jallupacha (tiempo h\u00famedo) que [&hellip;]<\/p>\n","protected":false},"author":1,"featured_media":185966,"comment_status":"closed","ping_status":"open","sticky":false,"template":"","format":"standard","meta":{"_acf_changed":false,"footnotes":""},"categories":[12],"tags":[],"class_list":["post-185965","post","type-post","status-publish","format-standard","has-post-thumbnail","category-nacional"],"acf":{"antetitulo":""},"yoast_head":"<!-- This site is optimized with the Yoast SEO plugin v28.4 - https:\/\/yoast.com\/product\/yoast-seo-wordpress\/ -->\n<title>En isla del Sol cumplir\u00e1n rituales milenarios en espera de las lluvias - El Diario - Bolivia<\/title>\n<meta name=\"robots\" content=\"index, follow, max-snippet:-1, max-image-preview:large, max-video-preview:-1\" \/>\n<link rel=\"canonical\" href=\"https:\/\/www.eldiario.net\/portal\/2023\/11\/06\/en-isla-del-sol-cumpliran-rituales-milenarios-en-espera-de-las-lluvias\/\" \/>\n<meta property=\"og:locale\" content=\"es_ES\" \/>\n<meta property=\"og:type\" content=\"article\" \/>\n<meta property=\"og:title\" content=\"En isla del Sol cumplir\u00e1n rituales milenarios en espera de las lluvias - El Diario - Bolivia\" \/>\n<meta property=\"og:description\" content=\"Isla del Sol (EL DIARIO) Edwin Conde Villarreal, Enviado Especial.- Los habitantes de la comunidad Yumani de la isla del Sol del lago Titicaca, realizar\u00e1n un ritual ceremonial milenario esta semana en la bah\u00eda Japapi para el resguardo de los granizos y en la espera de las lluvias del per\u00edodo del jallupacha (tiempo h\u00famedo) que [&hellip;]\" \/>\n<meta property=\"og:url\" content=\"https:\/\/www.eldiario.net\/portal\/2023\/11\/06\/en-isla-del-sol-cumpliran-rituales-milenarios-en-espera-de-las-lluvias\/\" \/>\n<meta property=\"og:site_name\" content=\"El Diario - Bolivia\" \/>\n<meta property=\"article:publisher\" content=\"https:\/\/www.facebook.com\/eldiario.bolivia\/\" \/>\n<meta property=\"article:published_time\" content=\"2023-11-06T10:42:43+00:00\" \/>\n<meta property=\"og:image\" content=\"https:\/\/www.eldiario.net\/portal\/wp-content\/uploads\/2023\/11\/sequia-1.jpg\" \/>\n\t<meta property=\"og:image:width\" content=\"1077\" \/>\n\t<meta property=\"og:image:height\" content=\"518\" \/>\n\t<meta property=\"og:image:type\" content=\"image\/jpeg\" \/>\n<meta name=\"author\" content=\"Jeanette\" \/>\n<meta name=\"twitter:card\" content=\"summary_large_image\" \/>\n<meta name=\"twitter:creator\" content=\"@eldiario_net\" \/>\n<meta name=\"twitter:site\" content=\"@eldiario_net\" \/>\n<meta name=\"twitter:label1\" content=\"Escrito por\" \/>\n\t<meta name=\"twitter:data1\" content=\"Jeanette\" \/>\n\t<meta name=\"twitter:label2\" content=\"Tiempo de lectura\" \/>\n\t<meta name=\"twitter:data2\" content=\"5 minutos\" \/>\n<script type=\"application\/ld+json\" class=\"yoast-schema-graph\">{\"@context\":\"https:\\\/\\\/schema.org\",\"@graph\":[{\"@type\":\"Article\",\"@id\":\"https:\\\/\\\/www.eldiario.net\\\/portal\\\/2023\\\/11\\\/06\\\/en-isla-del-sol-cumpliran-rituales-milenarios-en-espera-de-las-lluvias\\\/#article\",\"isPartOf\":{\"@id\":\"https:\\\/\\\/www.eldiario.net\\\/portal\\\/2023\\\/11\\\/06\\\/en-isla-del-sol-cumpliran-rituales-milenarios-en-espera-de-las-lluvias\\\/\"},\"author\":{\"name\":\"Jeanette\",\"@id\":\"https:\\\/\\\/www.eldiario.net\\\/portal\\\/#\\\/schema\\\/person\\\/2c57cf2b7a7ae032e449e4c9b1019eac\"},\"headline\":\"En isla del Sol cumplir\u00e1n rituales milenarios en espera de las lluvias\",\"datePublished\":\"2023-11-06T10:42:43+00:00\",\"mainEntityOfPage\":{\"@id\":\"https:\\\/\\\/www.eldiario.net\\\/portal\\\/2023\\\/11\\\/06\\\/en-isla-del-sol-cumpliran-rituales-milenarios-en-espera-de-las-lluvias\\\/\"},\"wordCount\":1065,\"publisher\":{\"@id\":\"https:\\\/\\\/www.eldiario.net\\\/portal\\\/#organization\"},\"image\":{\"@id\":\"https:\\\/\\\/www.eldiario.net\\\/portal\\\/2023\\\/11\\\/06\\\/en-isla-del-sol-cumpliran-rituales-milenarios-en-espera-de-las-lluvias\\\/#primaryimage\"},\"thumbnailUrl\":\"https:\\\/\\\/www.eldiario.net\\\/portal\\\/wp-content\\\/uploads\\\/2023\\\/11\\\/sequia-1.jpg\",\"articleSection\":[\"Nacional\"],\"inLanguage\":\"es\"},{\"@type\":\"WebPage\",\"@id\":\"https:\\\/\\\/www.eldiario.net\\\/portal\\\/2023\\\/11\\\/06\\\/en-isla-del-sol-cumpliran-rituales-milenarios-en-espera-de-las-lluvias\\\/\",\"url\":\"https:\\\/\\\/www.eldiario.net\\\/portal\\\/2023\\\/11\\\/06\\\/en-isla-del-sol-cumpliran-rituales-milenarios-en-espera-de-las-lluvias\\\/\",\"name\":\"En isla del Sol cumplir\u00e1n rituales milenarios en espera de las lluvias - El Diario - Bolivia\",\"isPartOf\":{\"@id\":\"https:\\\/\\\/www.eldiario.net\\\/portal\\\/#website\"},\"primaryImageOfPage\":{\"@id\":\"https:\\\/\\\/www.eldiario.net\\\/portal\\\/2023\\\/11\\\/06\\\/en-isla-del-sol-cumpliran-rituales-milenarios-en-espera-de-las-lluvias\\\/#primaryimage\"},\"image\":{\"@id\":\"https:\\\/\\\/www.eldiario.net\\\/portal\\\/2023\\\/11\\\/06\\\/en-isla-del-sol-cumpliran-rituales-milenarios-en-espera-de-las-lluvias\\\/#primaryimage\"},\"thumbnailUrl\":\"https:\\\/\\\/www.eldiario.net\\\/portal\\\/wp-content\\\/uploads\\\/2023\\\/11\\\/sequia-1.jpg\",\"datePublished\":\"2023-11-06T10:42:43+00:00\",\"breadcrumb\":{\"@id\":\"https:\\\/\\\/www.eldiario.net\\\/portal\\\/2023\\\/11\\\/06\\\/en-isla-del-sol-cumpliran-rituales-milenarios-en-espera-de-las-lluvias\\\/#breadcrumb\"},\"inLanguage\":\"es\",\"potentialAction\":[{\"@type\":\"ReadAction\",\"target\":[\"https:\\\/\\\/www.eldiario.net\\\/portal\\\/2023\\\/11\\\/06\\\/en-isla-del-sol-cumpliran-rituales-milenarios-en-espera-de-las-lluvias\\\/\"]}]},{\"@type\":\"ImageObject\",\"inLanguage\":\"es\",\"@id\":\"https:\\\/\\\/www.eldiario.net\\\/portal\\\/2023\\\/11\\\/06\\\/en-isla-del-sol-cumpliran-rituales-milenarios-en-espera-de-las-lluvias\\\/#primaryimage\",\"url\":\"https:\\\/\\\/www.eldiario.net\\\/portal\\\/wp-content\\\/uploads\\\/2023\\\/11\\\/sequia-1.jpg\",\"contentUrl\":\"https:\\\/\\\/www.eldiario.net\\\/portal\\\/wp-content\\\/uploads\\\/2023\\\/11\\\/sequia-1.jpg\",\"width\":1077,\"height\":518,\"caption\":\"El palacio l\u00edtico de Pilkokaina al sur de la isla del Sol, despu\u00e9s de ser restaurado es un mudo testigo de las \u00e9pocas de sequ\u00eda que se atravesaron en el Titicaca.\"},{\"@type\":\"BreadcrumbList\",\"@id\":\"https:\\\/\\\/www.eldiario.net\\\/portal\\\/2023\\\/11\\\/06\\\/en-isla-del-sol-cumpliran-rituales-milenarios-en-espera-de-las-lluvias\\\/#breadcrumb\",\"itemListElement\":[{\"@type\":\"ListItem\",\"position\":1,\"name\":\"Portada\",\"item\":\"https:\\\/\\\/www.eldiario.net\\\/portal\\\/\"},{\"@type\":\"ListItem\",\"position\":2,\"name\":\"En isla del Sol cumplir\u00e1n rituales milenarios en espera de las lluvias\"}]},{\"@type\":\"WebSite\",\"@id\":\"https:\\\/\\\/www.eldiario.net\\\/portal\\\/#website\",\"url\":\"https:\\\/\\\/www.eldiario.net\\\/portal\\\/\",\"name\":\"El Diario - Decano de la prensa nacional\",\"description\":\"El Diario - Decano de la prensa nacional\",\"publisher\":{\"@id\":\"https:\\\/\\\/www.eldiario.net\\\/portal\\\/#organization\"},\"potentialAction\":[{\"@type\":\"SearchAction\",\"target\":{\"@type\":\"EntryPoint\",\"urlTemplate\":\"https:\\\/\\\/www.eldiario.net\\\/portal\\\/?s={search_term_string}\"},\"query-input\":{\"@type\":\"PropertyValueSpecification\",\"valueRequired\":true,\"valueName\":\"search_term_string\"}}],\"inLanguage\":\"es\"},{\"@type\":\"Organization\",\"@id\":\"https:\\\/\\\/www.eldiario.net\\\/portal\\\/#organization\",\"name\":\"El Diario - Decano de la prensa nacional\",\"url\":\"https:\\\/\\\/www.eldiario.net\\\/portal\\\/\",\"logo\":{\"@type\":\"ImageObject\",\"inLanguage\":\"es\",\"@id\":\"https:\\\/\\\/www.eldiario.net\\\/portal\\\/#\\\/schema\\\/logo\\\/image\\\/\",\"url\":\"https:\\\/\\\/www.eldiario.net\\\/portal\\\/wp-content\\\/uploads\\\/2023\\\/07\\\/logo_ED.jpg\",\"contentUrl\":\"https:\\\/\\\/www.eldiario.net\\\/portal\\\/wp-content\\\/uploads\\\/2023\\\/07\\\/logo_ED.jpg\",\"width\":272,\"height\":52,\"caption\":\"El Diario - Decano de la prensa nacional\"},\"image\":{\"@id\":\"https:\\\/\\\/www.eldiario.net\\\/portal\\\/#\\\/schema\\\/logo\\\/image\\\/\"},\"sameAs\":[\"https:\\\/\\\/www.facebook.com\\\/eldiario.bolivia\\\/\",\"https:\\\/\\\/x.com\\\/eldiario_net\"]},{\"@type\":\"Person\",\"@id\":\"https:\\\/\\\/www.eldiario.net\\\/portal\\\/#\\\/schema\\\/person\\\/2c57cf2b7a7ae032e449e4c9b1019eac\",\"name\":\"Jeanette\",\"image\":{\"@type\":\"ImageObject\",\"inLanguage\":\"es\",\"@id\":\"https:\\\/\\\/secure.gravatar.com\\\/avatar\\\/3ea2118a5f7dad2b7138b1187a6b7ee55f160b9968b66013c3a3ef39dd7e5798?s=96&d=mm&r=g\",\"url\":\"https:\\\/\\\/secure.gravatar.com\\\/avatar\\\/3ea2118a5f7dad2b7138b1187a6b7ee55f160b9968b66013c3a3ef39dd7e5798?s=96&d=mm&r=g\",\"contentUrl\":\"https:\\\/\\\/secure.gravatar.com\\\/avatar\\\/3ea2118a5f7dad2b7138b1187a6b7ee55f160b9968b66013c3a3ef39dd7e5798?s=96&d=mm&r=g\",\"caption\":\"Jeanette\"},\"sameAs\":[\"https:\\\/\\\/www.eldiario.net\\\/portal\"],\"url\":\"https:\\\/\\\/www.eldiario.net\\\/portal\\\/author\\\/jeanette\\\/\"}]}<\/script>\n<!-- \/ Yoast SEO plugin. -->","yoast_head_json":{"title":"En isla del Sol cumplir\u00e1n rituales milenarios en espera de las lluvias - El Diario - Bolivia","robots":{"index":"index","follow":"follow","max-snippet":"max-snippet:-1","max-image-preview":"max-image-preview:large","max-video-preview":"max-video-preview:-1"},"canonical":"https:\/\/www.eldiario.net\/portal\/2023\/11\/06\/en-isla-del-sol-cumpliran-rituales-milenarios-en-espera-de-las-lluvias\/","og_locale":"es_ES","og_type":"article","og_title":"En isla del Sol cumplir\u00e1n rituales milenarios en espera de las lluvias - El Diario - Bolivia","og_description":"Isla del Sol (EL DIARIO) Edwin Conde Villarreal, Enviado Especial.- Los habitantes de la comunidad Yumani de la isla del Sol del lago Titicaca, realizar\u00e1n un ritual ceremonial milenario esta semana en la bah\u00eda Japapi para el resguardo de los granizos y en la espera de las lluvias del per\u00edodo del jallupacha (tiempo h\u00famedo) que [&hellip;]","og_url":"https:\/\/www.eldiario.net\/portal\/2023\/11\/06\/en-isla-del-sol-cumpliran-rituales-milenarios-en-espera-de-las-lluvias\/","og_site_name":"El Diario - Bolivia","article_publisher":"https:\/\/www.facebook.com\/eldiario.bolivia\/","article_published_time":"2023-11-06T10:42:43+00:00","og_image":[{"width":1077,"height":518,"url":"https:\/\/www.eldiario.net\/portal\/wp-content\/uploads\/2023\/11\/sequia-1.jpg","type":"image\/jpeg"}],"author":"Jeanette","twitter_card":"summary_large_image","twitter_creator":"@eldiario_net","twitter_site":"@eldiario_net","twitter_misc":{"Escrito por":"Jeanette","Tiempo de lectura":"5 minutos"},"schema":{"@context":"https:\/\/schema.org","@graph":[{"@type":"Article","@id":"https:\/\/www.eldiario.net\/portal\/2023\/11\/06\/en-isla-del-sol-cumpliran-rituales-milenarios-en-espera-de-las-lluvias\/#article","isPartOf":{"@id":"https:\/\/www.eldiario.net\/portal\/2023\/11\/06\/en-isla-del-sol-cumpliran-rituales-milenarios-en-espera-de-las-lluvias\/"},"author":{"name":"Jeanette","@id":"https:\/\/www.eldiario.net\/portal\/#\/schema\/person\/2c57cf2b7a7ae032e449e4c9b1019eac"},"headline":"En isla del Sol cumplir\u00e1n rituales milenarios en espera de las lluvias","datePublished":"2023-11-06T10:42:43+00:00","mainEntityOfPage":{"@id":"https:\/\/www.eldiario.net\/portal\/2023\/11\/06\/en-isla-del-sol-cumpliran-rituales-milenarios-en-espera-de-las-lluvias\/"},"wordCount":1065,"publisher":{"@id":"https:\/\/www.eldiario.net\/portal\/#organization"},"image":{"@id":"https:\/\/www.eldiario.net\/portal\/2023\/11\/06\/en-isla-del-sol-cumpliran-rituales-milenarios-en-espera-de-las-lluvias\/#primaryimage"},"thumbnailUrl":"https:\/\/www.eldiario.net\/portal\/wp-content\/uploads\/2023\/11\/sequia-1.jpg","articleSection":["Nacional"],"inLanguage":"es"},{"@type":"WebPage","@id":"https:\/\/www.eldiario.net\/portal\/2023\/11\/06\/en-isla-del-sol-cumpliran-rituales-milenarios-en-espera-de-las-lluvias\/","url":"https:\/\/www.eldiario.net\/portal\/2023\/11\/06\/en-isla-del-sol-cumpliran-rituales-milenarios-en-espera-de-las-lluvias\/","name":"En isla del Sol cumplir\u00e1n rituales milenarios en espera de las lluvias - El Diario - Bolivia","isPartOf":{"@id":"https:\/\/www.eldiario.net\/portal\/#website"},"primaryImageOfPage":{"@id":"https:\/\/www.eldiario.net\/portal\/2023\/11\/06\/en-isla-del-sol-cumpliran-rituales-milenarios-en-espera-de-las-lluvias\/#primaryimage"},"image":{"@id":"https:\/\/www.eldiario.net\/portal\/2023\/11\/06\/en-isla-del-sol-cumpliran-rituales-milenarios-en-espera-de-las-lluvias\/#primaryimage"},"thumbnailUrl":"https:\/\/www.eldiario.net\/portal\/wp-content\/uploads\/2023\/11\/sequia-1.jpg","datePublished":"2023-11-06T10:42:43+00:00","breadcrumb":{"@id":"https:\/\/www.eldiario.net\/portal\/2023\/11\/06\/en-isla-del-sol-cumpliran-rituales-milenarios-en-espera-de-las-lluvias\/#breadcrumb"},"inLanguage":"es","potentialAction":[{"@type":"ReadAction","target":["https:\/\/www.eldiario.net\/portal\/2023\/11\/06\/en-isla-del-sol-cumpliran-rituales-milenarios-en-espera-de-las-lluvias\/"]}]},{"@type":"ImageObject","inLanguage":"es","@id":"https:\/\/www.eldiario.net\/portal\/2023\/11\/06\/en-isla-del-sol-cumpliran-rituales-milenarios-en-espera-de-las-lluvias\/#primaryimage","url":"https:\/\/www.eldiario.net\/portal\/wp-content\/uploads\/2023\/11\/sequia-1.jpg","contentUrl":"https:\/\/www.eldiario.net\/portal\/wp-content\/uploads\/2023\/11\/sequia-1.jpg","width":1077,"height":518,"caption":"El palacio l\u00edtico de Pilkokaina al sur de la isla del Sol, despu\u00e9s de ser restaurado es un mudo testigo de las \u00e9pocas de sequ\u00eda que se atravesaron en el Titicaca."},{"@type":"BreadcrumbList","@id":"https:\/\/www.eldiario.net\/portal\/2023\/11\/06\/en-isla-del-sol-cumpliran-rituales-milenarios-en-espera-de-las-lluvias\/#breadcrumb","itemListElement":[{"@type":"ListItem","position":1,"name":"Portada","item":"https:\/\/www.eldiario.net\/portal\/"},{"@type":"ListItem","position":2,"name":"En isla del Sol cumplir\u00e1n rituales milenarios en espera de las lluvias"}]},{"@type":"WebSite","@id":"https:\/\/www.eldiario.net\/portal\/#website","url":"https:\/\/www.eldiario.net\/portal\/","name":"El Diario - Decano de la prensa nacional","description":"El Diario - Decano de la prensa nacional","publisher":{"@id":"https:\/\/www.eldiario.net\/portal\/#organization"},"potentialAction":[{"@type":"SearchAction","target":{"@type":"EntryPoint","urlTemplate":"https:\/\/www.eldiario.net\/portal\/?s={search_term_string}"},"query-input":{"@type":"PropertyValueSpecification","valueRequired":true,"valueName":"search_term_string"}}],"inLanguage":"es"},{"@type":"Organization","@id":"https:\/\/www.eldiario.net\/portal\/#organization","name":"El Diario - Decano de la prensa nacional","url":"https:\/\/www.eldiario.net\/portal\/","logo":{"@type":"ImageObject","inLanguage":"es","@id":"https:\/\/www.eldiario.net\/portal\/#\/schema\/logo\/image\/","url":"https:\/\/www.eldiario.net\/portal\/wp-content\/uploads\/2023\/07\/logo_ED.jpg","contentUrl":"https:\/\/www.eldiario.net\/portal\/wp-content\/uploads\/2023\/07\/logo_ED.jpg","width":272,"height":52,"caption":"El Diario - Decano de la prensa nacional"},"image":{"@id":"https:\/\/www.eldiario.net\/portal\/#\/schema\/logo\/image\/"},"sameAs":["https:\/\/www.facebook.com\/eldiario.bolivia\/","https:\/\/x.com\/eldiario_net"]},{"@type":"Person","@id":"https:\/\/www.eldiario.net\/portal\/#\/schema\/person\/2c57cf2b7a7ae032e449e4c9b1019eac","name":"Jeanette","image":{"@type":"ImageObject","inLanguage":"es","@id":"https:\/\/secure.gravatar.com\/avatar\/3ea2118a5f7dad2b7138b1187a6b7ee55f160b9968b66013c3a3ef39dd7e5798?s=96&d=mm&r=g","url":"https:\/\/secure.gravatar.com\/avatar\/3ea2118a5f7dad2b7138b1187a6b7ee55f160b9968b66013c3a3ef39dd7e5798?s=96&d=mm&r=g","contentUrl":"https:\/\/secure.gravatar.com\/avatar\/3ea2118a5f7dad2b7138b1187a6b7ee55f160b9968b66013c3a3ef39dd7e5798?s=96&d=mm&r=g","caption":"Jeanette"},"sameAs":["https:\/\/www.eldiario.net\/portal"],"url":"https:\/\/www.eldiario.net\/portal\/author\/jeanette\/"}]}},"_links":{"self":[{"href":"https:\/\/www.eldiario.net\/portal\/wp-json\/wp\/v2\/posts\/185965","targetHints":{"allow":["GET"]}}],"collection":[{"href":"https:\/\/www.eldiario.net\/portal\/wp-json\/wp\/v2\/posts"}],"about":[{"href":"https:\/\/www.eldiario.net\/portal\/wp-json\/wp\/v2\/types\/post"}],"author":[{"embeddable":true,"href":"https:\/\/www.eldiario.net\/portal\/wp-json\/wp\/v2\/users\/1"}],"replies":[{"embeddable":true,"href":"https:\/\/www.eldiario.net\/portal\/wp-json\/wp\/v2\/comments?post=185965"}],"version-history":[{"count":0,"href":"https:\/\/www.eldiario.net\/portal\/wp-json\/wp\/v2\/posts\/185965\/revisions"}],"wp:featuredmedia":[{"embeddable":true,"href":"https:\/\/www.eldiario.net\/portal\/wp-json\/wp\/v2\/media\/185966"}],"wp:attachment":[{"href":"https:\/\/www.eldiario.net\/portal\/wp-json\/wp\/v2\/media?parent=185965"}],"wp:term":[{"taxonomy":"category","embeddable":true,"href":"https:\/\/www.eldiario.net\/portal\/wp-json\/wp\/v2\/categories?post=185965"},{"taxonomy":"post_tag","embeddable":true,"href":"https:\/\/www.eldiario.net\/portal\/wp-json\/wp\/v2\/tags?post=185965"}],"curies":[{"name":"wp","href":"https:\/\/api.w.org\/{rel}","templated":true}]}}