{"id":185960,"date":"2023-11-06T06:39:22","date_gmt":"2023-11-06T10:39:22","guid":{"rendered":"https:\/\/www.eldiario.net\/portal\/?p=185960"},"modified":"2023-11-06T06:39:22","modified_gmt":"2023-11-06T10:39:22","slug":"pandillas-retoman-las-extorsiones-en-algunos-barrios-de-el-salvador","status":"publish","type":"post","link":"https:\/\/www.eldiario.net\/portal\/2023\/11\/06\/pandillas-retoman-las-extorsiones-en-algunos-barrios-de-el-salvador\/","title":{"rendered":"Pandillas retoman las extorsiones  en algunos barrios de El Salvador"},"content":{"rendered":"<p>No son pocas las veces que el presidente de El Salvador, Nayib Bukele, dijo que su pa\u00eds es el m\u00e1s tranquilo del continente. La \u00faltima vez que lo hizo fue el 29 de septiembre en su cuenta X: \u201cEl Salvador es, por mucho, el pa\u00eds m\u00e1s seguro de Latinoam\u00e9rica\u2026\u201d. Esto es as\u00ed, alegan el mandatario y sus propagandistas, porque su gobierno logr\u00f3 desarticular a las pandillas MS13 y Barrio 18.<br \/>\nRecientes informes policiales tienden a desmentir esto y hablan, m\u00e1s bien, de que los pandilleros retomaron la extorsi\u00f3n y la presencia en varios barrios y comunidades del pa\u00eds.<br \/>\nLas extorsiones y la vigilancia permanente en barrios que fueron atormentados por pandillas en los \u00faltimos a\u00f1os empezaron a resurgir, luego de que las fuerzas de seguridad del Gobierno lograron disminuir a las c\u00e9lulas pandilleriles durante un r\u00e9gimen de excepci\u00f3n que inici\u00f3 en marzo de 2022.<br \/>\n\u201cYa hay pandilleros en labores de posteo, de vigilancia a las autoridades\u2026 El mecanismo de extorsi\u00f3n mandando a j\u00f3venes a cobrar (una cuota) a los negocios de la zona ha resurgido\u201d, dice Marvin Reyes, directivo del Movimiento de Trabajadores de la Polic\u00eda Nacional Civil (MTP), una organizaci\u00f3n que re\u00fane a decenas de polic\u00edas y que se ha mostrado cr\u00edtica de algunas pol\u00edticas del gobierno Bukele.<br \/>\nA ellos, dice Reyes, lleg\u00f3 denuncias de agentes desplegados en todo el pa\u00eds y de ciudadanos seg\u00fan las cuales algunas c\u00e9lulas -clicas como se les conoce en el argot policial y pandilleril en El Salvador-, volvieron a encontrar espacio suficiente para reactivar sus actividades criminales, sobre todo la extorsi\u00f3n a vecinos y peque\u00f1os negocios.<br \/>\nSeg\u00fan los informes recibidos por el MTP, hay resurgimiento de c\u00e9lulas pandilleras en el Distrito Italia y en la colonia Altavista, en el extrarradio de San Salvador; tambi\u00e9n en los departamentos de San Miguel en el oriente, Santa Ana y Sonsonate en el occidente y La Libertad en la zona central. Un veterano oficial de la polic\u00eda que sirvi\u00f3 como asesor al gobierno de Bukele, y quien habl\u00f3 con Infobae desde el anonimato por seguridad, confirm\u00f3 la informaci\u00f3n del MTP y a\u00f1adi\u00f3 que en algunas zonas costeras en el centro y este del pa\u00eds, tambi\u00e9n hay una reorganizaci\u00f3n de clicas y un aumento de las extorsiones.<br \/>\nReyes dice que incluso resurgido los enfrentamientos armados entre pandilleros y polic\u00edas en algunas zonas del pa\u00eds, los cuales dejaron a varios miembros de la MS13 y el Barrio 18 muertos y al menos a un agente herido.<br \/>\nEn La Uni\u00f3n, una de las provincias m\u00e1s grandes del pa\u00eds en el extremo este, que se alarga desde la costa en el Pac\u00edfico hasta la frontera hondure\u00f1a, las autoridades detectaron santuarios de pandilleros en zonas monta\u00f1osas y en los bosques de mangle que pueblan el Litoral.<br \/>\nOtro oficial que supervis\u00f3 unidades de inteligencia policial dedicadas a estudiar a las pandillas MS13 y Barrio 18 dijo que las pol\u00edticas de seguridad p\u00fablica en el gobierno de Bukele, fueron efectivas hasta cierto punto: lograron disminuir el control de los grupos pandilleros en los territorios, pero no consiguieron impedir que estos se transformen y aprovechen los huecos que les dejan las autoridades para seguir extorsionando.<br \/>\nEn las ciudades, coinciden Reyes y los otros dos oficiales consultados, que la presencia de los pandilleros es mucho menor que en el pasado. Hay ya decenas de reportes period\u00edsticos que, citando a vecinos de barrios en las periferias de la capital salvadore\u00f1a, hablan de un ambiente de tranquilidad.<br \/>\nGUERRA CONTRA PANDILLAS Y VIEJAS FORMAS DE OPERAR<br \/>\nLa relaci\u00f3n entre el gobierno de Nayib Bukele y las dos pandillas m\u00e1s grandes del pa\u00eds, la MS13 y el Barrio 18, tuvieron varias etapas. Primero existi\u00f3 un pacto de gobernabilidad que el Presidente y algunos de sus funcionarios hicieron con los liderazgos pandilleros cuando Bukele fue alcalde de San Salvador, la capital, entre 2015 y 2018, seg\u00fan comprobaron en el terreno investigadores de la Fiscal\u00eda General salvadore\u00f1a apoyados por agentes estadounidenses del FBI.<br \/>\nAquel pacto, detallaron agentes estadounidenses en documentos que sirvieron de base a sanciones impuestas por el Departamento de Estado en Washington a los funcionarios de Bukele que participaron en \u00e9l, consisti\u00f3 en esencia en proteger a los l\u00edderes de las pandillas de la extradici\u00f3n a cambio de votos en las elecciones presidenciales, municipales y de gobernabilidad en los territorios.<br \/>\nLos tratos facilitaron de hecho, al menos tres de los m\u00e1ximos l\u00edderes de la MS13 a los que Estados Unidos solicita por cr\u00edmenes que van desde el homicidio hasta el terrorismo no sean extraditados, entre otras cosas por objeciones que ha hecho Rodolfo Delgado, el Fiscal general que sirve bajo las \u00f3rdenes del presidente Bukele.<br \/>\nEn marzo de 2022, sin embargo, el pacto se rompi\u00f3 y los liderazgos pandilleros ordenaron \u201cabrir las v\u00e1lvulas\u201d, el eufemismo del argot pandilleril que equivale a dar \u00f3rdenes para matar sin distinciones. A finales de octubre pasado, un consorcio de medios centroamericanos agrupados bajo el nombre de Redacci\u00f3n Regional, revel\u00f3 m\u00e1s detalles de esos tratos entre gobierno y pandillas, que incluyeron traslados masivos de miembros de la MS13 y el Barrio 18 desde las c\u00e1rceles a hospitales. Antes, el peri\u00f3dico El Faro hab\u00eda revelado que Carlos Marroqu\u00edn, uno de los funcionarios de Bukele que oper\u00f3 el pacto pandillero, hab\u00eda sacado personalmente de la c\u00e1rcel a uno de los m\u00e1ximos l\u00edderes de la MS13 y le hab\u00eda ayudado fugarse a Guatemala. Infobae revel\u00f3 que ese l\u00edder, llamado \u00c9lmer Canales Rivera, alias Crook, fue detectado a principios de este a\u00f1o en la Ciudad de M\u00e9xico.<br \/>\nA la ruptura del pacto sigui\u00f3 un r\u00e9gimen de excepci\u00f3n que se supon\u00eda transitorio, pero ha sido renovado todos los meses desde marzo de 2022 hasta ahora. Durante lo que va de este r\u00e9gimen, que provoc\u00f3 la disminuci\u00f3n de la presencia pandillera en los territorios, entre 70,000 y 80,000 personas fueron encarceladas seg\u00fan las cifras del gobierno. Entre marzo de 2022 y septiembre de 2023, 188 murieron en las c\u00e1rceles del pa\u00eds tras ser vapuleadas y torturadas, porque los custodios les negaron atenci\u00f3n m\u00e9dica.<br \/>\nLos despliegues del aparato de seguridad de Bukele, antes y despu\u00e9s de instalado el r\u00e9gimen de excepci\u00f3n, fueron masivos: 7,000 soldados y 1,000 polic\u00edas en el norte\u00f1o departamento de Caba\u00f1as en agosto de 2023 \u201cpara sacar a los delincuentes de sus escondites\u201d, seg\u00fan la comunicaci\u00f3n oficial del Gobierno; 2,000 soldados en un cerco militar al peque\u00f1o poblado de Comasagua, en la zona monta\u00f1osa aleda\u00f1a al sur de la capital, conocida como la Cordillera del B\u00e1lsamo.<br \/>\nEl despliegue m\u00e1s reciente, anunciado por el mismo Bukele el 11 de octubre en su cuenta X, fue de 3,500 polic\u00edas y 500 soldados en Popotl\u00e1n y Valle Verde, en Apopa, al norte de San Salvador, y en La Campanera, al este de la capital.<br \/>\nMarvin Reyes, del MTP, insiste en que el r\u00e9gimen de excepci\u00f3n no va a acabar por completo con las pandillas. \u201cLa reactivaci\u00f3n en tiempos de r\u00e9gimen denota que erradicarlos no va a ser f\u00e1cil. Los planes deben de ser de car\u00e1cter permanente; no se va a terminar con el r\u00e9gimen de excepci\u00f3n, sino de pol\u00edticas de estado en materia de seguridad que sean permanentes y la aplicaci\u00f3n efectiva de la inteligencia de la polic\u00eda\u201d, sugiere.<br \/>\nA Reyes decir estas cosas le trajo costos personales, seg\u00fan \u00e9l mismo denunci\u00f3 en sus redes sociales. Visitas de agentes a sus oficinas, acoso en redes, seguimientos y, lo m\u00e1s reciente, cuentas troles relacionadas con el gobierno esparciendo rumores sobre su arresto, que \u00e9l tuvo que salir a desmentir.<br \/>\nEn 2022, el congreso salvadore\u00f1o, dominado por una mayor\u00eda oficialista, aprob\u00f3 reformas legales que permit\u00edan a la fiscal\u00eda, tambi\u00e9n bajo dominio de Bukele, procesar y encarcelar a ciudadanos y periodistas que publicaran cualquier informaci\u00f3n relativa a las pandillas y, por ende, a sus tratos con el gobierno.<br \/>\nEl 1 de noviembre pasado, tras recibir presi\u00f3n de los Estados Unidos, el congreso bukelista derog\u00f3 de forma parcial la mordaza, pero dej\u00f3 vigentes art\u00edculos que a\u00fan permiten a los fiscales del presidente perseguir a periodistas.<br \/>\nEn los barrios y comunidades de El Salvador, las decisiones que toman el Congreso y el presidente siguen siendo muy populares. En algunos de esos lugares, empieza haber ya indicios de que el r\u00e9gimen de excepci\u00f3n, los despliegues de miles de uniformados y la ret\u00f3rica presidencial no bastaron para eliminar a las pandillas con cuyos l\u00edderes que el Presidente alguna vez pact\u00f3. (Infobae)<\/p>\n<figure id=\"attachment_185963\" aria-describedby=\"caption-attachment-185963\" style=\"width: 769px\" class=\"wp-caption aligncenter\"><img loading=\"lazy\" decoding=\"async\" class=\"size-full wp-image-185963\" src=\"https:\/\/www.eldiario.net\/portal\/wp-content\/uploads\/2023\/11\/BUKELE.jpg\" alt=\"\" width=\"769\" height=\"512\" srcset=\"https:\/\/www.eldiario.net\/portal\/wp-content\/uploads\/2023\/11\/BUKELE.jpg 769w, https:\/\/www.eldiario.net\/portal\/wp-content\/uploads\/2023\/11\/BUKELE-300x200.jpg 300w, https:\/\/www.eldiario.net\/portal\/wp-content\/uploads\/2023\/11\/BUKELE-696x463.jpg 696w\" sizes=\"auto, (max-width: 769px) 100vw, 769px\" \/><figcaption id=\"caption-attachment-185963\" class=\"wp-caption-text\">BUKELE: OSIRIS LUNA, JEFE DE C\u00c1RCELES, MUESTRA A NAYIB BUKELE UNA DE LAS C\u00c1RCELES.<\/figcaption><\/figure>\n","protected":false},"excerpt":{"rendered":"<p>No son pocas las veces que el presidente de El Salvador, Nayib Bukele, dijo que su pa\u00eds es el m\u00e1s tranquilo del continente. La \u00faltima vez que lo hizo fue el 29 de septiembre en su cuenta X: \u201cEl Salvador es, por mucho, el pa\u00eds m\u00e1s seguro de Latinoam\u00e9rica\u2026\u201d. Esto es as\u00ed, alegan el mandatario [&hellip;]<\/p>\n","protected":false},"author":1,"featured_media":185961,"comment_status":"closed","ping_status":"open","sticky":false,"template":"","format":"standard","meta":{"_acf_changed":false,"footnotes":""},"categories":[3],"tags":[],"class_list":["post-185960","post","type-post","status-publish","format-standard","has-post-thumbnail","category-internacional"],"acf":{"antetitulo":""},"yoast_head":"<!-- This site is optimized with the Yoast SEO plugin v28.4 - https:\/\/yoast.com\/product\/yoast-seo-wordpress\/ -->\n<title>Pandillas retoman las extorsiones en algunos barrios de El Salvador - El Diario - Bolivia<\/title>\n<meta name=\"robots\" content=\"index, follow, max-snippet:-1, max-image-preview:large, max-video-preview:-1\" \/>\n<link rel=\"canonical\" href=\"https:\/\/www.eldiario.net\/portal\/2023\/11\/06\/pandillas-retoman-las-extorsiones-en-algunos-barrios-de-el-salvador\/\" \/>\n<meta property=\"og:locale\" content=\"es_ES\" \/>\n<meta property=\"og:type\" content=\"article\" \/>\n<meta property=\"og:title\" content=\"Pandillas retoman las extorsiones en algunos barrios de El Salvador - El Diario - Bolivia\" \/>\n<meta property=\"og:description\" content=\"No son pocas las veces que el presidente de El Salvador, Nayib Bukele, dijo que su pa\u00eds es el m\u00e1s tranquilo del continente. La \u00faltima vez que lo hizo fue el 29 de septiembre en su cuenta X: \u201cEl Salvador es, por mucho, el pa\u00eds m\u00e1s seguro de Latinoam\u00e9rica\u2026\u201d. Esto es as\u00ed, alegan el mandatario [&hellip;]\" \/>\n<meta property=\"og:url\" content=\"https:\/\/www.eldiario.net\/portal\/2023\/11\/06\/pandillas-retoman-las-extorsiones-en-algunos-barrios-de-el-salvador\/\" \/>\n<meta property=\"og:site_name\" content=\"El Diario - Bolivia\" \/>\n<meta property=\"article:publisher\" content=\"https:\/\/www.facebook.com\/eldiario.bolivia\/\" \/>\n<meta property=\"article:published_time\" content=\"2023-11-06T10:39:22+00:00\" \/>\n<meta property=\"og:image\" content=\"https:\/\/www.eldiario.net\/portal\/wp-content\/uploads\/2023\/11\/PRESOS.jpg\" \/>\n\t<meta property=\"og:image:width\" content=\"769\" \/>\n\t<meta property=\"og:image:height\" content=\"512\" \/>\n\t<meta property=\"og:image:type\" content=\"image\/jpeg\" \/>\n<meta name=\"author\" content=\"Jeanette\" \/>\n<meta name=\"twitter:card\" content=\"summary_large_image\" \/>\n<meta name=\"twitter:creator\" content=\"@eldiario_net\" \/>\n<meta name=\"twitter:site\" content=\"@eldiario_net\" \/>\n<meta name=\"twitter:label1\" content=\"Escrito por\" \/>\n\t<meta name=\"twitter:data1\" content=\"Jeanette\" \/>\n\t<meta name=\"twitter:label2\" content=\"Tiempo de lectura\" \/>\n\t<meta name=\"twitter:data2\" content=\"7 minutos\" \/>\n<script type=\"application\/ld+json\" class=\"yoast-schema-graph\">{\"@context\":\"https:\\\/\\\/schema.org\",\"@graph\":[{\"@type\":\"Article\",\"@id\":\"https:\\\/\\\/www.eldiario.net\\\/portal\\\/2023\\\/11\\\/06\\\/pandillas-retoman-las-extorsiones-en-algunos-barrios-de-el-salvador\\\/#article\",\"isPartOf\":{\"@id\":\"https:\\\/\\\/www.eldiario.net\\\/portal\\\/2023\\\/11\\\/06\\\/pandillas-retoman-las-extorsiones-en-algunos-barrios-de-el-salvador\\\/\"},\"author\":{\"name\":\"Jeanette\",\"@id\":\"https:\\\/\\\/www.eldiario.net\\\/portal\\\/#\\\/schema\\\/person\\\/2c57cf2b7a7ae032e449e4c9b1019eac\"},\"headline\":\"Pandillas retoman las extorsiones en algunos barrios de El Salvador\",\"datePublished\":\"2023-11-06T10:39:22+00:00\",\"mainEntityOfPage\":{\"@id\":\"https:\\\/\\\/www.eldiario.net\\\/portal\\\/2023\\\/11\\\/06\\\/pandillas-retoman-las-extorsiones-en-algunos-barrios-de-el-salvador\\\/\"},\"wordCount\":1513,\"publisher\":{\"@id\":\"https:\\\/\\\/www.eldiario.net\\\/portal\\\/#organization\"},\"image\":{\"@id\":\"https:\\\/\\\/www.eldiario.net\\\/portal\\\/2023\\\/11\\\/06\\\/pandillas-retoman-las-extorsiones-en-algunos-barrios-de-el-salvador\\\/#primaryimage\"},\"thumbnailUrl\":\"https:\\\/\\\/www.eldiario.net\\\/portal\\\/wp-content\\\/uploads\\\/2023\\\/11\\\/PRESOS.jpg\",\"articleSection\":[\"Internacional\"],\"inLanguage\":\"es\"},{\"@type\":\"WebPage\",\"@id\":\"https:\\\/\\\/www.eldiario.net\\\/portal\\\/2023\\\/11\\\/06\\\/pandillas-retoman-las-extorsiones-en-algunos-barrios-de-el-salvador\\\/\",\"url\":\"https:\\\/\\\/www.eldiario.net\\\/portal\\\/2023\\\/11\\\/06\\\/pandillas-retoman-las-extorsiones-en-algunos-barrios-de-el-salvador\\\/\",\"name\":\"Pandillas retoman las extorsiones en algunos barrios de El Salvador - El Diario - Bolivia\",\"isPartOf\":{\"@id\":\"https:\\\/\\\/www.eldiario.net\\\/portal\\\/#website\"},\"primaryImageOfPage\":{\"@id\":\"https:\\\/\\\/www.eldiario.net\\\/portal\\\/2023\\\/11\\\/06\\\/pandillas-retoman-las-extorsiones-en-algunos-barrios-de-el-salvador\\\/#primaryimage\"},\"image\":{\"@id\":\"https:\\\/\\\/www.eldiario.net\\\/portal\\\/2023\\\/11\\\/06\\\/pandillas-retoman-las-extorsiones-en-algunos-barrios-de-el-salvador\\\/#primaryimage\"},\"thumbnailUrl\":\"https:\\\/\\\/www.eldiario.net\\\/portal\\\/wp-content\\\/uploads\\\/2023\\\/11\\\/PRESOS.jpg\",\"datePublished\":\"2023-11-06T10:39:22+00:00\",\"breadcrumb\":{\"@id\":\"https:\\\/\\\/www.eldiario.net\\\/portal\\\/2023\\\/11\\\/06\\\/pandillas-retoman-las-extorsiones-en-algunos-barrios-de-el-salvador\\\/#breadcrumb\"},\"inLanguage\":\"es\",\"potentialAction\":[{\"@type\":\"ReadAction\",\"target\":[\"https:\\\/\\\/www.eldiario.net\\\/portal\\\/2023\\\/11\\\/06\\\/pandillas-retoman-las-extorsiones-en-algunos-barrios-de-el-salvador\\\/\"]}]},{\"@type\":\"ImageObject\",\"inLanguage\":\"es\",\"@id\":\"https:\\\/\\\/www.eldiario.net\\\/portal\\\/2023\\\/11\\\/06\\\/pandillas-retoman-las-extorsiones-en-algunos-barrios-de-el-salvador\\\/#primaryimage\",\"url\":\"https:\\\/\\\/www.eldiario.net\\\/portal\\\/wp-content\\\/uploads\\\/2023\\\/11\\\/PRESOS.jpg\",\"contentUrl\":\"https:\\\/\\\/www.eldiario.net\\\/portal\\\/wp-content\\\/uploads\\\/2023\\\/11\\\/PRESOS.jpg\",\"width\":769,\"height\":512,\"caption\":\"LOS PRESOS SON IDENTIFICADOS POR LAS AUTORIDADES COMO PANDILLEROS.\"},{\"@type\":\"BreadcrumbList\",\"@id\":\"https:\\\/\\\/www.eldiario.net\\\/portal\\\/2023\\\/11\\\/06\\\/pandillas-retoman-las-extorsiones-en-algunos-barrios-de-el-salvador\\\/#breadcrumb\",\"itemListElement\":[{\"@type\":\"ListItem\",\"position\":1,\"name\":\"Portada\",\"item\":\"https:\\\/\\\/www.eldiario.net\\\/portal\\\/\"},{\"@type\":\"ListItem\",\"position\":2,\"name\":\"Pandillas retoman las extorsiones en algunos barrios de El Salvador\"}]},{\"@type\":\"WebSite\",\"@id\":\"https:\\\/\\\/www.eldiario.net\\\/portal\\\/#website\",\"url\":\"https:\\\/\\\/www.eldiario.net\\\/portal\\\/\",\"name\":\"El Diario - Decano de la prensa nacional\",\"description\":\"El Diario - Decano de la prensa nacional\",\"publisher\":{\"@id\":\"https:\\\/\\\/www.eldiario.net\\\/portal\\\/#organization\"},\"potentialAction\":[{\"@type\":\"SearchAction\",\"target\":{\"@type\":\"EntryPoint\",\"urlTemplate\":\"https:\\\/\\\/www.eldiario.net\\\/portal\\\/?s={search_term_string}\"},\"query-input\":{\"@type\":\"PropertyValueSpecification\",\"valueRequired\":true,\"valueName\":\"search_term_string\"}}],\"inLanguage\":\"es\"},{\"@type\":\"Organization\",\"@id\":\"https:\\\/\\\/www.eldiario.net\\\/portal\\\/#organization\",\"name\":\"El Diario - Decano de la prensa nacional\",\"url\":\"https:\\\/\\\/www.eldiario.net\\\/portal\\\/\",\"logo\":{\"@type\":\"ImageObject\",\"inLanguage\":\"es\",\"@id\":\"https:\\\/\\\/www.eldiario.net\\\/portal\\\/#\\\/schema\\\/logo\\\/image\\\/\",\"url\":\"https:\\\/\\\/www.eldiario.net\\\/portal\\\/wp-content\\\/uploads\\\/2023\\\/07\\\/logo_ED.jpg\",\"contentUrl\":\"https:\\\/\\\/www.eldiario.net\\\/portal\\\/wp-content\\\/uploads\\\/2023\\\/07\\\/logo_ED.jpg\",\"width\":272,\"height\":52,\"caption\":\"El Diario - Decano de la prensa nacional\"},\"image\":{\"@id\":\"https:\\\/\\\/www.eldiario.net\\\/portal\\\/#\\\/schema\\\/logo\\\/image\\\/\"},\"sameAs\":[\"https:\\\/\\\/www.facebook.com\\\/eldiario.bolivia\\\/\",\"https:\\\/\\\/x.com\\\/eldiario_net\"]},{\"@type\":\"Person\",\"@id\":\"https:\\\/\\\/www.eldiario.net\\\/portal\\\/#\\\/schema\\\/person\\\/2c57cf2b7a7ae032e449e4c9b1019eac\",\"name\":\"Jeanette\",\"image\":{\"@type\":\"ImageObject\",\"inLanguage\":\"es\",\"@id\":\"https:\\\/\\\/secure.gravatar.com\\\/avatar\\\/3ea2118a5f7dad2b7138b1187a6b7ee55f160b9968b66013c3a3ef39dd7e5798?s=96&d=mm&r=g\",\"url\":\"https:\\\/\\\/secure.gravatar.com\\\/avatar\\\/3ea2118a5f7dad2b7138b1187a6b7ee55f160b9968b66013c3a3ef39dd7e5798?s=96&d=mm&r=g\",\"contentUrl\":\"https:\\\/\\\/secure.gravatar.com\\\/avatar\\\/3ea2118a5f7dad2b7138b1187a6b7ee55f160b9968b66013c3a3ef39dd7e5798?s=96&d=mm&r=g\",\"caption\":\"Jeanette\"},\"sameAs\":[\"https:\\\/\\\/www.eldiario.net\\\/portal\"],\"url\":\"https:\\\/\\\/www.eldiario.net\\\/portal\\\/author\\\/jeanette\\\/\"}]}<\/script>\n<!-- \/ Yoast SEO plugin. -->","yoast_head_json":{"title":"Pandillas retoman las extorsiones en algunos barrios de El Salvador - El Diario - Bolivia","robots":{"index":"index","follow":"follow","max-snippet":"max-snippet:-1","max-image-preview":"max-image-preview:large","max-video-preview":"max-video-preview:-1"},"canonical":"https:\/\/www.eldiario.net\/portal\/2023\/11\/06\/pandillas-retoman-las-extorsiones-en-algunos-barrios-de-el-salvador\/","og_locale":"es_ES","og_type":"article","og_title":"Pandillas retoman las extorsiones en algunos barrios de El Salvador - El Diario - Bolivia","og_description":"No son pocas las veces que el presidente de El Salvador, Nayib Bukele, dijo que su pa\u00eds es el m\u00e1s tranquilo del continente. La \u00faltima vez que lo hizo fue el 29 de septiembre en su cuenta X: \u201cEl Salvador es, por mucho, el pa\u00eds m\u00e1s seguro de Latinoam\u00e9rica\u2026\u201d. Esto es as\u00ed, alegan el mandatario [&hellip;]","og_url":"https:\/\/www.eldiario.net\/portal\/2023\/11\/06\/pandillas-retoman-las-extorsiones-en-algunos-barrios-de-el-salvador\/","og_site_name":"El Diario - Bolivia","article_publisher":"https:\/\/www.facebook.com\/eldiario.bolivia\/","article_published_time":"2023-11-06T10:39:22+00:00","og_image":[{"width":769,"height":512,"url":"https:\/\/www.eldiario.net\/portal\/wp-content\/uploads\/2023\/11\/PRESOS.jpg","type":"image\/jpeg"}],"author":"Jeanette","twitter_card":"summary_large_image","twitter_creator":"@eldiario_net","twitter_site":"@eldiario_net","twitter_misc":{"Escrito por":"Jeanette","Tiempo de lectura":"7 minutos"},"schema":{"@context":"https:\/\/schema.org","@graph":[{"@type":"Article","@id":"https:\/\/www.eldiario.net\/portal\/2023\/11\/06\/pandillas-retoman-las-extorsiones-en-algunos-barrios-de-el-salvador\/#article","isPartOf":{"@id":"https:\/\/www.eldiario.net\/portal\/2023\/11\/06\/pandillas-retoman-las-extorsiones-en-algunos-barrios-de-el-salvador\/"},"author":{"name":"Jeanette","@id":"https:\/\/www.eldiario.net\/portal\/#\/schema\/person\/2c57cf2b7a7ae032e449e4c9b1019eac"},"headline":"Pandillas retoman las extorsiones en algunos barrios de El Salvador","datePublished":"2023-11-06T10:39:22+00:00","mainEntityOfPage":{"@id":"https:\/\/www.eldiario.net\/portal\/2023\/11\/06\/pandillas-retoman-las-extorsiones-en-algunos-barrios-de-el-salvador\/"},"wordCount":1513,"publisher":{"@id":"https:\/\/www.eldiario.net\/portal\/#organization"},"image":{"@id":"https:\/\/www.eldiario.net\/portal\/2023\/11\/06\/pandillas-retoman-las-extorsiones-en-algunos-barrios-de-el-salvador\/#primaryimage"},"thumbnailUrl":"https:\/\/www.eldiario.net\/portal\/wp-content\/uploads\/2023\/11\/PRESOS.jpg","articleSection":["Internacional"],"inLanguage":"es"},{"@type":"WebPage","@id":"https:\/\/www.eldiario.net\/portal\/2023\/11\/06\/pandillas-retoman-las-extorsiones-en-algunos-barrios-de-el-salvador\/","url":"https:\/\/www.eldiario.net\/portal\/2023\/11\/06\/pandillas-retoman-las-extorsiones-en-algunos-barrios-de-el-salvador\/","name":"Pandillas retoman las extorsiones en algunos barrios de El Salvador - El Diario - Bolivia","isPartOf":{"@id":"https:\/\/www.eldiario.net\/portal\/#website"},"primaryImageOfPage":{"@id":"https:\/\/www.eldiario.net\/portal\/2023\/11\/06\/pandillas-retoman-las-extorsiones-en-algunos-barrios-de-el-salvador\/#primaryimage"},"image":{"@id":"https:\/\/www.eldiario.net\/portal\/2023\/11\/06\/pandillas-retoman-las-extorsiones-en-algunos-barrios-de-el-salvador\/#primaryimage"},"thumbnailUrl":"https:\/\/www.eldiario.net\/portal\/wp-content\/uploads\/2023\/11\/PRESOS.jpg","datePublished":"2023-11-06T10:39:22+00:00","breadcrumb":{"@id":"https:\/\/www.eldiario.net\/portal\/2023\/11\/06\/pandillas-retoman-las-extorsiones-en-algunos-barrios-de-el-salvador\/#breadcrumb"},"inLanguage":"es","potentialAction":[{"@type":"ReadAction","target":["https:\/\/www.eldiario.net\/portal\/2023\/11\/06\/pandillas-retoman-las-extorsiones-en-algunos-barrios-de-el-salvador\/"]}]},{"@type":"ImageObject","inLanguage":"es","@id":"https:\/\/www.eldiario.net\/portal\/2023\/11\/06\/pandillas-retoman-las-extorsiones-en-algunos-barrios-de-el-salvador\/#primaryimage","url":"https:\/\/www.eldiario.net\/portal\/wp-content\/uploads\/2023\/11\/PRESOS.jpg","contentUrl":"https:\/\/www.eldiario.net\/portal\/wp-content\/uploads\/2023\/11\/PRESOS.jpg","width":769,"height":512,"caption":"LOS PRESOS SON IDENTIFICADOS POR LAS AUTORIDADES COMO PANDILLEROS."},{"@type":"BreadcrumbList","@id":"https:\/\/www.eldiario.net\/portal\/2023\/11\/06\/pandillas-retoman-las-extorsiones-en-algunos-barrios-de-el-salvador\/#breadcrumb","itemListElement":[{"@type":"ListItem","position":1,"name":"Portada","item":"https:\/\/www.eldiario.net\/portal\/"},{"@type":"ListItem","position":2,"name":"Pandillas retoman las extorsiones en algunos barrios de El Salvador"}]},{"@type":"WebSite","@id":"https:\/\/www.eldiario.net\/portal\/#website","url":"https:\/\/www.eldiario.net\/portal\/","name":"El Diario - Decano de la prensa nacional","description":"El Diario - Decano de la prensa nacional","publisher":{"@id":"https:\/\/www.eldiario.net\/portal\/#organization"},"potentialAction":[{"@type":"SearchAction","target":{"@type":"EntryPoint","urlTemplate":"https:\/\/www.eldiario.net\/portal\/?s={search_term_string}"},"query-input":{"@type":"PropertyValueSpecification","valueRequired":true,"valueName":"search_term_string"}}],"inLanguage":"es"},{"@type":"Organization","@id":"https:\/\/www.eldiario.net\/portal\/#organization","name":"El Diario - Decano de la prensa nacional","url":"https:\/\/www.eldiario.net\/portal\/","logo":{"@type":"ImageObject","inLanguage":"es","@id":"https:\/\/www.eldiario.net\/portal\/#\/schema\/logo\/image\/","url":"https:\/\/www.eldiario.net\/portal\/wp-content\/uploads\/2023\/07\/logo_ED.jpg","contentUrl":"https:\/\/www.eldiario.net\/portal\/wp-content\/uploads\/2023\/07\/logo_ED.jpg","width":272,"height":52,"caption":"El Diario - Decano de la prensa nacional"},"image":{"@id":"https:\/\/www.eldiario.net\/portal\/#\/schema\/logo\/image\/"},"sameAs":["https:\/\/www.facebook.com\/eldiario.bolivia\/","https:\/\/x.com\/eldiario_net"]},{"@type":"Person","@id":"https:\/\/www.eldiario.net\/portal\/#\/schema\/person\/2c57cf2b7a7ae032e449e4c9b1019eac","name":"Jeanette","image":{"@type":"ImageObject","inLanguage":"es","@id":"https:\/\/secure.gravatar.com\/avatar\/3ea2118a5f7dad2b7138b1187a6b7ee55f160b9968b66013c3a3ef39dd7e5798?s=96&d=mm&r=g","url":"https:\/\/secure.gravatar.com\/avatar\/3ea2118a5f7dad2b7138b1187a6b7ee55f160b9968b66013c3a3ef39dd7e5798?s=96&d=mm&r=g","contentUrl":"https:\/\/secure.gravatar.com\/avatar\/3ea2118a5f7dad2b7138b1187a6b7ee55f160b9968b66013c3a3ef39dd7e5798?s=96&d=mm&r=g","caption":"Jeanette"},"sameAs":["https:\/\/www.eldiario.net\/portal"],"url":"https:\/\/www.eldiario.net\/portal\/author\/jeanette\/"}]}},"_links":{"self":[{"href":"https:\/\/www.eldiario.net\/portal\/wp-json\/wp\/v2\/posts\/185960","targetHints":{"allow":["GET"]}}],"collection":[{"href":"https:\/\/www.eldiario.net\/portal\/wp-json\/wp\/v2\/posts"}],"about":[{"href":"https:\/\/www.eldiario.net\/portal\/wp-json\/wp\/v2\/types\/post"}],"author":[{"embeddable":true,"href":"https:\/\/www.eldiario.net\/portal\/wp-json\/wp\/v2\/users\/1"}],"replies":[{"embeddable":true,"href":"https:\/\/www.eldiario.net\/portal\/wp-json\/wp\/v2\/comments?post=185960"}],"version-history":[{"count":0,"href":"https:\/\/www.eldiario.net\/portal\/wp-json\/wp\/v2\/posts\/185960\/revisions"}],"wp:featuredmedia":[{"embeddable":true,"href":"https:\/\/www.eldiario.net\/portal\/wp-json\/wp\/v2\/media\/185961"}],"wp:attachment":[{"href":"https:\/\/www.eldiario.net\/portal\/wp-json\/wp\/v2\/media?parent=185960"}],"wp:term":[{"taxonomy":"category","embeddable":true,"href":"https:\/\/www.eldiario.net\/portal\/wp-json\/wp\/v2\/categories?post=185960"},{"taxonomy":"post_tag","embeddable":true,"href":"https:\/\/www.eldiario.net\/portal\/wp-json\/wp\/v2\/tags?post=185960"}],"curies":[{"name":"wp","href":"https:\/\/api.w.org\/{rel}","templated":true}]}}