{"id":185957,"date":"2023-11-06T06:38:29","date_gmt":"2023-11-06T10:38:29","guid":{"rendered":"https:\/\/www.eldiario.net\/portal\/?p=185957"},"modified":"2023-11-06T06:38:29","modified_gmt":"2023-11-06T10:38:29","slug":"maduro-no-tiene-margen-para-impedir-candidatura-de-machado","status":"publish","type":"post","link":"https:\/\/www.eldiario.net\/portal\/2023\/11\/06\/maduro-no-tiene-margen-para-impedir-candidatura-de-machado\/","title":{"rendered":"Maduro no tiene margen para  impedir candidatura de Machado"},"content":{"rendered":"<p>El r\u00e9gimen de Nicol\u00e1s Maduro intenta escribir un nuevo episodio de incertidumbre entre la sociedad civil venezolana, a pesar de los compromisos asumidos en el acuerdo de Barbados y tras el \u00e9xito de las elecciones primarias de la oposici\u00f3n.<br \/>\nMoviendo sus hilos en el Tribunal Supremo de Justicia (TSJ), la dictadura de Caracas opt\u00f3 esta vez por anular todo acto relacionado con la elecci\u00f3n de Mar\u00eda Corina Machado como candidata del antichavismo para 2024, una jugada que la Plataforma Unitaria (PU) asegur\u00f3 que dej\u00f3 al pa\u00eds inmerso en un \u201cmomento de esperanza\u201d.<br \/>\nPero, a poco m\u00e1s de una semana de los comicios internos, el Poder Judicial orden\u00f3 la suspensi\u00f3n de todos los efectos de las distintas fases del proceso electoral conducido por la Comisi\u00f3n Nacional de Primarias (CNP).<\/p>\n<p>UN HECHO CIERTO<br \/>\nPara los miembros de la oposici\u00f3n, la medida de la Alta Corte carece de absoluta validez por considerar, de entrada, que las primarias son un hecho cierto que no puede ser revertido: las primarias se realizaron y Mar\u00eda Corina Machado ya es su candidata para el 2024.<br \/>\nLos adversarios del r\u00e9gimen de Caracas consideran que nada ni nadie puede desconocer los resultados y sus efectos pol\u00edticos de las primarias. \u201cEs muy claro: el Gobierno perdi\u00f3 y el pa\u00eds gan\u00f3\u201d, sentenci\u00f3.<\/p>\n<p>\u201cNO LO VIERON VENIR\u201d<br \/>\nCasi dos millones y medio de ciudadanos participaron en la consulta popular de la oposici\u00f3n, cuya celebraci\u00f3n fue puesta en duda como parte de la campa\u00f1a de saboteo emprendida por el r\u00e9gimen.<br \/>\nPara la exdiputada, el chavismo desestim\u00f3 las posibilidades de \u00e9xito de la convocatoria opositora y la sentencia del Tribunal es una reacci\u00f3n al contundente resultado.<br \/>\nEl apoyo internacional y las consecuencias<br \/>\nAl igual que ocurri\u00f3 en el pasado, la oposici\u00f3n cuenta en esta batalla contra el chavismo con el respaldo de la comunidad internacional.<br \/>\nEste convenio, suscrito por los representantes del r\u00e9gimen venezolano y la oposici\u00f3n incluye tambi\u00e9n las garant\u00edas del levantamiento de la inhabilitaci\u00f3n pol\u00edtica que fue impuesta contra Mar\u00eda Corina Machado.<br \/>\nEl acuerdo de Barbados, del que pocos detalles se conocen, es la principal garant\u00eda de la oposici\u00f3n para llevar a Machado a las urnas en las elecciones que deber\u00edan realizarse en Venezuela el pr\u00f3ximo a\u00f1o.<br \/>\nEstados Unidos, que act\u00faa como garante de la Plataforma Unitaria en las negociaciones, levant\u00f3 temporalmente algunas de las sanciones que pesan sobre el r\u00e9gimen venezolano a cambio de garant\u00edas electorales que faciliten el restablecimiento de la democracia.<br \/>\nPero, Washington no vio con buenos ojos la se\u00f1al lanzada por el chavismo a trav\u00e9s del Poder Judicial contra las primarias, y advirti\u00f3 que tomar\u00e1 decisiones si no se respetan los puntos acordados en Barbados.<br \/>\nEl gobierno de Estados Unidos tomar\u00e1 medidas si Maduro y sus representantes no cumplen con sus compromisos de la hoja de ruta electoral de cara a los comicios de 2024, declar\u00f3 un vocero del Departamento de Estado a la prensa tras conocerse la decisi\u00f3n del TSJ.<br \/>\nEl levantamiento temporal de las sanciones implica una bocanada de aire para un r\u00e9gimen que se caracteriz\u00f3 por el populismo y severos esc\u00e1ndalos de corrupci\u00f3n.<br \/>\nRetroceder en este asunto implica perder el flujo de ingresos para un sistema en crisis, empobrecido, carente de legalidad y que, adem\u00e1s, deber\u00e1 medirse en las urnas el pr\u00f3ximo a\u00f1o. (Infobae)<\/p>\n","protected":false},"excerpt":{"rendered":"<p>El r\u00e9gimen de Nicol\u00e1s Maduro intenta escribir un nuevo episodio de incertidumbre entre la sociedad civil venezolana, a pesar de los compromisos asumidos en el acuerdo de Barbados y tras el \u00e9xito de las elecciones primarias de la oposici\u00f3n. Moviendo sus hilos en el Tribunal Supremo de Justicia (TSJ), la dictadura de Caracas opt\u00f3 esta [&hellip;]<\/p>\n","protected":false},"author":1,"featured_media":185958,"comment_status":"closed","ping_status":"open","sticky":false,"template":"","format":"standard","meta":{"_acf_changed":false,"footnotes":""},"categories":[3],"tags":[],"class_list":["post-185957","post","type-post","status-publish","format-standard","has-post-thumbnail","category-internacional"],"acf":{"antetitulo":""},"yoast_head":"<!-- This site is optimized with the Yoast SEO plugin v28.4 - https:\/\/yoast.com\/product\/yoast-seo-wordpress\/ -->\n<title>Maduro no tiene margen para impedir candidatura de Machado - El Diario - Bolivia<\/title>\n<meta name=\"robots\" content=\"index, follow, max-snippet:-1, max-image-preview:large, max-video-preview:-1\" \/>\n<link rel=\"canonical\" href=\"https:\/\/www.eldiario.net\/portal\/2023\/11\/06\/maduro-no-tiene-margen-para-impedir-candidatura-de-machado\/\" \/>\n<meta property=\"og:locale\" content=\"es_ES\" \/>\n<meta property=\"og:type\" content=\"article\" \/>\n<meta property=\"og:title\" content=\"Maduro no tiene margen para impedir candidatura de Machado - El Diario - Bolivia\" \/>\n<meta property=\"og:description\" content=\"El r\u00e9gimen de Nicol\u00e1s Maduro intenta escribir un nuevo episodio de incertidumbre entre la sociedad civil venezolana, a pesar de los compromisos asumidos en el acuerdo de Barbados y tras el \u00e9xito de las elecciones primarias de la oposici\u00f3n. Moviendo sus hilos en el Tribunal Supremo de Justicia (TSJ), la dictadura de Caracas opt\u00f3 esta [&hellip;]\" \/>\n<meta property=\"og:url\" content=\"https:\/\/www.eldiario.net\/portal\/2023\/11\/06\/maduro-no-tiene-margen-para-impedir-candidatura-de-machado\/\" \/>\n<meta property=\"og:site_name\" content=\"El Diario - Bolivia\" \/>\n<meta property=\"article:publisher\" content=\"https:\/\/www.facebook.com\/eldiario.bolivia\/\" \/>\n<meta property=\"article:published_time\" content=\"2023-11-06T10:38:29+00:00\" \/>\n<meta property=\"og:image\" content=\"https:\/\/www.eldiario.net\/portal\/wp-content\/uploads\/2023\/11\/MADURO.jpg\" \/>\n\t<meta property=\"og:image:width\" content=\"769\" \/>\n\t<meta property=\"og:image:height\" content=\"432\" \/>\n\t<meta property=\"og:image:type\" content=\"image\/jpeg\" \/>\n<meta name=\"author\" content=\"Jeanette\" \/>\n<meta name=\"twitter:card\" content=\"summary_large_image\" \/>\n<meta name=\"twitter:creator\" content=\"@eldiario_net\" \/>\n<meta name=\"twitter:site\" content=\"@eldiario_net\" \/>\n<meta name=\"twitter:label1\" content=\"Escrito por\" \/>\n\t<meta name=\"twitter:data1\" content=\"Jeanette\" \/>\n\t<meta name=\"twitter:label2\" content=\"Tiempo de lectura\" \/>\n\t<meta name=\"twitter:data2\" content=\"3 minutos\" \/>\n<script type=\"application\/ld+json\" class=\"yoast-schema-graph\">{\"@context\":\"https:\\\/\\\/schema.org\",\"@graph\":[{\"@type\":\"Article\",\"@id\":\"https:\\\/\\\/www.eldiario.net\\\/portal\\\/2023\\\/11\\\/06\\\/maduro-no-tiene-margen-para-impedir-candidatura-de-machado\\\/#article\",\"isPartOf\":{\"@id\":\"https:\\\/\\\/www.eldiario.net\\\/portal\\\/2023\\\/11\\\/06\\\/maduro-no-tiene-margen-para-impedir-candidatura-de-machado\\\/\"},\"author\":{\"name\":\"Jeanette\",\"@id\":\"https:\\\/\\\/www.eldiario.net\\\/portal\\\/#\\\/schema\\\/person\\\/2c57cf2b7a7ae032e449e4c9b1019eac\"},\"headline\":\"Maduro no tiene margen para impedir candidatura de Machado\",\"datePublished\":\"2023-11-06T10:38:29+00:00\",\"mainEntityOfPage\":{\"@id\":\"https:\\\/\\\/www.eldiario.net\\\/portal\\\/2023\\\/11\\\/06\\\/maduro-no-tiene-margen-para-impedir-candidatura-de-machado\\\/\"},\"wordCount\":589,\"publisher\":{\"@id\":\"https:\\\/\\\/www.eldiario.net\\\/portal\\\/#organization\"},\"image\":{\"@id\":\"https:\\\/\\\/www.eldiario.net\\\/portal\\\/2023\\\/11\\\/06\\\/maduro-no-tiene-margen-para-impedir-candidatura-de-machado\\\/#primaryimage\"},\"thumbnailUrl\":\"https:\\\/\\\/www.eldiario.net\\\/portal\\\/wp-content\\\/uploads\\\/2023\\\/11\\\/MADURO.jpg\",\"articleSection\":[\"Internacional\"],\"inLanguage\":\"es\"},{\"@type\":\"WebPage\",\"@id\":\"https:\\\/\\\/www.eldiario.net\\\/portal\\\/2023\\\/11\\\/06\\\/maduro-no-tiene-margen-para-impedir-candidatura-de-machado\\\/\",\"url\":\"https:\\\/\\\/www.eldiario.net\\\/portal\\\/2023\\\/11\\\/06\\\/maduro-no-tiene-margen-para-impedir-candidatura-de-machado\\\/\",\"name\":\"Maduro no tiene margen para impedir candidatura de Machado - El Diario - Bolivia\",\"isPartOf\":{\"@id\":\"https:\\\/\\\/www.eldiario.net\\\/portal\\\/#website\"},\"primaryImageOfPage\":{\"@id\":\"https:\\\/\\\/www.eldiario.net\\\/portal\\\/2023\\\/11\\\/06\\\/maduro-no-tiene-margen-para-impedir-candidatura-de-machado\\\/#primaryimage\"},\"image\":{\"@id\":\"https:\\\/\\\/www.eldiario.net\\\/portal\\\/2023\\\/11\\\/06\\\/maduro-no-tiene-margen-para-impedir-candidatura-de-machado\\\/#primaryimage\"},\"thumbnailUrl\":\"https:\\\/\\\/www.eldiario.net\\\/portal\\\/wp-content\\\/uploads\\\/2023\\\/11\\\/MADURO.jpg\",\"datePublished\":\"2023-11-06T10:38:29+00:00\",\"breadcrumb\":{\"@id\":\"https:\\\/\\\/www.eldiario.net\\\/portal\\\/2023\\\/11\\\/06\\\/maduro-no-tiene-margen-para-impedir-candidatura-de-machado\\\/#breadcrumb\"},\"inLanguage\":\"es\",\"potentialAction\":[{\"@type\":\"ReadAction\",\"target\":[\"https:\\\/\\\/www.eldiario.net\\\/portal\\\/2023\\\/11\\\/06\\\/maduro-no-tiene-margen-para-impedir-candidatura-de-machado\\\/\"]}]},{\"@type\":\"ImageObject\",\"inLanguage\":\"es\",\"@id\":\"https:\\\/\\\/www.eldiario.net\\\/portal\\\/2023\\\/11\\\/06\\\/maduro-no-tiene-margen-para-impedir-candidatura-de-machado\\\/#primaryimage\",\"url\":\"https:\\\/\\\/www.eldiario.net\\\/portal\\\/wp-content\\\/uploads\\\/2023\\\/11\\\/MADURO.jpg\",\"contentUrl\":\"https:\\\/\\\/www.eldiario.net\\\/portal\\\/wp-content\\\/uploads\\\/2023\\\/11\\\/MADURO.jpg\",\"width\":769,\"height\":432,\"caption\":\"MADURO INTENTA DESDIBUJAR EL \u00c9XITO DE LAS PRIMARIAS OPOSITORAS. Infobae\"},{\"@type\":\"BreadcrumbList\",\"@id\":\"https:\\\/\\\/www.eldiario.net\\\/portal\\\/2023\\\/11\\\/06\\\/maduro-no-tiene-margen-para-impedir-candidatura-de-machado\\\/#breadcrumb\",\"itemListElement\":[{\"@type\":\"ListItem\",\"position\":1,\"name\":\"Portada\",\"item\":\"https:\\\/\\\/www.eldiario.net\\\/portal\\\/\"},{\"@type\":\"ListItem\",\"position\":2,\"name\":\"Maduro no tiene margen para impedir candidatura de Machado\"}]},{\"@type\":\"WebSite\",\"@id\":\"https:\\\/\\\/www.eldiario.net\\\/portal\\\/#website\",\"url\":\"https:\\\/\\\/www.eldiario.net\\\/portal\\\/\",\"name\":\"El Diario - Decano de la prensa nacional\",\"description\":\"El Diario - Decano de la prensa nacional\",\"publisher\":{\"@id\":\"https:\\\/\\\/www.eldiario.net\\\/portal\\\/#organization\"},\"potentialAction\":[{\"@type\":\"SearchAction\",\"target\":{\"@type\":\"EntryPoint\",\"urlTemplate\":\"https:\\\/\\\/www.eldiario.net\\\/portal\\\/?s={search_term_string}\"},\"query-input\":{\"@type\":\"PropertyValueSpecification\",\"valueRequired\":true,\"valueName\":\"search_term_string\"}}],\"inLanguage\":\"es\"},{\"@type\":\"Organization\",\"@id\":\"https:\\\/\\\/www.eldiario.net\\\/portal\\\/#organization\",\"name\":\"El Diario - Decano de la prensa nacional\",\"url\":\"https:\\\/\\\/www.eldiario.net\\\/portal\\\/\",\"logo\":{\"@type\":\"ImageObject\",\"inLanguage\":\"es\",\"@id\":\"https:\\\/\\\/www.eldiario.net\\\/portal\\\/#\\\/schema\\\/logo\\\/image\\\/\",\"url\":\"https:\\\/\\\/www.eldiario.net\\\/portal\\\/wp-content\\\/uploads\\\/2023\\\/07\\\/logo_ED.jpg\",\"contentUrl\":\"https:\\\/\\\/www.eldiario.net\\\/portal\\\/wp-content\\\/uploads\\\/2023\\\/07\\\/logo_ED.jpg\",\"width\":272,\"height\":52,\"caption\":\"El Diario - Decano de la prensa nacional\"},\"image\":{\"@id\":\"https:\\\/\\\/www.eldiario.net\\\/portal\\\/#\\\/schema\\\/logo\\\/image\\\/\"},\"sameAs\":[\"https:\\\/\\\/www.facebook.com\\\/eldiario.bolivia\\\/\",\"https:\\\/\\\/x.com\\\/eldiario_net\"]},{\"@type\":\"Person\",\"@id\":\"https:\\\/\\\/www.eldiario.net\\\/portal\\\/#\\\/schema\\\/person\\\/2c57cf2b7a7ae032e449e4c9b1019eac\",\"name\":\"Jeanette\",\"image\":{\"@type\":\"ImageObject\",\"inLanguage\":\"es\",\"@id\":\"https:\\\/\\\/secure.gravatar.com\\\/avatar\\\/3ea2118a5f7dad2b7138b1187a6b7ee55f160b9968b66013c3a3ef39dd7e5798?s=96&d=mm&r=g\",\"url\":\"https:\\\/\\\/secure.gravatar.com\\\/avatar\\\/3ea2118a5f7dad2b7138b1187a6b7ee55f160b9968b66013c3a3ef39dd7e5798?s=96&d=mm&r=g\",\"contentUrl\":\"https:\\\/\\\/secure.gravatar.com\\\/avatar\\\/3ea2118a5f7dad2b7138b1187a6b7ee55f160b9968b66013c3a3ef39dd7e5798?s=96&d=mm&r=g\",\"caption\":\"Jeanette\"},\"sameAs\":[\"https:\\\/\\\/www.eldiario.net\\\/portal\"],\"url\":\"https:\\\/\\\/www.eldiario.net\\\/portal\\\/author\\\/jeanette\\\/\"}]}<\/script>\n<!-- \/ Yoast SEO plugin. -->","yoast_head_json":{"title":"Maduro no tiene margen para impedir candidatura de Machado - El Diario - Bolivia","robots":{"index":"index","follow":"follow","max-snippet":"max-snippet:-1","max-image-preview":"max-image-preview:large","max-video-preview":"max-video-preview:-1"},"canonical":"https:\/\/www.eldiario.net\/portal\/2023\/11\/06\/maduro-no-tiene-margen-para-impedir-candidatura-de-machado\/","og_locale":"es_ES","og_type":"article","og_title":"Maduro no tiene margen para impedir candidatura de Machado - El Diario - Bolivia","og_description":"El r\u00e9gimen de Nicol\u00e1s Maduro intenta escribir un nuevo episodio de incertidumbre entre la sociedad civil venezolana, a pesar de los compromisos asumidos en el acuerdo de Barbados y tras el \u00e9xito de las elecciones primarias de la oposici\u00f3n. Moviendo sus hilos en el Tribunal Supremo de Justicia (TSJ), la dictadura de Caracas opt\u00f3 esta [&hellip;]","og_url":"https:\/\/www.eldiario.net\/portal\/2023\/11\/06\/maduro-no-tiene-margen-para-impedir-candidatura-de-machado\/","og_site_name":"El Diario - Bolivia","article_publisher":"https:\/\/www.facebook.com\/eldiario.bolivia\/","article_published_time":"2023-11-06T10:38:29+00:00","og_image":[{"width":769,"height":432,"url":"https:\/\/www.eldiario.net\/portal\/wp-content\/uploads\/2023\/11\/MADURO.jpg","type":"image\/jpeg"}],"author":"Jeanette","twitter_card":"summary_large_image","twitter_creator":"@eldiario_net","twitter_site":"@eldiario_net","twitter_misc":{"Escrito por":"Jeanette","Tiempo de lectura":"3 minutos"},"schema":{"@context":"https:\/\/schema.org","@graph":[{"@type":"Article","@id":"https:\/\/www.eldiario.net\/portal\/2023\/11\/06\/maduro-no-tiene-margen-para-impedir-candidatura-de-machado\/#article","isPartOf":{"@id":"https:\/\/www.eldiario.net\/portal\/2023\/11\/06\/maduro-no-tiene-margen-para-impedir-candidatura-de-machado\/"},"author":{"name":"Jeanette","@id":"https:\/\/www.eldiario.net\/portal\/#\/schema\/person\/2c57cf2b7a7ae032e449e4c9b1019eac"},"headline":"Maduro no tiene margen para impedir candidatura de Machado","datePublished":"2023-11-06T10:38:29+00:00","mainEntityOfPage":{"@id":"https:\/\/www.eldiario.net\/portal\/2023\/11\/06\/maduro-no-tiene-margen-para-impedir-candidatura-de-machado\/"},"wordCount":589,"publisher":{"@id":"https:\/\/www.eldiario.net\/portal\/#organization"},"image":{"@id":"https:\/\/www.eldiario.net\/portal\/2023\/11\/06\/maduro-no-tiene-margen-para-impedir-candidatura-de-machado\/#primaryimage"},"thumbnailUrl":"https:\/\/www.eldiario.net\/portal\/wp-content\/uploads\/2023\/11\/MADURO.jpg","articleSection":["Internacional"],"inLanguage":"es"},{"@type":"WebPage","@id":"https:\/\/www.eldiario.net\/portal\/2023\/11\/06\/maduro-no-tiene-margen-para-impedir-candidatura-de-machado\/","url":"https:\/\/www.eldiario.net\/portal\/2023\/11\/06\/maduro-no-tiene-margen-para-impedir-candidatura-de-machado\/","name":"Maduro no tiene margen para impedir candidatura de Machado - El Diario - Bolivia","isPartOf":{"@id":"https:\/\/www.eldiario.net\/portal\/#website"},"primaryImageOfPage":{"@id":"https:\/\/www.eldiario.net\/portal\/2023\/11\/06\/maduro-no-tiene-margen-para-impedir-candidatura-de-machado\/#primaryimage"},"image":{"@id":"https:\/\/www.eldiario.net\/portal\/2023\/11\/06\/maduro-no-tiene-margen-para-impedir-candidatura-de-machado\/#primaryimage"},"thumbnailUrl":"https:\/\/www.eldiario.net\/portal\/wp-content\/uploads\/2023\/11\/MADURO.jpg","datePublished":"2023-11-06T10:38:29+00:00","breadcrumb":{"@id":"https:\/\/www.eldiario.net\/portal\/2023\/11\/06\/maduro-no-tiene-margen-para-impedir-candidatura-de-machado\/#breadcrumb"},"inLanguage":"es","potentialAction":[{"@type":"ReadAction","target":["https:\/\/www.eldiario.net\/portal\/2023\/11\/06\/maduro-no-tiene-margen-para-impedir-candidatura-de-machado\/"]}]},{"@type":"ImageObject","inLanguage":"es","@id":"https:\/\/www.eldiario.net\/portal\/2023\/11\/06\/maduro-no-tiene-margen-para-impedir-candidatura-de-machado\/#primaryimage","url":"https:\/\/www.eldiario.net\/portal\/wp-content\/uploads\/2023\/11\/MADURO.jpg","contentUrl":"https:\/\/www.eldiario.net\/portal\/wp-content\/uploads\/2023\/11\/MADURO.jpg","width":769,"height":432,"caption":"MADURO INTENTA DESDIBUJAR EL \u00c9XITO DE LAS PRIMARIAS OPOSITORAS. Infobae"},{"@type":"BreadcrumbList","@id":"https:\/\/www.eldiario.net\/portal\/2023\/11\/06\/maduro-no-tiene-margen-para-impedir-candidatura-de-machado\/#breadcrumb","itemListElement":[{"@type":"ListItem","position":1,"name":"Portada","item":"https:\/\/www.eldiario.net\/portal\/"},{"@type":"ListItem","position":2,"name":"Maduro no tiene margen para impedir candidatura de Machado"}]},{"@type":"WebSite","@id":"https:\/\/www.eldiario.net\/portal\/#website","url":"https:\/\/www.eldiario.net\/portal\/","name":"El Diario - Decano de la prensa nacional","description":"El Diario - Decano de la prensa nacional","publisher":{"@id":"https:\/\/www.eldiario.net\/portal\/#organization"},"potentialAction":[{"@type":"SearchAction","target":{"@type":"EntryPoint","urlTemplate":"https:\/\/www.eldiario.net\/portal\/?s={search_term_string}"},"query-input":{"@type":"PropertyValueSpecification","valueRequired":true,"valueName":"search_term_string"}}],"inLanguage":"es"},{"@type":"Organization","@id":"https:\/\/www.eldiario.net\/portal\/#organization","name":"El Diario - Decano de la prensa nacional","url":"https:\/\/www.eldiario.net\/portal\/","logo":{"@type":"ImageObject","inLanguage":"es","@id":"https:\/\/www.eldiario.net\/portal\/#\/schema\/logo\/image\/","url":"https:\/\/www.eldiario.net\/portal\/wp-content\/uploads\/2023\/07\/logo_ED.jpg","contentUrl":"https:\/\/www.eldiario.net\/portal\/wp-content\/uploads\/2023\/07\/logo_ED.jpg","width":272,"height":52,"caption":"El Diario - Decano de la prensa nacional"},"image":{"@id":"https:\/\/www.eldiario.net\/portal\/#\/schema\/logo\/image\/"},"sameAs":["https:\/\/www.facebook.com\/eldiario.bolivia\/","https:\/\/x.com\/eldiario_net"]},{"@type":"Person","@id":"https:\/\/www.eldiario.net\/portal\/#\/schema\/person\/2c57cf2b7a7ae032e449e4c9b1019eac","name":"Jeanette","image":{"@type":"ImageObject","inLanguage":"es","@id":"https:\/\/secure.gravatar.com\/avatar\/3ea2118a5f7dad2b7138b1187a6b7ee55f160b9968b66013c3a3ef39dd7e5798?s=96&d=mm&r=g","url":"https:\/\/secure.gravatar.com\/avatar\/3ea2118a5f7dad2b7138b1187a6b7ee55f160b9968b66013c3a3ef39dd7e5798?s=96&d=mm&r=g","contentUrl":"https:\/\/secure.gravatar.com\/avatar\/3ea2118a5f7dad2b7138b1187a6b7ee55f160b9968b66013c3a3ef39dd7e5798?s=96&d=mm&r=g","caption":"Jeanette"},"sameAs":["https:\/\/www.eldiario.net\/portal"],"url":"https:\/\/www.eldiario.net\/portal\/author\/jeanette\/"}]}},"_links":{"self":[{"href":"https:\/\/www.eldiario.net\/portal\/wp-json\/wp\/v2\/posts\/185957","targetHints":{"allow":["GET"]}}],"collection":[{"href":"https:\/\/www.eldiario.net\/portal\/wp-json\/wp\/v2\/posts"}],"about":[{"href":"https:\/\/www.eldiario.net\/portal\/wp-json\/wp\/v2\/types\/post"}],"author":[{"embeddable":true,"href":"https:\/\/www.eldiario.net\/portal\/wp-json\/wp\/v2\/users\/1"}],"replies":[{"embeddable":true,"href":"https:\/\/www.eldiario.net\/portal\/wp-json\/wp\/v2\/comments?post=185957"}],"version-history":[{"count":0,"href":"https:\/\/www.eldiario.net\/portal\/wp-json\/wp\/v2\/posts\/185957\/revisions"}],"wp:featuredmedia":[{"embeddable":true,"href":"https:\/\/www.eldiario.net\/portal\/wp-json\/wp\/v2\/media\/185958"}],"wp:attachment":[{"href":"https:\/\/www.eldiario.net\/portal\/wp-json\/wp\/v2\/media?parent=185957"}],"wp:term":[{"taxonomy":"category","embeddable":true,"href":"https:\/\/www.eldiario.net\/portal\/wp-json\/wp\/v2\/categories?post=185957"},{"taxonomy":"post_tag","embeddable":true,"href":"https:\/\/www.eldiario.net\/portal\/wp-json\/wp\/v2\/tags?post=185957"}],"curies":[{"name":"wp","href":"https:\/\/api.w.org\/{rel}","templated":true}]}}