{"id":185952,"date":"2023-11-06T06:36:49","date_gmt":"2023-11-06T10:36:49","guid":{"rendered":"https:\/\/www.eldiario.net\/portal\/?p=185952"},"modified":"2023-11-06T06:36:49","modified_gmt":"2023-11-06T10:36:49","slug":"netanyahu-compara-a-jefe-de-hamas-en-gaza-con-adolf-hitler-en-su-bunker","status":"publish","type":"post","link":"https:\/\/www.eldiario.net\/portal\/2023\/11\/06\/netanyahu-compara-a-jefe-de-hamas-en-gaza-con-adolf-hitler-en-su-bunker\/","title":{"rendered":"Netanyahu compara a jefe de Ham\u00e1s  en Gaza con Adolf Hitler en su b\u00fanker"},"content":{"rendered":"<p>El primer ministro israel\u00ed, Benjam\u00edn Netanyahu, compar\u00f3 al l\u00edder del grupo terrorista Ham\u00e1s en la Franja de Gaza, Yahya Sinwar, con el dictador nazi, Adolf Hitler, y con los \u00faltimos d\u00edas que pas\u00f3 \u201cen su b\u00fanker\u201d.<br \/>\n\u201cAmbos merec\u00edan morir\u201d, afirm\u00f3 Netanyahu. \u201cNo le importa su naci\u00f3n y act\u00faa como un peque\u00f1o Hitler en su b\u00fanker\u201d, apunt\u00f3.<br \/>\nEl mandatario israel\u00ed visit\u00f3 una base de las Fuerzas A\u00e9reas y reiter\u00f3 que Israel no aceptar\u00e1 un alto al fuego en Gaza hasta que todos los rehenes sean liberados.<br \/>\nNetanyahu se refiri\u00f3 tambi\u00e9n al conflicto pol\u00edtico abierto por la pol\u00e9mica reforma judicial que impulsa su Gobierno, ahora en pausa, y las protestas de reservistas que rechazaron prestar servicio. \u201cNuestros enemigos nos juzgaron mal\u201d.<br \/>\nES HOMBRE MUERTO<br \/>\nEl ministro de Defensa de Israel, Yoav Gallant, prometi\u00f3 dar con el paradero de Yahya Sinwar y eliminarlo.\u201cEncontraremos a Sinwar y lo eliminaremos\u201d, afirm\u00f3 en una conferencia de prensa, mientras sus tropas continuaban con las incursiones en el norte del enclave palestino.<br \/>\nDesde el inicio de los ataques del grupo terrorista, el 7 de octubre, Israel asegur\u00f3 que tanto el jefe como el l\u00edder del brazo armado de la milicia, Mohammed Deif, eran los principales objetivos de su contraofensiva y no parar\u00edan hasta no dar con ellos.<br \/>\nSinwar es un \u201chombre muerto andante\u201d, dijeron entonces desde el Ej\u00e9rcito israel\u00ed.<br \/>\nFuentes de seguridad de Tel Aviv aseguran que ambos terroristas palestinos est\u00e1n escondidos en la amplia red de t\u00faneles construidos a lo largo y ancho de todo el enclave, a resguardo de los bombardeos que, a diario, alcanzan sus centros de operaciones.<br \/>\nQUI\u00c9N ES YAHYA SINWAR<br \/>\nYahya Ibrahim Sinwar naci\u00f3 en 1962, en un campo de refugiados en Gaza. Realiz\u00f3 sus primeros estudios en el campamento Khan Yunis y, a\u00f1os m\u00e1s tarde, se gradu\u00f3 en la Universidad Isl\u00e1mica de Gaza.<br \/>\nSe uni\u00f3 a Ham\u00e1s luego de su fundaci\u00f3n en 1987 y, en poco tiempo, se hizo con una reputaci\u00f3n de brutalidad dado que ayud\u00f3 en la formaci\u00f3n de la fuerza de seguridad interna, conocida como Majd.<br \/>\nFue arrestado en tres oportunidades: primero en 1982, cuando pas\u00f3 cuatro meses bajo control de Israel, y luego en 1985, cuando cumpli\u00f3 ocho meses por ayudar a fundar la unidad Majd.<br \/>\nEn la \u00faltima de ellas, en 1988, Israel lo sentenci\u00f3 a cuatro cadenas perpetuas por su participaci\u00f3n en el asesinato de tropas israel\u00edes y colaboradores palestinos.<br \/>\nEn 2011, durante un canje de prisioneros, Sinwar obtuvo su libertad junto a otros 1.000 palestinos, a cambio del soldado israel\u00ed Gilad Shalit, que la milicia manten\u00eda como reh\u00e9n hace cinco a\u00f1os.<br \/>\nA su regreso a Gaza, Sinwar se mantuvo en la c\u00fapula de Ham\u00e1s por lo que, en 2015, Estados Unidos lo incluy\u00f3 en su lista de terroristas internacionales.<br \/>\nSu popularidad y aceptaci\u00f3n s\u00f3lo siguieron en aumento, el 13 de febrero de 2017 fue elegido jefe del bur\u00f3 pol\u00edtico del grupo.<br \/>\nEn el pasado, se mostr\u00f3 abierto a apelar canales diplom\u00e1ticos para \u201cganar nuestros derechos\u201d y por ello, intent\u00f3 mejorar las relaciones con Egipto y Fatah, la facci\u00f3n que controla la Autoridad Nacional Palestina en Cisjordania. (Infobae\/Europa Press\/Afp)<\/p>\n","protected":false},"excerpt":{"rendered":"<p>El primer ministro israel\u00ed, Benjam\u00edn Netanyahu, compar\u00f3 al l\u00edder del grupo terrorista Ham\u00e1s en la Franja de Gaza, Yahya Sinwar, con el dictador nazi, Adolf Hitler, y con los \u00faltimos d\u00edas que pas\u00f3 \u201cen su b\u00fanker\u201d. \u201cAmbos merec\u00edan morir\u201d, afirm\u00f3 Netanyahu. \u201cNo le importa su naci\u00f3n y act\u00faa como un peque\u00f1o Hitler en su b\u00fanker\u201d, [&hellip;]<\/p>\n","protected":false},"author":1,"featured_media":185953,"comment_status":"closed","ping_status":"open","sticky":false,"template":"","format":"standard","meta":{"_acf_changed":false,"footnotes":""},"categories":[3],"tags":[],"class_list":["post-185952","post","type-post","status-publish","format-standard","has-post-thumbnail","category-internacional"],"acf":{"antetitulo":""},"yoast_head":"<!-- This site is optimized with the Yoast SEO plugin v28.4 - https:\/\/yoast.com\/product\/yoast-seo-wordpress\/ -->\n<title>Netanyahu compara a jefe de Ham\u00e1s en Gaza con Adolf Hitler en su b\u00fanker - El Diario - Bolivia<\/title>\n<meta name=\"robots\" content=\"index, follow, max-snippet:-1, max-image-preview:large, max-video-preview:-1\" \/>\n<link rel=\"canonical\" href=\"https:\/\/www.eldiario.net\/portal\/2023\/11\/06\/netanyahu-compara-a-jefe-de-hamas-en-gaza-con-adolf-hitler-en-su-bunker\/\" \/>\n<meta property=\"og:locale\" content=\"es_ES\" \/>\n<meta property=\"og:type\" content=\"article\" \/>\n<meta property=\"og:title\" content=\"Netanyahu compara a jefe de Ham\u00e1s en Gaza con Adolf Hitler en su b\u00fanker - El Diario - Bolivia\" \/>\n<meta property=\"og:description\" content=\"El primer ministro israel\u00ed, Benjam\u00edn Netanyahu, compar\u00f3 al l\u00edder del grupo terrorista Ham\u00e1s en la Franja de Gaza, Yahya Sinwar, con el dictador nazi, Adolf Hitler, y con los \u00faltimos d\u00edas que pas\u00f3 \u201cen su b\u00fanker\u201d. \u201cAmbos merec\u00edan morir\u201d, afirm\u00f3 Netanyahu. \u201cNo le importa su naci\u00f3n y act\u00faa como un peque\u00f1o Hitler en su b\u00fanker\u201d, [&hellip;]\" \/>\n<meta property=\"og:url\" content=\"https:\/\/www.eldiario.net\/portal\/2023\/11\/06\/netanyahu-compara-a-jefe-de-hamas-en-gaza-con-adolf-hitler-en-su-bunker\/\" \/>\n<meta property=\"og:site_name\" content=\"El Diario - Bolivia\" \/>\n<meta property=\"article:publisher\" content=\"https:\/\/www.facebook.com\/eldiario.bolivia\/\" \/>\n<meta property=\"article:published_time\" content=\"2023-11-06T10:36:49+00:00\" \/>\n<meta property=\"og:image\" content=\"https:\/\/www.eldiario.net\/portal\/wp-content\/uploads\/2023\/11\/JEFE-scaled-1.jpg\" \/>\n\t<meta property=\"og:image:width\" content=\"2560\" \/>\n\t<meta property=\"og:image:height\" content=\"1707\" \/>\n\t<meta property=\"og:image:type\" content=\"image\/jpeg\" \/>\n<meta name=\"author\" content=\"Jeanette\" \/>\n<meta name=\"twitter:card\" content=\"summary_large_image\" \/>\n<meta name=\"twitter:creator\" content=\"@eldiario_net\" \/>\n<meta name=\"twitter:site\" content=\"@eldiario_net\" \/>\n<meta name=\"twitter:label1\" content=\"Escrito por\" \/>\n\t<meta name=\"twitter:data1\" content=\"Jeanette\" \/>\n\t<meta name=\"twitter:label2\" content=\"Tiempo de lectura\" \/>\n\t<meta name=\"twitter:data2\" content=\"3 minutos\" \/>\n<script type=\"application\/ld+json\" class=\"yoast-schema-graph\">{\"@context\":\"https:\\\/\\\/schema.org\",\"@graph\":[{\"@type\":\"Article\",\"@id\":\"https:\\\/\\\/www.eldiario.net\\\/portal\\\/2023\\\/11\\\/06\\\/netanyahu-compara-a-jefe-de-hamas-en-gaza-con-adolf-hitler-en-su-bunker\\\/#article\",\"isPartOf\":{\"@id\":\"https:\\\/\\\/www.eldiario.net\\\/portal\\\/2023\\\/11\\\/06\\\/netanyahu-compara-a-jefe-de-hamas-en-gaza-con-adolf-hitler-en-su-bunker\\\/\"},\"author\":{\"name\":\"Jeanette\",\"@id\":\"https:\\\/\\\/www.eldiario.net\\\/portal\\\/#\\\/schema\\\/person\\\/f46445640444750d7d753ccd04ae01b7\"},\"headline\":\"Netanyahu compara a jefe de Ham\u00e1s en Gaza con Adolf Hitler en su b\u00fanker\",\"datePublished\":\"2023-11-06T10:36:49+00:00\",\"mainEntityOfPage\":{\"@id\":\"https:\\\/\\\/www.eldiario.net\\\/portal\\\/2023\\\/11\\\/06\\\/netanyahu-compara-a-jefe-de-hamas-en-gaza-con-adolf-hitler-en-su-bunker\\\/\"},\"wordCount\":560,\"publisher\":{\"@id\":\"https:\\\/\\\/www.eldiario.net\\\/portal\\\/#organization\"},\"image\":{\"@id\":\"https:\\\/\\\/www.eldiario.net\\\/portal\\\/2023\\\/11\\\/06\\\/netanyahu-compara-a-jefe-de-hamas-en-gaza-con-adolf-hitler-en-su-bunker\\\/#primaryimage\"},\"thumbnailUrl\":\"https:\\\/\\\/www.eldiario.net\\\/portal\\\/wp-content\\\/uploads\\\/2023\\\/11\\\/JEFE-scaled-1.jpg\",\"articleSection\":[\"Internacional\"],\"inLanguage\":\"es\"},{\"@type\":\"WebPage\",\"@id\":\"https:\\\/\\\/www.eldiario.net\\\/portal\\\/2023\\\/11\\\/06\\\/netanyahu-compara-a-jefe-de-hamas-en-gaza-con-adolf-hitler-en-su-bunker\\\/\",\"url\":\"https:\\\/\\\/www.eldiario.net\\\/portal\\\/2023\\\/11\\\/06\\\/netanyahu-compara-a-jefe-de-hamas-en-gaza-con-adolf-hitler-en-su-bunker\\\/\",\"name\":\"Netanyahu compara a jefe de Ham\u00e1s en Gaza con Adolf Hitler en su b\u00fanker - El Diario - Bolivia\",\"isPartOf\":{\"@id\":\"https:\\\/\\\/www.eldiario.net\\\/portal\\\/#website\"},\"primaryImageOfPage\":{\"@id\":\"https:\\\/\\\/www.eldiario.net\\\/portal\\\/2023\\\/11\\\/06\\\/netanyahu-compara-a-jefe-de-hamas-en-gaza-con-adolf-hitler-en-su-bunker\\\/#primaryimage\"},\"image\":{\"@id\":\"https:\\\/\\\/www.eldiario.net\\\/portal\\\/2023\\\/11\\\/06\\\/netanyahu-compara-a-jefe-de-hamas-en-gaza-con-adolf-hitler-en-su-bunker\\\/#primaryimage\"},\"thumbnailUrl\":\"https:\\\/\\\/www.eldiario.net\\\/portal\\\/wp-content\\\/uploads\\\/2023\\\/11\\\/JEFE-scaled-1.jpg\",\"datePublished\":\"2023-11-06T10:36:49+00:00\",\"breadcrumb\":{\"@id\":\"https:\\\/\\\/www.eldiario.net\\\/portal\\\/2023\\\/11\\\/06\\\/netanyahu-compara-a-jefe-de-hamas-en-gaza-con-adolf-hitler-en-su-bunker\\\/#breadcrumb\"},\"inLanguage\":\"es\",\"potentialAction\":[{\"@type\":\"ReadAction\",\"target\":[\"https:\\\/\\\/www.eldiario.net\\\/portal\\\/2023\\\/11\\\/06\\\/netanyahu-compara-a-jefe-de-hamas-en-gaza-con-adolf-hitler-en-su-bunker\\\/\"]}]},{\"@type\":\"ImageObject\",\"inLanguage\":\"es\",\"@id\":\"https:\\\/\\\/www.eldiario.net\\\/portal\\\/2023\\\/11\\\/06\\\/netanyahu-compara-a-jefe-de-hamas-en-gaza-con-adolf-hitler-en-su-bunker\\\/#primaryimage\",\"url\":\"https:\\\/\\\/www.eldiario.net\\\/portal\\\/wp-content\\\/uploads\\\/2023\\\/11\\\/JEFE-scaled-1.jpg\",\"contentUrl\":\"https:\\\/\\\/www.eldiario.net\\\/portal\\\/wp-content\\\/uploads\\\/2023\\\/11\\\/JEFE-scaled-1.jpg\",\"width\":2560,\"height\":1707,\"caption\":\"MANDATARIO ISAERL\u00cd ASEGUR\u00d3 QUE PARA un ALTO AL FUEGO LOS REHENES DEBEN SER LIBERADOS. Infobae\"},{\"@type\":\"BreadcrumbList\",\"@id\":\"https:\\\/\\\/www.eldiario.net\\\/portal\\\/2023\\\/11\\\/06\\\/netanyahu-compara-a-jefe-de-hamas-en-gaza-con-adolf-hitler-en-su-bunker\\\/#breadcrumb\",\"itemListElement\":[{\"@type\":\"ListItem\",\"position\":1,\"name\":\"Portada\",\"item\":\"https:\\\/\\\/www.eldiario.net\\\/portal\\\/\"},{\"@type\":\"ListItem\",\"position\":2,\"name\":\"Netanyahu compara a jefe de Ham\u00e1s en Gaza con Adolf Hitler en su b\u00fanker\"}]},{\"@type\":\"WebSite\",\"@id\":\"https:\\\/\\\/www.eldiario.net\\\/portal\\\/#website\",\"url\":\"https:\\\/\\\/www.eldiario.net\\\/portal\\\/\",\"name\":\"El Diario - Decano de la prensa nacional\",\"description\":\"El Diario - Decano de la prensa nacional\",\"publisher\":{\"@id\":\"https:\\\/\\\/www.eldiario.net\\\/portal\\\/#organization\"},\"potentialAction\":[{\"@type\":\"SearchAction\",\"target\":{\"@type\":\"EntryPoint\",\"urlTemplate\":\"https:\\\/\\\/www.eldiario.net\\\/portal\\\/?s={search_term_string}\"},\"query-input\":{\"@type\":\"PropertyValueSpecification\",\"valueRequired\":true,\"valueName\":\"search_term_string\"}}],\"inLanguage\":\"es\"},{\"@type\":\"Organization\",\"@id\":\"https:\\\/\\\/www.eldiario.net\\\/portal\\\/#organization\",\"name\":\"El Diario - Decano de la prensa nacional\",\"url\":\"https:\\\/\\\/www.eldiario.net\\\/portal\\\/\",\"logo\":{\"@type\":\"ImageObject\",\"inLanguage\":\"es\",\"@id\":\"https:\\\/\\\/www.eldiario.net\\\/portal\\\/#\\\/schema\\\/logo\\\/image\\\/\",\"url\":\"https:\\\/\\\/www.eldiario.net\\\/portal\\\/wp-content\\\/uploads\\\/2023\\\/07\\\/logo_ED.jpg\",\"contentUrl\":\"https:\\\/\\\/www.eldiario.net\\\/portal\\\/wp-content\\\/uploads\\\/2023\\\/07\\\/logo_ED.jpg\",\"width\":272,\"height\":52,\"caption\":\"El Diario - Decano de la prensa nacional\"},\"image\":{\"@id\":\"https:\\\/\\\/www.eldiario.net\\\/portal\\\/#\\\/schema\\\/logo\\\/image\\\/\"},\"sameAs\":[\"https:\\\/\\\/www.facebook.com\\\/eldiario.bolivia\\\/\",\"https:\\\/\\\/x.com\\\/eldiario_net\"]},{\"@type\":\"Person\",\"@id\":\"https:\\\/\\\/www.eldiario.net\\\/portal\\\/#\\\/schema\\\/person\\\/f46445640444750d7d753ccd04ae01b7\",\"name\":\"Jeanette\",\"image\":{\"@type\":\"ImageObject\",\"inLanguage\":\"es\",\"@id\":\"https:\\\/\\\/secure.gravatar.com\\\/avatar\\\/3ea2118a5f7dad2b7138b1187a6b7ee55f160b9968b66013c3a3ef39dd7e5798?s=96&d=mm&r=g\",\"url\":\"https:\\\/\\\/secure.gravatar.com\\\/avatar\\\/3ea2118a5f7dad2b7138b1187a6b7ee55f160b9968b66013c3a3ef39dd7e5798?s=96&d=mm&r=g\",\"contentUrl\":\"https:\\\/\\\/secure.gravatar.com\\\/avatar\\\/3ea2118a5f7dad2b7138b1187a6b7ee55f160b9968b66013c3a3ef39dd7e5798?s=96&d=mm&r=g\",\"caption\":\"Jeanette\"},\"sameAs\":[\"https:\\\/\\\/www.eldiario.net\\\/portal\"],\"url\":\"https:\\\/\\\/www.eldiario.net\\\/portal\\\/author\\\/jeanette\\\/\"}]}<\/script>\n<!-- \/ Yoast SEO plugin. -->","yoast_head_json":{"title":"Netanyahu compara a jefe de Ham\u00e1s en Gaza con Adolf Hitler en su b\u00fanker - El Diario - Bolivia","robots":{"index":"index","follow":"follow","max-snippet":"max-snippet:-1","max-image-preview":"max-image-preview:large","max-video-preview":"max-video-preview:-1"},"canonical":"https:\/\/www.eldiario.net\/portal\/2023\/11\/06\/netanyahu-compara-a-jefe-de-hamas-en-gaza-con-adolf-hitler-en-su-bunker\/","og_locale":"es_ES","og_type":"article","og_title":"Netanyahu compara a jefe de Ham\u00e1s en Gaza con Adolf Hitler en su b\u00fanker - El Diario - Bolivia","og_description":"El primer ministro israel\u00ed, Benjam\u00edn Netanyahu, compar\u00f3 al l\u00edder del grupo terrorista Ham\u00e1s en la Franja de Gaza, Yahya Sinwar, con el dictador nazi, Adolf Hitler, y con los \u00faltimos d\u00edas que pas\u00f3 \u201cen su b\u00fanker\u201d. \u201cAmbos merec\u00edan morir\u201d, afirm\u00f3 Netanyahu. \u201cNo le importa su naci\u00f3n y act\u00faa como un peque\u00f1o Hitler en su b\u00fanker\u201d, [&hellip;]","og_url":"https:\/\/www.eldiario.net\/portal\/2023\/11\/06\/netanyahu-compara-a-jefe-de-hamas-en-gaza-con-adolf-hitler-en-su-bunker\/","og_site_name":"El Diario - Bolivia","article_publisher":"https:\/\/www.facebook.com\/eldiario.bolivia\/","article_published_time":"2023-11-06T10:36:49+00:00","og_image":[{"width":2560,"height":1707,"url":"https:\/\/www.eldiario.net\/portal\/wp-content\/uploads\/2023\/11\/JEFE-scaled-1.jpg","type":"image\/jpeg"}],"author":"Jeanette","twitter_card":"summary_large_image","twitter_creator":"@eldiario_net","twitter_site":"@eldiario_net","twitter_misc":{"Escrito por":"Jeanette","Tiempo de lectura":"3 minutos"},"schema":{"@context":"https:\/\/schema.org","@graph":[{"@type":"Article","@id":"https:\/\/www.eldiario.net\/portal\/2023\/11\/06\/netanyahu-compara-a-jefe-de-hamas-en-gaza-con-adolf-hitler-en-su-bunker\/#article","isPartOf":{"@id":"https:\/\/www.eldiario.net\/portal\/2023\/11\/06\/netanyahu-compara-a-jefe-de-hamas-en-gaza-con-adolf-hitler-en-su-bunker\/"},"author":{"name":"Jeanette","@id":"https:\/\/www.eldiario.net\/portal\/#\/schema\/person\/f46445640444750d7d753ccd04ae01b7"},"headline":"Netanyahu compara a jefe de Ham\u00e1s en Gaza con Adolf Hitler en su b\u00fanker","datePublished":"2023-11-06T10:36:49+00:00","mainEntityOfPage":{"@id":"https:\/\/www.eldiario.net\/portal\/2023\/11\/06\/netanyahu-compara-a-jefe-de-hamas-en-gaza-con-adolf-hitler-en-su-bunker\/"},"wordCount":560,"publisher":{"@id":"https:\/\/www.eldiario.net\/portal\/#organization"},"image":{"@id":"https:\/\/www.eldiario.net\/portal\/2023\/11\/06\/netanyahu-compara-a-jefe-de-hamas-en-gaza-con-adolf-hitler-en-su-bunker\/#primaryimage"},"thumbnailUrl":"https:\/\/www.eldiario.net\/portal\/wp-content\/uploads\/2023\/11\/JEFE-scaled-1.jpg","articleSection":["Internacional"],"inLanguage":"es"},{"@type":"WebPage","@id":"https:\/\/www.eldiario.net\/portal\/2023\/11\/06\/netanyahu-compara-a-jefe-de-hamas-en-gaza-con-adolf-hitler-en-su-bunker\/","url":"https:\/\/www.eldiario.net\/portal\/2023\/11\/06\/netanyahu-compara-a-jefe-de-hamas-en-gaza-con-adolf-hitler-en-su-bunker\/","name":"Netanyahu compara a jefe de Ham\u00e1s en Gaza con Adolf Hitler en su b\u00fanker - El Diario - Bolivia","isPartOf":{"@id":"https:\/\/www.eldiario.net\/portal\/#website"},"primaryImageOfPage":{"@id":"https:\/\/www.eldiario.net\/portal\/2023\/11\/06\/netanyahu-compara-a-jefe-de-hamas-en-gaza-con-adolf-hitler-en-su-bunker\/#primaryimage"},"image":{"@id":"https:\/\/www.eldiario.net\/portal\/2023\/11\/06\/netanyahu-compara-a-jefe-de-hamas-en-gaza-con-adolf-hitler-en-su-bunker\/#primaryimage"},"thumbnailUrl":"https:\/\/www.eldiario.net\/portal\/wp-content\/uploads\/2023\/11\/JEFE-scaled-1.jpg","datePublished":"2023-11-06T10:36:49+00:00","breadcrumb":{"@id":"https:\/\/www.eldiario.net\/portal\/2023\/11\/06\/netanyahu-compara-a-jefe-de-hamas-en-gaza-con-adolf-hitler-en-su-bunker\/#breadcrumb"},"inLanguage":"es","potentialAction":[{"@type":"ReadAction","target":["https:\/\/www.eldiario.net\/portal\/2023\/11\/06\/netanyahu-compara-a-jefe-de-hamas-en-gaza-con-adolf-hitler-en-su-bunker\/"]}]},{"@type":"ImageObject","inLanguage":"es","@id":"https:\/\/www.eldiario.net\/portal\/2023\/11\/06\/netanyahu-compara-a-jefe-de-hamas-en-gaza-con-adolf-hitler-en-su-bunker\/#primaryimage","url":"https:\/\/www.eldiario.net\/portal\/wp-content\/uploads\/2023\/11\/JEFE-scaled-1.jpg","contentUrl":"https:\/\/www.eldiario.net\/portal\/wp-content\/uploads\/2023\/11\/JEFE-scaled-1.jpg","width":2560,"height":1707,"caption":"MANDATARIO ISAERL\u00cd ASEGUR\u00d3 QUE PARA un ALTO AL FUEGO LOS REHENES DEBEN SER LIBERADOS. Infobae"},{"@type":"BreadcrumbList","@id":"https:\/\/www.eldiario.net\/portal\/2023\/11\/06\/netanyahu-compara-a-jefe-de-hamas-en-gaza-con-adolf-hitler-en-su-bunker\/#breadcrumb","itemListElement":[{"@type":"ListItem","position":1,"name":"Portada","item":"https:\/\/www.eldiario.net\/portal\/"},{"@type":"ListItem","position":2,"name":"Netanyahu compara a jefe de Ham\u00e1s en Gaza con Adolf Hitler en su b\u00fanker"}]},{"@type":"WebSite","@id":"https:\/\/www.eldiario.net\/portal\/#website","url":"https:\/\/www.eldiario.net\/portal\/","name":"El Diario - Decano de la prensa nacional","description":"El Diario - Decano de la prensa nacional","publisher":{"@id":"https:\/\/www.eldiario.net\/portal\/#organization"},"potentialAction":[{"@type":"SearchAction","target":{"@type":"EntryPoint","urlTemplate":"https:\/\/www.eldiario.net\/portal\/?s={search_term_string}"},"query-input":{"@type":"PropertyValueSpecification","valueRequired":true,"valueName":"search_term_string"}}],"inLanguage":"es"},{"@type":"Organization","@id":"https:\/\/www.eldiario.net\/portal\/#organization","name":"El Diario - Decano de la prensa nacional","url":"https:\/\/www.eldiario.net\/portal\/","logo":{"@type":"ImageObject","inLanguage":"es","@id":"https:\/\/www.eldiario.net\/portal\/#\/schema\/logo\/image\/","url":"https:\/\/www.eldiario.net\/portal\/wp-content\/uploads\/2023\/07\/logo_ED.jpg","contentUrl":"https:\/\/www.eldiario.net\/portal\/wp-content\/uploads\/2023\/07\/logo_ED.jpg","width":272,"height":52,"caption":"El Diario - Decano de la prensa nacional"},"image":{"@id":"https:\/\/www.eldiario.net\/portal\/#\/schema\/logo\/image\/"},"sameAs":["https:\/\/www.facebook.com\/eldiario.bolivia\/","https:\/\/x.com\/eldiario_net"]},{"@type":"Person","@id":"https:\/\/www.eldiario.net\/portal\/#\/schema\/person\/f46445640444750d7d753ccd04ae01b7","name":"Jeanette","image":{"@type":"ImageObject","inLanguage":"es","@id":"https:\/\/secure.gravatar.com\/avatar\/3ea2118a5f7dad2b7138b1187a6b7ee55f160b9968b66013c3a3ef39dd7e5798?s=96&d=mm&r=g","url":"https:\/\/secure.gravatar.com\/avatar\/3ea2118a5f7dad2b7138b1187a6b7ee55f160b9968b66013c3a3ef39dd7e5798?s=96&d=mm&r=g","contentUrl":"https:\/\/secure.gravatar.com\/avatar\/3ea2118a5f7dad2b7138b1187a6b7ee55f160b9968b66013c3a3ef39dd7e5798?s=96&d=mm&r=g","caption":"Jeanette"},"sameAs":["https:\/\/www.eldiario.net\/portal"],"url":"https:\/\/www.eldiario.net\/portal\/author\/jeanette\/"}]}},"_links":{"self":[{"href":"https:\/\/www.eldiario.net\/portal\/wp-json\/wp\/v2\/posts\/185952","targetHints":{"allow":["GET"]}}],"collection":[{"href":"https:\/\/www.eldiario.net\/portal\/wp-json\/wp\/v2\/posts"}],"about":[{"href":"https:\/\/www.eldiario.net\/portal\/wp-json\/wp\/v2\/types\/post"}],"author":[{"embeddable":true,"href":"https:\/\/www.eldiario.net\/portal\/wp-json\/wp\/v2\/users\/1"}],"replies":[{"embeddable":true,"href":"https:\/\/www.eldiario.net\/portal\/wp-json\/wp\/v2\/comments?post=185952"}],"version-history":[{"count":0,"href":"https:\/\/www.eldiario.net\/portal\/wp-json\/wp\/v2\/posts\/185952\/revisions"}],"wp:featuredmedia":[{"embeddable":true,"href":"https:\/\/www.eldiario.net\/portal\/wp-json\/wp\/v2\/media\/185953"}],"wp:attachment":[{"href":"https:\/\/www.eldiario.net\/portal\/wp-json\/wp\/v2\/media?parent=185952"}],"wp:term":[{"taxonomy":"category","embeddable":true,"href":"https:\/\/www.eldiario.net\/portal\/wp-json\/wp\/v2\/categories?post=185952"},{"taxonomy":"post_tag","embeddable":true,"href":"https:\/\/www.eldiario.net\/portal\/wp-json\/wp\/v2\/tags?post=185952"}],"curies":[{"name":"wp","href":"https:\/\/api.w.org\/{rel}","templated":true}]}}