{"id":185949,"date":"2023-11-06T06:35:41","date_gmt":"2023-11-06T10:35:41","guid":{"rendered":"https:\/\/www.eldiario.net\/portal\/?p=185949"},"modified":"2023-11-06T06:35:41","modified_gmt":"2023-11-06T10:35:41","slug":"al-menos-28-militares-ucranianos-muertos-en-ataque-ruso-en-zaporiyia","status":"publish","type":"post","link":"https:\/\/www.eldiario.net\/portal\/2023\/11\/06\/al-menos-28-militares-ucranianos-muertos-en-ataque-ruso-en-zaporiyia\/","title":{"rendered":"Al menos 28 militares ucranianos  muertos en ataque ruso en Zaporiyia"},"content":{"rendered":"<p>Al menos 28 militares ucranianos murieron y 53 resultaron heridos durante un ataque ruso contra una contestada ceremonia militar con motivo del D\u00eda de la Artiller\u00eda en la regi\u00f3n de Zaporiyia, situada en el este del pa\u00eds muy cerca del frente de batalla de la guerra con Rusia.<br \/>\nEl &#8216;n\u00famero dos&#8217; de la 128\u00aa Brigada de Infanter\u00eda, &#8216;Patria&#8217;, Oleksii Kucherenko, confirm\u00f3 ayer la cifra de v\u00edctimas mortales del ataque, ocurrido el pasado viernes.<br \/>\nLas circunstancias del ataque fueron muy criticadas incluso desde las propias filas militares, puesto que consideran que el acto se llev\u00f3 a cabo pese a ser contrario a las normas de funcionamiento para el frente debido a las circunstancias que gener\u00f3.<br \/>\nLos hechos est\u00e1n siendo investigados, seg\u00fan inform\u00f3 el Ministerio de Defensa, que traslad\u00f3 ya sus condolencias a las familias de los fallecidos a trav\u00e9s del ministro de Defensa, Rustem Umierov, quien asegur\u00f3 que se tiene todas las posibilidades de poder conocer exactamente que es lo que pas\u00f3.<br \/>\nLas autoridades no dieron una cifra oficial de v\u00edctimas y solo habr\u00edan confirmado lo ocurrido mucho despu\u00e9s de que la noticia se difundiera en redes sociales y medios de comunicaci\u00f3n, para el cual aseguraron continuar con las averiguaciones.<br \/>\nEl presidente ucraniano, Volodimir Zelenski, resalt\u00f3 en su habitual mensaje vespertino que lo m\u00e1s importante es averiguar la verdad sobre lo ocurrido y evitar que este tipo de incidentes se repitan.<br \/>\nZelenski, asegur\u00f3 que ya se dieron \u00f3rdenes en respuesta a lo ocurrido y se iniciaron procedimientos penales tras la tragedia. \u00abCada soldado que est\u00e9 en zona de combate \u00ab, dijo.<br \/>\nLa investigaci\u00f3n abierta buscar\u00e1 respuestas honestas para las familias de los fallecidos y sobre si se dieron \u00f3rdenes impropias. \u00abSe realizar\u00e1n los cambios necesarios\u00bb, subray\u00f3.<br \/>\nZelenski se\u00f1al\u00f3 como posibles causas, la negligencia por el legado sovi\u00e9tico y la terrible burocracia antes de realizar un llamamiento a la unidad. \u00ab\u00a1Gloria a Ucrania!\u00bb, concluy\u00f3, como suele ser habitual. (Europa Press)<\/p>\n","protected":false},"excerpt":{"rendered":"<p>Al menos 28 militares ucranianos murieron y 53 resultaron heridos durante un ataque ruso contra una contestada ceremonia militar con motivo del D\u00eda de la Artiller\u00eda en la regi\u00f3n de Zaporiyia, situada en el este del pa\u00eds muy cerca del frente de batalla de la guerra con Rusia. El &#8216;n\u00famero dos&#8217; de la 128\u00aa Brigada [&hellip;]<\/p>\n","protected":false},"author":1,"featured_media":185950,"comment_status":"closed","ping_status":"open","sticky":false,"template":"","format":"standard","meta":{"_acf_changed":false,"footnotes":""},"categories":[3],"tags":[],"class_list":["post-185949","post","type-post","status-publish","format-standard","has-post-thumbnail","category-internacional"],"acf":{"antetitulo":""},"yoast_head":"<!-- This site is optimized with the Yoast SEO plugin v28.4 - https:\/\/yoast.com\/product\/yoast-seo-wordpress\/ -->\n<title>Al menos 28 militares ucranianos muertos en ataque ruso en Zaporiyia - El Diario - Bolivia<\/title>\n<meta name=\"robots\" content=\"index, follow, max-snippet:-1, max-image-preview:large, max-video-preview:-1\" \/>\n<link rel=\"canonical\" href=\"https:\/\/www.eldiario.net\/portal\/2023\/11\/06\/al-menos-28-militares-ucranianos-muertos-en-ataque-ruso-en-zaporiyia\/\" \/>\n<meta property=\"og:locale\" content=\"es_ES\" \/>\n<meta property=\"og:type\" content=\"article\" \/>\n<meta property=\"og:title\" content=\"Al menos 28 militares ucranianos muertos en ataque ruso en Zaporiyia - El Diario - Bolivia\" \/>\n<meta property=\"og:description\" content=\"Al menos 28 militares ucranianos murieron y 53 resultaron heridos durante un ataque ruso contra una contestada ceremonia militar con motivo del D\u00eda de la Artiller\u00eda en la regi\u00f3n de Zaporiyia, situada en el este del pa\u00eds muy cerca del frente de batalla de la guerra con Rusia. El &#8216;n\u00famero dos&#8217; de la 128\u00aa Brigada [&hellip;]\" \/>\n<meta property=\"og:url\" content=\"https:\/\/www.eldiario.net\/portal\/2023\/11\/06\/al-menos-28-militares-ucranianos-muertos-en-ataque-ruso-en-zaporiyia\/\" \/>\n<meta property=\"og:site_name\" content=\"El Diario - Bolivia\" \/>\n<meta property=\"article:publisher\" content=\"https:\/\/www.facebook.com\/eldiario.bolivia\/\" \/>\n<meta property=\"article:published_time\" content=\"2023-11-06T10:35:41+00:00\" \/>\n<meta property=\"og:image\" content=\"https:\/\/www.eldiario.net\/portal\/wp-content\/uploads\/2023\/11\/TROPA.jpg\" \/>\n\t<meta property=\"og:image:width\" content=\"600\" \/>\n\t<meta property=\"og:image:height\" content=\"400\" \/>\n\t<meta property=\"og:image:type\" content=\"image\/jpeg\" \/>\n<meta name=\"author\" content=\"Jeanette\" \/>\n<meta name=\"twitter:card\" content=\"summary_large_image\" \/>\n<meta name=\"twitter:creator\" content=\"@eldiario_net\" \/>\n<meta name=\"twitter:site\" content=\"@eldiario_net\" \/>\n<meta name=\"twitter:label1\" content=\"Escrito por\" \/>\n\t<meta name=\"twitter:data1\" content=\"Jeanette\" \/>\n\t<meta name=\"twitter:label2\" content=\"Tiempo de lectura\" \/>\n\t<meta name=\"twitter:data2\" content=\"2 minutos\" \/>\n<script type=\"application\/ld+json\" class=\"yoast-schema-graph\">{\"@context\":\"https:\\\/\\\/schema.org\",\"@graph\":[{\"@type\":\"Article\",\"@id\":\"https:\\\/\\\/www.eldiario.net\\\/portal\\\/2023\\\/11\\\/06\\\/al-menos-28-militares-ucranianos-muertos-en-ataque-ruso-en-zaporiyia\\\/#article\",\"isPartOf\":{\"@id\":\"https:\\\/\\\/www.eldiario.net\\\/portal\\\/2023\\\/11\\\/06\\\/al-menos-28-militares-ucranianos-muertos-en-ataque-ruso-en-zaporiyia\\\/\"},\"author\":{\"name\":\"Jeanette\",\"@id\":\"https:\\\/\\\/www.eldiario.net\\\/portal\\\/#\\\/schema\\\/person\\\/f46445640444750d7d753ccd04ae01b7\"},\"headline\":\"Al menos 28 militares ucranianos muertos en ataque ruso en Zaporiyia\",\"datePublished\":\"2023-11-06T10:35:41+00:00\",\"mainEntityOfPage\":{\"@id\":\"https:\\\/\\\/www.eldiario.net\\\/portal\\\/2023\\\/11\\\/06\\\/al-menos-28-militares-ucranianos-muertos-en-ataque-ruso-en-zaporiyia\\\/\"},\"wordCount\":343,\"publisher\":{\"@id\":\"https:\\\/\\\/www.eldiario.net\\\/portal\\\/#organization\"},\"image\":{\"@id\":\"https:\\\/\\\/www.eldiario.net\\\/portal\\\/2023\\\/11\\\/06\\\/al-menos-28-militares-ucranianos-muertos-en-ataque-ruso-en-zaporiyia\\\/#primaryimage\"},\"thumbnailUrl\":\"https:\\\/\\\/www.eldiario.net\\\/portal\\\/wp-content\\\/uploads\\\/2023\\\/11\\\/TROPA.jpg\",\"articleSection\":[\"Internacional\"],\"inLanguage\":\"es\"},{\"@type\":\"WebPage\",\"@id\":\"https:\\\/\\\/www.eldiario.net\\\/portal\\\/2023\\\/11\\\/06\\\/al-menos-28-militares-ucranianos-muertos-en-ataque-ruso-en-zaporiyia\\\/\",\"url\":\"https:\\\/\\\/www.eldiario.net\\\/portal\\\/2023\\\/11\\\/06\\\/al-menos-28-militares-ucranianos-muertos-en-ataque-ruso-en-zaporiyia\\\/\",\"name\":\"Al menos 28 militares ucranianos muertos en ataque ruso en Zaporiyia - El Diario - Bolivia\",\"isPartOf\":{\"@id\":\"https:\\\/\\\/www.eldiario.net\\\/portal\\\/#website\"},\"primaryImageOfPage\":{\"@id\":\"https:\\\/\\\/www.eldiario.net\\\/portal\\\/2023\\\/11\\\/06\\\/al-menos-28-militares-ucranianos-muertos-en-ataque-ruso-en-zaporiyia\\\/#primaryimage\"},\"image\":{\"@id\":\"https:\\\/\\\/www.eldiario.net\\\/portal\\\/2023\\\/11\\\/06\\\/al-menos-28-militares-ucranianos-muertos-en-ataque-ruso-en-zaporiyia\\\/#primaryimage\"},\"thumbnailUrl\":\"https:\\\/\\\/www.eldiario.net\\\/portal\\\/wp-content\\\/uploads\\\/2023\\\/11\\\/TROPA.jpg\",\"datePublished\":\"2023-11-06T10:35:41+00:00\",\"breadcrumb\":{\"@id\":\"https:\\\/\\\/www.eldiario.net\\\/portal\\\/2023\\\/11\\\/06\\\/al-menos-28-militares-ucranianos-muertos-en-ataque-ruso-en-zaporiyia\\\/#breadcrumb\"},\"inLanguage\":\"es\",\"potentialAction\":[{\"@type\":\"ReadAction\",\"target\":[\"https:\\\/\\\/www.eldiario.net\\\/portal\\\/2023\\\/11\\\/06\\\/al-menos-28-militares-ucranianos-muertos-en-ataque-ruso-en-zaporiyia\\\/\"]}]},{\"@type\":\"ImageObject\",\"inLanguage\":\"es\",\"@id\":\"https:\\\/\\\/www.eldiario.net\\\/portal\\\/2023\\\/11\\\/06\\\/al-menos-28-militares-ucranianos-muertos-en-ataque-ruso-en-zaporiyia\\\/#primaryimage\",\"url\":\"https:\\\/\\\/www.eldiario.net\\\/portal\\\/wp-content\\\/uploads\\\/2023\\\/11\\\/TROPA.jpg\",\"contentUrl\":\"https:\\\/\\\/www.eldiario.net\\\/portal\\\/wp-content\\\/uploads\\\/2023\\\/11\\\/TROPA.jpg\",\"width\":600,\"height\":400,\"caption\":\"EL ATAQUE FUE CRITICADO, INCLUSO DESDE LAS PROPIAS FILAS MILITARES. AlMomento.net\"},{\"@type\":\"BreadcrumbList\",\"@id\":\"https:\\\/\\\/www.eldiario.net\\\/portal\\\/2023\\\/11\\\/06\\\/al-menos-28-militares-ucranianos-muertos-en-ataque-ruso-en-zaporiyia\\\/#breadcrumb\",\"itemListElement\":[{\"@type\":\"ListItem\",\"position\":1,\"name\":\"Portada\",\"item\":\"https:\\\/\\\/www.eldiario.net\\\/portal\\\/\"},{\"@type\":\"ListItem\",\"position\":2,\"name\":\"Al menos 28 militares ucranianos muertos en ataque ruso en Zaporiyia\"}]},{\"@type\":\"WebSite\",\"@id\":\"https:\\\/\\\/www.eldiario.net\\\/portal\\\/#website\",\"url\":\"https:\\\/\\\/www.eldiario.net\\\/portal\\\/\",\"name\":\"El Diario - Decano de la prensa nacional\",\"description\":\"El Diario - Decano de la prensa nacional\",\"publisher\":{\"@id\":\"https:\\\/\\\/www.eldiario.net\\\/portal\\\/#organization\"},\"potentialAction\":[{\"@type\":\"SearchAction\",\"target\":{\"@type\":\"EntryPoint\",\"urlTemplate\":\"https:\\\/\\\/www.eldiario.net\\\/portal\\\/?s={search_term_string}\"},\"query-input\":{\"@type\":\"PropertyValueSpecification\",\"valueRequired\":true,\"valueName\":\"search_term_string\"}}],\"inLanguage\":\"es\"},{\"@type\":\"Organization\",\"@id\":\"https:\\\/\\\/www.eldiario.net\\\/portal\\\/#organization\",\"name\":\"El Diario - Decano de la prensa nacional\",\"url\":\"https:\\\/\\\/www.eldiario.net\\\/portal\\\/\",\"logo\":{\"@type\":\"ImageObject\",\"inLanguage\":\"es\",\"@id\":\"https:\\\/\\\/www.eldiario.net\\\/portal\\\/#\\\/schema\\\/logo\\\/image\\\/\",\"url\":\"https:\\\/\\\/www.eldiario.net\\\/portal\\\/wp-content\\\/uploads\\\/2023\\\/07\\\/logo_ED.jpg\",\"contentUrl\":\"https:\\\/\\\/www.eldiario.net\\\/portal\\\/wp-content\\\/uploads\\\/2023\\\/07\\\/logo_ED.jpg\",\"width\":272,\"height\":52,\"caption\":\"El Diario - Decano de la prensa nacional\"},\"image\":{\"@id\":\"https:\\\/\\\/www.eldiario.net\\\/portal\\\/#\\\/schema\\\/logo\\\/image\\\/\"},\"sameAs\":[\"https:\\\/\\\/www.facebook.com\\\/eldiario.bolivia\\\/\",\"https:\\\/\\\/x.com\\\/eldiario_net\"]},{\"@type\":\"Person\",\"@id\":\"https:\\\/\\\/www.eldiario.net\\\/portal\\\/#\\\/schema\\\/person\\\/f46445640444750d7d753ccd04ae01b7\",\"name\":\"Jeanette\",\"image\":{\"@type\":\"ImageObject\",\"inLanguage\":\"es\",\"@id\":\"https:\\\/\\\/secure.gravatar.com\\\/avatar\\\/3ea2118a5f7dad2b7138b1187a6b7ee55f160b9968b66013c3a3ef39dd7e5798?s=96&d=mm&r=g\",\"url\":\"https:\\\/\\\/secure.gravatar.com\\\/avatar\\\/3ea2118a5f7dad2b7138b1187a6b7ee55f160b9968b66013c3a3ef39dd7e5798?s=96&d=mm&r=g\",\"contentUrl\":\"https:\\\/\\\/secure.gravatar.com\\\/avatar\\\/3ea2118a5f7dad2b7138b1187a6b7ee55f160b9968b66013c3a3ef39dd7e5798?s=96&d=mm&r=g\",\"caption\":\"Jeanette\"},\"sameAs\":[\"https:\\\/\\\/www.eldiario.net\\\/portal\"],\"url\":\"https:\\\/\\\/www.eldiario.net\\\/portal\\\/author\\\/jeanette\\\/\"}]}<\/script>\n<!-- \/ Yoast SEO plugin. -->","yoast_head_json":{"title":"Al menos 28 militares ucranianos muertos en ataque ruso en Zaporiyia - El Diario - Bolivia","robots":{"index":"index","follow":"follow","max-snippet":"max-snippet:-1","max-image-preview":"max-image-preview:large","max-video-preview":"max-video-preview:-1"},"canonical":"https:\/\/www.eldiario.net\/portal\/2023\/11\/06\/al-menos-28-militares-ucranianos-muertos-en-ataque-ruso-en-zaporiyia\/","og_locale":"es_ES","og_type":"article","og_title":"Al menos 28 militares ucranianos muertos en ataque ruso en Zaporiyia - El Diario - Bolivia","og_description":"Al menos 28 militares ucranianos murieron y 53 resultaron heridos durante un ataque ruso contra una contestada ceremonia militar con motivo del D\u00eda de la Artiller\u00eda en la regi\u00f3n de Zaporiyia, situada en el este del pa\u00eds muy cerca del frente de batalla de la guerra con Rusia. El &#8216;n\u00famero dos&#8217; de la 128\u00aa Brigada [&hellip;]","og_url":"https:\/\/www.eldiario.net\/portal\/2023\/11\/06\/al-menos-28-militares-ucranianos-muertos-en-ataque-ruso-en-zaporiyia\/","og_site_name":"El Diario - Bolivia","article_publisher":"https:\/\/www.facebook.com\/eldiario.bolivia\/","article_published_time":"2023-11-06T10:35:41+00:00","og_image":[{"width":600,"height":400,"url":"https:\/\/www.eldiario.net\/portal\/wp-content\/uploads\/2023\/11\/TROPA.jpg","type":"image\/jpeg"}],"author":"Jeanette","twitter_card":"summary_large_image","twitter_creator":"@eldiario_net","twitter_site":"@eldiario_net","twitter_misc":{"Escrito por":"Jeanette","Tiempo de lectura":"2 minutos"},"schema":{"@context":"https:\/\/schema.org","@graph":[{"@type":"Article","@id":"https:\/\/www.eldiario.net\/portal\/2023\/11\/06\/al-menos-28-militares-ucranianos-muertos-en-ataque-ruso-en-zaporiyia\/#article","isPartOf":{"@id":"https:\/\/www.eldiario.net\/portal\/2023\/11\/06\/al-menos-28-militares-ucranianos-muertos-en-ataque-ruso-en-zaporiyia\/"},"author":{"name":"Jeanette","@id":"https:\/\/www.eldiario.net\/portal\/#\/schema\/person\/f46445640444750d7d753ccd04ae01b7"},"headline":"Al menos 28 militares ucranianos muertos en ataque ruso en Zaporiyia","datePublished":"2023-11-06T10:35:41+00:00","mainEntityOfPage":{"@id":"https:\/\/www.eldiario.net\/portal\/2023\/11\/06\/al-menos-28-militares-ucranianos-muertos-en-ataque-ruso-en-zaporiyia\/"},"wordCount":343,"publisher":{"@id":"https:\/\/www.eldiario.net\/portal\/#organization"},"image":{"@id":"https:\/\/www.eldiario.net\/portal\/2023\/11\/06\/al-menos-28-militares-ucranianos-muertos-en-ataque-ruso-en-zaporiyia\/#primaryimage"},"thumbnailUrl":"https:\/\/www.eldiario.net\/portal\/wp-content\/uploads\/2023\/11\/TROPA.jpg","articleSection":["Internacional"],"inLanguage":"es"},{"@type":"WebPage","@id":"https:\/\/www.eldiario.net\/portal\/2023\/11\/06\/al-menos-28-militares-ucranianos-muertos-en-ataque-ruso-en-zaporiyia\/","url":"https:\/\/www.eldiario.net\/portal\/2023\/11\/06\/al-menos-28-militares-ucranianos-muertos-en-ataque-ruso-en-zaporiyia\/","name":"Al menos 28 militares ucranianos muertos en ataque ruso en Zaporiyia - El Diario - Bolivia","isPartOf":{"@id":"https:\/\/www.eldiario.net\/portal\/#website"},"primaryImageOfPage":{"@id":"https:\/\/www.eldiario.net\/portal\/2023\/11\/06\/al-menos-28-militares-ucranianos-muertos-en-ataque-ruso-en-zaporiyia\/#primaryimage"},"image":{"@id":"https:\/\/www.eldiario.net\/portal\/2023\/11\/06\/al-menos-28-militares-ucranianos-muertos-en-ataque-ruso-en-zaporiyia\/#primaryimage"},"thumbnailUrl":"https:\/\/www.eldiario.net\/portal\/wp-content\/uploads\/2023\/11\/TROPA.jpg","datePublished":"2023-11-06T10:35:41+00:00","breadcrumb":{"@id":"https:\/\/www.eldiario.net\/portal\/2023\/11\/06\/al-menos-28-militares-ucranianos-muertos-en-ataque-ruso-en-zaporiyia\/#breadcrumb"},"inLanguage":"es","potentialAction":[{"@type":"ReadAction","target":["https:\/\/www.eldiario.net\/portal\/2023\/11\/06\/al-menos-28-militares-ucranianos-muertos-en-ataque-ruso-en-zaporiyia\/"]}]},{"@type":"ImageObject","inLanguage":"es","@id":"https:\/\/www.eldiario.net\/portal\/2023\/11\/06\/al-menos-28-militares-ucranianos-muertos-en-ataque-ruso-en-zaporiyia\/#primaryimage","url":"https:\/\/www.eldiario.net\/portal\/wp-content\/uploads\/2023\/11\/TROPA.jpg","contentUrl":"https:\/\/www.eldiario.net\/portal\/wp-content\/uploads\/2023\/11\/TROPA.jpg","width":600,"height":400,"caption":"EL ATAQUE FUE CRITICADO, INCLUSO DESDE LAS PROPIAS FILAS MILITARES. AlMomento.net"},{"@type":"BreadcrumbList","@id":"https:\/\/www.eldiario.net\/portal\/2023\/11\/06\/al-menos-28-militares-ucranianos-muertos-en-ataque-ruso-en-zaporiyia\/#breadcrumb","itemListElement":[{"@type":"ListItem","position":1,"name":"Portada","item":"https:\/\/www.eldiario.net\/portal\/"},{"@type":"ListItem","position":2,"name":"Al menos 28 militares ucranianos muertos en ataque ruso en Zaporiyia"}]},{"@type":"WebSite","@id":"https:\/\/www.eldiario.net\/portal\/#website","url":"https:\/\/www.eldiario.net\/portal\/","name":"El Diario - Decano de la prensa nacional","description":"El Diario - Decano de la prensa nacional","publisher":{"@id":"https:\/\/www.eldiario.net\/portal\/#organization"},"potentialAction":[{"@type":"SearchAction","target":{"@type":"EntryPoint","urlTemplate":"https:\/\/www.eldiario.net\/portal\/?s={search_term_string}"},"query-input":{"@type":"PropertyValueSpecification","valueRequired":true,"valueName":"search_term_string"}}],"inLanguage":"es"},{"@type":"Organization","@id":"https:\/\/www.eldiario.net\/portal\/#organization","name":"El Diario - Decano de la prensa nacional","url":"https:\/\/www.eldiario.net\/portal\/","logo":{"@type":"ImageObject","inLanguage":"es","@id":"https:\/\/www.eldiario.net\/portal\/#\/schema\/logo\/image\/","url":"https:\/\/www.eldiario.net\/portal\/wp-content\/uploads\/2023\/07\/logo_ED.jpg","contentUrl":"https:\/\/www.eldiario.net\/portal\/wp-content\/uploads\/2023\/07\/logo_ED.jpg","width":272,"height":52,"caption":"El Diario - Decano de la prensa nacional"},"image":{"@id":"https:\/\/www.eldiario.net\/portal\/#\/schema\/logo\/image\/"},"sameAs":["https:\/\/www.facebook.com\/eldiario.bolivia\/","https:\/\/x.com\/eldiario_net"]},{"@type":"Person","@id":"https:\/\/www.eldiario.net\/portal\/#\/schema\/person\/f46445640444750d7d753ccd04ae01b7","name":"Jeanette","image":{"@type":"ImageObject","inLanguage":"es","@id":"https:\/\/secure.gravatar.com\/avatar\/3ea2118a5f7dad2b7138b1187a6b7ee55f160b9968b66013c3a3ef39dd7e5798?s=96&d=mm&r=g","url":"https:\/\/secure.gravatar.com\/avatar\/3ea2118a5f7dad2b7138b1187a6b7ee55f160b9968b66013c3a3ef39dd7e5798?s=96&d=mm&r=g","contentUrl":"https:\/\/secure.gravatar.com\/avatar\/3ea2118a5f7dad2b7138b1187a6b7ee55f160b9968b66013c3a3ef39dd7e5798?s=96&d=mm&r=g","caption":"Jeanette"},"sameAs":["https:\/\/www.eldiario.net\/portal"],"url":"https:\/\/www.eldiario.net\/portal\/author\/jeanette\/"}]}},"_links":{"self":[{"href":"https:\/\/www.eldiario.net\/portal\/wp-json\/wp\/v2\/posts\/185949","targetHints":{"allow":["GET"]}}],"collection":[{"href":"https:\/\/www.eldiario.net\/portal\/wp-json\/wp\/v2\/posts"}],"about":[{"href":"https:\/\/www.eldiario.net\/portal\/wp-json\/wp\/v2\/types\/post"}],"author":[{"embeddable":true,"href":"https:\/\/www.eldiario.net\/portal\/wp-json\/wp\/v2\/users\/1"}],"replies":[{"embeddable":true,"href":"https:\/\/www.eldiario.net\/portal\/wp-json\/wp\/v2\/comments?post=185949"}],"version-history":[{"count":0,"href":"https:\/\/www.eldiario.net\/portal\/wp-json\/wp\/v2\/posts\/185949\/revisions"}],"wp:featuredmedia":[{"embeddable":true,"href":"https:\/\/www.eldiario.net\/portal\/wp-json\/wp\/v2\/media\/185950"}],"wp:attachment":[{"href":"https:\/\/www.eldiario.net\/portal\/wp-json\/wp\/v2\/media?parent=185949"}],"wp:term":[{"taxonomy":"category","embeddable":true,"href":"https:\/\/www.eldiario.net\/portal\/wp-json\/wp\/v2\/categories?post=185949"},{"taxonomy":"post_tag","embeddable":true,"href":"https:\/\/www.eldiario.net\/portal\/wp-json\/wp\/v2\/tags?post=185949"}],"curies":[{"name":"wp","href":"https:\/\/api.w.org\/{rel}","templated":true}]}}