{"id":185946,"date":"2023-11-06T06:34:39","date_gmt":"2023-11-06T10:34:39","guid":{"rendered":"https:\/\/www.eldiario.net\/portal\/?p=185946"},"modified":"2023-11-06T06:34:39","modified_gmt":"2023-11-06T10:34:39","slug":"rusia-lanza-misil-balistico-con-una-capacidad-nuclear","status":"publish","type":"post","link":"https:\/\/www.eldiario.net\/portal\/2023\/11\/06\/rusia-lanza-misil-balistico-con-una-capacidad-nuclear\/","title":{"rendered":"Rusia lanza misil bal\u00edstico  con una capacidad nuclear"},"content":{"rendered":"<p>Rusia anunci\u00f3 ayer que realiz\u00f3 con \u00e9xito un lanzamiento de prueba de un misil bal\u00edstico intercontinental, capaz de transportar ojivas nucleares desde un submarino nuclear de cuarta generaci\u00f3n.<br \/>\nEl lanzamiento del misil Bulava, el primero en aproximadamente un a\u00f1o, se produce poco despu\u00e9s de que Rusia revocara su ratificaci\u00f3n del Tratado de Prohibici\u00f3n Completa de los Ensayos Nucleares (CTBT, por sus siglas en ingl\u00e9s).<br \/>\n\u201cComo parte de la fase final del programa estatal de pruebas, el nuevo submarino nuclear estrat\u00e9gico Emperador Alejandro III dispar\u00f3 con \u00e9xito el misil bal\u00edstico intercontinental Bulava\u201d desde el Mar Blanco, inform\u00f3 el Ministerio de Defensa ruso en un comunicado.<br \/>\nEl misil alcanz\u00f3 su objetivo, situado en un campo de pruebas en la pen\u00ednsula de Kamchatka, en el Extremo Oriente ruso, \u201ca la hora prevista\u201d, a\u00f1adi\u00f3.<br \/>\nCon un alcance de 8.000 kil\u00f3metros y una longitud de 12 metros, el Bulava (SS-NX-30 en la clasificaci\u00f3n de la OTAN) puede equiparse con diez cabezas nucleares.<br \/>\nEl submarino Emperador Alejandro III, de clase Borei, est\u00e1 equipado con 16 misiles Bulava, seg\u00fan el ej\u00e9rcito ruso.<br \/>\nDesde el inicio del conflicto en Ucrania en febrero de 2022, altos funcionarios rusos amenazaron en varias ocasiones con utilizar el arma nuclear, aunque en otras Putin mostr\u00f3 cautela al respecto.<br \/>\nMosc\u00fa despleg\u00f3 armas nucleares t\u00e1cticas en Bielorrusia, su aliado m\u00e1s cercano, en el verano de 2023.<br \/>\nPutin promulg\u00f3 una ley que revoca la ratificaci\u00f3n por Rusia del Tratado de Prohibici\u00f3n Completa de los Ensayos Nucleares, en un contexto de conflicto en Ucrania y crisis con Occidente.<br \/>\nAunque nunca entr\u00f3 en vigor, el acuerdo fue ratificado por 178 pa\u00edses, incluidas las potencias nucleares Francia y Reino Unido, y tiene un valor simb\u00f3lico.<br \/>\nSus defensores afirman que establece una norma internacional contra los ensayos con armas nucleares, pero sus detractores aseveran que el potencial del acuerdo sigue sin materializarse, sin las ratificaciones de las principales potencias nucleares.<br \/>\nEl gobierno de Putin neg\u00f3 el inicio de una nueva carrera armament\u00edstica a pesar de que se desvincul\u00f3 tambi\u00e9n de otros protocolos, como el acuerdo bilateral con Washington que establece un marco para el desarme nuclear.<br \/>\nPero en el contexto del conflicto en Ucrania, la revocaci\u00f3n rusa fue percibida por los pa\u00edses occidentales como una mala se\u00f1al. Para el jefe de la diplomacia estadounidenses, Antony Blinken, Rusia dio \u201cun gran paso en la direcci\u00f3n equivocada\u201d, y por ello inst\u00f3 a Mosc\u00fa a no realizar este tipo de ensayos. (Infobae\/Afp)<\/p>\n","protected":false},"excerpt":{"rendered":"<p>Rusia anunci\u00f3 ayer que realiz\u00f3 con \u00e9xito un lanzamiento de prueba de un misil bal\u00edstico intercontinental, capaz de transportar ojivas nucleares desde un submarino nuclear de cuarta generaci\u00f3n. El lanzamiento del misil Bulava, el primero en aproximadamente un a\u00f1o, se produce poco despu\u00e9s de que Rusia revocara su ratificaci\u00f3n del Tratado de Prohibici\u00f3n Completa de [&hellip;]<\/p>\n","protected":false},"author":1,"featured_media":185947,"comment_status":"closed","ping_status":"open","sticky":false,"template":"","format":"standard","meta":{"_acf_changed":false,"footnotes":""},"categories":[3],"tags":[],"class_list":["post-185946","post","type-post","status-publish","format-standard","has-post-thumbnail","category-internacional"],"acf":{"antetitulo":""},"yoast_head":"<!-- This site is optimized with the Yoast SEO plugin v28.4 - https:\/\/yoast.com\/product\/yoast-seo-wordpress\/ -->\n<title>Rusia lanza misil bal\u00edstico con una capacidad nuclear - El Diario - Bolivia<\/title>\n<meta name=\"robots\" content=\"index, follow, max-snippet:-1, max-image-preview:large, max-video-preview:-1\" \/>\n<link rel=\"canonical\" href=\"https:\/\/www.eldiario.net\/portal\/2023\/11\/06\/rusia-lanza-misil-balistico-con-una-capacidad-nuclear\/\" \/>\n<meta property=\"og:locale\" content=\"es_ES\" \/>\n<meta property=\"og:type\" content=\"article\" \/>\n<meta property=\"og:title\" content=\"Rusia lanza misil bal\u00edstico con una capacidad nuclear - El Diario - Bolivia\" \/>\n<meta property=\"og:description\" content=\"Rusia anunci\u00f3 ayer que realiz\u00f3 con \u00e9xito un lanzamiento de prueba de un misil bal\u00edstico intercontinental, capaz de transportar ojivas nucleares desde un submarino nuclear de cuarta generaci\u00f3n. El lanzamiento del misil Bulava, el primero en aproximadamente un a\u00f1o, se produce poco despu\u00e9s de que Rusia revocara su ratificaci\u00f3n del Tratado de Prohibici\u00f3n Completa de [&hellip;]\" \/>\n<meta property=\"og:url\" content=\"https:\/\/www.eldiario.net\/portal\/2023\/11\/06\/rusia-lanza-misil-balistico-con-una-capacidad-nuclear\/\" \/>\n<meta property=\"og:site_name\" content=\"El Diario - Bolivia\" \/>\n<meta property=\"article:publisher\" content=\"https:\/\/www.facebook.com\/eldiario.bolivia\/\" \/>\n<meta property=\"article:published_time\" content=\"2023-11-06T10:34:39+00:00\" \/>\n<meta property=\"og:image\" content=\"https:\/\/www.eldiario.net\/portal\/wp-content\/uploads\/2023\/11\/PRUEBA.webp\" \/>\n\t<meta property=\"og:image:width\" content=\"900\" \/>\n\t<meta property=\"og:image:height\" content=\"605\" \/>\n\t<meta property=\"og:image:type\" content=\"image\/webp\" \/>\n<meta name=\"author\" content=\"Jeanette\" \/>\n<meta name=\"twitter:card\" content=\"summary_large_image\" \/>\n<meta name=\"twitter:creator\" content=\"@eldiario_net\" \/>\n<meta name=\"twitter:site\" content=\"@eldiario_net\" \/>\n<meta name=\"twitter:label1\" content=\"Escrito por\" \/>\n\t<meta name=\"twitter:data1\" content=\"Jeanette\" \/>\n\t<meta name=\"twitter:label2\" content=\"Tiempo de lectura\" \/>\n\t<meta name=\"twitter:data2\" content=\"2 minutos\" \/>\n<script type=\"application\/ld+json\" class=\"yoast-schema-graph\">{\"@context\":\"https:\\\/\\\/schema.org\",\"@graph\":[{\"@type\":\"Article\",\"@id\":\"https:\\\/\\\/www.eldiario.net\\\/portal\\\/2023\\\/11\\\/06\\\/rusia-lanza-misil-balistico-con-una-capacidad-nuclear\\\/#article\",\"isPartOf\":{\"@id\":\"https:\\\/\\\/www.eldiario.net\\\/portal\\\/2023\\\/11\\\/06\\\/rusia-lanza-misil-balistico-con-una-capacidad-nuclear\\\/\"},\"author\":{\"name\":\"Jeanette\",\"@id\":\"https:\\\/\\\/www.eldiario.net\\\/portal\\\/#\\\/schema\\\/person\\\/f46445640444750d7d753ccd04ae01b7\"},\"headline\":\"Rusia lanza misil bal\u00edstico con una capacidad nuclear\",\"datePublished\":\"2023-11-06T10:34:39+00:00\",\"mainEntityOfPage\":{\"@id\":\"https:\\\/\\\/www.eldiario.net\\\/portal\\\/2023\\\/11\\\/06\\\/rusia-lanza-misil-balistico-con-una-capacidad-nuclear\\\/\"},\"wordCount\":431,\"publisher\":{\"@id\":\"https:\\\/\\\/www.eldiario.net\\\/portal\\\/#organization\"},\"image\":{\"@id\":\"https:\\\/\\\/www.eldiario.net\\\/portal\\\/2023\\\/11\\\/06\\\/rusia-lanza-misil-balistico-con-una-capacidad-nuclear\\\/#primaryimage\"},\"thumbnailUrl\":\"https:\\\/\\\/www.eldiario.net\\\/portal\\\/wp-content\\\/uploads\\\/2023\\\/11\\\/PRUEBA.webp\",\"articleSection\":[\"Internacional\"],\"inLanguage\":\"es\"},{\"@type\":\"WebPage\",\"@id\":\"https:\\\/\\\/www.eldiario.net\\\/portal\\\/2023\\\/11\\\/06\\\/rusia-lanza-misil-balistico-con-una-capacidad-nuclear\\\/\",\"url\":\"https:\\\/\\\/www.eldiario.net\\\/portal\\\/2023\\\/11\\\/06\\\/rusia-lanza-misil-balistico-con-una-capacidad-nuclear\\\/\",\"name\":\"Rusia lanza misil bal\u00edstico con una capacidad nuclear - El Diario - Bolivia\",\"isPartOf\":{\"@id\":\"https:\\\/\\\/www.eldiario.net\\\/portal\\\/#website\"},\"primaryImageOfPage\":{\"@id\":\"https:\\\/\\\/www.eldiario.net\\\/portal\\\/2023\\\/11\\\/06\\\/rusia-lanza-misil-balistico-con-una-capacidad-nuclear\\\/#primaryimage\"},\"image\":{\"@id\":\"https:\\\/\\\/www.eldiario.net\\\/portal\\\/2023\\\/11\\\/06\\\/rusia-lanza-misil-balistico-con-una-capacidad-nuclear\\\/#primaryimage\"},\"thumbnailUrl\":\"https:\\\/\\\/www.eldiario.net\\\/portal\\\/wp-content\\\/uploads\\\/2023\\\/11\\\/PRUEBA.webp\",\"datePublished\":\"2023-11-06T10:34:39+00:00\",\"breadcrumb\":{\"@id\":\"https:\\\/\\\/www.eldiario.net\\\/portal\\\/2023\\\/11\\\/06\\\/rusia-lanza-misil-balistico-con-una-capacidad-nuclear\\\/#breadcrumb\"},\"inLanguage\":\"es\",\"potentialAction\":[{\"@type\":\"ReadAction\",\"target\":[\"https:\\\/\\\/www.eldiario.net\\\/portal\\\/2023\\\/11\\\/06\\\/rusia-lanza-misil-balistico-con-una-capacidad-nuclear\\\/\"]}]},{\"@type\":\"ImageObject\",\"inLanguage\":\"es\",\"@id\":\"https:\\\/\\\/www.eldiario.net\\\/portal\\\/2023\\\/11\\\/06\\\/rusia-lanza-misil-balistico-con-una-capacidad-nuclear\\\/#primaryimage\",\"url\":\"https:\\\/\\\/www.eldiario.net\\\/portal\\\/wp-content\\\/uploads\\\/2023\\\/11\\\/PRUEBA.webp\",\"contentUrl\":\"https:\\\/\\\/www.eldiario.net\\\/portal\\\/wp-content\\\/uploads\\\/2023\\\/11\\\/PRUEBA.webp\",\"width\":900,\"height\":605,\"caption\":\"EL MISIL BULAVA FUE LANZADO APROXIMADAMENTE LUEGO DE UN A\u00d1O. Radio 3 Cadena Patagonia\"},{\"@type\":\"BreadcrumbList\",\"@id\":\"https:\\\/\\\/www.eldiario.net\\\/portal\\\/2023\\\/11\\\/06\\\/rusia-lanza-misil-balistico-con-una-capacidad-nuclear\\\/#breadcrumb\",\"itemListElement\":[{\"@type\":\"ListItem\",\"position\":1,\"name\":\"Portada\",\"item\":\"https:\\\/\\\/www.eldiario.net\\\/portal\\\/\"},{\"@type\":\"ListItem\",\"position\":2,\"name\":\"Rusia lanza misil bal\u00edstico con una capacidad nuclear\"}]},{\"@type\":\"WebSite\",\"@id\":\"https:\\\/\\\/www.eldiario.net\\\/portal\\\/#website\",\"url\":\"https:\\\/\\\/www.eldiario.net\\\/portal\\\/\",\"name\":\"El Diario - Decano de la prensa nacional\",\"description\":\"El Diario - Decano de la prensa nacional\",\"publisher\":{\"@id\":\"https:\\\/\\\/www.eldiario.net\\\/portal\\\/#organization\"},\"potentialAction\":[{\"@type\":\"SearchAction\",\"target\":{\"@type\":\"EntryPoint\",\"urlTemplate\":\"https:\\\/\\\/www.eldiario.net\\\/portal\\\/?s={search_term_string}\"},\"query-input\":{\"@type\":\"PropertyValueSpecification\",\"valueRequired\":true,\"valueName\":\"search_term_string\"}}],\"inLanguage\":\"es\"},{\"@type\":\"Organization\",\"@id\":\"https:\\\/\\\/www.eldiario.net\\\/portal\\\/#organization\",\"name\":\"El Diario - Decano de la prensa nacional\",\"url\":\"https:\\\/\\\/www.eldiario.net\\\/portal\\\/\",\"logo\":{\"@type\":\"ImageObject\",\"inLanguage\":\"es\",\"@id\":\"https:\\\/\\\/www.eldiario.net\\\/portal\\\/#\\\/schema\\\/logo\\\/image\\\/\",\"url\":\"https:\\\/\\\/www.eldiario.net\\\/portal\\\/wp-content\\\/uploads\\\/2023\\\/07\\\/logo_ED.jpg\",\"contentUrl\":\"https:\\\/\\\/www.eldiario.net\\\/portal\\\/wp-content\\\/uploads\\\/2023\\\/07\\\/logo_ED.jpg\",\"width\":272,\"height\":52,\"caption\":\"El Diario - Decano de la prensa nacional\"},\"image\":{\"@id\":\"https:\\\/\\\/www.eldiario.net\\\/portal\\\/#\\\/schema\\\/logo\\\/image\\\/\"},\"sameAs\":[\"https:\\\/\\\/www.facebook.com\\\/eldiario.bolivia\\\/\",\"https:\\\/\\\/x.com\\\/eldiario_net\"]},{\"@type\":\"Person\",\"@id\":\"https:\\\/\\\/www.eldiario.net\\\/portal\\\/#\\\/schema\\\/person\\\/f46445640444750d7d753ccd04ae01b7\",\"name\":\"Jeanette\",\"image\":{\"@type\":\"ImageObject\",\"inLanguage\":\"es\",\"@id\":\"https:\\\/\\\/secure.gravatar.com\\\/avatar\\\/3ea2118a5f7dad2b7138b1187a6b7ee55f160b9968b66013c3a3ef39dd7e5798?s=96&d=mm&r=g\",\"url\":\"https:\\\/\\\/secure.gravatar.com\\\/avatar\\\/3ea2118a5f7dad2b7138b1187a6b7ee55f160b9968b66013c3a3ef39dd7e5798?s=96&d=mm&r=g\",\"contentUrl\":\"https:\\\/\\\/secure.gravatar.com\\\/avatar\\\/3ea2118a5f7dad2b7138b1187a6b7ee55f160b9968b66013c3a3ef39dd7e5798?s=96&d=mm&r=g\",\"caption\":\"Jeanette\"},\"sameAs\":[\"https:\\\/\\\/www.eldiario.net\\\/portal\"],\"url\":\"https:\\\/\\\/www.eldiario.net\\\/portal\\\/author\\\/jeanette\\\/\"}]}<\/script>\n<!-- \/ Yoast SEO plugin. -->","yoast_head_json":{"title":"Rusia lanza misil bal\u00edstico con una capacidad nuclear - El Diario - Bolivia","robots":{"index":"index","follow":"follow","max-snippet":"max-snippet:-1","max-image-preview":"max-image-preview:large","max-video-preview":"max-video-preview:-1"},"canonical":"https:\/\/www.eldiario.net\/portal\/2023\/11\/06\/rusia-lanza-misil-balistico-con-una-capacidad-nuclear\/","og_locale":"es_ES","og_type":"article","og_title":"Rusia lanza misil bal\u00edstico con una capacidad nuclear - El Diario - Bolivia","og_description":"Rusia anunci\u00f3 ayer que realiz\u00f3 con \u00e9xito un lanzamiento de prueba de un misil bal\u00edstico intercontinental, capaz de transportar ojivas nucleares desde un submarino nuclear de cuarta generaci\u00f3n. El lanzamiento del misil Bulava, el primero en aproximadamente un a\u00f1o, se produce poco despu\u00e9s de que Rusia revocara su ratificaci\u00f3n del Tratado de Prohibici\u00f3n Completa de [&hellip;]","og_url":"https:\/\/www.eldiario.net\/portal\/2023\/11\/06\/rusia-lanza-misil-balistico-con-una-capacidad-nuclear\/","og_site_name":"El Diario - Bolivia","article_publisher":"https:\/\/www.facebook.com\/eldiario.bolivia\/","article_published_time":"2023-11-06T10:34:39+00:00","og_image":[{"width":900,"height":605,"url":"https:\/\/www.eldiario.net\/portal\/wp-content\/uploads\/2023\/11\/PRUEBA.webp","type":"image\/webp"}],"author":"Jeanette","twitter_card":"summary_large_image","twitter_creator":"@eldiario_net","twitter_site":"@eldiario_net","twitter_misc":{"Escrito por":"Jeanette","Tiempo de lectura":"2 minutos"},"schema":{"@context":"https:\/\/schema.org","@graph":[{"@type":"Article","@id":"https:\/\/www.eldiario.net\/portal\/2023\/11\/06\/rusia-lanza-misil-balistico-con-una-capacidad-nuclear\/#article","isPartOf":{"@id":"https:\/\/www.eldiario.net\/portal\/2023\/11\/06\/rusia-lanza-misil-balistico-con-una-capacidad-nuclear\/"},"author":{"name":"Jeanette","@id":"https:\/\/www.eldiario.net\/portal\/#\/schema\/person\/f46445640444750d7d753ccd04ae01b7"},"headline":"Rusia lanza misil bal\u00edstico con una capacidad nuclear","datePublished":"2023-11-06T10:34:39+00:00","mainEntityOfPage":{"@id":"https:\/\/www.eldiario.net\/portal\/2023\/11\/06\/rusia-lanza-misil-balistico-con-una-capacidad-nuclear\/"},"wordCount":431,"publisher":{"@id":"https:\/\/www.eldiario.net\/portal\/#organization"},"image":{"@id":"https:\/\/www.eldiario.net\/portal\/2023\/11\/06\/rusia-lanza-misil-balistico-con-una-capacidad-nuclear\/#primaryimage"},"thumbnailUrl":"https:\/\/www.eldiario.net\/portal\/wp-content\/uploads\/2023\/11\/PRUEBA.webp","articleSection":["Internacional"],"inLanguage":"es"},{"@type":"WebPage","@id":"https:\/\/www.eldiario.net\/portal\/2023\/11\/06\/rusia-lanza-misil-balistico-con-una-capacidad-nuclear\/","url":"https:\/\/www.eldiario.net\/portal\/2023\/11\/06\/rusia-lanza-misil-balistico-con-una-capacidad-nuclear\/","name":"Rusia lanza misil bal\u00edstico con una capacidad nuclear - El Diario - Bolivia","isPartOf":{"@id":"https:\/\/www.eldiario.net\/portal\/#website"},"primaryImageOfPage":{"@id":"https:\/\/www.eldiario.net\/portal\/2023\/11\/06\/rusia-lanza-misil-balistico-con-una-capacidad-nuclear\/#primaryimage"},"image":{"@id":"https:\/\/www.eldiario.net\/portal\/2023\/11\/06\/rusia-lanza-misil-balistico-con-una-capacidad-nuclear\/#primaryimage"},"thumbnailUrl":"https:\/\/www.eldiario.net\/portal\/wp-content\/uploads\/2023\/11\/PRUEBA.webp","datePublished":"2023-11-06T10:34:39+00:00","breadcrumb":{"@id":"https:\/\/www.eldiario.net\/portal\/2023\/11\/06\/rusia-lanza-misil-balistico-con-una-capacidad-nuclear\/#breadcrumb"},"inLanguage":"es","potentialAction":[{"@type":"ReadAction","target":["https:\/\/www.eldiario.net\/portal\/2023\/11\/06\/rusia-lanza-misil-balistico-con-una-capacidad-nuclear\/"]}]},{"@type":"ImageObject","inLanguage":"es","@id":"https:\/\/www.eldiario.net\/portal\/2023\/11\/06\/rusia-lanza-misil-balistico-con-una-capacidad-nuclear\/#primaryimage","url":"https:\/\/www.eldiario.net\/portal\/wp-content\/uploads\/2023\/11\/PRUEBA.webp","contentUrl":"https:\/\/www.eldiario.net\/portal\/wp-content\/uploads\/2023\/11\/PRUEBA.webp","width":900,"height":605,"caption":"EL MISIL BULAVA FUE LANZADO APROXIMADAMENTE LUEGO DE UN A\u00d1O. Radio 3 Cadena Patagonia"},{"@type":"BreadcrumbList","@id":"https:\/\/www.eldiario.net\/portal\/2023\/11\/06\/rusia-lanza-misil-balistico-con-una-capacidad-nuclear\/#breadcrumb","itemListElement":[{"@type":"ListItem","position":1,"name":"Portada","item":"https:\/\/www.eldiario.net\/portal\/"},{"@type":"ListItem","position":2,"name":"Rusia lanza misil bal\u00edstico con una capacidad nuclear"}]},{"@type":"WebSite","@id":"https:\/\/www.eldiario.net\/portal\/#website","url":"https:\/\/www.eldiario.net\/portal\/","name":"El Diario - Decano de la prensa nacional","description":"El Diario - Decano de la prensa nacional","publisher":{"@id":"https:\/\/www.eldiario.net\/portal\/#organization"},"potentialAction":[{"@type":"SearchAction","target":{"@type":"EntryPoint","urlTemplate":"https:\/\/www.eldiario.net\/portal\/?s={search_term_string}"},"query-input":{"@type":"PropertyValueSpecification","valueRequired":true,"valueName":"search_term_string"}}],"inLanguage":"es"},{"@type":"Organization","@id":"https:\/\/www.eldiario.net\/portal\/#organization","name":"El Diario - Decano de la prensa nacional","url":"https:\/\/www.eldiario.net\/portal\/","logo":{"@type":"ImageObject","inLanguage":"es","@id":"https:\/\/www.eldiario.net\/portal\/#\/schema\/logo\/image\/","url":"https:\/\/www.eldiario.net\/portal\/wp-content\/uploads\/2023\/07\/logo_ED.jpg","contentUrl":"https:\/\/www.eldiario.net\/portal\/wp-content\/uploads\/2023\/07\/logo_ED.jpg","width":272,"height":52,"caption":"El Diario - Decano de la prensa nacional"},"image":{"@id":"https:\/\/www.eldiario.net\/portal\/#\/schema\/logo\/image\/"},"sameAs":["https:\/\/www.facebook.com\/eldiario.bolivia\/","https:\/\/x.com\/eldiario_net"]},{"@type":"Person","@id":"https:\/\/www.eldiario.net\/portal\/#\/schema\/person\/f46445640444750d7d753ccd04ae01b7","name":"Jeanette","image":{"@type":"ImageObject","inLanguage":"es","@id":"https:\/\/secure.gravatar.com\/avatar\/3ea2118a5f7dad2b7138b1187a6b7ee55f160b9968b66013c3a3ef39dd7e5798?s=96&d=mm&r=g","url":"https:\/\/secure.gravatar.com\/avatar\/3ea2118a5f7dad2b7138b1187a6b7ee55f160b9968b66013c3a3ef39dd7e5798?s=96&d=mm&r=g","contentUrl":"https:\/\/secure.gravatar.com\/avatar\/3ea2118a5f7dad2b7138b1187a6b7ee55f160b9968b66013c3a3ef39dd7e5798?s=96&d=mm&r=g","caption":"Jeanette"},"sameAs":["https:\/\/www.eldiario.net\/portal"],"url":"https:\/\/www.eldiario.net\/portal\/author\/jeanette\/"}]}},"_links":{"self":[{"href":"https:\/\/www.eldiario.net\/portal\/wp-json\/wp\/v2\/posts\/185946","targetHints":{"allow":["GET"]}}],"collection":[{"href":"https:\/\/www.eldiario.net\/portal\/wp-json\/wp\/v2\/posts"}],"about":[{"href":"https:\/\/www.eldiario.net\/portal\/wp-json\/wp\/v2\/types\/post"}],"author":[{"embeddable":true,"href":"https:\/\/www.eldiario.net\/portal\/wp-json\/wp\/v2\/users\/1"}],"replies":[{"embeddable":true,"href":"https:\/\/www.eldiario.net\/portal\/wp-json\/wp\/v2\/comments?post=185946"}],"version-history":[{"count":0,"href":"https:\/\/www.eldiario.net\/portal\/wp-json\/wp\/v2\/posts\/185946\/revisions"}],"wp:featuredmedia":[{"embeddable":true,"href":"https:\/\/www.eldiario.net\/portal\/wp-json\/wp\/v2\/media\/185947"}],"wp:attachment":[{"href":"https:\/\/www.eldiario.net\/portal\/wp-json\/wp\/v2\/media?parent=185946"}],"wp:term":[{"taxonomy":"category","embeddable":true,"href":"https:\/\/www.eldiario.net\/portal\/wp-json\/wp\/v2\/categories?post=185946"},{"taxonomy":"post_tag","embeddable":true,"href":"https:\/\/www.eldiario.net\/portal\/wp-json\/wp\/v2\/tags?post=185946"}],"curies":[{"name":"wp","href":"https:\/\/api.w.org\/{rel}","templated":true}]}}